{"id":181434,"date":"2024-01-03T15:37:52","date_gmt":"2024-01-03T22:37:52","guid":{"rendered":"https:\/\/www.sonoraenequipo.com.mx\/?p=181434"},"modified":"2024-01-03T15:37:52","modified_gmt":"2024-01-03T22:37:52","slug":"se-coordina-la-atencion-a-afectados-tras-explosion-en-la-colonia-mesa-sur-de-cananea","status":"publish","type":"post","link":"https:\/\/www.sonoraenequipo.com.mx\/se-coordina-la-atencion-a-afectados-tras-explosion-en-la-colonia-mesa-sur-de-cananea\/","title":{"rendered":"Se coordina la atenci\u00f3n a afectados tras explosi\u00f3n en la colonia Mesa Sur de Cananea"},"content":{"rendered":"<p><strong>CANANEA, SONORA,MX.<\/strong><strong>\u02d7\u02d7\u02d7<\/strong> Debido a una probable acumulaci\u00f3n de gas en un hogar en la colonia Mesa Sur en Cananea, se present\u00f3 la ma\u00f1ana \u00a0del \u00a0martes una explosi\u00f3n, misma que dej\u00f3 como saldo una persona herida de gravedad y 14 con lesiones menores.<\/p>\n<p>&nbsp;<\/p>\n<p>&nbsp;<\/p>\n<p>&nbsp;<\/p>\n<p>La explosi\u00f3n da\u00f1\u00f3 adem\u00e1s varios hogares aleda\u00f1os y veh\u00edculos, por lo que se realiza un recuento total de los da\u00f1os tras el accidente.<\/p>\n<p>&nbsp;<\/p>\n<p>&nbsp;<\/p>\n<p>&nbsp;<\/p>\n<p>Bomberos de Cananea, apoyados por personal de Protecci\u00f3n Civil de ese municipio, Protecci\u00f3n Civil Sonora, Guardia Nacional, Ej\u00e9rcito Mexicano, Polic\u00eda Estatal de Seguridad P\u00fablica y de la Fiscal\u00eda General de Justicia en el Estado as\u00ed como Cruz Roja, acudieron al sitio.<\/p>\n<p>&nbsp;<\/p>\n<p>&nbsp;<\/p>\n<p>&nbsp;<\/p>\n<p>El propietario del hogar en donde se registr\u00f3 la explosi\u00f3n, presenta lesiones considerables por lo que fue trasladado a un hospital a la ciudad de Nogales, para recibir atenci\u00f3n m\u00e9dica especializada.<\/p>\n<p><strong>Fecha de publicaci\u00f3n mi\u00e9rcoles<\/strong><strong> 3 de enero de 2024<\/strong><\/p>\n","protected":false},"excerpt":{"rendered":"<p>CANANEA, SONORA,MX.\u02d7\u02d7\u02d7 Debido a una probable acumulaci\u00f3n de gas en un hogar en la colonia&#8230;<\/p>\n","protected":false},"author":1,"featured_media":181435,"comment_status":"open","ping_status":"open","sticky":false,"template":"","format":"standard","meta":{"_monsterinsights_skip_tracking":false,"_monsterinsights_sitenote_active":false,"_monsterinsights_sitenote_note":"","_monsterinsights_sitenote_category":0,"footnotes":""},"categories":[3144],"tags":[3899,3506],"class_list":["post"],"yoast_head":" \n<title>Sonora en Equipo. Se coordina la atenci\u00f3n a afectados tras explosi\u00f3n en la colonia Mesa Sur de Cananea Polic\u00edaca<\/title>\n<meta name=\"description\" content=\"CANANEA, SONORA,MX.\u02d7\u02d7\u02d7 Debido a una probable acumulaci\u00f3n de gas en un hogar en la colonia Mesa Sur en Cananea, se present\u00f3 la ma\u00f1ana \u00a0del \u00a0martes una En Sonora en Equipo publicamos toda la informaci\u00f3n de Sonora, M\u00e9xico y el Mundo de manera oportuna y busca que la libertad de expresi\u00f3n sea real. Visita nuestro medio informativo publicado desde Hermosillo, Sonora. %\" \/>\n<meta name=\"robots\" content=\"index, follow, max-snippet:-1, max-image-preview:large, max-video-preview:-1\" \/>\n<link rel=\"canonical\" href=\"https:\/\/www.sonoraenequipo.com.mx\/se-coordina-la-atencion-a-afectados-tras-explosion-en-la-colonia-mesa-sur-de-cananea\/\" \/>\n<meta property=\"og:locale\" content=\"es_ES\" \/>\n<meta property=\"og:type\" content=\"article\" \/>\n<meta property=\"og:title\" content=\"Sonora en Equipo. Se coordina la atenci\u00f3n a afectados tras explosi\u00f3n en la colonia Mesa Sur de Cananea Polic\u00edaca\" \/>\n<meta property=\"og:description\" content=\"CANANEA, SONORA,MX.\u02d7\u02d7\u02d7 Debido a una probable acumulaci\u00f3n de gas en un hogar en la colonia Mesa Sur en Cananea, se present\u00f3 la ma\u00f1ana \u00a0del \u00a0martes una En Sonora en Equipo publicamos toda la informaci\u00f3n de Sonora, M\u00e9xico y el Mundo de manera oportuna y busca que la libertad de expresi\u00f3n sea real. Visita nuestro medio informativo publicado desde Hermosillo, Sonora. %\" \/>\n<meta property=\"og:url\" content=\"https:\/\/www.sonoraenequipo.com.mx\/se-coordina-la-atencion-a-afectados-tras-explosion-en-la-colonia-mesa-sur-de-cananea\/\" \/>\n<meta property=\"og:site_name\" content=\"Sonora en Equipo.\" \/>\n<meta property=\"article:publisher\" content=\"https:\/\/www.facebook.com\/SonoraEE\/\" \/>\n<meta property=\"article:author\" content=\"https:\/\/www.facebook.com\/SonoraEE\" \/>\n<meta property=\"article:published_time\" content=\"2024-01-03T22:37:52+00:00\" \/>\n<meta property=\"og:image\" content=\"https:\/\/www.sonoraenequipo.com.mx\/storage\/2024\/01\/explosion-cananea.jpg\" \/>\n\t<meta property=\"og:image:width\" content=\"600\" \/>\n\t<meta property=\"og:image:height\" content=\"338\" \/>\n\t<meta property=\"og:image:type\" content=\"image\/jpeg\" \/>\n<meta name=\"author\" content=\"enequipo\" \/>\n<meta name=\"twitter:card\" content=\"summary_large_image\" \/>\n<meta name=\"twitter:creator\" content=\"@sonoraenequipo\" \/>\n<meta name=\"twitter:site\" content=\"@sonoraenequipo\" \/>\n<meta name=\"twitter:label1\" content=\"Escrito por\" \/>\n\t<meta name=\"twitter:data1\" content=\"enequipo\" \/>\n\t<meta name=\"twitter:label2\" content=\"Tiempo de lectura\" \/>\n\t<meta name=\"twitter:data2\" content=\"1 minuto\" \/>\n<script type=\"application\/ld+json\" class=\"yoast-schema-graph\">{\"@context\":\"https:\/\/schema.org\",\"@graph\":[{\"@type\":\"Article\",\"@id\":\"https:\/\/www.sonoraenequipo.com.mx\/se-coordina-la-atencion-a-afectados-tras-explosion-en-la-colonia-mesa-sur-de-cananea\/#article\",\"isPartOf\":{\"@id\":\"https:\/\/www.sonoraenequipo.com.mx\/se-coordina-la-atencion-a-afectados-tras-explosion-en-la-colonia-mesa-sur-de-cananea\/\"},\"author\":{\"name\":\"enequipo\",\"@id\":\"https:\/\/www.sonoraenequipo.com.mx\/#\/schema\/person\/50102df0fb23a8fa9e8effad8fa81386\"},\"headline\":\"Se coordina la atenci\u00f3n a afectados tras explosi\u00f3n en la colonia Mesa Sur de Cananea\",\"datePublished\":\"2024-01-03T22:37:52+00:00\",\"mainEntityOfPage\":{\"@id\":\"https:\/\/www.sonoraenequipo.com.mx\/se-coordina-la-atencion-a-afectados-tras-explosion-en-la-colonia-mesa-sur-de-cananea\/\"},\"wordCount\":189,\"commentCount\":0,\"publisher\":{\"@id\":\"https:\/\/www.sonoraenequipo.com.mx\/#organization\"},\"image\":{\"@id\":\"https:\/\/www.sonoraenequipo.com.mx\/se-coordina-la-atencion-a-afectados-tras-explosion-en-la-colonia-mesa-sur-de-cananea\/#primaryimage\"},\"thumbnailUrl\":\"https:\/\/www.sonoraenequipo.com.mx\/storage\/2024\/01\/explosion-cananea.jpg\",\"keywords\":[\"cananea\",\"explosi\u00f3n\"],\"articleSection\":[\"Polic\u00edaca\"],\"inLanguage\":\"es\",\"potentialAction\":[{\"@type\":\"CommentAction\",\"name\":\"Comment\",\"target\":[\"https:\/\/www.sonoraenequipo.com.mx\/se-coordina-la-atencion-a-afectados-tras-explosion-en-la-colonia-mesa-sur-de-cananea\/#respond\"]}]},{\"@type\":\"WebPage\",\"@id\":\"https:\/\/www.sonoraenequipo.com.mx\/se-coordina-la-atencion-a-afectados-tras-explosion-en-la-colonia-mesa-sur-de-cananea\/\",\"url\":\"https:\/\/www.sonoraenequipo.com.mx\/se-coordina-la-atencion-a-afectados-tras-explosion-en-la-colonia-mesa-sur-de-cananea\/\",\"name\":\"Sonora en Equipo. Se coordina la atenci\u00f3n a afectados tras explosi\u00f3n en la colonia Mesa Sur de Cananea Polic\u00edaca\",\"isPartOf\":{\"@id\":\"https:\/\/www.sonoraenequipo.com.mx\/#website\"},\"primaryImageOfPage\":{\"@id\":\"https:\/\/www.sonoraenequipo.com.mx\/se-coordina-la-atencion-a-afectados-tras-explosion-en-la-colonia-mesa-sur-de-cananea\/#primaryimage\"},\"image\":{\"@id\":\"https:\/\/www.sonoraenequipo.com.mx\/se-coordina-la-atencion-a-afectados-tras-explosion-en-la-colonia-mesa-sur-de-cananea\/#primaryimage\"},\"thumbnailUrl\":\"https:\/\/www.sonoraenequipo.com.mx\/storage\/2024\/01\/explosion-cananea.jpg\",\"datePublished\":\"2024-01-03T22:37:52+00:00\",\"description\":\"CANANEA, SONORA,MX.\u02d7\u02d7\u02d7 Debido a una probable acumulaci\u00f3n de gas en un hogar en la colonia Mesa Sur en Cananea, se present\u00f3 la ma\u00f1ana \u00a0del \u00a0martes una En Sonora en Equipo publicamos toda la informaci\u00f3n de Sonora, M\u00e9xico y el Mundo de manera oportuna y busca que la libertad de expresi\u00f3n sea real. Visita nuestro medio informativo publicado desde Hermosillo, Sonora. %\",\"breadcrumb\":{\"@id\":\"https:\/\/www.sonoraenequipo.com.mx\/se-coordina-la-atencion-a-afectados-tras-explosion-en-la-colonia-mesa-sur-de-cananea\/#breadcrumb\"},\"inLanguage\":\"es\",\"potentialAction\":[{\"@type\":\"ReadAction\",\"target\":[\"https:\/\/www.sonoraenequipo.com.mx\/se-coordina-la-atencion-a-afectados-tras-explosion-en-la-colonia-mesa-sur-de-cananea\/\"]}]},{\"@type\":\"ImageObject\",\"inLanguage\":\"es\",\"@id\":\"https:\/\/www.sonoraenequipo.com.mx\/se-coordina-la-atencion-a-afectados-tras-explosion-en-la-colonia-mesa-sur-de-cananea\/#primaryimage\",\"url\":\"https:\/\/www.sonoraenequipo.com.mx\/storage\/2024\/01\/explosion-cananea.jpg\",\"contentUrl\":\"https:\/\/www.sonoraenequipo.com.mx\/storage\/2024\/01\/explosion-cananea.jpg\",\"width\":600,\"height\":338},{\"@type\":\"BreadcrumbList\",\"@id\":\"https:\/\/www.sonoraenequipo.com.mx\/se-coordina-la-atencion-a-afectados-tras-explosion-en-la-colonia-mesa-sur-de-cananea\/#breadcrumb\",\"itemListElement\":[{\"@type\":\"ListItem\",\"position\":1,\"name\":\"Portada\",\"item\":\"https:\/\/www.sonoraenequipo.com.mx\/\"},{\"@type\":\"ListItem\",\"position\":2,\"name\":\"Se coordina la atenci\u00f3n a afectados tras explosi\u00f3n en la colonia Mesa Sur de Cananea\"}]},{\"@type\":\"WebSite\",\"@id\":\"https:\/\/www.sonoraenequipo.com.mx\/#website\",\"url\":\"https:\/\/www.sonoraenequipo.com.mx\/\",\"name\":\"Sonora en Equipo.\",\"description\":\"Diario en l\u00ednea con Noticias desde Hermosillo, Sonora\",\"publisher\":{\"@id\":\"https:\/\/www.sonoraenequipo.com.mx\/#organization\"},\"potentialAction\":[{\"@type\":\"SearchAction\",\"target\":{\"@type\":\"EntryPoint\",\"urlTemplate\":\"https:\/\/www.sonoraenequipo.com.mx\/?s={search_term_string}\"},\"query-input\":{\"@type\":\"PropertyValueSpecification\",\"valueRequired\":true,\"valueName\":\"search_term_string\"}}],\"inLanguage\":\"es\"},{\"@type\":\"Organization\",\"@id\":\"https:\/\/www.sonoraenequipo.com.mx\/#organization\",\"name\":\"Sonoraenequipo.com.mx\",\"url\":\"https:\/\/www.sonoraenequipo.com.mx\/\",\"logo\":{\"@type\":\"ImageObject\",\"inLanguage\":\"es\",\"@id\":\"https:\/\/www.sonoraenequipo.com.mx\/#\/schema\/logo\/image\/\",\"url\":\"https:\/\/www.sonoraenequipo.com.mx\/storage\/2019\/01\/sonoraenequipo_opt.png\",\"contentUrl\":\"https:\/\/www.sonoraenequipo.com.mx\/storage\/2019\/01\/sonoraenequipo_opt.png\",\"width\":375,\"height\":125,\"caption\":\"Sonoraenequipo.com.mx\"},\"image\":{\"@id\":\"https:\/\/www.sonoraenequipo.com.mx\/#\/schema\/logo\/image\/\"},\"sameAs\":[\"https:\/\/www.facebook.com\/SonoraEE\/\",\"https:\/\/x.com\/sonoraenequipo\",\"https:\/\/www.youtube.com\/channel\/UC338nW-lPEYmJQs4ZABQ1SQ\"]},{\"@type\":\"Person\",\"@id\":\"https:\/\/www.sonoraenequipo.com.mx\/#\/schema\/person\/50102df0fb23a8fa9e8effad8fa81386\",\"name\":\"enequipo\",\"image\":{\"@type\":\"ImageObject\",\"inLanguage\":\"es\",\"@id\":\"https:\/\/www.sonoraenequipo.com.mx\/#\/schema\/person\/image\/\",\"url\":\"https:\/\/secure.gravatar.com\/avatar\/049821681b589dabc0bc20695993ccebb09f5b5d4d790cd9251b97faac7c652b?s=96&d=blank&r=g\",\"contentUrl\":\"https:\/\/secure.gravatar.com\/avatar\/049821681b589dabc0bc20695993ccebb09f5b5d4d790cd9251b97faac7c652b?s=96&d=blank&r=g\",\"caption\":\"enequipo\"},\"sameAs\":[\"https:\/\/www.facebook.com\/SonoraEE\"]}]}<\/script>\n ","yoast_head_json":{"title":"Sonora en Equipo. Se coordina la atenci\u00f3n a afectados tras explosi\u00f3n en la colonia Mesa Sur de Cananea Polic\u00edaca","description":"CANANEA, SONORA,MX.\u02d7\u02d7\u02d7 Debido a una probable acumulaci\u00f3n de gas en un hogar en la colonia Mesa Sur en Cananea, se present\u00f3 la ma\u00f1ana \u00a0del \u00a0martes una En Sonora en Equipo publicamos toda la informaci\u00f3n de Sonora, M\u00e9xico y el Mundo de manera oportuna y busca que la libertad de expresi\u00f3n sea real. Visita nuestro medio informativo publicado desde Hermosillo, Sonora. %","robots":{"index":"index","follow":"follow","max-snippet":"max-snippet:-1","max-image-preview":"max-image-preview:large","max-video-preview":"max-video-preview:-1"},"canonical":"https:\/\/www.sonoraenequipo.com.mx\/se-coordina-la-atencion-a-afectados-tras-explosion-en-la-colonia-mesa-sur-de-cananea\/","og_locale":"es_ES","og_type":"article","og_title":"Sonora en Equipo. Se coordina la atenci\u00f3n a afectados tras explosi\u00f3n en la colonia Mesa Sur de Cananea Polic\u00edaca","og_description":"CANANEA, SONORA,MX.\u02d7\u02d7\u02d7 Debido a una probable acumulaci\u00f3n de gas en un hogar en la colonia Mesa Sur en Cananea, se present\u00f3 la ma\u00f1ana \u00a0del \u00a0martes una En Sonora en Equipo publicamos toda la informaci\u00f3n de Sonora, M\u00e9xico y el Mundo de manera oportuna y busca que la libertad de expresi\u00f3n sea real. Visita nuestro medio informativo publicado desde Hermosillo, Sonora. %","og_url":"https:\/\/www.sonoraenequipo.com.mx\/se-coordina-la-atencion-a-afectados-tras-explosion-en-la-colonia-mesa-sur-de-cananea\/","og_site_name":"Sonora en Equipo.","article_publisher":"https:\/\/www.facebook.com\/SonoraEE\/","article_author":"https:\/\/www.facebook.com\/SonoraEE","article_published_time":"2024-01-03T22:37:52+00:00","og_image":[{"width":600,"height":338,"url":"https:\/\/www.sonoraenequipo.com.mx\/storage\/2024\/01\/explosion-cananea.jpg","type":"image\/jpeg"}],"author":"enequipo","twitter_card":"summary_large_image","twitter_creator":"@sonoraenequipo","twitter_site":"@sonoraenequipo","twitter_misc":{"Escrito por":"enequipo","Tiempo de lectura":"1 minuto"},"schema":{"@context":"https:\/\/schema.org","@graph":[{"@type":"Article","@id":"https:\/\/www.sonoraenequipo.com.mx\/se-coordina-la-atencion-a-afectados-tras-explosion-en-la-colonia-mesa-sur-de-cananea\/#article","isPartOf":{"@id":"https:\/\/www.sonoraenequipo.com.mx\/se-coordina-la-atencion-a-afectados-tras-explosion-en-la-colonia-mesa-sur-de-cananea\/"},"author":{"name":"enequipo","@id":"https:\/\/www.sonoraenequipo.com.mx\/#\/schema\/person\/50102df0fb23a8fa9e8effad8fa81386"},"headline":"Se coordina la atenci\u00f3n a afectados tras explosi\u00f3n en la colonia Mesa Sur de Cananea","datePublished":"2024-01-03T22:37:52+00:00","mainEntityOfPage":{"@id":"https:\/\/www.sonoraenequipo.com.mx\/se-coordina-la-atencion-a-afectados-tras-explosion-en-la-colonia-mesa-sur-de-cananea\/"},"wordCount":189,"commentCount":0,"publisher":{"@id":"https:\/\/www.sonoraenequipo.com.mx\/#organization"},"image":{"@id":"https:\/\/www.sonoraenequipo.com.mx\/se-coordina-la-atencion-a-afectados-tras-explosion-en-la-colonia-mesa-sur-de-cananea\/#primaryimage"},"thumbnailUrl":"https:\/\/www.sonoraenequipo.com.mx\/storage\/2024\/01\/explosion-cananea.jpg","keywords":["cananea","explosi\u00f3n"],"articleSection":["Polic\u00edaca"],"inLanguage":"es","potentialAction":[{"@type":"CommentAction","name":"Comment","target":["https:\/\/www.sonoraenequipo.com.mx\/se-coordina-la-atencion-a-afectados-tras-explosion-en-la-colonia-mesa-sur-de-cananea\/#respond"]}]},{"@type":"WebPage","@id":"https:\/\/www.sonoraenequipo.com.mx\/se-coordina-la-atencion-a-afectados-tras-explosion-en-la-colonia-mesa-sur-de-cananea\/","url":"https:\/\/www.sonoraenequipo.com.mx\/se-coordina-la-atencion-a-afectados-tras-explosion-en-la-colonia-mesa-sur-de-cananea\/","name":"Sonora en Equipo. Se coordina la atenci\u00f3n a afectados tras explosi\u00f3n en la colonia Mesa Sur de Cananea Polic\u00edaca","isPartOf":{"@id":"https:\/\/www.sonoraenequipo.com.mx\/#website"},"primaryImageOfPage":{"@id":"https:\/\/www.sonoraenequipo.com.mx\/se-coordina-la-atencion-a-afectados-tras-explosion-en-la-colonia-mesa-sur-de-cananea\/#primaryimage"},"image":{"@id":"https:\/\/www.sonoraenequipo.com.mx\/se-coordina-la-atencion-a-afectados-tras-explosion-en-la-colonia-mesa-sur-de-cananea\/#primaryimage"},"thumbnailUrl":"https:\/\/www.sonoraenequipo.com.mx\/storage\/2024\/01\/explosion-cananea.jpg","datePublished":"2024-01-03T22:37:52+00:00","description":"CANANEA, SONORA,MX.\u02d7\u02d7\u02d7 Debido a una probable acumulaci\u00f3n de gas en un hogar en la colonia Mesa Sur en Cananea, se present\u00f3 la ma\u00f1ana \u00a0del \u00a0martes una En Sonora en Equipo publicamos toda la informaci\u00f3n de Sonora, M\u00e9xico y el Mundo de manera oportuna y busca que la libertad de expresi\u00f3n sea real. Visita nuestro medio informativo publicado desde Hermosillo, Sonora. %","breadcrumb":{"@id":"https:\/\/www.sonoraenequipo.com.mx\/se-coordina-la-atencion-a-afectados-tras-explosion-en-la-colonia-mesa-sur-de-cananea\/#breadcrumb"},"inLanguage":"es","potentialAction":[{"@type":"ReadAction","target":["https:\/\/www.sonoraenequipo.com.mx\/se-coordina-la-atencion-a-afectados-tras-explosion-en-la-colonia-mesa-sur-de-cananea\/"]}]},{"@type":"ImageObject","inLanguage":"es","@id":"https:\/\/www.sonoraenequipo.com.mx\/se-coordina-la-atencion-a-afectados-tras-explosion-en-la-colonia-mesa-sur-de-cananea\/#primaryimage","url":"https:\/\/www.sonoraenequipo.com.mx\/storage\/2024\/01\/explosion-cananea.jpg","contentUrl":"https:\/\/www.sonoraenequipo.com.mx\/storage\/2024\/01\/explosion-cananea.jpg","width":600,"height":338},{"@type":"BreadcrumbList","@id":"https:\/\/www.sonoraenequipo.com.mx\/se-coordina-la-atencion-a-afectados-tras-explosion-en-la-colonia-mesa-sur-de-cananea\/#breadcrumb","itemListElement":[{"@type":"ListItem","position":1,"name":"Portada","item":"https:\/\/www.sonoraenequipo.com.mx\/"},{"@type":"ListItem","position":2,"name":"Se coordina la atenci\u00f3n a afectados tras explosi\u00f3n en la colonia Mesa Sur de Cananea"}]},{"@type":"WebSite","@id":"https:\/\/www.sonoraenequipo.com.mx\/#website","url":"https:\/\/www.sonoraenequipo.com.mx\/","name":"Sonora en Equipo.","description":"Diario en l\u00ednea con Noticias desde Hermosillo, Sonora","publisher":{"@id":"https:\/\/www.sonoraenequipo.com.mx\/#organization"},"potentialAction":[{"@type":"SearchAction","target":{"@type":"EntryPoint","urlTemplate":"https:\/\/www.sonoraenequipo.com.mx\/?s={search_term_string}"},"query-input":{"@type":"PropertyValueSpecification","valueRequired":true,"valueName":"search_term_string"}}],"inLanguage":"es"},{"@type":"Organization","@id":"https:\/\/www.sonoraenequipo.com.mx\/#organization","name":"Sonoraenequipo.com.mx","url":"https:\/\/www.sonoraenequipo.com.mx\/","logo":{"@type":"ImageObject","inLanguage":"es","@id":"https:\/\/www.sonoraenequipo.com.mx\/#\/schema\/logo\/image\/","url":"https:\/\/www.sonoraenequipo.com.mx\/storage\/2019\/01\/sonoraenequipo_opt.png","contentUrl":"https:\/\/www.sonoraenequipo.com.mx\/storage\/2019\/01\/sonoraenequipo_opt.png","width":375,"height":125,"caption":"Sonoraenequipo.com.mx"},"image":{"@id":"https:\/\/www.sonoraenequipo.com.mx\/#\/schema\/logo\/image\/"},"sameAs":["https:\/\/www.facebook.com\/SonoraEE\/","https:\/\/x.com\/sonoraenequipo","https:\/\/www.youtube.com\/channel\/UC338nW-lPEYmJQs4ZABQ1SQ"]},{"@type":"Person","@id":"https:\/\/www.sonoraenequipo.com.mx\/#\/schema\/person\/50102df0fb23a8fa9e8effad8fa81386","name":"enequipo","image":{"@type":"ImageObject","inLanguage":"es","@id":"https:\/\/www.sonoraenequipo.com.mx\/#\/schema\/person\/image\/","url":"https:\/\/secure.gravatar.com\/avatar\/049821681b589dabc0bc20695993ccebb09f5b5d4d790cd9251b97faac7c652b?s=96&d=blank&r=g","contentUrl":"https:\/\/secure.gravatar.com\/avatar\/049821681b589dabc0bc20695993ccebb09f5b5d4d790cd9251b97faac7c652b?s=96&d=blank&r=g","caption":"enequipo"},"sameAs":["https:\/\/www.facebook.com\/SonoraEE"]}]}},"jetpack_featured_media_url":"https:\/\/www.sonoraenequipo.com.mx\/storage\/2024\/01\/explosion-cananea.jpg","_links":{"self":[{"href":"https:\/\/www.sonoraenequipo.com.mx\/api\/wp\/v2\/posts\/181434","targetHints":{"allow":["GET"]}}],"collection":[{"href":"https:\/\/www.sonoraenequipo.com.mx\/api\/wp\/v2\/posts"}],"about":[{"href":"https:\/\/www.sonoraenequipo.com.mx\/api\/wp\/v2\/types\/post"}],"author":[{"embeddable":true,"href":"https:\/\/www.sonoraenequipo.com.mx\/api\/wp\/v2\/users\/1"}],"replies":[{"embeddable":true,"href":"https:\/\/www.sonoraenequipo.com.mx\/api\/wp\/v2\/comments?post=181434"}],"version-history":[{"count":1,"href":"https:\/\/www.sonoraenequipo.com.mx\/api\/wp\/v2\/posts\/181434\/revisions"}],"predecessor-version":[{"id":181436,"href":"https:\/\/www.sonoraenequipo.com.mx\/api\/wp\/v2\/posts\/181434\/revisions\/181436"}],"wp:featuredmedia":[{"embeddable":true,"href":"https:\/\/www.sonoraenequipo.com.mx\/api\/wp\/v2\/media\/181435"}],"wp:attachment":[{"href":"https:\/\/www.sonoraenequipo.com.mx\/api\/wp\/v2\/media?parent=181434"}],"wp:term":[{"taxonomy":"category","embeddable":true,"href":"https:\/\/www.sonoraenequipo.com.mx\/api\/wp\/v2\/categories?post=181434"},{"taxonomy":"post_tag","embeddable":true,"href":"https:\/\/www.sonoraenequipo.com.mx\/api\/wp\/v2\/tags?post=181434"}],"curies":[{"name":"wp","href":"https:\/\/api.w.org\/{rel}","templated":true}]}}