{"id":181440,"date":"2024-01-03T16:48:08","date_gmt":"2024-01-03T23:48:08","guid":{"rendered":"https:\/\/www.sonoraenequipo.com.mx\/?p=181440"},"modified":"2024-01-03T16:48:08","modified_gmt":"2024-01-03T23:48:08","slug":"muerte-de-lider-de-hamas-podria-extender-guerra-con-israel-mas-alla-de-gaza","status":"publish","type":"post","link":"https:\/\/www.sonoraenequipo.com.mx\/muerte-de-lider-de-hamas-podria-extender-guerra-con-israel-mas-alla-de-gaza\/","title":{"rendered":"Muerte de l\u00edder de Ham\u00e1s podr\u00eda extender guerra con Israel m\u00e1s all\u00e1 de Gaza"},"content":{"rendered":"<p><strong>BEIRUT\/EL CAIRO\/GAZA \u2014<\/strong> Beirut ha aumentado el riesgo potencial de que la guerra en Gaza se extienda m\u00e1s all\u00e1 de la Franja. Cientos de palestinos salieron a las calles de Ramala y otras ciudades de Cisjordania para condenar la muerte de Arouri.<\/p>\n<p>&nbsp;<\/p>\n<p>BEIRUT\/EL CAIRO\/GAZA \u2014 Israel mat\u00f3 el martes al alto dirigente de Ham\u00e1s Saleh al-Arouri en un ataque con dron en Beirut, capital de L\u00edbano, seg\u00fan fuentes de seguridad libanesas y palestinas, lo que aumenta el riesgo potencial de que la guerra en Gaza se extienda mucho m\u00e1s all\u00e1 del enclave palestino.<\/p>\n<p>&nbsp;<\/p>\n<p>Arouri, de 57 a\u00f1os, es el primer alto dirigente pol\u00edtico de Ham\u00e1s muerto desde que Israel lanz\u00f3 una demoledora ofensiva a\u00e9rea y terrestre contra el grupo hace casi tres meses, tras su asalto de choque y su incursi\u00f3n en ciudades israel\u00edes.<\/p>\n<p>&nbsp;<\/p>\n<p>El grupo liban\u00e9s Hizbul\u00e1, aliado de Ham\u00e1s y fuertemente armado, ha estado intercambiando fuego casi a diario con Israel a trav\u00e9s de la frontera sur de L\u00edbano desde que comenz\u00f3 la guerra en Gaza en octubre.<\/p>\n<p>&nbsp;<\/p>\n<p>El l\u00edder de Hizbul\u00e1, Hassan Nasrallah, ha advertido a Israel de que no lleve a cabo ning\u00fan asesinato en suelo liban\u00e9s, prometiendo una \u00abreacci\u00f3n severa\u00bb.<\/p>\n<p>&nbsp;<\/p>\n<p>Hizbul\u00e1 dijo el martes que hab\u00eda atacado con misiles a un grupo de soldados israel\u00edes en los alrededores de Marj, tras la muerte de Arouri.<\/p>\n<p>&nbsp;<\/p>\n<p>Israel acusa desde hace tiempo a Arouri de ataques letales contra sus ciudadanos, pero un responsable de Ham\u00e1s dijo que tambi\u00e9n estaba \u00aben el centro de las negociaciones\u00bb llevadas a cabo por Qatar y Egipto sobre el resultado de la guerra de Gaza y la liberaci\u00f3n de los rehenes israel\u00edes en poder de Ham\u00e1s.<\/p>\n<p>&nbsp;<\/p>\n<p>Israel no confirm\u00f3 ni neg\u00f3 haber llevado a cabo el ataque, pero su portavoz militar, el contralmirante Daniel Hagari, dijo que las fuerzas israel\u00edes estaban en un alto estado de preparaci\u00f3n y listas para cualquier escenario.<\/p>\n<p>&nbsp;<\/p>\n<p>\u00abLo m\u00e1s importante que hay que decir esta noche es que estamos centrados y seguimos centrados en la lucha contra Ham\u00e1s\u00bb, dijo cuando un periodista le pregunt\u00f3 por las informaciones sobre la muerte de Arouri.<\/p>\n<p><strong>Fecha de publicaci\u00f3n mi\u00e9rcoles<\/strong><strong> 3 de enero de 2024 \/ VOA<\/strong><\/p>\n<p>&nbsp;<\/p>\n","protected":false},"excerpt":{"rendered":"<p>BEIRUT\/EL CAIRO\/GAZA \u2014 Beirut ha aumentado el riesgo potencial de que la guerra en Gaza&#8230;<\/p>\n","protected":false},"author":1,"featured_media":181441,"comment_status":"open","ping_status":"open","sticky":false,"template":"","format":"standard","meta":{"_monsterinsights_skip_tracking":false,"_monsterinsights_sitenote_active":false,"_monsterinsights_sitenote_note":"","_monsterinsights_sitenote_category":0,"footnotes":""},"categories":[3],"tags":[144,9036,911],"class_list":["post"],"yoast_head":" \n<title>Sonora en Equipo. Muerte de l\u00edder de Ham\u00e1s podr\u00eda extender guerra con Israel m\u00e1s all\u00e1 de Gaza MUNDO<\/title>\n<meta name=\"description\" content=\"BEIRUT\/EL CAIRO\/GAZA \u2014 Beirut ha aumentado el riesgo potencial de que la guerra en Gaza se extienda m\u00e1s all\u00e1 de la Franja. Cientos de palestinos salieron En Sonora en Equipo publicamos toda la informaci\u00f3n de Sonora, M\u00e9xico y el Mundo de manera oportuna y busca que la libertad de expresi\u00f3n sea real. Visita nuestro medio informativo publicado desde Hermosillo, Sonora. %\" \/>\n<meta name=\"robots\" content=\"index, follow, max-snippet:-1, max-image-preview:large, max-video-preview:-1\" \/>\n<link rel=\"canonical\" href=\"https:\/\/www.sonoraenequipo.com.mx\/muerte-de-lider-de-hamas-podria-extender-guerra-con-israel-mas-alla-de-gaza\/\" \/>\n<meta property=\"og:locale\" content=\"es_ES\" \/>\n<meta property=\"og:type\" content=\"article\" \/>\n<meta property=\"og:title\" content=\"Sonora en Equipo. Muerte de l\u00edder de Ham\u00e1s podr\u00eda extender guerra con Israel m\u00e1s all\u00e1 de Gaza MUNDO\" \/>\n<meta property=\"og:description\" content=\"BEIRUT\/EL CAIRO\/GAZA \u2014 Beirut ha aumentado el riesgo potencial de que la guerra en Gaza se extienda m\u00e1s all\u00e1 de la Franja. Cientos de palestinos salieron En Sonora en Equipo publicamos toda la informaci\u00f3n de Sonora, M\u00e9xico y el Mundo de manera oportuna y busca que la libertad de expresi\u00f3n sea real. Visita nuestro medio informativo publicado desde Hermosillo, Sonora. %\" \/>\n<meta property=\"og:url\" content=\"https:\/\/www.sonoraenequipo.com.mx\/muerte-de-lider-de-hamas-podria-extender-guerra-con-israel-mas-alla-de-gaza\/\" \/>\n<meta property=\"og:site_name\" content=\"Sonora en Equipo.\" \/>\n<meta property=\"article:publisher\" content=\"https:\/\/www.facebook.com\/SonoraEE\/\" \/>\n<meta property=\"article:author\" content=\"https:\/\/www.facebook.com\/SonoraEE\" \/>\n<meta property=\"article:published_time\" content=\"2024-01-03T23:48:08+00:00\" \/>\n<meta property=\"og:image\" content=\"https:\/\/www.sonoraenequipo.com.mx\/storage\/2024\/01\/lider-hamas.jpg\" \/>\n\t<meta property=\"og:image:width\" content=\"600\" \/>\n\t<meta property=\"og:image:height\" content=\"338\" \/>\n\t<meta property=\"og:image:type\" content=\"image\/jpeg\" \/>\n<meta name=\"author\" content=\"enequipo\" \/>\n<meta name=\"twitter:card\" content=\"summary_large_image\" \/>\n<meta name=\"twitter:creator\" content=\"@sonoraenequipo\" \/>\n<meta name=\"twitter:site\" content=\"@sonoraenequipo\" \/>\n<meta name=\"twitter:label1\" content=\"Escrito por\" \/>\n\t<meta name=\"twitter:data1\" content=\"enequipo\" \/>\n\t<meta name=\"twitter:label2\" content=\"Tiempo de lectura\" \/>\n\t<meta name=\"twitter:data2\" content=\"2 minutos\" \/>\n<script type=\"application\/ld+json\" class=\"yoast-schema-graph\">{\"@context\":\"https:\/\/schema.org\",\"@graph\":[{\"@type\":\"Article\",\"@id\":\"https:\/\/www.sonoraenequipo.com.mx\/muerte-de-lider-de-hamas-podria-extender-guerra-con-israel-mas-alla-de-gaza\/#article\",\"isPartOf\":{\"@id\":\"https:\/\/www.sonoraenequipo.com.mx\/muerte-de-lider-de-hamas-podria-extender-guerra-con-israel-mas-alla-de-gaza\/\"},\"author\":{\"name\":\"enequipo\",\"@id\":\"https:\/\/www.sonoraenequipo.com.mx\/#\/schema\/person\/50102df0fb23a8fa9e8effad8fa81386\"},\"headline\":\"Muerte de l\u00edder de Ham\u00e1s podr\u00eda extender guerra con Israel m\u00e1s all\u00e1 de Gaza\",\"datePublished\":\"2024-01-03T23:48:08+00:00\",\"mainEntityOfPage\":{\"@id\":\"https:\/\/www.sonoraenequipo.com.mx\/muerte-de-lider-de-hamas-podria-extender-guerra-con-israel-mas-alla-de-gaza\/\"},\"wordCount\":413,\"commentCount\":0,\"publisher\":{\"@id\":\"https:\/\/www.sonoraenequipo.com.mx\/#organization\"},\"image\":{\"@id\":\"https:\/\/www.sonoraenequipo.com.mx\/muerte-de-lider-de-hamas-podria-extender-guerra-con-israel-mas-alla-de-gaza\/#primaryimage\"},\"thumbnailUrl\":\"https:\/\/www.sonoraenequipo.com.mx\/storage\/2024\/01\/lider-hamas.jpg\",\"keywords\":[\"guerra\",\"ham\u00e0s\",\"ISRAEL\"],\"articleSection\":[\"MUNDO\"],\"inLanguage\":\"es\",\"potentialAction\":[{\"@type\":\"CommentAction\",\"name\":\"Comment\",\"target\":[\"https:\/\/www.sonoraenequipo.com.mx\/muerte-de-lider-de-hamas-podria-extender-guerra-con-israel-mas-alla-de-gaza\/#respond\"]}]},{\"@type\":\"WebPage\",\"@id\":\"https:\/\/www.sonoraenequipo.com.mx\/muerte-de-lider-de-hamas-podria-extender-guerra-con-israel-mas-alla-de-gaza\/\",\"url\":\"https:\/\/www.sonoraenequipo.com.mx\/muerte-de-lider-de-hamas-podria-extender-guerra-con-israel-mas-alla-de-gaza\/\",\"name\":\"Sonora en Equipo. Muerte de l\u00edder de Ham\u00e1s podr\u00eda extender guerra con Israel m\u00e1s all\u00e1 de Gaza MUNDO\",\"isPartOf\":{\"@id\":\"https:\/\/www.sonoraenequipo.com.mx\/#website\"},\"primaryImageOfPage\":{\"@id\":\"https:\/\/www.sonoraenequipo.com.mx\/muerte-de-lider-de-hamas-podria-extender-guerra-con-israel-mas-alla-de-gaza\/#primaryimage\"},\"image\":{\"@id\":\"https:\/\/www.sonoraenequipo.com.mx\/muerte-de-lider-de-hamas-podria-extender-guerra-con-israel-mas-alla-de-gaza\/#primaryimage\"},\"thumbnailUrl\":\"https:\/\/www.sonoraenequipo.com.mx\/storage\/2024\/01\/lider-hamas.jpg\",\"datePublished\":\"2024-01-03T23:48:08+00:00\",\"description\":\"BEIRUT\/EL CAIRO\/GAZA \u2014 Beirut ha aumentado el riesgo potencial de que la guerra en Gaza se extienda m\u00e1s all\u00e1 de la Franja. Cientos de palestinos salieron En Sonora en Equipo publicamos toda la informaci\u00f3n de Sonora, M\u00e9xico y el Mundo de manera oportuna y busca que la libertad de expresi\u00f3n sea real. Visita nuestro medio informativo publicado desde Hermosillo, Sonora. %\",\"breadcrumb\":{\"@id\":\"https:\/\/www.sonoraenequipo.com.mx\/muerte-de-lider-de-hamas-podria-extender-guerra-con-israel-mas-alla-de-gaza\/#breadcrumb\"},\"inLanguage\":\"es\",\"potentialAction\":[{\"@type\":\"ReadAction\",\"target\":[\"https:\/\/www.sonoraenequipo.com.mx\/muerte-de-lider-de-hamas-podria-extender-guerra-con-israel-mas-alla-de-gaza\/\"]}]},{\"@type\":\"ImageObject\",\"inLanguage\":\"es\",\"@id\":\"https:\/\/www.sonoraenequipo.com.mx\/muerte-de-lider-de-hamas-podria-extender-guerra-con-israel-mas-alla-de-gaza\/#primaryimage\",\"url\":\"https:\/\/www.sonoraenequipo.com.mx\/storage\/2024\/01\/lider-hamas.jpg\",\"contentUrl\":\"https:\/\/www.sonoraenequipo.com.mx\/storage\/2024\/01\/lider-hamas.jpg\",\"width\":600,\"height\":338,\"caption\":\"L\u00edder Ham\u00e1s Foto: Reuters\"},{\"@type\":\"BreadcrumbList\",\"@id\":\"https:\/\/www.sonoraenequipo.com.mx\/muerte-de-lider-de-hamas-podria-extender-guerra-con-israel-mas-alla-de-gaza\/#breadcrumb\",\"itemListElement\":[{\"@type\":\"ListItem\",\"position\":1,\"name\":\"Portada\",\"item\":\"https:\/\/www.sonoraenequipo.com.mx\/\"},{\"@type\":\"ListItem\",\"position\":2,\"name\":\"Muerte de l\u00edder de Ham\u00e1s podr\u00eda extender guerra con Israel m\u00e1s all\u00e1 de Gaza\"}]},{\"@type\":\"WebSite\",\"@id\":\"https:\/\/www.sonoraenequipo.com.mx\/#website\",\"url\":\"https:\/\/www.sonoraenequipo.com.mx\/\",\"name\":\"Sonora en Equipo.\",\"description\":\"Diario en l\u00ednea con Noticias desde Hermosillo, Sonora\",\"publisher\":{\"@id\":\"https:\/\/www.sonoraenequipo.com.mx\/#organization\"},\"potentialAction\":[{\"@type\":\"SearchAction\",\"target\":{\"@type\":\"EntryPoint\",\"urlTemplate\":\"https:\/\/www.sonoraenequipo.com.mx\/?s={search_term_string}\"},\"query-input\":{\"@type\":\"PropertyValueSpecification\",\"valueRequired\":true,\"valueName\":\"search_term_string\"}}],\"inLanguage\":\"es\"},{\"@type\":\"Organization\",\"@id\":\"https:\/\/www.sonoraenequipo.com.mx\/#organization\",\"name\":\"Sonoraenequipo.com.mx\",\"url\":\"https:\/\/www.sonoraenequipo.com.mx\/\",\"logo\":{\"@type\":\"ImageObject\",\"inLanguage\":\"es\",\"@id\":\"https:\/\/www.sonoraenequipo.com.mx\/#\/schema\/logo\/image\/\",\"url\":\"https:\/\/www.sonoraenequipo.com.mx\/storage\/2019\/01\/sonoraenequipo_opt.png\",\"contentUrl\":\"https:\/\/www.sonoraenequipo.com.mx\/storage\/2019\/01\/sonoraenequipo_opt.png\",\"width\":375,\"height\":125,\"caption\":\"Sonoraenequipo.com.mx\"},\"image\":{\"@id\":\"https:\/\/www.sonoraenequipo.com.mx\/#\/schema\/logo\/image\/\"},\"sameAs\":[\"https:\/\/www.facebook.com\/SonoraEE\/\",\"https:\/\/x.com\/sonoraenequipo\",\"https:\/\/www.youtube.com\/channel\/UC338nW-lPEYmJQs4ZABQ1SQ\"]},{\"@type\":\"Person\",\"@id\":\"https:\/\/www.sonoraenequipo.com.mx\/#\/schema\/person\/50102df0fb23a8fa9e8effad8fa81386\",\"name\":\"enequipo\",\"image\":{\"@type\":\"ImageObject\",\"inLanguage\":\"es\",\"@id\":\"https:\/\/www.sonoraenequipo.com.mx\/#\/schema\/person\/image\/\",\"url\":\"https:\/\/secure.gravatar.com\/avatar\/049821681b589dabc0bc20695993ccebb09f5b5d4d790cd9251b97faac7c652b?s=96&d=blank&r=g\",\"contentUrl\":\"https:\/\/secure.gravatar.com\/avatar\/049821681b589dabc0bc20695993ccebb09f5b5d4d790cd9251b97faac7c652b?s=96&d=blank&r=g\",\"caption\":\"enequipo\"},\"sameAs\":[\"https:\/\/www.facebook.com\/SonoraEE\"]}]}<\/script>\n ","yoast_head_json":{"title":"Sonora en Equipo. Muerte de l\u00edder de Ham\u00e1s podr\u00eda extender guerra con Israel m\u00e1s all\u00e1 de Gaza MUNDO","description":"BEIRUT\/EL CAIRO\/GAZA \u2014 Beirut ha aumentado el riesgo potencial de que la guerra en Gaza se extienda m\u00e1s all\u00e1 de la Franja. Cientos de palestinos salieron En Sonora en Equipo publicamos toda la informaci\u00f3n de Sonora, M\u00e9xico y el Mundo de manera oportuna y busca que la libertad de expresi\u00f3n sea real. Visita nuestro medio informativo publicado desde Hermosillo, Sonora. %","robots":{"index":"index","follow":"follow","max-snippet":"max-snippet:-1","max-image-preview":"max-image-preview:large","max-video-preview":"max-video-preview:-1"},"canonical":"https:\/\/www.sonoraenequipo.com.mx\/muerte-de-lider-de-hamas-podria-extender-guerra-con-israel-mas-alla-de-gaza\/","og_locale":"es_ES","og_type":"article","og_title":"Sonora en Equipo. Muerte de l\u00edder de Ham\u00e1s podr\u00eda extender guerra con Israel m\u00e1s all\u00e1 de Gaza MUNDO","og_description":"BEIRUT\/EL CAIRO\/GAZA \u2014 Beirut ha aumentado el riesgo potencial de que la guerra en Gaza se extienda m\u00e1s all\u00e1 de la Franja. Cientos de palestinos salieron En Sonora en Equipo publicamos toda la informaci\u00f3n de Sonora, M\u00e9xico y el Mundo de manera oportuna y busca que la libertad de expresi\u00f3n sea real. Visita nuestro medio informativo publicado desde Hermosillo, Sonora. %","og_url":"https:\/\/www.sonoraenequipo.com.mx\/muerte-de-lider-de-hamas-podria-extender-guerra-con-israel-mas-alla-de-gaza\/","og_site_name":"Sonora en Equipo.","article_publisher":"https:\/\/www.facebook.com\/SonoraEE\/","article_author":"https:\/\/www.facebook.com\/SonoraEE","article_published_time":"2024-01-03T23:48:08+00:00","og_image":[{"width":600,"height":338,"url":"https:\/\/www.sonoraenequipo.com.mx\/storage\/2024\/01\/lider-hamas.jpg","type":"image\/jpeg"}],"author":"enequipo","twitter_card":"summary_large_image","twitter_creator":"@sonoraenequipo","twitter_site":"@sonoraenequipo","twitter_misc":{"Escrito por":"enequipo","Tiempo de lectura":"2 minutos"},"schema":{"@context":"https:\/\/schema.org","@graph":[{"@type":"Article","@id":"https:\/\/www.sonoraenequipo.com.mx\/muerte-de-lider-de-hamas-podria-extender-guerra-con-israel-mas-alla-de-gaza\/#article","isPartOf":{"@id":"https:\/\/www.sonoraenequipo.com.mx\/muerte-de-lider-de-hamas-podria-extender-guerra-con-israel-mas-alla-de-gaza\/"},"author":{"name":"enequipo","@id":"https:\/\/www.sonoraenequipo.com.mx\/#\/schema\/person\/50102df0fb23a8fa9e8effad8fa81386"},"headline":"Muerte de l\u00edder de Ham\u00e1s podr\u00eda extender guerra con Israel m\u00e1s all\u00e1 de Gaza","datePublished":"2024-01-03T23:48:08+00:00","mainEntityOfPage":{"@id":"https:\/\/www.sonoraenequipo.com.mx\/muerte-de-lider-de-hamas-podria-extender-guerra-con-israel-mas-alla-de-gaza\/"},"wordCount":413,"commentCount":0,"publisher":{"@id":"https:\/\/www.sonoraenequipo.com.mx\/#organization"},"image":{"@id":"https:\/\/www.sonoraenequipo.com.mx\/muerte-de-lider-de-hamas-podria-extender-guerra-con-israel-mas-alla-de-gaza\/#primaryimage"},"thumbnailUrl":"https:\/\/www.sonoraenequipo.com.mx\/storage\/2024\/01\/lider-hamas.jpg","keywords":["guerra","ham\u00e0s","ISRAEL"],"articleSection":["MUNDO"],"inLanguage":"es","potentialAction":[{"@type":"CommentAction","name":"Comment","target":["https:\/\/www.sonoraenequipo.com.mx\/muerte-de-lider-de-hamas-podria-extender-guerra-con-israel-mas-alla-de-gaza\/#respond"]}]},{"@type":"WebPage","@id":"https:\/\/www.sonoraenequipo.com.mx\/muerte-de-lider-de-hamas-podria-extender-guerra-con-israel-mas-alla-de-gaza\/","url":"https:\/\/www.sonoraenequipo.com.mx\/muerte-de-lider-de-hamas-podria-extender-guerra-con-israel-mas-alla-de-gaza\/","name":"Sonora en Equipo. Muerte de l\u00edder de Ham\u00e1s podr\u00eda extender guerra con Israel m\u00e1s all\u00e1 de Gaza MUNDO","isPartOf":{"@id":"https:\/\/www.sonoraenequipo.com.mx\/#website"},"primaryImageOfPage":{"@id":"https:\/\/www.sonoraenequipo.com.mx\/muerte-de-lider-de-hamas-podria-extender-guerra-con-israel-mas-alla-de-gaza\/#primaryimage"},"image":{"@id":"https:\/\/www.sonoraenequipo.com.mx\/muerte-de-lider-de-hamas-podria-extender-guerra-con-israel-mas-alla-de-gaza\/#primaryimage"},"thumbnailUrl":"https:\/\/www.sonoraenequipo.com.mx\/storage\/2024\/01\/lider-hamas.jpg","datePublished":"2024-01-03T23:48:08+00:00","description":"BEIRUT\/EL CAIRO\/GAZA \u2014 Beirut ha aumentado el riesgo potencial de que la guerra en Gaza se extienda m\u00e1s all\u00e1 de la Franja. Cientos de palestinos salieron En Sonora en Equipo publicamos toda la informaci\u00f3n de Sonora, M\u00e9xico y el Mundo de manera oportuna y busca que la libertad de expresi\u00f3n sea real. Visita nuestro medio informativo publicado desde Hermosillo, Sonora. %","breadcrumb":{"@id":"https:\/\/www.sonoraenequipo.com.mx\/muerte-de-lider-de-hamas-podria-extender-guerra-con-israel-mas-alla-de-gaza\/#breadcrumb"},"inLanguage":"es","potentialAction":[{"@type":"ReadAction","target":["https:\/\/www.sonoraenequipo.com.mx\/muerte-de-lider-de-hamas-podria-extender-guerra-con-israel-mas-alla-de-gaza\/"]}]},{"@type":"ImageObject","inLanguage":"es","@id":"https:\/\/www.sonoraenequipo.com.mx\/muerte-de-lider-de-hamas-podria-extender-guerra-con-israel-mas-alla-de-gaza\/#primaryimage","url":"https:\/\/www.sonoraenequipo.com.mx\/storage\/2024\/01\/lider-hamas.jpg","contentUrl":"https:\/\/www.sonoraenequipo.com.mx\/storage\/2024\/01\/lider-hamas.jpg","width":600,"height":338,"caption":"L\u00edder Ham\u00e1s Foto: Reuters"},{"@type":"BreadcrumbList","@id":"https:\/\/www.sonoraenequipo.com.mx\/muerte-de-lider-de-hamas-podria-extender-guerra-con-israel-mas-alla-de-gaza\/#breadcrumb","itemListElement":[{"@type":"ListItem","position":1,"name":"Portada","item":"https:\/\/www.sonoraenequipo.com.mx\/"},{"@type":"ListItem","position":2,"name":"Muerte de l\u00edder de Ham\u00e1s podr\u00eda extender guerra con Israel m\u00e1s all\u00e1 de Gaza"}]},{"@type":"WebSite","@id":"https:\/\/www.sonoraenequipo.com.mx\/#website","url":"https:\/\/www.sonoraenequipo.com.mx\/","name":"Sonora en Equipo.","description":"Diario en l\u00ednea con Noticias desde Hermosillo, Sonora","publisher":{"@id":"https:\/\/www.sonoraenequipo.com.mx\/#organization"},"potentialAction":[{"@type":"SearchAction","target":{"@type":"EntryPoint","urlTemplate":"https:\/\/www.sonoraenequipo.com.mx\/?s={search_term_string}"},"query-input":{"@type":"PropertyValueSpecification","valueRequired":true,"valueName":"search_term_string"}}],"inLanguage":"es"},{"@type":"Organization","@id":"https:\/\/www.sonoraenequipo.com.mx\/#organization","name":"Sonoraenequipo.com.mx","url":"https:\/\/www.sonoraenequipo.com.mx\/","logo":{"@type":"ImageObject","inLanguage":"es","@id":"https:\/\/www.sonoraenequipo.com.mx\/#\/schema\/logo\/image\/","url":"https:\/\/www.sonoraenequipo.com.mx\/storage\/2019\/01\/sonoraenequipo_opt.png","contentUrl":"https:\/\/www.sonoraenequipo.com.mx\/storage\/2019\/01\/sonoraenequipo_opt.png","width":375,"height":125,"caption":"Sonoraenequipo.com.mx"},"image":{"@id":"https:\/\/www.sonoraenequipo.com.mx\/#\/schema\/logo\/image\/"},"sameAs":["https:\/\/www.facebook.com\/SonoraEE\/","https:\/\/x.com\/sonoraenequipo","https:\/\/www.youtube.com\/channel\/UC338nW-lPEYmJQs4ZABQ1SQ"]},{"@type":"Person","@id":"https:\/\/www.sonoraenequipo.com.mx\/#\/schema\/person\/50102df0fb23a8fa9e8effad8fa81386","name":"enequipo","image":{"@type":"ImageObject","inLanguage":"es","@id":"https:\/\/www.sonoraenequipo.com.mx\/#\/schema\/person\/image\/","url":"https:\/\/secure.gravatar.com\/avatar\/049821681b589dabc0bc20695993ccebb09f5b5d4d790cd9251b97faac7c652b?s=96&d=blank&r=g","contentUrl":"https:\/\/secure.gravatar.com\/avatar\/049821681b589dabc0bc20695993ccebb09f5b5d4d790cd9251b97faac7c652b?s=96&d=blank&r=g","caption":"enequipo"},"sameAs":["https:\/\/www.facebook.com\/SonoraEE"]}]}},"jetpack_featured_media_url":"https:\/\/www.sonoraenequipo.com.mx\/storage\/2024\/01\/lider-hamas.jpg","_links":{"self":[{"href":"https:\/\/www.sonoraenequipo.com.mx\/api\/wp\/v2\/posts\/181440","targetHints":{"allow":["GET"]}}],"collection":[{"href":"https:\/\/www.sonoraenequipo.com.mx\/api\/wp\/v2\/posts"}],"about":[{"href":"https:\/\/www.sonoraenequipo.com.mx\/api\/wp\/v2\/types\/post"}],"author":[{"embeddable":true,"href":"https:\/\/www.sonoraenequipo.com.mx\/api\/wp\/v2\/users\/1"}],"replies":[{"embeddable":true,"href":"https:\/\/www.sonoraenequipo.com.mx\/api\/wp\/v2\/comments?post=181440"}],"version-history":[{"count":1,"href":"https:\/\/www.sonoraenequipo.com.mx\/api\/wp\/v2\/posts\/181440\/revisions"}],"predecessor-version":[{"id":181442,"href":"https:\/\/www.sonoraenequipo.com.mx\/api\/wp\/v2\/posts\/181440\/revisions\/181442"}],"wp:featuredmedia":[{"embeddable":true,"href":"https:\/\/www.sonoraenequipo.com.mx\/api\/wp\/v2\/media\/181441"}],"wp:attachment":[{"href":"https:\/\/www.sonoraenequipo.com.mx\/api\/wp\/v2\/media?parent=181440"}],"wp:term":[{"taxonomy":"category","embeddable":true,"href":"https:\/\/www.sonoraenequipo.com.mx\/api\/wp\/v2\/categories?post=181440"},{"taxonomy":"post_tag","embeddable":true,"href":"https:\/\/www.sonoraenequipo.com.mx\/api\/wp\/v2\/tags?post=181440"}],"curies":[{"name":"wp","href":"https:\/\/api.w.org\/{rel}","templated":true}]}}