{"id":181445,"date":"2024-01-03T17:59:35","date_gmt":"2024-01-04T00:59:35","guid":{"rendered":"https:\/\/www.sonoraenequipo.com.mx\/?p=181445"},"modified":"2024-01-03T17:45:29","modified_gmt":"2024-01-04T00:45:29","slug":"llama-ayuntamiento-de-hermosillo-a-desecho-responsable-de-pinos-navidenos-naturales","status":"publish","type":"post","link":"https:\/\/www.sonoraenequipo.com.mx\/llama-ayuntamiento-de-hermosillo-a-desecho-responsable-de-pinos-navidenos-naturales\/","title":{"rendered":"Llama Ayuntamiento de Hermosillo a desecho responsable de pinos navide\u00f1os naturales"},"content":{"rendered":"<p><strong>HERMOSILLO, SONORA. MX. \u2014\u00a0<\/strong> Para que se realice la disposici\u00f3n responsable de pinos naturales navide\u00f1os, de forma segura y compatible con el medio ambiente, el Ayuntamiento de Hermosillo activ\u00f3 lugares estrat\u00e9gicos para recibirlos.<\/p>\n<p>&nbsp;<\/p>\n<p> <\/p>\n<p><strong><em>\u201cA partir del d\u00eda 4 y hasta el 19 de enero vamos a estar recibiendo todos los pinos que la gente quiera desechar de las fiestas navide\u00f1as en diferentes puntos de la ciudad, es importante que la gente sepa y los utilice y que no terminen en canales, arroyos, parques o lugares donde no se deben disponer\u201d<\/em><\/strong>, explic\u00f3 el Director de Servicios P\u00fablicos de Hermosillo, Sergio Pavlovich Escalante.<\/p>\n<p>&nbsp;<\/p>\n<p>Pidi\u00f3 quitar las extensi\u00f3n de luces y adornos antes de los pinos antes de llevarlos a alguno de los 4 centros de acopio temporales que en los \u00faltimos dos a\u00f1os se dispuesieron para este prop\u00f3sito, en los que personal de la dependencia los recibir\u00e1 de lunes a viernes, de 8:00 a 17:00 horas.<\/p>\n<p>&nbsp;<\/p>\n<p>Los centros de acopio est\u00e1n en: CBTIS 11, en Alfredo Eguiarte S\/N en la colonia Bugambilias; estacionamiento de la unidad deportiva Ana Gabriela Guevara, en la colonia Cuahutemoc; junto a la tienda COSTCO, en la calle Colosio, de la colonia Villa Sat\u00e9lite y en los patios de Servicios P\u00fablicos Municipales, en avenida De las Flores, entre los bulevares Solidaridad y Margarita Maza de Ju\u00e1rez.<\/p>\n<p>&nbsp;<\/p>\n<p>El titular de Servicios P\u00fablicos explic\u00f3 que tambi\u00e9n se recibir\u00e1n en los puntos de recolecci\u00f3n fijos para desechos no dom\u00e9sticos, los cuales operan de lunes a s\u00e1bado, de las 10:00 a las 16:00 horas.<\/p>\n<p>&nbsp;<\/p>\n<p>Estos se ubican en bulevar Las Torres y Gilberto Escoboza, en la colonia Insurgentes; en la avenida Jaudiel Zamorano y Profesor Miguel Castro, en la colonia Altares y en Luis Encinas y Jorge Valencia.<\/p>\n<p>&nbsp;<\/p>\n<p>Sergio Pavlovich dijo que en estos \u00faltimos y en las instalaciones de Servicios P\u00fablicos la ciudadan\u00eda puede dejar tambi\u00e9n, por separado, los arbolitos navide\u00f1os artificiales en desuso y se los recibir\u00e1n como cualquier otro desecho no dom\u00e9stico.<\/p>\n<p>&nbsp;<\/p>\n<p>PUBLICADO EL 03 DE ENERO DE 2024 Con informaci\u00f3n de HMO 005\/2024)<\/p>\n","protected":false},"excerpt":{"rendered":"<p>HERMOSILLO, SONORA. MX. \u2014\u00a0 Para que se realice la disposici\u00f3n responsable de pinos naturales navide\u00f1os,&#8230;<\/p>\n","protected":false},"author":1,"featured_media":181446,"comment_status":"open","ping_status":"open","sticky":false,"template":"","format":"standard","meta":{"_monsterinsights_skip_tracking":false,"_monsterinsights_sitenote_active":false,"_monsterinsights_sitenote_note":"","_monsterinsights_sitenote_category":0,"footnotes":""},"categories":[4],"tags":[],"class_list":["post"],"yoast_head":" \n<title>Sonora en Equipo. Llama Ayuntamiento de Hermosillo a desecho responsable de pinos navide\u00f1os naturales Municipios<\/title>\n<meta name=\"description\" content=\"HERMOSILLO, SONORA. MX. \u2014\u00a0 Para que se realice la disposici\u00f3n responsable de pinos naturales navide\u00f1os, de forma segura y compatible con el medio En Sonora en Equipo publicamos toda la informaci\u00f3n de Sonora, M\u00e9xico y el Mundo de manera oportuna y busca que la libertad de expresi\u00f3n sea real. Visita nuestro medio informativo publicado desde Hermosillo, Sonora. %\" \/>\n<meta name=\"robots\" content=\"index, follow, max-snippet:-1, max-image-preview:large, max-video-preview:-1\" \/>\n<link rel=\"canonical\" href=\"https:\/\/www.sonoraenequipo.com.mx\/llama-ayuntamiento-de-hermosillo-a-desecho-responsable-de-pinos-navidenos-naturales\/\" \/>\n<meta property=\"og:locale\" content=\"es_ES\" \/>\n<meta property=\"og:type\" content=\"article\" \/>\n<meta property=\"og:title\" content=\"Sonora en Equipo. Llama Ayuntamiento de Hermosillo a desecho responsable de pinos navide\u00f1os naturales Municipios\" \/>\n<meta property=\"og:description\" content=\"HERMOSILLO, SONORA. MX. \u2014\u00a0 Para que se realice la disposici\u00f3n responsable de pinos naturales navide\u00f1os, de forma segura y compatible con el medio En Sonora en Equipo publicamos toda la informaci\u00f3n de Sonora, M\u00e9xico y el Mundo de manera oportuna y busca que la libertad de expresi\u00f3n sea real. Visita nuestro medio informativo publicado desde Hermosillo, Sonora. %\" \/>\n<meta property=\"og:url\" content=\"https:\/\/www.sonoraenequipo.com.mx\/llama-ayuntamiento-de-hermosillo-a-desecho-responsable-de-pinos-navidenos-naturales\/\" \/>\n<meta property=\"og:site_name\" content=\"Sonora en Equipo.\" \/>\n<meta property=\"article:publisher\" content=\"https:\/\/www.facebook.com\/SonoraEE\/\" \/>\n<meta property=\"article:author\" content=\"https:\/\/www.facebook.com\/SonoraEE\" \/>\n<meta property=\"article:published_time\" content=\"2024-01-04T00:59:35+00:00\" \/>\n<meta property=\"og:image\" content=\"https:\/\/www.sonoraenequipo.com.mx\/storage\/2024\/01\/desecho-responsable-de-pinos-navidenos-naturales-min-1.jpg\" \/>\n\t<meta property=\"og:image:width\" content=\"900\" \/>\n\t<meta property=\"og:image:height\" content=\"591\" \/>\n\t<meta property=\"og:image:type\" content=\"image\/jpeg\" \/>\n<meta name=\"author\" content=\"enequipo\" \/>\n<meta name=\"twitter:card\" content=\"summary_large_image\" \/>\n<meta name=\"twitter:creator\" content=\"@sonoraenequipo\" \/>\n<meta name=\"twitter:site\" content=\"@sonoraenequipo\" \/>\n<meta name=\"twitter:label1\" content=\"Escrito por\" \/>\n\t<meta name=\"twitter:data1\" content=\"enequipo\" \/>\n\t<meta name=\"twitter:label2\" content=\"Tiempo de lectura\" \/>\n\t<meta name=\"twitter:data2\" content=\"2 minutos\" \/>\n<script type=\"application\/ld+json\" class=\"yoast-schema-graph\">{\"@context\":\"https:\/\/schema.org\",\"@graph\":[{\"@type\":\"Article\",\"@id\":\"https:\/\/www.sonoraenequipo.com.mx\/llama-ayuntamiento-de-hermosillo-a-desecho-responsable-de-pinos-navidenos-naturales\/#article\",\"isPartOf\":{\"@id\":\"https:\/\/www.sonoraenequipo.com.mx\/llama-ayuntamiento-de-hermosillo-a-desecho-responsable-de-pinos-navidenos-naturales\/\"},\"author\":{\"name\":\"enequipo\",\"@id\":\"https:\/\/www.sonoraenequipo.com.mx\/#\/schema\/person\/50102df0fb23a8fa9e8effad8fa81386\"},\"headline\":\"Llama Ayuntamiento de Hermosillo a desecho responsable de pinos navide\u00f1os naturales\",\"datePublished\":\"2024-01-04T00:59:35+00:00\",\"mainEntityOfPage\":{\"@id\":\"https:\/\/www.sonoraenequipo.com.mx\/llama-ayuntamiento-de-hermosillo-a-desecho-responsable-de-pinos-navidenos-naturales\/\"},\"wordCount\":369,\"commentCount\":0,\"publisher\":{\"@id\":\"https:\/\/www.sonoraenequipo.com.mx\/#organization\"},\"image\":{\"@id\":\"https:\/\/www.sonoraenequipo.com.mx\/llama-ayuntamiento-de-hermosillo-a-desecho-responsable-de-pinos-navidenos-naturales\/#primaryimage\"},\"thumbnailUrl\":\"https:\/\/www.sonoraenequipo.com.mx\/storage\/2024\/01\/desecho-responsable-de-pinos-navidenos-naturales-min-1.jpg\",\"articleSection\":[\"Municipios\"],\"inLanguage\":\"es\",\"potentialAction\":[{\"@type\":\"CommentAction\",\"name\":\"Comment\",\"target\":[\"https:\/\/www.sonoraenequipo.com.mx\/llama-ayuntamiento-de-hermosillo-a-desecho-responsable-de-pinos-navidenos-naturales\/#respond\"]}]},{\"@type\":\"WebPage\",\"@id\":\"https:\/\/www.sonoraenequipo.com.mx\/llama-ayuntamiento-de-hermosillo-a-desecho-responsable-de-pinos-navidenos-naturales\/\",\"url\":\"https:\/\/www.sonoraenequipo.com.mx\/llama-ayuntamiento-de-hermosillo-a-desecho-responsable-de-pinos-navidenos-naturales\/\",\"name\":\"Sonora en Equipo. Llama Ayuntamiento de Hermosillo a desecho responsable de pinos navide\u00f1os naturales Municipios\",\"isPartOf\":{\"@id\":\"https:\/\/www.sonoraenequipo.com.mx\/#website\"},\"primaryImageOfPage\":{\"@id\":\"https:\/\/www.sonoraenequipo.com.mx\/llama-ayuntamiento-de-hermosillo-a-desecho-responsable-de-pinos-navidenos-naturales\/#primaryimage\"},\"image\":{\"@id\":\"https:\/\/www.sonoraenequipo.com.mx\/llama-ayuntamiento-de-hermosillo-a-desecho-responsable-de-pinos-navidenos-naturales\/#primaryimage\"},\"thumbnailUrl\":\"https:\/\/www.sonoraenequipo.com.mx\/storage\/2024\/01\/desecho-responsable-de-pinos-navidenos-naturales-min-1.jpg\",\"datePublished\":\"2024-01-04T00:59:35+00:00\",\"description\":\"HERMOSILLO, SONORA. MX. \u2014\u00a0 Para que se realice la disposici\u00f3n responsable de pinos naturales navide\u00f1os, de forma segura y compatible con el medio En Sonora en Equipo publicamos toda la informaci\u00f3n de Sonora, M\u00e9xico y el Mundo de manera oportuna y busca que la libertad de expresi\u00f3n sea real. Visita nuestro medio informativo publicado desde Hermosillo, Sonora. %\",\"breadcrumb\":{\"@id\":\"https:\/\/www.sonoraenequipo.com.mx\/llama-ayuntamiento-de-hermosillo-a-desecho-responsable-de-pinos-navidenos-naturales\/#breadcrumb\"},\"inLanguage\":\"es\",\"potentialAction\":[{\"@type\":\"ReadAction\",\"target\":[\"https:\/\/www.sonoraenequipo.com.mx\/llama-ayuntamiento-de-hermosillo-a-desecho-responsable-de-pinos-navidenos-naturales\/\"]}]},{\"@type\":\"ImageObject\",\"inLanguage\":\"es\",\"@id\":\"https:\/\/www.sonoraenequipo.com.mx\/llama-ayuntamiento-de-hermosillo-a-desecho-responsable-de-pinos-navidenos-naturales\/#primaryimage\",\"url\":\"https:\/\/www.sonoraenequipo.com.mx\/storage\/2024\/01\/desecho-responsable-de-pinos-navidenos-naturales-min-1.jpg\",\"contentUrl\":\"https:\/\/www.sonoraenequipo.com.mx\/storage\/2024\/01\/desecho-responsable-de-pinos-navidenos-naturales-min-1.jpg\",\"width\":900,\"height\":591},{\"@type\":\"BreadcrumbList\",\"@id\":\"https:\/\/www.sonoraenequipo.com.mx\/llama-ayuntamiento-de-hermosillo-a-desecho-responsable-de-pinos-navidenos-naturales\/#breadcrumb\",\"itemListElement\":[{\"@type\":\"ListItem\",\"position\":1,\"name\":\"Portada\",\"item\":\"https:\/\/www.sonoraenequipo.com.mx\/\"},{\"@type\":\"ListItem\",\"position\":2,\"name\":\"Llama Ayuntamiento de Hermosillo a desecho responsable de pinos navide\u00f1os naturales\"}]},{\"@type\":\"WebSite\",\"@id\":\"https:\/\/www.sonoraenequipo.com.mx\/#website\",\"url\":\"https:\/\/www.sonoraenequipo.com.mx\/\",\"name\":\"Sonora en Equipo.\",\"description\":\"Diario en l\u00ednea con Noticias desde Hermosillo, Sonora\",\"publisher\":{\"@id\":\"https:\/\/www.sonoraenequipo.com.mx\/#organization\"},\"potentialAction\":[{\"@type\":\"SearchAction\",\"target\":{\"@type\":\"EntryPoint\",\"urlTemplate\":\"https:\/\/www.sonoraenequipo.com.mx\/?s={search_term_string}\"},\"query-input\":{\"@type\":\"PropertyValueSpecification\",\"valueRequired\":true,\"valueName\":\"search_term_string\"}}],\"inLanguage\":\"es\"},{\"@type\":\"Organization\",\"@id\":\"https:\/\/www.sonoraenequipo.com.mx\/#organization\",\"name\":\"Sonoraenequipo.com.mx\",\"url\":\"https:\/\/www.sonoraenequipo.com.mx\/\",\"logo\":{\"@type\":\"ImageObject\",\"inLanguage\":\"es\",\"@id\":\"https:\/\/www.sonoraenequipo.com.mx\/#\/schema\/logo\/image\/\",\"url\":\"https:\/\/www.sonoraenequipo.com.mx\/storage\/2019\/01\/sonoraenequipo_opt.png\",\"contentUrl\":\"https:\/\/www.sonoraenequipo.com.mx\/storage\/2019\/01\/sonoraenequipo_opt.png\",\"width\":375,\"height\":125,\"caption\":\"Sonoraenequipo.com.mx\"},\"image\":{\"@id\":\"https:\/\/www.sonoraenequipo.com.mx\/#\/schema\/logo\/image\/\"},\"sameAs\":[\"https:\/\/www.facebook.com\/SonoraEE\/\",\"https:\/\/x.com\/sonoraenequipo\",\"https:\/\/www.youtube.com\/channel\/UC338nW-lPEYmJQs4ZABQ1SQ\"]},{\"@type\":\"Person\",\"@id\":\"https:\/\/www.sonoraenequipo.com.mx\/#\/schema\/person\/50102df0fb23a8fa9e8effad8fa81386\",\"name\":\"enequipo\",\"image\":{\"@type\":\"ImageObject\",\"inLanguage\":\"es\",\"@id\":\"https:\/\/www.sonoraenequipo.com.mx\/#\/schema\/person\/image\/\",\"url\":\"https:\/\/secure.gravatar.com\/avatar\/049821681b589dabc0bc20695993ccebb09f5b5d4d790cd9251b97faac7c652b?s=96&d=blank&r=g\",\"contentUrl\":\"https:\/\/secure.gravatar.com\/avatar\/049821681b589dabc0bc20695993ccebb09f5b5d4d790cd9251b97faac7c652b?s=96&d=blank&r=g\",\"caption\":\"enequipo\"},\"sameAs\":[\"https:\/\/www.facebook.com\/SonoraEE\"]}]}<\/script>\n ","yoast_head_json":{"title":"Sonora en Equipo. Llama Ayuntamiento de Hermosillo a desecho responsable de pinos navide\u00f1os naturales Municipios","description":"HERMOSILLO, SONORA. MX. \u2014\u00a0 Para que se realice la disposici\u00f3n responsable de pinos naturales navide\u00f1os, de forma segura y compatible con el medio En Sonora en Equipo publicamos toda la informaci\u00f3n de Sonora, M\u00e9xico y el Mundo de manera oportuna y busca que la libertad de expresi\u00f3n sea real. Visita nuestro medio informativo publicado desde Hermosillo, Sonora. %","robots":{"index":"index","follow":"follow","max-snippet":"max-snippet:-1","max-image-preview":"max-image-preview:large","max-video-preview":"max-video-preview:-1"},"canonical":"https:\/\/www.sonoraenequipo.com.mx\/llama-ayuntamiento-de-hermosillo-a-desecho-responsable-de-pinos-navidenos-naturales\/","og_locale":"es_ES","og_type":"article","og_title":"Sonora en Equipo. Llama Ayuntamiento de Hermosillo a desecho responsable de pinos navide\u00f1os naturales Municipios","og_description":"HERMOSILLO, SONORA. MX. \u2014\u00a0 Para que se realice la disposici\u00f3n responsable de pinos naturales navide\u00f1os, de forma segura y compatible con el medio En Sonora en Equipo publicamos toda la informaci\u00f3n de Sonora, M\u00e9xico y el Mundo de manera oportuna y busca que la libertad de expresi\u00f3n sea real. Visita nuestro medio informativo publicado desde Hermosillo, Sonora. %","og_url":"https:\/\/www.sonoraenequipo.com.mx\/llama-ayuntamiento-de-hermosillo-a-desecho-responsable-de-pinos-navidenos-naturales\/","og_site_name":"Sonora en Equipo.","article_publisher":"https:\/\/www.facebook.com\/SonoraEE\/","article_author":"https:\/\/www.facebook.com\/SonoraEE","article_published_time":"2024-01-04T00:59:35+00:00","og_image":[{"width":900,"height":591,"url":"https:\/\/www.sonoraenequipo.com.mx\/storage\/2024\/01\/desecho-responsable-de-pinos-navidenos-naturales-min-1.jpg","type":"image\/jpeg"}],"author":"enequipo","twitter_card":"summary_large_image","twitter_creator":"@sonoraenequipo","twitter_site":"@sonoraenequipo","twitter_misc":{"Escrito por":"enequipo","Tiempo de lectura":"2 minutos"},"schema":{"@context":"https:\/\/schema.org","@graph":[{"@type":"Article","@id":"https:\/\/www.sonoraenequipo.com.mx\/llama-ayuntamiento-de-hermosillo-a-desecho-responsable-de-pinos-navidenos-naturales\/#article","isPartOf":{"@id":"https:\/\/www.sonoraenequipo.com.mx\/llama-ayuntamiento-de-hermosillo-a-desecho-responsable-de-pinos-navidenos-naturales\/"},"author":{"name":"enequipo","@id":"https:\/\/www.sonoraenequipo.com.mx\/#\/schema\/person\/50102df0fb23a8fa9e8effad8fa81386"},"headline":"Llama Ayuntamiento de Hermosillo a desecho responsable de pinos navide\u00f1os naturales","datePublished":"2024-01-04T00:59:35+00:00","mainEntityOfPage":{"@id":"https:\/\/www.sonoraenequipo.com.mx\/llama-ayuntamiento-de-hermosillo-a-desecho-responsable-de-pinos-navidenos-naturales\/"},"wordCount":369,"commentCount":0,"publisher":{"@id":"https:\/\/www.sonoraenequipo.com.mx\/#organization"},"image":{"@id":"https:\/\/www.sonoraenequipo.com.mx\/llama-ayuntamiento-de-hermosillo-a-desecho-responsable-de-pinos-navidenos-naturales\/#primaryimage"},"thumbnailUrl":"https:\/\/www.sonoraenequipo.com.mx\/storage\/2024\/01\/desecho-responsable-de-pinos-navidenos-naturales-min-1.jpg","articleSection":["Municipios"],"inLanguage":"es","potentialAction":[{"@type":"CommentAction","name":"Comment","target":["https:\/\/www.sonoraenequipo.com.mx\/llama-ayuntamiento-de-hermosillo-a-desecho-responsable-de-pinos-navidenos-naturales\/#respond"]}]},{"@type":"WebPage","@id":"https:\/\/www.sonoraenequipo.com.mx\/llama-ayuntamiento-de-hermosillo-a-desecho-responsable-de-pinos-navidenos-naturales\/","url":"https:\/\/www.sonoraenequipo.com.mx\/llama-ayuntamiento-de-hermosillo-a-desecho-responsable-de-pinos-navidenos-naturales\/","name":"Sonora en Equipo. Llama Ayuntamiento de Hermosillo a desecho responsable de pinos navide\u00f1os naturales Municipios","isPartOf":{"@id":"https:\/\/www.sonoraenequipo.com.mx\/#website"},"primaryImageOfPage":{"@id":"https:\/\/www.sonoraenequipo.com.mx\/llama-ayuntamiento-de-hermosillo-a-desecho-responsable-de-pinos-navidenos-naturales\/#primaryimage"},"image":{"@id":"https:\/\/www.sonoraenequipo.com.mx\/llama-ayuntamiento-de-hermosillo-a-desecho-responsable-de-pinos-navidenos-naturales\/#primaryimage"},"thumbnailUrl":"https:\/\/www.sonoraenequipo.com.mx\/storage\/2024\/01\/desecho-responsable-de-pinos-navidenos-naturales-min-1.jpg","datePublished":"2024-01-04T00:59:35+00:00","description":"HERMOSILLO, SONORA. MX. \u2014\u00a0 Para que se realice la disposici\u00f3n responsable de pinos naturales navide\u00f1os, de forma segura y compatible con el medio En Sonora en Equipo publicamos toda la informaci\u00f3n de Sonora, M\u00e9xico y el Mundo de manera oportuna y busca que la libertad de expresi\u00f3n sea real. Visita nuestro medio informativo publicado desde Hermosillo, Sonora. %","breadcrumb":{"@id":"https:\/\/www.sonoraenequipo.com.mx\/llama-ayuntamiento-de-hermosillo-a-desecho-responsable-de-pinos-navidenos-naturales\/#breadcrumb"},"inLanguage":"es","potentialAction":[{"@type":"ReadAction","target":["https:\/\/www.sonoraenequipo.com.mx\/llama-ayuntamiento-de-hermosillo-a-desecho-responsable-de-pinos-navidenos-naturales\/"]}]},{"@type":"ImageObject","inLanguage":"es","@id":"https:\/\/www.sonoraenequipo.com.mx\/llama-ayuntamiento-de-hermosillo-a-desecho-responsable-de-pinos-navidenos-naturales\/#primaryimage","url":"https:\/\/www.sonoraenequipo.com.mx\/storage\/2024\/01\/desecho-responsable-de-pinos-navidenos-naturales-min-1.jpg","contentUrl":"https:\/\/www.sonoraenequipo.com.mx\/storage\/2024\/01\/desecho-responsable-de-pinos-navidenos-naturales-min-1.jpg","width":900,"height":591},{"@type":"BreadcrumbList","@id":"https:\/\/www.sonoraenequipo.com.mx\/llama-ayuntamiento-de-hermosillo-a-desecho-responsable-de-pinos-navidenos-naturales\/#breadcrumb","itemListElement":[{"@type":"ListItem","position":1,"name":"Portada","item":"https:\/\/www.sonoraenequipo.com.mx\/"},{"@type":"ListItem","position":2,"name":"Llama Ayuntamiento de Hermosillo a desecho responsable de pinos navide\u00f1os naturales"}]},{"@type":"WebSite","@id":"https:\/\/www.sonoraenequipo.com.mx\/#website","url":"https:\/\/www.sonoraenequipo.com.mx\/","name":"Sonora en Equipo.","description":"Diario en l\u00ednea con Noticias desde Hermosillo, Sonora","publisher":{"@id":"https:\/\/www.sonoraenequipo.com.mx\/#organization"},"potentialAction":[{"@type":"SearchAction","target":{"@type":"EntryPoint","urlTemplate":"https:\/\/www.sonoraenequipo.com.mx\/?s={search_term_string}"},"query-input":{"@type":"PropertyValueSpecification","valueRequired":true,"valueName":"search_term_string"}}],"inLanguage":"es"},{"@type":"Organization","@id":"https:\/\/www.sonoraenequipo.com.mx\/#organization","name":"Sonoraenequipo.com.mx","url":"https:\/\/www.sonoraenequipo.com.mx\/","logo":{"@type":"ImageObject","inLanguage":"es","@id":"https:\/\/www.sonoraenequipo.com.mx\/#\/schema\/logo\/image\/","url":"https:\/\/www.sonoraenequipo.com.mx\/storage\/2019\/01\/sonoraenequipo_opt.png","contentUrl":"https:\/\/www.sonoraenequipo.com.mx\/storage\/2019\/01\/sonoraenequipo_opt.png","width":375,"height":125,"caption":"Sonoraenequipo.com.mx"},"image":{"@id":"https:\/\/www.sonoraenequipo.com.mx\/#\/schema\/logo\/image\/"},"sameAs":["https:\/\/www.facebook.com\/SonoraEE\/","https:\/\/x.com\/sonoraenequipo","https:\/\/www.youtube.com\/channel\/UC338nW-lPEYmJQs4ZABQ1SQ"]},{"@type":"Person","@id":"https:\/\/www.sonoraenequipo.com.mx\/#\/schema\/person\/50102df0fb23a8fa9e8effad8fa81386","name":"enequipo","image":{"@type":"ImageObject","inLanguage":"es","@id":"https:\/\/www.sonoraenequipo.com.mx\/#\/schema\/person\/image\/","url":"https:\/\/secure.gravatar.com\/avatar\/049821681b589dabc0bc20695993ccebb09f5b5d4d790cd9251b97faac7c652b?s=96&d=blank&r=g","contentUrl":"https:\/\/secure.gravatar.com\/avatar\/049821681b589dabc0bc20695993ccebb09f5b5d4d790cd9251b97faac7c652b?s=96&d=blank&r=g","caption":"enequipo"},"sameAs":["https:\/\/www.facebook.com\/SonoraEE"]}]}},"jetpack_featured_media_url":"https:\/\/www.sonoraenequipo.com.mx\/storage\/2024\/01\/desecho-responsable-de-pinos-navidenos-naturales-min-1.jpg","_links":{"self":[{"href":"https:\/\/www.sonoraenequipo.com.mx\/api\/wp\/v2\/posts\/181445","targetHints":{"allow":["GET"]}}],"collection":[{"href":"https:\/\/www.sonoraenequipo.com.mx\/api\/wp\/v2\/posts"}],"about":[{"href":"https:\/\/www.sonoraenequipo.com.mx\/api\/wp\/v2\/types\/post"}],"author":[{"embeddable":true,"href":"https:\/\/www.sonoraenequipo.com.mx\/api\/wp\/v2\/users\/1"}],"replies":[{"embeddable":true,"href":"https:\/\/www.sonoraenequipo.com.mx\/api\/wp\/v2\/comments?post=181445"}],"version-history":[{"count":1,"href":"https:\/\/www.sonoraenequipo.com.mx\/api\/wp\/v2\/posts\/181445\/revisions"}],"predecessor-version":[{"id":181452,"href":"https:\/\/www.sonoraenequipo.com.mx\/api\/wp\/v2\/posts\/181445\/revisions\/181452"}],"wp:featuredmedia":[{"embeddable":true,"href":"https:\/\/www.sonoraenequipo.com.mx\/api\/wp\/v2\/media\/181446"}],"wp:attachment":[{"href":"https:\/\/www.sonoraenequipo.com.mx\/api\/wp\/v2\/media?parent=181445"}],"wp:term":[{"taxonomy":"category","embeddable":true,"href":"https:\/\/www.sonoraenequipo.com.mx\/api\/wp\/v2\/categories?post=181445"},{"taxonomy":"post_tag","embeddable":true,"href":"https:\/\/www.sonoraenequipo.com.mx\/api\/wp\/v2\/tags?post=181445"}],"curies":[{"name":"wp","href":"https:\/\/api.w.org\/{rel}","templated":true}]}}