{"id":181454,"date":"2024-01-03T11:10:15","date_gmt":"2024-01-03T18:10:15","guid":{"rendered":"https:\/\/www.sonoraenequipo.com.mx\/?p=181454"},"modified":"2024-01-03T18:02:58","modified_gmt":"2024-01-04T01:02:58","slug":"gobierno-de-mexico-colabora-en-busqueda-de-31-migrantes-desaparecidos-en-tamaulipas","status":"publish","type":"post","link":"https:\/\/www.sonoraenequipo.com.mx\/gobierno-de-mexico-colabora-en-busqueda-de-31-migrantes-desaparecidos-en-tamaulipas\/","title":{"rendered":"Gobierno de M\u00e9xico colabora en b\u00fasqueda de 31 migrantes desaparecidos en Tamaulipas"},"content":{"rendered":"<p><strong>M\u00c9RIDA, YUCAT\u00c1N. MX. \u2014<\/strong> El Gobierno de M\u00e9xico colabora con la Fiscal\u00eda General de Justicia de Tamaulipas en la b\u00fasqueda de 31 migrantes desaparecidos el pasado 30 de diciembre en la autopista Reynosa-Matamoros, hecho at\u00edpico en la regi\u00f3n, indic\u00f3 la secretaria de Seguridad y Protecci\u00f3n Ciudadana, Rosa Icela Rodr\u00edguez Vel\u00e1zquez.<\/p>\n<p>&nbsp;<\/p>\n<p> <br \/>\nLuego de la reuni\u00f3n del Gabinete de Seguridad en Yucat\u00e1n, la titular de la SSPC refiri\u00f3 que el gobierno estatal cuenta con el apoyo de la federaci\u00f3n a trav\u00e9s de las secretar\u00edas de Marina, de la Defensa Nacional y de Seguridad y Protecci\u00f3n Ciudadana, as\u00ed como la Guardia Nacional y el Instituto Nacional de Migraci\u00f3n.<\/p>\n<p>&nbsp;<\/p>\n<p>En conferencia de prensa matutina con el presidente Andr\u00e9s Manuel L\u00f3pez Obrador, puntualiz\u00f3 las acciones de b\u00fasqueda, entre ellas, el an\u00e1lisis de videos y el seguimiento de los tel\u00e9fonos para localizar a las 31 personas y dar con los responsables de este delito.<\/p>\n<p>&nbsp;<\/p>\n<p>De igual manera, son rastreados diversos sitios aleda\u00f1os a la desaparici\u00f3n mediante el empleo de binomios caninos.<\/p>\n<p>&nbsp;<\/p>\n<p>\u201cHoy en la ma\u00f1ana vimos cu\u00e1les eran las colonias en donde se presume que est\u00e1n ya siendo buscados\u201d, expuso la secretaria.<\/p>\n<p>&nbsp;<\/p>\n<p>Ante representantes de medios de comunicaci\u00f3n dio a conocer la narrativa de los hechos: la privaci\u00f3n ilegal de la libertad de los 31 migrantes sucedi\u00f3 en el autob\u00fas con n\u00famero 9570 de la corrida Monterrey-Matamoros, el cual fue detenido en dicha carretera por hombres armados en el kil\u00f3metro 6 despu\u00e9s de la caseta de cobro.<\/p>\n<p>&nbsp;<\/p>\n<p>De 36 pasajeros, 31 fueron obligados a descender de la unidad y a abordar cinco camionetas. Los migrantes privados de la libertad son de nacionalidad venezolana, ecuatoriana, hondure\u00f1a, colombiana y mexicana.<\/p>\n<p>&nbsp;<\/p>\n<p><em><strong>\u201cNosotros tenemos confianza en que el operativo de b\u00fasqueda tendr\u00e1 resultados. Esperemos m\u00e1s pronto que tarde los buenos resultados de esta b\u00fasqueda. Entonces, seguimos en los operativos y pues la instrucci\u00f3n del se\u00f1or presidente es: \u2018dense prisa y esto es urgente\u2019; estamos nosotros realizando este trabajo\u201d<\/strong><\/em>, asever\u00f3 la funcionaria.<\/p>\n<p>&nbsp;<\/p>\n<p>El presidente L\u00f3pez Obrador confi\u00f3 en las acciones estatales encabezadas por el gobernador Am\u00e9rico Villarreal Anaya.<\/p>\n<p>&nbsp;<\/p>\n<p><em><strong>\u201cNos da mucha confianza que en Tamaulipas haya un gobierno \u00edntegro, eficiente, responsable. Ellos est\u00e1n haciendo su labor y bien; yo espero que pronto tengamos resultados. (\u2026) Se requiere de cierto sigilo, est\u00e1n de por medio las vidas de las personas, pero s\u00ed se va avanzando\u201d,<\/strong><\/em> afirm\u00f3.<\/p>\n<p>&nbsp;<\/p>\n<p>&nbsp;<\/p>\n<p><em><strong>\u201cDesde luego, lo que deseamos es encontrarlos a todos sanos y salvos, y estamos haciendo ese trabajo con el gobierno de Tamaulipas; se est\u00e1 reforzando la b\u00fasqueda con elementos de la Guardia Nacional y de la Secretar\u00eda de la Defensa, muchos m\u00e1s elementos y helic\u00f3pteros y todo lo que se necesite para apoyar al doctor Am\u00e9rico Villarreal y a la fiscal\u00eda estatal\u201d<\/strong><\/em>, a\u00f1adi\u00f3.<\/p>\n<p>&nbsp;<\/p>\n<p>&nbsp;<\/p>\n<p>En la Base A\u00e9rea Militar No. 8 de M\u00e9rida reiter\u00f3 el compromiso del Gobierno de M\u00e9xico de proteger la integridad de los migrantes en su paso por el pa\u00eds, al tiempo que previene la comisi\u00f3n del delito de extorsi\u00f3n a sus familiares.<\/p>\n<p>&nbsp;<\/p>\n<p><em><strong>\u201cSe est\u00e1 haciendo la investigaci\u00f3n, pero tambi\u00e9n esto debe de llevarnos a pensar que es muy importante cuidar a los migrantes y la mejor manera de cuidarlos es que tengamos m\u00e1s albergues, estancias, como lo estamos haciendo, en el sur-sureste, porque el peligro es la traves\u00eda no s\u00f3lo por secuestro sino por accidentes de autobuses, volcaduras, pierden la vida migrantes, entonces estamos trabajando en esto todo el tiempo\u201d<\/strong><\/em>, apunt\u00f3.<\/p>\n<p>&nbsp;<\/p>\n<p>El mandatario record\u00f3 que el delito de secuestro a nivel nacional mostr\u00f3 en noviembre del a\u00f1o pasado una reducci\u00f3n del 77.6 por ciento en relaci\u00f3n con el m\u00e1ximo hist\u00f3rico de enero de 2019, al pasar de 161 delitos a 36.<\/p>\n<p>&nbsp;<\/p>\n<p>\u201cHemos reducido la incidencia delictiva, menos robos, menos robos de veh\u00edculos, menos feminicidios, hemos reducido en un 20 por ciento de cuando llegamos a la fecha el delito de homicidio, 20 por ciento menos, en cinco a\u00f1os y el secuestro en m\u00e1s de 70 por ciento\u201d, acot\u00f3.<\/p>\n<p>&nbsp;<\/p>\n<p>&nbsp;<\/p>\n<p>Secretar\u00eda de Gobernaci\u00f3n confirma rescate de 31 migrantes en Tamaulipas<\/p>\n<p>&nbsp;<\/p>\n<p>A trav\u00e9s de sus redes sociales, la secretaria de Gobernaci\u00f3n, Luisa Mar\u00eda Alcalde Luj\u00e1n, dio a conocer a las 13:32 horas de este mi\u00e9rcoles 3 de enero el rescate de los 31 migrantes secuestrados en Tamaulipas, de acuerdo con el reporte del gobernador Am\u00e9rico Villarreal Anaya.<\/p>\n<p>&nbsp;<\/p>\n<p>En la publicaci\u00f3n la titular de Segob reconoci\u00f3 la labor de las autoridades estatales e integrantes de la Guardia Nacional y de las Fuerzas Armadas.<\/p>\n<p>&nbsp;<\/p>\n<p>PUBLICADO EL 03 DE ENERO DE 2024 Con informaci\u00f3n de Conferencia matutina presidencial)<\/p>\n","protected":false},"excerpt":{"rendered":"<p>M\u00c9RIDA, YUCAT\u00c1N. MX. \u2014 El Gobierno de M\u00e9xico colabora con la Fiscal\u00eda General de Justicia&#8230;<\/p>\n","protected":false},"author":1,"featured_media":181449,"comment_status":"open","ping_status":"open","sticky":false,"template":"","format":"standard","meta":{"_monsterinsights_skip_tracking":false,"_monsterinsights_sitenote_active":false,"_monsterinsights_sitenote_note":"","_monsterinsights_sitenote_category":0,"footnotes":""},"categories":[5],"tags":[],"class_list":["post"],"yoast_head":" \n<title>Sonora en Equipo. Gobierno de M\u00e9xico colabora en b\u00fasqueda de 31 migrantes desaparecidos en Tamaulipas Rep\u00fablica<\/title>\n<meta name=\"description\" content=\"M\u00c9RIDA, YUCAT\u00c1N. MX. \u2014 El Gobierno de M\u00e9xico colabora con la Fiscal\u00eda General de Justicia de Tamaulipas en la b\u00fasqueda de 31 migrantes desaparecidos el En Sonora en Equipo publicamos toda la informaci\u00f3n de Sonora, M\u00e9xico y el Mundo de manera oportuna y busca que la libertad de expresi\u00f3n sea real. Visita nuestro medio informativo publicado desde Hermosillo, Sonora. %\" \/>\n<meta name=\"robots\" content=\"index, follow, max-snippet:-1, max-image-preview:large, max-video-preview:-1\" \/>\n<link rel=\"canonical\" href=\"https:\/\/www.sonoraenequipo.com.mx\/gobierno-de-mexico-colabora-en-busqueda-de-31-migrantes-desaparecidos-en-tamaulipas\/\" \/>\n<meta property=\"og:locale\" content=\"es_ES\" \/>\n<meta property=\"og:type\" content=\"article\" \/>\n<meta property=\"og:title\" content=\"Sonora en Equipo. Gobierno de M\u00e9xico colabora en b\u00fasqueda de 31 migrantes desaparecidos en Tamaulipas Rep\u00fablica\" \/>\n<meta property=\"og:description\" content=\"M\u00c9RIDA, YUCAT\u00c1N. MX. \u2014 El Gobierno de M\u00e9xico colabora con la Fiscal\u00eda General de Justicia de Tamaulipas en la b\u00fasqueda de 31 migrantes desaparecidos el En Sonora en Equipo publicamos toda la informaci\u00f3n de Sonora, M\u00e9xico y el Mundo de manera oportuna y busca que la libertad de expresi\u00f3n sea real. Visita nuestro medio informativo publicado desde Hermosillo, Sonora. %\" \/>\n<meta property=\"og:url\" content=\"https:\/\/www.sonoraenequipo.com.mx\/gobierno-de-mexico-colabora-en-busqueda-de-31-migrantes-desaparecidos-en-tamaulipas\/\" \/>\n<meta property=\"og:site_name\" content=\"Sonora en Equipo.\" \/>\n<meta property=\"article:publisher\" content=\"https:\/\/www.facebook.com\/SonoraEE\/\" \/>\n<meta property=\"article:author\" content=\"https:\/\/www.facebook.com\/SonoraEE\" \/>\n<meta property=\"article:published_time\" content=\"2024-01-03T18:10:15+00:00\" \/>\n<meta property=\"article:modified_time\" content=\"2024-01-04T01:02:58+00:00\" \/>\n<meta property=\"og:image\" content=\"https:\/\/www.sonoraenequipo.com.mx\/storage\/2024\/01\/amlo-2024.-seguridad-en-el-pais-min.jpg\" \/>\n\t<meta property=\"og:image:width\" content=\"888\" \/>\n\t<meta property=\"og:image:height\" content=\"515\" \/>\n\t<meta property=\"og:image:type\" content=\"image\/jpeg\" \/>\n<meta name=\"author\" content=\"enequipo\" \/>\n<meta name=\"twitter:card\" content=\"summary_large_image\" \/>\n<meta name=\"twitter:creator\" content=\"@sonoraenequipo\" \/>\n<meta name=\"twitter:site\" content=\"@sonoraenequipo\" \/>\n<meta name=\"twitter:label1\" content=\"Escrito por\" \/>\n\t<meta name=\"twitter:data1\" content=\"enequipo\" \/>\n\t<meta name=\"twitter:label2\" content=\"Tiempo de lectura\" \/>\n\t<meta name=\"twitter:data2\" content=\"4 minutos\" \/>\n<script type=\"application\/ld+json\" class=\"yoast-schema-graph\">{\"@context\":\"https:\/\/schema.org\",\"@graph\":[{\"@type\":\"Article\",\"@id\":\"https:\/\/www.sonoraenequipo.com.mx\/gobierno-de-mexico-colabora-en-busqueda-de-31-migrantes-desaparecidos-en-tamaulipas\/#article\",\"isPartOf\":{\"@id\":\"https:\/\/www.sonoraenequipo.com.mx\/gobierno-de-mexico-colabora-en-busqueda-de-31-migrantes-desaparecidos-en-tamaulipas\/\"},\"author\":{\"name\":\"enequipo\",\"@id\":\"https:\/\/www.sonoraenequipo.com.mx\/#\/schema\/person\/50102df0fb23a8fa9e8effad8fa81386\"},\"headline\":\"Gobierno de M\u00e9xico colabora en b\u00fasqueda de 31 migrantes desaparecidos en Tamaulipas\",\"datePublished\":\"2024-01-03T18:10:15+00:00\",\"dateModified\":\"2024-01-04T01:02:58+00:00\",\"mainEntityOfPage\":{\"@id\":\"https:\/\/www.sonoraenequipo.com.mx\/gobierno-de-mexico-colabora-en-busqueda-de-31-migrantes-desaparecidos-en-tamaulipas\/\"},\"wordCount\":828,\"commentCount\":0,\"publisher\":{\"@id\":\"https:\/\/www.sonoraenequipo.com.mx\/#organization\"},\"image\":{\"@id\":\"https:\/\/www.sonoraenequipo.com.mx\/gobierno-de-mexico-colabora-en-busqueda-de-31-migrantes-desaparecidos-en-tamaulipas\/#primaryimage\"},\"thumbnailUrl\":\"https:\/\/www.sonoraenequipo.com.mx\/storage\/2024\/01\/amlo-2024.-seguridad-en-el-pais-min.jpg\",\"articleSection\":[\"Rep\u00fablica\"],\"inLanguage\":\"es\",\"potentialAction\":[{\"@type\":\"CommentAction\",\"name\":\"Comment\",\"target\":[\"https:\/\/www.sonoraenequipo.com.mx\/gobierno-de-mexico-colabora-en-busqueda-de-31-migrantes-desaparecidos-en-tamaulipas\/#respond\"]}]},{\"@type\":\"WebPage\",\"@id\":\"https:\/\/www.sonoraenequipo.com.mx\/gobierno-de-mexico-colabora-en-busqueda-de-31-migrantes-desaparecidos-en-tamaulipas\/\",\"url\":\"https:\/\/www.sonoraenequipo.com.mx\/gobierno-de-mexico-colabora-en-busqueda-de-31-migrantes-desaparecidos-en-tamaulipas\/\",\"name\":\"Sonora en Equipo. Gobierno de M\u00e9xico colabora en b\u00fasqueda de 31 migrantes desaparecidos en Tamaulipas Rep\u00fablica\",\"isPartOf\":{\"@id\":\"https:\/\/www.sonoraenequipo.com.mx\/#website\"},\"primaryImageOfPage\":{\"@id\":\"https:\/\/www.sonoraenequipo.com.mx\/gobierno-de-mexico-colabora-en-busqueda-de-31-migrantes-desaparecidos-en-tamaulipas\/#primaryimage\"},\"image\":{\"@id\":\"https:\/\/www.sonoraenequipo.com.mx\/gobierno-de-mexico-colabora-en-busqueda-de-31-migrantes-desaparecidos-en-tamaulipas\/#primaryimage\"},\"thumbnailUrl\":\"https:\/\/www.sonoraenequipo.com.mx\/storage\/2024\/01\/amlo-2024.-seguridad-en-el-pais-min.jpg\",\"datePublished\":\"2024-01-03T18:10:15+00:00\",\"dateModified\":\"2024-01-04T01:02:58+00:00\",\"description\":\"M\u00c9RIDA, YUCAT\u00c1N. MX. \u2014 El Gobierno de M\u00e9xico colabora con la Fiscal\u00eda General de Justicia de Tamaulipas en la b\u00fasqueda de 31 migrantes desaparecidos el En Sonora en Equipo publicamos toda la informaci\u00f3n de Sonora, M\u00e9xico y el Mundo de manera oportuna y busca que la libertad de expresi\u00f3n sea real. Visita nuestro medio informativo publicado desde Hermosillo, Sonora. %\",\"breadcrumb\":{\"@id\":\"https:\/\/www.sonoraenequipo.com.mx\/gobierno-de-mexico-colabora-en-busqueda-de-31-migrantes-desaparecidos-en-tamaulipas\/#breadcrumb\"},\"inLanguage\":\"es\",\"potentialAction\":[{\"@type\":\"ReadAction\",\"target\":[\"https:\/\/www.sonoraenequipo.com.mx\/gobierno-de-mexico-colabora-en-busqueda-de-31-migrantes-desaparecidos-en-tamaulipas\/\"]}]},{\"@type\":\"ImageObject\",\"inLanguage\":\"es\",\"@id\":\"https:\/\/www.sonoraenequipo.com.mx\/gobierno-de-mexico-colabora-en-busqueda-de-31-migrantes-desaparecidos-en-tamaulipas\/#primaryimage\",\"url\":\"https:\/\/www.sonoraenequipo.com.mx\/storage\/2024\/01\/amlo-2024.-seguridad-en-el-pais-min.jpg\",\"contentUrl\":\"https:\/\/www.sonoraenequipo.com.mx\/storage\/2024\/01\/amlo-2024.-seguridad-en-el-pais-min.jpg\",\"width\":888,\"height\":515},{\"@type\":\"BreadcrumbList\",\"@id\":\"https:\/\/www.sonoraenequipo.com.mx\/gobierno-de-mexico-colabora-en-busqueda-de-31-migrantes-desaparecidos-en-tamaulipas\/#breadcrumb\",\"itemListElement\":[{\"@type\":\"ListItem\",\"position\":1,\"name\":\"Portada\",\"item\":\"https:\/\/www.sonoraenequipo.com.mx\/\"},{\"@type\":\"ListItem\",\"position\":2,\"name\":\"Gobierno de M\u00e9xico colabora en b\u00fasqueda de 31 migrantes desaparecidos en Tamaulipas\"}]},{\"@type\":\"WebSite\",\"@id\":\"https:\/\/www.sonoraenequipo.com.mx\/#website\",\"url\":\"https:\/\/www.sonoraenequipo.com.mx\/\",\"name\":\"Sonora en Equipo.\",\"description\":\"Diario en l\u00ednea con Noticias desde Hermosillo, Sonora\",\"publisher\":{\"@id\":\"https:\/\/www.sonoraenequipo.com.mx\/#organization\"},\"potentialAction\":[{\"@type\":\"SearchAction\",\"target\":{\"@type\":\"EntryPoint\",\"urlTemplate\":\"https:\/\/www.sonoraenequipo.com.mx\/?s={search_term_string}\"},\"query-input\":{\"@type\":\"PropertyValueSpecification\",\"valueRequired\":true,\"valueName\":\"search_term_string\"}}],\"inLanguage\":\"es\"},{\"@type\":\"Organization\",\"@id\":\"https:\/\/www.sonoraenequipo.com.mx\/#organization\",\"name\":\"Sonoraenequipo.com.mx\",\"url\":\"https:\/\/www.sonoraenequipo.com.mx\/\",\"logo\":{\"@type\":\"ImageObject\",\"inLanguage\":\"es\",\"@id\":\"https:\/\/www.sonoraenequipo.com.mx\/#\/schema\/logo\/image\/\",\"url\":\"https:\/\/www.sonoraenequipo.com.mx\/storage\/2019\/01\/sonoraenequipo_opt.png\",\"contentUrl\":\"https:\/\/www.sonoraenequipo.com.mx\/storage\/2019\/01\/sonoraenequipo_opt.png\",\"width\":375,\"height\":125,\"caption\":\"Sonoraenequipo.com.mx\"},\"image\":{\"@id\":\"https:\/\/www.sonoraenequipo.com.mx\/#\/schema\/logo\/image\/\"},\"sameAs\":[\"https:\/\/www.facebook.com\/SonoraEE\/\",\"https:\/\/x.com\/sonoraenequipo\",\"https:\/\/www.youtube.com\/channel\/UC338nW-lPEYmJQs4ZABQ1SQ\"]},{\"@type\":\"Person\",\"@id\":\"https:\/\/www.sonoraenequipo.com.mx\/#\/schema\/person\/50102df0fb23a8fa9e8effad8fa81386\",\"name\":\"enequipo\",\"image\":{\"@type\":\"ImageObject\",\"inLanguage\":\"es\",\"@id\":\"https:\/\/www.sonoraenequipo.com.mx\/#\/schema\/person\/image\/\",\"url\":\"https:\/\/secure.gravatar.com\/avatar\/049821681b589dabc0bc20695993ccebb09f5b5d4d790cd9251b97faac7c652b?s=96&d=blank&r=g\",\"contentUrl\":\"https:\/\/secure.gravatar.com\/avatar\/049821681b589dabc0bc20695993ccebb09f5b5d4d790cd9251b97faac7c652b?s=96&d=blank&r=g\",\"caption\":\"enequipo\"},\"sameAs\":[\"https:\/\/www.facebook.com\/SonoraEE\"]}]}<\/script>\n ","yoast_head_json":{"title":"Sonora en Equipo. Gobierno de M\u00e9xico colabora en b\u00fasqueda de 31 migrantes desaparecidos en Tamaulipas Rep\u00fablica","description":"M\u00c9RIDA, YUCAT\u00c1N. MX. \u2014 El Gobierno de M\u00e9xico colabora con la Fiscal\u00eda General de Justicia de Tamaulipas en la b\u00fasqueda de 31 migrantes desaparecidos el En Sonora en Equipo publicamos toda la informaci\u00f3n de Sonora, M\u00e9xico y el Mundo de manera oportuna y busca que la libertad de expresi\u00f3n sea real. Visita nuestro medio informativo publicado desde Hermosillo, Sonora. %","robots":{"index":"index","follow":"follow","max-snippet":"max-snippet:-1","max-image-preview":"max-image-preview:large","max-video-preview":"max-video-preview:-1"},"canonical":"https:\/\/www.sonoraenequipo.com.mx\/gobierno-de-mexico-colabora-en-busqueda-de-31-migrantes-desaparecidos-en-tamaulipas\/","og_locale":"es_ES","og_type":"article","og_title":"Sonora en Equipo. Gobierno de M\u00e9xico colabora en b\u00fasqueda de 31 migrantes desaparecidos en Tamaulipas Rep\u00fablica","og_description":"M\u00c9RIDA, YUCAT\u00c1N. MX. \u2014 El Gobierno de M\u00e9xico colabora con la Fiscal\u00eda General de Justicia de Tamaulipas en la b\u00fasqueda de 31 migrantes desaparecidos el En Sonora en Equipo publicamos toda la informaci\u00f3n de Sonora, M\u00e9xico y el Mundo de manera oportuna y busca que la libertad de expresi\u00f3n sea real. Visita nuestro medio informativo publicado desde Hermosillo, Sonora. %","og_url":"https:\/\/www.sonoraenequipo.com.mx\/gobierno-de-mexico-colabora-en-busqueda-de-31-migrantes-desaparecidos-en-tamaulipas\/","og_site_name":"Sonora en Equipo.","article_publisher":"https:\/\/www.facebook.com\/SonoraEE\/","article_author":"https:\/\/www.facebook.com\/SonoraEE","article_published_time":"2024-01-03T18:10:15+00:00","article_modified_time":"2024-01-04T01:02:58+00:00","og_image":[{"width":888,"height":515,"url":"https:\/\/www.sonoraenequipo.com.mx\/storage\/2024\/01\/amlo-2024.-seguridad-en-el-pais-min.jpg","type":"image\/jpeg"}],"author":"enequipo","twitter_card":"summary_large_image","twitter_creator":"@sonoraenequipo","twitter_site":"@sonoraenequipo","twitter_misc":{"Escrito por":"enequipo","Tiempo de lectura":"4 minutos"},"schema":{"@context":"https:\/\/schema.org","@graph":[{"@type":"Article","@id":"https:\/\/www.sonoraenequipo.com.mx\/gobierno-de-mexico-colabora-en-busqueda-de-31-migrantes-desaparecidos-en-tamaulipas\/#article","isPartOf":{"@id":"https:\/\/www.sonoraenequipo.com.mx\/gobierno-de-mexico-colabora-en-busqueda-de-31-migrantes-desaparecidos-en-tamaulipas\/"},"author":{"name":"enequipo","@id":"https:\/\/www.sonoraenequipo.com.mx\/#\/schema\/person\/50102df0fb23a8fa9e8effad8fa81386"},"headline":"Gobierno de M\u00e9xico colabora en b\u00fasqueda de 31 migrantes desaparecidos en Tamaulipas","datePublished":"2024-01-03T18:10:15+00:00","dateModified":"2024-01-04T01:02:58+00:00","mainEntityOfPage":{"@id":"https:\/\/www.sonoraenequipo.com.mx\/gobierno-de-mexico-colabora-en-busqueda-de-31-migrantes-desaparecidos-en-tamaulipas\/"},"wordCount":828,"commentCount":0,"publisher":{"@id":"https:\/\/www.sonoraenequipo.com.mx\/#organization"},"image":{"@id":"https:\/\/www.sonoraenequipo.com.mx\/gobierno-de-mexico-colabora-en-busqueda-de-31-migrantes-desaparecidos-en-tamaulipas\/#primaryimage"},"thumbnailUrl":"https:\/\/www.sonoraenequipo.com.mx\/storage\/2024\/01\/amlo-2024.-seguridad-en-el-pais-min.jpg","articleSection":["Rep\u00fablica"],"inLanguage":"es","potentialAction":[{"@type":"CommentAction","name":"Comment","target":["https:\/\/www.sonoraenequipo.com.mx\/gobierno-de-mexico-colabora-en-busqueda-de-31-migrantes-desaparecidos-en-tamaulipas\/#respond"]}]},{"@type":"WebPage","@id":"https:\/\/www.sonoraenequipo.com.mx\/gobierno-de-mexico-colabora-en-busqueda-de-31-migrantes-desaparecidos-en-tamaulipas\/","url":"https:\/\/www.sonoraenequipo.com.mx\/gobierno-de-mexico-colabora-en-busqueda-de-31-migrantes-desaparecidos-en-tamaulipas\/","name":"Sonora en Equipo. Gobierno de M\u00e9xico colabora en b\u00fasqueda de 31 migrantes desaparecidos en Tamaulipas Rep\u00fablica","isPartOf":{"@id":"https:\/\/www.sonoraenequipo.com.mx\/#website"},"primaryImageOfPage":{"@id":"https:\/\/www.sonoraenequipo.com.mx\/gobierno-de-mexico-colabora-en-busqueda-de-31-migrantes-desaparecidos-en-tamaulipas\/#primaryimage"},"image":{"@id":"https:\/\/www.sonoraenequipo.com.mx\/gobierno-de-mexico-colabora-en-busqueda-de-31-migrantes-desaparecidos-en-tamaulipas\/#primaryimage"},"thumbnailUrl":"https:\/\/www.sonoraenequipo.com.mx\/storage\/2024\/01\/amlo-2024.-seguridad-en-el-pais-min.jpg","datePublished":"2024-01-03T18:10:15+00:00","dateModified":"2024-01-04T01:02:58+00:00","description":"M\u00c9RIDA, YUCAT\u00c1N. MX. \u2014 El Gobierno de M\u00e9xico colabora con la Fiscal\u00eda General de Justicia de Tamaulipas en la b\u00fasqueda de 31 migrantes desaparecidos el En Sonora en Equipo publicamos toda la informaci\u00f3n de Sonora, M\u00e9xico y el Mundo de manera oportuna y busca que la libertad de expresi\u00f3n sea real. Visita nuestro medio informativo publicado desde Hermosillo, Sonora. %","breadcrumb":{"@id":"https:\/\/www.sonoraenequipo.com.mx\/gobierno-de-mexico-colabora-en-busqueda-de-31-migrantes-desaparecidos-en-tamaulipas\/#breadcrumb"},"inLanguage":"es","potentialAction":[{"@type":"ReadAction","target":["https:\/\/www.sonoraenequipo.com.mx\/gobierno-de-mexico-colabora-en-busqueda-de-31-migrantes-desaparecidos-en-tamaulipas\/"]}]},{"@type":"ImageObject","inLanguage":"es","@id":"https:\/\/www.sonoraenequipo.com.mx\/gobierno-de-mexico-colabora-en-busqueda-de-31-migrantes-desaparecidos-en-tamaulipas\/#primaryimage","url":"https:\/\/www.sonoraenequipo.com.mx\/storage\/2024\/01\/amlo-2024.-seguridad-en-el-pais-min.jpg","contentUrl":"https:\/\/www.sonoraenequipo.com.mx\/storage\/2024\/01\/amlo-2024.-seguridad-en-el-pais-min.jpg","width":888,"height":515},{"@type":"BreadcrumbList","@id":"https:\/\/www.sonoraenequipo.com.mx\/gobierno-de-mexico-colabora-en-busqueda-de-31-migrantes-desaparecidos-en-tamaulipas\/#breadcrumb","itemListElement":[{"@type":"ListItem","position":1,"name":"Portada","item":"https:\/\/www.sonoraenequipo.com.mx\/"},{"@type":"ListItem","position":2,"name":"Gobierno de M\u00e9xico colabora en b\u00fasqueda de 31 migrantes desaparecidos en Tamaulipas"}]},{"@type":"WebSite","@id":"https:\/\/www.sonoraenequipo.com.mx\/#website","url":"https:\/\/www.sonoraenequipo.com.mx\/","name":"Sonora en Equipo.","description":"Diario en l\u00ednea con Noticias desde Hermosillo, Sonora","publisher":{"@id":"https:\/\/www.sonoraenequipo.com.mx\/#organization"},"potentialAction":[{"@type":"SearchAction","target":{"@type":"EntryPoint","urlTemplate":"https:\/\/www.sonoraenequipo.com.mx\/?s={search_term_string}"},"query-input":{"@type":"PropertyValueSpecification","valueRequired":true,"valueName":"search_term_string"}}],"inLanguage":"es"},{"@type":"Organization","@id":"https:\/\/www.sonoraenequipo.com.mx\/#organization","name":"Sonoraenequipo.com.mx","url":"https:\/\/www.sonoraenequipo.com.mx\/","logo":{"@type":"ImageObject","inLanguage":"es","@id":"https:\/\/www.sonoraenequipo.com.mx\/#\/schema\/logo\/image\/","url":"https:\/\/www.sonoraenequipo.com.mx\/storage\/2019\/01\/sonoraenequipo_opt.png","contentUrl":"https:\/\/www.sonoraenequipo.com.mx\/storage\/2019\/01\/sonoraenequipo_opt.png","width":375,"height":125,"caption":"Sonoraenequipo.com.mx"},"image":{"@id":"https:\/\/www.sonoraenequipo.com.mx\/#\/schema\/logo\/image\/"},"sameAs":["https:\/\/www.facebook.com\/SonoraEE\/","https:\/\/x.com\/sonoraenequipo","https:\/\/www.youtube.com\/channel\/UC338nW-lPEYmJQs4ZABQ1SQ"]},{"@type":"Person","@id":"https:\/\/www.sonoraenequipo.com.mx\/#\/schema\/person\/50102df0fb23a8fa9e8effad8fa81386","name":"enequipo","image":{"@type":"ImageObject","inLanguage":"es","@id":"https:\/\/www.sonoraenequipo.com.mx\/#\/schema\/person\/image\/","url":"https:\/\/secure.gravatar.com\/avatar\/049821681b589dabc0bc20695993ccebb09f5b5d4d790cd9251b97faac7c652b?s=96&d=blank&r=g","contentUrl":"https:\/\/secure.gravatar.com\/avatar\/049821681b589dabc0bc20695993ccebb09f5b5d4d790cd9251b97faac7c652b?s=96&d=blank&r=g","caption":"enequipo"},"sameAs":["https:\/\/www.facebook.com\/SonoraEE"]}]}},"jetpack_featured_media_url":"https:\/\/www.sonoraenequipo.com.mx\/storage\/2024\/01\/amlo-2024.-seguridad-en-el-pais-min.jpg","_links":{"self":[{"href":"https:\/\/www.sonoraenequipo.com.mx\/api\/wp\/v2\/posts\/181454","targetHints":{"allow":["GET"]}}],"collection":[{"href":"https:\/\/www.sonoraenequipo.com.mx\/api\/wp\/v2\/posts"}],"about":[{"href":"https:\/\/www.sonoraenequipo.com.mx\/api\/wp\/v2\/types\/post"}],"author":[{"embeddable":true,"href":"https:\/\/www.sonoraenequipo.com.mx\/api\/wp\/v2\/users\/1"}],"replies":[{"embeddable":true,"href":"https:\/\/www.sonoraenequipo.com.mx\/api\/wp\/v2\/comments?post=181454"}],"version-history":[{"count":1,"href":"https:\/\/www.sonoraenequipo.com.mx\/api\/wp\/v2\/posts\/181454\/revisions"}],"predecessor-version":[{"id":181455,"href":"https:\/\/www.sonoraenequipo.com.mx\/api\/wp\/v2\/posts\/181454\/revisions\/181455"}],"wp:featuredmedia":[{"embeddable":true,"href":"https:\/\/www.sonoraenequipo.com.mx\/api\/wp\/v2\/media\/181449"}],"wp:attachment":[{"href":"https:\/\/www.sonoraenequipo.com.mx\/api\/wp\/v2\/media?parent=181454"}],"wp:term":[{"taxonomy":"category","embeddable":true,"href":"https:\/\/www.sonoraenequipo.com.mx\/api\/wp\/v2\/categories?post=181454"},{"taxonomy":"post_tag","embeddable":true,"href":"https:\/\/www.sonoraenequipo.com.mx\/api\/wp\/v2\/tags?post=181454"}],"curies":[{"name":"wp","href":"https:\/\/api.w.org\/{rel}","templated":true}]}}