{"id":181458,"date":"2024-01-03T12:38:31","date_gmt":"2024-01-03T19:38:31","guid":{"rendered":"https:\/\/www.sonoraenequipo.com.mx\/?p=181458"},"modified":"2024-01-03T19:02:18","modified_gmt":"2024-01-04T02:02:18","slug":"yucatan-reduce-la-pobreza-con-inversion-publica-en-obras-y-programas-para-el-bienestar","status":"publish","type":"post","link":"https:\/\/www.sonoraenequipo.com.mx\/yucatan-reduce-la-pobreza-con-inversion-publica-en-obras-y-programas-para-el-bienestar\/","title":{"rendered":"Yucat\u00e1n reduce la pobreza con inversi\u00f3n p\u00fablica en obras y programas para el Bienestar"},"content":{"rendered":"<p><strong>M\u00c9RIDA, YUCAT\u00c1N. MX. \u2014<\/strong> Al encabezar la conferencia de prensa matutina en M\u00e9rida, el presidente Andr\u00e9s Manuel L\u00f3pez Obrador indic\u00f3 que la hist\u00f3rica inversi\u00f3n p\u00fablica, la implementaci\u00f3n de los Programas para el Bienestar, el aumento al salario m\u00ednimo y la llegada de remesas son factores que contribuyen a mejorar las condiciones de vida y los ingresos de la poblaci\u00f3n en Yucat\u00e1n, as\u00ed como a la reducci\u00f3n de la pobreza y la desigualdad.<\/p>\n<p>&nbsp;<\/p>\n<p> <br \/>\n<em><strong>\u201cTodo esto se conjuga y hace que mejoren las condiciones de vida en Yucat\u00e1n y se disminuya, se reduzca la pobreza. Y yo lo celebro porque en realidad es uno de los estados con m\u00e1s desarrollo econ\u00f3mico y con m\u00e1s bienestar\u201d,<\/strong><\/em> enfatiz\u00f3.<\/p>\n<p>&nbsp;<\/p>\n<p>En la Base A\u00e9rea Militar No. 8, el mandatario inform\u00f3 que la inversi\u00f3n en Programas para el Bienestar en 2023 fue de 31 mil 110 millones de pesos. Con estos recursos, el Gobierno de M\u00e9xico financi\u00f3 iniciativas como la pensi\u00f3n a personas adultos mayores, Sembrando Vida y las becas a estudiantes.<\/p>\n<p>&nbsp;<\/p>\n<p>Inversi\u00f3n p\u00fablica llega a Yucat\u00e1n<em><strong> \u201ccomo no se ve\u00eda en muchos sexenios\u201d<\/strong><\/em><\/p>\n<p>&nbsp;<\/p>\n<p>La construcci\u00f3n de obras con inversi\u00f3n p\u00fablica en Yucat\u00e1n genera empleos, ingresos y bienestar, afirm\u00f3 el presidente L\u00f3pez Obrador.<\/p>\n<p>&nbsp;<\/p>\n<p><em><strong>\u201cSe est\u00e1 construyendo una infraestructura que va a ayudar al desarrollo de Yucat\u00e1n hacia adelante, para el mediano y largo plazo\u201d<\/strong><\/em>, asever\u00f3.<\/p>\n<p>&nbsp;<\/p>\n<p>&nbsp;<\/p>\n<p>Sostuvo que en la Cuarta Transformaci\u00f3n esta entidad recibi\u00f3 recursos federales <em><strong>\u201ccomo no se ve\u00eda en muchos sexenios\u201d.<\/strong><\/em> Ejemplo de ello es el Tren Maya, que impulsar\u00e1 el turismo en el estado al mostrar la riqueza de sus zonas arqueol\u00f3gicas, entre estas, Chich\u00e9n Itz\u00e1, que protege y preserva el Instituto Nacional de Antropolog\u00eda e Historia (INAH).<\/p>\n<p>&nbsp;<\/p>\n<p><em><strong>\u201cTienen algo en Yucat\u00e1n que es un tesoro en todo sentido: las zonas arqueol\u00f3gicas, en particular Chich\u00e9n Itz\u00e1; es la zona m\u00e1s visitada del pa\u00eds por extranjeros. Imag\u00ednense el efecto que va a tener el que ahora pueden internarse m\u00e1s turistas que lleguen a Canc\u00fan, a toda la regi\u00f3n maya, a las zonas arqueol\u00f3gicas, ya no s\u00f3lo a Chich\u00e9n sino a Uxmal y a todas las zonas arqueol\u00f3gicas de Yucat\u00e1n\u201d,<\/strong> <\/em>explic\u00f3.<\/p>\n<p>&nbsp;<\/p>\n<p>&nbsp;<\/p>\n<p>El jefe del Ejecutivo se refiri\u00f3 a otras obras de infraestructura relevantes para el desarrollo de Yucat\u00e1n. Las dos nuevas plantas de ciclo combinado, dijo, garantizar\u00e1n el abasto de electricidad en la regi\u00f3n hasta por 30 a\u00f1os.<\/p>\n<p>&nbsp;<\/p>\n<p>Por otro lado, la ampliaci\u00f3n de puerto Progreso abonar\u00e1 al intercambio comercial con la costa este de Estados Unidos.<\/p>\n<p>&nbsp;<\/p>\n<p><em><strong>\u201cEs hacia el futuro, no va a haber ning\u00fan problema de que lo que ya se inici\u00f3, se detenga. Al contrario, cada vez va a crecer m\u00e1s y esto pensando en las nuevas generaciones; va a ayudar mucho toda esta vocaci\u00f3n productiva que se est\u00e1 consolidando en Yucat\u00e1n\u201d<\/strong><\/em>, expres\u00f3.<\/p>\n<p>&nbsp;<\/p>\n<p>&nbsp;<\/p>\n<p>La Secretar\u00eda de la Defensa Nacional tiene participaci\u00f3n en la creaci\u00f3n del parque La Plancha; el nuevo Hospital General Dr. Agust\u00edn O\u2019Har\u00e1n y la remodelaci\u00f3n del estadio de b\u00e9isbol Kukulc\u00e1n \u00c1lamo, indic\u00f3 el titular de la dependencia, Luis Cresencio Sandoval Gonz\u00e1lez.<\/p>\n<p>&nbsp;<\/p>\n<p>El parque La Plancha, completamente concluido y en funcionamiento, tuvo una inversi\u00f3n superior a los mil 73 millones de pesos con el prop\u00f3sito de consolidar un lago artificial de 13 mil 70 metros cuadrados, un anfiteatro al aire libre con capacidad para 10 mil personas, un mercado gastron\u00f3mico, el Museo del Ferrocarril, \u00e1reas de juegos infantiles, gimnasio al aire libre y una pista de patinaje, entre otras amenidades.<\/p>\n<p>&nbsp;<\/p>\n<p>El nuevo hospital Agust\u00edn O\u2019Hor\u00e1n, a cargo del cuerpo de ingenieros militares, tendr\u00e1 un financiamiento de 4 mil 708.81 millones de pesos y se concluir\u00e1 antes del 30 de septiembre de este a\u00f1o. Este inmueble dar\u00e1 atenci\u00f3n a partir de 31 especialidades y nueve subespecialidades: medicina f\u00edsica y rehabilitaci\u00f3n, medicina preventiva y epidemiolog\u00eda, inhaloterapia, geriatr\u00eda, nefrolog\u00eda, terapia intensiva neonatal, tocolog\u00eda, obstetricia, ginecolog\u00eda y pediatr\u00eda.<\/p>\n<p>&nbsp;<\/p>\n<p>Los trabajos de remodelaci\u00f3n del estadio de b\u00e9isbol Kukulc\u00e1n \u00c1lamo abarcan las plazas de acceso, taquilla, paseo comercial, gimnasio, restaurante, \u00e1rea recreativa para ni\u00f1os, palcos nuevos, rampas, ba\u00f1os y estacionamiento en beneficio de 16 mil 537 personas usuarias.<\/p>\n<p>&nbsp;<\/p>\n<p>El gobernador Mauricio Vila Dosal expuso obras de infraestructura ejecutadas entre los gobiernos federal y estatal, entre ellas, la conexi\u00f3n del Tren Maya y el Tren Poxil\u00e1-Progreso, la ampliaci\u00f3n del ducto de gas natural, la creaci\u00f3n del Polo Tecnol\u00f3gico del Bienestar, la modernizaci\u00f3n de la Universidad de las Artes de Yucat\u00e1n y el sistema de movilidad iE-TRAM.<\/p>\n<p>&nbsp;<\/p>\n<p>El presidente indic\u00f3 que el fortalecimiento del salario m\u00ednimo a partir del incremento del 20 por ciento y del sueldo de trabajadores inscritos ante el Instituto Mexicano del Seguro Social (IMSS) ayuda a mejorar las condiciones de vida.<\/p>\n<p>&nbsp;<\/p>\n<p><em><strong>\u201cHa aumentado el salario m\u00ednimo y el salario promedio de los que permanecen inscritos en el Seguro Social, ya en promedio 22 millones, un poco m\u00e1s, de trabajadores inscritos en el Seguro Social tienen un ingreso mensual de 16 mil pesos, esto es importante\u201d<\/strong><\/em>, se\u00f1al\u00f3.<\/p>\n<p>&nbsp;<\/p>\n<p>&nbsp;<\/p>\n<p>Adicionalmente, el env\u00edo de remesas por parte de connacionales que trabajan en Estados Unidos es significativo en el ingreso de las familias.<\/p>\n<p>&nbsp;<\/p>\n<p><em><strong>\u201cLos hermanos migrantes yucatecos de los pueblos de Tekax y de otros lugares que trabajan en Estados Unidos, en San Francisco, est\u00e1n enviando remesas como nunca, esto est\u00e1 sucediendo a nivel nacional. Este a\u00f1o que termin\u00f3 el estimado que tenemos es de 63 mil 200 millones de d\u00f3lares, lo que ingres\u00f3 al pa\u00eds por el env\u00edo de remesas, lo que env\u00edan nuestros paisanos a sus familiares\u201d,<\/strong><\/em> argument\u00f3.<\/p>\n<p>&nbsp;<\/p>\n<p>&nbsp;<\/p>\n<p><em><strong>\u201cEntonces, todo eso en su conjunto ha permitido que Yucat\u00e1n sea de los estados con m\u00e1s avance en cuanto a disminuci\u00f3n de pobreza y desigualdad econ\u00f3mica y social, a eso lo atribuyo y me da mucho gusto\u201d,<\/strong> <\/em>remarc\u00f3.<\/p>\n<p>&nbsp;<\/p>\n<p>&nbsp;<\/p>\n<p>PUBLICADO EL 03 DE ENERO DE 2024 Con informaci\u00f3n de Conferencia matutina presidencial)<\/p>\n","protected":false},"excerpt":{"rendered":"<p>M\u00c9RIDA, YUCAT\u00c1N. MX. \u2014 Al encabezar la conferencia de prensa matutina en M\u00e9rida, el presidente&#8230;<\/p>\n","protected":false},"author":1,"featured_media":181448,"comment_status":"open","ping_status":"open","sticky":false,"template":"","format":"standard","meta":{"_monsterinsights_skip_tracking":false,"_monsterinsights_sitenote_active":false,"_monsterinsights_sitenote_note":"","_monsterinsights_sitenote_category":0,"footnotes":""},"categories":[5],"tags":[],"class_list":["post"],"yoast_head":" \n<title>Sonora en Equipo. Yucat\u00e1n reduce la pobreza con inversi\u00f3n p\u00fablica en obras y programas para el Bienestar Rep\u00fablica<\/title>\n<meta name=\"description\" content=\"M\u00c9RIDA, YUCAT\u00c1N. MX. \u2014 Al encabezar la conferencia de prensa matutina en M\u00e9rida, el presidente Andr\u00e9s Manuel L\u00f3pez Obrador indic\u00f3 que la hist\u00f3rica En Sonora en Equipo publicamos toda la informaci\u00f3n de Sonora, M\u00e9xico y el Mundo de manera oportuna y busca que la libertad de expresi\u00f3n sea real. Visita nuestro medio informativo publicado desde Hermosillo, Sonora. %\" \/>\n<meta name=\"robots\" content=\"index, follow, max-snippet:-1, max-image-preview:large, max-video-preview:-1\" \/>\n<link rel=\"canonical\" href=\"https:\/\/www.sonoraenequipo.com.mx\/yucatan-reduce-la-pobreza-con-inversion-publica-en-obras-y-programas-para-el-bienestar\/\" \/>\n<meta property=\"og:locale\" content=\"es_ES\" \/>\n<meta property=\"og:type\" content=\"article\" \/>\n<meta property=\"og:title\" content=\"Sonora en Equipo. Yucat\u00e1n reduce la pobreza con inversi\u00f3n p\u00fablica en obras y programas para el Bienestar Rep\u00fablica\" \/>\n<meta property=\"og:description\" content=\"M\u00c9RIDA, YUCAT\u00c1N. MX. \u2014 Al encabezar la conferencia de prensa matutina en M\u00e9rida, el presidente Andr\u00e9s Manuel L\u00f3pez Obrador indic\u00f3 que la hist\u00f3rica En Sonora en Equipo publicamos toda la informaci\u00f3n de Sonora, M\u00e9xico y el Mundo de manera oportuna y busca que la libertad de expresi\u00f3n sea real. Visita nuestro medio informativo publicado desde Hermosillo, Sonora. %\" \/>\n<meta property=\"og:url\" content=\"https:\/\/www.sonoraenequipo.com.mx\/yucatan-reduce-la-pobreza-con-inversion-publica-en-obras-y-programas-para-el-bienestar\/\" \/>\n<meta property=\"og:site_name\" content=\"Sonora en Equipo.\" \/>\n<meta property=\"article:publisher\" content=\"https:\/\/www.facebook.com\/SonoraEE\/\" \/>\n<meta property=\"article:author\" content=\"https:\/\/www.facebook.com\/SonoraEE\" \/>\n<meta property=\"article:published_time\" content=\"2024-01-03T19:38:31+00:00\" \/>\n<meta property=\"article:modified_time\" content=\"2024-01-04T02:02:18+00:00\" \/>\n<meta property=\"og:image\" content=\"https:\/\/www.sonoraenequipo.com.mx\/storage\/2024\/01\/amlo-2024-Yucatan-es-el-estado-con-menos-delitos-en-el-pais-min.jpg\" \/>\n\t<meta property=\"og:image:width\" content=\"900\" \/>\n\t<meta property=\"og:image:height\" content=\"467\" \/>\n\t<meta property=\"og:image:type\" content=\"image\/jpeg\" \/>\n<meta name=\"author\" content=\"enequipo\" \/>\n<meta name=\"twitter:card\" content=\"summary_large_image\" \/>\n<meta name=\"twitter:creator\" content=\"@sonoraenequipo\" \/>\n<meta name=\"twitter:site\" content=\"@sonoraenequipo\" \/>\n<meta name=\"twitter:label1\" content=\"Escrito por\" \/>\n\t<meta name=\"twitter:data1\" content=\"enequipo\" \/>\n\t<meta name=\"twitter:label2\" content=\"Tiempo de lectura\" \/>\n\t<meta name=\"twitter:data2\" content=\"5 minutos\" \/>\n<script type=\"application\/ld+json\" class=\"yoast-schema-graph\">{\"@context\":\"https:\/\/schema.org\",\"@graph\":[{\"@type\":\"Article\",\"@id\":\"https:\/\/www.sonoraenequipo.com.mx\/yucatan-reduce-la-pobreza-con-inversion-publica-en-obras-y-programas-para-el-bienestar\/#article\",\"isPartOf\":{\"@id\":\"https:\/\/www.sonoraenequipo.com.mx\/yucatan-reduce-la-pobreza-con-inversion-publica-en-obras-y-programas-para-el-bienestar\/\"},\"author\":{\"name\":\"enequipo\",\"@id\":\"https:\/\/www.sonoraenequipo.com.mx\/#\/schema\/person\/50102df0fb23a8fa9e8effad8fa81386\"},\"headline\":\"Yucat\u00e1n reduce la pobreza con inversi\u00f3n p\u00fablica en obras y programas para el Bienestar\",\"datePublished\":\"2024-01-03T19:38:31+00:00\",\"dateModified\":\"2024-01-04T02:02:18+00:00\",\"mainEntityOfPage\":{\"@id\":\"https:\/\/www.sonoraenequipo.com.mx\/yucatan-reduce-la-pobreza-con-inversion-publica-en-obras-y-programas-para-el-bienestar\/\"},\"wordCount\":1075,\"commentCount\":0,\"publisher\":{\"@id\":\"https:\/\/www.sonoraenequipo.com.mx\/#organization\"},\"image\":{\"@id\":\"https:\/\/www.sonoraenequipo.com.mx\/yucatan-reduce-la-pobreza-con-inversion-publica-en-obras-y-programas-para-el-bienestar\/#primaryimage\"},\"thumbnailUrl\":\"https:\/\/www.sonoraenequipo.com.mx\/storage\/2024\/01\/amlo-2024-Yucatan-es-el-estado-con-menos-delitos-en-el-pais-min.jpg\",\"articleSection\":[\"Rep\u00fablica\"],\"inLanguage\":\"es\",\"potentialAction\":[{\"@type\":\"CommentAction\",\"name\":\"Comment\",\"target\":[\"https:\/\/www.sonoraenequipo.com.mx\/yucatan-reduce-la-pobreza-con-inversion-publica-en-obras-y-programas-para-el-bienestar\/#respond\"]}]},{\"@type\":\"WebPage\",\"@id\":\"https:\/\/www.sonoraenequipo.com.mx\/yucatan-reduce-la-pobreza-con-inversion-publica-en-obras-y-programas-para-el-bienestar\/\",\"url\":\"https:\/\/www.sonoraenequipo.com.mx\/yucatan-reduce-la-pobreza-con-inversion-publica-en-obras-y-programas-para-el-bienestar\/\",\"name\":\"Sonora en Equipo. Yucat\u00e1n reduce la pobreza con inversi\u00f3n p\u00fablica en obras y programas para el Bienestar Rep\u00fablica\",\"isPartOf\":{\"@id\":\"https:\/\/www.sonoraenequipo.com.mx\/#website\"},\"primaryImageOfPage\":{\"@id\":\"https:\/\/www.sonoraenequipo.com.mx\/yucatan-reduce-la-pobreza-con-inversion-publica-en-obras-y-programas-para-el-bienestar\/#primaryimage\"},\"image\":{\"@id\":\"https:\/\/www.sonoraenequipo.com.mx\/yucatan-reduce-la-pobreza-con-inversion-publica-en-obras-y-programas-para-el-bienestar\/#primaryimage\"},\"thumbnailUrl\":\"https:\/\/www.sonoraenequipo.com.mx\/storage\/2024\/01\/amlo-2024-Yucatan-es-el-estado-con-menos-delitos-en-el-pais-min.jpg\",\"datePublished\":\"2024-01-03T19:38:31+00:00\",\"dateModified\":\"2024-01-04T02:02:18+00:00\",\"description\":\"M\u00c9RIDA, YUCAT\u00c1N. MX. \u2014 Al encabezar la conferencia de prensa matutina en M\u00e9rida, el presidente Andr\u00e9s Manuel L\u00f3pez Obrador indic\u00f3 que la hist\u00f3rica En Sonora en Equipo publicamos toda la informaci\u00f3n de Sonora, M\u00e9xico y el Mundo de manera oportuna y busca que la libertad de expresi\u00f3n sea real. Visita nuestro medio informativo publicado desde Hermosillo, Sonora. %\",\"breadcrumb\":{\"@id\":\"https:\/\/www.sonoraenequipo.com.mx\/yucatan-reduce-la-pobreza-con-inversion-publica-en-obras-y-programas-para-el-bienestar\/#breadcrumb\"},\"inLanguage\":\"es\",\"potentialAction\":[{\"@type\":\"ReadAction\",\"target\":[\"https:\/\/www.sonoraenequipo.com.mx\/yucatan-reduce-la-pobreza-con-inversion-publica-en-obras-y-programas-para-el-bienestar\/\"]}]},{\"@type\":\"ImageObject\",\"inLanguage\":\"es\",\"@id\":\"https:\/\/www.sonoraenequipo.com.mx\/yucatan-reduce-la-pobreza-con-inversion-publica-en-obras-y-programas-para-el-bienestar\/#primaryimage\",\"url\":\"https:\/\/www.sonoraenequipo.com.mx\/storage\/2024\/01\/amlo-2024-Yucatan-es-el-estado-con-menos-delitos-en-el-pais-min.jpg\",\"contentUrl\":\"https:\/\/www.sonoraenequipo.com.mx\/storage\/2024\/01\/amlo-2024-Yucatan-es-el-estado-con-menos-delitos-en-el-pais-min.jpg\",\"width\":900,\"height\":467},{\"@type\":\"BreadcrumbList\",\"@id\":\"https:\/\/www.sonoraenequipo.com.mx\/yucatan-reduce-la-pobreza-con-inversion-publica-en-obras-y-programas-para-el-bienestar\/#breadcrumb\",\"itemListElement\":[{\"@type\":\"ListItem\",\"position\":1,\"name\":\"Portada\",\"item\":\"https:\/\/www.sonoraenequipo.com.mx\/\"},{\"@type\":\"ListItem\",\"position\":2,\"name\":\"Yucat\u00e1n reduce la pobreza con inversi\u00f3n p\u00fablica en obras y programas para el Bienestar\"}]},{\"@type\":\"WebSite\",\"@id\":\"https:\/\/www.sonoraenequipo.com.mx\/#website\",\"url\":\"https:\/\/www.sonoraenequipo.com.mx\/\",\"name\":\"Sonora en Equipo.\",\"description\":\"Diario en l\u00ednea con Noticias desde Hermosillo, Sonora\",\"publisher\":{\"@id\":\"https:\/\/www.sonoraenequipo.com.mx\/#organization\"},\"potentialAction\":[{\"@type\":\"SearchAction\",\"target\":{\"@type\":\"EntryPoint\",\"urlTemplate\":\"https:\/\/www.sonoraenequipo.com.mx\/?s={search_term_string}\"},\"query-input\":{\"@type\":\"PropertyValueSpecification\",\"valueRequired\":true,\"valueName\":\"search_term_string\"}}],\"inLanguage\":\"es\"},{\"@type\":\"Organization\",\"@id\":\"https:\/\/www.sonoraenequipo.com.mx\/#organization\",\"name\":\"Sonoraenequipo.com.mx\",\"url\":\"https:\/\/www.sonoraenequipo.com.mx\/\",\"logo\":{\"@type\":\"ImageObject\",\"inLanguage\":\"es\",\"@id\":\"https:\/\/www.sonoraenequipo.com.mx\/#\/schema\/logo\/image\/\",\"url\":\"https:\/\/www.sonoraenequipo.com.mx\/storage\/2019\/01\/sonoraenequipo_opt.png\",\"contentUrl\":\"https:\/\/www.sonoraenequipo.com.mx\/storage\/2019\/01\/sonoraenequipo_opt.png\",\"width\":375,\"height\":125,\"caption\":\"Sonoraenequipo.com.mx\"},\"image\":{\"@id\":\"https:\/\/www.sonoraenequipo.com.mx\/#\/schema\/logo\/image\/\"},\"sameAs\":[\"https:\/\/www.facebook.com\/SonoraEE\/\",\"https:\/\/x.com\/sonoraenequipo\",\"https:\/\/www.youtube.com\/channel\/UC338nW-lPEYmJQs4ZABQ1SQ\"]},{\"@type\":\"Person\",\"@id\":\"https:\/\/www.sonoraenequipo.com.mx\/#\/schema\/person\/50102df0fb23a8fa9e8effad8fa81386\",\"name\":\"enequipo\",\"image\":{\"@type\":\"ImageObject\",\"inLanguage\":\"es\",\"@id\":\"https:\/\/www.sonoraenequipo.com.mx\/#\/schema\/person\/image\/\",\"url\":\"https:\/\/secure.gravatar.com\/avatar\/049821681b589dabc0bc20695993ccebb09f5b5d4d790cd9251b97faac7c652b?s=96&d=blank&r=g\",\"contentUrl\":\"https:\/\/secure.gravatar.com\/avatar\/049821681b589dabc0bc20695993ccebb09f5b5d4d790cd9251b97faac7c652b?s=96&d=blank&r=g\",\"caption\":\"enequipo\"},\"sameAs\":[\"https:\/\/www.facebook.com\/SonoraEE\"]}]}<\/script>\n ","yoast_head_json":{"title":"Sonora en Equipo. Yucat\u00e1n reduce la pobreza con inversi\u00f3n p\u00fablica en obras y programas para el Bienestar Rep\u00fablica","description":"M\u00c9RIDA, YUCAT\u00c1N. MX. \u2014 Al encabezar la conferencia de prensa matutina en M\u00e9rida, el presidente Andr\u00e9s Manuel L\u00f3pez Obrador indic\u00f3 que la hist\u00f3rica En Sonora en Equipo publicamos toda la informaci\u00f3n de Sonora, M\u00e9xico y el Mundo de manera oportuna y busca que la libertad de expresi\u00f3n sea real. Visita nuestro medio informativo publicado desde Hermosillo, Sonora. %","robots":{"index":"index","follow":"follow","max-snippet":"max-snippet:-1","max-image-preview":"max-image-preview:large","max-video-preview":"max-video-preview:-1"},"canonical":"https:\/\/www.sonoraenequipo.com.mx\/yucatan-reduce-la-pobreza-con-inversion-publica-en-obras-y-programas-para-el-bienestar\/","og_locale":"es_ES","og_type":"article","og_title":"Sonora en Equipo. Yucat\u00e1n reduce la pobreza con inversi\u00f3n p\u00fablica en obras y programas para el Bienestar Rep\u00fablica","og_description":"M\u00c9RIDA, YUCAT\u00c1N. MX. \u2014 Al encabezar la conferencia de prensa matutina en M\u00e9rida, el presidente Andr\u00e9s Manuel L\u00f3pez Obrador indic\u00f3 que la hist\u00f3rica En Sonora en Equipo publicamos toda la informaci\u00f3n de Sonora, M\u00e9xico y el Mundo de manera oportuna y busca que la libertad de expresi\u00f3n sea real. Visita nuestro medio informativo publicado desde Hermosillo, Sonora. %","og_url":"https:\/\/www.sonoraenequipo.com.mx\/yucatan-reduce-la-pobreza-con-inversion-publica-en-obras-y-programas-para-el-bienestar\/","og_site_name":"Sonora en Equipo.","article_publisher":"https:\/\/www.facebook.com\/SonoraEE\/","article_author":"https:\/\/www.facebook.com\/SonoraEE","article_published_time":"2024-01-03T19:38:31+00:00","article_modified_time":"2024-01-04T02:02:18+00:00","og_image":[{"width":900,"height":467,"url":"https:\/\/www.sonoraenequipo.com.mx\/storage\/2024\/01\/amlo-2024-Yucatan-es-el-estado-con-menos-delitos-en-el-pais-min.jpg","type":"image\/jpeg"}],"author":"enequipo","twitter_card":"summary_large_image","twitter_creator":"@sonoraenequipo","twitter_site":"@sonoraenequipo","twitter_misc":{"Escrito por":"enequipo","Tiempo de lectura":"5 minutos"},"schema":{"@context":"https:\/\/schema.org","@graph":[{"@type":"Article","@id":"https:\/\/www.sonoraenequipo.com.mx\/yucatan-reduce-la-pobreza-con-inversion-publica-en-obras-y-programas-para-el-bienestar\/#article","isPartOf":{"@id":"https:\/\/www.sonoraenequipo.com.mx\/yucatan-reduce-la-pobreza-con-inversion-publica-en-obras-y-programas-para-el-bienestar\/"},"author":{"name":"enequipo","@id":"https:\/\/www.sonoraenequipo.com.mx\/#\/schema\/person\/50102df0fb23a8fa9e8effad8fa81386"},"headline":"Yucat\u00e1n reduce la pobreza con inversi\u00f3n p\u00fablica en obras y programas para el Bienestar","datePublished":"2024-01-03T19:38:31+00:00","dateModified":"2024-01-04T02:02:18+00:00","mainEntityOfPage":{"@id":"https:\/\/www.sonoraenequipo.com.mx\/yucatan-reduce-la-pobreza-con-inversion-publica-en-obras-y-programas-para-el-bienestar\/"},"wordCount":1075,"commentCount":0,"publisher":{"@id":"https:\/\/www.sonoraenequipo.com.mx\/#organization"},"image":{"@id":"https:\/\/www.sonoraenequipo.com.mx\/yucatan-reduce-la-pobreza-con-inversion-publica-en-obras-y-programas-para-el-bienestar\/#primaryimage"},"thumbnailUrl":"https:\/\/www.sonoraenequipo.com.mx\/storage\/2024\/01\/amlo-2024-Yucatan-es-el-estado-con-menos-delitos-en-el-pais-min.jpg","articleSection":["Rep\u00fablica"],"inLanguage":"es","potentialAction":[{"@type":"CommentAction","name":"Comment","target":["https:\/\/www.sonoraenequipo.com.mx\/yucatan-reduce-la-pobreza-con-inversion-publica-en-obras-y-programas-para-el-bienestar\/#respond"]}]},{"@type":"WebPage","@id":"https:\/\/www.sonoraenequipo.com.mx\/yucatan-reduce-la-pobreza-con-inversion-publica-en-obras-y-programas-para-el-bienestar\/","url":"https:\/\/www.sonoraenequipo.com.mx\/yucatan-reduce-la-pobreza-con-inversion-publica-en-obras-y-programas-para-el-bienestar\/","name":"Sonora en Equipo. Yucat\u00e1n reduce la pobreza con inversi\u00f3n p\u00fablica en obras y programas para el Bienestar Rep\u00fablica","isPartOf":{"@id":"https:\/\/www.sonoraenequipo.com.mx\/#website"},"primaryImageOfPage":{"@id":"https:\/\/www.sonoraenequipo.com.mx\/yucatan-reduce-la-pobreza-con-inversion-publica-en-obras-y-programas-para-el-bienestar\/#primaryimage"},"image":{"@id":"https:\/\/www.sonoraenequipo.com.mx\/yucatan-reduce-la-pobreza-con-inversion-publica-en-obras-y-programas-para-el-bienestar\/#primaryimage"},"thumbnailUrl":"https:\/\/www.sonoraenequipo.com.mx\/storage\/2024\/01\/amlo-2024-Yucatan-es-el-estado-con-menos-delitos-en-el-pais-min.jpg","datePublished":"2024-01-03T19:38:31+00:00","dateModified":"2024-01-04T02:02:18+00:00","description":"M\u00c9RIDA, YUCAT\u00c1N. MX. \u2014 Al encabezar la conferencia de prensa matutina en M\u00e9rida, el presidente Andr\u00e9s Manuel L\u00f3pez Obrador indic\u00f3 que la hist\u00f3rica En Sonora en Equipo publicamos toda la informaci\u00f3n de Sonora, M\u00e9xico y el Mundo de manera oportuna y busca que la libertad de expresi\u00f3n sea real. Visita nuestro medio informativo publicado desde Hermosillo, Sonora. %","breadcrumb":{"@id":"https:\/\/www.sonoraenequipo.com.mx\/yucatan-reduce-la-pobreza-con-inversion-publica-en-obras-y-programas-para-el-bienestar\/#breadcrumb"},"inLanguage":"es","potentialAction":[{"@type":"ReadAction","target":["https:\/\/www.sonoraenequipo.com.mx\/yucatan-reduce-la-pobreza-con-inversion-publica-en-obras-y-programas-para-el-bienestar\/"]}]},{"@type":"ImageObject","inLanguage":"es","@id":"https:\/\/www.sonoraenequipo.com.mx\/yucatan-reduce-la-pobreza-con-inversion-publica-en-obras-y-programas-para-el-bienestar\/#primaryimage","url":"https:\/\/www.sonoraenequipo.com.mx\/storage\/2024\/01\/amlo-2024-Yucatan-es-el-estado-con-menos-delitos-en-el-pais-min.jpg","contentUrl":"https:\/\/www.sonoraenequipo.com.mx\/storage\/2024\/01\/amlo-2024-Yucatan-es-el-estado-con-menos-delitos-en-el-pais-min.jpg","width":900,"height":467},{"@type":"BreadcrumbList","@id":"https:\/\/www.sonoraenequipo.com.mx\/yucatan-reduce-la-pobreza-con-inversion-publica-en-obras-y-programas-para-el-bienestar\/#breadcrumb","itemListElement":[{"@type":"ListItem","position":1,"name":"Portada","item":"https:\/\/www.sonoraenequipo.com.mx\/"},{"@type":"ListItem","position":2,"name":"Yucat\u00e1n reduce la pobreza con inversi\u00f3n p\u00fablica en obras y programas para el Bienestar"}]},{"@type":"WebSite","@id":"https:\/\/www.sonoraenequipo.com.mx\/#website","url":"https:\/\/www.sonoraenequipo.com.mx\/","name":"Sonora en Equipo.","description":"Diario en l\u00ednea con Noticias desde Hermosillo, Sonora","publisher":{"@id":"https:\/\/www.sonoraenequipo.com.mx\/#organization"},"potentialAction":[{"@type":"SearchAction","target":{"@type":"EntryPoint","urlTemplate":"https:\/\/www.sonoraenequipo.com.mx\/?s={search_term_string}"},"query-input":{"@type":"PropertyValueSpecification","valueRequired":true,"valueName":"search_term_string"}}],"inLanguage":"es"},{"@type":"Organization","@id":"https:\/\/www.sonoraenequipo.com.mx\/#organization","name":"Sonoraenequipo.com.mx","url":"https:\/\/www.sonoraenequipo.com.mx\/","logo":{"@type":"ImageObject","inLanguage":"es","@id":"https:\/\/www.sonoraenequipo.com.mx\/#\/schema\/logo\/image\/","url":"https:\/\/www.sonoraenequipo.com.mx\/storage\/2019\/01\/sonoraenequipo_opt.png","contentUrl":"https:\/\/www.sonoraenequipo.com.mx\/storage\/2019\/01\/sonoraenequipo_opt.png","width":375,"height":125,"caption":"Sonoraenequipo.com.mx"},"image":{"@id":"https:\/\/www.sonoraenequipo.com.mx\/#\/schema\/logo\/image\/"},"sameAs":["https:\/\/www.facebook.com\/SonoraEE\/","https:\/\/x.com\/sonoraenequipo","https:\/\/www.youtube.com\/channel\/UC338nW-lPEYmJQs4ZABQ1SQ"]},{"@type":"Person","@id":"https:\/\/www.sonoraenequipo.com.mx\/#\/schema\/person\/50102df0fb23a8fa9e8effad8fa81386","name":"enequipo","image":{"@type":"ImageObject","inLanguage":"es","@id":"https:\/\/www.sonoraenequipo.com.mx\/#\/schema\/person\/image\/","url":"https:\/\/secure.gravatar.com\/avatar\/049821681b589dabc0bc20695993ccebb09f5b5d4d790cd9251b97faac7c652b?s=96&d=blank&r=g","contentUrl":"https:\/\/secure.gravatar.com\/avatar\/049821681b589dabc0bc20695993ccebb09f5b5d4d790cd9251b97faac7c652b?s=96&d=blank&r=g","caption":"enequipo"},"sameAs":["https:\/\/www.facebook.com\/SonoraEE"]}]}},"jetpack_featured_media_url":"https:\/\/www.sonoraenequipo.com.mx\/storage\/2024\/01\/amlo-2024-Yucatan-es-el-estado-con-menos-delitos-en-el-pais-min.jpg","_links":{"self":[{"href":"https:\/\/www.sonoraenequipo.com.mx\/api\/wp\/v2\/posts\/181458","targetHints":{"allow":["GET"]}}],"collection":[{"href":"https:\/\/www.sonoraenequipo.com.mx\/api\/wp\/v2\/posts"}],"about":[{"href":"https:\/\/www.sonoraenequipo.com.mx\/api\/wp\/v2\/types\/post"}],"author":[{"embeddable":true,"href":"https:\/\/www.sonoraenequipo.com.mx\/api\/wp\/v2\/users\/1"}],"replies":[{"embeddable":true,"href":"https:\/\/www.sonoraenequipo.com.mx\/api\/wp\/v2\/comments?post=181458"}],"version-history":[{"count":1,"href":"https:\/\/www.sonoraenequipo.com.mx\/api\/wp\/v2\/posts\/181458\/revisions"}],"predecessor-version":[{"id":181459,"href":"https:\/\/www.sonoraenequipo.com.mx\/api\/wp\/v2\/posts\/181458\/revisions\/181459"}],"wp:featuredmedia":[{"embeddable":true,"href":"https:\/\/www.sonoraenequipo.com.mx\/api\/wp\/v2\/media\/181448"}],"wp:attachment":[{"href":"https:\/\/www.sonoraenequipo.com.mx\/api\/wp\/v2\/media?parent=181458"}],"wp:term":[{"taxonomy":"category","embeddable":true,"href":"https:\/\/www.sonoraenequipo.com.mx\/api\/wp\/v2\/categories?post=181458"},{"taxonomy":"post_tag","embeddable":true,"href":"https:\/\/www.sonoraenequipo.com.mx\/api\/wp\/v2\/tags?post=181458"}],"curies":[{"name":"wp","href":"https:\/\/api.w.org\/{rel}","templated":true}]}}