{"id":181460,"date":"2024-01-03T21:04:18","date_gmt":"2024-01-04T04:04:18","guid":{"rendered":"https:\/\/www.sonoraenequipo.com.mx\/?p=181460"},"modified":"2024-01-03T19:37:49","modified_gmt":"2024-01-04T02:37:49","slug":"justicia-de-nueva-york-desclasifica-documentos-judiciales-asociados-a-jeffrey-epstein","status":"publish","type":"post","link":"https:\/\/www.sonoraenequipo.com.mx\/justicia-de-nueva-york-desclasifica-documentos-judiciales-asociados-a-jeffrey-epstein\/","title":{"rendered":"Justicia de Nueva York desclasifica documentos judiciales asociados a Jeffrey Epstein"},"content":{"rendered":"<p><strong>ESTADOS UNIDOS. \u2014<\/strong> La Justicia estadounidense public\u00f3 este mi\u00e9rcoles una primera tanda de documentos judiciales relacionados con el fallecido financiero Jeffrey Epstein, acusado de tr\u00e1fico y abuso sexual de menores, y que hab\u00edan estado clasificados hasta ahora.<\/p>\n<p>&nbsp;<\/p>\n<p> <\/p>\n<p>Los documentos forman parte de una demanda por difamaci\u00f3n presentada en 2015 por Virginia Giuffre, una de las principales denunciantes de Epstein, contra la examante y socia de este, la heredera brit\u00e1nica Ghislaine Maxwell, y han acaparado la atenci\u00f3n medi\u00e1tica ante la expectativa de que contengan nombres de figuras prominentes relacionadas con el multimillonario.<\/p>\n<p>&nbsp;<\/p>\n<p>&nbsp;<\/p>\n<p>Con todo, se espera que muchos de los nombres ya sean conocidos, puesto que fueron identificados durante el juicio de 2021 contra Maxwell, condenada a 20 a\u00f1os de prisi\u00f3n por ayudar al financiero a abusar sexualmente de menores; o bien han dado entrevistas o han sido objeto de denuncias.<\/p>\n<p>&nbsp;<\/p>\n<p>&nbsp;<\/p>\n<p>PUBLICADO EL 03 DE ENERO DE 2024 Con informaci\u00f3n de EFE)<\/p>\n","protected":false},"excerpt":{"rendered":"<p>ESTADOS UNIDOS. \u2014 La Justicia estadounidense public\u00f3 este mi\u00e9rcoles una primera tanda de documentos judiciales&#8230;<\/p>\n","protected":false},"author":1,"featured_media":181463,"comment_status":"open","ping_status":"open","sticky":false,"template":"","format":"standard","meta":{"_monsterinsights_skip_tracking":false,"_monsterinsights_sitenote_active":false,"_monsterinsights_sitenote_note":"","_monsterinsights_sitenote_category":0,"footnotes":""},"categories":[3],"tags":[],"class_list":["post"],"yoast_head":" \n<title>Sonora en Equipo. Justicia de Nueva York desclasifica documentos judiciales asociados a Jeffrey Epstein MUNDO<\/title>\n<meta name=\"description\" content=\"ESTADOS UNIDOS. \u2014 La Justicia estadounidense public\u00f3 este mi\u00e9rcoles una primera tanda de documentos judiciales relacionados con el fallecido financiero En Sonora en Equipo publicamos toda la informaci\u00f3n de Sonora, M\u00e9xico y el Mundo de manera oportuna y busca que la libertad de expresi\u00f3n sea real. Visita nuestro medio informativo publicado desde Hermosillo, Sonora. %\" \/>\n<meta name=\"robots\" content=\"index, follow, max-snippet:-1, max-image-preview:large, max-video-preview:-1\" \/>\n<link rel=\"canonical\" href=\"https:\/\/www.sonoraenequipo.com.mx\/justicia-de-nueva-york-desclasifica-documentos-judiciales-asociados-a-jeffrey-epstein\/\" \/>\n<meta property=\"og:locale\" content=\"es_ES\" \/>\n<meta property=\"og:type\" content=\"article\" \/>\n<meta property=\"og:title\" content=\"Sonora en Equipo. Justicia de Nueva York desclasifica documentos judiciales asociados a Jeffrey Epstein MUNDO\" \/>\n<meta property=\"og:description\" content=\"ESTADOS UNIDOS. \u2014 La Justicia estadounidense public\u00f3 este mi\u00e9rcoles una primera tanda de documentos judiciales relacionados con el fallecido financiero En Sonora en Equipo publicamos toda la informaci\u00f3n de Sonora, M\u00e9xico y el Mundo de manera oportuna y busca que la libertad de expresi\u00f3n sea real. Visita nuestro medio informativo publicado desde Hermosillo, Sonora. %\" \/>\n<meta property=\"og:url\" content=\"https:\/\/www.sonoraenequipo.com.mx\/justicia-de-nueva-york-desclasifica-documentos-judiciales-asociados-a-jeffrey-epstein\/\" \/>\n<meta property=\"og:site_name\" content=\"Sonora en Equipo.\" \/>\n<meta property=\"article:publisher\" content=\"https:\/\/www.facebook.com\/SonoraEE\/\" \/>\n<meta property=\"article:author\" content=\"https:\/\/www.facebook.com\/SonoraEE\" \/>\n<meta property=\"article:published_time\" content=\"2024-01-04T04:04:18+00:00\" \/>\n<meta property=\"og:image\" content=\"https:\/\/www.sonoraenequipo.com.mx\/storage\/2024\/01\/Justicia-de-Nueva-York-desclasifica-documentos-judiciales-asociados-a-Jeffrey-Epstein.webp\" \/>\n\t<meta property=\"og:image:width\" content=\"1920\" \/>\n\t<meta property=\"og:image:height\" content=\"1354\" \/>\n\t<meta property=\"og:image:type\" content=\"image\/webp\" \/>\n<meta name=\"author\" content=\"enequipo\" \/>\n<meta name=\"twitter:card\" content=\"summary_large_image\" \/>\n<meta name=\"twitter:creator\" content=\"@sonoraenequipo\" \/>\n<meta name=\"twitter:site\" content=\"@sonoraenequipo\" \/>\n<meta name=\"twitter:label1\" content=\"Escrito por\" \/>\n\t<meta name=\"twitter:data1\" content=\"enequipo\" \/>\n\t<meta name=\"twitter:label2\" content=\"Tiempo de lectura\" \/>\n\t<meta name=\"twitter:data2\" content=\"1 minuto\" \/>\n<script type=\"application\/ld+json\" class=\"yoast-schema-graph\">{\"@context\":\"https:\/\/schema.org\",\"@graph\":[{\"@type\":\"Article\",\"@id\":\"https:\/\/www.sonoraenequipo.com.mx\/justicia-de-nueva-york-desclasifica-documentos-judiciales-asociados-a-jeffrey-epstein\/#article\",\"isPartOf\":{\"@id\":\"https:\/\/www.sonoraenequipo.com.mx\/justicia-de-nueva-york-desclasifica-documentos-judiciales-asociados-a-jeffrey-epstein\/\"},\"author\":{\"name\":\"enequipo\",\"@id\":\"https:\/\/www.sonoraenequipo.com.mx\/#\/schema\/person\/50102df0fb23a8fa9e8effad8fa81386\"},\"headline\":\"Justicia de Nueva York desclasifica documentos judiciales asociados a Jeffrey Epstein\",\"datePublished\":\"2024-01-04T04:04:18+00:00\",\"mainEntityOfPage\":{\"@id\":\"https:\/\/www.sonoraenequipo.com.mx\/justicia-de-nueva-york-desclasifica-documentos-judiciales-asociados-a-jeffrey-epstein\/\"},\"wordCount\":171,\"commentCount\":0,\"publisher\":{\"@id\":\"https:\/\/www.sonoraenequipo.com.mx\/#organization\"},\"image\":{\"@id\":\"https:\/\/www.sonoraenequipo.com.mx\/justicia-de-nueva-york-desclasifica-documentos-judiciales-asociados-a-jeffrey-epstein\/#primaryimage\"},\"thumbnailUrl\":\"https:\/\/www.sonoraenequipo.com.mx\/storage\/2024\/01\/Justicia-de-Nueva-York-desclasifica-documentos-judiciales-asociados-a-Jeffrey-Epstein.webp\",\"articleSection\":[\"MUNDO\"],\"inLanguage\":\"es\",\"potentialAction\":[{\"@type\":\"CommentAction\",\"name\":\"Comment\",\"target\":[\"https:\/\/www.sonoraenequipo.com.mx\/justicia-de-nueva-york-desclasifica-documentos-judiciales-asociados-a-jeffrey-epstein\/#respond\"]}]},{\"@type\":\"WebPage\",\"@id\":\"https:\/\/www.sonoraenequipo.com.mx\/justicia-de-nueva-york-desclasifica-documentos-judiciales-asociados-a-jeffrey-epstein\/\",\"url\":\"https:\/\/www.sonoraenequipo.com.mx\/justicia-de-nueva-york-desclasifica-documentos-judiciales-asociados-a-jeffrey-epstein\/\",\"name\":\"Sonora en Equipo. Justicia de Nueva York desclasifica documentos judiciales asociados a Jeffrey Epstein MUNDO\",\"isPartOf\":{\"@id\":\"https:\/\/www.sonoraenequipo.com.mx\/#website\"},\"primaryImageOfPage\":{\"@id\":\"https:\/\/www.sonoraenequipo.com.mx\/justicia-de-nueva-york-desclasifica-documentos-judiciales-asociados-a-jeffrey-epstein\/#primaryimage\"},\"image\":{\"@id\":\"https:\/\/www.sonoraenequipo.com.mx\/justicia-de-nueva-york-desclasifica-documentos-judiciales-asociados-a-jeffrey-epstein\/#primaryimage\"},\"thumbnailUrl\":\"https:\/\/www.sonoraenequipo.com.mx\/storage\/2024\/01\/Justicia-de-Nueva-York-desclasifica-documentos-judiciales-asociados-a-Jeffrey-Epstein.webp\",\"datePublished\":\"2024-01-04T04:04:18+00:00\",\"description\":\"ESTADOS UNIDOS. \u2014 La Justicia estadounidense public\u00f3 este mi\u00e9rcoles una primera tanda de documentos judiciales relacionados con el fallecido financiero En Sonora en Equipo publicamos toda la informaci\u00f3n de Sonora, M\u00e9xico y el Mundo de manera oportuna y busca que la libertad de expresi\u00f3n sea real. Visita nuestro medio informativo publicado desde Hermosillo, Sonora. %\",\"breadcrumb\":{\"@id\":\"https:\/\/www.sonoraenequipo.com.mx\/justicia-de-nueva-york-desclasifica-documentos-judiciales-asociados-a-jeffrey-epstein\/#breadcrumb\"},\"inLanguage\":\"es\",\"potentialAction\":[{\"@type\":\"ReadAction\",\"target\":[\"https:\/\/www.sonoraenequipo.com.mx\/justicia-de-nueva-york-desclasifica-documentos-judiciales-asociados-a-jeffrey-epstein\/\"]}]},{\"@type\":\"ImageObject\",\"inLanguage\":\"es\",\"@id\":\"https:\/\/www.sonoraenequipo.com.mx\/justicia-de-nueva-york-desclasifica-documentos-judiciales-asociados-a-jeffrey-epstein\/#primaryimage\",\"url\":\"https:\/\/www.sonoraenequipo.com.mx\/storage\/2024\/01\/Justicia-de-Nueva-York-desclasifica-documentos-judiciales-asociados-a-Jeffrey-Epstein.webp\",\"contentUrl\":\"https:\/\/www.sonoraenequipo.com.mx\/storage\/2024\/01\/Justicia-de-Nueva-York-desclasifica-documentos-judiciales-asociados-a-Jeffrey-Epstein.webp\",\"width\":1920,\"height\":1354},{\"@type\":\"BreadcrumbList\",\"@id\":\"https:\/\/www.sonoraenequipo.com.mx\/justicia-de-nueva-york-desclasifica-documentos-judiciales-asociados-a-jeffrey-epstein\/#breadcrumb\",\"itemListElement\":[{\"@type\":\"ListItem\",\"position\":1,\"name\":\"Portada\",\"item\":\"https:\/\/www.sonoraenequipo.com.mx\/\"},{\"@type\":\"ListItem\",\"position\":2,\"name\":\"Justicia de Nueva York desclasifica documentos judiciales asociados a Jeffrey Epstein\"}]},{\"@type\":\"WebSite\",\"@id\":\"https:\/\/www.sonoraenequipo.com.mx\/#website\",\"url\":\"https:\/\/www.sonoraenequipo.com.mx\/\",\"name\":\"Sonora en Equipo.\",\"description\":\"Diario en l\u00ednea con Noticias desde Hermosillo, Sonora\",\"publisher\":{\"@id\":\"https:\/\/www.sonoraenequipo.com.mx\/#organization\"},\"potentialAction\":[{\"@type\":\"SearchAction\",\"target\":{\"@type\":\"EntryPoint\",\"urlTemplate\":\"https:\/\/www.sonoraenequipo.com.mx\/?s={search_term_string}\"},\"query-input\":{\"@type\":\"PropertyValueSpecification\",\"valueRequired\":true,\"valueName\":\"search_term_string\"}}],\"inLanguage\":\"es\"},{\"@type\":\"Organization\",\"@id\":\"https:\/\/www.sonoraenequipo.com.mx\/#organization\",\"name\":\"Sonoraenequipo.com.mx\",\"url\":\"https:\/\/www.sonoraenequipo.com.mx\/\",\"logo\":{\"@type\":\"ImageObject\",\"inLanguage\":\"es\",\"@id\":\"https:\/\/www.sonoraenequipo.com.mx\/#\/schema\/logo\/image\/\",\"url\":\"https:\/\/www.sonoraenequipo.com.mx\/storage\/2019\/01\/sonoraenequipo_opt.png\",\"contentUrl\":\"https:\/\/www.sonoraenequipo.com.mx\/storage\/2019\/01\/sonoraenequipo_opt.png\",\"width\":375,\"height\":125,\"caption\":\"Sonoraenequipo.com.mx\"},\"image\":{\"@id\":\"https:\/\/www.sonoraenequipo.com.mx\/#\/schema\/logo\/image\/\"},\"sameAs\":[\"https:\/\/www.facebook.com\/SonoraEE\/\",\"https:\/\/x.com\/sonoraenequipo\",\"https:\/\/www.youtube.com\/channel\/UC338nW-lPEYmJQs4ZABQ1SQ\"]},{\"@type\":\"Person\",\"@id\":\"https:\/\/www.sonoraenequipo.com.mx\/#\/schema\/person\/50102df0fb23a8fa9e8effad8fa81386\",\"name\":\"enequipo\",\"image\":{\"@type\":\"ImageObject\",\"inLanguage\":\"es\",\"@id\":\"https:\/\/www.sonoraenequipo.com.mx\/#\/schema\/person\/image\/\",\"url\":\"https:\/\/secure.gravatar.com\/avatar\/049821681b589dabc0bc20695993ccebb09f5b5d4d790cd9251b97faac7c652b?s=96&d=blank&r=g\",\"contentUrl\":\"https:\/\/secure.gravatar.com\/avatar\/049821681b589dabc0bc20695993ccebb09f5b5d4d790cd9251b97faac7c652b?s=96&d=blank&r=g\",\"caption\":\"enequipo\"},\"sameAs\":[\"https:\/\/www.facebook.com\/SonoraEE\"]}]}<\/script>\n ","yoast_head_json":{"title":"Sonora en Equipo. Justicia de Nueva York desclasifica documentos judiciales asociados a Jeffrey Epstein MUNDO","description":"ESTADOS UNIDOS. \u2014 La Justicia estadounidense public\u00f3 este mi\u00e9rcoles una primera tanda de documentos judiciales relacionados con el fallecido financiero En Sonora en Equipo publicamos toda la informaci\u00f3n de Sonora, M\u00e9xico y el Mundo de manera oportuna y busca que la libertad de expresi\u00f3n sea real. Visita nuestro medio informativo publicado desde Hermosillo, Sonora. %","robots":{"index":"index","follow":"follow","max-snippet":"max-snippet:-1","max-image-preview":"max-image-preview:large","max-video-preview":"max-video-preview:-1"},"canonical":"https:\/\/www.sonoraenequipo.com.mx\/justicia-de-nueva-york-desclasifica-documentos-judiciales-asociados-a-jeffrey-epstein\/","og_locale":"es_ES","og_type":"article","og_title":"Sonora en Equipo. Justicia de Nueva York desclasifica documentos judiciales asociados a Jeffrey Epstein MUNDO","og_description":"ESTADOS UNIDOS. \u2014 La Justicia estadounidense public\u00f3 este mi\u00e9rcoles una primera tanda de documentos judiciales relacionados con el fallecido financiero En Sonora en Equipo publicamos toda la informaci\u00f3n de Sonora, M\u00e9xico y el Mundo de manera oportuna y busca que la libertad de expresi\u00f3n sea real. Visita nuestro medio informativo publicado desde Hermosillo, Sonora. %","og_url":"https:\/\/www.sonoraenequipo.com.mx\/justicia-de-nueva-york-desclasifica-documentos-judiciales-asociados-a-jeffrey-epstein\/","og_site_name":"Sonora en Equipo.","article_publisher":"https:\/\/www.facebook.com\/SonoraEE\/","article_author":"https:\/\/www.facebook.com\/SonoraEE","article_published_time":"2024-01-04T04:04:18+00:00","og_image":[{"width":1920,"height":1354,"url":"https:\/\/www.sonoraenequipo.com.mx\/storage\/2024\/01\/Justicia-de-Nueva-York-desclasifica-documentos-judiciales-asociados-a-Jeffrey-Epstein.webp","type":"image\/webp"}],"author":"enequipo","twitter_card":"summary_large_image","twitter_creator":"@sonoraenequipo","twitter_site":"@sonoraenequipo","twitter_misc":{"Escrito por":"enequipo","Tiempo de lectura":"1 minuto"},"schema":{"@context":"https:\/\/schema.org","@graph":[{"@type":"Article","@id":"https:\/\/www.sonoraenequipo.com.mx\/justicia-de-nueva-york-desclasifica-documentos-judiciales-asociados-a-jeffrey-epstein\/#article","isPartOf":{"@id":"https:\/\/www.sonoraenequipo.com.mx\/justicia-de-nueva-york-desclasifica-documentos-judiciales-asociados-a-jeffrey-epstein\/"},"author":{"name":"enequipo","@id":"https:\/\/www.sonoraenequipo.com.mx\/#\/schema\/person\/50102df0fb23a8fa9e8effad8fa81386"},"headline":"Justicia de Nueva York desclasifica documentos judiciales asociados a Jeffrey Epstein","datePublished":"2024-01-04T04:04:18+00:00","mainEntityOfPage":{"@id":"https:\/\/www.sonoraenequipo.com.mx\/justicia-de-nueva-york-desclasifica-documentos-judiciales-asociados-a-jeffrey-epstein\/"},"wordCount":171,"commentCount":0,"publisher":{"@id":"https:\/\/www.sonoraenequipo.com.mx\/#organization"},"image":{"@id":"https:\/\/www.sonoraenequipo.com.mx\/justicia-de-nueva-york-desclasifica-documentos-judiciales-asociados-a-jeffrey-epstein\/#primaryimage"},"thumbnailUrl":"https:\/\/www.sonoraenequipo.com.mx\/storage\/2024\/01\/Justicia-de-Nueva-York-desclasifica-documentos-judiciales-asociados-a-Jeffrey-Epstein.webp","articleSection":["MUNDO"],"inLanguage":"es","potentialAction":[{"@type":"CommentAction","name":"Comment","target":["https:\/\/www.sonoraenequipo.com.mx\/justicia-de-nueva-york-desclasifica-documentos-judiciales-asociados-a-jeffrey-epstein\/#respond"]}]},{"@type":"WebPage","@id":"https:\/\/www.sonoraenequipo.com.mx\/justicia-de-nueva-york-desclasifica-documentos-judiciales-asociados-a-jeffrey-epstein\/","url":"https:\/\/www.sonoraenequipo.com.mx\/justicia-de-nueva-york-desclasifica-documentos-judiciales-asociados-a-jeffrey-epstein\/","name":"Sonora en Equipo. Justicia de Nueva York desclasifica documentos judiciales asociados a Jeffrey Epstein MUNDO","isPartOf":{"@id":"https:\/\/www.sonoraenequipo.com.mx\/#website"},"primaryImageOfPage":{"@id":"https:\/\/www.sonoraenequipo.com.mx\/justicia-de-nueva-york-desclasifica-documentos-judiciales-asociados-a-jeffrey-epstein\/#primaryimage"},"image":{"@id":"https:\/\/www.sonoraenequipo.com.mx\/justicia-de-nueva-york-desclasifica-documentos-judiciales-asociados-a-jeffrey-epstein\/#primaryimage"},"thumbnailUrl":"https:\/\/www.sonoraenequipo.com.mx\/storage\/2024\/01\/Justicia-de-Nueva-York-desclasifica-documentos-judiciales-asociados-a-Jeffrey-Epstein.webp","datePublished":"2024-01-04T04:04:18+00:00","description":"ESTADOS UNIDOS. \u2014 La Justicia estadounidense public\u00f3 este mi\u00e9rcoles una primera tanda de documentos judiciales relacionados con el fallecido financiero En Sonora en Equipo publicamos toda la informaci\u00f3n de Sonora, M\u00e9xico y el Mundo de manera oportuna y busca que la libertad de expresi\u00f3n sea real. Visita nuestro medio informativo publicado desde Hermosillo, Sonora. %","breadcrumb":{"@id":"https:\/\/www.sonoraenequipo.com.mx\/justicia-de-nueva-york-desclasifica-documentos-judiciales-asociados-a-jeffrey-epstein\/#breadcrumb"},"inLanguage":"es","potentialAction":[{"@type":"ReadAction","target":["https:\/\/www.sonoraenequipo.com.mx\/justicia-de-nueva-york-desclasifica-documentos-judiciales-asociados-a-jeffrey-epstein\/"]}]},{"@type":"ImageObject","inLanguage":"es","@id":"https:\/\/www.sonoraenequipo.com.mx\/justicia-de-nueva-york-desclasifica-documentos-judiciales-asociados-a-jeffrey-epstein\/#primaryimage","url":"https:\/\/www.sonoraenequipo.com.mx\/storage\/2024\/01\/Justicia-de-Nueva-York-desclasifica-documentos-judiciales-asociados-a-Jeffrey-Epstein.webp","contentUrl":"https:\/\/www.sonoraenequipo.com.mx\/storage\/2024\/01\/Justicia-de-Nueva-York-desclasifica-documentos-judiciales-asociados-a-Jeffrey-Epstein.webp","width":1920,"height":1354},{"@type":"BreadcrumbList","@id":"https:\/\/www.sonoraenequipo.com.mx\/justicia-de-nueva-york-desclasifica-documentos-judiciales-asociados-a-jeffrey-epstein\/#breadcrumb","itemListElement":[{"@type":"ListItem","position":1,"name":"Portada","item":"https:\/\/www.sonoraenequipo.com.mx\/"},{"@type":"ListItem","position":2,"name":"Justicia de Nueva York desclasifica documentos judiciales asociados a Jeffrey Epstein"}]},{"@type":"WebSite","@id":"https:\/\/www.sonoraenequipo.com.mx\/#website","url":"https:\/\/www.sonoraenequipo.com.mx\/","name":"Sonora en Equipo.","description":"Diario en l\u00ednea con Noticias desde Hermosillo, Sonora","publisher":{"@id":"https:\/\/www.sonoraenequipo.com.mx\/#organization"},"potentialAction":[{"@type":"SearchAction","target":{"@type":"EntryPoint","urlTemplate":"https:\/\/www.sonoraenequipo.com.mx\/?s={search_term_string}"},"query-input":{"@type":"PropertyValueSpecification","valueRequired":true,"valueName":"search_term_string"}}],"inLanguage":"es"},{"@type":"Organization","@id":"https:\/\/www.sonoraenequipo.com.mx\/#organization","name":"Sonoraenequipo.com.mx","url":"https:\/\/www.sonoraenequipo.com.mx\/","logo":{"@type":"ImageObject","inLanguage":"es","@id":"https:\/\/www.sonoraenequipo.com.mx\/#\/schema\/logo\/image\/","url":"https:\/\/www.sonoraenequipo.com.mx\/storage\/2019\/01\/sonoraenequipo_opt.png","contentUrl":"https:\/\/www.sonoraenequipo.com.mx\/storage\/2019\/01\/sonoraenequipo_opt.png","width":375,"height":125,"caption":"Sonoraenequipo.com.mx"},"image":{"@id":"https:\/\/www.sonoraenequipo.com.mx\/#\/schema\/logo\/image\/"},"sameAs":["https:\/\/www.facebook.com\/SonoraEE\/","https:\/\/x.com\/sonoraenequipo","https:\/\/www.youtube.com\/channel\/UC338nW-lPEYmJQs4ZABQ1SQ"]},{"@type":"Person","@id":"https:\/\/www.sonoraenequipo.com.mx\/#\/schema\/person\/50102df0fb23a8fa9e8effad8fa81386","name":"enequipo","image":{"@type":"ImageObject","inLanguage":"es","@id":"https:\/\/www.sonoraenequipo.com.mx\/#\/schema\/person\/image\/","url":"https:\/\/secure.gravatar.com\/avatar\/049821681b589dabc0bc20695993ccebb09f5b5d4d790cd9251b97faac7c652b?s=96&d=blank&r=g","contentUrl":"https:\/\/secure.gravatar.com\/avatar\/049821681b589dabc0bc20695993ccebb09f5b5d4d790cd9251b97faac7c652b?s=96&d=blank&r=g","caption":"enequipo"},"sameAs":["https:\/\/www.facebook.com\/SonoraEE"]}]}},"jetpack_featured_media_url":"https:\/\/www.sonoraenequipo.com.mx\/storage\/2024\/01\/Justicia-de-Nueva-York-desclasifica-documentos-judiciales-asociados-a-Jeffrey-Epstein.webp","_links":{"self":[{"href":"https:\/\/www.sonoraenequipo.com.mx\/api\/wp\/v2\/posts\/181460","targetHints":{"allow":["GET"]}}],"collection":[{"href":"https:\/\/www.sonoraenequipo.com.mx\/api\/wp\/v2\/posts"}],"about":[{"href":"https:\/\/www.sonoraenequipo.com.mx\/api\/wp\/v2\/types\/post"}],"author":[{"embeddable":true,"href":"https:\/\/www.sonoraenequipo.com.mx\/api\/wp\/v2\/users\/1"}],"replies":[{"embeddable":true,"href":"https:\/\/www.sonoraenequipo.com.mx\/api\/wp\/v2\/comments?post=181460"}],"version-history":[{"count":1,"href":"https:\/\/www.sonoraenequipo.com.mx\/api\/wp\/v2\/posts\/181460\/revisions"}],"predecessor-version":[{"id":181464,"href":"https:\/\/www.sonoraenequipo.com.mx\/api\/wp\/v2\/posts\/181460\/revisions\/181464"}],"wp:featuredmedia":[{"embeddable":true,"href":"https:\/\/www.sonoraenequipo.com.mx\/api\/wp\/v2\/media\/181463"}],"wp:attachment":[{"href":"https:\/\/www.sonoraenequipo.com.mx\/api\/wp\/v2\/media?parent=181460"}],"wp:term":[{"taxonomy":"category","embeddable":true,"href":"https:\/\/www.sonoraenequipo.com.mx\/api\/wp\/v2\/categories?post=181460"},{"taxonomy":"post_tag","embeddable":true,"href":"https:\/\/www.sonoraenequipo.com.mx\/api\/wp\/v2\/tags?post=181460"}],"curies":[{"name":"wp","href":"https:\/\/api.w.org\/{rel}","templated":true}]}}