{"id":181483,"date":"2024-01-03T23:38:00","date_gmt":"2024-01-04T06:38:00","guid":{"rendered":"https:\/\/www.sonoraenequipo.com.mx\/?p=181483"},"modified":"2024-01-04T11:33:03","modified_gmt":"2024-01-04T18:33:03","slug":"el-estado-argentino-deja-de-pagar-los-sueldos-de-los-obispos-catolicos","status":"publish","type":"post","link":"https:\/\/www.sonoraenequipo.com.mx\/el-estado-argentino-deja-de-pagar-los-sueldos-de-los-obispos-catolicos\/","title":{"rendered":"El Estado argentino deja de pagar los sueldos de los obispos cat\u00f3licos"},"content":{"rendered":"<p><strong>BUENOS AIRES, ARGENTINA. \u2014<\/strong> El Estado argentino dej\u00f3 de pagar lo sueldos mensuales de los obispos de la Iglesia cat\u00f3lica, anunci\u00f3 la jerarqu\u00eda eclesi\u00e1stica en un comunicado difundido este mi\u00e9rcoles que da cuenta de una decisi\u00f3n que empez\u00f3 a gestarse en 2018, cuando fue aprobada la ley del aborto.<\/p>\n<p>El portavoz presidencial de Javier Milei, Manuel Adorni, confirm\u00f3 este mi\u00e9rcoles en conferencia de prensa que la Conferencia Episcopal argentina termin\u00f3 de hacer efectiva la renuncia a la asignaci\u00f3n mensual a trav\u00e9s de la cual el Estado se hacia cargo de los salarios de algunos obispos y arzobispos.<\/p>\n<p>PUBLICADO EL 03 DE ENERO DE 2024 Con informaci\u00f3n de EE)<\/p>\n","protected":false},"excerpt":{"rendered":"<p>BUENOS AIRES, ARGENTINA. \u2014 El Estado argentino dej\u00f3 de pagar lo sueldos mensuales de los&#8230;<\/p>\n","protected":false},"author":1,"featured_media":181484,"comment_status":"open","ping_status":"open","sticky":false,"template":"","format":"standard","meta":{"_monsterinsights_skip_tracking":false,"_monsterinsights_sitenote_active":false,"_monsterinsights_sitenote_note":"","_monsterinsights_sitenote_category":0,"footnotes":""},"categories":[3],"tags":[],"class_list":["post"],"yoast_head":" \n<title>Sonora en Equipo. El Estado argentino deja de pagar los sueldos de los obispos cat\u00f3licos MUNDO<\/title>\n<meta name=\"description\" content=\"BUENOS AIRES, ARGENTINA. \u2014 El Estado argentino dej\u00f3 de pagar lo sueldos mensuales de los obispos de la Iglesia cat\u00f3lica, anunci\u00f3 la jerarqu\u00eda eclesi\u00e1stica En Sonora en Equipo publicamos toda la informaci\u00f3n de Sonora, M\u00e9xico y el Mundo de manera oportuna y busca que la libertad de expresi\u00f3n sea real. Visita nuestro medio informativo publicado desde Hermosillo, Sonora. %\" \/>\n<meta name=\"robots\" content=\"index, follow, max-snippet:-1, max-image-preview:large, max-video-preview:-1\" \/>\n<link rel=\"canonical\" href=\"https:\/\/www.sonoraenequipo.com.mx\/el-estado-argentino-deja-de-pagar-los-sueldos-de-los-obispos-catolicos\/\" \/>\n<meta property=\"og:locale\" content=\"es_ES\" \/>\n<meta property=\"og:type\" content=\"article\" \/>\n<meta property=\"og:title\" content=\"Sonora en Equipo. El Estado argentino deja de pagar los sueldos de los obispos cat\u00f3licos MUNDO\" \/>\n<meta property=\"og:description\" content=\"BUENOS AIRES, ARGENTINA. \u2014 El Estado argentino dej\u00f3 de pagar lo sueldos mensuales de los obispos de la Iglesia cat\u00f3lica, anunci\u00f3 la jerarqu\u00eda eclesi\u00e1stica En Sonora en Equipo publicamos toda la informaci\u00f3n de Sonora, M\u00e9xico y el Mundo de manera oportuna y busca que la libertad de expresi\u00f3n sea real. Visita nuestro medio informativo publicado desde Hermosillo, Sonora. %\" \/>\n<meta property=\"og:url\" content=\"https:\/\/www.sonoraenequipo.com.mx\/el-estado-argentino-deja-de-pagar-los-sueldos-de-los-obispos-catolicos\/\" \/>\n<meta property=\"og:site_name\" content=\"Sonora en Equipo.\" \/>\n<meta property=\"article:publisher\" content=\"https:\/\/www.facebook.com\/SonoraEE\/\" \/>\n<meta property=\"article:author\" content=\"https:\/\/www.facebook.com\/SonoraEE\" \/>\n<meta property=\"article:published_time\" content=\"2024-01-04T06:38:00+00:00\" \/>\n<meta property=\"article:modified_time\" content=\"2024-01-04T18:33:03+00:00\" \/>\n<meta property=\"og:image\" content=\"https:\/\/www.sonoraenequipo.com.mx\/storage\/2024\/01\/El-Estado-argentino-deja-de-pagar-los-sueldos-de-los-obispos-catolicos0-min.jpg\" \/>\n\t<meta property=\"og:image:width\" content=\"1013\" \/>\n\t<meta property=\"og:image:height\" content=\"675\" \/>\n\t<meta property=\"og:image:type\" content=\"image\/jpeg\" \/>\n<meta name=\"author\" content=\"enequipo\" \/>\n<meta name=\"twitter:card\" content=\"summary_large_image\" \/>\n<meta name=\"twitter:creator\" content=\"@sonoraenequipo\" \/>\n<meta name=\"twitter:site\" content=\"@sonoraenequipo\" \/>\n<meta name=\"twitter:label1\" content=\"Escrito por\" \/>\n\t<meta name=\"twitter:data1\" content=\"enequipo\" \/>\n\t<meta name=\"twitter:label2\" content=\"Tiempo de lectura\" \/>\n\t<meta name=\"twitter:data2\" content=\"1 minuto\" \/>\n<script type=\"application\/ld+json\" class=\"yoast-schema-graph\">{\"@context\":\"https:\/\/schema.org\",\"@graph\":[{\"@type\":\"Article\",\"@id\":\"https:\/\/www.sonoraenequipo.com.mx\/el-estado-argentino-deja-de-pagar-los-sueldos-de-los-obispos-catolicos\/#article\",\"isPartOf\":{\"@id\":\"https:\/\/www.sonoraenequipo.com.mx\/el-estado-argentino-deja-de-pagar-los-sueldos-de-los-obispos-catolicos\/\"},\"author\":{\"name\":\"enequipo\",\"@id\":\"https:\/\/www.sonoraenequipo.com.mx\/#\/schema\/person\/50102df0fb23a8fa9e8effad8fa81386\"},\"headline\":\"El Estado argentino deja de pagar los sueldos de los obispos cat\u00f3licos\",\"datePublished\":\"2024-01-04T06:38:00+00:00\",\"dateModified\":\"2024-01-04T18:33:03+00:00\",\"mainEntityOfPage\":{\"@id\":\"https:\/\/www.sonoraenequipo.com.mx\/el-estado-argentino-deja-de-pagar-los-sueldos-de-los-obispos-catolicos\/\"},\"wordCount\":126,\"commentCount\":0,\"publisher\":{\"@id\":\"https:\/\/www.sonoraenequipo.com.mx\/#organization\"},\"image\":{\"@id\":\"https:\/\/www.sonoraenequipo.com.mx\/el-estado-argentino-deja-de-pagar-los-sueldos-de-los-obispos-catolicos\/#primaryimage\"},\"thumbnailUrl\":\"https:\/\/www.sonoraenequipo.com.mx\/storage\/2024\/01\/El-Estado-argentino-deja-de-pagar-los-sueldos-de-los-obispos-catolicos0-min.jpg\",\"articleSection\":[\"MUNDO\"],\"inLanguage\":\"es\",\"potentialAction\":[{\"@type\":\"CommentAction\",\"name\":\"Comment\",\"target\":[\"https:\/\/www.sonoraenequipo.com.mx\/el-estado-argentino-deja-de-pagar-los-sueldos-de-los-obispos-catolicos\/#respond\"]}]},{\"@type\":\"WebPage\",\"@id\":\"https:\/\/www.sonoraenequipo.com.mx\/el-estado-argentino-deja-de-pagar-los-sueldos-de-los-obispos-catolicos\/\",\"url\":\"https:\/\/www.sonoraenequipo.com.mx\/el-estado-argentino-deja-de-pagar-los-sueldos-de-los-obispos-catolicos\/\",\"name\":\"Sonora en Equipo. El Estado argentino deja de pagar los sueldos de los obispos cat\u00f3licos MUNDO\",\"isPartOf\":{\"@id\":\"https:\/\/www.sonoraenequipo.com.mx\/#website\"},\"primaryImageOfPage\":{\"@id\":\"https:\/\/www.sonoraenequipo.com.mx\/el-estado-argentino-deja-de-pagar-los-sueldos-de-los-obispos-catolicos\/#primaryimage\"},\"image\":{\"@id\":\"https:\/\/www.sonoraenequipo.com.mx\/el-estado-argentino-deja-de-pagar-los-sueldos-de-los-obispos-catolicos\/#primaryimage\"},\"thumbnailUrl\":\"https:\/\/www.sonoraenequipo.com.mx\/storage\/2024\/01\/El-Estado-argentino-deja-de-pagar-los-sueldos-de-los-obispos-catolicos0-min.jpg\",\"datePublished\":\"2024-01-04T06:38:00+00:00\",\"dateModified\":\"2024-01-04T18:33:03+00:00\",\"description\":\"BUENOS AIRES, ARGENTINA. \u2014 El Estado argentino dej\u00f3 de pagar lo sueldos mensuales de los obispos de la Iglesia cat\u00f3lica, anunci\u00f3 la jerarqu\u00eda eclesi\u00e1stica En Sonora en Equipo publicamos toda la informaci\u00f3n de Sonora, M\u00e9xico y el Mundo de manera oportuna y busca que la libertad de expresi\u00f3n sea real. Visita nuestro medio informativo publicado desde Hermosillo, Sonora. %\",\"breadcrumb\":{\"@id\":\"https:\/\/www.sonoraenequipo.com.mx\/el-estado-argentino-deja-de-pagar-los-sueldos-de-los-obispos-catolicos\/#breadcrumb\"},\"inLanguage\":\"es\",\"potentialAction\":[{\"@type\":\"ReadAction\",\"target\":[\"https:\/\/www.sonoraenequipo.com.mx\/el-estado-argentino-deja-de-pagar-los-sueldos-de-los-obispos-catolicos\/\"]}]},{\"@type\":\"ImageObject\",\"inLanguage\":\"es\",\"@id\":\"https:\/\/www.sonoraenequipo.com.mx\/el-estado-argentino-deja-de-pagar-los-sueldos-de-los-obispos-catolicos\/#primaryimage\",\"url\":\"https:\/\/www.sonoraenequipo.com.mx\/storage\/2024\/01\/El-Estado-argentino-deja-de-pagar-los-sueldos-de-los-obispos-catolicos0-min.jpg\",\"contentUrl\":\"https:\/\/www.sonoraenequipo.com.mx\/storage\/2024\/01\/El-Estado-argentino-deja-de-pagar-los-sueldos-de-los-obispos-catolicos0-min.jpg\",\"width\":1013,\"height\":675},{\"@type\":\"BreadcrumbList\",\"@id\":\"https:\/\/www.sonoraenequipo.com.mx\/el-estado-argentino-deja-de-pagar-los-sueldos-de-los-obispos-catolicos\/#breadcrumb\",\"itemListElement\":[{\"@type\":\"ListItem\",\"position\":1,\"name\":\"Portada\",\"item\":\"https:\/\/www.sonoraenequipo.com.mx\/\"},{\"@type\":\"ListItem\",\"position\":2,\"name\":\"El Estado argentino deja de pagar los sueldos de los obispos cat\u00f3licos\"}]},{\"@type\":\"WebSite\",\"@id\":\"https:\/\/www.sonoraenequipo.com.mx\/#website\",\"url\":\"https:\/\/www.sonoraenequipo.com.mx\/\",\"name\":\"Sonora en Equipo.\",\"description\":\"Diario en l\u00ednea con Noticias desde Hermosillo, Sonora\",\"publisher\":{\"@id\":\"https:\/\/www.sonoraenequipo.com.mx\/#organization\"},\"potentialAction\":[{\"@type\":\"SearchAction\",\"target\":{\"@type\":\"EntryPoint\",\"urlTemplate\":\"https:\/\/www.sonoraenequipo.com.mx\/?s={search_term_string}\"},\"query-input\":{\"@type\":\"PropertyValueSpecification\",\"valueRequired\":true,\"valueName\":\"search_term_string\"}}],\"inLanguage\":\"es\"},{\"@type\":\"Organization\",\"@id\":\"https:\/\/www.sonoraenequipo.com.mx\/#organization\",\"name\":\"Sonoraenequipo.com.mx\",\"url\":\"https:\/\/www.sonoraenequipo.com.mx\/\",\"logo\":{\"@type\":\"ImageObject\",\"inLanguage\":\"es\",\"@id\":\"https:\/\/www.sonoraenequipo.com.mx\/#\/schema\/logo\/image\/\",\"url\":\"https:\/\/www.sonoraenequipo.com.mx\/storage\/2019\/01\/sonoraenequipo_opt.png\",\"contentUrl\":\"https:\/\/www.sonoraenequipo.com.mx\/storage\/2019\/01\/sonoraenequipo_opt.png\",\"width\":375,\"height\":125,\"caption\":\"Sonoraenequipo.com.mx\"},\"image\":{\"@id\":\"https:\/\/www.sonoraenequipo.com.mx\/#\/schema\/logo\/image\/\"},\"sameAs\":[\"https:\/\/www.facebook.com\/SonoraEE\/\",\"https:\/\/x.com\/sonoraenequipo\",\"https:\/\/www.youtube.com\/channel\/UC338nW-lPEYmJQs4ZABQ1SQ\"]},{\"@type\":\"Person\",\"@id\":\"https:\/\/www.sonoraenequipo.com.mx\/#\/schema\/person\/50102df0fb23a8fa9e8effad8fa81386\",\"name\":\"enequipo\",\"image\":{\"@type\":\"ImageObject\",\"inLanguage\":\"es\",\"@id\":\"https:\/\/www.sonoraenequipo.com.mx\/#\/schema\/person\/image\/\",\"url\":\"https:\/\/secure.gravatar.com\/avatar\/049821681b589dabc0bc20695993ccebb09f5b5d4d790cd9251b97faac7c652b?s=96&d=blank&r=g\",\"contentUrl\":\"https:\/\/secure.gravatar.com\/avatar\/049821681b589dabc0bc20695993ccebb09f5b5d4d790cd9251b97faac7c652b?s=96&d=blank&r=g\",\"caption\":\"enequipo\"},\"sameAs\":[\"https:\/\/www.facebook.com\/SonoraEE\"]}]}<\/script>\n ","yoast_head_json":{"title":"Sonora en Equipo. El Estado argentino deja de pagar los sueldos de los obispos cat\u00f3licos MUNDO","description":"BUENOS AIRES, ARGENTINA. \u2014 El Estado argentino dej\u00f3 de pagar lo sueldos mensuales de los obispos de la Iglesia cat\u00f3lica, anunci\u00f3 la jerarqu\u00eda eclesi\u00e1stica En Sonora en Equipo publicamos toda la informaci\u00f3n de Sonora, M\u00e9xico y el Mundo de manera oportuna y busca que la libertad de expresi\u00f3n sea real. Visita nuestro medio informativo publicado desde Hermosillo, Sonora. %","robots":{"index":"index","follow":"follow","max-snippet":"max-snippet:-1","max-image-preview":"max-image-preview:large","max-video-preview":"max-video-preview:-1"},"canonical":"https:\/\/www.sonoraenequipo.com.mx\/el-estado-argentino-deja-de-pagar-los-sueldos-de-los-obispos-catolicos\/","og_locale":"es_ES","og_type":"article","og_title":"Sonora en Equipo. El Estado argentino deja de pagar los sueldos de los obispos cat\u00f3licos MUNDO","og_description":"BUENOS AIRES, ARGENTINA. \u2014 El Estado argentino dej\u00f3 de pagar lo sueldos mensuales de los obispos de la Iglesia cat\u00f3lica, anunci\u00f3 la jerarqu\u00eda eclesi\u00e1stica En Sonora en Equipo publicamos toda la informaci\u00f3n de Sonora, M\u00e9xico y el Mundo de manera oportuna y busca que la libertad de expresi\u00f3n sea real. Visita nuestro medio informativo publicado desde Hermosillo, Sonora. %","og_url":"https:\/\/www.sonoraenequipo.com.mx\/el-estado-argentino-deja-de-pagar-los-sueldos-de-los-obispos-catolicos\/","og_site_name":"Sonora en Equipo.","article_publisher":"https:\/\/www.facebook.com\/SonoraEE\/","article_author":"https:\/\/www.facebook.com\/SonoraEE","article_published_time":"2024-01-04T06:38:00+00:00","article_modified_time":"2024-01-04T18:33:03+00:00","og_image":[{"width":1013,"height":675,"url":"https:\/\/www.sonoraenequipo.com.mx\/storage\/2024\/01\/El-Estado-argentino-deja-de-pagar-los-sueldos-de-los-obispos-catolicos0-min.jpg","type":"image\/jpeg"}],"author":"enequipo","twitter_card":"summary_large_image","twitter_creator":"@sonoraenequipo","twitter_site":"@sonoraenequipo","twitter_misc":{"Escrito por":"enequipo","Tiempo de lectura":"1 minuto"},"schema":{"@context":"https:\/\/schema.org","@graph":[{"@type":"Article","@id":"https:\/\/www.sonoraenequipo.com.mx\/el-estado-argentino-deja-de-pagar-los-sueldos-de-los-obispos-catolicos\/#article","isPartOf":{"@id":"https:\/\/www.sonoraenequipo.com.mx\/el-estado-argentino-deja-de-pagar-los-sueldos-de-los-obispos-catolicos\/"},"author":{"name":"enequipo","@id":"https:\/\/www.sonoraenequipo.com.mx\/#\/schema\/person\/50102df0fb23a8fa9e8effad8fa81386"},"headline":"El Estado argentino deja de pagar los sueldos de los obispos cat\u00f3licos","datePublished":"2024-01-04T06:38:00+00:00","dateModified":"2024-01-04T18:33:03+00:00","mainEntityOfPage":{"@id":"https:\/\/www.sonoraenequipo.com.mx\/el-estado-argentino-deja-de-pagar-los-sueldos-de-los-obispos-catolicos\/"},"wordCount":126,"commentCount":0,"publisher":{"@id":"https:\/\/www.sonoraenequipo.com.mx\/#organization"},"image":{"@id":"https:\/\/www.sonoraenequipo.com.mx\/el-estado-argentino-deja-de-pagar-los-sueldos-de-los-obispos-catolicos\/#primaryimage"},"thumbnailUrl":"https:\/\/www.sonoraenequipo.com.mx\/storage\/2024\/01\/El-Estado-argentino-deja-de-pagar-los-sueldos-de-los-obispos-catolicos0-min.jpg","articleSection":["MUNDO"],"inLanguage":"es","potentialAction":[{"@type":"CommentAction","name":"Comment","target":["https:\/\/www.sonoraenequipo.com.mx\/el-estado-argentino-deja-de-pagar-los-sueldos-de-los-obispos-catolicos\/#respond"]}]},{"@type":"WebPage","@id":"https:\/\/www.sonoraenequipo.com.mx\/el-estado-argentino-deja-de-pagar-los-sueldos-de-los-obispos-catolicos\/","url":"https:\/\/www.sonoraenequipo.com.mx\/el-estado-argentino-deja-de-pagar-los-sueldos-de-los-obispos-catolicos\/","name":"Sonora en Equipo. El Estado argentino deja de pagar los sueldos de los obispos cat\u00f3licos MUNDO","isPartOf":{"@id":"https:\/\/www.sonoraenequipo.com.mx\/#website"},"primaryImageOfPage":{"@id":"https:\/\/www.sonoraenequipo.com.mx\/el-estado-argentino-deja-de-pagar-los-sueldos-de-los-obispos-catolicos\/#primaryimage"},"image":{"@id":"https:\/\/www.sonoraenequipo.com.mx\/el-estado-argentino-deja-de-pagar-los-sueldos-de-los-obispos-catolicos\/#primaryimage"},"thumbnailUrl":"https:\/\/www.sonoraenequipo.com.mx\/storage\/2024\/01\/El-Estado-argentino-deja-de-pagar-los-sueldos-de-los-obispos-catolicos0-min.jpg","datePublished":"2024-01-04T06:38:00+00:00","dateModified":"2024-01-04T18:33:03+00:00","description":"BUENOS AIRES, ARGENTINA. \u2014 El Estado argentino dej\u00f3 de pagar lo sueldos mensuales de los obispos de la Iglesia cat\u00f3lica, anunci\u00f3 la jerarqu\u00eda eclesi\u00e1stica En Sonora en Equipo publicamos toda la informaci\u00f3n de Sonora, M\u00e9xico y el Mundo de manera oportuna y busca que la libertad de expresi\u00f3n sea real. Visita nuestro medio informativo publicado desde Hermosillo, Sonora. %","breadcrumb":{"@id":"https:\/\/www.sonoraenequipo.com.mx\/el-estado-argentino-deja-de-pagar-los-sueldos-de-los-obispos-catolicos\/#breadcrumb"},"inLanguage":"es","potentialAction":[{"@type":"ReadAction","target":["https:\/\/www.sonoraenequipo.com.mx\/el-estado-argentino-deja-de-pagar-los-sueldos-de-los-obispos-catolicos\/"]}]},{"@type":"ImageObject","inLanguage":"es","@id":"https:\/\/www.sonoraenequipo.com.mx\/el-estado-argentino-deja-de-pagar-los-sueldos-de-los-obispos-catolicos\/#primaryimage","url":"https:\/\/www.sonoraenequipo.com.mx\/storage\/2024\/01\/El-Estado-argentino-deja-de-pagar-los-sueldos-de-los-obispos-catolicos0-min.jpg","contentUrl":"https:\/\/www.sonoraenequipo.com.mx\/storage\/2024\/01\/El-Estado-argentino-deja-de-pagar-los-sueldos-de-los-obispos-catolicos0-min.jpg","width":1013,"height":675},{"@type":"BreadcrumbList","@id":"https:\/\/www.sonoraenequipo.com.mx\/el-estado-argentino-deja-de-pagar-los-sueldos-de-los-obispos-catolicos\/#breadcrumb","itemListElement":[{"@type":"ListItem","position":1,"name":"Portada","item":"https:\/\/www.sonoraenequipo.com.mx\/"},{"@type":"ListItem","position":2,"name":"El Estado argentino deja de pagar los sueldos de los obispos cat\u00f3licos"}]},{"@type":"WebSite","@id":"https:\/\/www.sonoraenequipo.com.mx\/#website","url":"https:\/\/www.sonoraenequipo.com.mx\/","name":"Sonora en Equipo.","description":"Diario en l\u00ednea con Noticias desde Hermosillo, Sonora","publisher":{"@id":"https:\/\/www.sonoraenequipo.com.mx\/#organization"},"potentialAction":[{"@type":"SearchAction","target":{"@type":"EntryPoint","urlTemplate":"https:\/\/www.sonoraenequipo.com.mx\/?s={search_term_string}"},"query-input":{"@type":"PropertyValueSpecification","valueRequired":true,"valueName":"search_term_string"}}],"inLanguage":"es"},{"@type":"Organization","@id":"https:\/\/www.sonoraenequipo.com.mx\/#organization","name":"Sonoraenequipo.com.mx","url":"https:\/\/www.sonoraenequipo.com.mx\/","logo":{"@type":"ImageObject","inLanguage":"es","@id":"https:\/\/www.sonoraenequipo.com.mx\/#\/schema\/logo\/image\/","url":"https:\/\/www.sonoraenequipo.com.mx\/storage\/2019\/01\/sonoraenequipo_opt.png","contentUrl":"https:\/\/www.sonoraenequipo.com.mx\/storage\/2019\/01\/sonoraenequipo_opt.png","width":375,"height":125,"caption":"Sonoraenequipo.com.mx"},"image":{"@id":"https:\/\/www.sonoraenequipo.com.mx\/#\/schema\/logo\/image\/"},"sameAs":["https:\/\/www.facebook.com\/SonoraEE\/","https:\/\/x.com\/sonoraenequipo","https:\/\/www.youtube.com\/channel\/UC338nW-lPEYmJQs4ZABQ1SQ"]},{"@type":"Person","@id":"https:\/\/www.sonoraenequipo.com.mx\/#\/schema\/person\/50102df0fb23a8fa9e8effad8fa81386","name":"enequipo","image":{"@type":"ImageObject","inLanguage":"es","@id":"https:\/\/www.sonoraenequipo.com.mx\/#\/schema\/person\/image\/","url":"https:\/\/secure.gravatar.com\/avatar\/049821681b589dabc0bc20695993ccebb09f5b5d4d790cd9251b97faac7c652b?s=96&d=blank&r=g","contentUrl":"https:\/\/secure.gravatar.com\/avatar\/049821681b589dabc0bc20695993ccebb09f5b5d4d790cd9251b97faac7c652b?s=96&d=blank&r=g","caption":"enequipo"},"sameAs":["https:\/\/www.facebook.com\/SonoraEE"]}]}},"jetpack_featured_media_url":"https:\/\/www.sonoraenequipo.com.mx\/storage\/2024\/01\/El-Estado-argentino-deja-de-pagar-los-sueldos-de-los-obispos-catolicos0-min.jpg","_links":{"self":[{"href":"https:\/\/www.sonoraenequipo.com.mx\/api\/wp\/v2\/posts\/181483","targetHints":{"allow":["GET"]}}],"collection":[{"href":"https:\/\/www.sonoraenequipo.com.mx\/api\/wp\/v2\/posts"}],"about":[{"href":"https:\/\/www.sonoraenequipo.com.mx\/api\/wp\/v2\/types\/post"}],"author":[{"embeddable":true,"href":"https:\/\/www.sonoraenequipo.com.mx\/api\/wp\/v2\/users\/1"}],"replies":[{"embeddable":true,"href":"https:\/\/www.sonoraenequipo.com.mx\/api\/wp\/v2\/comments?post=181483"}],"version-history":[{"count":2,"href":"https:\/\/www.sonoraenequipo.com.mx\/api\/wp\/v2\/posts\/181483\/revisions"}],"predecessor-version":[{"id":181486,"href":"https:\/\/www.sonoraenequipo.com.mx\/api\/wp\/v2\/posts\/181483\/revisions\/181486"}],"wp:featuredmedia":[{"embeddable":true,"href":"https:\/\/www.sonoraenequipo.com.mx\/api\/wp\/v2\/media\/181484"}],"wp:attachment":[{"href":"https:\/\/www.sonoraenequipo.com.mx\/api\/wp\/v2\/media?parent=181483"}],"wp:term":[{"taxonomy":"category","embeddable":true,"href":"https:\/\/www.sonoraenequipo.com.mx\/api\/wp\/v2\/categories?post=181483"},{"taxonomy":"post_tag","embeddable":true,"href":"https:\/\/www.sonoraenequipo.com.mx\/api\/wp\/v2\/tags?post=181483"}],"curies":[{"name":"wp","href":"https:\/\/api.w.org\/{rel}","templated":true}]}}