{"id":181491,"date":"2024-01-04T10:23:16","date_gmt":"2024-01-04T17:23:16","guid":{"rendered":"https:\/\/www.sonoraenequipo.com.mx\/?p=181491"},"modified":"2024-01-05T16:41:58","modified_gmt":"2024-01-05T23:41:58","slug":"refineria-olmeca-iniciara-produccion-el-31-de-enero","status":"publish","type":"post","link":"https:\/\/www.sonoraenequipo.com.mx\/refineria-olmeca-iniciara-produccion-el-31-de-enero\/","title":{"rendered":"Refiner\u00eda Olmeca iniciar\u00e1 producci\u00f3n el 31 de enero"},"content":{"rendered":"<p><strong>CIUDAD DE M\u00c9XICO. MX. \u2014<\/strong> El presidente Andr\u00e9s Manuel L\u00f3pez Obrador destac\u00f3 el rescate de Petr\u00f3leos Mexicanos (Pemex), emprendido por el Gobierno de M\u00e9xico, como una empresa p\u00fablica fundamental en el desarrollo del pa\u00eds.<\/p>\n<p>&nbsp;<\/p>\n<p> <br \/>\n<strong><em>\u201cQue todos celebremos que se rescat\u00f3 de nuevo Pemex (\u2026) y que no pudieron los neoliberales, neoporfiristas, destruir a Pemex, como era su perversa intenci\u00f3n, porque el petr\u00f3leo es de la naci\u00f3n, es de M\u00e9xico, es parte de nuestra de historia y se ha logrado defender el petr\u00f3leo y a la industria que se encontr\u00f3 en una situaci\u00f3n lamentable\u201d,<\/em> <\/strong>subray\u00f3.<\/p>\n<p>&nbsp;<\/p>\n<p>El mandatario explic\u00f3 que la reforma energ\u00e9tica del sexenio anterior ten\u00eda el objetivo de privatizar todo lo relacionado con el petr\u00f3leo nacional, sin embargo, a la llegada del Gobierno de la Cuarta Transformaci\u00f3n, con el apoyo del pueblo de M\u00e9xico, se evit\u00f3 el desmantelamiento.<\/p>\n<p>&nbsp;<\/p>\n<p>Este rescate, a\u00f1adi\u00f3, significa mantener estables los precios de las gasolinas y el di\u00e9sel a favor de las y los consumidores a nivel nacional. Adem\u00e1s, evitar la importaci\u00f3n o la compra de petr\u00f3leo crudo en el extranjero, luego de la corrupci\u00f3n de sexenios anteriores.<\/p>\n<p>&nbsp;<\/p>\n<p>Al presentar el informe global de resultados de Pemex, su director general, Octavio Romero Oropeza, anunci\u00f3 que la refiner\u00eda Olmeca en Para\u00edso, Tabasco, iniciar\u00e1 la producci\u00f3n el mi\u00e9rcoles 31 de enero, lo que incrementar\u00e1 el volumen de barriles diarios y consolidar\u00e1 la autosuficiencia energ\u00e9tica del pa\u00eds.<\/p>\n<p>&nbsp;<\/p>\n<p>El funcionario detall\u00f3 que estas acciones del Gobierno de M\u00e9xico est\u00e1n orientadas a revertir el d\u00e9ficit heredado en sexenios anteriores, que rondaba los 900 mil barriles diarios. En septiembre de 2024 se estima reducir la importaci\u00f3n a 62 mil barriles diarios para alcanzar una producci\u00f3n total de un mill\u00f3n 294 mil.<\/p>\n<p>&nbsp;<\/p>\n<p>En s\u00f3lo cinco a\u00f1os, Pemex ha incrementado su patrimonio a partir de la creaci\u00f3n del complejo de Dos Bocas y de dos plantas coquizadoras en Tula, Hidalgo, y Salina Cruz, Oaxaca; la compra al 100 por ciento de Deer Park, refiner\u00eda de la naci\u00f3n ubicada en Texas, as\u00ed como la adquisici\u00f3n de 2 mil 400 nuevas pipas para la distribuci\u00f3n de combustibles y diez equipos nuevos de perforaci\u00f3n.<\/p>\n<p>&nbsp;<\/p>\n<p>En conferencia de prensa matutina expuso que la actual administraci\u00f3n subi\u00f3 la producci\u00f3n de crudo a 177 mil barriles diarios, mientras que las reservas probadas est\u00e1n ubicadas en 438 millones de barriles de petr\u00f3leo crudo equivalente mediante a una inversi\u00f3n de 574 mil millones de pesos al a\u00f1o, como resultado del mejor manejo del presupuesto y del combate a la corrupci\u00f3n.<\/p>\n<p>&nbsp;<\/p>\n<p>Pemex mantiene el liderazgo en la venta de combustibles en el pa\u00eds; m\u00e1s del 82 por ciento del mercado interno es abastecido con insumos nacionales. El pasado diciembre, a trav\u00e9s de las 77 terminales en todo el pa\u00eds, Petr\u00f3leos Mexicanos vendi\u00f3 un mill\u00f3n 58 mil barriles diarios de gasolinas, di\u00e9sel y turbosina.<\/p>\n<p>&nbsp;<\/p>\n<p>El titular de Pemex mencion\u00f3 que la empresa es l\u00edder en venta de gas LP al atender a 17 millones de hogares en el pa\u00eds. Durante diciembre de 2023 abasteci\u00f3 206 mil barriles diarios de este producto.<\/p>\n<p>&nbsp;<\/p>\n<p>El principal ingreso de Pemex son las ventas internas; en 2023 alcanzaron el 70.8 por ciento del total de entradas. De esta forma se disminuye la participaci\u00f3n de las ventas de exportaci\u00f3n de crudo.<\/p>\n<p>&nbsp;<\/p>\n<p>Para este a\u00f1o se estima consolidar la generaci\u00f3n de ingresos por ventas internas gracias a la aportaci\u00f3n de productos que har\u00e1 la nueva refiner\u00eda Olmeca.<\/p>\n<p>&nbsp;<\/p>\n<p><em><strong>\u201cLa idea es procesar el crudo para vender gasolinas y que ese sea el ingreso fundamental de Petr\u00f3leos Mexicanos\u201d<\/strong><\/em>, abund\u00f3 el funcionario.<\/p>\n<p>&nbsp;<\/p>\n<p>En 2018, la producci\u00f3n de gasolina, di\u00e9sel y turbosina registraba 300 mil barriles diarios. El estimado de este 2024 es de un mill\u00f3n 46 mil barriles diarios al sumar lo generado por la nueva refiner\u00eda Olmeca, la planta Deer Park y la modernizaci\u00f3n del Sistema Nacional de Refinaci\u00f3n, que contempla Cadereyta, Madero, Minatitl\u00e1n, Tula, Salamanca y Salina Cruz. En 2025 ser\u00e1 agregada la producci\u00f3n plena de las dos coquizadoras.<\/p>\n<p>&nbsp;<\/p>\n<p>La generaci\u00f3n de hidrocarburos l\u00edquidos subi\u00f3 al cierre de 2023 a un mill\u00f3n 876 mil barriles diarios promedio anual, derivado de los trabajos en campos maduros y nuevos, estos \u00faltimos aportaron el 30 por ciento del total en Pemex Exploraci\u00f3n y Producci\u00f3n.<\/p>\n<p>&nbsp;<\/p>\n<p>El proceso de crudo en noviembre de 2018 se ubicaba en 519 mil barriles diarios; para este a\u00f1o se proyecta una producci\u00f3n de un mill\u00f3n 512 mil barriles diarios.<\/p>\n<p>&nbsp;<\/p>\n<p>En cuanto a la producci\u00f3n de fertilizantes, el director de Pemex argument\u00f3 que en 2020 reinici\u00f3 la fabricaci\u00f3n de urea en Coatzacoalcos, con planta I y a partir de marzo de 2024 se contar\u00e1 con producci\u00f3n de la planta de Urea II, de modo que Pemex cumplir\u00e1 con el 100 por ciento de la entrega gratuita de fertilizantes para peque\u00f1os y medianos productores del campo.<\/p>\n<p>&nbsp;<\/p>\n<p>El saldo de la deuda de Petr\u00f3leos Mexicanos en 2018 era de 129.3 mil millones de d\u00f3lares; en 2023, disminuy\u00f3 a 106.8 mil millones de d\u00f3lares, es decir, hubo una reducci\u00f3n de 22.5 mil millones de d\u00f3lares, que representa 17.4 por ciento.<\/p>\n<p>&nbsp;<\/p>\n<p>Durante mucho tiempo, la carga fiscal aplicable a Pemex comprometi\u00f3 su situaci\u00f3n financiera al destinar no solamente sus ingresos sino contratar deuda para pagar impuestos. En esta administraci\u00f3n la situaci\u00f3n cambi\u00f3, pues la tasa aplicable para el Derecho para la Utilidad Compartida ha disminuido en m\u00e1s de la mitad, pasando del 65 por ciento vigente en 2019 al 30 por ciento que se aplicar\u00e1 en 2024.<\/p>\n<p>&nbsp;<\/p>\n<p>Esta decisi\u00f3n hist\u00f3rica a favor de Pemex ha permitido que la empresa de la naci\u00f3n cuente con mayores flujos financieros y sostenga sus gastos de operaci\u00f3n e inversi\u00f3n sin necesidad de incurrir en endeudamiento, puntualiz\u00f3 el titular de Pemex.<\/p>\n<p>&nbsp;<\/p>\n<p>La certeza laboral del personal es otro pilar en el proceso de rescate de la empresa. En cinco a\u00f1os se basific\u00f3 a 24 mil 372 trabajadores, de los cuales, 20 mil 356 son sindicalizados y 4 mil 16 son trabajadores de confianza a partir del criterio de antig\u00fcedad.<\/p>\n<p>&nbsp;<\/p>\n<p>&nbsp;<\/p>\n<p>Participaron en la presentaci\u00f3n: los directores generales de Pemex Exploraci\u00f3n y Producci\u00f3n, \u00c1ngel Cid Mungu\u00eda y de Pemex Transformaci\u00f3n Industrial, Jorge Luis Basald\u00faa Ramos, as\u00ed como el director de Finanzas de Pemex, Carlos Cortez Fern\u00e1ndez.<\/p>\n<p>&nbsp;<\/p>\n<p>&nbsp;<\/p>\n<p>PUBLICADO EL 04 DE ENERO 2024\/ Con informaci\u00f3n d<\/p>\n","protected":false},"excerpt":{"rendered":"<p>CIUDAD DE M\u00c9XICO. MX. \u2014 El presidente Andr\u00e9s Manuel L\u00f3pez Obrador destac\u00f3 el rescate de&#8230;<\/p>\n","protected":false},"author":1,"featured_media":181492,"comment_status":"open","ping_status":"open","sticky":false,"template":"","format":"standard","meta":{"_monsterinsights_skip_tracking":false,"_monsterinsights_sitenote_active":false,"_monsterinsights_sitenote_note":"","_monsterinsights_sitenote_category":0,"footnotes":""},"categories":[5],"tags":[],"class_list":["post"],"yoast_head":" \n<title>Sonora en Equipo. Refiner\u00eda Olmeca iniciar\u00e1 producci\u00f3n el 31 de enero Rep\u00fablica<\/title>\n<meta name=\"description\" content=\"CIUDAD DE M\u00c9XICO. MX. \u2014 El presidente Andr\u00e9s Manuel L\u00f3pez Obrador destac\u00f3 el rescate de Petr\u00f3leos Mexicanos (Pemex), emprendido por el Gobierno de M\u00e9xico, En Sonora en Equipo publicamos toda la informaci\u00f3n de Sonora, M\u00e9xico y el Mundo de manera oportuna y busca que la libertad de expresi\u00f3n sea real. Visita nuestro medio informativo publicado desde Hermosillo, Sonora. %\" \/>\n<meta name=\"robots\" content=\"index, follow, max-snippet:-1, max-image-preview:large, max-video-preview:-1\" \/>\n<link rel=\"canonical\" href=\"https:\/\/www.sonoraenequipo.com.mx\/refineria-olmeca-iniciara-produccion-el-31-de-enero\/\" \/>\n<meta property=\"og:locale\" content=\"es_ES\" \/>\n<meta property=\"og:type\" content=\"article\" \/>\n<meta property=\"og:title\" content=\"Sonora en Equipo. Refiner\u00eda Olmeca iniciar\u00e1 producci\u00f3n el 31 de enero Rep\u00fablica\" \/>\n<meta property=\"og:description\" content=\"CIUDAD DE M\u00c9XICO. MX. \u2014 El presidente Andr\u00e9s Manuel L\u00f3pez Obrador destac\u00f3 el rescate de Petr\u00f3leos Mexicanos (Pemex), emprendido por el Gobierno de M\u00e9xico, En Sonora en Equipo publicamos toda la informaci\u00f3n de Sonora, M\u00e9xico y el Mundo de manera oportuna y busca que la libertad de expresi\u00f3n sea real. Visita nuestro medio informativo publicado desde Hermosillo, Sonora. %\" \/>\n<meta property=\"og:url\" content=\"https:\/\/www.sonoraenequipo.com.mx\/refineria-olmeca-iniciara-produccion-el-31-de-enero\/\" \/>\n<meta property=\"og:site_name\" content=\"Sonora en Equipo.\" \/>\n<meta property=\"article:publisher\" content=\"https:\/\/www.facebook.com\/SonoraEE\/\" \/>\n<meta property=\"article:author\" content=\"https:\/\/www.facebook.com\/SonoraEE\" \/>\n<meta property=\"article:published_time\" content=\"2024-01-04T17:23:16+00:00\" \/>\n<meta property=\"article:modified_time\" content=\"2024-01-05T23:41:58+00:00\" \/>\n<meta property=\"og:image\" content=\"https:\/\/www.sonoraenequipo.com.mx\/storage\/2024\/01\/dos-bocas...-min-1.jpg\" \/>\n\t<meta property=\"og:image:width\" content=\"900\" \/>\n\t<meta property=\"og:image:height\" content=\"509\" \/>\n\t<meta property=\"og:image:type\" content=\"image\/jpeg\" \/>\n<meta name=\"author\" content=\"enequipo\" \/>\n<meta name=\"twitter:card\" content=\"summary_large_image\" \/>\n<meta name=\"twitter:creator\" content=\"@sonoraenequipo\" \/>\n<meta name=\"twitter:site\" content=\"@sonoraenequipo\" \/>\n<meta name=\"twitter:label1\" content=\"Escrito por\" \/>\n\t<meta name=\"twitter:data1\" content=\"enequipo\" \/>\n\t<meta name=\"twitter:label2\" content=\"Tiempo de lectura\" \/>\n\t<meta name=\"twitter:data2\" content=\"6 minutos\" \/>\n<script type=\"application\/ld+json\" class=\"yoast-schema-graph\">{\"@context\":\"https:\/\/schema.org\",\"@graph\":[{\"@type\":\"Article\",\"@id\":\"https:\/\/www.sonoraenequipo.com.mx\/refineria-olmeca-iniciara-produccion-el-31-de-enero\/#article\",\"isPartOf\":{\"@id\":\"https:\/\/www.sonoraenequipo.com.mx\/refineria-olmeca-iniciara-produccion-el-31-de-enero\/\"},\"author\":{\"name\":\"enequipo\",\"@id\":\"https:\/\/www.sonoraenequipo.com.mx\/#\/schema\/person\/50102df0fb23a8fa9e8effad8fa81386\"},\"headline\":\"Refiner\u00eda Olmeca iniciar\u00e1 producci\u00f3n el 31 de enero\",\"datePublished\":\"2024-01-04T17:23:16+00:00\",\"dateModified\":\"2024-01-05T23:41:58+00:00\",\"mainEntityOfPage\":{\"@id\":\"https:\/\/www.sonoraenequipo.com.mx\/refineria-olmeca-iniciara-produccion-el-31-de-enero\/\"},\"wordCount\":1113,\"commentCount\":0,\"publisher\":{\"@id\":\"https:\/\/www.sonoraenequipo.com.mx\/#organization\"},\"image\":{\"@id\":\"https:\/\/www.sonoraenequipo.com.mx\/refineria-olmeca-iniciara-produccion-el-31-de-enero\/#primaryimage\"},\"thumbnailUrl\":\"https:\/\/www.sonoraenequipo.com.mx\/storage\/2024\/01\/dos-bocas...-min-1.jpg\",\"articleSection\":[\"Rep\u00fablica\"],\"inLanguage\":\"es\",\"potentialAction\":[{\"@type\":\"CommentAction\",\"name\":\"Comment\",\"target\":[\"https:\/\/www.sonoraenequipo.com.mx\/refineria-olmeca-iniciara-produccion-el-31-de-enero\/#respond\"]}]},{\"@type\":\"WebPage\",\"@id\":\"https:\/\/www.sonoraenequipo.com.mx\/refineria-olmeca-iniciara-produccion-el-31-de-enero\/\",\"url\":\"https:\/\/www.sonoraenequipo.com.mx\/refineria-olmeca-iniciara-produccion-el-31-de-enero\/\",\"name\":\"Sonora en Equipo. Refiner\u00eda Olmeca iniciar\u00e1 producci\u00f3n el 31 de enero Rep\u00fablica\",\"isPartOf\":{\"@id\":\"https:\/\/www.sonoraenequipo.com.mx\/#website\"},\"primaryImageOfPage\":{\"@id\":\"https:\/\/www.sonoraenequipo.com.mx\/refineria-olmeca-iniciara-produccion-el-31-de-enero\/#primaryimage\"},\"image\":{\"@id\":\"https:\/\/www.sonoraenequipo.com.mx\/refineria-olmeca-iniciara-produccion-el-31-de-enero\/#primaryimage\"},\"thumbnailUrl\":\"https:\/\/www.sonoraenequipo.com.mx\/storage\/2024\/01\/dos-bocas...-min-1.jpg\",\"datePublished\":\"2024-01-04T17:23:16+00:00\",\"dateModified\":\"2024-01-05T23:41:58+00:00\",\"description\":\"CIUDAD DE M\u00c9XICO. MX. \u2014 El presidente Andr\u00e9s Manuel L\u00f3pez Obrador destac\u00f3 el rescate de Petr\u00f3leos Mexicanos (Pemex), emprendido por el Gobierno de M\u00e9xico, En Sonora en Equipo publicamos toda la informaci\u00f3n de Sonora, M\u00e9xico y el Mundo de manera oportuna y busca que la libertad de expresi\u00f3n sea real. Visita nuestro medio informativo publicado desde Hermosillo, Sonora. %\",\"breadcrumb\":{\"@id\":\"https:\/\/www.sonoraenequipo.com.mx\/refineria-olmeca-iniciara-produccion-el-31-de-enero\/#breadcrumb\"},\"inLanguage\":\"es\",\"potentialAction\":[{\"@type\":\"ReadAction\",\"target\":[\"https:\/\/www.sonoraenequipo.com.mx\/refineria-olmeca-iniciara-produccion-el-31-de-enero\/\"]}]},{\"@type\":\"ImageObject\",\"inLanguage\":\"es\",\"@id\":\"https:\/\/www.sonoraenequipo.com.mx\/refineria-olmeca-iniciara-produccion-el-31-de-enero\/#primaryimage\",\"url\":\"https:\/\/www.sonoraenequipo.com.mx\/storage\/2024\/01\/dos-bocas...-min-1.jpg\",\"contentUrl\":\"https:\/\/www.sonoraenequipo.com.mx\/storage\/2024\/01\/dos-bocas...-min-1.jpg\",\"width\":900,\"height\":509},{\"@type\":\"BreadcrumbList\",\"@id\":\"https:\/\/www.sonoraenequipo.com.mx\/refineria-olmeca-iniciara-produccion-el-31-de-enero\/#breadcrumb\",\"itemListElement\":[{\"@type\":\"ListItem\",\"position\":1,\"name\":\"Portada\",\"item\":\"https:\/\/www.sonoraenequipo.com.mx\/\"},{\"@type\":\"ListItem\",\"position\":2,\"name\":\"Refiner\u00eda Olmeca iniciar\u00e1 producci\u00f3n el 31 de enero\"}]},{\"@type\":\"WebSite\",\"@id\":\"https:\/\/www.sonoraenequipo.com.mx\/#website\",\"url\":\"https:\/\/www.sonoraenequipo.com.mx\/\",\"name\":\"Sonora en Equipo.\",\"description\":\"Diario en l\u00ednea con Noticias desde Hermosillo, Sonora\",\"publisher\":{\"@id\":\"https:\/\/www.sonoraenequipo.com.mx\/#organization\"},\"potentialAction\":[{\"@type\":\"SearchAction\",\"target\":{\"@type\":\"EntryPoint\",\"urlTemplate\":\"https:\/\/www.sonoraenequipo.com.mx\/?s={search_term_string}\"},\"query-input\":{\"@type\":\"PropertyValueSpecification\",\"valueRequired\":true,\"valueName\":\"search_term_string\"}}],\"inLanguage\":\"es\"},{\"@type\":\"Organization\",\"@id\":\"https:\/\/www.sonoraenequipo.com.mx\/#organization\",\"name\":\"Sonoraenequipo.com.mx\",\"url\":\"https:\/\/www.sonoraenequipo.com.mx\/\",\"logo\":{\"@type\":\"ImageObject\",\"inLanguage\":\"es\",\"@id\":\"https:\/\/www.sonoraenequipo.com.mx\/#\/schema\/logo\/image\/\",\"url\":\"https:\/\/www.sonoraenequipo.com.mx\/storage\/2019\/01\/sonoraenequipo_opt.png\",\"contentUrl\":\"https:\/\/www.sonoraenequipo.com.mx\/storage\/2019\/01\/sonoraenequipo_opt.png\",\"width\":375,\"height\":125,\"caption\":\"Sonoraenequipo.com.mx\"},\"image\":{\"@id\":\"https:\/\/www.sonoraenequipo.com.mx\/#\/schema\/logo\/image\/\"},\"sameAs\":[\"https:\/\/www.facebook.com\/SonoraEE\/\",\"https:\/\/x.com\/sonoraenequipo\",\"https:\/\/www.youtube.com\/channel\/UC338nW-lPEYmJQs4ZABQ1SQ\"]},{\"@type\":\"Person\",\"@id\":\"https:\/\/www.sonoraenequipo.com.mx\/#\/schema\/person\/50102df0fb23a8fa9e8effad8fa81386\",\"name\":\"enequipo\",\"image\":{\"@type\":\"ImageObject\",\"inLanguage\":\"es\",\"@id\":\"https:\/\/www.sonoraenequipo.com.mx\/#\/schema\/person\/image\/\",\"url\":\"https:\/\/secure.gravatar.com\/avatar\/049821681b589dabc0bc20695993ccebb09f5b5d4d790cd9251b97faac7c652b?s=96&d=blank&r=g\",\"contentUrl\":\"https:\/\/secure.gravatar.com\/avatar\/049821681b589dabc0bc20695993ccebb09f5b5d4d790cd9251b97faac7c652b?s=96&d=blank&r=g\",\"caption\":\"enequipo\"},\"sameAs\":[\"https:\/\/www.facebook.com\/SonoraEE\"]}]}<\/script>\n ","yoast_head_json":{"title":"Sonora en Equipo. Refiner\u00eda Olmeca iniciar\u00e1 producci\u00f3n el 31 de enero Rep\u00fablica","description":"CIUDAD DE M\u00c9XICO. MX. \u2014 El presidente Andr\u00e9s Manuel L\u00f3pez Obrador destac\u00f3 el rescate de Petr\u00f3leos Mexicanos (Pemex), emprendido por el Gobierno de M\u00e9xico, En Sonora en Equipo publicamos toda la informaci\u00f3n de Sonora, M\u00e9xico y el Mundo de manera oportuna y busca que la libertad de expresi\u00f3n sea real. Visita nuestro medio informativo publicado desde Hermosillo, Sonora. %","robots":{"index":"index","follow":"follow","max-snippet":"max-snippet:-1","max-image-preview":"max-image-preview:large","max-video-preview":"max-video-preview:-1"},"canonical":"https:\/\/www.sonoraenequipo.com.mx\/refineria-olmeca-iniciara-produccion-el-31-de-enero\/","og_locale":"es_ES","og_type":"article","og_title":"Sonora en Equipo. Refiner\u00eda Olmeca iniciar\u00e1 producci\u00f3n el 31 de enero Rep\u00fablica","og_description":"CIUDAD DE M\u00c9XICO. MX. \u2014 El presidente Andr\u00e9s Manuel L\u00f3pez Obrador destac\u00f3 el rescate de Petr\u00f3leos Mexicanos (Pemex), emprendido por el Gobierno de M\u00e9xico, En Sonora en Equipo publicamos toda la informaci\u00f3n de Sonora, M\u00e9xico y el Mundo de manera oportuna y busca que la libertad de expresi\u00f3n sea real. Visita nuestro medio informativo publicado desde Hermosillo, Sonora. %","og_url":"https:\/\/www.sonoraenequipo.com.mx\/refineria-olmeca-iniciara-produccion-el-31-de-enero\/","og_site_name":"Sonora en Equipo.","article_publisher":"https:\/\/www.facebook.com\/SonoraEE\/","article_author":"https:\/\/www.facebook.com\/SonoraEE","article_published_time":"2024-01-04T17:23:16+00:00","article_modified_time":"2024-01-05T23:41:58+00:00","og_image":[{"width":900,"height":509,"url":"https:\/\/www.sonoraenequipo.com.mx\/storage\/2024\/01\/dos-bocas...-min-1.jpg","type":"image\/jpeg"}],"author":"enequipo","twitter_card":"summary_large_image","twitter_creator":"@sonoraenequipo","twitter_site":"@sonoraenequipo","twitter_misc":{"Escrito por":"enequipo","Tiempo de lectura":"6 minutos"},"schema":{"@context":"https:\/\/schema.org","@graph":[{"@type":"Article","@id":"https:\/\/www.sonoraenequipo.com.mx\/refineria-olmeca-iniciara-produccion-el-31-de-enero\/#article","isPartOf":{"@id":"https:\/\/www.sonoraenequipo.com.mx\/refineria-olmeca-iniciara-produccion-el-31-de-enero\/"},"author":{"name":"enequipo","@id":"https:\/\/www.sonoraenequipo.com.mx\/#\/schema\/person\/50102df0fb23a8fa9e8effad8fa81386"},"headline":"Refiner\u00eda Olmeca iniciar\u00e1 producci\u00f3n el 31 de enero","datePublished":"2024-01-04T17:23:16+00:00","dateModified":"2024-01-05T23:41:58+00:00","mainEntityOfPage":{"@id":"https:\/\/www.sonoraenequipo.com.mx\/refineria-olmeca-iniciara-produccion-el-31-de-enero\/"},"wordCount":1113,"commentCount":0,"publisher":{"@id":"https:\/\/www.sonoraenequipo.com.mx\/#organization"},"image":{"@id":"https:\/\/www.sonoraenequipo.com.mx\/refineria-olmeca-iniciara-produccion-el-31-de-enero\/#primaryimage"},"thumbnailUrl":"https:\/\/www.sonoraenequipo.com.mx\/storage\/2024\/01\/dos-bocas...-min-1.jpg","articleSection":["Rep\u00fablica"],"inLanguage":"es","potentialAction":[{"@type":"CommentAction","name":"Comment","target":["https:\/\/www.sonoraenequipo.com.mx\/refineria-olmeca-iniciara-produccion-el-31-de-enero\/#respond"]}]},{"@type":"WebPage","@id":"https:\/\/www.sonoraenequipo.com.mx\/refineria-olmeca-iniciara-produccion-el-31-de-enero\/","url":"https:\/\/www.sonoraenequipo.com.mx\/refineria-olmeca-iniciara-produccion-el-31-de-enero\/","name":"Sonora en Equipo. Refiner\u00eda Olmeca iniciar\u00e1 producci\u00f3n el 31 de enero Rep\u00fablica","isPartOf":{"@id":"https:\/\/www.sonoraenequipo.com.mx\/#website"},"primaryImageOfPage":{"@id":"https:\/\/www.sonoraenequipo.com.mx\/refineria-olmeca-iniciara-produccion-el-31-de-enero\/#primaryimage"},"image":{"@id":"https:\/\/www.sonoraenequipo.com.mx\/refineria-olmeca-iniciara-produccion-el-31-de-enero\/#primaryimage"},"thumbnailUrl":"https:\/\/www.sonoraenequipo.com.mx\/storage\/2024\/01\/dos-bocas...-min-1.jpg","datePublished":"2024-01-04T17:23:16+00:00","dateModified":"2024-01-05T23:41:58+00:00","description":"CIUDAD DE M\u00c9XICO. MX. \u2014 El presidente Andr\u00e9s Manuel L\u00f3pez Obrador destac\u00f3 el rescate de Petr\u00f3leos Mexicanos (Pemex), emprendido por el Gobierno de M\u00e9xico, En Sonora en Equipo publicamos toda la informaci\u00f3n de Sonora, M\u00e9xico y el Mundo de manera oportuna y busca que la libertad de expresi\u00f3n sea real. Visita nuestro medio informativo publicado desde Hermosillo, Sonora. %","breadcrumb":{"@id":"https:\/\/www.sonoraenequipo.com.mx\/refineria-olmeca-iniciara-produccion-el-31-de-enero\/#breadcrumb"},"inLanguage":"es","potentialAction":[{"@type":"ReadAction","target":["https:\/\/www.sonoraenequipo.com.mx\/refineria-olmeca-iniciara-produccion-el-31-de-enero\/"]}]},{"@type":"ImageObject","inLanguage":"es","@id":"https:\/\/www.sonoraenequipo.com.mx\/refineria-olmeca-iniciara-produccion-el-31-de-enero\/#primaryimage","url":"https:\/\/www.sonoraenequipo.com.mx\/storage\/2024\/01\/dos-bocas...-min-1.jpg","contentUrl":"https:\/\/www.sonoraenequipo.com.mx\/storage\/2024\/01\/dos-bocas...-min-1.jpg","width":900,"height":509},{"@type":"BreadcrumbList","@id":"https:\/\/www.sonoraenequipo.com.mx\/refineria-olmeca-iniciara-produccion-el-31-de-enero\/#breadcrumb","itemListElement":[{"@type":"ListItem","position":1,"name":"Portada","item":"https:\/\/www.sonoraenequipo.com.mx\/"},{"@type":"ListItem","position":2,"name":"Refiner\u00eda Olmeca iniciar\u00e1 producci\u00f3n el 31 de enero"}]},{"@type":"WebSite","@id":"https:\/\/www.sonoraenequipo.com.mx\/#website","url":"https:\/\/www.sonoraenequipo.com.mx\/","name":"Sonora en Equipo.","description":"Diario en l\u00ednea con Noticias desde Hermosillo, Sonora","publisher":{"@id":"https:\/\/www.sonoraenequipo.com.mx\/#organization"},"potentialAction":[{"@type":"SearchAction","target":{"@type":"EntryPoint","urlTemplate":"https:\/\/www.sonoraenequipo.com.mx\/?s={search_term_string}"},"query-input":{"@type":"PropertyValueSpecification","valueRequired":true,"valueName":"search_term_string"}}],"inLanguage":"es"},{"@type":"Organization","@id":"https:\/\/www.sonoraenequipo.com.mx\/#organization","name":"Sonoraenequipo.com.mx","url":"https:\/\/www.sonoraenequipo.com.mx\/","logo":{"@type":"ImageObject","inLanguage":"es","@id":"https:\/\/www.sonoraenequipo.com.mx\/#\/schema\/logo\/image\/","url":"https:\/\/www.sonoraenequipo.com.mx\/storage\/2019\/01\/sonoraenequipo_opt.png","contentUrl":"https:\/\/www.sonoraenequipo.com.mx\/storage\/2019\/01\/sonoraenequipo_opt.png","width":375,"height":125,"caption":"Sonoraenequipo.com.mx"},"image":{"@id":"https:\/\/www.sonoraenequipo.com.mx\/#\/schema\/logo\/image\/"},"sameAs":["https:\/\/www.facebook.com\/SonoraEE\/","https:\/\/x.com\/sonoraenequipo","https:\/\/www.youtube.com\/channel\/UC338nW-lPEYmJQs4ZABQ1SQ"]},{"@type":"Person","@id":"https:\/\/www.sonoraenequipo.com.mx\/#\/schema\/person\/50102df0fb23a8fa9e8effad8fa81386","name":"enequipo","image":{"@type":"ImageObject","inLanguage":"es","@id":"https:\/\/www.sonoraenequipo.com.mx\/#\/schema\/person\/image\/","url":"https:\/\/secure.gravatar.com\/avatar\/049821681b589dabc0bc20695993ccebb09f5b5d4d790cd9251b97faac7c652b?s=96&d=blank&r=g","contentUrl":"https:\/\/secure.gravatar.com\/avatar\/049821681b589dabc0bc20695993ccebb09f5b5d4d790cd9251b97faac7c652b?s=96&d=blank&r=g","caption":"enequipo"},"sameAs":["https:\/\/www.facebook.com\/SonoraEE"]}]}},"jetpack_featured_media_url":"https:\/\/www.sonoraenequipo.com.mx\/storage\/2024\/01\/dos-bocas...-min-1.jpg","_links":{"self":[{"href":"https:\/\/www.sonoraenequipo.com.mx\/api\/wp\/v2\/posts\/181491","targetHints":{"allow":["GET"]}}],"collection":[{"href":"https:\/\/www.sonoraenequipo.com.mx\/api\/wp\/v2\/posts"}],"about":[{"href":"https:\/\/www.sonoraenequipo.com.mx\/api\/wp\/v2\/types\/post"}],"author":[{"embeddable":true,"href":"https:\/\/www.sonoraenequipo.com.mx\/api\/wp\/v2\/users\/1"}],"replies":[{"embeddable":true,"href":"https:\/\/www.sonoraenequipo.com.mx\/api\/wp\/v2\/comments?post=181491"}],"version-history":[{"count":1,"href":"https:\/\/www.sonoraenequipo.com.mx\/api\/wp\/v2\/posts\/181491\/revisions"}],"predecessor-version":[{"id":181494,"href":"https:\/\/www.sonoraenequipo.com.mx\/api\/wp\/v2\/posts\/181491\/revisions\/181494"}],"wp:featuredmedia":[{"embeddable":true,"href":"https:\/\/www.sonoraenequipo.com.mx\/api\/wp\/v2\/media\/181492"}],"wp:attachment":[{"href":"https:\/\/www.sonoraenequipo.com.mx\/api\/wp\/v2\/media?parent=181491"}],"wp:term":[{"taxonomy":"category","embeddable":true,"href":"https:\/\/www.sonoraenequipo.com.mx\/api\/wp\/v2\/categories?post=181491"},{"taxonomy":"post_tag","embeddable":true,"href":"https:\/\/www.sonoraenequipo.com.mx\/api\/wp\/v2\/tags?post=181491"}],"curies":[{"name":"wp","href":"https:\/\/api.w.org\/{rel}","templated":true}]}}