{"id":181495,"date":"2024-01-04T16:54:00","date_gmt":"2024-01-04T23:54:00","guid":{"rendered":"https:\/\/www.sonoraenequipo.com.mx\/?p=181495"},"modified":"2024-01-06T13:45:56","modified_gmt":"2024-01-06T20:45:56","slug":"lenia-batres-asume-como-ministra-de-la-scjn","status":"publish","type":"post","link":"https:\/\/www.sonoraenequipo.com.mx\/lenia-batres-asume-como-ministra-de-la-scjn\/","title":{"rendered":"Lenia Batres asume como ministra de la SCJN"},"content":{"rendered":"<p><strong>CIUDAD DE M\u00c9XICO. MX.<\/strong>\u2014 En sesi\u00f3n solemne la Suprema Corte de Justicia de la Naci\u00f3n (SCJN) le impuso a Lenia Batres Guadarrama la toga y credenciales que la convierten en ministra del m\u00e1ximo tribunal del pa\u00eds.<\/p>\n<p>&nbsp;<\/p>\n<p> <\/p>\n<p>La designaci\u00f3n de Lenia Batres Guadarrama como ministra de la SCJN fue realizada directamente por el presidente Andr\u00e9s Manuel L\u00f3pez Obrador, marcando un hecho in\u00e9dito debido a la falta de consenso en el Senado de la Rep\u00fablica para la elecci\u00f3n de un nuevo integrante la Suprema Corte. Batres Guadarrama asume el cargo en sustituci\u00f3n de Arturo Zald\u00edvar, completando as\u00ed la conformaci\u00f3n de los 11 juristas que componen el Pleno.<\/p>\n<p>&nbsp;<\/p>\n<p>Como parte de su discurso de ingreso a la Suprema Corte, Lenia Batres refiri\u00f3:<\/p>\n<p>&nbsp;<\/p>\n<p><em><strong>\u00abLa Suprema Corte se ha extralimitado, el car\u00e1cter inimpugnable de sus decisiones la ha llevado a confundir jerarqu\u00eda de la Constituci\u00f3n con jerarqu\u00eda de la instancia. La Cortese ha colocado por fuera y por encima del trabajo que realiza la Auditor\u00eda Superior de la Federaci\u00f3n, impidiendo efectuar auditor\u00edas de desempe\u00f1o; ejerce poderes que est\u00e1n expresamente vedados en la ley como el otorgamiento de suspensiones en casos de acciones de inconstitucionalidad (&#8230;) ha creado instancias como la tapa ante los Tribunales Colegiados de Circuito en el incidente de INE, ejecuci\u00f3n de sentencias que no tienen sustento constitucional y prolongan los procesos se ha adjudicado facultades para legislar y determinar la revivicencia de normas expresamente derogadas por el Congreso de la Uni\u00f3n\u00bb.<\/strong><\/em><\/p>\n<p>&nbsp;<\/p>\n<p>&nbsp;<\/p>\n<p><strong><em>\u00abDesde hace 14 a\u00f1os el art\u00edculo 127 constitucional fija como l\u00edmite para la remuneraci\u00f3n de las personas servidoras p\u00fablicas la establecida para el presidente de la Rep\u00fablica, disposici\u00f3n que no fue impuesta ni por el actual mandatario ni por las mayor\u00edas parlamentarias actuales, sino que entr\u00f3 en vigor en 2010; la insistencia en este tema no responde a una pol\u00edtica o a ideales de una cierta visi\u00f3n partidista, simplemente considero que nos corresponde acatar la Constituci\u00f3n\u00bb.<\/em><\/strong><\/p>\n<p>&nbsp;<\/p>\n<p>La investidura se llev\u00f3 a cabo en presencia de otros ministros y ministras designados por el presidente L\u00f3pez Obrador, como Loretta Ortiz, Margarita R\u00edos Farjat, Yasm\u00edn Esquivel Mossa y Juan Luis Gonz\u00e1lez Alc\u00e1ntara Carranc\u00e1.<\/p>\n<p>&nbsp;<\/p>\n<p>PUBLICADO EL 04 DE ENERO 2024\/<\/p>\n","protected":false},"excerpt":{"rendered":"<p>CIUDAD DE M\u00c9XICO. MX.\u2014 En sesi\u00f3n solemne la Suprema Corte de Justicia de la Naci\u00f3n&#8230;<\/p>\n","protected":false},"author":1,"featured_media":181496,"comment_status":"open","ping_status":"open","sticky":false,"template":"","format":"standard","meta":{"_monsterinsights_skip_tracking":false,"_monsterinsights_sitenote_active":false,"_monsterinsights_sitenote_note":"","_monsterinsights_sitenote_category":0,"footnotes":""},"categories":[5],"tags":[],"class_list":["post"],"yoast_head":" \n<title>Sonora en Equipo. Lenia Batres asume como ministra de la SCJN Rep\u00fablica<\/title>\n<meta name=\"description\" content=\"CIUDAD DE M\u00c9XICO. MX.\u2014 En sesi\u00f3n solemne la Suprema Corte de Justicia de la Naci\u00f3n (SCJN) le impuso a Lenia Batres Guadarrama la toga y credenciales que En Sonora en Equipo publicamos toda la informaci\u00f3n de Sonora, M\u00e9xico y el Mundo de manera oportuna y busca que la libertad de expresi\u00f3n sea real. Visita nuestro medio informativo publicado desde Hermosillo, Sonora. %\" \/>\n<meta name=\"robots\" content=\"index, follow, max-snippet:-1, max-image-preview:large, max-video-preview:-1\" \/>\n<link rel=\"canonical\" href=\"https:\/\/www.sonoraenequipo.com.mx\/lenia-batres-asume-como-ministra-de-la-scjn\/\" \/>\n<meta property=\"og:locale\" content=\"es_ES\" \/>\n<meta property=\"og:type\" content=\"article\" \/>\n<meta property=\"og:title\" content=\"Sonora en Equipo. Lenia Batres asume como ministra de la SCJN Rep\u00fablica\" \/>\n<meta property=\"og:description\" content=\"CIUDAD DE M\u00c9XICO. MX.\u2014 En sesi\u00f3n solemne la Suprema Corte de Justicia de la Naci\u00f3n (SCJN) le impuso a Lenia Batres Guadarrama la toga y credenciales que En Sonora en Equipo publicamos toda la informaci\u00f3n de Sonora, M\u00e9xico y el Mundo de manera oportuna y busca que la libertad de expresi\u00f3n sea real. Visita nuestro medio informativo publicado desde Hermosillo, Sonora. %\" \/>\n<meta property=\"og:url\" content=\"https:\/\/www.sonoraenequipo.com.mx\/lenia-batres-asume-como-ministra-de-la-scjn\/\" \/>\n<meta property=\"og:site_name\" content=\"Sonora en Equipo.\" \/>\n<meta property=\"article:publisher\" content=\"https:\/\/www.facebook.com\/SonoraEE\/\" \/>\n<meta property=\"article:author\" content=\"https:\/\/www.facebook.com\/SonoraEE\" \/>\n<meta property=\"article:published_time\" content=\"2024-01-04T23:54:00+00:00\" \/>\n<meta property=\"article:modified_time\" content=\"2024-01-06T20:45:56+00:00\" \/>\n<meta property=\"og:image\" content=\"https:\/\/www.sonoraenequipo.com.mx\/storage\/2024\/01\/Lenia-Batres-Guadarrama-min.jpg\" \/>\n\t<meta property=\"og:image:width\" content=\"900\" \/>\n\t<meta property=\"og:image:height\" content=\"564\" \/>\n\t<meta property=\"og:image:type\" content=\"image\/jpeg\" \/>\n<meta name=\"author\" content=\"enequipo\" \/>\n<meta name=\"twitter:card\" content=\"summary_large_image\" \/>\n<meta name=\"twitter:creator\" content=\"@sonoraenequipo\" \/>\n<meta name=\"twitter:site\" content=\"@sonoraenequipo\" \/>\n<meta name=\"twitter:label1\" content=\"Escrito por\" \/>\n\t<meta name=\"twitter:data1\" content=\"enequipo\" \/>\n\t<meta name=\"twitter:label2\" content=\"Tiempo de lectura\" \/>\n\t<meta name=\"twitter:data2\" content=\"2 minutos\" \/>\n<script type=\"application\/ld+json\" class=\"yoast-schema-graph\">{\"@context\":\"https:\/\/schema.org\",\"@graph\":[{\"@type\":\"Article\",\"@id\":\"https:\/\/www.sonoraenequipo.com.mx\/lenia-batres-asume-como-ministra-de-la-scjn\/#article\",\"isPartOf\":{\"@id\":\"https:\/\/www.sonoraenequipo.com.mx\/lenia-batres-asume-como-ministra-de-la-scjn\/\"},\"author\":{\"name\":\"enequipo\",\"@id\":\"https:\/\/www.sonoraenequipo.com.mx\/#\/schema\/person\/50102df0fb23a8fa9e8effad8fa81386\"},\"headline\":\"Lenia Batres asume como ministra de la SCJN\",\"datePublished\":\"2024-01-04T23:54:00+00:00\",\"dateModified\":\"2024-01-06T20:45:56+00:00\",\"mainEntityOfPage\":{\"@id\":\"https:\/\/www.sonoraenequipo.com.mx\/lenia-batres-asume-como-ministra-de-la-scjn\/\"},\"wordCount\":404,\"commentCount\":0,\"publisher\":{\"@id\":\"https:\/\/www.sonoraenequipo.com.mx\/#organization\"},\"image\":{\"@id\":\"https:\/\/www.sonoraenequipo.com.mx\/lenia-batres-asume-como-ministra-de-la-scjn\/#primaryimage\"},\"thumbnailUrl\":\"https:\/\/www.sonoraenequipo.com.mx\/storage\/2024\/01\/Lenia-Batres-Guadarrama-min.jpg\",\"articleSection\":[\"Rep\u00fablica\"],\"inLanguage\":\"es\",\"potentialAction\":[{\"@type\":\"CommentAction\",\"name\":\"Comment\",\"target\":[\"https:\/\/www.sonoraenequipo.com.mx\/lenia-batres-asume-como-ministra-de-la-scjn\/#respond\"]}]},{\"@type\":\"WebPage\",\"@id\":\"https:\/\/www.sonoraenequipo.com.mx\/lenia-batres-asume-como-ministra-de-la-scjn\/\",\"url\":\"https:\/\/www.sonoraenequipo.com.mx\/lenia-batres-asume-como-ministra-de-la-scjn\/\",\"name\":\"Sonora en Equipo. Lenia Batres asume como ministra de la SCJN Rep\u00fablica\",\"isPartOf\":{\"@id\":\"https:\/\/www.sonoraenequipo.com.mx\/#website\"},\"primaryImageOfPage\":{\"@id\":\"https:\/\/www.sonoraenequipo.com.mx\/lenia-batres-asume-como-ministra-de-la-scjn\/#primaryimage\"},\"image\":{\"@id\":\"https:\/\/www.sonoraenequipo.com.mx\/lenia-batres-asume-como-ministra-de-la-scjn\/#primaryimage\"},\"thumbnailUrl\":\"https:\/\/www.sonoraenequipo.com.mx\/storage\/2024\/01\/Lenia-Batres-Guadarrama-min.jpg\",\"datePublished\":\"2024-01-04T23:54:00+00:00\",\"dateModified\":\"2024-01-06T20:45:56+00:00\",\"description\":\"CIUDAD DE M\u00c9XICO. MX.\u2014 En sesi\u00f3n solemne la Suprema Corte de Justicia de la Naci\u00f3n (SCJN) le impuso a Lenia Batres Guadarrama la toga y credenciales que En Sonora en Equipo publicamos toda la informaci\u00f3n de Sonora, M\u00e9xico y el Mundo de manera oportuna y busca que la libertad de expresi\u00f3n sea real. Visita nuestro medio informativo publicado desde Hermosillo, Sonora. %\",\"breadcrumb\":{\"@id\":\"https:\/\/www.sonoraenequipo.com.mx\/lenia-batres-asume-como-ministra-de-la-scjn\/#breadcrumb\"},\"inLanguage\":\"es\",\"potentialAction\":[{\"@type\":\"ReadAction\",\"target\":[\"https:\/\/www.sonoraenequipo.com.mx\/lenia-batres-asume-como-ministra-de-la-scjn\/\"]}]},{\"@type\":\"ImageObject\",\"inLanguage\":\"es\",\"@id\":\"https:\/\/www.sonoraenequipo.com.mx\/lenia-batres-asume-como-ministra-de-la-scjn\/#primaryimage\",\"url\":\"https:\/\/www.sonoraenequipo.com.mx\/storage\/2024\/01\/Lenia-Batres-Guadarrama-min.jpg\",\"contentUrl\":\"https:\/\/www.sonoraenequipo.com.mx\/storage\/2024\/01\/Lenia-Batres-Guadarrama-min.jpg\",\"width\":900,\"height\":564},{\"@type\":\"BreadcrumbList\",\"@id\":\"https:\/\/www.sonoraenequipo.com.mx\/lenia-batres-asume-como-ministra-de-la-scjn\/#breadcrumb\",\"itemListElement\":[{\"@type\":\"ListItem\",\"position\":1,\"name\":\"Portada\",\"item\":\"https:\/\/www.sonoraenequipo.com.mx\/\"},{\"@type\":\"ListItem\",\"position\":2,\"name\":\"Lenia Batres asume como ministra de la SCJN\"}]},{\"@type\":\"WebSite\",\"@id\":\"https:\/\/www.sonoraenequipo.com.mx\/#website\",\"url\":\"https:\/\/www.sonoraenequipo.com.mx\/\",\"name\":\"Sonora en Equipo.\",\"description\":\"Diario en l\u00ednea con Noticias desde Hermosillo, Sonora\",\"publisher\":{\"@id\":\"https:\/\/www.sonoraenequipo.com.mx\/#organization\"},\"potentialAction\":[{\"@type\":\"SearchAction\",\"target\":{\"@type\":\"EntryPoint\",\"urlTemplate\":\"https:\/\/www.sonoraenequipo.com.mx\/?s={search_term_string}\"},\"query-input\":{\"@type\":\"PropertyValueSpecification\",\"valueRequired\":true,\"valueName\":\"search_term_string\"}}],\"inLanguage\":\"es\"},{\"@type\":\"Organization\",\"@id\":\"https:\/\/www.sonoraenequipo.com.mx\/#organization\",\"name\":\"Sonoraenequipo.com.mx\",\"url\":\"https:\/\/www.sonoraenequipo.com.mx\/\",\"logo\":{\"@type\":\"ImageObject\",\"inLanguage\":\"es\",\"@id\":\"https:\/\/www.sonoraenequipo.com.mx\/#\/schema\/logo\/image\/\",\"url\":\"https:\/\/www.sonoraenequipo.com.mx\/storage\/2019\/01\/sonoraenequipo_opt.png\",\"contentUrl\":\"https:\/\/www.sonoraenequipo.com.mx\/storage\/2019\/01\/sonoraenequipo_opt.png\",\"width\":375,\"height\":125,\"caption\":\"Sonoraenequipo.com.mx\"},\"image\":{\"@id\":\"https:\/\/www.sonoraenequipo.com.mx\/#\/schema\/logo\/image\/\"},\"sameAs\":[\"https:\/\/www.facebook.com\/SonoraEE\/\",\"https:\/\/x.com\/sonoraenequipo\",\"https:\/\/www.youtube.com\/channel\/UC338nW-lPEYmJQs4ZABQ1SQ\"]},{\"@type\":\"Person\",\"@id\":\"https:\/\/www.sonoraenequipo.com.mx\/#\/schema\/person\/50102df0fb23a8fa9e8effad8fa81386\",\"name\":\"enequipo\",\"image\":{\"@type\":\"ImageObject\",\"inLanguage\":\"es\",\"@id\":\"https:\/\/www.sonoraenequipo.com.mx\/#\/schema\/person\/image\/\",\"url\":\"https:\/\/secure.gravatar.com\/avatar\/049821681b589dabc0bc20695993ccebb09f5b5d4d790cd9251b97faac7c652b?s=96&d=blank&r=g\",\"contentUrl\":\"https:\/\/secure.gravatar.com\/avatar\/049821681b589dabc0bc20695993ccebb09f5b5d4d790cd9251b97faac7c652b?s=96&d=blank&r=g\",\"caption\":\"enequipo\"},\"sameAs\":[\"https:\/\/www.facebook.com\/SonoraEE\"]}]}<\/script>\n ","yoast_head_json":{"title":"Sonora en Equipo. Lenia Batres asume como ministra de la SCJN Rep\u00fablica","description":"CIUDAD DE M\u00c9XICO. MX.\u2014 En sesi\u00f3n solemne la Suprema Corte de Justicia de la Naci\u00f3n (SCJN) le impuso a Lenia Batres Guadarrama la toga y credenciales que En Sonora en Equipo publicamos toda la informaci\u00f3n de Sonora, M\u00e9xico y el Mundo de manera oportuna y busca que la libertad de expresi\u00f3n sea real. Visita nuestro medio informativo publicado desde Hermosillo, Sonora. %","robots":{"index":"index","follow":"follow","max-snippet":"max-snippet:-1","max-image-preview":"max-image-preview:large","max-video-preview":"max-video-preview:-1"},"canonical":"https:\/\/www.sonoraenequipo.com.mx\/lenia-batres-asume-como-ministra-de-la-scjn\/","og_locale":"es_ES","og_type":"article","og_title":"Sonora en Equipo. Lenia Batres asume como ministra de la SCJN Rep\u00fablica","og_description":"CIUDAD DE M\u00c9XICO. MX.\u2014 En sesi\u00f3n solemne la Suprema Corte de Justicia de la Naci\u00f3n (SCJN) le impuso a Lenia Batres Guadarrama la toga y credenciales que En Sonora en Equipo publicamos toda la informaci\u00f3n de Sonora, M\u00e9xico y el Mundo de manera oportuna y busca que la libertad de expresi\u00f3n sea real. Visita nuestro medio informativo publicado desde Hermosillo, Sonora. %","og_url":"https:\/\/www.sonoraenequipo.com.mx\/lenia-batres-asume-como-ministra-de-la-scjn\/","og_site_name":"Sonora en Equipo.","article_publisher":"https:\/\/www.facebook.com\/SonoraEE\/","article_author":"https:\/\/www.facebook.com\/SonoraEE","article_published_time":"2024-01-04T23:54:00+00:00","article_modified_time":"2024-01-06T20:45:56+00:00","og_image":[{"width":900,"height":564,"url":"https:\/\/www.sonoraenequipo.com.mx\/storage\/2024\/01\/Lenia-Batres-Guadarrama-min.jpg","type":"image\/jpeg"}],"author":"enequipo","twitter_card":"summary_large_image","twitter_creator":"@sonoraenequipo","twitter_site":"@sonoraenequipo","twitter_misc":{"Escrito por":"enequipo","Tiempo de lectura":"2 minutos"},"schema":{"@context":"https:\/\/schema.org","@graph":[{"@type":"Article","@id":"https:\/\/www.sonoraenequipo.com.mx\/lenia-batres-asume-como-ministra-de-la-scjn\/#article","isPartOf":{"@id":"https:\/\/www.sonoraenequipo.com.mx\/lenia-batres-asume-como-ministra-de-la-scjn\/"},"author":{"name":"enequipo","@id":"https:\/\/www.sonoraenequipo.com.mx\/#\/schema\/person\/50102df0fb23a8fa9e8effad8fa81386"},"headline":"Lenia Batres asume como ministra de la SCJN","datePublished":"2024-01-04T23:54:00+00:00","dateModified":"2024-01-06T20:45:56+00:00","mainEntityOfPage":{"@id":"https:\/\/www.sonoraenequipo.com.mx\/lenia-batres-asume-como-ministra-de-la-scjn\/"},"wordCount":404,"commentCount":0,"publisher":{"@id":"https:\/\/www.sonoraenequipo.com.mx\/#organization"},"image":{"@id":"https:\/\/www.sonoraenequipo.com.mx\/lenia-batres-asume-como-ministra-de-la-scjn\/#primaryimage"},"thumbnailUrl":"https:\/\/www.sonoraenequipo.com.mx\/storage\/2024\/01\/Lenia-Batres-Guadarrama-min.jpg","articleSection":["Rep\u00fablica"],"inLanguage":"es","potentialAction":[{"@type":"CommentAction","name":"Comment","target":["https:\/\/www.sonoraenequipo.com.mx\/lenia-batres-asume-como-ministra-de-la-scjn\/#respond"]}]},{"@type":"WebPage","@id":"https:\/\/www.sonoraenequipo.com.mx\/lenia-batres-asume-como-ministra-de-la-scjn\/","url":"https:\/\/www.sonoraenequipo.com.mx\/lenia-batres-asume-como-ministra-de-la-scjn\/","name":"Sonora en Equipo. Lenia Batres asume como ministra de la SCJN Rep\u00fablica","isPartOf":{"@id":"https:\/\/www.sonoraenequipo.com.mx\/#website"},"primaryImageOfPage":{"@id":"https:\/\/www.sonoraenequipo.com.mx\/lenia-batres-asume-como-ministra-de-la-scjn\/#primaryimage"},"image":{"@id":"https:\/\/www.sonoraenequipo.com.mx\/lenia-batres-asume-como-ministra-de-la-scjn\/#primaryimage"},"thumbnailUrl":"https:\/\/www.sonoraenequipo.com.mx\/storage\/2024\/01\/Lenia-Batres-Guadarrama-min.jpg","datePublished":"2024-01-04T23:54:00+00:00","dateModified":"2024-01-06T20:45:56+00:00","description":"CIUDAD DE M\u00c9XICO. MX.\u2014 En sesi\u00f3n solemne la Suprema Corte de Justicia de la Naci\u00f3n (SCJN) le impuso a Lenia Batres Guadarrama la toga y credenciales que En Sonora en Equipo publicamos toda la informaci\u00f3n de Sonora, M\u00e9xico y el Mundo de manera oportuna y busca que la libertad de expresi\u00f3n sea real. Visita nuestro medio informativo publicado desde Hermosillo, Sonora. %","breadcrumb":{"@id":"https:\/\/www.sonoraenequipo.com.mx\/lenia-batres-asume-como-ministra-de-la-scjn\/#breadcrumb"},"inLanguage":"es","potentialAction":[{"@type":"ReadAction","target":["https:\/\/www.sonoraenequipo.com.mx\/lenia-batres-asume-como-ministra-de-la-scjn\/"]}]},{"@type":"ImageObject","inLanguage":"es","@id":"https:\/\/www.sonoraenequipo.com.mx\/lenia-batres-asume-como-ministra-de-la-scjn\/#primaryimage","url":"https:\/\/www.sonoraenequipo.com.mx\/storage\/2024\/01\/Lenia-Batres-Guadarrama-min.jpg","contentUrl":"https:\/\/www.sonoraenequipo.com.mx\/storage\/2024\/01\/Lenia-Batres-Guadarrama-min.jpg","width":900,"height":564},{"@type":"BreadcrumbList","@id":"https:\/\/www.sonoraenequipo.com.mx\/lenia-batres-asume-como-ministra-de-la-scjn\/#breadcrumb","itemListElement":[{"@type":"ListItem","position":1,"name":"Portada","item":"https:\/\/www.sonoraenequipo.com.mx\/"},{"@type":"ListItem","position":2,"name":"Lenia Batres asume como ministra de la SCJN"}]},{"@type":"WebSite","@id":"https:\/\/www.sonoraenequipo.com.mx\/#website","url":"https:\/\/www.sonoraenequipo.com.mx\/","name":"Sonora en Equipo.","description":"Diario en l\u00ednea con Noticias desde Hermosillo, Sonora","publisher":{"@id":"https:\/\/www.sonoraenequipo.com.mx\/#organization"},"potentialAction":[{"@type":"SearchAction","target":{"@type":"EntryPoint","urlTemplate":"https:\/\/www.sonoraenequipo.com.mx\/?s={search_term_string}"},"query-input":{"@type":"PropertyValueSpecification","valueRequired":true,"valueName":"search_term_string"}}],"inLanguage":"es"},{"@type":"Organization","@id":"https:\/\/www.sonoraenequipo.com.mx\/#organization","name":"Sonoraenequipo.com.mx","url":"https:\/\/www.sonoraenequipo.com.mx\/","logo":{"@type":"ImageObject","inLanguage":"es","@id":"https:\/\/www.sonoraenequipo.com.mx\/#\/schema\/logo\/image\/","url":"https:\/\/www.sonoraenequipo.com.mx\/storage\/2019\/01\/sonoraenequipo_opt.png","contentUrl":"https:\/\/www.sonoraenequipo.com.mx\/storage\/2019\/01\/sonoraenequipo_opt.png","width":375,"height":125,"caption":"Sonoraenequipo.com.mx"},"image":{"@id":"https:\/\/www.sonoraenequipo.com.mx\/#\/schema\/logo\/image\/"},"sameAs":["https:\/\/www.facebook.com\/SonoraEE\/","https:\/\/x.com\/sonoraenequipo","https:\/\/www.youtube.com\/channel\/UC338nW-lPEYmJQs4ZABQ1SQ"]},{"@type":"Person","@id":"https:\/\/www.sonoraenequipo.com.mx\/#\/schema\/person\/50102df0fb23a8fa9e8effad8fa81386","name":"enequipo","image":{"@type":"ImageObject","inLanguage":"es","@id":"https:\/\/www.sonoraenequipo.com.mx\/#\/schema\/person\/image\/","url":"https:\/\/secure.gravatar.com\/avatar\/049821681b589dabc0bc20695993ccebb09f5b5d4d790cd9251b97faac7c652b?s=96&d=blank&r=g","contentUrl":"https:\/\/secure.gravatar.com\/avatar\/049821681b589dabc0bc20695993ccebb09f5b5d4d790cd9251b97faac7c652b?s=96&d=blank&r=g","caption":"enequipo"},"sameAs":["https:\/\/www.facebook.com\/SonoraEE"]}]}},"jetpack_featured_media_url":"https:\/\/www.sonoraenequipo.com.mx\/storage\/2024\/01\/Lenia-Batres-Guadarrama-min.jpg","_links":{"self":[{"href":"https:\/\/www.sonoraenequipo.com.mx\/api\/wp\/v2\/posts\/181495","targetHints":{"allow":["GET"]}}],"collection":[{"href":"https:\/\/www.sonoraenequipo.com.mx\/api\/wp\/v2\/posts"}],"about":[{"href":"https:\/\/www.sonoraenequipo.com.mx\/api\/wp\/v2\/types\/post"}],"author":[{"embeddable":true,"href":"https:\/\/www.sonoraenequipo.com.mx\/api\/wp\/v2\/users\/1"}],"replies":[{"embeddable":true,"href":"https:\/\/www.sonoraenequipo.com.mx\/api\/wp\/v2\/comments?post=181495"}],"version-history":[{"count":1,"href":"https:\/\/www.sonoraenequipo.com.mx\/api\/wp\/v2\/posts\/181495\/revisions"}],"predecessor-version":[{"id":181497,"href":"https:\/\/www.sonoraenequipo.com.mx\/api\/wp\/v2\/posts\/181495\/revisions\/181497"}],"wp:featuredmedia":[{"embeddable":true,"href":"https:\/\/www.sonoraenequipo.com.mx\/api\/wp\/v2\/media\/181496"}],"wp:attachment":[{"href":"https:\/\/www.sonoraenequipo.com.mx\/api\/wp\/v2\/media?parent=181495"}],"wp:term":[{"taxonomy":"category","embeddable":true,"href":"https:\/\/www.sonoraenequipo.com.mx\/api\/wp\/v2\/categories?post=181495"},{"taxonomy":"post_tag","embeddable":true,"href":"https:\/\/www.sonoraenequipo.com.mx\/api\/wp\/v2\/tags?post=181495"}],"curies":[{"name":"wp","href":"https:\/\/api.w.org\/{rel}","templated":true}]}}