{"id":181893,"date":"2024-01-16T05:25:02","date_gmt":"2024-01-16T12:25:02","guid":{"rendered":"https:\/\/www.sonoraenequipo.com.mx\/?p=181893"},"modified":"2024-01-16T11:55:37","modified_gmt":"2024-01-16T18:55:37","slug":"confirman-nueve-personas-privadas-de-su-libertad-en-santa-fe-tepetlapa","status":"publish","type":"post","link":"https:\/\/www.sonoraenequipo.com.mx\/confirman-nueve-personas-privadas-de-su-libertad-en-santa-fe-tepetlapa\/","title":{"rendered":"Confirman nueve personas privadas de su libertad en Santa Fe Tepetlapa"},"content":{"rendered":"<p><strong>CIUDAD DE M\u00c9XICO. MX.<\/strong> \u2014 El subsecretario de Seguridad, Luis Rodr\u00edguez Bucio confirm\u00f3 este martes el secuestro de nueve personas de la comunidad de Santa Fe Tepetlapa, en el estado de Guerrero.<\/p>\n<p>&nbsp;<\/p>\n<p> <\/p>\n<p>Rodr\u00edguez Bucio detall\u00f3 durante la conferencia matutina del presidente Andr\u00e9s Manuel L\u00f3pez Obrador que el grupo fue privado de su libertad en los l\u00edmites entre Guerrero y Morelos, y que un operativo de b\u00fasqueda ha estado en marcha durante los \u00faltimos dos d\u00edas para localizar a las v\u00edctimas y dar con los responsables.<\/p>\n<p>&nbsp;<\/p>\n<p>Seg\u00fan los primeros informes, un grupo armado, traslad\u00e1ndose en una caravana de camionetas presuntamente blindadas, retuvo a las nueve personas en una fiesta que se celebraba en una residencia de Santa Fe Tepetlapa. Adem\u00e1s, se report\u00f3 el robo de uno de los veh\u00edculos pertenecientes a los asistentes en el momento de la fuga.<\/p>\n<p>&nbsp;<\/p>\n<p>PUBLICADO EL 16 DE ENERO 2024\/ Con informaci\u00f3n Conferencia matutina)<\/p>\n","protected":false},"excerpt":{"rendered":"<p>CIUDAD DE M\u00c9XICO. MX. \u2014 El subsecretario de Seguridad, Luis Rodr\u00edguez Bucio confirm\u00f3 este martes&#8230;<\/p>\n","protected":false},"author":1,"featured_media":181894,"comment_status":"open","ping_status":"open","sticky":false,"template":"","format":"standard","meta":{"_monsterinsights_skip_tracking":false,"_monsterinsights_sitenote_active":false,"_monsterinsights_sitenote_note":"","_monsterinsights_sitenote_category":0,"footnotes":""},"categories":[5],"tags":[],"class_list":["post"],"yoast_head":" \n<title>Sonora en Equipo. Confirman nueve personas privadas de su libertad en Santa Fe Tepetlapa Rep\u00fablica<\/title>\n<meta name=\"description\" content=\"CIUDAD DE M\u00c9XICO. MX. \u2014 El subsecretario de Seguridad, Luis Rodr\u00edguez Bucio confirm\u00f3 este martes el secuestro de nueve personas de la comunidad de Santa En Sonora en Equipo publicamos toda la informaci\u00f3n de Sonora, M\u00e9xico y el Mundo de manera oportuna y busca que la libertad de expresi\u00f3n sea real. Visita nuestro medio informativo publicado desde Hermosillo, Sonora. %\" \/>\n<meta name=\"robots\" content=\"index, follow, max-snippet:-1, max-image-preview:large, max-video-preview:-1\" \/>\n<link rel=\"canonical\" href=\"https:\/\/www.sonoraenequipo.com.mx\/confirman-nueve-personas-privadas-de-su-libertad-en-santa-fe-tepetlapa\/\" \/>\n<meta property=\"og:locale\" content=\"es_ES\" \/>\n<meta property=\"og:type\" content=\"article\" \/>\n<meta property=\"og:title\" content=\"Sonora en Equipo. Confirman nueve personas privadas de su libertad en Santa Fe Tepetlapa Rep\u00fablica\" \/>\n<meta property=\"og:description\" content=\"CIUDAD DE M\u00c9XICO. MX. \u2014 El subsecretario de Seguridad, Luis Rodr\u00edguez Bucio confirm\u00f3 este martes el secuestro de nueve personas de la comunidad de Santa En Sonora en Equipo publicamos toda la informaci\u00f3n de Sonora, M\u00e9xico y el Mundo de manera oportuna y busca que la libertad de expresi\u00f3n sea real. Visita nuestro medio informativo publicado desde Hermosillo, Sonora. %\" \/>\n<meta property=\"og:url\" content=\"https:\/\/www.sonoraenequipo.com.mx\/confirman-nueve-personas-privadas-de-su-libertad-en-santa-fe-tepetlapa\/\" \/>\n<meta property=\"og:site_name\" content=\"Sonora en Equipo.\" \/>\n<meta property=\"article:publisher\" content=\"https:\/\/www.facebook.com\/SonoraEE\/\" \/>\n<meta property=\"article:author\" content=\"https:\/\/www.facebook.com\/SonoraEE\" \/>\n<meta property=\"article:published_time\" content=\"2024-01-16T12:25:02+00:00\" \/>\n<meta property=\"article:modified_time\" content=\"2024-01-16T18:55:37+00:00\" \/>\n<meta property=\"og:image\" content=\"https:\/\/www.sonoraenequipo.com.mx\/storage\/2024\/01\/Confirman-nueve-personas-privadas-de-su-libertad-en-Santa-Fe-Tepetlapa-min.jpg\" \/>\n\t<meta property=\"og:image:width\" content=\"1100\" \/>\n\t<meta property=\"og:image:height\" content=\"666\" \/>\n\t<meta property=\"og:image:type\" content=\"image\/jpeg\" \/>\n<meta name=\"author\" content=\"enequipo\" \/>\n<meta name=\"twitter:card\" content=\"summary_large_image\" \/>\n<meta name=\"twitter:creator\" content=\"@sonoraenequipo\" \/>\n<meta name=\"twitter:site\" content=\"@sonoraenequipo\" \/>\n<meta name=\"twitter:label1\" content=\"Escrito por\" \/>\n\t<meta name=\"twitter:data1\" content=\"enequipo\" \/>\n\t<meta name=\"twitter:label2\" content=\"Tiempo de lectura\" \/>\n\t<meta name=\"twitter:data2\" content=\"1 minuto\" \/>\n<script type=\"application\/ld+json\" class=\"yoast-schema-graph\">{\"@context\":\"https:\/\/schema.org\",\"@graph\":[{\"@type\":\"Article\",\"@id\":\"https:\/\/www.sonoraenequipo.com.mx\/confirman-nueve-personas-privadas-de-su-libertad-en-santa-fe-tepetlapa\/#article\",\"isPartOf\":{\"@id\":\"https:\/\/www.sonoraenequipo.com.mx\/confirman-nueve-personas-privadas-de-su-libertad-en-santa-fe-tepetlapa\/\"},\"author\":{\"name\":\"enequipo\",\"@id\":\"https:\/\/www.sonoraenequipo.com.mx\/#\/schema\/person\/50102df0fb23a8fa9e8effad8fa81386\"},\"headline\":\"Confirman nueve personas privadas de su libertad en Santa Fe Tepetlapa\",\"datePublished\":\"2024-01-16T12:25:02+00:00\",\"dateModified\":\"2024-01-16T18:55:37+00:00\",\"mainEntityOfPage\":{\"@id\":\"https:\/\/www.sonoraenequipo.com.mx\/confirman-nueve-personas-privadas-de-su-libertad-en-santa-fe-tepetlapa\/\"},\"wordCount\":173,\"commentCount\":0,\"publisher\":{\"@id\":\"https:\/\/www.sonoraenequipo.com.mx\/#organization\"},\"image\":{\"@id\":\"https:\/\/www.sonoraenequipo.com.mx\/confirman-nueve-personas-privadas-de-su-libertad-en-santa-fe-tepetlapa\/#primaryimage\"},\"thumbnailUrl\":\"https:\/\/www.sonoraenequipo.com.mx\/storage\/2024\/01\/Confirman-nueve-personas-privadas-de-su-libertad-en-Santa-Fe-Tepetlapa-min.jpg\",\"articleSection\":[\"Rep\u00fablica\"],\"inLanguage\":\"es\",\"potentialAction\":[{\"@type\":\"CommentAction\",\"name\":\"Comment\",\"target\":[\"https:\/\/www.sonoraenequipo.com.mx\/confirman-nueve-personas-privadas-de-su-libertad-en-santa-fe-tepetlapa\/#respond\"]}]},{\"@type\":\"WebPage\",\"@id\":\"https:\/\/www.sonoraenequipo.com.mx\/confirman-nueve-personas-privadas-de-su-libertad-en-santa-fe-tepetlapa\/\",\"url\":\"https:\/\/www.sonoraenequipo.com.mx\/confirman-nueve-personas-privadas-de-su-libertad-en-santa-fe-tepetlapa\/\",\"name\":\"Sonora en Equipo. Confirman nueve personas privadas de su libertad en Santa Fe Tepetlapa Rep\u00fablica\",\"isPartOf\":{\"@id\":\"https:\/\/www.sonoraenequipo.com.mx\/#website\"},\"primaryImageOfPage\":{\"@id\":\"https:\/\/www.sonoraenequipo.com.mx\/confirman-nueve-personas-privadas-de-su-libertad-en-santa-fe-tepetlapa\/#primaryimage\"},\"image\":{\"@id\":\"https:\/\/www.sonoraenequipo.com.mx\/confirman-nueve-personas-privadas-de-su-libertad-en-santa-fe-tepetlapa\/#primaryimage\"},\"thumbnailUrl\":\"https:\/\/www.sonoraenequipo.com.mx\/storage\/2024\/01\/Confirman-nueve-personas-privadas-de-su-libertad-en-Santa-Fe-Tepetlapa-min.jpg\",\"datePublished\":\"2024-01-16T12:25:02+00:00\",\"dateModified\":\"2024-01-16T18:55:37+00:00\",\"description\":\"CIUDAD DE M\u00c9XICO. MX. \u2014 El subsecretario de Seguridad, Luis Rodr\u00edguez Bucio confirm\u00f3 este martes el secuestro de nueve personas de la comunidad de Santa En Sonora en Equipo publicamos toda la informaci\u00f3n de Sonora, M\u00e9xico y el Mundo de manera oportuna y busca que la libertad de expresi\u00f3n sea real. Visita nuestro medio informativo publicado desde Hermosillo, Sonora. %\",\"breadcrumb\":{\"@id\":\"https:\/\/www.sonoraenequipo.com.mx\/confirman-nueve-personas-privadas-de-su-libertad-en-santa-fe-tepetlapa\/#breadcrumb\"},\"inLanguage\":\"es\",\"potentialAction\":[{\"@type\":\"ReadAction\",\"target\":[\"https:\/\/www.sonoraenequipo.com.mx\/confirman-nueve-personas-privadas-de-su-libertad-en-santa-fe-tepetlapa\/\"]}]},{\"@type\":\"ImageObject\",\"inLanguage\":\"es\",\"@id\":\"https:\/\/www.sonoraenequipo.com.mx\/confirman-nueve-personas-privadas-de-su-libertad-en-santa-fe-tepetlapa\/#primaryimage\",\"url\":\"https:\/\/www.sonoraenequipo.com.mx\/storage\/2024\/01\/Confirman-nueve-personas-privadas-de-su-libertad-en-Santa-Fe-Tepetlapa-min.jpg\",\"contentUrl\":\"https:\/\/www.sonoraenequipo.com.mx\/storage\/2024\/01\/Confirman-nueve-personas-privadas-de-su-libertad-en-Santa-Fe-Tepetlapa-min.jpg\",\"width\":1100,\"height\":666},{\"@type\":\"BreadcrumbList\",\"@id\":\"https:\/\/www.sonoraenequipo.com.mx\/confirman-nueve-personas-privadas-de-su-libertad-en-santa-fe-tepetlapa\/#breadcrumb\",\"itemListElement\":[{\"@type\":\"ListItem\",\"position\":1,\"name\":\"Portada\",\"item\":\"https:\/\/www.sonoraenequipo.com.mx\/\"},{\"@type\":\"ListItem\",\"position\":2,\"name\":\"Confirman nueve personas privadas de su libertad en Santa Fe Tepetlapa\"}]},{\"@type\":\"WebSite\",\"@id\":\"https:\/\/www.sonoraenequipo.com.mx\/#website\",\"url\":\"https:\/\/www.sonoraenequipo.com.mx\/\",\"name\":\"Sonora en Equipo.\",\"description\":\"Diario en l\u00ednea con Noticias desde Hermosillo, Sonora\",\"publisher\":{\"@id\":\"https:\/\/www.sonoraenequipo.com.mx\/#organization\"},\"potentialAction\":[{\"@type\":\"SearchAction\",\"target\":{\"@type\":\"EntryPoint\",\"urlTemplate\":\"https:\/\/www.sonoraenequipo.com.mx\/?s={search_term_string}\"},\"query-input\":{\"@type\":\"PropertyValueSpecification\",\"valueRequired\":true,\"valueName\":\"search_term_string\"}}],\"inLanguage\":\"es\"},{\"@type\":\"Organization\",\"@id\":\"https:\/\/www.sonoraenequipo.com.mx\/#organization\",\"name\":\"Sonoraenequipo.com.mx\",\"url\":\"https:\/\/www.sonoraenequipo.com.mx\/\",\"logo\":{\"@type\":\"ImageObject\",\"inLanguage\":\"es\",\"@id\":\"https:\/\/www.sonoraenequipo.com.mx\/#\/schema\/logo\/image\/\",\"url\":\"https:\/\/www.sonoraenequipo.com.mx\/storage\/2019\/01\/sonoraenequipo_opt.png\",\"contentUrl\":\"https:\/\/www.sonoraenequipo.com.mx\/storage\/2019\/01\/sonoraenequipo_opt.png\",\"width\":375,\"height\":125,\"caption\":\"Sonoraenequipo.com.mx\"},\"image\":{\"@id\":\"https:\/\/www.sonoraenequipo.com.mx\/#\/schema\/logo\/image\/\"},\"sameAs\":[\"https:\/\/www.facebook.com\/SonoraEE\/\",\"https:\/\/x.com\/sonoraenequipo\",\"https:\/\/www.youtube.com\/channel\/UC338nW-lPEYmJQs4ZABQ1SQ\"]},{\"@type\":\"Person\",\"@id\":\"https:\/\/www.sonoraenequipo.com.mx\/#\/schema\/person\/50102df0fb23a8fa9e8effad8fa81386\",\"name\":\"enequipo\",\"image\":{\"@type\":\"ImageObject\",\"inLanguage\":\"es\",\"@id\":\"https:\/\/www.sonoraenequipo.com.mx\/#\/schema\/person\/image\/\",\"url\":\"https:\/\/secure.gravatar.com\/avatar\/049821681b589dabc0bc20695993ccebb09f5b5d4d790cd9251b97faac7c652b?s=96&d=blank&r=g\",\"contentUrl\":\"https:\/\/secure.gravatar.com\/avatar\/049821681b589dabc0bc20695993ccebb09f5b5d4d790cd9251b97faac7c652b?s=96&d=blank&r=g\",\"caption\":\"enequipo\"},\"sameAs\":[\"https:\/\/www.facebook.com\/SonoraEE\"]}]}<\/script>\n ","yoast_head_json":{"title":"Sonora en Equipo. Confirman nueve personas privadas de su libertad en Santa Fe Tepetlapa Rep\u00fablica","description":"CIUDAD DE M\u00c9XICO. MX. \u2014 El subsecretario de Seguridad, Luis Rodr\u00edguez Bucio confirm\u00f3 este martes el secuestro de nueve personas de la comunidad de Santa En Sonora en Equipo publicamos toda la informaci\u00f3n de Sonora, M\u00e9xico y el Mundo de manera oportuna y busca que la libertad de expresi\u00f3n sea real. Visita nuestro medio informativo publicado desde Hermosillo, Sonora. %","robots":{"index":"index","follow":"follow","max-snippet":"max-snippet:-1","max-image-preview":"max-image-preview:large","max-video-preview":"max-video-preview:-1"},"canonical":"https:\/\/www.sonoraenequipo.com.mx\/confirman-nueve-personas-privadas-de-su-libertad-en-santa-fe-tepetlapa\/","og_locale":"es_ES","og_type":"article","og_title":"Sonora en Equipo. Confirman nueve personas privadas de su libertad en Santa Fe Tepetlapa Rep\u00fablica","og_description":"CIUDAD DE M\u00c9XICO. MX. \u2014 El subsecretario de Seguridad, Luis Rodr\u00edguez Bucio confirm\u00f3 este martes el secuestro de nueve personas de la comunidad de Santa En Sonora en Equipo publicamos toda la informaci\u00f3n de Sonora, M\u00e9xico y el Mundo de manera oportuna y busca que la libertad de expresi\u00f3n sea real. Visita nuestro medio informativo publicado desde Hermosillo, Sonora. %","og_url":"https:\/\/www.sonoraenequipo.com.mx\/confirman-nueve-personas-privadas-de-su-libertad-en-santa-fe-tepetlapa\/","og_site_name":"Sonora en Equipo.","article_publisher":"https:\/\/www.facebook.com\/SonoraEE\/","article_author":"https:\/\/www.facebook.com\/SonoraEE","article_published_time":"2024-01-16T12:25:02+00:00","article_modified_time":"2024-01-16T18:55:37+00:00","og_image":[{"width":1100,"height":666,"url":"https:\/\/www.sonoraenequipo.com.mx\/storage\/2024\/01\/Confirman-nueve-personas-privadas-de-su-libertad-en-Santa-Fe-Tepetlapa-min.jpg","type":"image\/jpeg"}],"author":"enequipo","twitter_card":"summary_large_image","twitter_creator":"@sonoraenequipo","twitter_site":"@sonoraenequipo","twitter_misc":{"Escrito por":"enequipo","Tiempo de lectura":"1 minuto"},"schema":{"@context":"https:\/\/schema.org","@graph":[{"@type":"Article","@id":"https:\/\/www.sonoraenequipo.com.mx\/confirman-nueve-personas-privadas-de-su-libertad-en-santa-fe-tepetlapa\/#article","isPartOf":{"@id":"https:\/\/www.sonoraenequipo.com.mx\/confirman-nueve-personas-privadas-de-su-libertad-en-santa-fe-tepetlapa\/"},"author":{"name":"enequipo","@id":"https:\/\/www.sonoraenequipo.com.mx\/#\/schema\/person\/50102df0fb23a8fa9e8effad8fa81386"},"headline":"Confirman nueve personas privadas de su libertad en Santa Fe Tepetlapa","datePublished":"2024-01-16T12:25:02+00:00","dateModified":"2024-01-16T18:55:37+00:00","mainEntityOfPage":{"@id":"https:\/\/www.sonoraenequipo.com.mx\/confirman-nueve-personas-privadas-de-su-libertad-en-santa-fe-tepetlapa\/"},"wordCount":173,"commentCount":0,"publisher":{"@id":"https:\/\/www.sonoraenequipo.com.mx\/#organization"},"image":{"@id":"https:\/\/www.sonoraenequipo.com.mx\/confirman-nueve-personas-privadas-de-su-libertad-en-santa-fe-tepetlapa\/#primaryimage"},"thumbnailUrl":"https:\/\/www.sonoraenequipo.com.mx\/storage\/2024\/01\/Confirman-nueve-personas-privadas-de-su-libertad-en-Santa-Fe-Tepetlapa-min.jpg","articleSection":["Rep\u00fablica"],"inLanguage":"es","potentialAction":[{"@type":"CommentAction","name":"Comment","target":["https:\/\/www.sonoraenequipo.com.mx\/confirman-nueve-personas-privadas-de-su-libertad-en-santa-fe-tepetlapa\/#respond"]}]},{"@type":"WebPage","@id":"https:\/\/www.sonoraenequipo.com.mx\/confirman-nueve-personas-privadas-de-su-libertad-en-santa-fe-tepetlapa\/","url":"https:\/\/www.sonoraenequipo.com.mx\/confirman-nueve-personas-privadas-de-su-libertad-en-santa-fe-tepetlapa\/","name":"Sonora en Equipo. Confirman nueve personas privadas de su libertad en Santa Fe Tepetlapa Rep\u00fablica","isPartOf":{"@id":"https:\/\/www.sonoraenequipo.com.mx\/#website"},"primaryImageOfPage":{"@id":"https:\/\/www.sonoraenequipo.com.mx\/confirman-nueve-personas-privadas-de-su-libertad-en-santa-fe-tepetlapa\/#primaryimage"},"image":{"@id":"https:\/\/www.sonoraenequipo.com.mx\/confirman-nueve-personas-privadas-de-su-libertad-en-santa-fe-tepetlapa\/#primaryimage"},"thumbnailUrl":"https:\/\/www.sonoraenequipo.com.mx\/storage\/2024\/01\/Confirman-nueve-personas-privadas-de-su-libertad-en-Santa-Fe-Tepetlapa-min.jpg","datePublished":"2024-01-16T12:25:02+00:00","dateModified":"2024-01-16T18:55:37+00:00","description":"CIUDAD DE M\u00c9XICO. MX. \u2014 El subsecretario de Seguridad, Luis Rodr\u00edguez Bucio confirm\u00f3 este martes el secuestro de nueve personas de la comunidad de Santa En Sonora en Equipo publicamos toda la informaci\u00f3n de Sonora, M\u00e9xico y el Mundo de manera oportuna y busca que la libertad de expresi\u00f3n sea real. Visita nuestro medio informativo publicado desde Hermosillo, Sonora. %","breadcrumb":{"@id":"https:\/\/www.sonoraenequipo.com.mx\/confirman-nueve-personas-privadas-de-su-libertad-en-santa-fe-tepetlapa\/#breadcrumb"},"inLanguage":"es","potentialAction":[{"@type":"ReadAction","target":["https:\/\/www.sonoraenequipo.com.mx\/confirman-nueve-personas-privadas-de-su-libertad-en-santa-fe-tepetlapa\/"]}]},{"@type":"ImageObject","inLanguage":"es","@id":"https:\/\/www.sonoraenequipo.com.mx\/confirman-nueve-personas-privadas-de-su-libertad-en-santa-fe-tepetlapa\/#primaryimage","url":"https:\/\/www.sonoraenequipo.com.mx\/storage\/2024\/01\/Confirman-nueve-personas-privadas-de-su-libertad-en-Santa-Fe-Tepetlapa-min.jpg","contentUrl":"https:\/\/www.sonoraenequipo.com.mx\/storage\/2024\/01\/Confirman-nueve-personas-privadas-de-su-libertad-en-Santa-Fe-Tepetlapa-min.jpg","width":1100,"height":666},{"@type":"BreadcrumbList","@id":"https:\/\/www.sonoraenequipo.com.mx\/confirman-nueve-personas-privadas-de-su-libertad-en-santa-fe-tepetlapa\/#breadcrumb","itemListElement":[{"@type":"ListItem","position":1,"name":"Portada","item":"https:\/\/www.sonoraenequipo.com.mx\/"},{"@type":"ListItem","position":2,"name":"Confirman nueve personas privadas de su libertad en Santa Fe Tepetlapa"}]},{"@type":"WebSite","@id":"https:\/\/www.sonoraenequipo.com.mx\/#website","url":"https:\/\/www.sonoraenequipo.com.mx\/","name":"Sonora en Equipo.","description":"Diario en l\u00ednea con Noticias desde Hermosillo, Sonora","publisher":{"@id":"https:\/\/www.sonoraenequipo.com.mx\/#organization"},"potentialAction":[{"@type":"SearchAction","target":{"@type":"EntryPoint","urlTemplate":"https:\/\/www.sonoraenequipo.com.mx\/?s={search_term_string}"},"query-input":{"@type":"PropertyValueSpecification","valueRequired":true,"valueName":"search_term_string"}}],"inLanguage":"es"},{"@type":"Organization","@id":"https:\/\/www.sonoraenequipo.com.mx\/#organization","name":"Sonoraenequipo.com.mx","url":"https:\/\/www.sonoraenequipo.com.mx\/","logo":{"@type":"ImageObject","inLanguage":"es","@id":"https:\/\/www.sonoraenequipo.com.mx\/#\/schema\/logo\/image\/","url":"https:\/\/www.sonoraenequipo.com.mx\/storage\/2019\/01\/sonoraenequipo_opt.png","contentUrl":"https:\/\/www.sonoraenequipo.com.mx\/storage\/2019\/01\/sonoraenequipo_opt.png","width":375,"height":125,"caption":"Sonoraenequipo.com.mx"},"image":{"@id":"https:\/\/www.sonoraenequipo.com.mx\/#\/schema\/logo\/image\/"},"sameAs":["https:\/\/www.facebook.com\/SonoraEE\/","https:\/\/x.com\/sonoraenequipo","https:\/\/www.youtube.com\/channel\/UC338nW-lPEYmJQs4ZABQ1SQ"]},{"@type":"Person","@id":"https:\/\/www.sonoraenequipo.com.mx\/#\/schema\/person\/50102df0fb23a8fa9e8effad8fa81386","name":"enequipo","image":{"@type":"ImageObject","inLanguage":"es","@id":"https:\/\/www.sonoraenequipo.com.mx\/#\/schema\/person\/image\/","url":"https:\/\/secure.gravatar.com\/avatar\/049821681b589dabc0bc20695993ccebb09f5b5d4d790cd9251b97faac7c652b?s=96&d=blank&r=g","contentUrl":"https:\/\/secure.gravatar.com\/avatar\/049821681b589dabc0bc20695993ccebb09f5b5d4d790cd9251b97faac7c652b?s=96&d=blank&r=g","caption":"enequipo"},"sameAs":["https:\/\/www.facebook.com\/SonoraEE"]}]}},"jetpack_featured_media_url":"https:\/\/www.sonoraenequipo.com.mx\/storage\/2024\/01\/Confirman-nueve-personas-privadas-de-su-libertad-en-Santa-Fe-Tepetlapa-min.jpg","_links":{"self":[{"href":"https:\/\/www.sonoraenequipo.com.mx\/api\/wp\/v2\/posts\/181893","targetHints":{"allow":["GET"]}}],"collection":[{"href":"https:\/\/www.sonoraenequipo.com.mx\/api\/wp\/v2\/posts"}],"about":[{"href":"https:\/\/www.sonoraenequipo.com.mx\/api\/wp\/v2\/types\/post"}],"author":[{"embeddable":true,"href":"https:\/\/www.sonoraenequipo.com.mx\/api\/wp\/v2\/users\/1"}],"replies":[{"embeddable":true,"href":"https:\/\/www.sonoraenequipo.com.mx\/api\/wp\/v2\/comments?post=181893"}],"version-history":[{"count":1,"href":"https:\/\/www.sonoraenequipo.com.mx\/api\/wp\/v2\/posts\/181893\/revisions"}],"predecessor-version":[{"id":181895,"href":"https:\/\/www.sonoraenequipo.com.mx\/api\/wp\/v2\/posts\/181893\/revisions\/181895"}],"wp:featuredmedia":[{"embeddable":true,"href":"https:\/\/www.sonoraenequipo.com.mx\/api\/wp\/v2\/media\/181894"}],"wp:attachment":[{"href":"https:\/\/www.sonoraenequipo.com.mx\/api\/wp\/v2\/media?parent=181893"}],"wp:term":[{"taxonomy":"category","embeddable":true,"href":"https:\/\/www.sonoraenequipo.com.mx\/api\/wp\/v2\/categories?post=181893"},{"taxonomy":"post_tag","embeddable":true,"href":"https:\/\/www.sonoraenequipo.com.mx\/api\/wp\/v2\/tags?post=181893"}],"curies":[{"name":"wp","href":"https:\/\/api.w.org\/{rel}","templated":true}]}}