{"id":181912,"date":"2024-01-16T13:54:49","date_gmt":"2024-01-16T20:54:49","guid":{"rendered":"https:\/\/www.sonoraenequipo.com.mx\/?p=181912"},"modified":"2024-01-16T13:52:00","modified_gmt":"2024-01-16T20:52:00","slug":"capacita-dif-hermosillo-a-policias-municipales-sobre-combate-al-abuso-sexual-infantil","status":"publish","type":"post","link":"https:\/\/www.sonoraenequipo.com.mx\/capacita-dif-hermosillo-a-policias-municipales-sobre-combate-al-abuso-sexual-infantil\/","title":{"rendered":"Capacita DIF Hermosillo a polic\u00edas municipales sobre combate al abuso sexual infantil"},"content":{"rendered":"<p><strong>HERMOSILLO, SONORA.MX. \u2014\u00a0<\/strong> El programa de sensibilizaci\u00f3n y prevenci\u00f3n \u201cAbusados con el abuso sexual infantil\u201d, de DIF Hermosillo avanz\u00f3 con una jornada de capacitaci\u00f3n a agentes de todos los mandos y responsables de zona de la Polic\u00eda Preventiva y Tr\u00e1nsito Municipal.<\/p>\n<p>&nbsp;<\/p>\n<p> <\/p>\n<p>Patricia Ruibal Zaragoza, Presidenta de DIF Municipal, explic\u00f3 que es una respuesta de la instituci\u00f3n y del Gobierno Municipal a la realidad del incremento en los casos de menores v\u00edctimas de este delito y del hecho de que sus agresores son, en muchos de las ocasiones, integrantes de sus familias.<\/p>\n<p>&nbsp;<\/p>\n<p><em><strong>\u201cTristemente, hoy en d\u00eda M\u00e9xico es n\u00famero uno de abuso sexual infantil y n\u00famero uno tambi\u00e9n de pornograf\u00eda, entonces todos como ciudadanos, como mexicanos, como sonorenses y hermosillenses tenemos que darnos a la tarea de ver qu\u00e9 mas podemos hacer en este tema\u201d<\/strong><\/em>, reflexion\u00f3.<\/p>\n<p>&nbsp;<\/p>\n<p>&nbsp;<\/p>\n<p>Los objetivos del programa son: fortalecer la cultura de la denuncia, dotar de competencias y protocolos de actuaci\u00f3n a quienes pudieran tener contacto como primeros respondientes con v\u00edctimas de agresi\u00f3n sexual infantil y tambi\u00e9n sensibilizar a la poblaci\u00f3n en general respecto a que se trata de una problem\u00e1tica real y vigente en la comunidad, detall\u00f3 Ruibal Zaragoza.<\/p>\n<p>&nbsp;<\/p>\n<p>&nbsp;<\/p>\n<p>La presidenta de DIF Hermosillo se reuni\u00f3 con mujeres y hombres de la corporaci\u00f3n acompa\u00f1ada por Isela Montes de Oca Tapia, directora general de la instituci\u00f3n y las recibi\u00f3 Manuel Emilio Hoyos D\u00edaz, Comisario General de la corporaci\u00f3n policiaca.<\/p>\n<p>&nbsp;<\/p>\n<p>&nbsp;<\/p>\n<p>Tambi\u00e9n acudieron Blanca Chazara Iwaya, psic\u00f3loga de DIF Municipal y capacitadora del curso; Cassandra L\u00f3pez Manzano, responsable de la Unidad de G\u00e9nero de la Polic\u00eda Municipal y Mar\u00eda Lizette Salazar L\u00f3pez, titular de la Procuradur\u00eda de Protecci\u00f3n de Ni\u00f1as, Ni\u00f1os, Adolescentes y Adultos Mayores.<\/p>\n<p>&nbsp;<\/p>\n<p>&nbsp;<\/p>\n<p>Adem\u00e1s de la sensibilizaci\u00f3n y capacitaci\u00f3n a polic\u00edas municipales otra de las vertientes de acci\u00f3n de la campa\u00f1a \u201cAbusados con el abuso sexual infantil\u201d consiste en llevar el tema a las comunidades escolares del municipio, por considerar que una de las formas m\u00e1s efectivas de prevenci\u00f3n es la educaci\u00f3n, explic\u00f3 Blanca Chazara a las y los polic\u00edas presentes.<\/p>\n<p>&nbsp;<\/p>\n<p>PUBLICADO EL 16 DE ENERO 2024\/ Con informaci\u00f3n de HMO 030\/2024)<\/p>\n","protected":false},"excerpt":{"rendered":"<p>HERMOSILLO, SONORA.MX. \u2014\u00a0 El programa de sensibilizaci\u00f3n y prevenci\u00f3n \u201cAbusados con el abuso sexual infantil\u201d,&#8230;<\/p>\n","protected":false},"author":1,"featured_media":181900,"comment_status":"open","ping_status":"open","sticky":false,"template":"","format":"standard","meta":{"_monsterinsights_skip_tracking":false,"_monsterinsights_sitenote_active":false,"_monsterinsights_sitenote_note":"","_monsterinsights_sitenote_category":0,"footnotes":""},"categories":[4],"tags":[],"class_list":["post"],"yoast_head":" \n<title>Sonora en Equipo. Capacita DIF Hermosillo a polic\u00edas municipales sobre combate al abuso sexual infantil Municipios<\/title>\n<meta name=\"description\" content=\"HERMOSILLO, SONORA.MX. \u2014\u00a0 El programa de sensibilizaci\u00f3n y prevenci\u00f3n \u201cAbusados con el abuso sexual infantil\u201d, de DIF Hermosillo avanz\u00f3 con una jornada de En Sonora en Equipo publicamos toda la informaci\u00f3n de Sonora, M\u00e9xico y el Mundo de manera oportuna y busca que la libertad de expresi\u00f3n sea real. Visita nuestro medio informativo publicado desde Hermosillo, Sonora. %\" \/>\n<meta name=\"robots\" content=\"index, follow, max-snippet:-1, max-image-preview:large, max-video-preview:-1\" \/>\n<link rel=\"canonical\" href=\"https:\/\/www.sonoraenequipo.com.mx\/capacita-dif-hermosillo-a-policias-municipales-sobre-combate-al-abuso-sexual-infantil\/\" \/>\n<meta property=\"og:locale\" content=\"es_ES\" \/>\n<meta property=\"og:type\" content=\"article\" \/>\n<meta property=\"og:title\" content=\"Sonora en Equipo. Capacita DIF Hermosillo a polic\u00edas municipales sobre combate al abuso sexual infantil Municipios\" \/>\n<meta property=\"og:description\" content=\"HERMOSILLO, SONORA.MX. \u2014\u00a0 El programa de sensibilizaci\u00f3n y prevenci\u00f3n \u201cAbusados con el abuso sexual infantil\u201d, de DIF Hermosillo avanz\u00f3 con una jornada de En Sonora en Equipo publicamos toda la informaci\u00f3n de Sonora, M\u00e9xico y el Mundo de manera oportuna y busca que la libertad de expresi\u00f3n sea real. Visita nuestro medio informativo publicado desde Hermosillo, Sonora. %\" \/>\n<meta property=\"og:url\" content=\"https:\/\/www.sonoraenequipo.com.mx\/capacita-dif-hermosillo-a-policias-municipales-sobre-combate-al-abuso-sexual-infantil\/\" \/>\n<meta property=\"og:site_name\" content=\"Sonora en Equipo.\" \/>\n<meta property=\"article:publisher\" content=\"https:\/\/www.facebook.com\/SonoraEE\/\" \/>\n<meta property=\"article:author\" content=\"https:\/\/www.facebook.com\/SonoraEE\" \/>\n<meta property=\"article:published_time\" content=\"2024-01-16T20:54:49+00:00\" \/>\n<meta property=\"og:image\" content=\"https:\/\/www.sonoraenequipo.com.mx\/storage\/2024\/01\/Capacita-DIF-Hermosillo-a-policias-municipales...-min.jpg\" \/>\n\t<meta property=\"og:image:width\" content=\"900\" \/>\n\t<meta property=\"og:image:height\" content=\"623\" \/>\n\t<meta property=\"og:image:type\" content=\"image\/jpeg\" \/>\n<meta name=\"author\" content=\"enequipo\" \/>\n<meta name=\"twitter:card\" content=\"summary_large_image\" \/>\n<meta name=\"twitter:creator\" content=\"@sonoraenequipo\" \/>\n<meta name=\"twitter:site\" content=\"@sonoraenequipo\" \/>\n<meta name=\"twitter:label1\" content=\"Escrito por\" \/>\n\t<meta name=\"twitter:data1\" content=\"enequipo\" \/>\n\t<meta name=\"twitter:label2\" content=\"Tiempo de lectura\" \/>\n\t<meta name=\"twitter:data2\" content=\"2 minutos\" \/>\n<script type=\"application\/ld+json\" class=\"yoast-schema-graph\">{\"@context\":\"https:\/\/schema.org\",\"@graph\":[{\"@type\":\"Article\",\"@id\":\"https:\/\/www.sonoraenequipo.com.mx\/capacita-dif-hermosillo-a-policias-municipales-sobre-combate-al-abuso-sexual-infantil\/#article\",\"isPartOf\":{\"@id\":\"https:\/\/www.sonoraenequipo.com.mx\/capacita-dif-hermosillo-a-policias-municipales-sobre-combate-al-abuso-sexual-infantil\/\"},\"author\":{\"name\":\"enequipo\",\"@id\":\"https:\/\/www.sonoraenequipo.com.mx\/#\/schema\/person\/50102df0fb23a8fa9e8effad8fa81386\"},\"headline\":\"Capacita DIF Hermosillo a polic\u00edas municipales sobre combate al abuso sexual infantil\",\"datePublished\":\"2024-01-16T20:54:49+00:00\",\"mainEntityOfPage\":{\"@id\":\"https:\/\/www.sonoraenequipo.com.mx\/capacita-dif-hermosillo-a-policias-municipales-sobre-combate-al-abuso-sexual-infantil\/\"},\"wordCount\":411,\"commentCount\":0,\"publisher\":{\"@id\":\"https:\/\/www.sonoraenequipo.com.mx\/#organization\"},\"image\":{\"@id\":\"https:\/\/www.sonoraenequipo.com.mx\/capacita-dif-hermosillo-a-policias-municipales-sobre-combate-al-abuso-sexual-infantil\/#primaryimage\"},\"thumbnailUrl\":\"https:\/\/www.sonoraenequipo.com.mx\/storage\/2024\/01\/Capacita-DIF-Hermosillo-a-policias-municipales...-min.jpg\",\"articleSection\":[\"Municipios\"],\"inLanguage\":\"es\",\"potentialAction\":[{\"@type\":\"CommentAction\",\"name\":\"Comment\",\"target\":[\"https:\/\/www.sonoraenequipo.com.mx\/capacita-dif-hermosillo-a-policias-municipales-sobre-combate-al-abuso-sexual-infantil\/#respond\"]}]},{\"@type\":\"WebPage\",\"@id\":\"https:\/\/www.sonoraenequipo.com.mx\/capacita-dif-hermosillo-a-policias-municipales-sobre-combate-al-abuso-sexual-infantil\/\",\"url\":\"https:\/\/www.sonoraenequipo.com.mx\/capacita-dif-hermosillo-a-policias-municipales-sobre-combate-al-abuso-sexual-infantil\/\",\"name\":\"Sonora en Equipo. Capacita DIF Hermosillo a polic\u00edas municipales sobre combate al abuso sexual infantil Municipios\",\"isPartOf\":{\"@id\":\"https:\/\/www.sonoraenequipo.com.mx\/#website\"},\"primaryImageOfPage\":{\"@id\":\"https:\/\/www.sonoraenequipo.com.mx\/capacita-dif-hermosillo-a-policias-municipales-sobre-combate-al-abuso-sexual-infantil\/#primaryimage\"},\"image\":{\"@id\":\"https:\/\/www.sonoraenequipo.com.mx\/capacita-dif-hermosillo-a-policias-municipales-sobre-combate-al-abuso-sexual-infantil\/#primaryimage\"},\"thumbnailUrl\":\"https:\/\/www.sonoraenequipo.com.mx\/storage\/2024\/01\/Capacita-DIF-Hermosillo-a-policias-municipales...-min.jpg\",\"datePublished\":\"2024-01-16T20:54:49+00:00\",\"description\":\"HERMOSILLO, SONORA.MX. \u2014\u00a0 El programa de sensibilizaci\u00f3n y prevenci\u00f3n \u201cAbusados con el abuso sexual infantil\u201d, de DIF Hermosillo avanz\u00f3 con una jornada de En Sonora en Equipo publicamos toda la informaci\u00f3n de Sonora, M\u00e9xico y el Mundo de manera oportuna y busca que la libertad de expresi\u00f3n sea real. Visita nuestro medio informativo publicado desde Hermosillo, Sonora. %\",\"breadcrumb\":{\"@id\":\"https:\/\/www.sonoraenequipo.com.mx\/capacita-dif-hermosillo-a-policias-municipales-sobre-combate-al-abuso-sexual-infantil\/#breadcrumb\"},\"inLanguage\":\"es\",\"potentialAction\":[{\"@type\":\"ReadAction\",\"target\":[\"https:\/\/www.sonoraenequipo.com.mx\/capacita-dif-hermosillo-a-policias-municipales-sobre-combate-al-abuso-sexual-infantil\/\"]}]},{\"@type\":\"ImageObject\",\"inLanguage\":\"es\",\"@id\":\"https:\/\/www.sonoraenequipo.com.mx\/capacita-dif-hermosillo-a-policias-municipales-sobre-combate-al-abuso-sexual-infantil\/#primaryimage\",\"url\":\"https:\/\/www.sonoraenequipo.com.mx\/storage\/2024\/01\/Capacita-DIF-Hermosillo-a-policias-municipales...-min.jpg\",\"contentUrl\":\"https:\/\/www.sonoraenequipo.com.mx\/storage\/2024\/01\/Capacita-DIF-Hermosillo-a-policias-municipales...-min.jpg\",\"width\":900,\"height\":623},{\"@type\":\"BreadcrumbList\",\"@id\":\"https:\/\/www.sonoraenequipo.com.mx\/capacita-dif-hermosillo-a-policias-municipales-sobre-combate-al-abuso-sexual-infantil\/#breadcrumb\",\"itemListElement\":[{\"@type\":\"ListItem\",\"position\":1,\"name\":\"Portada\",\"item\":\"https:\/\/www.sonoraenequipo.com.mx\/\"},{\"@type\":\"ListItem\",\"position\":2,\"name\":\"Capacita DIF Hermosillo a polic\u00edas municipales sobre combate al abuso sexual infantil\"}]},{\"@type\":\"WebSite\",\"@id\":\"https:\/\/www.sonoraenequipo.com.mx\/#website\",\"url\":\"https:\/\/www.sonoraenequipo.com.mx\/\",\"name\":\"Sonora en Equipo.\",\"description\":\"Diario en l\u00ednea con Noticias desde Hermosillo, Sonora\",\"publisher\":{\"@id\":\"https:\/\/www.sonoraenequipo.com.mx\/#organization\"},\"potentialAction\":[{\"@type\":\"SearchAction\",\"target\":{\"@type\":\"EntryPoint\",\"urlTemplate\":\"https:\/\/www.sonoraenequipo.com.mx\/?s={search_term_string}\"},\"query-input\":{\"@type\":\"PropertyValueSpecification\",\"valueRequired\":true,\"valueName\":\"search_term_string\"}}],\"inLanguage\":\"es\"},{\"@type\":\"Organization\",\"@id\":\"https:\/\/www.sonoraenequipo.com.mx\/#organization\",\"name\":\"Sonoraenequipo.com.mx\",\"url\":\"https:\/\/www.sonoraenequipo.com.mx\/\",\"logo\":{\"@type\":\"ImageObject\",\"inLanguage\":\"es\",\"@id\":\"https:\/\/www.sonoraenequipo.com.mx\/#\/schema\/logo\/image\/\",\"url\":\"https:\/\/www.sonoraenequipo.com.mx\/storage\/2019\/01\/sonoraenequipo_opt.png\",\"contentUrl\":\"https:\/\/www.sonoraenequipo.com.mx\/storage\/2019\/01\/sonoraenequipo_opt.png\",\"width\":375,\"height\":125,\"caption\":\"Sonoraenequipo.com.mx\"},\"image\":{\"@id\":\"https:\/\/www.sonoraenequipo.com.mx\/#\/schema\/logo\/image\/\"},\"sameAs\":[\"https:\/\/www.facebook.com\/SonoraEE\/\",\"https:\/\/x.com\/sonoraenequipo\",\"https:\/\/www.youtube.com\/channel\/UC338nW-lPEYmJQs4ZABQ1SQ\"]},{\"@type\":\"Person\",\"@id\":\"https:\/\/www.sonoraenequipo.com.mx\/#\/schema\/person\/50102df0fb23a8fa9e8effad8fa81386\",\"name\":\"enequipo\",\"image\":{\"@type\":\"ImageObject\",\"inLanguage\":\"es\",\"@id\":\"https:\/\/www.sonoraenequipo.com.mx\/#\/schema\/person\/image\/\",\"url\":\"https:\/\/secure.gravatar.com\/avatar\/049821681b589dabc0bc20695993ccebb09f5b5d4d790cd9251b97faac7c652b?s=96&d=blank&r=g\",\"contentUrl\":\"https:\/\/secure.gravatar.com\/avatar\/049821681b589dabc0bc20695993ccebb09f5b5d4d790cd9251b97faac7c652b?s=96&d=blank&r=g\",\"caption\":\"enequipo\"},\"sameAs\":[\"https:\/\/www.facebook.com\/SonoraEE\"]}]}<\/script>\n ","yoast_head_json":{"title":"Sonora en Equipo. Capacita DIF Hermosillo a polic\u00edas municipales sobre combate al abuso sexual infantil Municipios","description":"HERMOSILLO, SONORA.MX. \u2014\u00a0 El programa de sensibilizaci\u00f3n y prevenci\u00f3n \u201cAbusados con el abuso sexual infantil\u201d, de DIF Hermosillo avanz\u00f3 con una jornada de En Sonora en Equipo publicamos toda la informaci\u00f3n de Sonora, M\u00e9xico y el Mundo de manera oportuna y busca que la libertad de expresi\u00f3n sea real. Visita nuestro medio informativo publicado desde Hermosillo, Sonora. %","robots":{"index":"index","follow":"follow","max-snippet":"max-snippet:-1","max-image-preview":"max-image-preview:large","max-video-preview":"max-video-preview:-1"},"canonical":"https:\/\/www.sonoraenequipo.com.mx\/capacita-dif-hermosillo-a-policias-municipales-sobre-combate-al-abuso-sexual-infantil\/","og_locale":"es_ES","og_type":"article","og_title":"Sonora en Equipo. Capacita DIF Hermosillo a polic\u00edas municipales sobre combate al abuso sexual infantil Municipios","og_description":"HERMOSILLO, SONORA.MX. \u2014\u00a0 El programa de sensibilizaci\u00f3n y prevenci\u00f3n \u201cAbusados con el abuso sexual infantil\u201d, de DIF Hermosillo avanz\u00f3 con una jornada de En Sonora en Equipo publicamos toda la informaci\u00f3n de Sonora, M\u00e9xico y el Mundo de manera oportuna y busca que la libertad de expresi\u00f3n sea real. Visita nuestro medio informativo publicado desde Hermosillo, Sonora. %","og_url":"https:\/\/www.sonoraenequipo.com.mx\/capacita-dif-hermosillo-a-policias-municipales-sobre-combate-al-abuso-sexual-infantil\/","og_site_name":"Sonora en Equipo.","article_publisher":"https:\/\/www.facebook.com\/SonoraEE\/","article_author":"https:\/\/www.facebook.com\/SonoraEE","article_published_time":"2024-01-16T20:54:49+00:00","og_image":[{"width":900,"height":623,"url":"https:\/\/www.sonoraenequipo.com.mx\/storage\/2024\/01\/Capacita-DIF-Hermosillo-a-policias-municipales...-min.jpg","type":"image\/jpeg"}],"author":"enequipo","twitter_card":"summary_large_image","twitter_creator":"@sonoraenequipo","twitter_site":"@sonoraenequipo","twitter_misc":{"Escrito por":"enequipo","Tiempo de lectura":"2 minutos"},"schema":{"@context":"https:\/\/schema.org","@graph":[{"@type":"Article","@id":"https:\/\/www.sonoraenequipo.com.mx\/capacita-dif-hermosillo-a-policias-municipales-sobre-combate-al-abuso-sexual-infantil\/#article","isPartOf":{"@id":"https:\/\/www.sonoraenequipo.com.mx\/capacita-dif-hermosillo-a-policias-municipales-sobre-combate-al-abuso-sexual-infantil\/"},"author":{"name":"enequipo","@id":"https:\/\/www.sonoraenequipo.com.mx\/#\/schema\/person\/50102df0fb23a8fa9e8effad8fa81386"},"headline":"Capacita DIF Hermosillo a polic\u00edas municipales sobre combate al abuso sexual infantil","datePublished":"2024-01-16T20:54:49+00:00","mainEntityOfPage":{"@id":"https:\/\/www.sonoraenequipo.com.mx\/capacita-dif-hermosillo-a-policias-municipales-sobre-combate-al-abuso-sexual-infantil\/"},"wordCount":411,"commentCount":0,"publisher":{"@id":"https:\/\/www.sonoraenequipo.com.mx\/#organization"},"image":{"@id":"https:\/\/www.sonoraenequipo.com.mx\/capacita-dif-hermosillo-a-policias-municipales-sobre-combate-al-abuso-sexual-infantil\/#primaryimage"},"thumbnailUrl":"https:\/\/www.sonoraenequipo.com.mx\/storage\/2024\/01\/Capacita-DIF-Hermosillo-a-policias-municipales...-min.jpg","articleSection":["Municipios"],"inLanguage":"es","potentialAction":[{"@type":"CommentAction","name":"Comment","target":["https:\/\/www.sonoraenequipo.com.mx\/capacita-dif-hermosillo-a-policias-municipales-sobre-combate-al-abuso-sexual-infantil\/#respond"]}]},{"@type":"WebPage","@id":"https:\/\/www.sonoraenequipo.com.mx\/capacita-dif-hermosillo-a-policias-municipales-sobre-combate-al-abuso-sexual-infantil\/","url":"https:\/\/www.sonoraenequipo.com.mx\/capacita-dif-hermosillo-a-policias-municipales-sobre-combate-al-abuso-sexual-infantil\/","name":"Sonora en Equipo. Capacita DIF Hermosillo a polic\u00edas municipales sobre combate al abuso sexual infantil Municipios","isPartOf":{"@id":"https:\/\/www.sonoraenequipo.com.mx\/#website"},"primaryImageOfPage":{"@id":"https:\/\/www.sonoraenequipo.com.mx\/capacita-dif-hermosillo-a-policias-municipales-sobre-combate-al-abuso-sexual-infantil\/#primaryimage"},"image":{"@id":"https:\/\/www.sonoraenequipo.com.mx\/capacita-dif-hermosillo-a-policias-municipales-sobre-combate-al-abuso-sexual-infantil\/#primaryimage"},"thumbnailUrl":"https:\/\/www.sonoraenequipo.com.mx\/storage\/2024\/01\/Capacita-DIF-Hermosillo-a-policias-municipales...-min.jpg","datePublished":"2024-01-16T20:54:49+00:00","description":"HERMOSILLO, SONORA.MX. \u2014\u00a0 El programa de sensibilizaci\u00f3n y prevenci\u00f3n \u201cAbusados con el abuso sexual infantil\u201d, de DIF Hermosillo avanz\u00f3 con una jornada de En Sonora en Equipo publicamos toda la informaci\u00f3n de Sonora, M\u00e9xico y el Mundo de manera oportuna y busca que la libertad de expresi\u00f3n sea real. Visita nuestro medio informativo publicado desde Hermosillo, Sonora. %","breadcrumb":{"@id":"https:\/\/www.sonoraenequipo.com.mx\/capacita-dif-hermosillo-a-policias-municipales-sobre-combate-al-abuso-sexual-infantil\/#breadcrumb"},"inLanguage":"es","potentialAction":[{"@type":"ReadAction","target":["https:\/\/www.sonoraenequipo.com.mx\/capacita-dif-hermosillo-a-policias-municipales-sobre-combate-al-abuso-sexual-infantil\/"]}]},{"@type":"ImageObject","inLanguage":"es","@id":"https:\/\/www.sonoraenequipo.com.mx\/capacita-dif-hermosillo-a-policias-municipales-sobre-combate-al-abuso-sexual-infantil\/#primaryimage","url":"https:\/\/www.sonoraenequipo.com.mx\/storage\/2024\/01\/Capacita-DIF-Hermosillo-a-policias-municipales...-min.jpg","contentUrl":"https:\/\/www.sonoraenequipo.com.mx\/storage\/2024\/01\/Capacita-DIF-Hermosillo-a-policias-municipales...-min.jpg","width":900,"height":623},{"@type":"BreadcrumbList","@id":"https:\/\/www.sonoraenequipo.com.mx\/capacita-dif-hermosillo-a-policias-municipales-sobre-combate-al-abuso-sexual-infantil\/#breadcrumb","itemListElement":[{"@type":"ListItem","position":1,"name":"Portada","item":"https:\/\/www.sonoraenequipo.com.mx\/"},{"@type":"ListItem","position":2,"name":"Capacita DIF Hermosillo a polic\u00edas municipales sobre combate al abuso sexual infantil"}]},{"@type":"WebSite","@id":"https:\/\/www.sonoraenequipo.com.mx\/#website","url":"https:\/\/www.sonoraenequipo.com.mx\/","name":"Sonora en Equipo.","description":"Diario en l\u00ednea con Noticias desde Hermosillo, Sonora","publisher":{"@id":"https:\/\/www.sonoraenequipo.com.mx\/#organization"},"potentialAction":[{"@type":"SearchAction","target":{"@type":"EntryPoint","urlTemplate":"https:\/\/www.sonoraenequipo.com.mx\/?s={search_term_string}"},"query-input":{"@type":"PropertyValueSpecification","valueRequired":true,"valueName":"search_term_string"}}],"inLanguage":"es"},{"@type":"Organization","@id":"https:\/\/www.sonoraenequipo.com.mx\/#organization","name":"Sonoraenequipo.com.mx","url":"https:\/\/www.sonoraenequipo.com.mx\/","logo":{"@type":"ImageObject","inLanguage":"es","@id":"https:\/\/www.sonoraenequipo.com.mx\/#\/schema\/logo\/image\/","url":"https:\/\/www.sonoraenequipo.com.mx\/storage\/2019\/01\/sonoraenequipo_opt.png","contentUrl":"https:\/\/www.sonoraenequipo.com.mx\/storage\/2019\/01\/sonoraenequipo_opt.png","width":375,"height":125,"caption":"Sonoraenequipo.com.mx"},"image":{"@id":"https:\/\/www.sonoraenequipo.com.mx\/#\/schema\/logo\/image\/"},"sameAs":["https:\/\/www.facebook.com\/SonoraEE\/","https:\/\/x.com\/sonoraenequipo","https:\/\/www.youtube.com\/channel\/UC338nW-lPEYmJQs4ZABQ1SQ"]},{"@type":"Person","@id":"https:\/\/www.sonoraenequipo.com.mx\/#\/schema\/person\/50102df0fb23a8fa9e8effad8fa81386","name":"enequipo","image":{"@type":"ImageObject","inLanguage":"es","@id":"https:\/\/www.sonoraenequipo.com.mx\/#\/schema\/person\/image\/","url":"https:\/\/secure.gravatar.com\/avatar\/049821681b589dabc0bc20695993ccebb09f5b5d4d790cd9251b97faac7c652b?s=96&d=blank&r=g","contentUrl":"https:\/\/secure.gravatar.com\/avatar\/049821681b589dabc0bc20695993ccebb09f5b5d4d790cd9251b97faac7c652b?s=96&d=blank&r=g","caption":"enequipo"},"sameAs":["https:\/\/www.facebook.com\/SonoraEE"]}]}},"jetpack_featured_media_url":"https:\/\/www.sonoraenequipo.com.mx\/storage\/2024\/01\/Capacita-DIF-Hermosillo-a-policias-municipales...-min.jpg","_links":{"self":[{"href":"https:\/\/www.sonoraenequipo.com.mx\/api\/wp\/v2\/posts\/181912","targetHints":{"allow":["GET"]}}],"collection":[{"href":"https:\/\/www.sonoraenequipo.com.mx\/api\/wp\/v2\/posts"}],"about":[{"href":"https:\/\/www.sonoraenequipo.com.mx\/api\/wp\/v2\/types\/post"}],"author":[{"embeddable":true,"href":"https:\/\/www.sonoraenequipo.com.mx\/api\/wp\/v2\/users\/1"}],"replies":[{"embeddable":true,"href":"https:\/\/www.sonoraenequipo.com.mx\/api\/wp\/v2\/comments?post=181912"}],"version-history":[{"count":1,"href":"https:\/\/www.sonoraenequipo.com.mx\/api\/wp\/v2\/posts\/181912\/revisions"}],"predecessor-version":[{"id":181913,"href":"https:\/\/www.sonoraenequipo.com.mx\/api\/wp\/v2\/posts\/181912\/revisions\/181913"}],"wp:featuredmedia":[{"embeddable":true,"href":"https:\/\/www.sonoraenequipo.com.mx\/api\/wp\/v2\/media\/181900"}],"wp:attachment":[{"href":"https:\/\/www.sonoraenequipo.com.mx\/api\/wp\/v2\/media?parent=181912"}],"wp:term":[{"taxonomy":"category","embeddable":true,"href":"https:\/\/www.sonoraenequipo.com.mx\/api\/wp\/v2\/categories?post=181912"},{"taxonomy":"post_tag","embeddable":true,"href":"https:\/\/www.sonoraenequipo.com.mx\/api\/wp\/v2\/tags?post=181912"}],"curies":[{"name":"wp","href":"https:\/\/api.w.org\/{rel}","templated":true}]}}