{"id":181922,"date":"2024-01-16T08:55:17","date_gmt":"2024-01-16T15:55:17","guid":{"rendered":"https:\/\/www.sonoraenequipo.com.mx\/?p=181922"},"modified":"2024-01-16T15:49:57","modified_gmt":"2024-01-16T22:49:57","slug":"colombianas-presuntamente-desaparecidas-en-tabasco-niegan-secuestro-declara-sspc","status":"publish","type":"post","link":"https:\/\/www.sonoraenequipo.com.mx\/colombianas-presuntamente-desaparecidas-en-tabasco-niegan-secuestro-declara-sspc\/","title":{"rendered":"Colombianas presuntamente desaparecidas en Tabasco niegan secuestro, declara SSPC"},"content":{"rendered":"<p>CIUDAD DE M\u00c9XICO. MX.\u00a0 \u2014 Las mujeres originarias de Colombia, anteriormente reportadas como desaparecidas en Tabasco, habr\u00edan descartado haber sido v\u00edctimas de alg\u00fan delito, seg\u00fan inform\u00f3 la Secretar\u00eda de Seguridad y Protecci\u00f3n Ciudadana (SSPC).<\/p>\n<p>&nbsp;<\/p>\n<p> <\/p>\n<p>En el informe presentado por el subsecretario Luis Rodr\u00edguez Bucio en la conferencia matutina de este martes, se destac\u00f3 que tras el reporte de su desaparici\u00f3n por parte del Consulado de Colombia en Canc\u00fan, se inici\u00f3 un operativo de b\u00fasqueda que result\u00f3 en el hallazgo de las mujeres en un motel.<\/p>\n<p>&nbsp;<\/p>\n<p>El subsecretario se\u00f1al\u00f3 que, al manifestar que no fueron v\u00edctimas de ning\u00fan delito, la Fiscal\u00eda de Tabasco solo les recab\u00f3 una entrevista y luego las puso a disposici\u00f3n del Instituto Nacional de Migraci\u00f3n (INM) debido a su condici\u00f3n de personas extranjeras.<\/p>\n<p>&nbsp;<\/p>\n<p><strong><em>\u00abYo me encuentro bien de salud, apenas me voy dando cuenta que nos estaban buscando por todo M\u00e9xico. Nosotros estamos ac\u00e1 de voluntad, aclaro que \u00e9ramos 8 chicas, no 9\u00bb<\/em><\/strong>, asegura Mariana Garc\u00eda Mu\u00f1oz, una de las colombianas que hab\u00edan sido reportadas como desaparecidas en #Tabasco pic.twitter.com\/3M9gQvTgn9<\/p>\n<p>\u2014 Alex Qui\u00f1ones .\u2022. (@aqmoncaleano) January 14, 2024<\/p>\n<blockquote class=\"twitter-tweet\" data-width=\"550\" data-dnt=\"true\">\n<p lang=\"es\" dir=\"ltr\">&quot;Yo me encuentro bien de salud, apenas me voy dando cuenta que nos estaban buscando por todo M\u00e9xico. Nosotros estamos ac\u00e1 de voluntad, aclaro que \u00e9ramos 8 chicas, no 9&quot;, asegura Mariana Garc\u00eda Mu\u00f1oz, una de las colombianas que hab\u00edan sido reportadas como desaparecidas en <a href=\"https:\/\/twitter.com\/hashtag\/Tabasco?src=hash&amp;ref_src=twsrc%5Etfw\">#Tabasco<\/a> <a href=\"https:\/\/t.co\/3M9gQvTgn9\">pic.twitter.com\/3M9gQvTgn9<\/a><\/p>\n<p>&mdash; Alex Qui\u00f1ones .\u2022. (@aqmoncaleanowtr) <a href=\"https:\/\/twitter.com\/aqmoncaleanowtr\/status\/1746658637156700616?ref_src=twsrc%5Etfw\">January 14, 2024<\/a><\/p><\/blockquote>\n<p><script async src=\"https:\/\/platform.twitter.com\/widgets.js\" charset=\"utf-8\"><\/script><\/p>\n<p>Rodr\u00edguez Bucio precis\u00f3 que todas las mujeres se dedican al servicio de acompa\u00f1amiento, y de las ocho, siete ingresaron legalmente a M\u00e9xico, mientras que una no tiene registro. Dos mantienen vigente su estancia, pero seis ya han visto vencido su periodo de estad\u00eda en el pa\u00eds. Adem\u00e1s, la joven identificada como Xiomara inform\u00f3 que permanecer\u00e1 en M\u00e9xico en calidad de refugiada, mientras que para las dem\u00e1s, se ha iniciado el proceso de retorno asistido a su pa\u00eds de origen.<\/p>\n<p>&nbsp;<\/p>\n<p>&nbsp;<\/p>\n<p>El subsecretario resalt\u00f3 que este caso evidencia la importancia de una respuesta r\u00e1pida y coordinada entre las autoridades mexicanas y colombianas para esclarecer situaciones de este tipo. La prioridad ahora es asegurar un retorno seguro y ordenado para las mujeres, manteniendo el respeto a sus derechos y garantizando su bienestar.<\/p>\n<p>&nbsp;<\/p>\n<p>&nbsp;<\/p>\n<p>PUBLICADO EL 16 DE ENERO 2024\/ Con informaci\u00f3n<\/p>\n","protected":false},"excerpt":{"rendered":"<p>CIUDAD DE M\u00c9XICO. MX.\u00a0 \u2014 Las mujeres originarias de Colombia, anteriormente reportadas como desaparecidas en&#8230;<\/p>\n","protected":false},"author":1,"featured_media":181894,"comment_status":"open","ping_status":"open","sticky":false,"template":"","format":"standard","meta":{"_monsterinsights_skip_tracking":false,"_monsterinsights_sitenote_active":false,"_monsterinsights_sitenote_note":"","_monsterinsights_sitenote_category":0,"footnotes":""},"categories":[5],"tags":[],"class_list":["post"],"yoast_head":" \n<title>Sonora en Equipo. Colombianas presuntamente desaparecidas en Tabasco niegan secuestro, declara SSPC Rep\u00fablica<\/title>\n<meta name=\"description\" content=\"CIUDAD DE M\u00c9XICO. MX.\u00a0 \u2014 Las mujeres originarias de Colombia, anteriormente reportadas como desaparecidas en Tabasco, habr\u00edan descartado haber sido En Sonora en Equipo publicamos toda la informaci\u00f3n de Sonora, M\u00e9xico y el Mundo de manera oportuna y busca que la libertad de expresi\u00f3n sea real. Visita nuestro medio informativo publicado desde Hermosillo, Sonora. %\" \/>\n<meta name=\"robots\" content=\"index, follow, max-snippet:-1, max-image-preview:large, max-video-preview:-1\" \/>\n<link rel=\"canonical\" href=\"https:\/\/www.sonoraenequipo.com.mx\/colombianas-presuntamente-desaparecidas-en-tabasco-niegan-secuestro-declara-sspc\/\" \/>\n<meta property=\"og:locale\" content=\"es_ES\" \/>\n<meta property=\"og:type\" content=\"article\" \/>\n<meta property=\"og:title\" content=\"Sonora en Equipo. Colombianas presuntamente desaparecidas en Tabasco niegan secuestro, declara SSPC Rep\u00fablica\" \/>\n<meta property=\"og:description\" content=\"CIUDAD DE M\u00c9XICO. MX.\u00a0 \u2014 Las mujeres originarias de Colombia, anteriormente reportadas como desaparecidas en Tabasco, habr\u00edan descartado haber sido En Sonora en Equipo publicamos toda la informaci\u00f3n de Sonora, M\u00e9xico y el Mundo de manera oportuna y busca que la libertad de expresi\u00f3n sea real. Visita nuestro medio informativo publicado desde Hermosillo, Sonora. %\" \/>\n<meta property=\"og:url\" content=\"https:\/\/www.sonoraenequipo.com.mx\/colombianas-presuntamente-desaparecidas-en-tabasco-niegan-secuestro-declara-sspc\/\" \/>\n<meta property=\"og:site_name\" content=\"Sonora en Equipo.\" \/>\n<meta property=\"article:publisher\" content=\"https:\/\/www.facebook.com\/SonoraEE\/\" \/>\n<meta property=\"article:author\" content=\"https:\/\/www.facebook.com\/SonoraEE\" \/>\n<meta property=\"article:published_time\" content=\"2024-01-16T15:55:17+00:00\" \/>\n<meta property=\"article:modified_time\" content=\"2024-01-16T22:49:57+00:00\" \/>\n<meta property=\"og:image\" content=\"https:\/\/www.sonoraenequipo.com.mx\/storage\/2024\/01\/Confirman-nueve-personas-privadas-de-su-libertad-en-Santa-Fe-Tepetlapa-min.jpg\" \/>\n\t<meta property=\"og:image:width\" content=\"1100\" \/>\n\t<meta property=\"og:image:height\" content=\"666\" \/>\n\t<meta property=\"og:image:type\" content=\"image\/jpeg\" \/>\n<meta name=\"author\" content=\"enequipo\" \/>\n<meta name=\"twitter:card\" content=\"summary_large_image\" \/>\n<meta name=\"twitter:creator\" content=\"@sonoraenequipo\" \/>\n<meta name=\"twitter:site\" content=\"@sonoraenequipo\" \/>\n<meta name=\"twitter:label1\" content=\"Escrito por\" \/>\n\t<meta name=\"twitter:data1\" content=\"enequipo\" \/>\n\t<meta name=\"twitter:label2\" content=\"Tiempo de lectura\" \/>\n\t<meta name=\"twitter:data2\" content=\"2 minutos\" \/>\n<script type=\"application\/ld+json\" class=\"yoast-schema-graph\">{\"@context\":\"https:\/\/schema.org\",\"@graph\":[{\"@type\":\"Article\",\"@id\":\"https:\/\/www.sonoraenequipo.com.mx\/colombianas-presuntamente-desaparecidas-en-tabasco-niegan-secuestro-declara-sspc\/#article\",\"isPartOf\":{\"@id\":\"https:\/\/www.sonoraenequipo.com.mx\/colombianas-presuntamente-desaparecidas-en-tabasco-niegan-secuestro-declara-sspc\/\"},\"author\":{\"name\":\"enequipo\",\"@id\":\"https:\/\/www.sonoraenequipo.com.mx\/#\/schema\/person\/50102df0fb23a8fa9e8effad8fa81386\"},\"headline\":\"Colombianas presuntamente desaparecidas en Tabasco niegan secuestro, declara SSPC\",\"datePublished\":\"2024-01-16T15:55:17+00:00\",\"dateModified\":\"2024-01-16T22:49:57+00:00\",\"mainEntityOfPage\":{\"@id\":\"https:\/\/www.sonoraenequipo.com.mx\/colombianas-presuntamente-desaparecidas-en-tabasco-niegan-secuestro-declara-sspc\/\"},\"wordCount\":368,\"commentCount\":0,\"publisher\":{\"@id\":\"https:\/\/www.sonoraenequipo.com.mx\/#organization\"},\"image\":{\"@id\":\"https:\/\/www.sonoraenequipo.com.mx\/colombianas-presuntamente-desaparecidas-en-tabasco-niegan-secuestro-declara-sspc\/#primaryimage\"},\"thumbnailUrl\":\"https:\/\/www.sonoraenequipo.com.mx\/storage\/2024\/01\/Confirman-nueve-personas-privadas-de-su-libertad-en-Santa-Fe-Tepetlapa-min.jpg\",\"articleSection\":[\"Rep\u00fablica\"],\"inLanguage\":\"es\",\"potentialAction\":[{\"@type\":\"CommentAction\",\"name\":\"Comment\",\"target\":[\"https:\/\/www.sonoraenequipo.com.mx\/colombianas-presuntamente-desaparecidas-en-tabasco-niegan-secuestro-declara-sspc\/#respond\"]}]},{\"@type\":\"WebPage\",\"@id\":\"https:\/\/www.sonoraenequipo.com.mx\/colombianas-presuntamente-desaparecidas-en-tabasco-niegan-secuestro-declara-sspc\/\",\"url\":\"https:\/\/www.sonoraenequipo.com.mx\/colombianas-presuntamente-desaparecidas-en-tabasco-niegan-secuestro-declara-sspc\/\",\"name\":\"Sonora en Equipo. Colombianas presuntamente desaparecidas en Tabasco niegan secuestro, declara SSPC Rep\u00fablica\",\"isPartOf\":{\"@id\":\"https:\/\/www.sonoraenequipo.com.mx\/#website\"},\"primaryImageOfPage\":{\"@id\":\"https:\/\/www.sonoraenequipo.com.mx\/colombianas-presuntamente-desaparecidas-en-tabasco-niegan-secuestro-declara-sspc\/#primaryimage\"},\"image\":{\"@id\":\"https:\/\/www.sonoraenequipo.com.mx\/colombianas-presuntamente-desaparecidas-en-tabasco-niegan-secuestro-declara-sspc\/#primaryimage\"},\"thumbnailUrl\":\"https:\/\/www.sonoraenequipo.com.mx\/storage\/2024\/01\/Confirman-nueve-personas-privadas-de-su-libertad-en-Santa-Fe-Tepetlapa-min.jpg\",\"datePublished\":\"2024-01-16T15:55:17+00:00\",\"dateModified\":\"2024-01-16T22:49:57+00:00\",\"description\":\"CIUDAD DE M\u00c9XICO. MX.\u00a0 \u2014 Las mujeres originarias de Colombia, anteriormente reportadas como desaparecidas en Tabasco, habr\u00edan descartado haber sido En Sonora en Equipo publicamos toda la informaci\u00f3n de Sonora, M\u00e9xico y el Mundo de manera oportuna y busca que la libertad de expresi\u00f3n sea real. Visita nuestro medio informativo publicado desde Hermosillo, Sonora. %\",\"breadcrumb\":{\"@id\":\"https:\/\/www.sonoraenequipo.com.mx\/colombianas-presuntamente-desaparecidas-en-tabasco-niegan-secuestro-declara-sspc\/#breadcrumb\"},\"inLanguage\":\"es\",\"potentialAction\":[{\"@type\":\"ReadAction\",\"target\":[\"https:\/\/www.sonoraenequipo.com.mx\/colombianas-presuntamente-desaparecidas-en-tabasco-niegan-secuestro-declara-sspc\/\"]}]},{\"@type\":\"ImageObject\",\"inLanguage\":\"es\",\"@id\":\"https:\/\/www.sonoraenequipo.com.mx\/colombianas-presuntamente-desaparecidas-en-tabasco-niegan-secuestro-declara-sspc\/#primaryimage\",\"url\":\"https:\/\/www.sonoraenequipo.com.mx\/storage\/2024\/01\/Confirman-nueve-personas-privadas-de-su-libertad-en-Santa-Fe-Tepetlapa-min.jpg\",\"contentUrl\":\"https:\/\/www.sonoraenequipo.com.mx\/storage\/2024\/01\/Confirman-nueve-personas-privadas-de-su-libertad-en-Santa-Fe-Tepetlapa-min.jpg\",\"width\":1100,\"height\":666},{\"@type\":\"BreadcrumbList\",\"@id\":\"https:\/\/www.sonoraenequipo.com.mx\/colombianas-presuntamente-desaparecidas-en-tabasco-niegan-secuestro-declara-sspc\/#breadcrumb\",\"itemListElement\":[{\"@type\":\"ListItem\",\"position\":1,\"name\":\"Portada\",\"item\":\"https:\/\/www.sonoraenequipo.com.mx\/\"},{\"@type\":\"ListItem\",\"position\":2,\"name\":\"Colombianas presuntamente desaparecidas en Tabasco niegan secuestro, declara SSPC\"}]},{\"@type\":\"WebSite\",\"@id\":\"https:\/\/www.sonoraenequipo.com.mx\/#website\",\"url\":\"https:\/\/www.sonoraenequipo.com.mx\/\",\"name\":\"Sonora en Equipo.\",\"description\":\"Diario en l\u00ednea con Noticias desde Hermosillo, Sonora\",\"publisher\":{\"@id\":\"https:\/\/www.sonoraenequipo.com.mx\/#organization\"},\"potentialAction\":[{\"@type\":\"SearchAction\",\"target\":{\"@type\":\"EntryPoint\",\"urlTemplate\":\"https:\/\/www.sonoraenequipo.com.mx\/?s={search_term_string}\"},\"query-input\":{\"@type\":\"PropertyValueSpecification\",\"valueRequired\":true,\"valueName\":\"search_term_string\"}}],\"inLanguage\":\"es\"},{\"@type\":\"Organization\",\"@id\":\"https:\/\/www.sonoraenequipo.com.mx\/#organization\",\"name\":\"Sonoraenequipo.com.mx\",\"url\":\"https:\/\/www.sonoraenequipo.com.mx\/\",\"logo\":{\"@type\":\"ImageObject\",\"inLanguage\":\"es\",\"@id\":\"https:\/\/www.sonoraenequipo.com.mx\/#\/schema\/logo\/image\/\",\"url\":\"https:\/\/www.sonoraenequipo.com.mx\/storage\/2019\/01\/sonoraenequipo_opt.png\",\"contentUrl\":\"https:\/\/www.sonoraenequipo.com.mx\/storage\/2019\/01\/sonoraenequipo_opt.png\",\"width\":375,\"height\":125,\"caption\":\"Sonoraenequipo.com.mx\"},\"image\":{\"@id\":\"https:\/\/www.sonoraenequipo.com.mx\/#\/schema\/logo\/image\/\"},\"sameAs\":[\"https:\/\/www.facebook.com\/SonoraEE\/\",\"https:\/\/x.com\/sonoraenequipo\",\"https:\/\/www.youtube.com\/channel\/UC338nW-lPEYmJQs4ZABQ1SQ\"]},{\"@type\":\"Person\",\"@id\":\"https:\/\/www.sonoraenequipo.com.mx\/#\/schema\/person\/50102df0fb23a8fa9e8effad8fa81386\",\"name\":\"enequipo\",\"image\":{\"@type\":\"ImageObject\",\"inLanguage\":\"es\",\"@id\":\"https:\/\/www.sonoraenequipo.com.mx\/#\/schema\/person\/image\/\",\"url\":\"https:\/\/secure.gravatar.com\/avatar\/049821681b589dabc0bc20695993ccebb09f5b5d4d790cd9251b97faac7c652b?s=96&d=blank&r=g\",\"contentUrl\":\"https:\/\/secure.gravatar.com\/avatar\/049821681b589dabc0bc20695993ccebb09f5b5d4d790cd9251b97faac7c652b?s=96&d=blank&r=g\",\"caption\":\"enequipo\"},\"sameAs\":[\"https:\/\/www.facebook.com\/SonoraEE\"]}]}<\/script>\n ","yoast_head_json":{"title":"Sonora en Equipo. Colombianas presuntamente desaparecidas en Tabasco niegan secuestro, declara SSPC Rep\u00fablica","description":"CIUDAD DE M\u00c9XICO. MX.\u00a0 \u2014 Las mujeres originarias de Colombia, anteriormente reportadas como desaparecidas en Tabasco, habr\u00edan descartado haber sido En Sonora en Equipo publicamos toda la informaci\u00f3n de Sonora, M\u00e9xico y el Mundo de manera oportuna y busca que la libertad de expresi\u00f3n sea real. Visita nuestro medio informativo publicado desde Hermosillo, Sonora. %","robots":{"index":"index","follow":"follow","max-snippet":"max-snippet:-1","max-image-preview":"max-image-preview:large","max-video-preview":"max-video-preview:-1"},"canonical":"https:\/\/www.sonoraenequipo.com.mx\/colombianas-presuntamente-desaparecidas-en-tabasco-niegan-secuestro-declara-sspc\/","og_locale":"es_ES","og_type":"article","og_title":"Sonora en Equipo. Colombianas presuntamente desaparecidas en Tabasco niegan secuestro, declara SSPC Rep\u00fablica","og_description":"CIUDAD DE M\u00c9XICO. MX.\u00a0 \u2014 Las mujeres originarias de Colombia, anteriormente reportadas como desaparecidas en Tabasco, habr\u00edan descartado haber sido En Sonora en Equipo publicamos toda la informaci\u00f3n de Sonora, M\u00e9xico y el Mundo de manera oportuna y busca que la libertad de expresi\u00f3n sea real. Visita nuestro medio informativo publicado desde Hermosillo, Sonora. %","og_url":"https:\/\/www.sonoraenequipo.com.mx\/colombianas-presuntamente-desaparecidas-en-tabasco-niegan-secuestro-declara-sspc\/","og_site_name":"Sonora en Equipo.","article_publisher":"https:\/\/www.facebook.com\/SonoraEE\/","article_author":"https:\/\/www.facebook.com\/SonoraEE","article_published_time":"2024-01-16T15:55:17+00:00","article_modified_time":"2024-01-16T22:49:57+00:00","og_image":[{"width":1100,"height":666,"url":"https:\/\/www.sonoraenequipo.com.mx\/storage\/2024\/01\/Confirman-nueve-personas-privadas-de-su-libertad-en-Santa-Fe-Tepetlapa-min.jpg","type":"image\/jpeg"}],"author":"enequipo","twitter_card":"summary_large_image","twitter_creator":"@sonoraenequipo","twitter_site":"@sonoraenequipo","twitter_misc":{"Escrito por":"enequipo","Tiempo de lectura":"2 minutos"},"schema":{"@context":"https:\/\/schema.org","@graph":[{"@type":"Article","@id":"https:\/\/www.sonoraenequipo.com.mx\/colombianas-presuntamente-desaparecidas-en-tabasco-niegan-secuestro-declara-sspc\/#article","isPartOf":{"@id":"https:\/\/www.sonoraenequipo.com.mx\/colombianas-presuntamente-desaparecidas-en-tabasco-niegan-secuestro-declara-sspc\/"},"author":{"name":"enequipo","@id":"https:\/\/www.sonoraenequipo.com.mx\/#\/schema\/person\/50102df0fb23a8fa9e8effad8fa81386"},"headline":"Colombianas presuntamente desaparecidas en Tabasco niegan secuestro, declara SSPC","datePublished":"2024-01-16T15:55:17+00:00","dateModified":"2024-01-16T22:49:57+00:00","mainEntityOfPage":{"@id":"https:\/\/www.sonoraenequipo.com.mx\/colombianas-presuntamente-desaparecidas-en-tabasco-niegan-secuestro-declara-sspc\/"},"wordCount":368,"commentCount":0,"publisher":{"@id":"https:\/\/www.sonoraenequipo.com.mx\/#organization"},"image":{"@id":"https:\/\/www.sonoraenequipo.com.mx\/colombianas-presuntamente-desaparecidas-en-tabasco-niegan-secuestro-declara-sspc\/#primaryimage"},"thumbnailUrl":"https:\/\/www.sonoraenequipo.com.mx\/storage\/2024\/01\/Confirman-nueve-personas-privadas-de-su-libertad-en-Santa-Fe-Tepetlapa-min.jpg","articleSection":["Rep\u00fablica"],"inLanguage":"es","potentialAction":[{"@type":"CommentAction","name":"Comment","target":["https:\/\/www.sonoraenequipo.com.mx\/colombianas-presuntamente-desaparecidas-en-tabasco-niegan-secuestro-declara-sspc\/#respond"]}]},{"@type":"WebPage","@id":"https:\/\/www.sonoraenequipo.com.mx\/colombianas-presuntamente-desaparecidas-en-tabasco-niegan-secuestro-declara-sspc\/","url":"https:\/\/www.sonoraenequipo.com.mx\/colombianas-presuntamente-desaparecidas-en-tabasco-niegan-secuestro-declara-sspc\/","name":"Sonora en Equipo. Colombianas presuntamente desaparecidas en Tabasco niegan secuestro, declara SSPC Rep\u00fablica","isPartOf":{"@id":"https:\/\/www.sonoraenequipo.com.mx\/#website"},"primaryImageOfPage":{"@id":"https:\/\/www.sonoraenequipo.com.mx\/colombianas-presuntamente-desaparecidas-en-tabasco-niegan-secuestro-declara-sspc\/#primaryimage"},"image":{"@id":"https:\/\/www.sonoraenequipo.com.mx\/colombianas-presuntamente-desaparecidas-en-tabasco-niegan-secuestro-declara-sspc\/#primaryimage"},"thumbnailUrl":"https:\/\/www.sonoraenequipo.com.mx\/storage\/2024\/01\/Confirman-nueve-personas-privadas-de-su-libertad-en-Santa-Fe-Tepetlapa-min.jpg","datePublished":"2024-01-16T15:55:17+00:00","dateModified":"2024-01-16T22:49:57+00:00","description":"CIUDAD DE M\u00c9XICO. MX.\u00a0 \u2014 Las mujeres originarias de Colombia, anteriormente reportadas como desaparecidas en Tabasco, habr\u00edan descartado haber sido En Sonora en Equipo publicamos toda la informaci\u00f3n de Sonora, M\u00e9xico y el Mundo de manera oportuna y busca que la libertad de expresi\u00f3n sea real. Visita nuestro medio informativo publicado desde Hermosillo, Sonora. %","breadcrumb":{"@id":"https:\/\/www.sonoraenequipo.com.mx\/colombianas-presuntamente-desaparecidas-en-tabasco-niegan-secuestro-declara-sspc\/#breadcrumb"},"inLanguage":"es","potentialAction":[{"@type":"ReadAction","target":["https:\/\/www.sonoraenequipo.com.mx\/colombianas-presuntamente-desaparecidas-en-tabasco-niegan-secuestro-declara-sspc\/"]}]},{"@type":"ImageObject","inLanguage":"es","@id":"https:\/\/www.sonoraenequipo.com.mx\/colombianas-presuntamente-desaparecidas-en-tabasco-niegan-secuestro-declara-sspc\/#primaryimage","url":"https:\/\/www.sonoraenequipo.com.mx\/storage\/2024\/01\/Confirman-nueve-personas-privadas-de-su-libertad-en-Santa-Fe-Tepetlapa-min.jpg","contentUrl":"https:\/\/www.sonoraenequipo.com.mx\/storage\/2024\/01\/Confirman-nueve-personas-privadas-de-su-libertad-en-Santa-Fe-Tepetlapa-min.jpg","width":1100,"height":666},{"@type":"BreadcrumbList","@id":"https:\/\/www.sonoraenequipo.com.mx\/colombianas-presuntamente-desaparecidas-en-tabasco-niegan-secuestro-declara-sspc\/#breadcrumb","itemListElement":[{"@type":"ListItem","position":1,"name":"Portada","item":"https:\/\/www.sonoraenequipo.com.mx\/"},{"@type":"ListItem","position":2,"name":"Colombianas presuntamente desaparecidas en Tabasco niegan secuestro, declara SSPC"}]},{"@type":"WebSite","@id":"https:\/\/www.sonoraenequipo.com.mx\/#website","url":"https:\/\/www.sonoraenequipo.com.mx\/","name":"Sonora en Equipo.","description":"Diario en l\u00ednea con Noticias desde Hermosillo, Sonora","publisher":{"@id":"https:\/\/www.sonoraenequipo.com.mx\/#organization"},"potentialAction":[{"@type":"SearchAction","target":{"@type":"EntryPoint","urlTemplate":"https:\/\/www.sonoraenequipo.com.mx\/?s={search_term_string}"},"query-input":{"@type":"PropertyValueSpecification","valueRequired":true,"valueName":"search_term_string"}}],"inLanguage":"es"},{"@type":"Organization","@id":"https:\/\/www.sonoraenequipo.com.mx\/#organization","name":"Sonoraenequipo.com.mx","url":"https:\/\/www.sonoraenequipo.com.mx\/","logo":{"@type":"ImageObject","inLanguage":"es","@id":"https:\/\/www.sonoraenequipo.com.mx\/#\/schema\/logo\/image\/","url":"https:\/\/www.sonoraenequipo.com.mx\/storage\/2019\/01\/sonoraenequipo_opt.png","contentUrl":"https:\/\/www.sonoraenequipo.com.mx\/storage\/2019\/01\/sonoraenequipo_opt.png","width":375,"height":125,"caption":"Sonoraenequipo.com.mx"},"image":{"@id":"https:\/\/www.sonoraenequipo.com.mx\/#\/schema\/logo\/image\/"},"sameAs":["https:\/\/www.facebook.com\/SonoraEE\/","https:\/\/x.com\/sonoraenequipo","https:\/\/www.youtube.com\/channel\/UC338nW-lPEYmJQs4ZABQ1SQ"]},{"@type":"Person","@id":"https:\/\/www.sonoraenequipo.com.mx\/#\/schema\/person\/50102df0fb23a8fa9e8effad8fa81386","name":"enequipo","image":{"@type":"ImageObject","inLanguage":"es","@id":"https:\/\/www.sonoraenequipo.com.mx\/#\/schema\/person\/image\/","url":"https:\/\/secure.gravatar.com\/avatar\/049821681b589dabc0bc20695993ccebb09f5b5d4d790cd9251b97faac7c652b?s=96&d=blank&r=g","contentUrl":"https:\/\/secure.gravatar.com\/avatar\/049821681b589dabc0bc20695993ccebb09f5b5d4d790cd9251b97faac7c652b?s=96&d=blank&r=g","caption":"enequipo"},"sameAs":["https:\/\/www.facebook.com\/SonoraEE"]}]}},"jetpack_featured_media_url":"https:\/\/www.sonoraenequipo.com.mx\/storage\/2024\/01\/Confirman-nueve-personas-privadas-de-su-libertad-en-Santa-Fe-Tepetlapa-min.jpg","_links":{"self":[{"href":"https:\/\/www.sonoraenequipo.com.mx\/api\/wp\/v2\/posts\/181922","targetHints":{"allow":["GET"]}}],"collection":[{"href":"https:\/\/www.sonoraenequipo.com.mx\/api\/wp\/v2\/posts"}],"about":[{"href":"https:\/\/www.sonoraenequipo.com.mx\/api\/wp\/v2\/types\/post"}],"author":[{"embeddable":true,"href":"https:\/\/www.sonoraenequipo.com.mx\/api\/wp\/v2\/users\/1"}],"replies":[{"embeddable":true,"href":"https:\/\/www.sonoraenequipo.com.mx\/api\/wp\/v2\/comments?post=181922"}],"version-history":[{"count":1,"href":"https:\/\/www.sonoraenequipo.com.mx\/api\/wp\/v2\/posts\/181922\/revisions"}],"predecessor-version":[{"id":181923,"href":"https:\/\/www.sonoraenequipo.com.mx\/api\/wp\/v2\/posts\/181922\/revisions\/181923"}],"wp:featuredmedia":[{"embeddable":true,"href":"https:\/\/www.sonoraenequipo.com.mx\/api\/wp\/v2\/media\/181894"}],"wp:attachment":[{"href":"https:\/\/www.sonoraenequipo.com.mx\/api\/wp\/v2\/media?parent=181922"}],"wp:term":[{"taxonomy":"category","embeddable":true,"href":"https:\/\/www.sonoraenequipo.com.mx\/api\/wp\/v2\/categories?post=181922"},{"taxonomy":"post_tag","embeddable":true,"href":"https:\/\/www.sonoraenequipo.com.mx\/api\/wp\/v2\/tags?post=181922"}],"curies":[{"name":"wp","href":"https:\/\/api.w.org\/{rel}","templated":true}]}}