{"id":181924,"date":"2024-01-16T15:00:47","date_gmt":"2024-01-16T22:00:47","guid":{"rendered":"https:\/\/www.sonoraenequipo.com.mx\/?p=181924"},"modified":"2024-01-16T17:35:09","modified_gmt":"2024-01-17T00:35:09","slug":"ordena-tepjf-a-movimiento-ciudadano-atender-la-peticion-de-indira-kempis","status":"publish","type":"post","link":"https:\/\/www.sonoraenequipo.com.mx\/ordena-tepjf-a-movimiento-ciudadano-atender-la-peticion-de-indira-kempis\/","title":{"rendered":"Ordena TEPJF a Movimiento Ciudadano atender la petici\u00f3n de Indira Kempis"},"content":{"rendered":"<p><strong>CIUDAD DE M\u00c9XICO. MX.<\/strong> \u2014 El Tribunal Electoral del Poder Judicial de la Federaci\u00f3n (TEPJF) ha instado a Movimiento Ciudadano (MC) a resolver en un plazo de tres d\u00edas la solicitud de la senadora Indira Kempis para reponer el proceso interno de elecci\u00f3n del candidato presidencial.<\/p>\n<p>&nbsp;<\/p>\n<p> <\/p>\n<p>En noviembre del a\u00f1o pasado, Kempis denunci\u00f3 p\u00fablicamente ser v\u00edctima de violencia pol\u00edtica y verbal por parte del coordinador nacional de MC, Dante Delgado.<\/p>\n<p>&nbsp;<\/p>\n<p>La senadora solicit\u00f3 la reparaci\u00f3n del da\u00f1o, una disculpa p\u00fablica y la reposici\u00f3n del proceso interno tras la nominaci\u00f3n de Samuel Garc\u00eda como precandidato \u00fanico, calificando el proceso como un \u00abdedazo\u00bb.<\/p>\n<p>&nbsp;<\/p>\n<p>El partido deber\u00e1 tomar una decisi\u00f3n sobre el caso, notificar al tribunal, y este evaluar\u00e1 la justicia de la determinaci\u00f3n. Kempis espera que se cumplan sus demandas, destacando la importancia de la justicia en M\u00e9xico ante la violencia que ha enfrentado.<\/p>\n<p>&nbsp;<\/p>\n<p>PUBLICADO EL 16 DE ENERO 2024\/ Con informaci\u00f3n<\/p>\n","protected":false},"excerpt":{"rendered":"<p>CIUDAD DE M\u00c9XICO. MX. \u2014 El Tribunal Electoral del Poder Judicial de la Federaci\u00f3n (TEPJF)&#8230;<\/p>\n","protected":false},"author":1,"featured_media":181925,"comment_status":"open","ping_status":"open","sticky":false,"template":"","format":"standard","meta":{"_monsterinsights_skip_tracking":false,"_monsterinsights_sitenote_active":false,"_monsterinsights_sitenote_note":"","_monsterinsights_sitenote_category":0,"footnotes":""},"categories":[5],"tags":[],"class_list":["post"],"yoast_head":" \n<title>Sonora en Equipo. Ordena TEPJF a Movimiento Ciudadano atender la petici\u00f3n de Indira Kempis Rep\u00fablica<\/title>\n<meta name=\"description\" content=\"CIUDAD DE M\u00c9XICO. MX. \u2014 El Tribunal Electoral del Poder Judicial de la Federaci\u00f3n (TEPJF) ha instado a Movimiento Ciudadano (MC) a resolver en un plazo de En Sonora en Equipo publicamos toda la informaci\u00f3n de Sonora, M\u00e9xico y el Mundo de manera oportuna y busca que la libertad de expresi\u00f3n sea real. Visita nuestro medio informativo publicado desde Hermosillo, Sonora. %\" \/>\n<meta name=\"robots\" content=\"index, follow, max-snippet:-1, max-image-preview:large, max-video-preview:-1\" \/>\n<link rel=\"canonical\" href=\"https:\/\/www.sonoraenequipo.com.mx\/ordena-tepjf-a-movimiento-ciudadano-atender-la-peticion-de-indira-kempis\/\" \/>\n<meta property=\"og:locale\" content=\"es_ES\" \/>\n<meta property=\"og:type\" content=\"article\" \/>\n<meta property=\"og:title\" content=\"Sonora en Equipo. Ordena TEPJF a Movimiento Ciudadano atender la petici\u00f3n de Indira Kempis Rep\u00fablica\" \/>\n<meta property=\"og:description\" content=\"CIUDAD DE M\u00c9XICO. MX. \u2014 El Tribunal Electoral del Poder Judicial de la Federaci\u00f3n (TEPJF) ha instado a Movimiento Ciudadano (MC) a resolver en un plazo de En Sonora en Equipo publicamos toda la informaci\u00f3n de Sonora, M\u00e9xico y el Mundo de manera oportuna y busca que la libertad de expresi\u00f3n sea real. Visita nuestro medio informativo publicado desde Hermosillo, Sonora. %\" \/>\n<meta property=\"og:url\" content=\"https:\/\/www.sonoraenequipo.com.mx\/ordena-tepjf-a-movimiento-ciudadano-atender-la-peticion-de-indira-kempis\/\" \/>\n<meta property=\"og:site_name\" content=\"Sonora en Equipo.\" \/>\n<meta property=\"article:publisher\" content=\"https:\/\/www.facebook.com\/SonoraEE\/\" \/>\n<meta property=\"article:author\" content=\"https:\/\/www.facebook.com\/SonoraEE\" \/>\n<meta property=\"article:published_time\" content=\"2024-01-16T22:00:47+00:00\" \/>\n<meta property=\"article:modified_time\" content=\"2024-01-17T00:35:09+00:00\" \/>\n<meta property=\"og:image\" content=\"https:\/\/www.sonoraenequipo.com.mx\/storage\/2024\/01\/Ordena-TEPJF-a-Movimiento-Ciudadano-....-min.jpg\" \/>\n\t<meta property=\"og:image:width\" content=\"900\" \/>\n\t<meta property=\"og:image:height\" content=\"600\" \/>\n\t<meta property=\"og:image:type\" content=\"image\/jpeg\" \/>\n<meta name=\"author\" content=\"enequipo\" \/>\n<meta name=\"twitter:card\" content=\"summary_large_image\" \/>\n<meta name=\"twitter:creator\" content=\"@sonoraenequipo\" \/>\n<meta name=\"twitter:site\" content=\"@sonoraenequipo\" \/>\n<meta name=\"twitter:label1\" content=\"Escrito por\" \/>\n\t<meta name=\"twitter:data1\" content=\"enequipo\" \/>\n\t<meta name=\"twitter:label2\" content=\"Tiempo de lectura\" \/>\n\t<meta name=\"twitter:data2\" content=\"1 minuto\" \/>\n<script type=\"application\/ld+json\" class=\"yoast-schema-graph\">{\"@context\":\"https:\/\/schema.org\",\"@graph\":[{\"@type\":\"Article\",\"@id\":\"https:\/\/www.sonoraenequipo.com.mx\/ordena-tepjf-a-movimiento-ciudadano-atender-la-peticion-de-indira-kempis\/#article\",\"isPartOf\":{\"@id\":\"https:\/\/www.sonoraenequipo.com.mx\/ordena-tepjf-a-movimiento-ciudadano-atender-la-peticion-de-indira-kempis\/\"},\"author\":{\"name\":\"enequipo\",\"@id\":\"https:\/\/www.sonoraenequipo.com.mx\/#\/schema\/person\/50102df0fb23a8fa9e8effad8fa81386\"},\"headline\":\"Ordena TEPJF a Movimiento Ciudadano atender la petici\u00f3n de Indira Kempis\",\"datePublished\":\"2024-01-16T22:00:47+00:00\",\"dateModified\":\"2024-01-17T00:35:09+00:00\",\"mainEntityOfPage\":{\"@id\":\"https:\/\/www.sonoraenequipo.com.mx\/ordena-tepjf-a-movimiento-ciudadano-atender-la-peticion-de-indira-kempis\/\"},\"wordCount\":181,\"commentCount\":0,\"publisher\":{\"@id\":\"https:\/\/www.sonoraenequipo.com.mx\/#organization\"},\"image\":{\"@id\":\"https:\/\/www.sonoraenequipo.com.mx\/ordena-tepjf-a-movimiento-ciudadano-atender-la-peticion-de-indira-kempis\/#primaryimage\"},\"thumbnailUrl\":\"https:\/\/www.sonoraenequipo.com.mx\/storage\/2024\/01\/Ordena-TEPJF-a-Movimiento-Ciudadano-....-min.jpg\",\"articleSection\":[\"Rep\u00fablica\"],\"inLanguage\":\"es\",\"potentialAction\":[{\"@type\":\"CommentAction\",\"name\":\"Comment\",\"target\":[\"https:\/\/www.sonoraenequipo.com.mx\/ordena-tepjf-a-movimiento-ciudadano-atender-la-peticion-de-indira-kempis\/#respond\"]}]},{\"@type\":\"WebPage\",\"@id\":\"https:\/\/www.sonoraenequipo.com.mx\/ordena-tepjf-a-movimiento-ciudadano-atender-la-peticion-de-indira-kempis\/\",\"url\":\"https:\/\/www.sonoraenequipo.com.mx\/ordena-tepjf-a-movimiento-ciudadano-atender-la-peticion-de-indira-kempis\/\",\"name\":\"Sonora en Equipo. Ordena TEPJF a Movimiento Ciudadano atender la petici\u00f3n de Indira Kempis Rep\u00fablica\",\"isPartOf\":{\"@id\":\"https:\/\/www.sonoraenequipo.com.mx\/#website\"},\"primaryImageOfPage\":{\"@id\":\"https:\/\/www.sonoraenequipo.com.mx\/ordena-tepjf-a-movimiento-ciudadano-atender-la-peticion-de-indira-kempis\/#primaryimage\"},\"image\":{\"@id\":\"https:\/\/www.sonoraenequipo.com.mx\/ordena-tepjf-a-movimiento-ciudadano-atender-la-peticion-de-indira-kempis\/#primaryimage\"},\"thumbnailUrl\":\"https:\/\/www.sonoraenequipo.com.mx\/storage\/2024\/01\/Ordena-TEPJF-a-Movimiento-Ciudadano-....-min.jpg\",\"datePublished\":\"2024-01-16T22:00:47+00:00\",\"dateModified\":\"2024-01-17T00:35:09+00:00\",\"description\":\"CIUDAD DE M\u00c9XICO. MX. \u2014 El Tribunal Electoral del Poder Judicial de la Federaci\u00f3n (TEPJF) ha instado a Movimiento Ciudadano (MC) a resolver en un plazo de En Sonora en Equipo publicamos toda la informaci\u00f3n de Sonora, M\u00e9xico y el Mundo de manera oportuna y busca que la libertad de expresi\u00f3n sea real. Visita nuestro medio informativo publicado desde Hermosillo, Sonora. %\",\"breadcrumb\":{\"@id\":\"https:\/\/www.sonoraenequipo.com.mx\/ordena-tepjf-a-movimiento-ciudadano-atender-la-peticion-de-indira-kempis\/#breadcrumb\"},\"inLanguage\":\"es\",\"potentialAction\":[{\"@type\":\"ReadAction\",\"target\":[\"https:\/\/www.sonoraenequipo.com.mx\/ordena-tepjf-a-movimiento-ciudadano-atender-la-peticion-de-indira-kempis\/\"]}]},{\"@type\":\"ImageObject\",\"inLanguage\":\"es\",\"@id\":\"https:\/\/www.sonoraenequipo.com.mx\/ordena-tepjf-a-movimiento-ciudadano-atender-la-peticion-de-indira-kempis\/#primaryimage\",\"url\":\"https:\/\/www.sonoraenequipo.com.mx\/storage\/2024\/01\/Ordena-TEPJF-a-Movimiento-Ciudadano-....-min.jpg\",\"contentUrl\":\"https:\/\/www.sonoraenequipo.com.mx\/storage\/2024\/01\/Ordena-TEPJF-a-Movimiento-Ciudadano-....-min.jpg\",\"width\":900,\"height\":600},{\"@type\":\"BreadcrumbList\",\"@id\":\"https:\/\/www.sonoraenequipo.com.mx\/ordena-tepjf-a-movimiento-ciudadano-atender-la-peticion-de-indira-kempis\/#breadcrumb\",\"itemListElement\":[{\"@type\":\"ListItem\",\"position\":1,\"name\":\"Portada\",\"item\":\"https:\/\/www.sonoraenequipo.com.mx\/\"},{\"@type\":\"ListItem\",\"position\":2,\"name\":\"Ordena TEPJF a Movimiento Ciudadano atender la petici\u00f3n de Indira Kempis\"}]},{\"@type\":\"WebSite\",\"@id\":\"https:\/\/www.sonoraenequipo.com.mx\/#website\",\"url\":\"https:\/\/www.sonoraenequipo.com.mx\/\",\"name\":\"Sonora en Equipo.\",\"description\":\"Diario en l\u00ednea con Noticias desde Hermosillo, Sonora\",\"publisher\":{\"@id\":\"https:\/\/www.sonoraenequipo.com.mx\/#organization\"},\"potentialAction\":[{\"@type\":\"SearchAction\",\"target\":{\"@type\":\"EntryPoint\",\"urlTemplate\":\"https:\/\/www.sonoraenequipo.com.mx\/?s={search_term_string}\"},\"query-input\":{\"@type\":\"PropertyValueSpecification\",\"valueRequired\":true,\"valueName\":\"search_term_string\"}}],\"inLanguage\":\"es\"},{\"@type\":\"Organization\",\"@id\":\"https:\/\/www.sonoraenequipo.com.mx\/#organization\",\"name\":\"Sonoraenequipo.com.mx\",\"url\":\"https:\/\/www.sonoraenequipo.com.mx\/\",\"logo\":{\"@type\":\"ImageObject\",\"inLanguage\":\"es\",\"@id\":\"https:\/\/www.sonoraenequipo.com.mx\/#\/schema\/logo\/image\/\",\"url\":\"https:\/\/www.sonoraenequipo.com.mx\/storage\/2019\/01\/sonoraenequipo_opt.png\",\"contentUrl\":\"https:\/\/www.sonoraenequipo.com.mx\/storage\/2019\/01\/sonoraenequipo_opt.png\",\"width\":375,\"height\":125,\"caption\":\"Sonoraenequipo.com.mx\"},\"image\":{\"@id\":\"https:\/\/www.sonoraenequipo.com.mx\/#\/schema\/logo\/image\/\"},\"sameAs\":[\"https:\/\/www.facebook.com\/SonoraEE\/\",\"https:\/\/x.com\/sonoraenequipo\",\"https:\/\/www.youtube.com\/channel\/UC338nW-lPEYmJQs4ZABQ1SQ\"]},{\"@type\":\"Person\",\"@id\":\"https:\/\/www.sonoraenequipo.com.mx\/#\/schema\/person\/50102df0fb23a8fa9e8effad8fa81386\",\"name\":\"enequipo\",\"image\":{\"@type\":\"ImageObject\",\"inLanguage\":\"es\",\"@id\":\"https:\/\/www.sonoraenequipo.com.mx\/#\/schema\/person\/image\/\",\"url\":\"https:\/\/secure.gravatar.com\/avatar\/049821681b589dabc0bc20695993ccebb09f5b5d4d790cd9251b97faac7c652b?s=96&d=blank&r=g\",\"contentUrl\":\"https:\/\/secure.gravatar.com\/avatar\/049821681b589dabc0bc20695993ccebb09f5b5d4d790cd9251b97faac7c652b?s=96&d=blank&r=g\",\"caption\":\"enequipo\"},\"sameAs\":[\"https:\/\/www.facebook.com\/SonoraEE\"]}]}<\/script>\n ","yoast_head_json":{"title":"Sonora en Equipo. Ordena TEPJF a Movimiento Ciudadano atender la petici\u00f3n de Indira Kempis Rep\u00fablica","description":"CIUDAD DE M\u00c9XICO. MX. \u2014 El Tribunal Electoral del Poder Judicial de la Federaci\u00f3n (TEPJF) ha instado a Movimiento Ciudadano (MC) a resolver en un plazo de En Sonora en Equipo publicamos toda la informaci\u00f3n de Sonora, M\u00e9xico y el Mundo de manera oportuna y busca que la libertad de expresi\u00f3n sea real. Visita nuestro medio informativo publicado desde Hermosillo, Sonora. %","robots":{"index":"index","follow":"follow","max-snippet":"max-snippet:-1","max-image-preview":"max-image-preview:large","max-video-preview":"max-video-preview:-1"},"canonical":"https:\/\/www.sonoraenequipo.com.mx\/ordena-tepjf-a-movimiento-ciudadano-atender-la-peticion-de-indira-kempis\/","og_locale":"es_ES","og_type":"article","og_title":"Sonora en Equipo. Ordena TEPJF a Movimiento Ciudadano atender la petici\u00f3n de Indira Kempis Rep\u00fablica","og_description":"CIUDAD DE M\u00c9XICO. MX. \u2014 El Tribunal Electoral del Poder Judicial de la Federaci\u00f3n (TEPJF) ha instado a Movimiento Ciudadano (MC) a resolver en un plazo de En Sonora en Equipo publicamos toda la informaci\u00f3n de Sonora, M\u00e9xico y el Mundo de manera oportuna y busca que la libertad de expresi\u00f3n sea real. Visita nuestro medio informativo publicado desde Hermosillo, Sonora. %","og_url":"https:\/\/www.sonoraenequipo.com.mx\/ordena-tepjf-a-movimiento-ciudadano-atender-la-peticion-de-indira-kempis\/","og_site_name":"Sonora en Equipo.","article_publisher":"https:\/\/www.facebook.com\/SonoraEE\/","article_author":"https:\/\/www.facebook.com\/SonoraEE","article_published_time":"2024-01-16T22:00:47+00:00","article_modified_time":"2024-01-17T00:35:09+00:00","og_image":[{"width":900,"height":600,"url":"https:\/\/www.sonoraenequipo.com.mx\/storage\/2024\/01\/Ordena-TEPJF-a-Movimiento-Ciudadano-....-min.jpg","type":"image\/jpeg"}],"author":"enequipo","twitter_card":"summary_large_image","twitter_creator":"@sonoraenequipo","twitter_site":"@sonoraenequipo","twitter_misc":{"Escrito por":"enequipo","Tiempo de lectura":"1 minuto"},"schema":{"@context":"https:\/\/schema.org","@graph":[{"@type":"Article","@id":"https:\/\/www.sonoraenequipo.com.mx\/ordena-tepjf-a-movimiento-ciudadano-atender-la-peticion-de-indira-kempis\/#article","isPartOf":{"@id":"https:\/\/www.sonoraenequipo.com.mx\/ordena-tepjf-a-movimiento-ciudadano-atender-la-peticion-de-indira-kempis\/"},"author":{"name":"enequipo","@id":"https:\/\/www.sonoraenequipo.com.mx\/#\/schema\/person\/50102df0fb23a8fa9e8effad8fa81386"},"headline":"Ordena TEPJF a Movimiento Ciudadano atender la petici\u00f3n de Indira Kempis","datePublished":"2024-01-16T22:00:47+00:00","dateModified":"2024-01-17T00:35:09+00:00","mainEntityOfPage":{"@id":"https:\/\/www.sonoraenequipo.com.mx\/ordena-tepjf-a-movimiento-ciudadano-atender-la-peticion-de-indira-kempis\/"},"wordCount":181,"commentCount":0,"publisher":{"@id":"https:\/\/www.sonoraenequipo.com.mx\/#organization"},"image":{"@id":"https:\/\/www.sonoraenequipo.com.mx\/ordena-tepjf-a-movimiento-ciudadano-atender-la-peticion-de-indira-kempis\/#primaryimage"},"thumbnailUrl":"https:\/\/www.sonoraenequipo.com.mx\/storage\/2024\/01\/Ordena-TEPJF-a-Movimiento-Ciudadano-....-min.jpg","articleSection":["Rep\u00fablica"],"inLanguage":"es","potentialAction":[{"@type":"CommentAction","name":"Comment","target":["https:\/\/www.sonoraenequipo.com.mx\/ordena-tepjf-a-movimiento-ciudadano-atender-la-peticion-de-indira-kempis\/#respond"]}]},{"@type":"WebPage","@id":"https:\/\/www.sonoraenequipo.com.mx\/ordena-tepjf-a-movimiento-ciudadano-atender-la-peticion-de-indira-kempis\/","url":"https:\/\/www.sonoraenequipo.com.mx\/ordena-tepjf-a-movimiento-ciudadano-atender-la-peticion-de-indira-kempis\/","name":"Sonora en Equipo. Ordena TEPJF a Movimiento Ciudadano atender la petici\u00f3n de Indira Kempis Rep\u00fablica","isPartOf":{"@id":"https:\/\/www.sonoraenequipo.com.mx\/#website"},"primaryImageOfPage":{"@id":"https:\/\/www.sonoraenequipo.com.mx\/ordena-tepjf-a-movimiento-ciudadano-atender-la-peticion-de-indira-kempis\/#primaryimage"},"image":{"@id":"https:\/\/www.sonoraenequipo.com.mx\/ordena-tepjf-a-movimiento-ciudadano-atender-la-peticion-de-indira-kempis\/#primaryimage"},"thumbnailUrl":"https:\/\/www.sonoraenequipo.com.mx\/storage\/2024\/01\/Ordena-TEPJF-a-Movimiento-Ciudadano-....-min.jpg","datePublished":"2024-01-16T22:00:47+00:00","dateModified":"2024-01-17T00:35:09+00:00","description":"CIUDAD DE M\u00c9XICO. MX. \u2014 El Tribunal Electoral del Poder Judicial de la Federaci\u00f3n (TEPJF) ha instado a Movimiento Ciudadano (MC) a resolver en un plazo de En Sonora en Equipo publicamos toda la informaci\u00f3n de Sonora, M\u00e9xico y el Mundo de manera oportuna y busca que la libertad de expresi\u00f3n sea real. Visita nuestro medio informativo publicado desde Hermosillo, Sonora. %","breadcrumb":{"@id":"https:\/\/www.sonoraenequipo.com.mx\/ordena-tepjf-a-movimiento-ciudadano-atender-la-peticion-de-indira-kempis\/#breadcrumb"},"inLanguage":"es","potentialAction":[{"@type":"ReadAction","target":["https:\/\/www.sonoraenequipo.com.mx\/ordena-tepjf-a-movimiento-ciudadano-atender-la-peticion-de-indira-kempis\/"]}]},{"@type":"ImageObject","inLanguage":"es","@id":"https:\/\/www.sonoraenequipo.com.mx\/ordena-tepjf-a-movimiento-ciudadano-atender-la-peticion-de-indira-kempis\/#primaryimage","url":"https:\/\/www.sonoraenequipo.com.mx\/storage\/2024\/01\/Ordena-TEPJF-a-Movimiento-Ciudadano-....-min.jpg","contentUrl":"https:\/\/www.sonoraenequipo.com.mx\/storage\/2024\/01\/Ordena-TEPJF-a-Movimiento-Ciudadano-....-min.jpg","width":900,"height":600},{"@type":"BreadcrumbList","@id":"https:\/\/www.sonoraenequipo.com.mx\/ordena-tepjf-a-movimiento-ciudadano-atender-la-peticion-de-indira-kempis\/#breadcrumb","itemListElement":[{"@type":"ListItem","position":1,"name":"Portada","item":"https:\/\/www.sonoraenequipo.com.mx\/"},{"@type":"ListItem","position":2,"name":"Ordena TEPJF a Movimiento Ciudadano atender la petici\u00f3n de Indira Kempis"}]},{"@type":"WebSite","@id":"https:\/\/www.sonoraenequipo.com.mx\/#website","url":"https:\/\/www.sonoraenequipo.com.mx\/","name":"Sonora en Equipo.","description":"Diario en l\u00ednea con Noticias desde Hermosillo, Sonora","publisher":{"@id":"https:\/\/www.sonoraenequipo.com.mx\/#organization"},"potentialAction":[{"@type":"SearchAction","target":{"@type":"EntryPoint","urlTemplate":"https:\/\/www.sonoraenequipo.com.mx\/?s={search_term_string}"},"query-input":{"@type":"PropertyValueSpecification","valueRequired":true,"valueName":"search_term_string"}}],"inLanguage":"es"},{"@type":"Organization","@id":"https:\/\/www.sonoraenequipo.com.mx\/#organization","name":"Sonoraenequipo.com.mx","url":"https:\/\/www.sonoraenequipo.com.mx\/","logo":{"@type":"ImageObject","inLanguage":"es","@id":"https:\/\/www.sonoraenequipo.com.mx\/#\/schema\/logo\/image\/","url":"https:\/\/www.sonoraenequipo.com.mx\/storage\/2019\/01\/sonoraenequipo_opt.png","contentUrl":"https:\/\/www.sonoraenequipo.com.mx\/storage\/2019\/01\/sonoraenequipo_opt.png","width":375,"height":125,"caption":"Sonoraenequipo.com.mx"},"image":{"@id":"https:\/\/www.sonoraenequipo.com.mx\/#\/schema\/logo\/image\/"},"sameAs":["https:\/\/www.facebook.com\/SonoraEE\/","https:\/\/x.com\/sonoraenequipo","https:\/\/www.youtube.com\/channel\/UC338nW-lPEYmJQs4ZABQ1SQ"]},{"@type":"Person","@id":"https:\/\/www.sonoraenequipo.com.mx\/#\/schema\/person\/50102df0fb23a8fa9e8effad8fa81386","name":"enequipo","image":{"@type":"ImageObject","inLanguage":"es","@id":"https:\/\/www.sonoraenequipo.com.mx\/#\/schema\/person\/image\/","url":"https:\/\/secure.gravatar.com\/avatar\/049821681b589dabc0bc20695993ccebb09f5b5d4d790cd9251b97faac7c652b?s=96&d=blank&r=g","contentUrl":"https:\/\/secure.gravatar.com\/avatar\/049821681b589dabc0bc20695993ccebb09f5b5d4d790cd9251b97faac7c652b?s=96&d=blank&r=g","caption":"enequipo"},"sameAs":["https:\/\/www.facebook.com\/SonoraEE"]}]}},"jetpack_featured_media_url":"https:\/\/www.sonoraenequipo.com.mx\/storage\/2024\/01\/Ordena-TEPJF-a-Movimiento-Ciudadano-....-min.jpg","_links":{"self":[{"href":"https:\/\/www.sonoraenequipo.com.mx\/api\/wp\/v2\/posts\/181924","targetHints":{"allow":["GET"]}}],"collection":[{"href":"https:\/\/www.sonoraenequipo.com.mx\/api\/wp\/v2\/posts"}],"about":[{"href":"https:\/\/www.sonoraenequipo.com.mx\/api\/wp\/v2\/types\/post"}],"author":[{"embeddable":true,"href":"https:\/\/www.sonoraenequipo.com.mx\/api\/wp\/v2\/users\/1"}],"replies":[{"embeddable":true,"href":"https:\/\/www.sonoraenequipo.com.mx\/api\/wp\/v2\/comments?post=181924"}],"version-history":[{"count":1,"href":"https:\/\/www.sonoraenequipo.com.mx\/api\/wp\/v2\/posts\/181924\/revisions"}],"predecessor-version":[{"id":181926,"href":"https:\/\/www.sonoraenequipo.com.mx\/api\/wp\/v2\/posts\/181924\/revisions\/181926"}],"wp:featuredmedia":[{"embeddable":true,"href":"https:\/\/www.sonoraenequipo.com.mx\/api\/wp\/v2\/media\/181925"}],"wp:attachment":[{"href":"https:\/\/www.sonoraenequipo.com.mx\/api\/wp\/v2\/media?parent=181924"}],"wp:term":[{"taxonomy":"category","embeddable":true,"href":"https:\/\/www.sonoraenequipo.com.mx\/api\/wp\/v2\/categories?post=181924"},{"taxonomy":"post_tag","embeddable":true,"href":"https:\/\/www.sonoraenequipo.com.mx\/api\/wp\/v2\/tags?post=181924"}],"curies":[{"name":"wp","href":"https:\/\/api.w.org\/{rel}","templated":true}]}}