{"id":181931,"date":"2024-01-16T17:22:25","date_gmt":"2024-01-17T00:22:25","guid":{"rendered":"https:\/\/www.sonoraenequipo.com.mx\/?p=181931"},"modified":"2024-01-16T17:31:12","modified_gmt":"2024-01-17T00:31:12","slug":"narges-mohammadi-ganadora-del-nobel-de-la-paz-recibe-15-meses-de-prision-adicionales","status":"publish","type":"post","link":"https:\/\/www.sonoraenequipo.com.mx\/narges-mohammadi-ganadora-del-nobel-de-la-paz-recibe-15-meses-de-prision-adicionales\/","title":{"rendered":"Narges Mohammadi, ganadora del Nobel de la Paz, recibe 15 meses de prisi\u00f3n adicionales"},"content":{"rendered":"<p><strong>IRAK.<\/strong> \u2014 La familia de Narges Mohammadi, laureada con el Premio Nobel de la Paz, anunci\u00f3 que un tribunal en Ir\u00e1n le impuso 15 meses adicionales de prisi\u00f3n, acus\u00e1ndola de propagar informaci\u00f3n contra la Rep\u00fablica Isl\u00e1mica.<\/p>\n<p>&nbsp;<\/p>\n<p> <\/p>\n<p>La sentencia, dictada el 19 de diciembre, incluye restricciones como la prohibici\u00f3n de salir del pa\u00eds por dos a\u00f1os, la participaci\u00f3n en grupos sociales o pol\u00edticos, la posesi\u00f3n de un tel\u00e9fono celular y la permanencia fuera de Teher\u00e1n.<\/p>\n<p>&nbsp;<\/p>\n<p>La activista ya cumple una sentencia de 30 meses en la Prisi\u00f3n Evin por cargos relacionados con propaganda, desobediencia en prisi\u00f3n y difamaci\u00f3n contra las autoridades.<\/p>\n<p>&nbsp;<\/p>\n<p>Mohammadi, de 51 a\u00f1os, es la 19\u00aa mujer en recibir el Nobel de la Paz y la segunda mujer iran\u00ed galardonada.<\/p>\n<p>&nbsp;<\/p>\n<p>PUBLICADO EL 16 DE ENERO 2024\/ Con informaci\u00f3n Agencias)<\/p>\n","protected":false},"excerpt":{"rendered":"<p>IRAK. \u2014 La familia de Narges Mohammadi, laureada con el Premio Nobel de la Paz,&#8230;<\/p>\n","protected":false},"author":1,"featured_media":181932,"comment_status":"open","ping_status":"open","sticky":false,"template":"","format":"standard","meta":{"_monsterinsights_skip_tracking":false,"_monsterinsights_sitenote_active":false,"_monsterinsights_sitenote_note":"","_monsterinsights_sitenote_category":0,"footnotes":""},"categories":[3],"tags":[],"class_list":["post"],"yoast_head":" \n<title>Sonora en Equipo. Narges Mohammadi, ganadora del Nobel de la Paz, recibe 15 meses de prisi\u00f3n adicionales MUNDO<\/title>\n<meta name=\"description\" content=\"IRAK. \u2014 La familia de Narges Mohammadi, laureada con el Premio Nobel de la Paz, anunci\u00f3 que un tribunal en Ir\u00e1n le impuso 15 meses adicionales de prisi\u00f3n, En Sonora en Equipo publicamos toda la informaci\u00f3n de Sonora, M\u00e9xico y el Mundo de manera oportuna y busca que la libertad de expresi\u00f3n sea real. Visita nuestro medio informativo publicado desde Hermosillo, Sonora. %\" \/>\n<meta name=\"robots\" content=\"index, follow, max-snippet:-1, max-image-preview:large, max-video-preview:-1\" \/>\n<link rel=\"canonical\" href=\"https:\/\/www.sonoraenequipo.com.mx\/narges-mohammadi-ganadora-del-nobel-de-la-paz-recibe-15-meses-de-prision-adicionales\/\" \/>\n<meta property=\"og:locale\" content=\"es_ES\" \/>\n<meta property=\"og:type\" content=\"article\" \/>\n<meta property=\"og:title\" content=\"Sonora en Equipo. Narges Mohammadi, ganadora del Nobel de la Paz, recibe 15 meses de prisi\u00f3n adicionales MUNDO\" \/>\n<meta property=\"og:description\" content=\"IRAK. \u2014 La familia de Narges Mohammadi, laureada con el Premio Nobel de la Paz, anunci\u00f3 que un tribunal en Ir\u00e1n le impuso 15 meses adicionales de prisi\u00f3n, En Sonora en Equipo publicamos toda la informaci\u00f3n de Sonora, M\u00e9xico y el Mundo de manera oportuna y busca que la libertad de expresi\u00f3n sea real. Visita nuestro medio informativo publicado desde Hermosillo, Sonora. %\" \/>\n<meta property=\"og:url\" content=\"https:\/\/www.sonoraenequipo.com.mx\/narges-mohammadi-ganadora-del-nobel-de-la-paz-recibe-15-meses-de-prision-adicionales\/\" \/>\n<meta property=\"og:site_name\" content=\"Sonora en Equipo.\" \/>\n<meta property=\"article:publisher\" content=\"https:\/\/www.facebook.com\/SonoraEE\/\" \/>\n<meta property=\"article:author\" content=\"https:\/\/www.facebook.com\/SonoraEE\" \/>\n<meta property=\"article:published_time\" content=\"2024-01-17T00:22:25+00:00\" \/>\n<meta property=\"article:modified_time\" content=\"2024-01-17T00:31:12+00:00\" \/>\n<meta property=\"og:image\" content=\"https:\/\/www.sonoraenequipo.com.mx\/storage\/2024\/01\/Narges-Mohammadi-ganadora-del-Nobel-de-la-Paz-min.jpg\" \/>\n\t<meta property=\"og:image:width\" content=\"1024\" \/>\n\t<meta property=\"og:image:height\" content=\"683\" \/>\n\t<meta property=\"og:image:type\" content=\"image\/jpeg\" \/>\n<meta name=\"author\" content=\"enequipo\" \/>\n<meta name=\"twitter:card\" content=\"summary_large_image\" \/>\n<meta name=\"twitter:creator\" content=\"@sonoraenequipo\" \/>\n<meta name=\"twitter:site\" content=\"@sonoraenequipo\" \/>\n<meta name=\"twitter:label1\" content=\"Escrito por\" \/>\n\t<meta name=\"twitter:data1\" content=\"enequipo\" \/>\n\t<meta name=\"twitter:label2\" content=\"Tiempo de lectura\" \/>\n\t<meta name=\"twitter:data2\" content=\"1 minuto\" \/>\n<script type=\"application\/ld+json\" class=\"yoast-schema-graph\">{\"@context\":\"https:\/\/schema.org\",\"@graph\":[{\"@type\":\"Article\",\"@id\":\"https:\/\/www.sonoraenequipo.com.mx\/narges-mohammadi-ganadora-del-nobel-de-la-paz-recibe-15-meses-de-prision-adicionales\/#article\",\"isPartOf\":{\"@id\":\"https:\/\/www.sonoraenequipo.com.mx\/narges-mohammadi-ganadora-del-nobel-de-la-paz-recibe-15-meses-de-prision-adicionales\/\"},\"author\":{\"name\":\"enequipo\",\"@id\":\"https:\/\/www.sonoraenequipo.com.mx\/#\/schema\/person\/50102df0fb23a8fa9e8effad8fa81386\"},\"headline\":\"Narges Mohammadi, ganadora del Nobel de la Paz, recibe 15 meses de prisi\u00f3n adicionales\",\"datePublished\":\"2024-01-17T00:22:25+00:00\",\"dateModified\":\"2024-01-17T00:31:12+00:00\",\"mainEntityOfPage\":{\"@id\":\"https:\/\/www.sonoraenequipo.com.mx\/narges-mohammadi-ganadora-del-nobel-de-la-paz-recibe-15-meses-de-prision-adicionales\/\"},\"wordCount\":159,\"commentCount\":0,\"publisher\":{\"@id\":\"https:\/\/www.sonoraenequipo.com.mx\/#organization\"},\"image\":{\"@id\":\"https:\/\/www.sonoraenequipo.com.mx\/narges-mohammadi-ganadora-del-nobel-de-la-paz-recibe-15-meses-de-prision-adicionales\/#primaryimage\"},\"thumbnailUrl\":\"https:\/\/www.sonoraenequipo.com.mx\/storage\/2024\/01\/Narges-Mohammadi-ganadora-del-Nobel-de-la-Paz-min.jpg\",\"articleSection\":[\"MUNDO\"],\"inLanguage\":\"es\",\"potentialAction\":[{\"@type\":\"CommentAction\",\"name\":\"Comment\",\"target\":[\"https:\/\/www.sonoraenequipo.com.mx\/narges-mohammadi-ganadora-del-nobel-de-la-paz-recibe-15-meses-de-prision-adicionales\/#respond\"]}]},{\"@type\":\"WebPage\",\"@id\":\"https:\/\/www.sonoraenequipo.com.mx\/narges-mohammadi-ganadora-del-nobel-de-la-paz-recibe-15-meses-de-prision-adicionales\/\",\"url\":\"https:\/\/www.sonoraenequipo.com.mx\/narges-mohammadi-ganadora-del-nobel-de-la-paz-recibe-15-meses-de-prision-adicionales\/\",\"name\":\"Sonora en Equipo. Narges Mohammadi, ganadora del Nobel de la Paz, recibe 15 meses de prisi\u00f3n adicionales MUNDO\",\"isPartOf\":{\"@id\":\"https:\/\/www.sonoraenequipo.com.mx\/#website\"},\"primaryImageOfPage\":{\"@id\":\"https:\/\/www.sonoraenequipo.com.mx\/narges-mohammadi-ganadora-del-nobel-de-la-paz-recibe-15-meses-de-prision-adicionales\/#primaryimage\"},\"image\":{\"@id\":\"https:\/\/www.sonoraenequipo.com.mx\/narges-mohammadi-ganadora-del-nobel-de-la-paz-recibe-15-meses-de-prision-adicionales\/#primaryimage\"},\"thumbnailUrl\":\"https:\/\/www.sonoraenequipo.com.mx\/storage\/2024\/01\/Narges-Mohammadi-ganadora-del-Nobel-de-la-Paz-min.jpg\",\"datePublished\":\"2024-01-17T00:22:25+00:00\",\"dateModified\":\"2024-01-17T00:31:12+00:00\",\"description\":\"IRAK. \u2014 La familia de Narges Mohammadi, laureada con el Premio Nobel de la Paz, anunci\u00f3 que un tribunal en Ir\u00e1n le impuso 15 meses adicionales de prisi\u00f3n, En Sonora en Equipo publicamos toda la informaci\u00f3n de Sonora, M\u00e9xico y el Mundo de manera oportuna y busca que la libertad de expresi\u00f3n sea real. Visita nuestro medio informativo publicado desde Hermosillo, Sonora. %\",\"breadcrumb\":{\"@id\":\"https:\/\/www.sonoraenequipo.com.mx\/narges-mohammadi-ganadora-del-nobel-de-la-paz-recibe-15-meses-de-prision-adicionales\/#breadcrumb\"},\"inLanguage\":\"es\",\"potentialAction\":[{\"@type\":\"ReadAction\",\"target\":[\"https:\/\/www.sonoraenequipo.com.mx\/narges-mohammadi-ganadora-del-nobel-de-la-paz-recibe-15-meses-de-prision-adicionales\/\"]}]},{\"@type\":\"ImageObject\",\"inLanguage\":\"es\",\"@id\":\"https:\/\/www.sonoraenequipo.com.mx\/narges-mohammadi-ganadora-del-nobel-de-la-paz-recibe-15-meses-de-prision-adicionales\/#primaryimage\",\"url\":\"https:\/\/www.sonoraenequipo.com.mx\/storage\/2024\/01\/Narges-Mohammadi-ganadora-del-Nobel-de-la-Paz-min.jpg\",\"contentUrl\":\"https:\/\/www.sonoraenequipo.com.mx\/storage\/2024\/01\/Narges-Mohammadi-ganadora-del-Nobel-de-la-Paz-min.jpg\",\"width\":1024,\"height\":683},{\"@type\":\"BreadcrumbList\",\"@id\":\"https:\/\/www.sonoraenequipo.com.mx\/narges-mohammadi-ganadora-del-nobel-de-la-paz-recibe-15-meses-de-prision-adicionales\/#breadcrumb\",\"itemListElement\":[{\"@type\":\"ListItem\",\"position\":1,\"name\":\"Portada\",\"item\":\"https:\/\/www.sonoraenequipo.com.mx\/\"},{\"@type\":\"ListItem\",\"position\":2,\"name\":\"Narges Mohammadi, ganadora del Nobel de la Paz, recibe 15 meses de prisi\u00f3n adicionales\"}]},{\"@type\":\"WebSite\",\"@id\":\"https:\/\/www.sonoraenequipo.com.mx\/#website\",\"url\":\"https:\/\/www.sonoraenequipo.com.mx\/\",\"name\":\"Sonora en Equipo.\",\"description\":\"Diario en l\u00ednea con Noticias desde Hermosillo, Sonora\",\"publisher\":{\"@id\":\"https:\/\/www.sonoraenequipo.com.mx\/#organization\"},\"potentialAction\":[{\"@type\":\"SearchAction\",\"target\":{\"@type\":\"EntryPoint\",\"urlTemplate\":\"https:\/\/www.sonoraenequipo.com.mx\/?s={search_term_string}\"},\"query-input\":{\"@type\":\"PropertyValueSpecification\",\"valueRequired\":true,\"valueName\":\"search_term_string\"}}],\"inLanguage\":\"es\"},{\"@type\":\"Organization\",\"@id\":\"https:\/\/www.sonoraenequipo.com.mx\/#organization\",\"name\":\"Sonoraenequipo.com.mx\",\"url\":\"https:\/\/www.sonoraenequipo.com.mx\/\",\"logo\":{\"@type\":\"ImageObject\",\"inLanguage\":\"es\",\"@id\":\"https:\/\/www.sonoraenequipo.com.mx\/#\/schema\/logo\/image\/\",\"url\":\"https:\/\/www.sonoraenequipo.com.mx\/storage\/2019\/01\/sonoraenequipo_opt.png\",\"contentUrl\":\"https:\/\/www.sonoraenequipo.com.mx\/storage\/2019\/01\/sonoraenequipo_opt.png\",\"width\":375,\"height\":125,\"caption\":\"Sonoraenequipo.com.mx\"},\"image\":{\"@id\":\"https:\/\/www.sonoraenequipo.com.mx\/#\/schema\/logo\/image\/\"},\"sameAs\":[\"https:\/\/www.facebook.com\/SonoraEE\/\",\"https:\/\/x.com\/sonoraenequipo\",\"https:\/\/www.youtube.com\/channel\/UC338nW-lPEYmJQs4ZABQ1SQ\"]},{\"@type\":\"Person\",\"@id\":\"https:\/\/www.sonoraenequipo.com.mx\/#\/schema\/person\/50102df0fb23a8fa9e8effad8fa81386\",\"name\":\"enequipo\",\"image\":{\"@type\":\"ImageObject\",\"inLanguage\":\"es\",\"@id\":\"https:\/\/www.sonoraenequipo.com.mx\/#\/schema\/person\/image\/\",\"url\":\"https:\/\/secure.gravatar.com\/avatar\/049821681b589dabc0bc20695993ccebb09f5b5d4d790cd9251b97faac7c652b?s=96&d=blank&r=g\",\"contentUrl\":\"https:\/\/secure.gravatar.com\/avatar\/049821681b589dabc0bc20695993ccebb09f5b5d4d790cd9251b97faac7c652b?s=96&d=blank&r=g\",\"caption\":\"enequipo\"},\"sameAs\":[\"https:\/\/www.facebook.com\/SonoraEE\"]}]}<\/script>\n ","yoast_head_json":{"title":"Sonora en Equipo. Narges Mohammadi, ganadora del Nobel de la Paz, recibe 15 meses de prisi\u00f3n adicionales MUNDO","description":"IRAK. \u2014 La familia de Narges Mohammadi, laureada con el Premio Nobel de la Paz, anunci\u00f3 que un tribunal en Ir\u00e1n le impuso 15 meses adicionales de prisi\u00f3n, En Sonora en Equipo publicamos toda la informaci\u00f3n de Sonora, M\u00e9xico y el Mundo de manera oportuna y busca que la libertad de expresi\u00f3n sea real. Visita nuestro medio informativo publicado desde Hermosillo, Sonora. %","robots":{"index":"index","follow":"follow","max-snippet":"max-snippet:-1","max-image-preview":"max-image-preview:large","max-video-preview":"max-video-preview:-1"},"canonical":"https:\/\/www.sonoraenequipo.com.mx\/narges-mohammadi-ganadora-del-nobel-de-la-paz-recibe-15-meses-de-prision-adicionales\/","og_locale":"es_ES","og_type":"article","og_title":"Sonora en Equipo. Narges Mohammadi, ganadora del Nobel de la Paz, recibe 15 meses de prisi\u00f3n adicionales MUNDO","og_description":"IRAK. \u2014 La familia de Narges Mohammadi, laureada con el Premio Nobel de la Paz, anunci\u00f3 que un tribunal en Ir\u00e1n le impuso 15 meses adicionales de prisi\u00f3n, En Sonora en Equipo publicamos toda la informaci\u00f3n de Sonora, M\u00e9xico y el Mundo de manera oportuna y busca que la libertad de expresi\u00f3n sea real. Visita nuestro medio informativo publicado desde Hermosillo, Sonora. %","og_url":"https:\/\/www.sonoraenequipo.com.mx\/narges-mohammadi-ganadora-del-nobel-de-la-paz-recibe-15-meses-de-prision-adicionales\/","og_site_name":"Sonora en Equipo.","article_publisher":"https:\/\/www.facebook.com\/SonoraEE\/","article_author":"https:\/\/www.facebook.com\/SonoraEE","article_published_time":"2024-01-17T00:22:25+00:00","article_modified_time":"2024-01-17T00:31:12+00:00","og_image":[{"width":1024,"height":683,"url":"https:\/\/www.sonoraenequipo.com.mx\/storage\/2024\/01\/Narges-Mohammadi-ganadora-del-Nobel-de-la-Paz-min.jpg","type":"image\/jpeg"}],"author":"enequipo","twitter_card":"summary_large_image","twitter_creator":"@sonoraenequipo","twitter_site":"@sonoraenequipo","twitter_misc":{"Escrito por":"enequipo","Tiempo de lectura":"1 minuto"},"schema":{"@context":"https:\/\/schema.org","@graph":[{"@type":"Article","@id":"https:\/\/www.sonoraenequipo.com.mx\/narges-mohammadi-ganadora-del-nobel-de-la-paz-recibe-15-meses-de-prision-adicionales\/#article","isPartOf":{"@id":"https:\/\/www.sonoraenequipo.com.mx\/narges-mohammadi-ganadora-del-nobel-de-la-paz-recibe-15-meses-de-prision-adicionales\/"},"author":{"name":"enequipo","@id":"https:\/\/www.sonoraenequipo.com.mx\/#\/schema\/person\/50102df0fb23a8fa9e8effad8fa81386"},"headline":"Narges Mohammadi, ganadora del Nobel de la Paz, recibe 15 meses de prisi\u00f3n adicionales","datePublished":"2024-01-17T00:22:25+00:00","dateModified":"2024-01-17T00:31:12+00:00","mainEntityOfPage":{"@id":"https:\/\/www.sonoraenequipo.com.mx\/narges-mohammadi-ganadora-del-nobel-de-la-paz-recibe-15-meses-de-prision-adicionales\/"},"wordCount":159,"commentCount":0,"publisher":{"@id":"https:\/\/www.sonoraenequipo.com.mx\/#organization"},"image":{"@id":"https:\/\/www.sonoraenequipo.com.mx\/narges-mohammadi-ganadora-del-nobel-de-la-paz-recibe-15-meses-de-prision-adicionales\/#primaryimage"},"thumbnailUrl":"https:\/\/www.sonoraenequipo.com.mx\/storage\/2024\/01\/Narges-Mohammadi-ganadora-del-Nobel-de-la-Paz-min.jpg","articleSection":["MUNDO"],"inLanguage":"es","potentialAction":[{"@type":"CommentAction","name":"Comment","target":["https:\/\/www.sonoraenequipo.com.mx\/narges-mohammadi-ganadora-del-nobel-de-la-paz-recibe-15-meses-de-prision-adicionales\/#respond"]}]},{"@type":"WebPage","@id":"https:\/\/www.sonoraenequipo.com.mx\/narges-mohammadi-ganadora-del-nobel-de-la-paz-recibe-15-meses-de-prision-adicionales\/","url":"https:\/\/www.sonoraenequipo.com.mx\/narges-mohammadi-ganadora-del-nobel-de-la-paz-recibe-15-meses-de-prision-adicionales\/","name":"Sonora en Equipo. Narges Mohammadi, ganadora del Nobel de la Paz, recibe 15 meses de prisi\u00f3n adicionales MUNDO","isPartOf":{"@id":"https:\/\/www.sonoraenequipo.com.mx\/#website"},"primaryImageOfPage":{"@id":"https:\/\/www.sonoraenequipo.com.mx\/narges-mohammadi-ganadora-del-nobel-de-la-paz-recibe-15-meses-de-prision-adicionales\/#primaryimage"},"image":{"@id":"https:\/\/www.sonoraenequipo.com.mx\/narges-mohammadi-ganadora-del-nobel-de-la-paz-recibe-15-meses-de-prision-adicionales\/#primaryimage"},"thumbnailUrl":"https:\/\/www.sonoraenequipo.com.mx\/storage\/2024\/01\/Narges-Mohammadi-ganadora-del-Nobel-de-la-Paz-min.jpg","datePublished":"2024-01-17T00:22:25+00:00","dateModified":"2024-01-17T00:31:12+00:00","description":"IRAK. \u2014 La familia de Narges Mohammadi, laureada con el Premio Nobel de la Paz, anunci\u00f3 que un tribunal en Ir\u00e1n le impuso 15 meses adicionales de prisi\u00f3n, En Sonora en Equipo publicamos toda la informaci\u00f3n de Sonora, M\u00e9xico y el Mundo de manera oportuna y busca que la libertad de expresi\u00f3n sea real. Visita nuestro medio informativo publicado desde Hermosillo, Sonora. %","breadcrumb":{"@id":"https:\/\/www.sonoraenequipo.com.mx\/narges-mohammadi-ganadora-del-nobel-de-la-paz-recibe-15-meses-de-prision-adicionales\/#breadcrumb"},"inLanguage":"es","potentialAction":[{"@type":"ReadAction","target":["https:\/\/www.sonoraenequipo.com.mx\/narges-mohammadi-ganadora-del-nobel-de-la-paz-recibe-15-meses-de-prision-adicionales\/"]}]},{"@type":"ImageObject","inLanguage":"es","@id":"https:\/\/www.sonoraenequipo.com.mx\/narges-mohammadi-ganadora-del-nobel-de-la-paz-recibe-15-meses-de-prision-adicionales\/#primaryimage","url":"https:\/\/www.sonoraenequipo.com.mx\/storage\/2024\/01\/Narges-Mohammadi-ganadora-del-Nobel-de-la-Paz-min.jpg","contentUrl":"https:\/\/www.sonoraenequipo.com.mx\/storage\/2024\/01\/Narges-Mohammadi-ganadora-del-Nobel-de-la-Paz-min.jpg","width":1024,"height":683},{"@type":"BreadcrumbList","@id":"https:\/\/www.sonoraenequipo.com.mx\/narges-mohammadi-ganadora-del-nobel-de-la-paz-recibe-15-meses-de-prision-adicionales\/#breadcrumb","itemListElement":[{"@type":"ListItem","position":1,"name":"Portada","item":"https:\/\/www.sonoraenequipo.com.mx\/"},{"@type":"ListItem","position":2,"name":"Narges Mohammadi, ganadora del Nobel de la Paz, recibe 15 meses de prisi\u00f3n adicionales"}]},{"@type":"WebSite","@id":"https:\/\/www.sonoraenequipo.com.mx\/#website","url":"https:\/\/www.sonoraenequipo.com.mx\/","name":"Sonora en Equipo.","description":"Diario en l\u00ednea con Noticias desde Hermosillo, Sonora","publisher":{"@id":"https:\/\/www.sonoraenequipo.com.mx\/#organization"},"potentialAction":[{"@type":"SearchAction","target":{"@type":"EntryPoint","urlTemplate":"https:\/\/www.sonoraenequipo.com.mx\/?s={search_term_string}"},"query-input":{"@type":"PropertyValueSpecification","valueRequired":true,"valueName":"search_term_string"}}],"inLanguage":"es"},{"@type":"Organization","@id":"https:\/\/www.sonoraenequipo.com.mx\/#organization","name":"Sonoraenequipo.com.mx","url":"https:\/\/www.sonoraenequipo.com.mx\/","logo":{"@type":"ImageObject","inLanguage":"es","@id":"https:\/\/www.sonoraenequipo.com.mx\/#\/schema\/logo\/image\/","url":"https:\/\/www.sonoraenequipo.com.mx\/storage\/2019\/01\/sonoraenequipo_opt.png","contentUrl":"https:\/\/www.sonoraenequipo.com.mx\/storage\/2019\/01\/sonoraenequipo_opt.png","width":375,"height":125,"caption":"Sonoraenequipo.com.mx"},"image":{"@id":"https:\/\/www.sonoraenequipo.com.mx\/#\/schema\/logo\/image\/"},"sameAs":["https:\/\/www.facebook.com\/SonoraEE\/","https:\/\/x.com\/sonoraenequipo","https:\/\/www.youtube.com\/channel\/UC338nW-lPEYmJQs4ZABQ1SQ"]},{"@type":"Person","@id":"https:\/\/www.sonoraenequipo.com.mx\/#\/schema\/person\/50102df0fb23a8fa9e8effad8fa81386","name":"enequipo","image":{"@type":"ImageObject","inLanguage":"es","@id":"https:\/\/www.sonoraenequipo.com.mx\/#\/schema\/person\/image\/","url":"https:\/\/secure.gravatar.com\/avatar\/049821681b589dabc0bc20695993ccebb09f5b5d4d790cd9251b97faac7c652b?s=96&d=blank&r=g","contentUrl":"https:\/\/secure.gravatar.com\/avatar\/049821681b589dabc0bc20695993ccebb09f5b5d4d790cd9251b97faac7c652b?s=96&d=blank&r=g","caption":"enequipo"},"sameAs":["https:\/\/www.facebook.com\/SonoraEE"]}]}},"jetpack_featured_media_url":"https:\/\/www.sonoraenequipo.com.mx\/storage\/2024\/01\/Narges-Mohammadi-ganadora-del-Nobel-de-la-Paz-min.jpg","_links":{"self":[{"href":"https:\/\/www.sonoraenequipo.com.mx\/api\/wp\/v2\/posts\/181931","targetHints":{"allow":["GET"]}}],"collection":[{"href":"https:\/\/www.sonoraenequipo.com.mx\/api\/wp\/v2\/posts"}],"about":[{"href":"https:\/\/www.sonoraenequipo.com.mx\/api\/wp\/v2\/types\/post"}],"author":[{"embeddable":true,"href":"https:\/\/www.sonoraenequipo.com.mx\/api\/wp\/v2\/users\/1"}],"replies":[{"embeddable":true,"href":"https:\/\/www.sonoraenequipo.com.mx\/api\/wp\/v2\/comments?post=181931"}],"version-history":[{"count":1,"href":"https:\/\/www.sonoraenequipo.com.mx\/api\/wp\/v2\/posts\/181931\/revisions"}],"predecessor-version":[{"id":181933,"href":"https:\/\/www.sonoraenequipo.com.mx\/api\/wp\/v2\/posts\/181931\/revisions\/181933"}],"wp:featuredmedia":[{"embeddable":true,"href":"https:\/\/www.sonoraenequipo.com.mx\/api\/wp\/v2\/media\/181932"}],"wp:attachment":[{"href":"https:\/\/www.sonoraenequipo.com.mx\/api\/wp\/v2\/media?parent=181931"}],"wp:term":[{"taxonomy":"category","embeddable":true,"href":"https:\/\/www.sonoraenequipo.com.mx\/api\/wp\/v2\/categories?post=181931"},{"taxonomy":"post_tag","embeddable":true,"href":"https:\/\/www.sonoraenequipo.com.mx\/api\/wp\/v2\/tags?post=181931"}],"curies":[{"name":"wp","href":"https:\/\/api.w.org\/{rel}","templated":true}]}}