{"id":181934,"date":"2024-01-16T20:00:16","date_gmt":"2024-01-17T03:00:16","guid":{"rendered":"https:\/\/www.sonoraenequipo.com.mx\/?p=181934"},"modified":"2024-01-16T17:58:23","modified_gmt":"2024-01-17T00:58:23","slug":"atrae-plan-sonora-interes-internacional-por-centros-logisticos-estrategicos-alfonso-durazo","status":"publish","type":"post","link":"https:\/\/www.sonoraenequipo.com.mx\/atrae-plan-sonora-interes-internacional-por-centros-logisticos-estrategicos-alfonso-durazo\/","title":{"rendered":"Atrae Plan Sonora inter\u00e9s internacional por centros log\u00edsticos estrat\u00e9gicos: Alfonso Durazo"},"content":{"rendered":"<p><strong>DAVOS, SUIZA. \u2014<\/strong> A fin de concretar alianzas con inversionistas del Medio Oriente y sumar esfuerzos que beneficien al desarrollo de la entidad, el gobernador Alfonso Durazo Monta\u00f1o, durante su segundo d\u00eda de participaci\u00f3n en el World Economic Forum de DAVOS 2024, en Suiza, sostuvo encuentros con directivos de las empresas m\u00e1s importantes del mundo, entre ellos, Justin Bird, director general de Sempra Infraestructura, que representan los fondos de inversi\u00f3n m\u00e1s grandes para el estado.<\/p>\n<p>&nbsp;<\/p>\n<p> <\/p>\n<p>El titular del Ejecutivo estatal se\u00f1al\u00f3 que eventos de talla internacional como estos, colocan a Sonora en los ojos de toda la \u00e9lite de inversionistas que se re\u00fanen para buscar proyectos innovadores que impulsen el desarrollo industrial a trav\u00e9s de energ\u00edas limpias como el Plan Sonora de Energ\u00edas Sostenibles.<\/p>\n<p>&nbsp;<\/p>\n<p><strong><em>\u201cAqu\u00ed podemos interactuar multilateral y bilateralmente con directivos de las empresas m\u00e1s importantes del mundo, con los especialistas de las m\u00e1s diversas tem\u00e1ticas, m\u00e1s relevantes del mundo\u201d<\/em><\/strong>, extern\u00f3.<\/p>\n<blockquote class=\"twitter-tweet\" data-width=\"550\" data-dnt=\"true\">\n<p lang=\"es\" dir=\"ltr\">Nuestra presencia en el Foro Econ\u00f3mico Mundial ha tra\u00eddo buenas noticias para Sonora.<\/p>\n<p>DP World, la empresa mar\u00edtima m\u00e1s grande de Medio Oriente y la cual maneja alrededor del 10% de la carga mundial, tiene inter\u00e9s en generar alianzas estrat\u00e9gicas con el estado para desarrollar\u2026 <a href=\"https:\/\/t.co\/myPPL4GyOw\">pic.twitter.com\/myPPL4GyOw<\/a><\/p>\n<p>&mdash; Alfonso Durazo (@AlfonsoDurazo) <a href=\"https:\/\/twitter.com\/AlfonsoDurazo\/status\/1747347072376787065?ref_src=twsrc%5Etfw\">January 16, 2024<\/a><\/p><\/blockquote>\n<p><script async src=\"https:\/\/platform.twitter.com\/widgets.js\" charset=\"utf-8\"><\/script><\/p>\n<p>Hassan El-Houry, CEO de Menzies Aviation, en pl\u00e1ticas con el gobernador, negoci\u00f3 la posibilidad de iniciar proyectos en el estado de Sonora, espec\u00edficamente en los aeropuertos de Guaymas y Ciudad Obreg\u00f3n, y reconoci\u00f3 a la entidad como una de las regiones con mayor oportunidad para el desarrollo y crecimiento del sector industrial energ\u00e9tico por las cualidades que posee en materia de recursos naturales.<\/p>\n<p>&nbsp;<\/p>\n<p>El gobernador Durazo, record\u00f3 que, parte de las ventajas de participar en esta cumbre mundial es entablar relaciones bilaterales con l\u00edderes del sector p\u00fablico y privado, con la finalidad de ubicar a Sonora a nivel mundial, ya que sin promoci\u00f3n no habr\u00eda mayor inversi\u00f3n para el estado.<\/p>\n<p>&nbsp;<\/p>\n<p>PUBLICADO EL 16 DE ENERO 2024\/ Con informaci\u00f3n GOBSON )<\/p>\n","protected":false},"excerpt":{"rendered":"<p>DAVOS, SUIZA. \u2014 A fin de concretar alianzas con inversionistas del Medio Oriente y sumar&#8230;<\/p>\n","protected":false},"author":1,"featured_media":181935,"comment_status":"open","ping_status":"open","sticky":false,"template":"","format":"standard","meta":{"_monsterinsights_skip_tracking":false,"_monsterinsights_sitenote_active":false,"_monsterinsights_sitenote_note":"","_monsterinsights_sitenote_category":0,"footnotes":""},"categories":[3],"tags":[],"class_list":["post"],"yoast_head":" \n<title>Sonora en Equipo. Atrae Plan Sonora inter\u00e9s internacional por centros log\u00edsticos estrat\u00e9gicos: Alfonso Durazo MUNDO<\/title>\n<meta name=\"description\" content=\"DAVOS, SUIZA. \u2014 A fin de concretar alianzas con inversionistas del Medio Oriente y sumar esfuerzos que beneficien al desarrollo de la entidad, el En Sonora en Equipo publicamos toda la informaci\u00f3n de Sonora, M\u00e9xico y el Mundo de manera oportuna y busca que la libertad de expresi\u00f3n sea real. Visita nuestro medio informativo publicado desde Hermosillo, Sonora. %\" \/>\n<meta name=\"robots\" content=\"index, follow, max-snippet:-1, max-image-preview:large, max-video-preview:-1\" \/>\n<link rel=\"canonical\" href=\"https:\/\/www.sonoraenequipo.com.mx\/atrae-plan-sonora-interes-internacional-por-centros-logisticos-estrategicos-alfonso-durazo\/\" \/>\n<meta property=\"og:locale\" content=\"es_ES\" \/>\n<meta property=\"og:type\" content=\"article\" \/>\n<meta property=\"og:title\" content=\"Sonora en Equipo. Atrae Plan Sonora inter\u00e9s internacional por centros log\u00edsticos estrat\u00e9gicos: Alfonso Durazo MUNDO\" \/>\n<meta property=\"og:description\" content=\"DAVOS, SUIZA. \u2014 A fin de concretar alianzas con inversionistas del Medio Oriente y sumar esfuerzos que beneficien al desarrollo de la entidad, el En Sonora en Equipo publicamos toda la informaci\u00f3n de Sonora, M\u00e9xico y el Mundo de manera oportuna y busca que la libertad de expresi\u00f3n sea real. Visita nuestro medio informativo publicado desde Hermosillo, Sonora. %\" \/>\n<meta property=\"og:url\" content=\"https:\/\/www.sonoraenequipo.com.mx\/atrae-plan-sonora-interes-internacional-por-centros-logisticos-estrategicos-alfonso-durazo\/\" \/>\n<meta property=\"og:site_name\" content=\"Sonora en Equipo.\" \/>\n<meta property=\"article:publisher\" content=\"https:\/\/www.facebook.com\/SonoraEE\/\" \/>\n<meta property=\"article:author\" content=\"https:\/\/www.facebook.com\/SonoraEE\" \/>\n<meta property=\"article:published_time\" content=\"2024-01-17T03:00:16+00:00\" \/>\n<meta property=\"og:image\" content=\"https:\/\/www.sonoraenequipo.com.mx\/storage\/2024\/01\/gobernador-Alfonso-Durazo-min.jpeg\" \/>\n\t<meta property=\"og:image:width\" content=\"1393\" \/>\n\t<meta property=\"og:image:height\" content=\"828\" \/>\n\t<meta property=\"og:image:type\" content=\"image\/jpeg\" \/>\n<meta name=\"author\" content=\"enequipo\" \/>\n<meta name=\"twitter:card\" content=\"summary_large_image\" \/>\n<meta name=\"twitter:creator\" content=\"@sonoraenequipo\" \/>\n<meta name=\"twitter:site\" content=\"@sonoraenequipo\" \/>\n<meta name=\"twitter:label1\" content=\"Escrito por\" \/>\n\t<meta name=\"twitter:data1\" content=\"enequipo\" \/>\n\t<meta name=\"twitter:label2\" content=\"Tiempo de lectura\" \/>\n\t<meta name=\"twitter:data2\" content=\"2 minutos\" \/>\n<script type=\"application\/ld+json\" class=\"yoast-schema-graph\">{\"@context\":\"https:\/\/schema.org\",\"@graph\":[{\"@type\":\"Article\",\"@id\":\"https:\/\/www.sonoraenequipo.com.mx\/atrae-plan-sonora-interes-internacional-por-centros-logisticos-estrategicos-alfonso-durazo\/#article\",\"isPartOf\":{\"@id\":\"https:\/\/www.sonoraenequipo.com.mx\/atrae-plan-sonora-interes-internacional-por-centros-logisticos-estrategicos-alfonso-durazo\/\"},\"author\":{\"name\":\"enequipo\",\"@id\":\"https:\/\/www.sonoraenequipo.com.mx\/#\/schema\/person\/50102df0fb23a8fa9e8effad8fa81386\"},\"headline\":\"Atrae Plan Sonora inter\u00e9s internacional por centros log\u00edsticos estrat\u00e9gicos: Alfonso Durazo\",\"datePublished\":\"2024-01-17T03:00:16+00:00\",\"mainEntityOfPage\":{\"@id\":\"https:\/\/www.sonoraenequipo.com.mx\/atrae-plan-sonora-interes-internacional-por-centros-logisticos-estrategicos-alfonso-durazo\/\"},\"wordCount\":315,\"commentCount\":0,\"publisher\":{\"@id\":\"https:\/\/www.sonoraenequipo.com.mx\/#organization\"},\"image\":{\"@id\":\"https:\/\/www.sonoraenequipo.com.mx\/atrae-plan-sonora-interes-internacional-por-centros-logisticos-estrategicos-alfonso-durazo\/#primaryimage\"},\"thumbnailUrl\":\"https:\/\/www.sonoraenequipo.com.mx\/storage\/2024\/01\/gobernador-Alfonso-Durazo-min.jpeg\",\"articleSection\":[\"MUNDO\"],\"inLanguage\":\"es\",\"potentialAction\":[{\"@type\":\"CommentAction\",\"name\":\"Comment\",\"target\":[\"https:\/\/www.sonoraenequipo.com.mx\/atrae-plan-sonora-interes-internacional-por-centros-logisticos-estrategicos-alfonso-durazo\/#respond\"]}]},{\"@type\":\"WebPage\",\"@id\":\"https:\/\/www.sonoraenequipo.com.mx\/atrae-plan-sonora-interes-internacional-por-centros-logisticos-estrategicos-alfonso-durazo\/\",\"url\":\"https:\/\/www.sonoraenequipo.com.mx\/atrae-plan-sonora-interes-internacional-por-centros-logisticos-estrategicos-alfonso-durazo\/\",\"name\":\"Sonora en Equipo. Atrae Plan Sonora inter\u00e9s internacional por centros log\u00edsticos estrat\u00e9gicos: Alfonso Durazo MUNDO\",\"isPartOf\":{\"@id\":\"https:\/\/www.sonoraenequipo.com.mx\/#website\"},\"primaryImageOfPage\":{\"@id\":\"https:\/\/www.sonoraenequipo.com.mx\/atrae-plan-sonora-interes-internacional-por-centros-logisticos-estrategicos-alfonso-durazo\/#primaryimage\"},\"image\":{\"@id\":\"https:\/\/www.sonoraenequipo.com.mx\/atrae-plan-sonora-interes-internacional-por-centros-logisticos-estrategicos-alfonso-durazo\/#primaryimage\"},\"thumbnailUrl\":\"https:\/\/www.sonoraenequipo.com.mx\/storage\/2024\/01\/gobernador-Alfonso-Durazo-min.jpeg\",\"datePublished\":\"2024-01-17T03:00:16+00:00\",\"description\":\"DAVOS, SUIZA. \u2014 A fin de concretar alianzas con inversionistas del Medio Oriente y sumar esfuerzos que beneficien al desarrollo de la entidad, el En Sonora en Equipo publicamos toda la informaci\u00f3n de Sonora, M\u00e9xico y el Mundo de manera oportuna y busca que la libertad de expresi\u00f3n sea real. Visita nuestro medio informativo publicado desde Hermosillo, Sonora. %\",\"breadcrumb\":{\"@id\":\"https:\/\/www.sonoraenequipo.com.mx\/atrae-plan-sonora-interes-internacional-por-centros-logisticos-estrategicos-alfonso-durazo\/#breadcrumb\"},\"inLanguage\":\"es\",\"potentialAction\":[{\"@type\":\"ReadAction\",\"target\":[\"https:\/\/www.sonoraenequipo.com.mx\/atrae-plan-sonora-interes-internacional-por-centros-logisticos-estrategicos-alfonso-durazo\/\"]}]},{\"@type\":\"ImageObject\",\"inLanguage\":\"es\",\"@id\":\"https:\/\/www.sonoraenequipo.com.mx\/atrae-plan-sonora-interes-internacional-por-centros-logisticos-estrategicos-alfonso-durazo\/#primaryimage\",\"url\":\"https:\/\/www.sonoraenequipo.com.mx\/storage\/2024\/01\/gobernador-Alfonso-Durazo-min.jpeg\",\"contentUrl\":\"https:\/\/www.sonoraenequipo.com.mx\/storage\/2024\/01\/gobernador-Alfonso-Durazo-min.jpeg\",\"width\":1393,\"height\":828},{\"@type\":\"BreadcrumbList\",\"@id\":\"https:\/\/www.sonoraenequipo.com.mx\/atrae-plan-sonora-interes-internacional-por-centros-logisticos-estrategicos-alfonso-durazo\/#breadcrumb\",\"itemListElement\":[{\"@type\":\"ListItem\",\"position\":1,\"name\":\"Portada\",\"item\":\"https:\/\/www.sonoraenequipo.com.mx\/\"},{\"@type\":\"ListItem\",\"position\":2,\"name\":\"Atrae Plan Sonora inter\u00e9s internacional por centros log\u00edsticos estrat\u00e9gicos: Alfonso Durazo\"}]},{\"@type\":\"WebSite\",\"@id\":\"https:\/\/www.sonoraenequipo.com.mx\/#website\",\"url\":\"https:\/\/www.sonoraenequipo.com.mx\/\",\"name\":\"Sonora en Equipo.\",\"description\":\"Diario en l\u00ednea con Noticias desde Hermosillo, Sonora\",\"publisher\":{\"@id\":\"https:\/\/www.sonoraenequipo.com.mx\/#organization\"},\"potentialAction\":[{\"@type\":\"SearchAction\",\"target\":{\"@type\":\"EntryPoint\",\"urlTemplate\":\"https:\/\/www.sonoraenequipo.com.mx\/?s={search_term_string}\"},\"query-input\":{\"@type\":\"PropertyValueSpecification\",\"valueRequired\":true,\"valueName\":\"search_term_string\"}}],\"inLanguage\":\"es\"},{\"@type\":\"Organization\",\"@id\":\"https:\/\/www.sonoraenequipo.com.mx\/#organization\",\"name\":\"Sonoraenequipo.com.mx\",\"url\":\"https:\/\/www.sonoraenequipo.com.mx\/\",\"logo\":{\"@type\":\"ImageObject\",\"inLanguage\":\"es\",\"@id\":\"https:\/\/www.sonoraenequipo.com.mx\/#\/schema\/logo\/image\/\",\"url\":\"https:\/\/www.sonoraenequipo.com.mx\/storage\/2019\/01\/sonoraenequipo_opt.png\",\"contentUrl\":\"https:\/\/www.sonoraenequipo.com.mx\/storage\/2019\/01\/sonoraenequipo_opt.png\",\"width\":375,\"height\":125,\"caption\":\"Sonoraenequipo.com.mx\"},\"image\":{\"@id\":\"https:\/\/www.sonoraenequipo.com.mx\/#\/schema\/logo\/image\/\"},\"sameAs\":[\"https:\/\/www.facebook.com\/SonoraEE\/\",\"https:\/\/x.com\/sonoraenequipo\",\"https:\/\/www.youtube.com\/channel\/UC338nW-lPEYmJQs4ZABQ1SQ\"]},{\"@type\":\"Person\",\"@id\":\"https:\/\/www.sonoraenequipo.com.mx\/#\/schema\/person\/50102df0fb23a8fa9e8effad8fa81386\",\"name\":\"enequipo\",\"image\":{\"@type\":\"ImageObject\",\"inLanguage\":\"es\",\"@id\":\"https:\/\/www.sonoraenequipo.com.mx\/#\/schema\/person\/image\/\",\"url\":\"https:\/\/secure.gravatar.com\/avatar\/049821681b589dabc0bc20695993ccebb09f5b5d4d790cd9251b97faac7c652b?s=96&d=blank&r=g\",\"contentUrl\":\"https:\/\/secure.gravatar.com\/avatar\/049821681b589dabc0bc20695993ccebb09f5b5d4d790cd9251b97faac7c652b?s=96&d=blank&r=g\",\"caption\":\"enequipo\"},\"sameAs\":[\"https:\/\/www.facebook.com\/SonoraEE\"]}]}<\/script>\n ","yoast_head_json":{"title":"Sonora en Equipo. Atrae Plan Sonora inter\u00e9s internacional por centros log\u00edsticos estrat\u00e9gicos: Alfonso Durazo MUNDO","description":"DAVOS, SUIZA. \u2014 A fin de concretar alianzas con inversionistas del Medio Oriente y sumar esfuerzos que beneficien al desarrollo de la entidad, el En Sonora en Equipo publicamos toda la informaci\u00f3n de Sonora, M\u00e9xico y el Mundo de manera oportuna y busca que la libertad de expresi\u00f3n sea real. Visita nuestro medio informativo publicado desde Hermosillo, Sonora. %","robots":{"index":"index","follow":"follow","max-snippet":"max-snippet:-1","max-image-preview":"max-image-preview:large","max-video-preview":"max-video-preview:-1"},"canonical":"https:\/\/www.sonoraenequipo.com.mx\/atrae-plan-sonora-interes-internacional-por-centros-logisticos-estrategicos-alfonso-durazo\/","og_locale":"es_ES","og_type":"article","og_title":"Sonora en Equipo. Atrae Plan Sonora inter\u00e9s internacional por centros log\u00edsticos estrat\u00e9gicos: Alfonso Durazo MUNDO","og_description":"DAVOS, SUIZA. \u2014 A fin de concretar alianzas con inversionistas del Medio Oriente y sumar esfuerzos que beneficien al desarrollo de la entidad, el En Sonora en Equipo publicamos toda la informaci\u00f3n de Sonora, M\u00e9xico y el Mundo de manera oportuna y busca que la libertad de expresi\u00f3n sea real. Visita nuestro medio informativo publicado desde Hermosillo, Sonora. %","og_url":"https:\/\/www.sonoraenequipo.com.mx\/atrae-plan-sonora-interes-internacional-por-centros-logisticos-estrategicos-alfonso-durazo\/","og_site_name":"Sonora en Equipo.","article_publisher":"https:\/\/www.facebook.com\/SonoraEE\/","article_author":"https:\/\/www.facebook.com\/SonoraEE","article_published_time":"2024-01-17T03:00:16+00:00","og_image":[{"width":1393,"height":828,"url":"https:\/\/www.sonoraenequipo.com.mx\/storage\/2024\/01\/gobernador-Alfonso-Durazo-min.jpeg","type":"image\/jpeg"}],"author":"enequipo","twitter_card":"summary_large_image","twitter_creator":"@sonoraenequipo","twitter_site":"@sonoraenequipo","twitter_misc":{"Escrito por":"enequipo","Tiempo de lectura":"2 minutos"},"schema":{"@context":"https:\/\/schema.org","@graph":[{"@type":"Article","@id":"https:\/\/www.sonoraenequipo.com.mx\/atrae-plan-sonora-interes-internacional-por-centros-logisticos-estrategicos-alfonso-durazo\/#article","isPartOf":{"@id":"https:\/\/www.sonoraenequipo.com.mx\/atrae-plan-sonora-interes-internacional-por-centros-logisticos-estrategicos-alfonso-durazo\/"},"author":{"name":"enequipo","@id":"https:\/\/www.sonoraenequipo.com.mx\/#\/schema\/person\/50102df0fb23a8fa9e8effad8fa81386"},"headline":"Atrae Plan Sonora inter\u00e9s internacional por centros log\u00edsticos estrat\u00e9gicos: Alfonso Durazo","datePublished":"2024-01-17T03:00:16+00:00","mainEntityOfPage":{"@id":"https:\/\/www.sonoraenequipo.com.mx\/atrae-plan-sonora-interes-internacional-por-centros-logisticos-estrategicos-alfonso-durazo\/"},"wordCount":315,"commentCount":0,"publisher":{"@id":"https:\/\/www.sonoraenequipo.com.mx\/#organization"},"image":{"@id":"https:\/\/www.sonoraenequipo.com.mx\/atrae-plan-sonora-interes-internacional-por-centros-logisticos-estrategicos-alfonso-durazo\/#primaryimage"},"thumbnailUrl":"https:\/\/www.sonoraenequipo.com.mx\/storage\/2024\/01\/gobernador-Alfonso-Durazo-min.jpeg","articleSection":["MUNDO"],"inLanguage":"es","potentialAction":[{"@type":"CommentAction","name":"Comment","target":["https:\/\/www.sonoraenequipo.com.mx\/atrae-plan-sonora-interes-internacional-por-centros-logisticos-estrategicos-alfonso-durazo\/#respond"]}]},{"@type":"WebPage","@id":"https:\/\/www.sonoraenequipo.com.mx\/atrae-plan-sonora-interes-internacional-por-centros-logisticos-estrategicos-alfonso-durazo\/","url":"https:\/\/www.sonoraenequipo.com.mx\/atrae-plan-sonora-interes-internacional-por-centros-logisticos-estrategicos-alfonso-durazo\/","name":"Sonora en Equipo. Atrae Plan Sonora inter\u00e9s internacional por centros log\u00edsticos estrat\u00e9gicos: Alfonso Durazo MUNDO","isPartOf":{"@id":"https:\/\/www.sonoraenequipo.com.mx\/#website"},"primaryImageOfPage":{"@id":"https:\/\/www.sonoraenequipo.com.mx\/atrae-plan-sonora-interes-internacional-por-centros-logisticos-estrategicos-alfonso-durazo\/#primaryimage"},"image":{"@id":"https:\/\/www.sonoraenequipo.com.mx\/atrae-plan-sonora-interes-internacional-por-centros-logisticos-estrategicos-alfonso-durazo\/#primaryimage"},"thumbnailUrl":"https:\/\/www.sonoraenequipo.com.mx\/storage\/2024\/01\/gobernador-Alfonso-Durazo-min.jpeg","datePublished":"2024-01-17T03:00:16+00:00","description":"DAVOS, SUIZA. \u2014 A fin de concretar alianzas con inversionistas del Medio Oriente y sumar esfuerzos que beneficien al desarrollo de la entidad, el En Sonora en Equipo publicamos toda la informaci\u00f3n de Sonora, M\u00e9xico y el Mundo de manera oportuna y busca que la libertad de expresi\u00f3n sea real. Visita nuestro medio informativo publicado desde Hermosillo, Sonora. %","breadcrumb":{"@id":"https:\/\/www.sonoraenequipo.com.mx\/atrae-plan-sonora-interes-internacional-por-centros-logisticos-estrategicos-alfonso-durazo\/#breadcrumb"},"inLanguage":"es","potentialAction":[{"@type":"ReadAction","target":["https:\/\/www.sonoraenequipo.com.mx\/atrae-plan-sonora-interes-internacional-por-centros-logisticos-estrategicos-alfonso-durazo\/"]}]},{"@type":"ImageObject","inLanguage":"es","@id":"https:\/\/www.sonoraenequipo.com.mx\/atrae-plan-sonora-interes-internacional-por-centros-logisticos-estrategicos-alfonso-durazo\/#primaryimage","url":"https:\/\/www.sonoraenequipo.com.mx\/storage\/2024\/01\/gobernador-Alfonso-Durazo-min.jpeg","contentUrl":"https:\/\/www.sonoraenequipo.com.mx\/storage\/2024\/01\/gobernador-Alfonso-Durazo-min.jpeg","width":1393,"height":828},{"@type":"BreadcrumbList","@id":"https:\/\/www.sonoraenequipo.com.mx\/atrae-plan-sonora-interes-internacional-por-centros-logisticos-estrategicos-alfonso-durazo\/#breadcrumb","itemListElement":[{"@type":"ListItem","position":1,"name":"Portada","item":"https:\/\/www.sonoraenequipo.com.mx\/"},{"@type":"ListItem","position":2,"name":"Atrae Plan Sonora inter\u00e9s internacional por centros log\u00edsticos estrat\u00e9gicos: Alfonso Durazo"}]},{"@type":"WebSite","@id":"https:\/\/www.sonoraenequipo.com.mx\/#website","url":"https:\/\/www.sonoraenequipo.com.mx\/","name":"Sonora en Equipo.","description":"Diario en l\u00ednea con Noticias desde Hermosillo, Sonora","publisher":{"@id":"https:\/\/www.sonoraenequipo.com.mx\/#organization"},"potentialAction":[{"@type":"SearchAction","target":{"@type":"EntryPoint","urlTemplate":"https:\/\/www.sonoraenequipo.com.mx\/?s={search_term_string}"},"query-input":{"@type":"PropertyValueSpecification","valueRequired":true,"valueName":"search_term_string"}}],"inLanguage":"es"},{"@type":"Organization","@id":"https:\/\/www.sonoraenequipo.com.mx\/#organization","name":"Sonoraenequipo.com.mx","url":"https:\/\/www.sonoraenequipo.com.mx\/","logo":{"@type":"ImageObject","inLanguage":"es","@id":"https:\/\/www.sonoraenequipo.com.mx\/#\/schema\/logo\/image\/","url":"https:\/\/www.sonoraenequipo.com.mx\/storage\/2019\/01\/sonoraenequipo_opt.png","contentUrl":"https:\/\/www.sonoraenequipo.com.mx\/storage\/2019\/01\/sonoraenequipo_opt.png","width":375,"height":125,"caption":"Sonoraenequipo.com.mx"},"image":{"@id":"https:\/\/www.sonoraenequipo.com.mx\/#\/schema\/logo\/image\/"},"sameAs":["https:\/\/www.facebook.com\/SonoraEE\/","https:\/\/x.com\/sonoraenequipo","https:\/\/www.youtube.com\/channel\/UC338nW-lPEYmJQs4ZABQ1SQ"]},{"@type":"Person","@id":"https:\/\/www.sonoraenequipo.com.mx\/#\/schema\/person\/50102df0fb23a8fa9e8effad8fa81386","name":"enequipo","image":{"@type":"ImageObject","inLanguage":"es","@id":"https:\/\/www.sonoraenequipo.com.mx\/#\/schema\/person\/image\/","url":"https:\/\/secure.gravatar.com\/avatar\/049821681b589dabc0bc20695993ccebb09f5b5d4d790cd9251b97faac7c652b?s=96&d=blank&r=g","contentUrl":"https:\/\/secure.gravatar.com\/avatar\/049821681b589dabc0bc20695993ccebb09f5b5d4d790cd9251b97faac7c652b?s=96&d=blank&r=g","caption":"enequipo"},"sameAs":["https:\/\/www.facebook.com\/SonoraEE"]}]}},"jetpack_featured_media_url":"https:\/\/www.sonoraenequipo.com.mx\/storage\/2024\/01\/gobernador-Alfonso-Durazo-min.jpeg","_links":{"self":[{"href":"https:\/\/www.sonoraenequipo.com.mx\/api\/wp\/v2\/posts\/181934","targetHints":{"allow":["GET"]}}],"collection":[{"href":"https:\/\/www.sonoraenequipo.com.mx\/api\/wp\/v2\/posts"}],"about":[{"href":"https:\/\/www.sonoraenequipo.com.mx\/api\/wp\/v2\/types\/post"}],"author":[{"embeddable":true,"href":"https:\/\/www.sonoraenequipo.com.mx\/api\/wp\/v2\/users\/1"}],"replies":[{"embeddable":true,"href":"https:\/\/www.sonoraenequipo.com.mx\/api\/wp\/v2\/comments?post=181934"}],"version-history":[{"count":1,"href":"https:\/\/www.sonoraenequipo.com.mx\/api\/wp\/v2\/posts\/181934\/revisions"}],"predecessor-version":[{"id":181936,"href":"https:\/\/www.sonoraenequipo.com.mx\/api\/wp\/v2\/posts\/181934\/revisions\/181936"}],"wp:featuredmedia":[{"embeddable":true,"href":"https:\/\/www.sonoraenequipo.com.mx\/api\/wp\/v2\/media\/181935"}],"wp:attachment":[{"href":"https:\/\/www.sonoraenequipo.com.mx\/api\/wp\/v2\/media?parent=181934"}],"wp:term":[{"taxonomy":"category","embeddable":true,"href":"https:\/\/www.sonoraenequipo.com.mx\/api\/wp\/v2\/categories?post=181934"},{"taxonomy":"post_tag","embeddable":true,"href":"https:\/\/www.sonoraenequipo.com.mx\/api\/wp\/v2\/tags?post=181934"}],"curies":[{"name":"wp","href":"https:\/\/api.w.org\/{rel}","templated":true}]}}