{"id":182010,"date":"2024-01-18T09:35:41","date_gmt":"2024-01-18T16:35:41","guid":{"rendered":"https:\/\/www.sonoraenequipo.com.mx\/?p=182010"},"modified":"2024-01-18T19:06:04","modified_gmt":"2024-01-19T02:06:04","slug":"presidente-anuncia-reforma-para-desaparecer-organismos-autonomos-que-defienden-intereses-de-particulares","status":"publish","type":"post","link":"https:\/\/www.sonoraenequipo.com.mx\/presidente-anuncia-reforma-para-desaparecer-organismos-autonomos-que-defienden-intereses-de-particulares\/","title":{"rendered":"Presidente anuncia reforma para desaparecer organismos aut\u00f3nomos que defienden intereses de particulares"},"content":{"rendered":"<p><strong>CIUDAD DE M\u00c9XICO. MX. \u2014<\/strong> El presidente Andr\u00e9s Manuel L\u00f3pez Obrador anunci\u00f3 que enviar\u00e1 al Poder Legislativo una reforma a la Constituci\u00f3n para desaparecer organismos creados durante el periodo neoliberal, dedicados a proteger los intereses de particulares y no los del pueblo de M\u00e9xico.<\/p>\n<p>&nbsp;<\/p>\n<p> <br \/>\nLa extinci\u00f3n generar\u00e1 ahorros que se canalizar\u00e1n en la atenci\u00f3n de las necesidades de la poblaci\u00f3n, por ejemplo el pago de pensiones completas si se aprueba la iniciativa de reforma a las leyes del Instituto Mexicano del Seguro Social (IMSS) y del Instituto de Seguridad y Servicios Sociales de los Trabajadores del Estado (ISSSTE), resalt\u00f3 en conferencia de prensa matutina.<\/p>\n<p>&nbsp;<\/p>\n<p><strong><em>\u201cImag\u00ednense lo que nos vamos a ahorrar porque no vamos a seguir manteniendo esos organismos facciosos, onerosos, antipopulares\u201d,<\/em><\/strong> abund\u00f3 el mandatario.<\/p>\n<p>&nbsp;<\/p>\n<p>En sexenios anteriores, explic\u00f3, se modific\u00f3 la Constituci\u00f3n Pol\u00edtica a fin de legalizar y justificar el traslado de bienes de la naci\u00f3n a particulares y a empresas extranjeras.<\/p>\n<p>&nbsp;<\/p>\n<p><em><strong>\u201cAunque ya hemos hecho algunas, voy a presentar nuevas reformas para modificar art\u00edculos que se aprobaron en contra del inter\u00e9s de los mexicanos, reformas que se hicieron en el periodo neoliberal, en los \u00faltimos 36 a\u00f1os, para favorecer s\u00f3lo a particulares, pero no qued\u00f3 en eso nada m\u00e1s, crearon su gobierno porque necesitaban protegerse y por eso constituyeron todos estos organismos supuestamente aut\u00f3nomos en donde tiene m\u00e1s peso lo privado, lo particular, que lo p\u00fablico\u201d<\/strong><\/em>, refiri\u00f3.<\/p>\n<p>&nbsp;<\/p>\n<p><em><strong>\u201cComo ya cambi\u00f3 la pol\u00edtica, ya no queremos ese poder f\u00e1ctico, dual, paralelo. No queremos un poder formal y uno real, uno de hecho, como era antes, y otro de derecho. Ya no. Entonces, en la reforma que estoy planteando, estoy proponiendo que desaparezcan todos estos organismos porque todo fue una farsa y utilizaron como excusa de que no deb\u00eda haber monopolios\u201d,<\/strong> <\/em>agreg\u00f3.<\/p>\n<p>&nbsp;<\/p>\n<p>El jefe del Ejecutivo cuestion\u00f3 la actuaci\u00f3n de los organismos aut\u00f3nomos que no investigan los ramos privados de producci\u00f3n y fallan contra Petr\u00f3leos Mexicanos (Pemex) y la Comisi\u00f3n Federal de Electricidad (CFE), empresas p\u00fablicas.<\/p>\n<p>&nbsp;<\/p>\n<p><em><strong>\u201c\u00bfSe meten con los monopolios del cemento? No, \u00bfse meten con los monopolios de las comunicaciones? No, \u00bfse meten con los monopolios de los bancos? No. Ah\u00ed no hay agentes, como ellos llaman, preponderantes. Nada m\u00e1s es Mexicana, que apenas va emprendiendo el vuelo y ya quieren pararla, o la Comisi\u00f3n Federal (de Electricidad) que estamos rescatando o Pemex. Pero no nos vamos a dejar. (\u2026) Nosotros tambi\u00e9n estamos revisando con lupa lo que hacen estos organismos\u201d,<\/strong><\/em> asegur\u00f3.<\/p>\n<p>&nbsp;<\/p>\n<p>La iniciativa de reforma estar\u00e1 en el paquete que presentar\u00e1 el presidente el 5 de febrero desde Palacio Nacional y enviar\u00e1 al Poder Legislativo.<\/p>\n<p>&nbsp;<\/p>\n<p>Presidente analiza elevar a rango constitucional salario de maestras y maestros<\/p>\n<p>&nbsp;<\/p>\n<p>Ante representantes de medios de comunicaci\u00f3n, el jefe del Ejecutivo detall\u00f3 que analiza elevar a rango constitucional el salario m\u00ednimo de maestras y maestros estatales y trabajadores administrativos.<\/p>\n<p>&nbsp;<\/p>\n<p>Dialogar\u00e1 sobre este asunto con gobernadoras y gobernadores. En las reuniones revisar\u00e1n la situaci\u00f3n magisterial, incluyendo a profesores por asignatura.<\/p>\n<p>&nbsp;<\/p>\n<p><em><strong>\u201cEstamos analizando si podemos elevar lo del salario m\u00ednimo para maestras y maestros a rango constitucional, pero es complejo porque no se trata de poner en la Constituci\u00f3n, principios o criterios o establecer normas que no se van a cumplir; se quedan los art\u00edculos como letra muerta. (\u2026) Yo no quiero eso\u201d, a<\/strong><\/em>sever\u00f3.<\/p>\n<p>&nbsp;<\/p>\n<p><em><strong>\u201cEn estos d\u00edas estamos analiz\u00e1ndolo porque tambi\u00e9n no queremos dejar una carga al pr\u00f3ximo gobierno, que no tengan m\u00e1rgenes y tengan que recurrir a deuda o aumentar impuestos para financiar el gasto, no. S\u00ed hay cosas que son fundamentales, por ejemplo, esto de las pensiones, eso s\u00ed es un compromiso que vamos a cumplir y otros, desde luego, pero cuidando que no se comprometan recursos m\u00e1s all\u00e1 de la capacidad de ingresos que tiene el pa\u00eds\u201d<\/strong><\/em>, enfatiz\u00f3 en el Sal\u00f3n de la Tesorer\u00eda de Palacio Nacional.<\/p>\n<p>&nbsp;<\/p>\n<p>Como resultado de una inversi\u00f3n extraordinaria de 40 mil millones de pesos, maestras y maestros del sistema federal obtienen un salario m\u00ednimo promedio de 16 mil 390 pesos, acorde al que reciben 22 millones de trabajadores inscritos ante el IMSS. Casi un mill\u00f3n de trabajadores educativos ha sido basificados, lo que les garantiza certeza laboral.<\/p>\n<p>&nbsp;<\/p>\n<p>&nbsp;<\/p>\n<p>PUBLICADO EL 18 ENERO DE 2024\/ Con informaci\u00f3n de Conferencia matutina presidencial)<\/p>\n","protected":false},"excerpt":{"rendered":"<p>CIUDAD DE M\u00c9XICO. MX. \u2014 El presidente Andr\u00e9s Manuel L\u00f3pez Obrador anunci\u00f3 que enviar\u00e1 al&#8230;<\/p>\n","protected":false},"author":1,"featured_media":181998,"comment_status":"open","ping_status":"open","sticky":false,"template":"","format":"standard","meta":{"_monsterinsights_skip_tracking":false,"_monsterinsights_sitenote_active":false,"_monsterinsights_sitenote_note":"","_monsterinsights_sitenote_category":0,"footnotes":""},"categories":[5],"tags":[],"class_list":["post"],"yoast_head":" \n<title>Sonora en Equipo. Presidente anuncia reforma para desaparecer organismos aut\u00f3nomos que defienden intereses de particulares Rep\u00fablica<\/title>\n<meta name=\"description\" content=\"CIUDAD DE M\u00c9XICO. MX. \u2014 El presidente Andr\u00e9s Manuel L\u00f3pez Obrador anunci\u00f3 que enviar\u00e1 al Poder Legislativo una reforma a la Constituci\u00f3n para desaparecer En Sonora en Equipo publicamos toda la informaci\u00f3n de Sonora, M\u00e9xico y el Mundo de manera oportuna y busca que la libertad de expresi\u00f3n sea real. Visita nuestro medio informativo publicado desde Hermosillo, Sonora. %\" \/>\n<meta name=\"robots\" content=\"index, follow, max-snippet:-1, max-image-preview:large, max-video-preview:-1\" \/>\n<link rel=\"canonical\" href=\"https:\/\/www.sonoraenequipo.com.mx\/presidente-anuncia-reforma-para-desaparecer-organismos-autonomos-que-defienden-intereses-de-particulares\/\" \/>\n<meta property=\"og:locale\" content=\"es_ES\" \/>\n<meta property=\"og:type\" content=\"article\" \/>\n<meta property=\"og:title\" content=\"Sonora en Equipo. Presidente anuncia reforma para desaparecer organismos aut\u00f3nomos que defienden intereses de particulares Rep\u00fablica\" \/>\n<meta property=\"og:description\" content=\"CIUDAD DE M\u00c9XICO. MX. \u2014 El presidente Andr\u00e9s Manuel L\u00f3pez Obrador anunci\u00f3 que enviar\u00e1 al Poder Legislativo una reforma a la Constituci\u00f3n para desaparecer En Sonora en Equipo publicamos toda la informaci\u00f3n de Sonora, M\u00e9xico y el Mundo de manera oportuna y busca que la libertad de expresi\u00f3n sea real. Visita nuestro medio informativo publicado desde Hermosillo, Sonora. %\" \/>\n<meta property=\"og:url\" content=\"https:\/\/www.sonoraenequipo.com.mx\/presidente-anuncia-reforma-para-desaparecer-organismos-autonomos-que-defienden-intereses-de-particulares\/\" \/>\n<meta property=\"og:site_name\" content=\"Sonora en Equipo.\" \/>\n<meta property=\"article:publisher\" content=\"https:\/\/www.facebook.com\/SonoraEE\/\" \/>\n<meta property=\"article:author\" content=\"https:\/\/www.facebook.com\/SonoraEE\" \/>\n<meta property=\"article:published_time\" content=\"2024-01-18T16:35:41+00:00\" \/>\n<meta property=\"article:modified_time\" content=\"2024-01-19T02:06:04+00:00\" \/>\n<meta property=\"og:image\" content=\"https:\/\/www.sonoraenequipo.com.mx\/storage\/2024\/01\/AMLO-1801.2024.G...-min.jpg\" \/>\n\t<meta property=\"og:image:width\" content=\"900\" \/>\n\t<meta property=\"og:image:height\" content=\"526\" \/>\n\t<meta property=\"og:image:type\" content=\"image\/jpeg\" \/>\n<meta name=\"author\" content=\"enequipo\" \/>\n<meta name=\"twitter:card\" content=\"summary_large_image\" \/>\n<meta name=\"twitter:creator\" content=\"@sonoraenequipo\" \/>\n<meta name=\"twitter:site\" content=\"@sonoraenequipo\" \/>\n<meta name=\"twitter:label1\" content=\"Escrito por\" \/>\n\t<meta name=\"twitter:data1\" content=\"enequipo\" \/>\n\t<meta name=\"twitter:label2\" content=\"Tiempo de lectura\" \/>\n\t<meta name=\"twitter:data2\" content=\"4 minutos\" \/>\n<script type=\"application\/ld+json\" class=\"yoast-schema-graph\">{\"@context\":\"https:\/\/schema.org\",\"@graph\":[{\"@type\":\"Article\",\"@id\":\"https:\/\/www.sonoraenequipo.com.mx\/presidente-anuncia-reforma-para-desaparecer-organismos-autonomos-que-defienden-intereses-de-particulares\/#article\",\"isPartOf\":{\"@id\":\"https:\/\/www.sonoraenequipo.com.mx\/presidente-anuncia-reforma-para-desaparecer-organismos-autonomos-que-defienden-intereses-de-particulares\/\"},\"author\":{\"name\":\"enequipo\",\"@id\":\"https:\/\/www.sonoraenequipo.com.mx\/#\/schema\/person\/50102df0fb23a8fa9e8effad8fa81386\"},\"headline\":\"Presidente anuncia reforma para desaparecer organismos aut\u00f3nomos que defienden intereses de particulares\",\"datePublished\":\"2024-01-18T16:35:41+00:00\",\"dateModified\":\"2024-01-19T02:06:04+00:00\",\"mainEntityOfPage\":{\"@id\":\"https:\/\/www.sonoraenequipo.com.mx\/presidente-anuncia-reforma-para-desaparecer-organismos-autonomos-que-defienden-intereses-de-particulares\/\"},\"wordCount\":765,\"commentCount\":0,\"publisher\":{\"@id\":\"https:\/\/www.sonoraenequipo.com.mx\/#organization\"},\"image\":{\"@id\":\"https:\/\/www.sonoraenequipo.com.mx\/presidente-anuncia-reforma-para-desaparecer-organismos-autonomos-que-defienden-intereses-de-particulares\/#primaryimage\"},\"thumbnailUrl\":\"https:\/\/www.sonoraenequipo.com.mx\/storage\/2024\/01\/AMLO-1801.2024.G...-min.jpg\",\"articleSection\":[\"Rep\u00fablica\"],\"inLanguage\":\"es\",\"potentialAction\":[{\"@type\":\"CommentAction\",\"name\":\"Comment\",\"target\":[\"https:\/\/www.sonoraenequipo.com.mx\/presidente-anuncia-reforma-para-desaparecer-organismos-autonomos-que-defienden-intereses-de-particulares\/#respond\"]}]},{\"@type\":\"WebPage\",\"@id\":\"https:\/\/www.sonoraenequipo.com.mx\/presidente-anuncia-reforma-para-desaparecer-organismos-autonomos-que-defienden-intereses-de-particulares\/\",\"url\":\"https:\/\/www.sonoraenequipo.com.mx\/presidente-anuncia-reforma-para-desaparecer-organismos-autonomos-que-defienden-intereses-de-particulares\/\",\"name\":\"Sonora en Equipo. Presidente anuncia reforma para desaparecer organismos aut\u00f3nomos que defienden intereses de particulares Rep\u00fablica\",\"isPartOf\":{\"@id\":\"https:\/\/www.sonoraenequipo.com.mx\/#website\"},\"primaryImageOfPage\":{\"@id\":\"https:\/\/www.sonoraenequipo.com.mx\/presidente-anuncia-reforma-para-desaparecer-organismos-autonomos-que-defienden-intereses-de-particulares\/#primaryimage\"},\"image\":{\"@id\":\"https:\/\/www.sonoraenequipo.com.mx\/presidente-anuncia-reforma-para-desaparecer-organismos-autonomos-que-defienden-intereses-de-particulares\/#primaryimage\"},\"thumbnailUrl\":\"https:\/\/www.sonoraenequipo.com.mx\/storage\/2024\/01\/AMLO-1801.2024.G...-min.jpg\",\"datePublished\":\"2024-01-18T16:35:41+00:00\",\"dateModified\":\"2024-01-19T02:06:04+00:00\",\"description\":\"CIUDAD DE M\u00c9XICO. MX. \u2014 El presidente Andr\u00e9s Manuel L\u00f3pez Obrador anunci\u00f3 que enviar\u00e1 al Poder Legislativo una reforma a la Constituci\u00f3n para desaparecer En Sonora en Equipo publicamos toda la informaci\u00f3n de Sonora, M\u00e9xico y el Mundo de manera oportuna y busca que la libertad de expresi\u00f3n sea real. Visita nuestro medio informativo publicado desde Hermosillo, Sonora. %\",\"breadcrumb\":{\"@id\":\"https:\/\/www.sonoraenequipo.com.mx\/presidente-anuncia-reforma-para-desaparecer-organismos-autonomos-que-defienden-intereses-de-particulares\/#breadcrumb\"},\"inLanguage\":\"es\",\"potentialAction\":[{\"@type\":\"ReadAction\",\"target\":[\"https:\/\/www.sonoraenequipo.com.mx\/presidente-anuncia-reforma-para-desaparecer-organismos-autonomos-que-defienden-intereses-de-particulares\/\"]}]},{\"@type\":\"ImageObject\",\"inLanguage\":\"es\",\"@id\":\"https:\/\/www.sonoraenequipo.com.mx\/presidente-anuncia-reforma-para-desaparecer-organismos-autonomos-que-defienden-intereses-de-particulares\/#primaryimage\",\"url\":\"https:\/\/www.sonoraenequipo.com.mx\/storage\/2024\/01\/AMLO-1801.2024.G...-min.jpg\",\"contentUrl\":\"https:\/\/www.sonoraenequipo.com.mx\/storage\/2024\/01\/AMLO-1801.2024.G...-min.jpg\",\"width\":900,\"height\":526},{\"@type\":\"BreadcrumbList\",\"@id\":\"https:\/\/www.sonoraenequipo.com.mx\/presidente-anuncia-reforma-para-desaparecer-organismos-autonomos-que-defienden-intereses-de-particulares\/#breadcrumb\",\"itemListElement\":[{\"@type\":\"ListItem\",\"position\":1,\"name\":\"Portada\",\"item\":\"https:\/\/www.sonoraenequipo.com.mx\/\"},{\"@type\":\"ListItem\",\"position\":2,\"name\":\"Presidente anuncia reforma para desaparecer organismos aut\u00f3nomos que defienden intereses de particulares\"}]},{\"@type\":\"WebSite\",\"@id\":\"https:\/\/www.sonoraenequipo.com.mx\/#website\",\"url\":\"https:\/\/www.sonoraenequipo.com.mx\/\",\"name\":\"Sonora en Equipo.\",\"description\":\"Diario en l\u00ednea con Noticias desde Hermosillo, Sonora\",\"publisher\":{\"@id\":\"https:\/\/www.sonoraenequipo.com.mx\/#organization\"},\"potentialAction\":[{\"@type\":\"SearchAction\",\"target\":{\"@type\":\"EntryPoint\",\"urlTemplate\":\"https:\/\/www.sonoraenequipo.com.mx\/?s={search_term_string}\"},\"query-input\":{\"@type\":\"PropertyValueSpecification\",\"valueRequired\":true,\"valueName\":\"search_term_string\"}}],\"inLanguage\":\"es\"},{\"@type\":\"Organization\",\"@id\":\"https:\/\/www.sonoraenequipo.com.mx\/#organization\",\"name\":\"Sonoraenequipo.com.mx\",\"url\":\"https:\/\/www.sonoraenequipo.com.mx\/\",\"logo\":{\"@type\":\"ImageObject\",\"inLanguage\":\"es\",\"@id\":\"https:\/\/www.sonoraenequipo.com.mx\/#\/schema\/logo\/image\/\",\"url\":\"https:\/\/www.sonoraenequipo.com.mx\/storage\/2019\/01\/sonoraenequipo_opt.png\",\"contentUrl\":\"https:\/\/www.sonoraenequipo.com.mx\/storage\/2019\/01\/sonoraenequipo_opt.png\",\"width\":375,\"height\":125,\"caption\":\"Sonoraenequipo.com.mx\"},\"image\":{\"@id\":\"https:\/\/www.sonoraenequipo.com.mx\/#\/schema\/logo\/image\/\"},\"sameAs\":[\"https:\/\/www.facebook.com\/SonoraEE\/\",\"https:\/\/x.com\/sonoraenequipo\",\"https:\/\/www.youtube.com\/channel\/UC338nW-lPEYmJQs4ZABQ1SQ\"]},{\"@type\":\"Person\",\"@id\":\"https:\/\/www.sonoraenequipo.com.mx\/#\/schema\/person\/50102df0fb23a8fa9e8effad8fa81386\",\"name\":\"enequipo\",\"image\":{\"@type\":\"ImageObject\",\"inLanguage\":\"es\",\"@id\":\"https:\/\/www.sonoraenequipo.com.mx\/#\/schema\/person\/image\/\",\"url\":\"https:\/\/secure.gravatar.com\/avatar\/049821681b589dabc0bc20695993ccebb09f5b5d4d790cd9251b97faac7c652b?s=96&d=blank&r=g\",\"contentUrl\":\"https:\/\/secure.gravatar.com\/avatar\/049821681b589dabc0bc20695993ccebb09f5b5d4d790cd9251b97faac7c652b?s=96&d=blank&r=g\",\"caption\":\"enequipo\"},\"sameAs\":[\"https:\/\/www.facebook.com\/SonoraEE\"]}]}<\/script>\n ","yoast_head_json":{"title":"Sonora en Equipo. Presidente anuncia reforma para desaparecer organismos aut\u00f3nomos que defienden intereses de particulares Rep\u00fablica","description":"CIUDAD DE M\u00c9XICO. MX. \u2014 El presidente Andr\u00e9s Manuel L\u00f3pez Obrador anunci\u00f3 que enviar\u00e1 al Poder Legislativo una reforma a la Constituci\u00f3n para desaparecer En Sonora en Equipo publicamos toda la informaci\u00f3n de Sonora, M\u00e9xico y el Mundo de manera oportuna y busca que la libertad de expresi\u00f3n sea real. Visita nuestro medio informativo publicado desde Hermosillo, Sonora. %","robots":{"index":"index","follow":"follow","max-snippet":"max-snippet:-1","max-image-preview":"max-image-preview:large","max-video-preview":"max-video-preview:-1"},"canonical":"https:\/\/www.sonoraenequipo.com.mx\/presidente-anuncia-reforma-para-desaparecer-organismos-autonomos-que-defienden-intereses-de-particulares\/","og_locale":"es_ES","og_type":"article","og_title":"Sonora en Equipo. Presidente anuncia reforma para desaparecer organismos aut\u00f3nomos que defienden intereses de particulares Rep\u00fablica","og_description":"CIUDAD DE M\u00c9XICO. MX. \u2014 El presidente Andr\u00e9s Manuel L\u00f3pez Obrador anunci\u00f3 que enviar\u00e1 al Poder Legislativo una reforma a la Constituci\u00f3n para desaparecer En Sonora en Equipo publicamos toda la informaci\u00f3n de Sonora, M\u00e9xico y el Mundo de manera oportuna y busca que la libertad de expresi\u00f3n sea real. Visita nuestro medio informativo publicado desde Hermosillo, Sonora. %","og_url":"https:\/\/www.sonoraenequipo.com.mx\/presidente-anuncia-reforma-para-desaparecer-organismos-autonomos-que-defienden-intereses-de-particulares\/","og_site_name":"Sonora en Equipo.","article_publisher":"https:\/\/www.facebook.com\/SonoraEE\/","article_author":"https:\/\/www.facebook.com\/SonoraEE","article_published_time":"2024-01-18T16:35:41+00:00","article_modified_time":"2024-01-19T02:06:04+00:00","og_image":[{"width":900,"height":526,"url":"https:\/\/www.sonoraenequipo.com.mx\/storage\/2024\/01\/AMLO-1801.2024.G...-min.jpg","type":"image\/jpeg"}],"author":"enequipo","twitter_card":"summary_large_image","twitter_creator":"@sonoraenequipo","twitter_site":"@sonoraenequipo","twitter_misc":{"Escrito por":"enequipo","Tiempo de lectura":"4 minutos"},"schema":{"@context":"https:\/\/schema.org","@graph":[{"@type":"Article","@id":"https:\/\/www.sonoraenequipo.com.mx\/presidente-anuncia-reforma-para-desaparecer-organismos-autonomos-que-defienden-intereses-de-particulares\/#article","isPartOf":{"@id":"https:\/\/www.sonoraenequipo.com.mx\/presidente-anuncia-reforma-para-desaparecer-organismos-autonomos-que-defienden-intereses-de-particulares\/"},"author":{"name":"enequipo","@id":"https:\/\/www.sonoraenequipo.com.mx\/#\/schema\/person\/50102df0fb23a8fa9e8effad8fa81386"},"headline":"Presidente anuncia reforma para desaparecer organismos aut\u00f3nomos que defienden intereses de particulares","datePublished":"2024-01-18T16:35:41+00:00","dateModified":"2024-01-19T02:06:04+00:00","mainEntityOfPage":{"@id":"https:\/\/www.sonoraenequipo.com.mx\/presidente-anuncia-reforma-para-desaparecer-organismos-autonomos-que-defienden-intereses-de-particulares\/"},"wordCount":765,"commentCount":0,"publisher":{"@id":"https:\/\/www.sonoraenequipo.com.mx\/#organization"},"image":{"@id":"https:\/\/www.sonoraenequipo.com.mx\/presidente-anuncia-reforma-para-desaparecer-organismos-autonomos-que-defienden-intereses-de-particulares\/#primaryimage"},"thumbnailUrl":"https:\/\/www.sonoraenequipo.com.mx\/storage\/2024\/01\/AMLO-1801.2024.G...-min.jpg","articleSection":["Rep\u00fablica"],"inLanguage":"es","potentialAction":[{"@type":"CommentAction","name":"Comment","target":["https:\/\/www.sonoraenequipo.com.mx\/presidente-anuncia-reforma-para-desaparecer-organismos-autonomos-que-defienden-intereses-de-particulares\/#respond"]}]},{"@type":"WebPage","@id":"https:\/\/www.sonoraenequipo.com.mx\/presidente-anuncia-reforma-para-desaparecer-organismos-autonomos-que-defienden-intereses-de-particulares\/","url":"https:\/\/www.sonoraenequipo.com.mx\/presidente-anuncia-reforma-para-desaparecer-organismos-autonomos-que-defienden-intereses-de-particulares\/","name":"Sonora en Equipo. Presidente anuncia reforma para desaparecer organismos aut\u00f3nomos que defienden intereses de particulares Rep\u00fablica","isPartOf":{"@id":"https:\/\/www.sonoraenequipo.com.mx\/#website"},"primaryImageOfPage":{"@id":"https:\/\/www.sonoraenequipo.com.mx\/presidente-anuncia-reforma-para-desaparecer-organismos-autonomos-que-defienden-intereses-de-particulares\/#primaryimage"},"image":{"@id":"https:\/\/www.sonoraenequipo.com.mx\/presidente-anuncia-reforma-para-desaparecer-organismos-autonomos-que-defienden-intereses-de-particulares\/#primaryimage"},"thumbnailUrl":"https:\/\/www.sonoraenequipo.com.mx\/storage\/2024\/01\/AMLO-1801.2024.G...-min.jpg","datePublished":"2024-01-18T16:35:41+00:00","dateModified":"2024-01-19T02:06:04+00:00","description":"CIUDAD DE M\u00c9XICO. MX. \u2014 El presidente Andr\u00e9s Manuel L\u00f3pez Obrador anunci\u00f3 que enviar\u00e1 al Poder Legislativo una reforma a la Constituci\u00f3n para desaparecer En Sonora en Equipo publicamos toda la informaci\u00f3n de Sonora, M\u00e9xico y el Mundo de manera oportuna y busca que la libertad de expresi\u00f3n sea real. Visita nuestro medio informativo publicado desde Hermosillo, Sonora. %","breadcrumb":{"@id":"https:\/\/www.sonoraenequipo.com.mx\/presidente-anuncia-reforma-para-desaparecer-organismos-autonomos-que-defienden-intereses-de-particulares\/#breadcrumb"},"inLanguage":"es","potentialAction":[{"@type":"ReadAction","target":["https:\/\/www.sonoraenequipo.com.mx\/presidente-anuncia-reforma-para-desaparecer-organismos-autonomos-que-defienden-intereses-de-particulares\/"]}]},{"@type":"ImageObject","inLanguage":"es","@id":"https:\/\/www.sonoraenequipo.com.mx\/presidente-anuncia-reforma-para-desaparecer-organismos-autonomos-que-defienden-intereses-de-particulares\/#primaryimage","url":"https:\/\/www.sonoraenequipo.com.mx\/storage\/2024\/01\/AMLO-1801.2024.G...-min.jpg","contentUrl":"https:\/\/www.sonoraenequipo.com.mx\/storage\/2024\/01\/AMLO-1801.2024.G...-min.jpg","width":900,"height":526},{"@type":"BreadcrumbList","@id":"https:\/\/www.sonoraenequipo.com.mx\/presidente-anuncia-reforma-para-desaparecer-organismos-autonomos-que-defienden-intereses-de-particulares\/#breadcrumb","itemListElement":[{"@type":"ListItem","position":1,"name":"Portada","item":"https:\/\/www.sonoraenequipo.com.mx\/"},{"@type":"ListItem","position":2,"name":"Presidente anuncia reforma para desaparecer organismos aut\u00f3nomos que defienden intereses de particulares"}]},{"@type":"WebSite","@id":"https:\/\/www.sonoraenequipo.com.mx\/#website","url":"https:\/\/www.sonoraenequipo.com.mx\/","name":"Sonora en Equipo.","description":"Diario en l\u00ednea con Noticias desde Hermosillo, Sonora","publisher":{"@id":"https:\/\/www.sonoraenequipo.com.mx\/#organization"},"potentialAction":[{"@type":"SearchAction","target":{"@type":"EntryPoint","urlTemplate":"https:\/\/www.sonoraenequipo.com.mx\/?s={search_term_string}"},"query-input":{"@type":"PropertyValueSpecification","valueRequired":true,"valueName":"search_term_string"}}],"inLanguage":"es"},{"@type":"Organization","@id":"https:\/\/www.sonoraenequipo.com.mx\/#organization","name":"Sonoraenequipo.com.mx","url":"https:\/\/www.sonoraenequipo.com.mx\/","logo":{"@type":"ImageObject","inLanguage":"es","@id":"https:\/\/www.sonoraenequipo.com.mx\/#\/schema\/logo\/image\/","url":"https:\/\/www.sonoraenequipo.com.mx\/storage\/2019\/01\/sonoraenequipo_opt.png","contentUrl":"https:\/\/www.sonoraenequipo.com.mx\/storage\/2019\/01\/sonoraenequipo_opt.png","width":375,"height":125,"caption":"Sonoraenequipo.com.mx"},"image":{"@id":"https:\/\/www.sonoraenequipo.com.mx\/#\/schema\/logo\/image\/"},"sameAs":["https:\/\/www.facebook.com\/SonoraEE\/","https:\/\/x.com\/sonoraenequipo","https:\/\/www.youtube.com\/channel\/UC338nW-lPEYmJQs4ZABQ1SQ"]},{"@type":"Person","@id":"https:\/\/www.sonoraenequipo.com.mx\/#\/schema\/person\/50102df0fb23a8fa9e8effad8fa81386","name":"enequipo","image":{"@type":"ImageObject","inLanguage":"es","@id":"https:\/\/www.sonoraenequipo.com.mx\/#\/schema\/person\/image\/","url":"https:\/\/secure.gravatar.com\/avatar\/049821681b589dabc0bc20695993ccebb09f5b5d4d790cd9251b97faac7c652b?s=96&d=blank&r=g","contentUrl":"https:\/\/secure.gravatar.com\/avatar\/049821681b589dabc0bc20695993ccebb09f5b5d4d790cd9251b97faac7c652b?s=96&d=blank&r=g","caption":"enequipo"},"sameAs":["https:\/\/www.facebook.com\/SonoraEE"]}]}},"jetpack_featured_media_url":"https:\/\/www.sonoraenequipo.com.mx\/storage\/2024\/01\/AMLO-1801.2024.G...-min.jpg","_links":{"self":[{"href":"https:\/\/www.sonoraenequipo.com.mx\/api\/wp\/v2\/posts\/182010","targetHints":{"allow":["GET"]}}],"collection":[{"href":"https:\/\/www.sonoraenequipo.com.mx\/api\/wp\/v2\/posts"}],"about":[{"href":"https:\/\/www.sonoraenequipo.com.mx\/api\/wp\/v2\/types\/post"}],"author":[{"embeddable":true,"href":"https:\/\/www.sonoraenequipo.com.mx\/api\/wp\/v2\/users\/1"}],"replies":[{"embeddable":true,"href":"https:\/\/www.sonoraenequipo.com.mx\/api\/wp\/v2\/comments?post=182010"}],"version-history":[{"count":1,"href":"https:\/\/www.sonoraenequipo.com.mx\/api\/wp\/v2\/posts\/182010\/revisions"}],"predecessor-version":[{"id":182011,"href":"https:\/\/www.sonoraenequipo.com.mx\/api\/wp\/v2\/posts\/182010\/revisions\/182011"}],"wp:featuredmedia":[{"embeddable":true,"href":"https:\/\/www.sonoraenequipo.com.mx\/api\/wp\/v2\/media\/181998"}],"wp:attachment":[{"href":"https:\/\/www.sonoraenequipo.com.mx\/api\/wp\/v2\/media?parent=182010"}],"wp:term":[{"taxonomy":"category","embeddable":true,"href":"https:\/\/www.sonoraenequipo.com.mx\/api\/wp\/v2\/categories?post=182010"},{"taxonomy":"post_tag","embeddable":true,"href":"https:\/\/www.sonoraenequipo.com.mx\/api\/wp\/v2\/tags?post=182010"}],"curies":[{"name":"wp","href":"https:\/\/api.w.org\/{rel}","templated":true}]}}