{"id":182018,"date":"2024-01-18T14:28:27","date_gmt":"2024-01-18T21:28:27","guid":{"rendered":"https:\/\/www.sonoraenequipo.com.mx\/?p=182018"},"modified":"2024-01-18T20:19:34","modified_gmt":"2024-01-19T03:19:34","slug":"factura-sat-movil-ya-emite-facturas-con-complemento-carta-porte","status":"publish","type":"post","link":"https:\/\/www.sonoraenequipo.com.mx\/factura-sat-movil-ya-emite-facturas-con-complemento-carta-porte\/","title":{"rendered":"Factura SAT M\u00f3vil ya emite facturas con complemento Carta Porte"},"content":{"rendered":"<p><strong>CIUDAD DE M\u00c9XICO. MX. \u2014<\/strong> El Servicio de Administraci\u00f3n Tributaria (SAT) liber\u00f3 la versi\u00f3n 2.0 de la aplicaci\u00f3n Factura SAT M\u00f3vil, la cual integra la opci\u00f3n para emitir facturas electr\u00f3nicas con complemento Carta Porte versi\u00f3n 3.0 a trav\u00e9s de dispositivos m\u00f3viles trat\u00e1ndose de servicios de autotransporte, el cual es obligatorio para el traslado de bienes o mercanc\u00edas dentro del territorio nacional.<\/p>\n<p> <\/p>\n<p>Con esta actualizaci\u00f3n, el SAT cumple el compromiso realizado con los peque\u00f1os transportistas de otorgarles una alternativa \u00e1gil y segura para que puedan cumplir con sus obligaciones.<\/p>\n<p>Para facilitar la operaci\u00f3n, la aplicaci\u00f3n genera dos versiones de la representaci\u00f3n impresa, una del Comprobante Fiscal Digital por Internet (CFDI) con el complemento y la Carta Porte independiente de la factura. Los requisitos para hacer uso de la aplicaci\u00f3n Factura SAT M\u00f3vil son:<\/p>\n<p><strong>+ Dispositivo m\u00f3vil con acceso a internet.<\/strong><\/p>\n<p><strong>+ Instalar o actualizar la aplicaci\u00f3n. Disponible en sitios oficiales para dispositivos iOS y Android.<\/strong><\/p>\n<p><strong>+ Contar con Contrase\u00f1a activa.<\/strong><\/p>\n<p><strong>+ Certificado de Sello Digital (CSD) vigente para la emisi\u00f3n de factura. Asimismo, se reitera que la aplicaci\u00f3n Factura SAT M\u00f3vil est\u00e1 disponible de forma gratuita para todos los contribuyentes, la cual permite:<\/strong><\/p>\n<p><strong>+ Generar facturas desde el dispositivo m\u00f3vil los 365 d\u00edas del a\u00f1o. \u2022 Consultar facturas emitidas y recibidas en cualquier momento.<\/strong><\/p>\n<p><strong>+ Timbrar facturas de forma inmediata, las cuales se sellan con el Certificado de Sello Digital (CSD).<\/strong><\/p>\n<p><strong>+ Generar un c\u00f3digo QR con la informaci\u00f3n fiscal del contribuyente para la emisi\u00f3n de facturas de manera m\u00e1s r\u00e1pida.<\/strong><\/p>\n<p>Para m\u00e1s informaci\u00f3n, <strong>visita <a href=\"http:\/\/sat.gob.mx\">sat.gob.mx<\/a><\/strong><\/p>\n<p><a href=\"mailto:serieys@hotmail.com\"><strong>serieys@hotmail.com<\/strong><\/a><\/p>\n<p>PUBLICADO EL 18 ENERO DE 2024\/ Con informaci\u00f3n<\/p>\n","protected":false},"excerpt":{"rendered":"<p>CIUDAD DE M\u00c9XICO. MX. \u2014 El Servicio de Administraci\u00f3n Tributaria (SAT) liber\u00f3 la versi\u00f3n 2.0&#8230;<\/p>\n","protected":false},"author":1,"featured_media":182019,"comment_status":"open","ping_status":"open","sticky":false,"template":"","format":"standard","meta":{"_monsterinsights_skip_tracking":false,"_monsterinsights_sitenote_active":false,"_monsterinsights_sitenote_note":"","_monsterinsights_sitenote_category":0,"footnotes":""},"categories":[5],"tags":[],"class_list":["post"],"yoast_head":" \n<title>Sonora en Equipo. Factura SAT M\u00f3vil ya emite facturas con complemento Carta Porte Rep\u00fablica<\/title>\n<meta name=\"description\" content=\"CIUDAD DE M\u00c9XICO. MX. \u2014 El Servicio de Administraci\u00f3n Tributaria (SAT) liber\u00f3 la versi\u00f3n 2.0 de la aplicaci\u00f3n Factura SAT M\u00f3vil, la cual integra la opci\u00f3n En Sonora en Equipo publicamos toda la informaci\u00f3n de Sonora, M\u00e9xico y el Mundo de manera oportuna y busca que la libertad de expresi\u00f3n sea real. Visita nuestro medio informativo publicado desde Hermosillo, Sonora. %\" \/>\n<meta name=\"robots\" content=\"index, follow, max-snippet:-1, max-image-preview:large, max-video-preview:-1\" \/>\n<link rel=\"canonical\" href=\"https:\/\/www.sonoraenequipo.com.mx\/factura-sat-movil-ya-emite-facturas-con-complemento-carta-porte\/\" \/>\n<meta property=\"og:locale\" content=\"es_ES\" \/>\n<meta property=\"og:type\" content=\"article\" \/>\n<meta property=\"og:title\" content=\"Sonora en Equipo. Factura SAT M\u00f3vil ya emite facturas con complemento Carta Porte Rep\u00fablica\" \/>\n<meta property=\"og:description\" content=\"CIUDAD DE M\u00c9XICO. MX. \u2014 El Servicio de Administraci\u00f3n Tributaria (SAT) liber\u00f3 la versi\u00f3n 2.0 de la aplicaci\u00f3n Factura SAT M\u00f3vil, la cual integra la opci\u00f3n En Sonora en Equipo publicamos toda la informaci\u00f3n de Sonora, M\u00e9xico y el Mundo de manera oportuna y busca que la libertad de expresi\u00f3n sea real. Visita nuestro medio informativo publicado desde Hermosillo, Sonora. %\" \/>\n<meta property=\"og:url\" content=\"https:\/\/www.sonoraenequipo.com.mx\/factura-sat-movil-ya-emite-facturas-con-complemento-carta-porte\/\" \/>\n<meta property=\"og:site_name\" content=\"Sonora en Equipo.\" \/>\n<meta property=\"article:publisher\" content=\"https:\/\/www.facebook.com\/SonoraEE\/\" \/>\n<meta property=\"article:author\" content=\"https:\/\/www.facebook.com\/SonoraEE\" \/>\n<meta property=\"article:published_time\" content=\"2024-01-18T21:28:27+00:00\" \/>\n<meta property=\"article:modified_time\" content=\"2024-01-19T03:19:34+00:00\" \/>\n<meta property=\"og:image\" content=\"https:\/\/www.sonoraenequipo.com.mx\/storage\/2024\/01\/preguntas-factura-sat-movil1801-min.jpg\" \/>\n\t<meta property=\"og:image:width\" content=\"1194\" \/>\n\t<meta property=\"og:image:height\" content=\"740\" \/>\n\t<meta property=\"og:image:type\" content=\"image\/jpeg\" \/>\n<meta name=\"author\" content=\"enequipo\" \/>\n<meta name=\"twitter:card\" content=\"summary_large_image\" \/>\n<meta name=\"twitter:creator\" content=\"@sonoraenequipo\" \/>\n<meta name=\"twitter:site\" content=\"@sonoraenequipo\" \/>\n<meta name=\"twitter:label1\" content=\"Escrito por\" \/>\n\t<meta name=\"twitter:data1\" content=\"enequipo\" \/>\n\t<meta name=\"twitter:label2\" content=\"Tiempo de lectura\" \/>\n\t<meta name=\"twitter:data2\" content=\"1 minuto\" \/>\n<script type=\"application\/ld+json\" class=\"yoast-schema-graph\">{\"@context\":\"https:\/\/schema.org\",\"@graph\":[{\"@type\":\"Article\",\"@id\":\"https:\/\/www.sonoraenequipo.com.mx\/factura-sat-movil-ya-emite-facturas-con-complemento-carta-porte\/#article\",\"isPartOf\":{\"@id\":\"https:\/\/www.sonoraenequipo.com.mx\/factura-sat-movil-ya-emite-facturas-con-complemento-carta-porte\/\"},\"author\":{\"name\":\"enequipo\",\"@id\":\"https:\/\/www.sonoraenequipo.com.mx\/#\/schema\/person\/50102df0fb23a8fa9e8effad8fa81386\"},\"headline\":\"Factura SAT M\u00f3vil ya emite facturas con complemento Carta Porte\",\"datePublished\":\"2024-01-18T21:28:27+00:00\",\"dateModified\":\"2024-01-19T03:19:34+00:00\",\"mainEntityOfPage\":{\"@id\":\"https:\/\/www.sonoraenequipo.com.mx\/factura-sat-movil-ya-emite-facturas-con-complemento-carta-porte\/\"},\"wordCount\":301,\"commentCount\":0,\"publisher\":{\"@id\":\"https:\/\/www.sonoraenequipo.com.mx\/#organization\"},\"image\":{\"@id\":\"https:\/\/www.sonoraenequipo.com.mx\/factura-sat-movil-ya-emite-facturas-con-complemento-carta-porte\/#primaryimage\"},\"thumbnailUrl\":\"https:\/\/www.sonoraenequipo.com.mx\/storage\/2024\/01\/preguntas-factura-sat-movil1801-min.jpg\",\"articleSection\":[\"Rep\u00fablica\"],\"inLanguage\":\"es\",\"potentialAction\":[{\"@type\":\"CommentAction\",\"name\":\"Comment\",\"target\":[\"https:\/\/www.sonoraenequipo.com.mx\/factura-sat-movil-ya-emite-facturas-con-complemento-carta-porte\/#respond\"]}]},{\"@type\":\"WebPage\",\"@id\":\"https:\/\/www.sonoraenequipo.com.mx\/factura-sat-movil-ya-emite-facturas-con-complemento-carta-porte\/\",\"url\":\"https:\/\/www.sonoraenequipo.com.mx\/factura-sat-movil-ya-emite-facturas-con-complemento-carta-porte\/\",\"name\":\"Sonora en Equipo. Factura SAT M\u00f3vil ya emite facturas con complemento Carta Porte Rep\u00fablica\",\"isPartOf\":{\"@id\":\"https:\/\/www.sonoraenequipo.com.mx\/#website\"},\"primaryImageOfPage\":{\"@id\":\"https:\/\/www.sonoraenequipo.com.mx\/factura-sat-movil-ya-emite-facturas-con-complemento-carta-porte\/#primaryimage\"},\"image\":{\"@id\":\"https:\/\/www.sonoraenequipo.com.mx\/factura-sat-movil-ya-emite-facturas-con-complemento-carta-porte\/#primaryimage\"},\"thumbnailUrl\":\"https:\/\/www.sonoraenequipo.com.mx\/storage\/2024\/01\/preguntas-factura-sat-movil1801-min.jpg\",\"datePublished\":\"2024-01-18T21:28:27+00:00\",\"dateModified\":\"2024-01-19T03:19:34+00:00\",\"description\":\"CIUDAD DE M\u00c9XICO. MX. \u2014 El Servicio de Administraci\u00f3n Tributaria (SAT) liber\u00f3 la versi\u00f3n 2.0 de la aplicaci\u00f3n Factura SAT M\u00f3vil, la cual integra la opci\u00f3n En Sonora en Equipo publicamos toda la informaci\u00f3n de Sonora, M\u00e9xico y el Mundo de manera oportuna y busca que la libertad de expresi\u00f3n sea real. Visita nuestro medio informativo publicado desde Hermosillo, Sonora. %\",\"breadcrumb\":{\"@id\":\"https:\/\/www.sonoraenequipo.com.mx\/factura-sat-movil-ya-emite-facturas-con-complemento-carta-porte\/#breadcrumb\"},\"inLanguage\":\"es\",\"potentialAction\":[{\"@type\":\"ReadAction\",\"target\":[\"https:\/\/www.sonoraenequipo.com.mx\/factura-sat-movil-ya-emite-facturas-con-complemento-carta-porte\/\"]}]},{\"@type\":\"ImageObject\",\"inLanguage\":\"es\",\"@id\":\"https:\/\/www.sonoraenequipo.com.mx\/factura-sat-movil-ya-emite-facturas-con-complemento-carta-porte\/#primaryimage\",\"url\":\"https:\/\/www.sonoraenequipo.com.mx\/storage\/2024\/01\/preguntas-factura-sat-movil1801-min.jpg\",\"contentUrl\":\"https:\/\/www.sonoraenequipo.com.mx\/storage\/2024\/01\/preguntas-factura-sat-movil1801-min.jpg\",\"width\":1194,\"height\":740},{\"@type\":\"BreadcrumbList\",\"@id\":\"https:\/\/www.sonoraenequipo.com.mx\/factura-sat-movil-ya-emite-facturas-con-complemento-carta-porte\/#breadcrumb\",\"itemListElement\":[{\"@type\":\"ListItem\",\"position\":1,\"name\":\"Portada\",\"item\":\"https:\/\/www.sonoraenequipo.com.mx\/\"},{\"@type\":\"ListItem\",\"position\":2,\"name\":\"Factura SAT M\u00f3vil ya emite facturas con complemento Carta Porte\"}]},{\"@type\":\"WebSite\",\"@id\":\"https:\/\/www.sonoraenequipo.com.mx\/#website\",\"url\":\"https:\/\/www.sonoraenequipo.com.mx\/\",\"name\":\"Sonora en Equipo.\",\"description\":\"Diario en l\u00ednea con Noticias desde Hermosillo, Sonora\",\"publisher\":{\"@id\":\"https:\/\/www.sonoraenequipo.com.mx\/#organization\"},\"potentialAction\":[{\"@type\":\"SearchAction\",\"target\":{\"@type\":\"EntryPoint\",\"urlTemplate\":\"https:\/\/www.sonoraenequipo.com.mx\/?s={search_term_string}\"},\"query-input\":{\"@type\":\"PropertyValueSpecification\",\"valueRequired\":true,\"valueName\":\"search_term_string\"}}],\"inLanguage\":\"es\"},{\"@type\":\"Organization\",\"@id\":\"https:\/\/www.sonoraenequipo.com.mx\/#organization\",\"name\":\"Sonoraenequipo.com.mx\",\"url\":\"https:\/\/www.sonoraenequipo.com.mx\/\",\"logo\":{\"@type\":\"ImageObject\",\"inLanguage\":\"es\",\"@id\":\"https:\/\/www.sonoraenequipo.com.mx\/#\/schema\/logo\/image\/\",\"url\":\"https:\/\/www.sonoraenequipo.com.mx\/storage\/2019\/01\/sonoraenequipo_opt.png\",\"contentUrl\":\"https:\/\/www.sonoraenequipo.com.mx\/storage\/2019\/01\/sonoraenequipo_opt.png\",\"width\":375,\"height\":125,\"caption\":\"Sonoraenequipo.com.mx\"},\"image\":{\"@id\":\"https:\/\/www.sonoraenequipo.com.mx\/#\/schema\/logo\/image\/\"},\"sameAs\":[\"https:\/\/www.facebook.com\/SonoraEE\/\",\"https:\/\/x.com\/sonoraenequipo\",\"https:\/\/www.youtube.com\/channel\/UC338nW-lPEYmJQs4ZABQ1SQ\"]},{\"@type\":\"Person\",\"@id\":\"https:\/\/www.sonoraenequipo.com.mx\/#\/schema\/person\/50102df0fb23a8fa9e8effad8fa81386\",\"name\":\"enequipo\",\"image\":{\"@type\":\"ImageObject\",\"inLanguage\":\"es\",\"@id\":\"https:\/\/www.sonoraenequipo.com.mx\/#\/schema\/person\/image\/\",\"url\":\"https:\/\/secure.gravatar.com\/avatar\/049821681b589dabc0bc20695993ccebb09f5b5d4d790cd9251b97faac7c652b?s=96&d=blank&r=g\",\"contentUrl\":\"https:\/\/secure.gravatar.com\/avatar\/049821681b589dabc0bc20695993ccebb09f5b5d4d790cd9251b97faac7c652b?s=96&d=blank&r=g\",\"caption\":\"enequipo\"},\"sameAs\":[\"https:\/\/www.facebook.com\/SonoraEE\"]}]}<\/script>\n ","yoast_head_json":{"title":"Sonora en Equipo. Factura SAT M\u00f3vil ya emite facturas con complemento Carta Porte Rep\u00fablica","description":"CIUDAD DE M\u00c9XICO. MX. \u2014 El Servicio de Administraci\u00f3n Tributaria (SAT) liber\u00f3 la versi\u00f3n 2.0 de la aplicaci\u00f3n Factura SAT M\u00f3vil, la cual integra la opci\u00f3n En Sonora en Equipo publicamos toda la informaci\u00f3n de Sonora, M\u00e9xico y el Mundo de manera oportuna y busca que la libertad de expresi\u00f3n sea real. Visita nuestro medio informativo publicado desde Hermosillo, Sonora. %","robots":{"index":"index","follow":"follow","max-snippet":"max-snippet:-1","max-image-preview":"max-image-preview:large","max-video-preview":"max-video-preview:-1"},"canonical":"https:\/\/www.sonoraenequipo.com.mx\/factura-sat-movil-ya-emite-facturas-con-complemento-carta-porte\/","og_locale":"es_ES","og_type":"article","og_title":"Sonora en Equipo. Factura SAT M\u00f3vil ya emite facturas con complemento Carta Porte Rep\u00fablica","og_description":"CIUDAD DE M\u00c9XICO. MX. \u2014 El Servicio de Administraci\u00f3n Tributaria (SAT) liber\u00f3 la versi\u00f3n 2.0 de la aplicaci\u00f3n Factura SAT M\u00f3vil, la cual integra la opci\u00f3n En Sonora en Equipo publicamos toda la informaci\u00f3n de Sonora, M\u00e9xico y el Mundo de manera oportuna y busca que la libertad de expresi\u00f3n sea real. Visita nuestro medio informativo publicado desde Hermosillo, Sonora. %","og_url":"https:\/\/www.sonoraenequipo.com.mx\/factura-sat-movil-ya-emite-facturas-con-complemento-carta-porte\/","og_site_name":"Sonora en Equipo.","article_publisher":"https:\/\/www.facebook.com\/SonoraEE\/","article_author":"https:\/\/www.facebook.com\/SonoraEE","article_published_time":"2024-01-18T21:28:27+00:00","article_modified_time":"2024-01-19T03:19:34+00:00","og_image":[{"width":1194,"height":740,"url":"https:\/\/www.sonoraenequipo.com.mx\/storage\/2024\/01\/preguntas-factura-sat-movil1801-min.jpg","type":"image\/jpeg"}],"author":"enequipo","twitter_card":"summary_large_image","twitter_creator":"@sonoraenequipo","twitter_site":"@sonoraenequipo","twitter_misc":{"Escrito por":"enequipo","Tiempo de lectura":"1 minuto"},"schema":{"@context":"https:\/\/schema.org","@graph":[{"@type":"Article","@id":"https:\/\/www.sonoraenequipo.com.mx\/factura-sat-movil-ya-emite-facturas-con-complemento-carta-porte\/#article","isPartOf":{"@id":"https:\/\/www.sonoraenequipo.com.mx\/factura-sat-movil-ya-emite-facturas-con-complemento-carta-porte\/"},"author":{"name":"enequipo","@id":"https:\/\/www.sonoraenequipo.com.mx\/#\/schema\/person\/50102df0fb23a8fa9e8effad8fa81386"},"headline":"Factura SAT M\u00f3vil ya emite facturas con complemento Carta Porte","datePublished":"2024-01-18T21:28:27+00:00","dateModified":"2024-01-19T03:19:34+00:00","mainEntityOfPage":{"@id":"https:\/\/www.sonoraenequipo.com.mx\/factura-sat-movil-ya-emite-facturas-con-complemento-carta-porte\/"},"wordCount":301,"commentCount":0,"publisher":{"@id":"https:\/\/www.sonoraenequipo.com.mx\/#organization"},"image":{"@id":"https:\/\/www.sonoraenequipo.com.mx\/factura-sat-movil-ya-emite-facturas-con-complemento-carta-porte\/#primaryimage"},"thumbnailUrl":"https:\/\/www.sonoraenequipo.com.mx\/storage\/2024\/01\/preguntas-factura-sat-movil1801-min.jpg","articleSection":["Rep\u00fablica"],"inLanguage":"es","potentialAction":[{"@type":"CommentAction","name":"Comment","target":["https:\/\/www.sonoraenequipo.com.mx\/factura-sat-movil-ya-emite-facturas-con-complemento-carta-porte\/#respond"]}]},{"@type":"WebPage","@id":"https:\/\/www.sonoraenequipo.com.mx\/factura-sat-movil-ya-emite-facturas-con-complemento-carta-porte\/","url":"https:\/\/www.sonoraenequipo.com.mx\/factura-sat-movil-ya-emite-facturas-con-complemento-carta-porte\/","name":"Sonora en Equipo. Factura SAT M\u00f3vil ya emite facturas con complemento Carta Porte Rep\u00fablica","isPartOf":{"@id":"https:\/\/www.sonoraenequipo.com.mx\/#website"},"primaryImageOfPage":{"@id":"https:\/\/www.sonoraenequipo.com.mx\/factura-sat-movil-ya-emite-facturas-con-complemento-carta-porte\/#primaryimage"},"image":{"@id":"https:\/\/www.sonoraenequipo.com.mx\/factura-sat-movil-ya-emite-facturas-con-complemento-carta-porte\/#primaryimage"},"thumbnailUrl":"https:\/\/www.sonoraenequipo.com.mx\/storage\/2024\/01\/preguntas-factura-sat-movil1801-min.jpg","datePublished":"2024-01-18T21:28:27+00:00","dateModified":"2024-01-19T03:19:34+00:00","description":"CIUDAD DE M\u00c9XICO. MX. \u2014 El Servicio de Administraci\u00f3n Tributaria (SAT) liber\u00f3 la versi\u00f3n 2.0 de la aplicaci\u00f3n Factura SAT M\u00f3vil, la cual integra la opci\u00f3n En Sonora en Equipo publicamos toda la informaci\u00f3n de Sonora, M\u00e9xico y el Mundo de manera oportuna y busca que la libertad de expresi\u00f3n sea real. Visita nuestro medio informativo publicado desde Hermosillo, Sonora. %","breadcrumb":{"@id":"https:\/\/www.sonoraenequipo.com.mx\/factura-sat-movil-ya-emite-facturas-con-complemento-carta-porte\/#breadcrumb"},"inLanguage":"es","potentialAction":[{"@type":"ReadAction","target":["https:\/\/www.sonoraenequipo.com.mx\/factura-sat-movil-ya-emite-facturas-con-complemento-carta-porte\/"]}]},{"@type":"ImageObject","inLanguage":"es","@id":"https:\/\/www.sonoraenequipo.com.mx\/factura-sat-movil-ya-emite-facturas-con-complemento-carta-porte\/#primaryimage","url":"https:\/\/www.sonoraenequipo.com.mx\/storage\/2024\/01\/preguntas-factura-sat-movil1801-min.jpg","contentUrl":"https:\/\/www.sonoraenequipo.com.mx\/storage\/2024\/01\/preguntas-factura-sat-movil1801-min.jpg","width":1194,"height":740},{"@type":"BreadcrumbList","@id":"https:\/\/www.sonoraenequipo.com.mx\/factura-sat-movil-ya-emite-facturas-con-complemento-carta-porte\/#breadcrumb","itemListElement":[{"@type":"ListItem","position":1,"name":"Portada","item":"https:\/\/www.sonoraenequipo.com.mx\/"},{"@type":"ListItem","position":2,"name":"Factura SAT M\u00f3vil ya emite facturas con complemento Carta Porte"}]},{"@type":"WebSite","@id":"https:\/\/www.sonoraenequipo.com.mx\/#website","url":"https:\/\/www.sonoraenequipo.com.mx\/","name":"Sonora en Equipo.","description":"Diario en l\u00ednea con Noticias desde Hermosillo, Sonora","publisher":{"@id":"https:\/\/www.sonoraenequipo.com.mx\/#organization"},"potentialAction":[{"@type":"SearchAction","target":{"@type":"EntryPoint","urlTemplate":"https:\/\/www.sonoraenequipo.com.mx\/?s={search_term_string}"},"query-input":{"@type":"PropertyValueSpecification","valueRequired":true,"valueName":"search_term_string"}}],"inLanguage":"es"},{"@type":"Organization","@id":"https:\/\/www.sonoraenequipo.com.mx\/#organization","name":"Sonoraenequipo.com.mx","url":"https:\/\/www.sonoraenequipo.com.mx\/","logo":{"@type":"ImageObject","inLanguage":"es","@id":"https:\/\/www.sonoraenequipo.com.mx\/#\/schema\/logo\/image\/","url":"https:\/\/www.sonoraenequipo.com.mx\/storage\/2019\/01\/sonoraenequipo_opt.png","contentUrl":"https:\/\/www.sonoraenequipo.com.mx\/storage\/2019\/01\/sonoraenequipo_opt.png","width":375,"height":125,"caption":"Sonoraenequipo.com.mx"},"image":{"@id":"https:\/\/www.sonoraenequipo.com.mx\/#\/schema\/logo\/image\/"},"sameAs":["https:\/\/www.facebook.com\/SonoraEE\/","https:\/\/x.com\/sonoraenequipo","https:\/\/www.youtube.com\/channel\/UC338nW-lPEYmJQs4ZABQ1SQ"]},{"@type":"Person","@id":"https:\/\/www.sonoraenequipo.com.mx\/#\/schema\/person\/50102df0fb23a8fa9e8effad8fa81386","name":"enequipo","image":{"@type":"ImageObject","inLanguage":"es","@id":"https:\/\/www.sonoraenequipo.com.mx\/#\/schema\/person\/image\/","url":"https:\/\/secure.gravatar.com\/avatar\/049821681b589dabc0bc20695993ccebb09f5b5d4d790cd9251b97faac7c652b?s=96&d=blank&r=g","contentUrl":"https:\/\/secure.gravatar.com\/avatar\/049821681b589dabc0bc20695993ccebb09f5b5d4d790cd9251b97faac7c652b?s=96&d=blank&r=g","caption":"enequipo"},"sameAs":["https:\/\/www.facebook.com\/SonoraEE"]}]}},"jetpack_featured_media_url":"https:\/\/www.sonoraenequipo.com.mx\/storage\/2024\/01\/preguntas-factura-sat-movil1801-min.jpg","_links":{"self":[{"href":"https:\/\/www.sonoraenequipo.com.mx\/api\/wp\/v2\/posts\/182018","targetHints":{"allow":["GET"]}}],"collection":[{"href":"https:\/\/www.sonoraenequipo.com.mx\/api\/wp\/v2\/posts"}],"about":[{"href":"https:\/\/www.sonoraenequipo.com.mx\/api\/wp\/v2\/types\/post"}],"author":[{"embeddable":true,"href":"https:\/\/www.sonoraenequipo.com.mx\/api\/wp\/v2\/users\/1"}],"replies":[{"embeddable":true,"href":"https:\/\/www.sonoraenequipo.com.mx\/api\/wp\/v2\/comments?post=182018"}],"version-history":[{"count":2,"href":"https:\/\/www.sonoraenequipo.com.mx\/api\/wp\/v2\/posts\/182018\/revisions"}],"predecessor-version":[{"id":182021,"href":"https:\/\/www.sonoraenequipo.com.mx\/api\/wp\/v2\/posts\/182018\/revisions\/182021"}],"wp:featuredmedia":[{"embeddable":true,"href":"https:\/\/www.sonoraenequipo.com.mx\/api\/wp\/v2\/media\/182019"}],"wp:attachment":[{"href":"https:\/\/www.sonoraenequipo.com.mx\/api\/wp\/v2\/media?parent=182018"}],"wp:term":[{"taxonomy":"category","embeddable":true,"href":"https:\/\/www.sonoraenequipo.com.mx\/api\/wp\/v2\/categories?post=182018"},{"taxonomy":"post_tag","embeddable":true,"href":"https:\/\/www.sonoraenequipo.com.mx\/api\/wp\/v2\/tags?post=182018"}],"curies":[{"name":"wp","href":"https:\/\/api.w.org\/{rel}","templated":true}]}}