{"id":182022,"date":"2024-01-19T17:38:00","date_gmt":"2024-01-20T00:38:00","guid":{"rendered":"https:\/\/www.sonoraenequipo.com.mx\/?p=182022"},"modified":"2024-01-19T17:38:00","modified_gmt":"2024-01-20T00:38:00","slug":"unidad-movil-c2-sera-zona-salva-durante-el-faot-2024-en-alamos-ssp-sonora","status":"publish","type":"post","link":"https:\/\/www.sonoraenequipo.com.mx\/unidad-movil-c2-sera-zona-salva-durante-el-faot-2024-en-alamos-ssp-sonora\/","title":{"rendered":"Unidad m\u00f3vil C2 ser\u00e1 Zona Salva durante el FAOT 2024 en \u00c1lamos: SSP Sonora"},"content":{"rendered":"<p><strong>\u00c1LAMOS, SONORA,MX.<\/strong><strong>\u02d7\u02d7\u02d7<\/strong> Comprometidos con la seguridad de las mujeres que se den cita en \u00c1lamos durante el Festival \u201cAlfonso Ortiz Tirado\u201d en su edici\u00f3n 2024, la Secretar\u00eda de Seguridad P\u00fablica (SSP) de Sonora instal\u00f3, la Unidad M\u00f3vil C2 en la Plaza de Armas como una Zona Salva.<\/p>\n<p>&nbsp;<\/p>\n<p>&nbsp;<\/p>\n<p>&nbsp;<\/p>\n<p>La dependencia anunci\u00f3 que en coordinaci\u00f3n con autoridades de los tres \u00f3rdenes de gobierno, se mantendr\u00e1 en sesi\u00f3n permanente la Mesa de Seguridad para garantizar el desarrollo de actividades.<\/p>\n<p>&nbsp;<\/p>\n<p>&nbsp;<\/p>\n<p>&nbsp;<\/p>\n<p>Precis\u00f3 que el C2 m\u00f3vil ubicado en la plaza central ser\u00e1 una Zona Salva, donde mujeres en caso de sentirse en riesgo podr\u00e1n solicitar resguardo y personal capacitado brindar\u00e1 atenci\u00f3n inmediata. Adicionalmente desarrollar\u00e1 labores de monitoreo con c\u00e1maras enlazadas al C5I.<\/p>\n<p>&nbsp;<\/p>\n<p>&nbsp;<\/p>\n<p>&nbsp;<\/p>\n<p>De igual forma, elementos de Polic\u00eda Estatal tendr\u00e1n acciones de prevenci\u00f3n permanentes en los puntos de acceso al municipio y en los diferentes escenarios donde se llevar\u00e1n a cabo las actividades.<\/p>\n<p>&nbsp;<\/p>\n<p>&nbsp;<\/p>\n<p>&nbsp;<\/p>\n<p>Destac\u00f3 la SSP Sonora que se tendr\u00e1n labores de monitoreo reactivo y preventivo en todos los puntos del municipio.<\/p>\n<p>&nbsp;<\/p>\n<p>&nbsp;<\/p>\n<p>&nbsp;<\/p>\n<p>Por su parte el equipo de Vinculaci\u00f3n del C5I, realizar\u00e1n acciones de proximidad ciudadana y difusi\u00f3n del servicio de la l\u00ednea 9-1-1 para reportar emergencias y 089 de denuncia an\u00f3nima, as\u00ed como invitar a la poblaci\u00f3n a descargar las aplicaciones preventivas Mujeres Seguras y Antiextorsi\u00f3n Sonora.<\/p>\n<p><strong>Fecha de publicaci\u00f3n<\/strong><strong> 19 de enero de 2024<\/strong><\/p>\n<p>&nbsp;<\/p>\n","protected":false},"excerpt":{"rendered":"<p>\u00c1LAMOS, SONORA,MX.\u02d7\u02d7\u02d7 Comprometidos con la seguridad de las mujeres que se den cita en \u00c1lamos&#8230;<\/p>\n","protected":false},"author":1,"featured_media":182023,"comment_status":"open","ping_status":"open","sticky":false,"template":"","format":"standard","meta":{"_monsterinsights_skip_tracking":false,"_monsterinsights_sitenote_active":false,"_monsterinsights_sitenote_note":"","_monsterinsights_sitenote_category":0,"footnotes":""},"categories":[3144],"tags":[859,9275],"class_list":["post"],"yoast_head":" \n<title>Sonora en Equipo. Unidad m\u00f3vil C2 ser\u00e1 Zona Salva durante el FAOT 2024 en \u00c1lamos: SSP Sonora Polic\u00edaca<\/title>\n<meta name=\"description\" content=\"\u00c1LAMOS, SONORA,MX.\u02d7\u02d7\u02d7 Comprometidos con la seguridad de las mujeres que se den cita en \u00c1lamos durante el Festival \u201cAlfonso Ortiz Tirado\u201d en su edici\u00f3n En Sonora en Equipo publicamos toda la informaci\u00f3n de Sonora, M\u00e9xico y el Mundo de manera oportuna y busca que la libertad de expresi\u00f3n sea real. Visita nuestro medio informativo publicado desde Hermosillo, Sonora. %\" \/>\n<meta name=\"robots\" content=\"index, follow, max-snippet:-1, max-image-preview:large, max-video-preview:-1\" \/>\n<link rel=\"canonical\" href=\"https:\/\/www.sonoraenequipo.com.mx\/unidad-movil-c2-sera-zona-salva-durante-el-faot-2024-en-alamos-ssp-sonora\/\" \/>\n<meta property=\"og:locale\" content=\"es_ES\" \/>\n<meta property=\"og:type\" content=\"article\" \/>\n<meta property=\"og:title\" content=\"Sonora en Equipo. Unidad m\u00f3vil C2 ser\u00e1 Zona Salva durante el FAOT 2024 en \u00c1lamos: SSP Sonora Polic\u00edaca\" \/>\n<meta property=\"og:description\" content=\"\u00c1LAMOS, SONORA,MX.\u02d7\u02d7\u02d7 Comprometidos con la seguridad de las mujeres que se den cita en \u00c1lamos durante el Festival \u201cAlfonso Ortiz Tirado\u201d en su edici\u00f3n En Sonora en Equipo publicamos toda la informaci\u00f3n de Sonora, M\u00e9xico y el Mundo de manera oportuna y busca que la libertad de expresi\u00f3n sea real. Visita nuestro medio informativo publicado desde Hermosillo, Sonora. %\" \/>\n<meta property=\"og:url\" content=\"https:\/\/www.sonoraenequipo.com.mx\/unidad-movil-c2-sera-zona-salva-durante-el-faot-2024-en-alamos-ssp-sonora\/\" \/>\n<meta property=\"og:site_name\" content=\"Sonora en Equipo.\" \/>\n<meta property=\"article:publisher\" content=\"https:\/\/www.facebook.com\/SonoraEE\/\" \/>\n<meta property=\"article:author\" content=\"https:\/\/www.facebook.com\/SonoraEE\" \/>\n<meta property=\"article:published_time\" content=\"2024-01-20T00:38:00+00:00\" \/>\n<meta property=\"og:image\" content=\"https:\/\/www.sonoraenequipo.com.mx\/storage\/2024\/01\/ALAMOS.jpg\" \/>\n\t<meta property=\"og:image:width\" content=\"560\" \/>\n\t<meta property=\"og:image:height\" content=\"400\" \/>\n\t<meta property=\"og:image:type\" content=\"image\/jpeg\" \/>\n<meta name=\"author\" content=\"enequipo\" \/>\n<meta name=\"twitter:card\" content=\"summary_large_image\" \/>\n<meta name=\"twitter:creator\" content=\"@sonoraenequipo\" \/>\n<meta name=\"twitter:site\" content=\"@sonoraenequipo\" \/>\n<meta name=\"twitter:label1\" content=\"Escrito por\" \/>\n\t<meta name=\"twitter:data1\" content=\"enequipo\" \/>\n\t<meta name=\"twitter:label2\" content=\"Tiempo de lectura\" \/>\n\t<meta name=\"twitter:data2\" content=\"1 minuto\" \/>\n<script type=\"application\/ld+json\" class=\"yoast-schema-graph\">{\"@context\":\"https:\/\/schema.org\",\"@graph\":[{\"@type\":\"Article\",\"@id\":\"https:\/\/www.sonoraenequipo.com.mx\/unidad-movil-c2-sera-zona-salva-durante-el-faot-2024-en-alamos-ssp-sonora\/#article\",\"isPartOf\":{\"@id\":\"https:\/\/www.sonoraenequipo.com.mx\/unidad-movil-c2-sera-zona-salva-durante-el-faot-2024-en-alamos-ssp-sonora\/\"},\"author\":{\"name\":\"enequipo\",\"@id\":\"https:\/\/www.sonoraenequipo.com.mx\/#\/schema\/person\/50102df0fb23a8fa9e8effad8fa81386\"},\"headline\":\"Unidad m\u00f3vil C2 ser\u00e1 Zona Salva durante el FAOT 2024 en \u00c1lamos: SSP Sonora\",\"datePublished\":\"2024-01-20T00:38:00+00:00\",\"mainEntityOfPage\":{\"@id\":\"https:\/\/www.sonoraenequipo.com.mx\/unidad-movil-c2-sera-zona-salva-durante-el-faot-2024-en-alamos-ssp-sonora\/\"},\"wordCount\":274,\"commentCount\":0,\"publisher\":{\"@id\":\"https:\/\/www.sonoraenequipo.com.mx\/#organization\"},\"image\":{\"@id\":\"https:\/\/www.sonoraenequipo.com.mx\/unidad-movil-c2-sera-zona-salva-durante-el-faot-2024-en-alamos-ssp-sonora\/#primaryimage\"},\"thumbnailUrl\":\"https:\/\/www.sonoraenequipo.com.mx\/storage\/2024\/01\/ALAMOS.jpg\",\"keywords\":[\"FAOT\",\"festival ortiz tirado\"],\"articleSection\":[\"Polic\u00edaca\"],\"inLanguage\":\"es\",\"potentialAction\":[{\"@type\":\"CommentAction\",\"name\":\"Comment\",\"target\":[\"https:\/\/www.sonoraenequipo.com.mx\/unidad-movil-c2-sera-zona-salva-durante-el-faot-2024-en-alamos-ssp-sonora\/#respond\"]}]},{\"@type\":\"WebPage\",\"@id\":\"https:\/\/www.sonoraenequipo.com.mx\/unidad-movil-c2-sera-zona-salva-durante-el-faot-2024-en-alamos-ssp-sonora\/\",\"url\":\"https:\/\/www.sonoraenequipo.com.mx\/unidad-movil-c2-sera-zona-salva-durante-el-faot-2024-en-alamos-ssp-sonora\/\",\"name\":\"Sonora en Equipo. Unidad m\u00f3vil C2 ser\u00e1 Zona Salva durante el FAOT 2024 en \u00c1lamos: SSP Sonora Polic\u00edaca\",\"isPartOf\":{\"@id\":\"https:\/\/www.sonoraenequipo.com.mx\/#website\"},\"primaryImageOfPage\":{\"@id\":\"https:\/\/www.sonoraenequipo.com.mx\/unidad-movil-c2-sera-zona-salva-durante-el-faot-2024-en-alamos-ssp-sonora\/#primaryimage\"},\"image\":{\"@id\":\"https:\/\/www.sonoraenequipo.com.mx\/unidad-movil-c2-sera-zona-salva-durante-el-faot-2024-en-alamos-ssp-sonora\/#primaryimage\"},\"thumbnailUrl\":\"https:\/\/www.sonoraenequipo.com.mx\/storage\/2024\/01\/ALAMOS.jpg\",\"datePublished\":\"2024-01-20T00:38:00+00:00\",\"description\":\"\u00c1LAMOS, SONORA,MX.\u02d7\u02d7\u02d7 Comprometidos con la seguridad de las mujeres que se den cita en \u00c1lamos durante el Festival \u201cAlfonso Ortiz Tirado\u201d en su edici\u00f3n En Sonora en Equipo publicamos toda la informaci\u00f3n de Sonora, M\u00e9xico y el Mundo de manera oportuna y busca que la libertad de expresi\u00f3n sea real. Visita nuestro medio informativo publicado desde Hermosillo, Sonora. %\",\"breadcrumb\":{\"@id\":\"https:\/\/www.sonoraenequipo.com.mx\/unidad-movil-c2-sera-zona-salva-durante-el-faot-2024-en-alamos-ssp-sonora\/#breadcrumb\"},\"inLanguage\":\"es\",\"potentialAction\":[{\"@type\":\"ReadAction\",\"target\":[\"https:\/\/www.sonoraenequipo.com.mx\/unidad-movil-c2-sera-zona-salva-durante-el-faot-2024-en-alamos-ssp-sonora\/\"]}]},{\"@type\":\"ImageObject\",\"inLanguage\":\"es\",\"@id\":\"https:\/\/www.sonoraenequipo.com.mx\/unidad-movil-c2-sera-zona-salva-durante-el-faot-2024-en-alamos-ssp-sonora\/#primaryimage\",\"url\":\"https:\/\/www.sonoraenequipo.com.mx\/storage\/2024\/01\/ALAMOS.jpg\",\"contentUrl\":\"https:\/\/www.sonoraenequipo.com.mx\/storage\/2024\/01\/ALAMOS.jpg\",\"width\":560,\"height\":400},{\"@type\":\"BreadcrumbList\",\"@id\":\"https:\/\/www.sonoraenequipo.com.mx\/unidad-movil-c2-sera-zona-salva-durante-el-faot-2024-en-alamos-ssp-sonora\/#breadcrumb\",\"itemListElement\":[{\"@type\":\"ListItem\",\"position\":1,\"name\":\"Portada\",\"item\":\"https:\/\/www.sonoraenequipo.com.mx\/\"},{\"@type\":\"ListItem\",\"position\":2,\"name\":\"Unidad m\u00f3vil C2 ser\u00e1 Zona Salva durante el FAOT 2024 en \u00c1lamos: SSP Sonora\"}]},{\"@type\":\"WebSite\",\"@id\":\"https:\/\/www.sonoraenequipo.com.mx\/#website\",\"url\":\"https:\/\/www.sonoraenequipo.com.mx\/\",\"name\":\"Sonora en Equipo.\",\"description\":\"Diario en l\u00ednea con Noticias desde Hermosillo, Sonora\",\"publisher\":{\"@id\":\"https:\/\/www.sonoraenequipo.com.mx\/#organization\"},\"potentialAction\":[{\"@type\":\"SearchAction\",\"target\":{\"@type\":\"EntryPoint\",\"urlTemplate\":\"https:\/\/www.sonoraenequipo.com.mx\/?s={search_term_string}\"},\"query-input\":{\"@type\":\"PropertyValueSpecification\",\"valueRequired\":true,\"valueName\":\"search_term_string\"}}],\"inLanguage\":\"es\"},{\"@type\":\"Organization\",\"@id\":\"https:\/\/www.sonoraenequipo.com.mx\/#organization\",\"name\":\"Sonoraenequipo.com.mx\",\"url\":\"https:\/\/www.sonoraenequipo.com.mx\/\",\"logo\":{\"@type\":\"ImageObject\",\"inLanguage\":\"es\",\"@id\":\"https:\/\/www.sonoraenequipo.com.mx\/#\/schema\/logo\/image\/\",\"url\":\"https:\/\/www.sonoraenequipo.com.mx\/storage\/2019\/01\/sonoraenequipo_opt.png\",\"contentUrl\":\"https:\/\/www.sonoraenequipo.com.mx\/storage\/2019\/01\/sonoraenequipo_opt.png\",\"width\":375,\"height\":125,\"caption\":\"Sonoraenequipo.com.mx\"},\"image\":{\"@id\":\"https:\/\/www.sonoraenequipo.com.mx\/#\/schema\/logo\/image\/\"},\"sameAs\":[\"https:\/\/www.facebook.com\/SonoraEE\/\",\"https:\/\/x.com\/sonoraenequipo\",\"https:\/\/www.youtube.com\/channel\/UC338nW-lPEYmJQs4ZABQ1SQ\"]},{\"@type\":\"Person\",\"@id\":\"https:\/\/www.sonoraenequipo.com.mx\/#\/schema\/person\/50102df0fb23a8fa9e8effad8fa81386\",\"name\":\"enequipo\",\"image\":{\"@type\":\"ImageObject\",\"inLanguage\":\"es\",\"@id\":\"https:\/\/www.sonoraenequipo.com.mx\/#\/schema\/person\/image\/\",\"url\":\"https:\/\/secure.gravatar.com\/avatar\/049821681b589dabc0bc20695993ccebb09f5b5d4d790cd9251b97faac7c652b?s=96&d=blank&r=g\",\"contentUrl\":\"https:\/\/secure.gravatar.com\/avatar\/049821681b589dabc0bc20695993ccebb09f5b5d4d790cd9251b97faac7c652b?s=96&d=blank&r=g\",\"caption\":\"enequipo\"},\"sameAs\":[\"https:\/\/www.facebook.com\/SonoraEE\"]}]}<\/script>\n ","yoast_head_json":{"title":"Sonora en Equipo. Unidad m\u00f3vil C2 ser\u00e1 Zona Salva durante el FAOT 2024 en \u00c1lamos: SSP Sonora Polic\u00edaca","description":"\u00c1LAMOS, SONORA,MX.\u02d7\u02d7\u02d7 Comprometidos con la seguridad de las mujeres que se den cita en \u00c1lamos durante el Festival \u201cAlfonso Ortiz Tirado\u201d en su edici\u00f3n En Sonora en Equipo publicamos toda la informaci\u00f3n de Sonora, M\u00e9xico y el Mundo de manera oportuna y busca que la libertad de expresi\u00f3n sea real. Visita nuestro medio informativo publicado desde Hermosillo, Sonora. %","robots":{"index":"index","follow":"follow","max-snippet":"max-snippet:-1","max-image-preview":"max-image-preview:large","max-video-preview":"max-video-preview:-1"},"canonical":"https:\/\/www.sonoraenequipo.com.mx\/unidad-movil-c2-sera-zona-salva-durante-el-faot-2024-en-alamos-ssp-sonora\/","og_locale":"es_ES","og_type":"article","og_title":"Sonora en Equipo. Unidad m\u00f3vil C2 ser\u00e1 Zona Salva durante el FAOT 2024 en \u00c1lamos: SSP Sonora Polic\u00edaca","og_description":"\u00c1LAMOS, SONORA,MX.\u02d7\u02d7\u02d7 Comprometidos con la seguridad de las mujeres que se den cita en \u00c1lamos durante el Festival \u201cAlfonso Ortiz Tirado\u201d en su edici\u00f3n En Sonora en Equipo publicamos toda la informaci\u00f3n de Sonora, M\u00e9xico y el Mundo de manera oportuna y busca que la libertad de expresi\u00f3n sea real. Visita nuestro medio informativo publicado desde Hermosillo, Sonora. %","og_url":"https:\/\/www.sonoraenequipo.com.mx\/unidad-movil-c2-sera-zona-salva-durante-el-faot-2024-en-alamos-ssp-sonora\/","og_site_name":"Sonora en Equipo.","article_publisher":"https:\/\/www.facebook.com\/SonoraEE\/","article_author":"https:\/\/www.facebook.com\/SonoraEE","article_published_time":"2024-01-20T00:38:00+00:00","og_image":[{"width":560,"height":400,"url":"https:\/\/www.sonoraenequipo.com.mx\/storage\/2024\/01\/ALAMOS.jpg","type":"image\/jpeg"}],"author":"enequipo","twitter_card":"summary_large_image","twitter_creator":"@sonoraenequipo","twitter_site":"@sonoraenequipo","twitter_misc":{"Escrito por":"enequipo","Tiempo de lectura":"1 minuto"},"schema":{"@context":"https:\/\/schema.org","@graph":[{"@type":"Article","@id":"https:\/\/www.sonoraenequipo.com.mx\/unidad-movil-c2-sera-zona-salva-durante-el-faot-2024-en-alamos-ssp-sonora\/#article","isPartOf":{"@id":"https:\/\/www.sonoraenequipo.com.mx\/unidad-movil-c2-sera-zona-salva-durante-el-faot-2024-en-alamos-ssp-sonora\/"},"author":{"name":"enequipo","@id":"https:\/\/www.sonoraenequipo.com.mx\/#\/schema\/person\/50102df0fb23a8fa9e8effad8fa81386"},"headline":"Unidad m\u00f3vil C2 ser\u00e1 Zona Salva durante el FAOT 2024 en \u00c1lamos: SSP Sonora","datePublished":"2024-01-20T00:38:00+00:00","mainEntityOfPage":{"@id":"https:\/\/www.sonoraenequipo.com.mx\/unidad-movil-c2-sera-zona-salva-durante-el-faot-2024-en-alamos-ssp-sonora\/"},"wordCount":274,"commentCount":0,"publisher":{"@id":"https:\/\/www.sonoraenequipo.com.mx\/#organization"},"image":{"@id":"https:\/\/www.sonoraenequipo.com.mx\/unidad-movil-c2-sera-zona-salva-durante-el-faot-2024-en-alamos-ssp-sonora\/#primaryimage"},"thumbnailUrl":"https:\/\/www.sonoraenequipo.com.mx\/storage\/2024\/01\/ALAMOS.jpg","keywords":["FAOT","festival ortiz tirado"],"articleSection":["Polic\u00edaca"],"inLanguage":"es","potentialAction":[{"@type":"CommentAction","name":"Comment","target":["https:\/\/www.sonoraenequipo.com.mx\/unidad-movil-c2-sera-zona-salva-durante-el-faot-2024-en-alamos-ssp-sonora\/#respond"]}]},{"@type":"WebPage","@id":"https:\/\/www.sonoraenequipo.com.mx\/unidad-movil-c2-sera-zona-salva-durante-el-faot-2024-en-alamos-ssp-sonora\/","url":"https:\/\/www.sonoraenequipo.com.mx\/unidad-movil-c2-sera-zona-salva-durante-el-faot-2024-en-alamos-ssp-sonora\/","name":"Sonora en Equipo. Unidad m\u00f3vil C2 ser\u00e1 Zona Salva durante el FAOT 2024 en \u00c1lamos: SSP Sonora Polic\u00edaca","isPartOf":{"@id":"https:\/\/www.sonoraenequipo.com.mx\/#website"},"primaryImageOfPage":{"@id":"https:\/\/www.sonoraenequipo.com.mx\/unidad-movil-c2-sera-zona-salva-durante-el-faot-2024-en-alamos-ssp-sonora\/#primaryimage"},"image":{"@id":"https:\/\/www.sonoraenequipo.com.mx\/unidad-movil-c2-sera-zona-salva-durante-el-faot-2024-en-alamos-ssp-sonora\/#primaryimage"},"thumbnailUrl":"https:\/\/www.sonoraenequipo.com.mx\/storage\/2024\/01\/ALAMOS.jpg","datePublished":"2024-01-20T00:38:00+00:00","description":"\u00c1LAMOS, SONORA,MX.\u02d7\u02d7\u02d7 Comprometidos con la seguridad de las mujeres que se den cita en \u00c1lamos durante el Festival \u201cAlfonso Ortiz Tirado\u201d en su edici\u00f3n En Sonora en Equipo publicamos toda la informaci\u00f3n de Sonora, M\u00e9xico y el Mundo de manera oportuna y busca que la libertad de expresi\u00f3n sea real. Visita nuestro medio informativo publicado desde Hermosillo, Sonora. %","breadcrumb":{"@id":"https:\/\/www.sonoraenequipo.com.mx\/unidad-movil-c2-sera-zona-salva-durante-el-faot-2024-en-alamos-ssp-sonora\/#breadcrumb"},"inLanguage":"es","potentialAction":[{"@type":"ReadAction","target":["https:\/\/www.sonoraenequipo.com.mx\/unidad-movil-c2-sera-zona-salva-durante-el-faot-2024-en-alamos-ssp-sonora\/"]}]},{"@type":"ImageObject","inLanguage":"es","@id":"https:\/\/www.sonoraenequipo.com.mx\/unidad-movil-c2-sera-zona-salva-durante-el-faot-2024-en-alamos-ssp-sonora\/#primaryimage","url":"https:\/\/www.sonoraenequipo.com.mx\/storage\/2024\/01\/ALAMOS.jpg","contentUrl":"https:\/\/www.sonoraenequipo.com.mx\/storage\/2024\/01\/ALAMOS.jpg","width":560,"height":400},{"@type":"BreadcrumbList","@id":"https:\/\/www.sonoraenequipo.com.mx\/unidad-movil-c2-sera-zona-salva-durante-el-faot-2024-en-alamos-ssp-sonora\/#breadcrumb","itemListElement":[{"@type":"ListItem","position":1,"name":"Portada","item":"https:\/\/www.sonoraenequipo.com.mx\/"},{"@type":"ListItem","position":2,"name":"Unidad m\u00f3vil C2 ser\u00e1 Zona Salva durante el FAOT 2024 en \u00c1lamos: SSP Sonora"}]},{"@type":"WebSite","@id":"https:\/\/www.sonoraenequipo.com.mx\/#website","url":"https:\/\/www.sonoraenequipo.com.mx\/","name":"Sonora en Equipo.","description":"Diario en l\u00ednea con Noticias desde Hermosillo, Sonora","publisher":{"@id":"https:\/\/www.sonoraenequipo.com.mx\/#organization"},"potentialAction":[{"@type":"SearchAction","target":{"@type":"EntryPoint","urlTemplate":"https:\/\/www.sonoraenequipo.com.mx\/?s={search_term_string}"},"query-input":{"@type":"PropertyValueSpecification","valueRequired":true,"valueName":"search_term_string"}}],"inLanguage":"es"},{"@type":"Organization","@id":"https:\/\/www.sonoraenequipo.com.mx\/#organization","name":"Sonoraenequipo.com.mx","url":"https:\/\/www.sonoraenequipo.com.mx\/","logo":{"@type":"ImageObject","inLanguage":"es","@id":"https:\/\/www.sonoraenequipo.com.mx\/#\/schema\/logo\/image\/","url":"https:\/\/www.sonoraenequipo.com.mx\/storage\/2019\/01\/sonoraenequipo_opt.png","contentUrl":"https:\/\/www.sonoraenequipo.com.mx\/storage\/2019\/01\/sonoraenequipo_opt.png","width":375,"height":125,"caption":"Sonoraenequipo.com.mx"},"image":{"@id":"https:\/\/www.sonoraenequipo.com.mx\/#\/schema\/logo\/image\/"},"sameAs":["https:\/\/www.facebook.com\/SonoraEE\/","https:\/\/x.com\/sonoraenequipo","https:\/\/www.youtube.com\/channel\/UC338nW-lPEYmJQs4ZABQ1SQ"]},{"@type":"Person","@id":"https:\/\/www.sonoraenequipo.com.mx\/#\/schema\/person\/50102df0fb23a8fa9e8effad8fa81386","name":"enequipo","image":{"@type":"ImageObject","inLanguage":"es","@id":"https:\/\/www.sonoraenequipo.com.mx\/#\/schema\/person\/image\/","url":"https:\/\/secure.gravatar.com\/avatar\/049821681b589dabc0bc20695993ccebb09f5b5d4d790cd9251b97faac7c652b?s=96&d=blank&r=g","contentUrl":"https:\/\/secure.gravatar.com\/avatar\/049821681b589dabc0bc20695993ccebb09f5b5d4d790cd9251b97faac7c652b?s=96&d=blank&r=g","caption":"enequipo"},"sameAs":["https:\/\/www.facebook.com\/SonoraEE"]}]}},"jetpack_featured_media_url":"https:\/\/www.sonoraenequipo.com.mx\/storage\/2024\/01\/ALAMOS.jpg","_links":{"self":[{"href":"https:\/\/www.sonoraenequipo.com.mx\/api\/wp\/v2\/posts\/182022","targetHints":{"allow":["GET"]}}],"collection":[{"href":"https:\/\/www.sonoraenequipo.com.mx\/api\/wp\/v2\/posts"}],"about":[{"href":"https:\/\/www.sonoraenequipo.com.mx\/api\/wp\/v2\/types\/post"}],"author":[{"embeddable":true,"href":"https:\/\/www.sonoraenequipo.com.mx\/api\/wp\/v2\/users\/1"}],"replies":[{"embeddable":true,"href":"https:\/\/www.sonoraenequipo.com.mx\/api\/wp\/v2\/comments?post=182022"}],"version-history":[{"count":1,"href":"https:\/\/www.sonoraenequipo.com.mx\/api\/wp\/v2\/posts\/182022\/revisions"}],"predecessor-version":[{"id":182024,"href":"https:\/\/www.sonoraenequipo.com.mx\/api\/wp\/v2\/posts\/182022\/revisions\/182024"}],"wp:featuredmedia":[{"embeddable":true,"href":"https:\/\/www.sonoraenequipo.com.mx\/api\/wp\/v2\/media\/182023"}],"wp:attachment":[{"href":"https:\/\/www.sonoraenequipo.com.mx\/api\/wp\/v2\/media?parent=182022"}],"wp:term":[{"taxonomy":"category","embeddable":true,"href":"https:\/\/www.sonoraenequipo.com.mx\/api\/wp\/v2\/categories?post=182022"},{"taxonomy":"post_tag","embeddable":true,"href":"https:\/\/www.sonoraenequipo.com.mx\/api\/wp\/v2\/tags?post=182022"}],"curies":[{"name":"wp","href":"https:\/\/api.w.org\/{rel}","templated":true}]}}