{"id":182025,"date":"2024-01-19T17:43:23","date_gmt":"2024-01-20T00:43:23","guid":{"rendered":"https:\/\/www.sonoraenequipo.com.mx\/?p=182025"},"modified":"2024-01-19T17:43:23","modified_gmt":"2024-01-20T00:43:23","slug":"realizara-itesm-sonora-norte-monitoreo-de-medios-con-perspectiva-de-genero-durante-el-proceso-electoral","status":"publish","type":"post","link":"https:\/\/www.sonoraenequipo.com.mx\/realizara-itesm-sonora-norte-monitoreo-de-medios-con-perspectiva-de-genero-durante-el-proceso-electoral\/","title":{"rendered":"Realizar\u00e1 ITESM Sonora Norte monitoreo de medios con perspectiva de g\u00e9nero durante el proceso electoral"},"content":{"rendered":"<p><strong>HERMOSILLO, SONORA,MX.<\/strong><strong>\u02d7\u02d7\u02d7 <\/strong>Profesoras y profesores del Instituto Tecnol\u00f3gico de Monterrey campus Sonora Norte, llevar\u00e1n a cabo el monitoreo y an\u00e1lisis con perspectiva de g\u00e9nero de las transmisiones de programas de radio y televisi\u00f3n que traten temas pol\u00edtico-electorales durante el proceso electoral 2024 en Sonora.<\/p>\n<p>El proyecto est\u00e1 coordinado por Mar\u00eda Ang\u00e9lica L\u00f3pez S\u00e1nchez, directora de la Escuela de Ciencias Sociales y Gobierno y por Carlos Enrique Hidalgo Maraver, director asociado de la Escuela de Humanidades y Educaci\u00f3n.<\/p>\n<p>Este ejercicio ser\u00e1 realizado por 22 profesoras y profesores de diversas disciplinas, principalmente de las escuelas de Ciencias Sociales y Gobierno, Humanidades y Educaci\u00f3n, Negocios e Ingenier\u00edas, durante un periodo de 60 d\u00edas dividido en dos etapas: del 22 de enero al 10 de febrero y del 20 de abril al 29 de mayo.<\/p>\n<p>L\u00f3pez S\u00e1nchez, coordinadora del proyecto, enfatiz\u00f3 la importancia de tener un equipo diverso e interdisciplinario.<\/p>\n<p>\u00abContamos con especialistas en varios campos, lo cual es una fortaleza para lograr resultados que superen las expectativas. Este enfoque integral es clave para abordar la complejidad de las din\u00e1micas de g\u00e9nero en los medios pol\u00edtico-electorales\u00bb.<\/p>\n<p>\u201cAlgo muy importante de este ejercicio es que los resultados se har\u00e1n p\u00fablicos, por lo que la ciudadan\u00eda tendr\u00e1 acceso a informaci\u00f3n veraz, oportuna y objetiva sobre la forma en la que lo medios de comunicaci\u00f3n se dirigen a las personas aspirantes, espec\u00edficamente en las diferencias en trato a hombres y a mujeres\u201d, a\u00f1adi\u00f3.<\/p>\n<p>El monitoreo se centrar\u00e1 en programas de radio y televisi\u00f3n que aborden temas pol\u00edtico-electorales, con el objetivo de identificar posibles sesgos de g\u00e9nero, desequilibrios en la representaci\u00f3n y otras din\u00e1micas que puedan afectar la participaci\u00f3n equitativa de mujeres y hombres en el \u00e1mbito pol\u00edtico.<\/p>\n<p>Carlos Hidalgo, co-coordinador del equipo, resalt\u00f3 la importancia de este tipo de acciones en el compromiso del Tec de Monterrey con el desarrollo democr\u00e1tico de M\u00e9xico: \u00abCreemos que todos los ciudadanos debemos ejercer nuestro derecho al voto y ser part\u00edcipes activos en la vida pol\u00edtica del pa\u00eds. Esta iniciativa es un paso tangible hacia la construcci\u00f3n de un proceso electoral m\u00e1s inclusivo y representativo\u00bb.<\/p>\n<p>La participaci\u00f3n activa del Tec de Monterrey en este proyecto demuestra su compromiso con la formaci\u00f3n de ciudadanos conscientes y su contribuci\u00f3n al fortalecimiento de la democracia a trav\u00e9s de acciones concretas. Con la mira puesta en exceder las expectativas, este equipo diverso se enfrenta al desaf\u00edo de marcar la diferencia en el panorama pol\u00edtico-electoral de Sonora.<\/p>\n<p>La convocatoria lanzada por el IEE Sonora es parte de las acciones para avanzar en el cumplimiento a la Ley de Acceso a las Mujeres a una Vida Libre de Violencia para el Estado de Sonora; el Tec de Monterrey campus Sonora Norte present\u00f3 la propuesta m\u00e1s completa con un proyecto integrado por un equipo interdisciplinario de especialistas en varias ramas profesionales.<\/p>\n<p><strong>Fecha de publicaci\u00f3n viernes <\/strong><strong>\u00a019 de enero de 2024<\/strong><\/p>\n","protected":false},"excerpt":{"rendered":"<p>HERMOSILLO, SONORA,MX.\u02d7\u02d7\u02d7 Profesoras y profesores del Instituto Tecnol\u00f3gico de Monterrey campus Sonora Norte, llevar\u00e1n a&#8230;<\/p>\n","protected":false},"author":1,"featured_media":182026,"comment_status":"open","ping_status":"open","sticky":false,"template":"","format":"standard","meta":{"_monsterinsights_skip_tracking":false,"_monsterinsights_sitenote_active":false,"_monsterinsights_sitenote_note":"","_monsterinsights_sitenote_category":0,"footnotes":""},"categories":[22],"tags":[8820,15],"class_list":["post"],"yoast_head":" \n<title>Sonora en Equipo. Realizar\u00e1 ITESM Sonora Norte monitoreo de medios con perspectiva de g\u00e9nero durante el proceso electoral Sonora<\/title>\n<meta name=\"description\" content=\"HERMOSILLO, SONORA,MX.\u02d7\u02d7\u02d7 Profesoras y profesores del Instituto Tecnol\u00f3gico de Monterrey campus Sonora Norte, llevar\u00e1n a cabo el monitoreo y an\u00e1lisis con En Sonora en Equipo publicamos toda la informaci\u00f3n de Sonora, M\u00e9xico y el Mundo de manera oportuna y busca que la libertad de expresi\u00f3n sea real. Visita nuestro medio informativo publicado desde Hermosillo, Sonora. %\" \/>\n<meta name=\"robots\" content=\"index, follow, max-snippet:-1, max-image-preview:large, max-video-preview:-1\" \/>\n<link rel=\"canonical\" href=\"https:\/\/www.sonoraenequipo.com.mx\/realizara-itesm-sonora-norte-monitoreo-de-medios-con-perspectiva-de-genero-durante-el-proceso-electoral\/\" \/>\n<meta property=\"og:locale\" content=\"es_ES\" \/>\n<meta property=\"og:type\" content=\"article\" \/>\n<meta property=\"og:title\" content=\"Sonora en Equipo. Realizar\u00e1 ITESM Sonora Norte monitoreo de medios con perspectiva de g\u00e9nero durante el proceso electoral Sonora\" \/>\n<meta property=\"og:description\" content=\"HERMOSILLO, SONORA,MX.\u02d7\u02d7\u02d7 Profesoras y profesores del Instituto Tecnol\u00f3gico de Monterrey campus Sonora Norte, llevar\u00e1n a cabo el monitoreo y an\u00e1lisis con En Sonora en Equipo publicamos toda la informaci\u00f3n de Sonora, M\u00e9xico y el Mundo de manera oportuna y busca que la libertad de expresi\u00f3n sea real. Visita nuestro medio informativo publicado desde Hermosillo, Sonora. %\" \/>\n<meta property=\"og:url\" content=\"https:\/\/www.sonoraenequipo.com.mx\/realizara-itesm-sonora-norte-monitoreo-de-medios-con-perspectiva-de-genero-durante-el-proceso-electoral\/\" \/>\n<meta property=\"og:site_name\" content=\"Sonora en Equipo.\" \/>\n<meta property=\"article:publisher\" content=\"https:\/\/www.facebook.com\/SonoraEE\/\" \/>\n<meta property=\"article:author\" content=\"https:\/\/www.facebook.com\/SonoraEE\" \/>\n<meta property=\"article:published_time\" content=\"2024-01-20T00:43:23+00:00\" \/>\n<meta property=\"og:image\" content=\"https:\/\/www.sonoraenequipo.com.mx\/storage\/2024\/01\/ITESM.jpg\" \/>\n\t<meta property=\"og:image:width\" content=\"600\" \/>\n\t<meta property=\"og:image:height\" content=\"398\" \/>\n\t<meta property=\"og:image:type\" content=\"image\/jpeg\" \/>\n<meta name=\"author\" content=\"enequipo\" \/>\n<meta name=\"twitter:card\" content=\"summary_large_image\" \/>\n<meta name=\"twitter:creator\" content=\"@sonoraenequipo\" \/>\n<meta name=\"twitter:site\" content=\"@sonoraenequipo\" \/>\n<meta name=\"twitter:label1\" content=\"Escrito por\" \/>\n\t<meta name=\"twitter:data1\" content=\"enequipo\" \/>\n\t<meta name=\"twitter:label2\" content=\"Tiempo de lectura\" \/>\n\t<meta name=\"twitter:data2\" content=\"3 minutos\" \/>\n<script type=\"application\/ld+json\" class=\"yoast-schema-graph\">{\"@context\":\"https:\/\/schema.org\",\"@graph\":[{\"@type\":\"Article\",\"@id\":\"https:\/\/www.sonoraenequipo.com.mx\/realizara-itesm-sonora-norte-monitoreo-de-medios-con-perspectiva-de-genero-durante-el-proceso-electoral\/#article\",\"isPartOf\":{\"@id\":\"https:\/\/www.sonoraenequipo.com.mx\/realizara-itesm-sonora-norte-monitoreo-de-medios-con-perspectiva-de-genero-durante-el-proceso-electoral\/\"},\"author\":{\"name\":\"enequipo\",\"@id\":\"https:\/\/www.sonoraenequipo.com.mx\/#\/schema\/person\/50102df0fb23a8fa9e8effad8fa81386\"},\"headline\":\"Realizar\u00e1 ITESM Sonora Norte monitoreo de medios con perspectiva de g\u00e9nero durante el proceso electoral\",\"datePublished\":\"2024-01-20T00:43:23+00:00\",\"mainEntityOfPage\":{\"@id\":\"https:\/\/www.sonoraenequipo.com.mx\/realizara-itesm-sonora-norte-monitoreo-de-medios-con-perspectiva-de-genero-durante-el-proceso-electoral\/\"},\"wordCount\":528,\"commentCount\":0,\"publisher\":{\"@id\":\"https:\/\/www.sonoraenequipo.com.mx\/#organization\"},\"image\":{\"@id\":\"https:\/\/www.sonoraenequipo.com.mx\/realizara-itesm-sonora-norte-monitoreo-de-medios-con-perspectiva-de-genero-durante-el-proceso-electoral\/#primaryimage\"},\"thumbnailUrl\":\"https:\/\/www.sonoraenequipo.com.mx\/storage\/2024\/01\/ITESM.jpg\",\"keywords\":[\"PEF2024\",\"Sonora\"],\"articleSection\":[\"Sonora\"],\"inLanguage\":\"es\",\"potentialAction\":[{\"@type\":\"CommentAction\",\"name\":\"Comment\",\"target\":[\"https:\/\/www.sonoraenequipo.com.mx\/realizara-itesm-sonora-norte-monitoreo-de-medios-con-perspectiva-de-genero-durante-el-proceso-electoral\/#respond\"]}]},{\"@type\":\"WebPage\",\"@id\":\"https:\/\/www.sonoraenequipo.com.mx\/realizara-itesm-sonora-norte-monitoreo-de-medios-con-perspectiva-de-genero-durante-el-proceso-electoral\/\",\"url\":\"https:\/\/www.sonoraenequipo.com.mx\/realizara-itesm-sonora-norte-monitoreo-de-medios-con-perspectiva-de-genero-durante-el-proceso-electoral\/\",\"name\":\"Sonora en Equipo. Realizar\u00e1 ITESM Sonora Norte monitoreo de medios con perspectiva de g\u00e9nero durante el proceso electoral Sonora\",\"isPartOf\":{\"@id\":\"https:\/\/www.sonoraenequipo.com.mx\/#website\"},\"primaryImageOfPage\":{\"@id\":\"https:\/\/www.sonoraenequipo.com.mx\/realizara-itesm-sonora-norte-monitoreo-de-medios-con-perspectiva-de-genero-durante-el-proceso-electoral\/#primaryimage\"},\"image\":{\"@id\":\"https:\/\/www.sonoraenequipo.com.mx\/realizara-itesm-sonora-norte-monitoreo-de-medios-con-perspectiva-de-genero-durante-el-proceso-electoral\/#primaryimage\"},\"thumbnailUrl\":\"https:\/\/www.sonoraenequipo.com.mx\/storage\/2024\/01\/ITESM.jpg\",\"datePublished\":\"2024-01-20T00:43:23+00:00\",\"description\":\"HERMOSILLO, SONORA,MX.\u02d7\u02d7\u02d7 Profesoras y profesores del Instituto Tecnol\u00f3gico de Monterrey campus Sonora Norte, llevar\u00e1n a cabo el monitoreo y an\u00e1lisis con En Sonora en Equipo publicamos toda la informaci\u00f3n de Sonora, M\u00e9xico y el Mundo de manera oportuna y busca que la libertad de expresi\u00f3n sea real. Visita nuestro medio informativo publicado desde Hermosillo, Sonora. %\",\"breadcrumb\":{\"@id\":\"https:\/\/www.sonoraenequipo.com.mx\/realizara-itesm-sonora-norte-monitoreo-de-medios-con-perspectiva-de-genero-durante-el-proceso-electoral\/#breadcrumb\"},\"inLanguage\":\"es\",\"potentialAction\":[{\"@type\":\"ReadAction\",\"target\":[\"https:\/\/www.sonoraenequipo.com.mx\/realizara-itesm-sonora-norte-monitoreo-de-medios-con-perspectiva-de-genero-durante-el-proceso-electoral\/\"]}]},{\"@type\":\"ImageObject\",\"inLanguage\":\"es\",\"@id\":\"https:\/\/www.sonoraenequipo.com.mx\/realizara-itesm-sonora-norte-monitoreo-de-medios-con-perspectiva-de-genero-durante-el-proceso-electoral\/#primaryimage\",\"url\":\"https:\/\/www.sonoraenequipo.com.mx\/storage\/2024\/01\/ITESM.jpg\",\"contentUrl\":\"https:\/\/www.sonoraenequipo.com.mx\/storage\/2024\/01\/ITESM.jpg\",\"width\":600,\"height\":398},{\"@type\":\"BreadcrumbList\",\"@id\":\"https:\/\/www.sonoraenequipo.com.mx\/realizara-itesm-sonora-norte-monitoreo-de-medios-con-perspectiva-de-genero-durante-el-proceso-electoral\/#breadcrumb\",\"itemListElement\":[{\"@type\":\"ListItem\",\"position\":1,\"name\":\"Portada\",\"item\":\"https:\/\/www.sonoraenequipo.com.mx\/\"},{\"@type\":\"ListItem\",\"position\":2,\"name\":\"Realizar\u00e1 ITESM Sonora Norte monitoreo de medios con perspectiva de g\u00e9nero durante el proceso electoral\"}]},{\"@type\":\"WebSite\",\"@id\":\"https:\/\/www.sonoraenequipo.com.mx\/#website\",\"url\":\"https:\/\/www.sonoraenequipo.com.mx\/\",\"name\":\"Sonora en Equipo.\",\"description\":\"Diario en l\u00ednea con Noticias desde Hermosillo, Sonora\",\"publisher\":{\"@id\":\"https:\/\/www.sonoraenequipo.com.mx\/#organization\"},\"potentialAction\":[{\"@type\":\"SearchAction\",\"target\":{\"@type\":\"EntryPoint\",\"urlTemplate\":\"https:\/\/www.sonoraenequipo.com.mx\/?s={search_term_string}\"},\"query-input\":{\"@type\":\"PropertyValueSpecification\",\"valueRequired\":true,\"valueName\":\"search_term_string\"}}],\"inLanguage\":\"es\"},{\"@type\":\"Organization\",\"@id\":\"https:\/\/www.sonoraenequipo.com.mx\/#organization\",\"name\":\"Sonoraenequipo.com.mx\",\"url\":\"https:\/\/www.sonoraenequipo.com.mx\/\",\"logo\":{\"@type\":\"ImageObject\",\"inLanguage\":\"es\",\"@id\":\"https:\/\/www.sonoraenequipo.com.mx\/#\/schema\/logo\/image\/\",\"url\":\"https:\/\/www.sonoraenequipo.com.mx\/storage\/2019\/01\/sonoraenequipo_opt.png\",\"contentUrl\":\"https:\/\/www.sonoraenequipo.com.mx\/storage\/2019\/01\/sonoraenequipo_opt.png\",\"width\":375,\"height\":125,\"caption\":\"Sonoraenequipo.com.mx\"},\"image\":{\"@id\":\"https:\/\/www.sonoraenequipo.com.mx\/#\/schema\/logo\/image\/\"},\"sameAs\":[\"https:\/\/www.facebook.com\/SonoraEE\/\",\"https:\/\/x.com\/sonoraenequipo\",\"https:\/\/www.youtube.com\/channel\/UC338nW-lPEYmJQs4ZABQ1SQ\"]},{\"@type\":\"Person\",\"@id\":\"https:\/\/www.sonoraenequipo.com.mx\/#\/schema\/person\/50102df0fb23a8fa9e8effad8fa81386\",\"name\":\"enequipo\",\"image\":{\"@type\":\"ImageObject\",\"inLanguage\":\"es\",\"@id\":\"https:\/\/www.sonoraenequipo.com.mx\/#\/schema\/person\/image\/\",\"url\":\"https:\/\/secure.gravatar.com\/avatar\/049821681b589dabc0bc20695993ccebb09f5b5d4d790cd9251b97faac7c652b?s=96&d=blank&r=g\",\"contentUrl\":\"https:\/\/secure.gravatar.com\/avatar\/049821681b589dabc0bc20695993ccebb09f5b5d4d790cd9251b97faac7c652b?s=96&d=blank&r=g\",\"caption\":\"enequipo\"},\"sameAs\":[\"https:\/\/www.facebook.com\/SonoraEE\"]}]}<\/script>\n ","yoast_head_json":{"title":"Sonora en Equipo. Realizar\u00e1 ITESM Sonora Norte monitoreo de medios con perspectiva de g\u00e9nero durante el proceso electoral Sonora","description":"HERMOSILLO, SONORA,MX.\u02d7\u02d7\u02d7 Profesoras y profesores del Instituto Tecnol\u00f3gico de Monterrey campus Sonora Norte, llevar\u00e1n a cabo el monitoreo y an\u00e1lisis con En Sonora en Equipo publicamos toda la informaci\u00f3n de Sonora, M\u00e9xico y el Mundo de manera oportuna y busca que la libertad de expresi\u00f3n sea real. Visita nuestro medio informativo publicado desde Hermosillo, Sonora. %","robots":{"index":"index","follow":"follow","max-snippet":"max-snippet:-1","max-image-preview":"max-image-preview:large","max-video-preview":"max-video-preview:-1"},"canonical":"https:\/\/www.sonoraenequipo.com.mx\/realizara-itesm-sonora-norte-monitoreo-de-medios-con-perspectiva-de-genero-durante-el-proceso-electoral\/","og_locale":"es_ES","og_type":"article","og_title":"Sonora en Equipo. Realizar\u00e1 ITESM Sonora Norte monitoreo de medios con perspectiva de g\u00e9nero durante el proceso electoral Sonora","og_description":"HERMOSILLO, SONORA,MX.\u02d7\u02d7\u02d7 Profesoras y profesores del Instituto Tecnol\u00f3gico de Monterrey campus Sonora Norte, llevar\u00e1n a cabo el monitoreo y an\u00e1lisis con En Sonora en Equipo publicamos toda la informaci\u00f3n de Sonora, M\u00e9xico y el Mundo de manera oportuna y busca que la libertad de expresi\u00f3n sea real. Visita nuestro medio informativo publicado desde Hermosillo, Sonora. %","og_url":"https:\/\/www.sonoraenequipo.com.mx\/realizara-itesm-sonora-norte-monitoreo-de-medios-con-perspectiva-de-genero-durante-el-proceso-electoral\/","og_site_name":"Sonora en Equipo.","article_publisher":"https:\/\/www.facebook.com\/SonoraEE\/","article_author":"https:\/\/www.facebook.com\/SonoraEE","article_published_time":"2024-01-20T00:43:23+00:00","og_image":[{"width":600,"height":398,"url":"https:\/\/www.sonoraenequipo.com.mx\/storage\/2024\/01\/ITESM.jpg","type":"image\/jpeg"}],"author":"enequipo","twitter_card":"summary_large_image","twitter_creator":"@sonoraenequipo","twitter_site":"@sonoraenequipo","twitter_misc":{"Escrito por":"enequipo","Tiempo de lectura":"3 minutos"},"schema":{"@context":"https:\/\/schema.org","@graph":[{"@type":"Article","@id":"https:\/\/www.sonoraenequipo.com.mx\/realizara-itesm-sonora-norte-monitoreo-de-medios-con-perspectiva-de-genero-durante-el-proceso-electoral\/#article","isPartOf":{"@id":"https:\/\/www.sonoraenequipo.com.mx\/realizara-itesm-sonora-norte-monitoreo-de-medios-con-perspectiva-de-genero-durante-el-proceso-electoral\/"},"author":{"name":"enequipo","@id":"https:\/\/www.sonoraenequipo.com.mx\/#\/schema\/person\/50102df0fb23a8fa9e8effad8fa81386"},"headline":"Realizar\u00e1 ITESM Sonora Norte monitoreo de medios con perspectiva de g\u00e9nero durante el proceso electoral","datePublished":"2024-01-20T00:43:23+00:00","mainEntityOfPage":{"@id":"https:\/\/www.sonoraenequipo.com.mx\/realizara-itesm-sonora-norte-monitoreo-de-medios-con-perspectiva-de-genero-durante-el-proceso-electoral\/"},"wordCount":528,"commentCount":0,"publisher":{"@id":"https:\/\/www.sonoraenequipo.com.mx\/#organization"},"image":{"@id":"https:\/\/www.sonoraenequipo.com.mx\/realizara-itesm-sonora-norte-monitoreo-de-medios-con-perspectiva-de-genero-durante-el-proceso-electoral\/#primaryimage"},"thumbnailUrl":"https:\/\/www.sonoraenequipo.com.mx\/storage\/2024\/01\/ITESM.jpg","keywords":["PEF2024","Sonora"],"articleSection":["Sonora"],"inLanguage":"es","potentialAction":[{"@type":"CommentAction","name":"Comment","target":["https:\/\/www.sonoraenequipo.com.mx\/realizara-itesm-sonora-norte-monitoreo-de-medios-con-perspectiva-de-genero-durante-el-proceso-electoral\/#respond"]}]},{"@type":"WebPage","@id":"https:\/\/www.sonoraenequipo.com.mx\/realizara-itesm-sonora-norte-monitoreo-de-medios-con-perspectiva-de-genero-durante-el-proceso-electoral\/","url":"https:\/\/www.sonoraenequipo.com.mx\/realizara-itesm-sonora-norte-monitoreo-de-medios-con-perspectiva-de-genero-durante-el-proceso-electoral\/","name":"Sonora en Equipo. Realizar\u00e1 ITESM Sonora Norte monitoreo de medios con perspectiva de g\u00e9nero durante el proceso electoral Sonora","isPartOf":{"@id":"https:\/\/www.sonoraenequipo.com.mx\/#website"},"primaryImageOfPage":{"@id":"https:\/\/www.sonoraenequipo.com.mx\/realizara-itesm-sonora-norte-monitoreo-de-medios-con-perspectiva-de-genero-durante-el-proceso-electoral\/#primaryimage"},"image":{"@id":"https:\/\/www.sonoraenequipo.com.mx\/realizara-itesm-sonora-norte-monitoreo-de-medios-con-perspectiva-de-genero-durante-el-proceso-electoral\/#primaryimage"},"thumbnailUrl":"https:\/\/www.sonoraenequipo.com.mx\/storage\/2024\/01\/ITESM.jpg","datePublished":"2024-01-20T00:43:23+00:00","description":"HERMOSILLO, SONORA,MX.\u02d7\u02d7\u02d7 Profesoras y profesores del Instituto Tecnol\u00f3gico de Monterrey campus Sonora Norte, llevar\u00e1n a cabo el monitoreo y an\u00e1lisis con En Sonora en Equipo publicamos toda la informaci\u00f3n de Sonora, M\u00e9xico y el Mundo de manera oportuna y busca que la libertad de expresi\u00f3n sea real. Visita nuestro medio informativo publicado desde Hermosillo, Sonora. %","breadcrumb":{"@id":"https:\/\/www.sonoraenequipo.com.mx\/realizara-itesm-sonora-norte-monitoreo-de-medios-con-perspectiva-de-genero-durante-el-proceso-electoral\/#breadcrumb"},"inLanguage":"es","potentialAction":[{"@type":"ReadAction","target":["https:\/\/www.sonoraenequipo.com.mx\/realizara-itesm-sonora-norte-monitoreo-de-medios-con-perspectiva-de-genero-durante-el-proceso-electoral\/"]}]},{"@type":"ImageObject","inLanguage":"es","@id":"https:\/\/www.sonoraenequipo.com.mx\/realizara-itesm-sonora-norte-monitoreo-de-medios-con-perspectiva-de-genero-durante-el-proceso-electoral\/#primaryimage","url":"https:\/\/www.sonoraenequipo.com.mx\/storage\/2024\/01\/ITESM.jpg","contentUrl":"https:\/\/www.sonoraenequipo.com.mx\/storage\/2024\/01\/ITESM.jpg","width":600,"height":398},{"@type":"BreadcrumbList","@id":"https:\/\/www.sonoraenequipo.com.mx\/realizara-itesm-sonora-norte-monitoreo-de-medios-con-perspectiva-de-genero-durante-el-proceso-electoral\/#breadcrumb","itemListElement":[{"@type":"ListItem","position":1,"name":"Portada","item":"https:\/\/www.sonoraenequipo.com.mx\/"},{"@type":"ListItem","position":2,"name":"Realizar\u00e1 ITESM Sonora Norte monitoreo de medios con perspectiva de g\u00e9nero durante el proceso electoral"}]},{"@type":"WebSite","@id":"https:\/\/www.sonoraenequipo.com.mx\/#website","url":"https:\/\/www.sonoraenequipo.com.mx\/","name":"Sonora en Equipo.","description":"Diario en l\u00ednea con Noticias desde Hermosillo, Sonora","publisher":{"@id":"https:\/\/www.sonoraenequipo.com.mx\/#organization"},"potentialAction":[{"@type":"SearchAction","target":{"@type":"EntryPoint","urlTemplate":"https:\/\/www.sonoraenequipo.com.mx\/?s={search_term_string}"},"query-input":{"@type":"PropertyValueSpecification","valueRequired":true,"valueName":"search_term_string"}}],"inLanguage":"es"},{"@type":"Organization","@id":"https:\/\/www.sonoraenequipo.com.mx\/#organization","name":"Sonoraenequipo.com.mx","url":"https:\/\/www.sonoraenequipo.com.mx\/","logo":{"@type":"ImageObject","inLanguage":"es","@id":"https:\/\/www.sonoraenequipo.com.mx\/#\/schema\/logo\/image\/","url":"https:\/\/www.sonoraenequipo.com.mx\/storage\/2019\/01\/sonoraenequipo_opt.png","contentUrl":"https:\/\/www.sonoraenequipo.com.mx\/storage\/2019\/01\/sonoraenequipo_opt.png","width":375,"height":125,"caption":"Sonoraenequipo.com.mx"},"image":{"@id":"https:\/\/www.sonoraenequipo.com.mx\/#\/schema\/logo\/image\/"},"sameAs":["https:\/\/www.facebook.com\/SonoraEE\/","https:\/\/x.com\/sonoraenequipo","https:\/\/www.youtube.com\/channel\/UC338nW-lPEYmJQs4ZABQ1SQ"]},{"@type":"Person","@id":"https:\/\/www.sonoraenequipo.com.mx\/#\/schema\/person\/50102df0fb23a8fa9e8effad8fa81386","name":"enequipo","image":{"@type":"ImageObject","inLanguage":"es","@id":"https:\/\/www.sonoraenequipo.com.mx\/#\/schema\/person\/image\/","url":"https:\/\/secure.gravatar.com\/avatar\/049821681b589dabc0bc20695993ccebb09f5b5d4d790cd9251b97faac7c652b?s=96&d=blank&r=g","contentUrl":"https:\/\/secure.gravatar.com\/avatar\/049821681b589dabc0bc20695993ccebb09f5b5d4d790cd9251b97faac7c652b?s=96&d=blank&r=g","caption":"enequipo"},"sameAs":["https:\/\/www.facebook.com\/SonoraEE"]}]}},"jetpack_featured_media_url":"https:\/\/www.sonoraenequipo.com.mx\/storage\/2024\/01\/ITESM.jpg","_links":{"self":[{"href":"https:\/\/www.sonoraenequipo.com.mx\/api\/wp\/v2\/posts\/182025","targetHints":{"allow":["GET"]}}],"collection":[{"href":"https:\/\/www.sonoraenequipo.com.mx\/api\/wp\/v2\/posts"}],"about":[{"href":"https:\/\/www.sonoraenequipo.com.mx\/api\/wp\/v2\/types\/post"}],"author":[{"embeddable":true,"href":"https:\/\/www.sonoraenequipo.com.mx\/api\/wp\/v2\/users\/1"}],"replies":[{"embeddable":true,"href":"https:\/\/www.sonoraenequipo.com.mx\/api\/wp\/v2\/comments?post=182025"}],"version-history":[{"count":1,"href":"https:\/\/www.sonoraenequipo.com.mx\/api\/wp\/v2\/posts\/182025\/revisions"}],"predecessor-version":[{"id":182027,"href":"https:\/\/www.sonoraenequipo.com.mx\/api\/wp\/v2\/posts\/182025\/revisions\/182027"}],"wp:featuredmedia":[{"embeddable":true,"href":"https:\/\/www.sonoraenequipo.com.mx\/api\/wp\/v2\/media\/182026"}],"wp:attachment":[{"href":"https:\/\/www.sonoraenequipo.com.mx\/api\/wp\/v2\/media?parent=182025"}],"wp:term":[{"taxonomy":"category","embeddable":true,"href":"https:\/\/www.sonoraenequipo.com.mx\/api\/wp\/v2\/categories?post=182025"},{"taxonomy":"post_tag","embeddable":true,"href":"https:\/\/www.sonoraenequipo.com.mx\/api\/wp\/v2\/tags?post=182025"}],"curies":[{"name":"wp","href":"https:\/\/api.w.org\/{rel}","templated":true}]}}