{"id":182031,"date":"2024-01-19T18:37:13","date_gmt":"2024-01-20T01:37:13","guid":{"rendered":"https:\/\/www.sonoraenequipo.com.mx\/?p=182031"},"modified":"2024-01-19T18:37:13","modified_gmt":"2024-01-20T01:37:13","slug":"adelanta-contraloria-sonora-llamado-a-funcionarios-apresentar-declaracion-patrimonial-2024","status":"publish","type":"post","link":"https:\/\/www.sonoraenequipo.com.mx\/adelanta-contraloria-sonora-llamado-a-funcionarios-apresentar-declaracion-patrimonial-2024\/","title":{"rendered":"Adelanta Contralor\u00eda Sonora llamado a funcionarios apresentar Declaraci\u00f3n Patrimonial 2024"},"content":{"rendered":"<p><strong>HERMOSILLO, SONORA,MX.<\/strong><strong>\u02d7\u02d7\u02d7 <\/strong>El Gobierno de Sonora a trav\u00e9s de la Secretar\u00eda de la Contralor\u00eda General adelant\u00f3 el periodo para que personas funcionarias p\u00fablicas de la administraci\u00f3n estatal, as\u00ed como de organismos aut\u00f3nomos, cumplan con la responsabilidad de presentar la declaraci\u00f3n patrimonial de modificaci\u00f3n 2024, aperturando por primera vez la plataforma desde el mes de enero.<\/p>\n<p>&nbsp;<\/p>\n<p>&nbsp;<\/p>\n<p>&nbsp;<\/p>\n<p>Del 18 de enero al 31 de mayo del 2024, la totalidad de empleadas y empleados de la administraci\u00f3n p\u00fablica estatal deber\u00e1n de presentar obligatoriamente su declaraci\u00f3n patrimonial y de intereses, sin diferenciar niveles jer\u00e1rquicos, seg\u00fan lo establece la Ley de Responsabilidades y Sanciones para el Estado de Sonora, en su art\u00edculo 33.<\/p>\n<p>&nbsp;<\/p>\n<p>&nbsp;<\/p>\n<p>&nbsp;<\/p>\n<p>&nbsp;<\/p>\n<p>&nbsp;<\/p>\n<p>Guillermo Noriega Esparza, contralor estatal, destac\u00f3 que al llegar, la administraci\u00f3n contaba con m\u00e1s de 5 mil 200 omisos de su declaraci\u00f3n patrimonial y derivado de las modificaciones normativas, fomento a la transparencia y rendici\u00f3n de cuentas, para el 2023 se logr\u00f3 abatir el rezago a menos de 34, dando cumplimiento a los compromisos firmes del gobernador Alfonso Durazo por la transformaci\u00f3n de la vida p\u00fablica del estado.<\/p>\n<p>&nbsp;<\/p>\n<p>&nbsp;<\/p>\n<p>&nbsp;<\/p>\n<p>&nbsp;<\/p>\n<p>&nbsp;<\/p>\n<p>Las personas obligadas deber\u00e1n declarar las modificaciones realizadas en su patrimonio, del 1 de enero al 31 de diciembre del 2023, a trav\u00e9s de la nueva plataforma declarason.sonora.gob.mx, y quien incumpla con dicha responsabilidad ser\u00e1 sancionado conforme lo marca la ley como la desactivaci\u00f3n del pago electr\u00f3nico hasta que se cumpla con la obligaci\u00f3n y, de persistir, se podr\u00e1 llegar a la baja del empleado e inhabilitaci\u00f3n del mismo.<\/p>\n<p>&nbsp;<\/p>\n<p>&nbsp;<\/p>\n<p>&nbsp;<\/p>\n<p>Para brindar apoyo y asesor\u00edas, la Contralor\u00eda General extendi\u00f3 su horario de atenci\u00f3n de 8:00 a.m. a 7:00 p.m., en las oficinas de la Direcci\u00f3n General de Integridad, ubicadas en el segundo nivel del Edificio M\u00e9xico del Centro de Gobierno; asimismo puso a disposici\u00f3n el correo electr\u00f3nico declarason@sonora.gob.mx y el tel\u00e9fono 662-217-2168 en sus extensiones 1299, 1300, 1304, 1306, 1312 y 1329.<\/p>\n<p><strong>Fecha de publicaci\u00f3n viernes <\/strong><strong>\u00a019 de enero de 2024<\/strong><\/p>\n<p>&nbsp;<\/p>\n","protected":false},"excerpt":{"rendered":"<p>HERMOSILLO, SONORA,MX.\u02d7\u02d7\u02d7 El Gobierno de Sonora a trav\u00e9s de la Secretar\u00eda de la Contralor\u00eda General&#8230;<\/p>\n","protected":false},"author":1,"featured_media":182032,"comment_status":"open","ping_status":"open","sticky":false,"template":"","format":"standard","meta":{"_monsterinsights_skip_tracking":false,"_monsterinsights_sitenote_active":false,"_monsterinsights_sitenote_note":"","_monsterinsights_sitenote_category":0,"footnotes":""},"categories":[22],"tags":[],"class_list":["post"],"yoast_head":" \n<title>Sonora en Equipo. Adelanta Contralor\u00eda Sonora llamado a funcionarios apresentar Declaraci\u00f3n Patrimonial 2024 Sonora<\/title>\n<meta name=\"description\" content=\"HERMOSILLO, SONORA,MX.\u02d7\u02d7\u02d7 El Gobierno de Sonora a trav\u00e9s de la Secretar\u00eda de la Contralor\u00eda General adelant\u00f3 el periodo para que personas funcionarias En Sonora en Equipo publicamos toda la informaci\u00f3n de Sonora, M\u00e9xico y el Mundo de manera oportuna y busca que la libertad de expresi\u00f3n sea real. Visita nuestro medio informativo publicado desde Hermosillo, Sonora. %\" \/>\n<meta name=\"robots\" content=\"index, follow, max-snippet:-1, max-image-preview:large, max-video-preview:-1\" \/>\n<link rel=\"canonical\" href=\"https:\/\/www.sonoraenequipo.com.mx\/adelanta-contraloria-sonora-llamado-a-funcionarios-apresentar-declaracion-patrimonial-2024\/\" \/>\n<meta property=\"og:locale\" content=\"es_ES\" \/>\n<meta property=\"og:type\" content=\"article\" \/>\n<meta property=\"og:title\" content=\"Sonora en Equipo. Adelanta Contralor\u00eda Sonora llamado a funcionarios apresentar Declaraci\u00f3n Patrimonial 2024 Sonora\" \/>\n<meta property=\"og:description\" content=\"HERMOSILLO, SONORA,MX.\u02d7\u02d7\u02d7 El Gobierno de Sonora a trav\u00e9s de la Secretar\u00eda de la Contralor\u00eda General adelant\u00f3 el periodo para que personas funcionarias En Sonora en Equipo publicamos toda la informaci\u00f3n de Sonora, M\u00e9xico y el Mundo de manera oportuna y busca que la libertad de expresi\u00f3n sea real. Visita nuestro medio informativo publicado desde Hermosillo, Sonora. %\" \/>\n<meta property=\"og:url\" content=\"https:\/\/www.sonoraenequipo.com.mx\/adelanta-contraloria-sonora-llamado-a-funcionarios-apresentar-declaracion-patrimonial-2024\/\" \/>\n<meta property=\"og:site_name\" content=\"Sonora en Equipo.\" \/>\n<meta property=\"article:publisher\" content=\"https:\/\/www.facebook.com\/SonoraEE\/\" \/>\n<meta property=\"article:author\" content=\"https:\/\/www.facebook.com\/SonoraEE\" \/>\n<meta property=\"article:published_time\" content=\"2024-01-20T01:37:13+00:00\" \/>\n<meta property=\"og:image\" content=\"https:\/\/www.sonoraenequipo.com.mx\/storage\/2024\/01\/declaracion.jpg\" \/>\n\t<meta property=\"og:image:width\" content=\"600\" \/>\n\t<meta property=\"og:image:height\" content=\"400\" \/>\n\t<meta property=\"og:image:type\" content=\"image\/jpeg\" \/>\n<meta name=\"author\" content=\"enequipo\" \/>\n<meta name=\"twitter:card\" content=\"summary_large_image\" \/>\n<meta name=\"twitter:creator\" content=\"@sonoraenequipo\" \/>\n<meta name=\"twitter:site\" content=\"@sonoraenequipo\" \/>\n<meta name=\"twitter:label1\" content=\"Escrito por\" \/>\n\t<meta name=\"twitter:data1\" content=\"enequipo\" \/>\n\t<meta name=\"twitter:label2\" content=\"Tiempo de lectura\" \/>\n\t<meta name=\"twitter:data2\" content=\"2 minutos\" \/>\n<script type=\"application\/ld+json\" class=\"yoast-schema-graph\">{\"@context\":\"https:\/\/schema.org\",\"@graph\":[{\"@type\":\"Article\",\"@id\":\"https:\/\/www.sonoraenequipo.com.mx\/adelanta-contraloria-sonora-llamado-a-funcionarios-apresentar-declaracion-patrimonial-2024\/#article\",\"isPartOf\":{\"@id\":\"https:\/\/www.sonoraenequipo.com.mx\/adelanta-contraloria-sonora-llamado-a-funcionarios-apresentar-declaracion-patrimonial-2024\/\"},\"author\":{\"name\":\"enequipo\",\"@id\":\"https:\/\/www.sonoraenequipo.com.mx\/#\/schema\/person\/50102df0fb23a8fa9e8effad8fa81386\"},\"headline\":\"Adelanta Contralor\u00eda Sonora llamado a funcionarios apresentar Declaraci\u00f3n Patrimonial 2024\",\"datePublished\":\"2024-01-20T01:37:13+00:00\",\"mainEntityOfPage\":{\"@id\":\"https:\/\/www.sonoraenequipo.com.mx\/adelanta-contraloria-sonora-llamado-a-funcionarios-apresentar-declaracion-patrimonial-2024\/\"},\"wordCount\":368,\"commentCount\":0,\"publisher\":{\"@id\":\"https:\/\/www.sonoraenequipo.com.mx\/#organization\"},\"image\":{\"@id\":\"https:\/\/www.sonoraenequipo.com.mx\/adelanta-contraloria-sonora-llamado-a-funcionarios-apresentar-declaracion-patrimonial-2024\/#primaryimage\"},\"thumbnailUrl\":\"https:\/\/www.sonoraenequipo.com.mx\/storage\/2024\/01\/declaracion.jpg\",\"articleSection\":[\"Sonora\"],\"inLanguage\":\"es\",\"potentialAction\":[{\"@type\":\"CommentAction\",\"name\":\"Comment\",\"target\":[\"https:\/\/www.sonoraenequipo.com.mx\/adelanta-contraloria-sonora-llamado-a-funcionarios-apresentar-declaracion-patrimonial-2024\/#respond\"]}]},{\"@type\":\"WebPage\",\"@id\":\"https:\/\/www.sonoraenequipo.com.mx\/adelanta-contraloria-sonora-llamado-a-funcionarios-apresentar-declaracion-patrimonial-2024\/\",\"url\":\"https:\/\/www.sonoraenequipo.com.mx\/adelanta-contraloria-sonora-llamado-a-funcionarios-apresentar-declaracion-patrimonial-2024\/\",\"name\":\"Sonora en Equipo. Adelanta Contralor\u00eda Sonora llamado a funcionarios apresentar Declaraci\u00f3n Patrimonial 2024 Sonora\",\"isPartOf\":{\"@id\":\"https:\/\/www.sonoraenequipo.com.mx\/#website\"},\"primaryImageOfPage\":{\"@id\":\"https:\/\/www.sonoraenequipo.com.mx\/adelanta-contraloria-sonora-llamado-a-funcionarios-apresentar-declaracion-patrimonial-2024\/#primaryimage\"},\"image\":{\"@id\":\"https:\/\/www.sonoraenequipo.com.mx\/adelanta-contraloria-sonora-llamado-a-funcionarios-apresentar-declaracion-patrimonial-2024\/#primaryimage\"},\"thumbnailUrl\":\"https:\/\/www.sonoraenequipo.com.mx\/storage\/2024\/01\/declaracion.jpg\",\"datePublished\":\"2024-01-20T01:37:13+00:00\",\"description\":\"HERMOSILLO, SONORA,MX.\u02d7\u02d7\u02d7 El Gobierno de Sonora a trav\u00e9s de la Secretar\u00eda de la Contralor\u00eda General adelant\u00f3 el periodo para que personas funcionarias En Sonora en Equipo publicamos toda la informaci\u00f3n de Sonora, M\u00e9xico y el Mundo de manera oportuna y busca que la libertad de expresi\u00f3n sea real. Visita nuestro medio informativo publicado desde Hermosillo, Sonora. %\",\"breadcrumb\":{\"@id\":\"https:\/\/www.sonoraenequipo.com.mx\/adelanta-contraloria-sonora-llamado-a-funcionarios-apresentar-declaracion-patrimonial-2024\/#breadcrumb\"},\"inLanguage\":\"es\",\"potentialAction\":[{\"@type\":\"ReadAction\",\"target\":[\"https:\/\/www.sonoraenequipo.com.mx\/adelanta-contraloria-sonora-llamado-a-funcionarios-apresentar-declaracion-patrimonial-2024\/\"]}]},{\"@type\":\"ImageObject\",\"inLanguage\":\"es\",\"@id\":\"https:\/\/www.sonoraenequipo.com.mx\/adelanta-contraloria-sonora-llamado-a-funcionarios-apresentar-declaracion-patrimonial-2024\/#primaryimage\",\"url\":\"https:\/\/www.sonoraenequipo.com.mx\/storage\/2024\/01\/declaracion.jpg\",\"contentUrl\":\"https:\/\/www.sonoraenequipo.com.mx\/storage\/2024\/01\/declaracion.jpg\",\"width\":600,\"height\":400},{\"@type\":\"BreadcrumbList\",\"@id\":\"https:\/\/www.sonoraenequipo.com.mx\/adelanta-contraloria-sonora-llamado-a-funcionarios-apresentar-declaracion-patrimonial-2024\/#breadcrumb\",\"itemListElement\":[{\"@type\":\"ListItem\",\"position\":1,\"name\":\"Portada\",\"item\":\"https:\/\/www.sonoraenequipo.com.mx\/\"},{\"@type\":\"ListItem\",\"position\":2,\"name\":\"Adelanta Contralor\u00eda Sonora llamado a funcionarios apresentar Declaraci\u00f3n Patrimonial 2024\"}]},{\"@type\":\"WebSite\",\"@id\":\"https:\/\/www.sonoraenequipo.com.mx\/#website\",\"url\":\"https:\/\/www.sonoraenequipo.com.mx\/\",\"name\":\"Sonora en Equipo.\",\"description\":\"Diario en l\u00ednea con Noticias desde Hermosillo, Sonora\",\"publisher\":{\"@id\":\"https:\/\/www.sonoraenequipo.com.mx\/#organization\"},\"potentialAction\":[{\"@type\":\"SearchAction\",\"target\":{\"@type\":\"EntryPoint\",\"urlTemplate\":\"https:\/\/www.sonoraenequipo.com.mx\/?s={search_term_string}\"},\"query-input\":{\"@type\":\"PropertyValueSpecification\",\"valueRequired\":true,\"valueName\":\"search_term_string\"}}],\"inLanguage\":\"es\"},{\"@type\":\"Organization\",\"@id\":\"https:\/\/www.sonoraenequipo.com.mx\/#organization\",\"name\":\"Sonoraenequipo.com.mx\",\"url\":\"https:\/\/www.sonoraenequipo.com.mx\/\",\"logo\":{\"@type\":\"ImageObject\",\"inLanguage\":\"es\",\"@id\":\"https:\/\/www.sonoraenequipo.com.mx\/#\/schema\/logo\/image\/\",\"url\":\"https:\/\/www.sonoraenequipo.com.mx\/storage\/2019\/01\/sonoraenequipo_opt.png\",\"contentUrl\":\"https:\/\/www.sonoraenequipo.com.mx\/storage\/2019\/01\/sonoraenequipo_opt.png\",\"width\":375,\"height\":125,\"caption\":\"Sonoraenequipo.com.mx\"},\"image\":{\"@id\":\"https:\/\/www.sonoraenequipo.com.mx\/#\/schema\/logo\/image\/\"},\"sameAs\":[\"https:\/\/www.facebook.com\/SonoraEE\/\",\"https:\/\/x.com\/sonoraenequipo\",\"https:\/\/www.youtube.com\/channel\/UC338nW-lPEYmJQs4ZABQ1SQ\"]},{\"@type\":\"Person\",\"@id\":\"https:\/\/www.sonoraenequipo.com.mx\/#\/schema\/person\/50102df0fb23a8fa9e8effad8fa81386\",\"name\":\"enequipo\",\"image\":{\"@type\":\"ImageObject\",\"inLanguage\":\"es\",\"@id\":\"https:\/\/www.sonoraenequipo.com.mx\/#\/schema\/person\/image\/\",\"url\":\"https:\/\/secure.gravatar.com\/avatar\/049821681b589dabc0bc20695993ccebb09f5b5d4d790cd9251b97faac7c652b?s=96&d=blank&r=g\",\"contentUrl\":\"https:\/\/secure.gravatar.com\/avatar\/049821681b589dabc0bc20695993ccebb09f5b5d4d790cd9251b97faac7c652b?s=96&d=blank&r=g\",\"caption\":\"enequipo\"},\"sameAs\":[\"https:\/\/www.facebook.com\/SonoraEE\"]}]}<\/script>\n ","yoast_head_json":{"title":"Sonora en Equipo. Adelanta Contralor\u00eda Sonora llamado a funcionarios apresentar Declaraci\u00f3n Patrimonial 2024 Sonora","description":"HERMOSILLO, SONORA,MX.\u02d7\u02d7\u02d7 El Gobierno de Sonora a trav\u00e9s de la Secretar\u00eda de la Contralor\u00eda General adelant\u00f3 el periodo para que personas funcionarias En Sonora en Equipo publicamos toda la informaci\u00f3n de Sonora, M\u00e9xico y el Mundo de manera oportuna y busca que la libertad de expresi\u00f3n sea real. Visita nuestro medio informativo publicado desde Hermosillo, Sonora. %","robots":{"index":"index","follow":"follow","max-snippet":"max-snippet:-1","max-image-preview":"max-image-preview:large","max-video-preview":"max-video-preview:-1"},"canonical":"https:\/\/www.sonoraenequipo.com.mx\/adelanta-contraloria-sonora-llamado-a-funcionarios-apresentar-declaracion-patrimonial-2024\/","og_locale":"es_ES","og_type":"article","og_title":"Sonora en Equipo. Adelanta Contralor\u00eda Sonora llamado a funcionarios apresentar Declaraci\u00f3n Patrimonial 2024 Sonora","og_description":"HERMOSILLO, SONORA,MX.\u02d7\u02d7\u02d7 El Gobierno de Sonora a trav\u00e9s de la Secretar\u00eda de la Contralor\u00eda General adelant\u00f3 el periodo para que personas funcionarias En Sonora en Equipo publicamos toda la informaci\u00f3n de Sonora, M\u00e9xico y el Mundo de manera oportuna y busca que la libertad de expresi\u00f3n sea real. Visita nuestro medio informativo publicado desde Hermosillo, Sonora. %","og_url":"https:\/\/www.sonoraenequipo.com.mx\/adelanta-contraloria-sonora-llamado-a-funcionarios-apresentar-declaracion-patrimonial-2024\/","og_site_name":"Sonora en Equipo.","article_publisher":"https:\/\/www.facebook.com\/SonoraEE\/","article_author":"https:\/\/www.facebook.com\/SonoraEE","article_published_time":"2024-01-20T01:37:13+00:00","og_image":[{"width":600,"height":400,"url":"https:\/\/www.sonoraenequipo.com.mx\/storage\/2024\/01\/declaracion.jpg","type":"image\/jpeg"}],"author":"enequipo","twitter_card":"summary_large_image","twitter_creator":"@sonoraenequipo","twitter_site":"@sonoraenequipo","twitter_misc":{"Escrito por":"enequipo","Tiempo de lectura":"2 minutos"},"schema":{"@context":"https:\/\/schema.org","@graph":[{"@type":"Article","@id":"https:\/\/www.sonoraenequipo.com.mx\/adelanta-contraloria-sonora-llamado-a-funcionarios-apresentar-declaracion-patrimonial-2024\/#article","isPartOf":{"@id":"https:\/\/www.sonoraenequipo.com.mx\/adelanta-contraloria-sonora-llamado-a-funcionarios-apresentar-declaracion-patrimonial-2024\/"},"author":{"name":"enequipo","@id":"https:\/\/www.sonoraenequipo.com.mx\/#\/schema\/person\/50102df0fb23a8fa9e8effad8fa81386"},"headline":"Adelanta Contralor\u00eda Sonora llamado a funcionarios apresentar Declaraci\u00f3n Patrimonial 2024","datePublished":"2024-01-20T01:37:13+00:00","mainEntityOfPage":{"@id":"https:\/\/www.sonoraenequipo.com.mx\/adelanta-contraloria-sonora-llamado-a-funcionarios-apresentar-declaracion-patrimonial-2024\/"},"wordCount":368,"commentCount":0,"publisher":{"@id":"https:\/\/www.sonoraenequipo.com.mx\/#organization"},"image":{"@id":"https:\/\/www.sonoraenequipo.com.mx\/adelanta-contraloria-sonora-llamado-a-funcionarios-apresentar-declaracion-patrimonial-2024\/#primaryimage"},"thumbnailUrl":"https:\/\/www.sonoraenequipo.com.mx\/storage\/2024\/01\/declaracion.jpg","articleSection":["Sonora"],"inLanguage":"es","potentialAction":[{"@type":"CommentAction","name":"Comment","target":["https:\/\/www.sonoraenequipo.com.mx\/adelanta-contraloria-sonora-llamado-a-funcionarios-apresentar-declaracion-patrimonial-2024\/#respond"]}]},{"@type":"WebPage","@id":"https:\/\/www.sonoraenequipo.com.mx\/adelanta-contraloria-sonora-llamado-a-funcionarios-apresentar-declaracion-patrimonial-2024\/","url":"https:\/\/www.sonoraenequipo.com.mx\/adelanta-contraloria-sonora-llamado-a-funcionarios-apresentar-declaracion-patrimonial-2024\/","name":"Sonora en Equipo. Adelanta Contralor\u00eda Sonora llamado a funcionarios apresentar Declaraci\u00f3n Patrimonial 2024 Sonora","isPartOf":{"@id":"https:\/\/www.sonoraenequipo.com.mx\/#website"},"primaryImageOfPage":{"@id":"https:\/\/www.sonoraenequipo.com.mx\/adelanta-contraloria-sonora-llamado-a-funcionarios-apresentar-declaracion-patrimonial-2024\/#primaryimage"},"image":{"@id":"https:\/\/www.sonoraenequipo.com.mx\/adelanta-contraloria-sonora-llamado-a-funcionarios-apresentar-declaracion-patrimonial-2024\/#primaryimage"},"thumbnailUrl":"https:\/\/www.sonoraenequipo.com.mx\/storage\/2024\/01\/declaracion.jpg","datePublished":"2024-01-20T01:37:13+00:00","description":"HERMOSILLO, SONORA,MX.\u02d7\u02d7\u02d7 El Gobierno de Sonora a trav\u00e9s de la Secretar\u00eda de la Contralor\u00eda General adelant\u00f3 el periodo para que personas funcionarias En Sonora en Equipo publicamos toda la informaci\u00f3n de Sonora, M\u00e9xico y el Mundo de manera oportuna y busca que la libertad de expresi\u00f3n sea real. Visita nuestro medio informativo publicado desde Hermosillo, Sonora. %","breadcrumb":{"@id":"https:\/\/www.sonoraenequipo.com.mx\/adelanta-contraloria-sonora-llamado-a-funcionarios-apresentar-declaracion-patrimonial-2024\/#breadcrumb"},"inLanguage":"es","potentialAction":[{"@type":"ReadAction","target":["https:\/\/www.sonoraenequipo.com.mx\/adelanta-contraloria-sonora-llamado-a-funcionarios-apresentar-declaracion-patrimonial-2024\/"]}]},{"@type":"ImageObject","inLanguage":"es","@id":"https:\/\/www.sonoraenequipo.com.mx\/adelanta-contraloria-sonora-llamado-a-funcionarios-apresentar-declaracion-patrimonial-2024\/#primaryimage","url":"https:\/\/www.sonoraenequipo.com.mx\/storage\/2024\/01\/declaracion.jpg","contentUrl":"https:\/\/www.sonoraenequipo.com.mx\/storage\/2024\/01\/declaracion.jpg","width":600,"height":400},{"@type":"BreadcrumbList","@id":"https:\/\/www.sonoraenequipo.com.mx\/adelanta-contraloria-sonora-llamado-a-funcionarios-apresentar-declaracion-patrimonial-2024\/#breadcrumb","itemListElement":[{"@type":"ListItem","position":1,"name":"Portada","item":"https:\/\/www.sonoraenequipo.com.mx\/"},{"@type":"ListItem","position":2,"name":"Adelanta Contralor\u00eda Sonora llamado a funcionarios apresentar Declaraci\u00f3n Patrimonial 2024"}]},{"@type":"WebSite","@id":"https:\/\/www.sonoraenequipo.com.mx\/#website","url":"https:\/\/www.sonoraenequipo.com.mx\/","name":"Sonora en Equipo.","description":"Diario en l\u00ednea con Noticias desde Hermosillo, Sonora","publisher":{"@id":"https:\/\/www.sonoraenequipo.com.mx\/#organization"},"potentialAction":[{"@type":"SearchAction","target":{"@type":"EntryPoint","urlTemplate":"https:\/\/www.sonoraenequipo.com.mx\/?s={search_term_string}"},"query-input":{"@type":"PropertyValueSpecification","valueRequired":true,"valueName":"search_term_string"}}],"inLanguage":"es"},{"@type":"Organization","@id":"https:\/\/www.sonoraenequipo.com.mx\/#organization","name":"Sonoraenequipo.com.mx","url":"https:\/\/www.sonoraenequipo.com.mx\/","logo":{"@type":"ImageObject","inLanguage":"es","@id":"https:\/\/www.sonoraenequipo.com.mx\/#\/schema\/logo\/image\/","url":"https:\/\/www.sonoraenequipo.com.mx\/storage\/2019\/01\/sonoraenequipo_opt.png","contentUrl":"https:\/\/www.sonoraenequipo.com.mx\/storage\/2019\/01\/sonoraenequipo_opt.png","width":375,"height":125,"caption":"Sonoraenequipo.com.mx"},"image":{"@id":"https:\/\/www.sonoraenequipo.com.mx\/#\/schema\/logo\/image\/"},"sameAs":["https:\/\/www.facebook.com\/SonoraEE\/","https:\/\/x.com\/sonoraenequipo","https:\/\/www.youtube.com\/channel\/UC338nW-lPEYmJQs4ZABQ1SQ"]},{"@type":"Person","@id":"https:\/\/www.sonoraenequipo.com.mx\/#\/schema\/person\/50102df0fb23a8fa9e8effad8fa81386","name":"enequipo","image":{"@type":"ImageObject","inLanguage":"es","@id":"https:\/\/www.sonoraenequipo.com.mx\/#\/schema\/person\/image\/","url":"https:\/\/secure.gravatar.com\/avatar\/049821681b589dabc0bc20695993ccebb09f5b5d4d790cd9251b97faac7c652b?s=96&d=blank&r=g","contentUrl":"https:\/\/secure.gravatar.com\/avatar\/049821681b589dabc0bc20695993ccebb09f5b5d4d790cd9251b97faac7c652b?s=96&d=blank&r=g","caption":"enequipo"},"sameAs":["https:\/\/www.facebook.com\/SonoraEE"]}]}},"jetpack_featured_media_url":"https:\/\/www.sonoraenequipo.com.mx\/storage\/2024\/01\/declaracion.jpg","_links":{"self":[{"href":"https:\/\/www.sonoraenequipo.com.mx\/api\/wp\/v2\/posts\/182031","targetHints":{"allow":["GET"]}}],"collection":[{"href":"https:\/\/www.sonoraenequipo.com.mx\/api\/wp\/v2\/posts"}],"about":[{"href":"https:\/\/www.sonoraenequipo.com.mx\/api\/wp\/v2\/types\/post"}],"author":[{"embeddable":true,"href":"https:\/\/www.sonoraenequipo.com.mx\/api\/wp\/v2\/users\/1"}],"replies":[{"embeddable":true,"href":"https:\/\/www.sonoraenequipo.com.mx\/api\/wp\/v2\/comments?post=182031"}],"version-history":[{"count":1,"href":"https:\/\/www.sonoraenequipo.com.mx\/api\/wp\/v2\/posts\/182031\/revisions"}],"predecessor-version":[{"id":182033,"href":"https:\/\/www.sonoraenequipo.com.mx\/api\/wp\/v2\/posts\/182031\/revisions\/182033"}],"wp:featuredmedia":[{"embeddable":true,"href":"https:\/\/www.sonoraenequipo.com.mx\/api\/wp\/v2\/media\/182032"}],"wp:attachment":[{"href":"https:\/\/www.sonoraenequipo.com.mx\/api\/wp\/v2\/media?parent=182031"}],"wp:term":[{"taxonomy":"category","embeddable":true,"href":"https:\/\/www.sonoraenequipo.com.mx\/api\/wp\/v2\/categories?post=182031"},{"taxonomy":"post_tag","embeddable":true,"href":"https:\/\/www.sonoraenequipo.com.mx\/api\/wp\/v2\/tags?post=182031"}],"curies":[{"name":"wp","href":"https:\/\/api.w.org\/{rel}","templated":true}]}}