{"id":182034,"date":"2024-01-19T19:05:03","date_gmt":"2024-01-20T02:05:03","guid":{"rendered":"https:\/\/www.sonoraenequipo.com.mx\/?p=182034"},"modified":"2024-01-19T19:05:03","modified_gmt":"2024-01-20T02:05:03","slug":"genera-plan-sonora-gran-interes-en-foro-economico-mundial-de-davos","status":"publish","type":"post","link":"https:\/\/www.sonoraenequipo.com.mx\/genera-plan-sonora-gran-interes-en-foro-economico-mundial-de-davos\/","title":{"rendered":"Genera Plan Sonora gran inter\u00e9s en Foro Econ\u00f3mico Mundial de Davos"},"content":{"rendered":"<p><strong>DAVOS SUIZA.<\/strong><strong>\u02d7\u02d7\u02d7<\/strong> Con propuestas para la instalaci\u00f3n de nuevas empresas internacionales de los giros aeroespacial, transporte mar\u00edtimo y electromovilidad, concluy\u00f3 de manera satisfactoria la intervenci\u00f3n de Sonora en el Foro Econ\u00f3mico Mundial de Davos 2024, inform\u00f3 el gobernador Alfonso Durazo Monta\u00f1o.<\/p>\n<p>&nbsp;<\/p>\n<p>&nbsp;<\/p>\n<p>&nbsp;<\/p>\n<p>El mandatario sonorense destac\u00f3 la relevancia que se le dio al estado de Sonora en esta cumbre mundial en Europa, con la presentaci\u00f3n del Plan Sonora de Energ\u00eda Sostenible como una de las iniciativas m\u00e1s innovadoras para acercar a los centros financieros globales y permitir la llegada de grandes inversiones.<\/p>\n<p>&nbsp;<\/p>\n<p>&nbsp;<\/p>\n<p>&nbsp;<\/p>\n<p>\u201cConcluimos exitosamente nuestra intervenci\u00f3n en este foro mundial, con acciones como estas en las que tenemos la oportunidad de interactuar con las empresas y fondos de inversi\u00f3n m\u00e1s importantes del mundo, proyectamos nuestro estado a nivel mundial para atraer mayor inversi\u00f3n y generar mayor bienestar\u201d, se\u00f1al\u00f3.<\/p>\n<p>&nbsp;<\/p>\n<p>&nbsp;<\/p>\n<p>&nbsp;<\/p>\n<p>Durante las conferencias y entrevistas que se realizaron en el foro mundial de Davos, el gobernador mencion\u00f3 que tuvo la oportunidad de negociar nuevos proyectos con directivos de empresas de talla internacional como Justin Bird, director general de Sempra Infraestructura, Hassan El-Houry, CEO de Menzies Aviation y Eugene Mayne, CEO de Tristar, empresa de transporte mar\u00edtimo.<\/p>\n<p>&nbsp;<\/p>\n<p>&nbsp;<\/p>\n<p>&nbsp;<\/p>\n<p>De esta forma, detall\u00f3, se proyectaron nuevas iniciativas en el estado para impulsar el desarrollo y bienestar de las y los sonorenses.<\/p>\n<p><strong>Fecha de publicaci\u00f3n viernes <\/strong><strong>\u00a019 de enero de 2024<\/strong><\/p>\n","protected":false},"excerpt":{"rendered":"<p>DAVOS SUIZA.\u02d7\u02d7\u02d7 Con propuestas para la instalaci\u00f3n de nuevas empresas internacionales de los giros aeroespacial,&#8230;<\/p>\n","protected":false},"author":1,"featured_media":182035,"comment_status":"open","ping_status":"open","sticky":false,"template":"","format":"standard","meta":{"_monsterinsights_skip_tracking":false,"_monsterinsights_sitenote_active":false,"_monsterinsights_sitenote_note":"","_monsterinsights_sitenote_category":0,"footnotes":""},"categories":[22],"tags":[93,15],"class_list":["post"],"yoast_head":" \n<title>Sonora en Equipo. Genera Plan Sonora gran inter\u00e9s en Foro Econ\u00f3mico Mundial de Davos Sonora<\/title>\n<meta name=\"description\" content=\"DAVOS SUIZA.\u02d7\u02d7\u02d7 Con propuestas para la instalaci\u00f3n de nuevas empresas internacionales de los giros aeroespacial, transporte mar\u00edtimo y electromovilidad, En Sonora en Equipo publicamos toda la informaci\u00f3n de Sonora, M\u00e9xico y el Mundo de manera oportuna y busca que la libertad de expresi\u00f3n sea real. Visita nuestro medio informativo publicado desde Hermosillo, Sonora. %\" \/>\n<meta name=\"robots\" content=\"index, follow, max-snippet:-1, max-image-preview:large, max-video-preview:-1\" \/>\n<link rel=\"canonical\" href=\"https:\/\/www.sonoraenequipo.com.mx\/genera-plan-sonora-gran-interes-en-foro-economico-mundial-de-davos\/\" \/>\n<meta property=\"og:locale\" content=\"es_ES\" \/>\n<meta property=\"og:type\" content=\"article\" \/>\n<meta property=\"og:title\" content=\"Sonora en Equipo. Genera Plan Sonora gran inter\u00e9s en Foro Econ\u00f3mico Mundial de Davos Sonora\" \/>\n<meta property=\"og:description\" content=\"DAVOS SUIZA.\u02d7\u02d7\u02d7 Con propuestas para la instalaci\u00f3n de nuevas empresas internacionales de los giros aeroespacial, transporte mar\u00edtimo y electromovilidad, En Sonora en Equipo publicamos toda la informaci\u00f3n de Sonora, M\u00e9xico y el Mundo de manera oportuna y busca que la libertad de expresi\u00f3n sea real. Visita nuestro medio informativo publicado desde Hermosillo, Sonora. %\" \/>\n<meta property=\"og:url\" content=\"https:\/\/www.sonoraenequipo.com.mx\/genera-plan-sonora-gran-interes-en-foro-economico-mundial-de-davos\/\" \/>\n<meta property=\"og:site_name\" content=\"Sonora en Equipo.\" \/>\n<meta property=\"article:publisher\" content=\"https:\/\/www.facebook.com\/SonoraEE\/\" \/>\n<meta property=\"article:author\" content=\"https:\/\/www.facebook.com\/SonoraEE\" \/>\n<meta property=\"article:published_time\" content=\"2024-01-20T02:05:03+00:00\" \/>\n<meta property=\"og:image\" content=\"https:\/\/www.sonoraenequipo.com.mx\/storage\/2024\/01\/davos.jpg\" \/>\n\t<meta property=\"og:image:width\" content=\"600\" \/>\n\t<meta property=\"og:image:height\" content=\"388\" \/>\n\t<meta property=\"og:image:type\" content=\"image\/jpeg\" \/>\n<meta name=\"author\" content=\"enequipo\" \/>\n<meta name=\"twitter:card\" content=\"summary_large_image\" \/>\n<meta name=\"twitter:creator\" content=\"@sonoraenequipo\" \/>\n<meta name=\"twitter:site\" content=\"@sonoraenequipo\" \/>\n<meta name=\"twitter:label1\" content=\"Escrito por\" \/>\n\t<meta name=\"twitter:data1\" content=\"enequipo\" \/>\n\t<meta name=\"twitter:label2\" content=\"Tiempo de lectura\" \/>\n\t<meta name=\"twitter:data2\" content=\"1 minuto\" \/>\n<script type=\"application\/ld+json\" class=\"yoast-schema-graph\">{\"@context\":\"https:\/\/schema.org\",\"@graph\":[{\"@type\":\"Article\",\"@id\":\"https:\/\/www.sonoraenequipo.com.mx\/genera-plan-sonora-gran-interes-en-foro-economico-mundial-de-davos\/#article\",\"isPartOf\":{\"@id\":\"https:\/\/www.sonoraenequipo.com.mx\/genera-plan-sonora-gran-interes-en-foro-economico-mundial-de-davos\/\"},\"author\":{\"name\":\"enequipo\",\"@id\":\"https:\/\/www.sonoraenequipo.com.mx\/#\/schema\/person\/50102df0fb23a8fa9e8effad8fa81386\"},\"headline\":\"Genera Plan Sonora gran inter\u00e9s en Foro Econ\u00f3mico Mundial de Davos\",\"datePublished\":\"2024-01-20T02:05:03+00:00\",\"mainEntityOfPage\":{\"@id\":\"https:\/\/www.sonoraenequipo.com.mx\/genera-plan-sonora-gran-interes-en-foro-economico-mundial-de-davos\/\"},\"wordCount\":261,\"commentCount\":0,\"publisher\":{\"@id\":\"https:\/\/www.sonoraenequipo.com.mx\/#organization\"},\"image\":{\"@id\":\"https:\/\/www.sonoraenequipo.com.mx\/genera-plan-sonora-gran-interes-en-foro-economico-mundial-de-davos\/#primaryimage\"},\"thumbnailUrl\":\"https:\/\/www.sonoraenequipo.com.mx\/storage\/2024\/01\/davos.jpg\",\"keywords\":[\"econom\u00eda\",\"Sonora\"],\"articleSection\":[\"Sonora\"],\"inLanguage\":\"es\",\"potentialAction\":[{\"@type\":\"CommentAction\",\"name\":\"Comment\",\"target\":[\"https:\/\/www.sonoraenequipo.com.mx\/genera-plan-sonora-gran-interes-en-foro-economico-mundial-de-davos\/#respond\"]}]},{\"@type\":\"WebPage\",\"@id\":\"https:\/\/www.sonoraenequipo.com.mx\/genera-plan-sonora-gran-interes-en-foro-economico-mundial-de-davos\/\",\"url\":\"https:\/\/www.sonoraenequipo.com.mx\/genera-plan-sonora-gran-interes-en-foro-economico-mundial-de-davos\/\",\"name\":\"Sonora en Equipo. Genera Plan Sonora gran inter\u00e9s en Foro Econ\u00f3mico Mundial de Davos Sonora\",\"isPartOf\":{\"@id\":\"https:\/\/www.sonoraenequipo.com.mx\/#website\"},\"primaryImageOfPage\":{\"@id\":\"https:\/\/www.sonoraenequipo.com.mx\/genera-plan-sonora-gran-interes-en-foro-economico-mundial-de-davos\/#primaryimage\"},\"image\":{\"@id\":\"https:\/\/www.sonoraenequipo.com.mx\/genera-plan-sonora-gran-interes-en-foro-economico-mundial-de-davos\/#primaryimage\"},\"thumbnailUrl\":\"https:\/\/www.sonoraenequipo.com.mx\/storage\/2024\/01\/davos.jpg\",\"datePublished\":\"2024-01-20T02:05:03+00:00\",\"description\":\"DAVOS SUIZA.\u02d7\u02d7\u02d7 Con propuestas para la instalaci\u00f3n de nuevas empresas internacionales de los giros aeroespacial, transporte mar\u00edtimo y electromovilidad, En Sonora en Equipo publicamos toda la informaci\u00f3n de Sonora, M\u00e9xico y el Mundo de manera oportuna y busca que la libertad de expresi\u00f3n sea real. Visita nuestro medio informativo publicado desde Hermosillo, Sonora. %\",\"breadcrumb\":{\"@id\":\"https:\/\/www.sonoraenequipo.com.mx\/genera-plan-sonora-gran-interes-en-foro-economico-mundial-de-davos\/#breadcrumb\"},\"inLanguage\":\"es\",\"potentialAction\":[{\"@type\":\"ReadAction\",\"target\":[\"https:\/\/www.sonoraenequipo.com.mx\/genera-plan-sonora-gran-interes-en-foro-economico-mundial-de-davos\/\"]}]},{\"@type\":\"ImageObject\",\"inLanguage\":\"es\",\"@id\":\"https:\/\/www.sonoraenequipo.com.mx\/genera-plan-sonora-gran-interes-en-foro-economico-mundial-de-davos\/#primaryimage\",\"url\":\"https:\/\/www.sonoraenequipo.com.mx\/storage\/2024\/01\/davos.jpg\",\"contentUrl\":\"https:\/\/www.sonoraenequipo.com.mx\/storage\/2024\/01\/davos.jpg\",\"width\":600,\"height\":388},{\"@type\":\"BreadcrumbList\",\"@id\":\"https:\/\/www.sonoraenequipo.com.mx\/genera-plan-sonora-gran-interes-en-foro-economico-mundial-de-davos\/#breadcrumb\",\"itemListElement\":[{\"@type\":\"ListItem\",\"position\":1,\"name\":\"Portada\",\"item\":\"https:\/\/www.sonoraenequipo.com.mx\/\"},{\"@type\":\"ListItem\",\"position\":2,\"name\":\"Genera Plan Sonora gran inter\u00e9s en Foro Econ\u00f3mico Mundial de Davos\"}]},{\"@type\":\"WebSite\",\"@id\":\"https:\/\/www.sonoraenequipo.com.mx\/#website\",\"url\":\"https:\/\/www.sonoraenequipo.com.mx\/\",\"name\":\"Sonora en Equipo.\",\"description\":\"Diario en l\u00ednea con Noticias desde Hermosillo, Sonora\",\"publisher\":{\"@id\":\"https:\/\/www.sonoraenequipo.com.mx\/#organization\"},\"potentialAction\":[{\"@type\":\"SearchAction\",\"target\":{\"@type\":\"EntryPoint\",\"urlTemplate\":\"https:\/\/www.sonoraenequipo.com.mx\/?s={search_term_string}\"},\"query-input\":{\"@type\":\"PropertyValueSpecification\",\"valueRequired\":true,\"valueName\":\"search_term_string\"}}],\"inLanguage\":\"es\"},{\"@type\":\"Organization\",\"@id\":\"https:\/\/www.sonoraenequipo.com.mx\/#organization\",\"name\":\"Sonoraenequipo.com.mx\",\"url\":\"https:\/\/www.sonoraenequipo.com.mx\/\",\"logo\":{\"@type\":\"ImageObject\",\"inLanguage\":\"es\",\"@id\":\"https:\/\/www.sonoraenequipo.com.mx\/#\/schema\/logo\/image\/\",\"url\":\"https:\/\/www.sonoraenequipo.com.mx\/storage\/2019\/01\/sonoraenequipo_opt.png\",\"contentUrl\":\"https:\/\/www.sonoraenequipo.com.mx\/storage\/2019\/01\/sonoraenequipo_opt.png\",\"width\":375,\"height\":125,\"caption\":\"Sonoraenequipo.com.mx\"},\"image\":{\"@id\":\"https:\/\/www.sonoraenequipo.com.mx\/#\/schema\/logo\/image\/\"},\"sameAs\":[\"https:\/\/www.facebook.com\/SonoraEE\/\",\"https:\/\/x.com\/sonoraenequipo\",\"https:\/\/www.youtube.com\/channel\/UC338nW-lPEYmJQs4ZABQ1SQ\"]},{\"@type\":\"Person\",\"@id\":\"https:\/\/www.sonoraenequipo.com.mx\/#\/schema\/person\/50102df0fb23a8fa9e8effad8fa81386\",\"name\":\"enequipo\",\"image\":{\"@type\":\"ImageObject\",\"inLanguage\":\"es\",\"@id\":\"https:\/\/www.sonoraenequipo.com.mx\/#\/schema\/person\/image\/\",\"url\":\"https:\/\/secure.gravatar.com\/avatar\/049821681b589dabc0bc20695993ccebb09f5b5d4d790cd9251b97faac7c652b?s=96&d=blank&r=g\",\"contentUrl\":\"https:\/\/secure.gravatar.com\/avatar\/049821681b589dabc0bc20695993ccebb09f5b5d4d790cd9251b97faac7c652b?s=96&d=blank&r=g\",\"caption\":\"enequipo\"},\"sameAs\":[\"https:\/\/www.facebook.com\/SonoraEE\"]}]}<\/script>\n ","yoast_head_json":{"title":"Sonora en Equipo. Genera Plan Sonora gran inter\u00e9s en Foro Econ\u00f3mico Mundial de Davos Sonora","description":"DAVOS SUIZA.\u02d7\u02d7\u02d7 Con propuestas para la instalaci\u00f3n de nuevas empresas internacionales de los giros aeroespacial, transporte mar\u00edtimo y electromovilidad, En Sonora en Equipo publicamos toda la informaci\u00f3n de Sonora, M\u00e9xico y el Mundo de manera oportuna y busca que la libertad de expresi\u00f3n sea real. Visita nuestro medio informativo publicado desde Hermosillo, Sonora. %","robots":{"index":"index","follow":"follow","max-snippet":"max-snippet:-1","max-image-preview":"max-image-preview:large","max-video-preview":"max-video-preview:-1"},"canonical":"https:\/\/www.sonoraenequipo.com.mx\/genera-plan-sonora-gran-interes-en-foro-economico-mundial-de-davos\/","og_locale":"es_ES","og_type":"article","og_title":"Sonora en Equipo. Genera Plan Sonora gran inter\u00e9s en Foro Econ\u00f3mico Mundial de Davos Sonora","og_description":"DAVOS SUIZA.\u02d7\u02d7\u02d7 Con propuestas para la instalaci\u00f3n de nuevas empresas internacionales de los giros aeroespacial, transporte mar\u00edtimo y electromovilidad, En Sonora en Equipo publicamos toda la informaci\u00f3n de Sonora, M\u00e9xico y el Mundo de manera oportuna y busca que la libertad de expresi\u00f3n sea real. Visita nuestro medio informativo publicado desde Hermosillo, Sonora. %","og_url":"https:\/\/www.sonoraenequipo.com.mx\/genera-plan-sonora-gran-interes-en-foro-economico-mundial-de-davos\/","og_site_name":"Sonora en Equipo.","article_publisher":"https:\/\/www.facebook.com\/SonoraEE\/","article_author":"https:\/\/www.facebook.com\/SonoraEE","article_published_time":"2024-01-20T02:05:03+00:00","og_image":[{"width":600,"height":388,"url":"https:\/\/www.sonoraenequipo.com.mx\/storage\/2024\/01\/davos.jpg","type":"image\/jpeg"}],"author":"enequipo","twitter_card":"summary_large_image","twitter_creator":"@sonoraenequipo","twitter_site":"@sonoraenequipo","twitter_misc":{"Escrito por":"enequipo","Tiempo de lectura":"1 minuto"},"schema":{"@context":"https:\/\/schema.org","@graph":[{"@type":"Article","@id":"https:\/\/www.sonoraenequipo.com.mx\/genera-plan-sonora-gran-interes-en-foro-economico-mundial-de-davos\/#article","isPartOf":{"@id":"https:\/\/www.sonoraenequipo.com.mx\/genera-plan-sonora-gran-interes-en-foro-economico-mundial-de-davos\/"},"author":{"name":"enequipo","@id":"https:\/\/www.sonoraenequipo.com.mx\/#\/schema\/person\/50102df0fb23a8fa9e8effad8fa81386"},"headline":"Genera Plan Sonora gran inter\u00e9s en Foro Econ\u00f3mico Mundial de Davos","datePublished":"2024-01-20T02:05:03+00:00","mainEntityOfPage":{"@id":"https:\/\/www.sonoraenequipo.com.mx\/genera-plan-sonora-gran-interes-en-foro-economico-mundial-de-davos\/"},"wordCount":261,"commentCount":0,"publisher":{"@id":"https:\/\/www.sonoraenequipo.com.mx\/#organization"},"image":{"@id":"https:\/\/www.sonoraenequipo.com.mx\/genera-plan-sonora-gran-interes-en-foro-economico-mundial-de-davos\/#primaryimage"},"thumbnailUrl":"https:\/\/www.sonoraenequipo.com.mx\/storage\/2024\/01\/davos.jpg","keywords":["econom\u00eda","Sonora"],"articleSection":["Sonora"],"inLanguage":"es","potentialAction":[{"@type":"CommentAction","name":"Comment","target":["https:\/\/www.sonoraenequipo.com.mx\/genera-plan-sonora-gran-interes-en-foro-economico-mundial-de-davos\/#respond"]}]},{"@type":"WebPage","@id":"https:\/\/www.sonoraenequipo.com.mx\/genera-plan-sonora-gran-interes-en-foro-economico-mundial-de-davos\/","url":"https:\/\/www.sonoraenequipo.com.mx\/genera-plan-sonora-gran-interes-en-foro-economico-mundial-de-davos\/","name":"Sonora en Equipo. Genera Plan Sonora gran inter\u00e9s en Foro Econ\u00f3mico Mundial de Davos Sonora","isPartOf":{"@id":"https:\/\/www.sonoraenequipo.com.mx\/#website"},"primaryImageOfPage":{"@id":"https:\/\/www.sonoraenequipo.com.mx\/genera-plan-sonora-gran-interes-en-foro-economico-mundial-de-davos\/#primaryimage"},"image":{"@id":"https:\/\/www.sonoraenequipo.com.mx\/genera-plan-sonora-gran-interes-en-foro-economico-mundial-de-davos\/#primaryimage"},"thumbnailUrl":"https:\/\/www.sonoraenequipo.com.mx\/storage\/2024\/01\/davos.jpg","datePublished":"2024-01-20T02:05:03+00:00","description":"DAVOS SUIZA.\u02d7\u02d7\u02d7 Con propuestas para la instalaci\u00f3n de nuevas empresas internacionales de los giros aeroespacial, transporte mar\u00edtimo y electromovilidad, En Sonora en Equipo publicamos toda la informaci\u00f3n de Sonora, M\u00e9xico y el Mundo de manera oportuna y busca que la libertad de expresi\u00f3n sea real. Visita nuestro medio informativo publicado desde Hermosillo, Sonora. %","breadcrumb":{"@id":"https:\/\/www.sonoraenequipo.com.mx\/genera-plan-sonora-gran-interes-en-foro-economico-mundial-de-davos\/#breadcrumb"},"inLanguage":"es","potentialAction":[{"@type":"ReadAction","target":["https:\/\/www.sonoraenequipo.com.mx\/genera-plan-sonora-gran-interes-en-foro-economico-mundial-de-davos\/"]}]},{"@type":"ImageObject","inLanguage":"es","@id":"https:\/\/www.sonoraenequipo.com.mx\/genera-plan-sonora-gran-interes-en-foro-economico-mundial-de-davos\/#primaryimage","url":"https:\/\/www.sonoraenequipo.com.mx\/storage\/2024\/01\/davos.jpg","contentUrl":"https:\/\/www.sonoraenequipo.com.mx\/storage\/2024\/01\/davos.jpg","width":600,"height":388},{"@type":"BreadcrumbList","@id":"https:\/\/www.sonoraenequipo.com.mx\/genera-plan-sonora-gran-interes-en-foro-economico-mundial-de-davos\/#breadcrumb","itemListElement":[{"@type":"ListItem","position":1,"name":"Portada","item":"https:\/\/www.sonoraenequipo.com.mx\/"},{"@type":"ListItem","position":2,"name":"Genera Plan Sonora gran inter\u00e9s en Foro Econ\u00f3mico Mundial de Davos"}]},{"@type":"WebSite","@id":"https:\/\/www.sonoraenequipo.com.mx\/#website","url":"https:\/\/www.sonoraenequipo.com.mx\/","name":"Sonora en Equipo.","description":"Diario en l\u00ednea con Noticias desde Hermosillo, Sonora","publisher":{"@id":"https:\/\/www.sonoraenequipo.com.mx\/#organization"},"potentialAction":[{"@type":"SearchAction","target":{"@type":"EntryPoint","urlTemplate":"https:\/\/www.sonoraenequipo.com.mx\/?s={search_term_string}"},"query-input":{"@type":"PropertyValueSpecification","valueRequired":true,"valueName":"search_term_string"}}],"inLanguage":"es"},{"@type":"Organization","@id":"https:\/\/www.sonoraenequipo.com.mx\/#organization","name":"Sonoraenequipo.com.mx","url":"https:\/\/www.sonoraenequipo.com.mx\/","logo":{"@type":"ImageObject","inLanguage":"es","@id":"https:\/\/www.sonoraenequipo.com.mx\/#\/schema\/logo\/image\/","url":"https:\/\/www.sonoraenequipo.com.mx\/storage\/2019\/01\/sonoraenequipo_opt.png","contentUrl":"https:\/\/www.sonoraenequipo.com.mx\/storage\/2019\/01\/sonoraenequipo_opt.png","width":375,"height":125,"caption":"Sonoraenequipo.com.mx"},"image":{"@id":"https:\/\/www.sonoraenequipo.com.mx\/#\/schema\/logo\/image\/"},"sameAs":["https:\/\/www.facebook.com\/SonoraEE\/","https:\/\/x.com\/sonoraenequipo","https:\/\/www.youtube.com\/channel\/UC338nW-lPEYmJQs4ZABQ1SQ"]},{"@type":"Person","@id":"https:\/\/www.sonoraenequipo.com.mx\/#\/schema\/person\/50102df0fb23a8fa9e8effad8fa81386","name":"enequipo","image":{"@type":"ImageObject","inLanguage":"es","@id":"https:\/\/www.sonoraenequipo.com.mx\/#\/schema\/person\/image\/","url":"https:\/\/secure.gravatar.com\/avatar\/049821681b589dabc0bc20695993ccebb09f5b5d4d790cd9251b97faac7c652b?s=96&d=blank&r=g","contentUrl":"https:\/\/secure.gravatar.com\/avatar\/049821681b589dabc0bc20695993ccebb09f5b5d4d790cd9251b97faac7c652b?s=96&d=blank&r=g","caption":"enequipo"},"sameAs":["https:\/\/www.facebook.com\/SonoraEE"]}]}},"jetpack_featured_media_url":"https:\/\/www.sonoraenequipo.com.mx\/storage\/2024\/01\/davos.jpg","_links":{"self":[{"href":"https:\/\/www.sonoraenequipo.com.mx\/api\/wp\/v2\/posts\/182034","targetHints":{"allow":["GET"]}}],"collection":[{"href":"https:\/\/www.sonoraenequipo.com.mx\/api\/wp\/v2\/posts"}],"about":[{"href":"https:\/\/www.sonoraenequipo.com.mx\/api\/wp\/v2\/types\/post"}],"author":[{"embeddable":true,"href":"https:\/\/www.sonoraenequipo.com.mx\/api\/wp\/v2\/users\/1"}],"replies":[{"embeddable":true,"href":"https:\/\/www.sonoraenequipo.com.mx\/api\/wp\/v2\/comments?post=182034"}],"version-history":[{"count":1,"href":"https:\/\/www.sonoraenequipo.com.mx\/api\/wp\/v2\/posts\/182034\/revisions"}],"predecessor-version":[{"id":182036,"href":"https:\/\/www.sonoraenequipo.com.mx\/api\/wp\/v2\/posts\/182034\/revisions\/182036"}],"wp:featuredmedia":[{"embeddable":true,"href":"https:\/\/www.sonoraenequipo.com.mx\/api\/wp\/v2\/media\/182035"}],"wp:attachment":[{"href":"https:\/\/www.sonoraenequipo.com.mx\/api\/wp\/v2\/media?parent=182034"}],"wp:term":[{"taxonomy":"category","embeddable":true,"href":"https:\/\/www.sonoraenequipo.com.mx\/api\/wp\/v2\/categories?post=182034"},{"taxonomy":"post_tag","embeddable":true,"href":"https:\/\/www.sonoraenequipo.com.mx\/api\/wp\/v2\/tags?post=182034"}],"curies":[{"name":"wp","href":"https:\/\/api.w.org\/{rel}","templated":true}]}}