{"id":182037,"date":"2024-01-19T19:15:02","date_gmt":"2024-01-20T02:15:02","guid":{"rendered":"https:\/\/www.sonoraenequipo.com.mx\/?p=182037"},"modified":"2024-01-19T19:15:33","modified_gmt":"2024-01-20T02:15:33","slug":"quercetina-aliada-en-la-cicatrizacion-ciad","status":"publish","type":"post","link":"https:\/\/www.sonoraenequipo.com.mx\/quercetina-aliada-en-la-cicatrizacion-ciad\/","title":{"rendered":"Quercetina, aliada en la cicatrizaci\u00f3n: CIAD"},"content":{"rendered":"<p><strong>HERMOSILLO, SONORA,MX.<\/strong><strong>\u02d7\u02d7\u02d7 <\/strong>Las heridas representan una problem\u00e1tica de salud p\u00fablica, ya que, por ejemplo, en M\u00e9xico su atenci\u00f3n mensual puede llegar a costar m\u00e1s de 46 millones de pesos s\u00f3lo en procedimientos ambulatorios, mientras que los gastos en pacientes hospitalizados pueden ascender a m\u00e1s de 1,864 millones de pesos, de acuerdo a datos de la Secretar\u00eda de Salud.<\/p>\n<p>&nbsp;<\/p>\n<p>Lo anterior es debido a que, para su tratamiento, es necesaria la participaci\u00f3n de personal especializado, insumos y materiales de curaci\u00f3n sofisticados y periodos de tiempo prolongados en hospitalizaci\u00f3n.1<\/p>\n<p>&nbsp;<\/p>\n<p>En nuestro pa\u00eds, el tipo de heridas que predomina son las traum\u00e1ticas, las \u00falceras de pie diab\u00e9tico, heridas por presi\u00f3n y \u00falceras vasculares, entre otras.1 Para su tratamiento com\u00fanmente se emplean antis\u00e9pticos, antibi\u00f3ticos y material de curaci\u00f3n como ap\u00f3sitos de tipo pasivo (gasas, parches y vendajes), de tipo activo (hidrogeles, esponjas, pel\u00edculas e hidrocoloides) y ap\u00f3sitos bioactivos. Estos \u00faltimos son una especie de ap\u00f3sitos activos, pero con la caracter\u00edstica de interactuar con la herida; normalmente pueden fungir como sistemas de liberaci\u00f3n de f\u00e1rmacos, los cuales ejercen propiedades bioactivas como antimicrobianas, antioxidantes y antiinflamatorias, entre otras, con el fin de acelerar y mejorar el proceso de cicatrizaci\u00f3n.2, 3<\/p>\n<p>&nbsp;<\/p>\n<p>A estos ap\u00f3sitos bioactivos se les pueden a\u00f1adir fitoqu\u00edmicos (conocidos tambi\u00e9n como productos naturales), en particular compuestos de tipo fen\u00f3lico como los flavonoides, ya que han demostrado mediante estudios in vivo en roedores y en humanos su habilidad para promover la migraci\u00f3n y proliferaci\u00f3n celular, que son piezas clave para una correcta cicatrizaci\u00f3n.4, 5 Uno de los flavonoides mayormente estudiado es la quercetina, un compuesto que se encuentra ampliamente distribuido en la naturaleza, principalmente en frutos, vegetales y plantas medicinales.<\/p>\n<p>&nbsp;<\/p>\n<p>La quercetina (figura 1) presenta m\u00faltiples bioactividades que coadyuvan a una cicatrizaci\u00f3n adecuada; por ejemplo, presenta efectos bactericidas contra bacterias oportunistas en heridas como P. aeruginosa, S. aureus y E. coli.6, 7Tambi\u00e9n presenta efectos antioxidantes que contrarrestan el exceso de especies reactivas de ox\u00edgeno (ROS) y radicales libres;4 adem\u00e1s, es antiinflamatorio, pues inhibe la s\u00edntesis de interleucinas, prostaglandinas y \u00f3xido n\u00edtrico.8<\/p>\n<p>&nbsp;<\/p>\n<p>Si bien en etapas tempranas de la cicatrizaci\u00f3n es necesaria la presencia de ROS y mol\u00e9culas inflamatorias, si ocurre alg\u00fan desbalance o exceso de estas, ello podr\u00eda dar origen a heridas cr\u00f3nicas, las cuales son m\u00e1s susceptibles a infecciones.<\/p>\n<p>&nbsp;<\/p>\n<p>Figura 1. Quercetina (2-(3,4-dihidroxifenil)-3,5,7-trihidroxicromen-4-uno).<\/p>\n","protected":false},"excerpt":{"rendered":"<p>HERMOSILLO, SONORA,MX.\u02d7\u02d7\u02d7 Las heridas representan una problem\u00e1tica de salud p\u00fablica, ya que, por ejemplo, en&#8230;<\/p>\n","protected":false},"author":1,"featured_media":182038,"comment_status":"open","ping_status":"open","sticky":false,"template":"","format":"standard","meta":{"_monsterinsights_skip_tracking":false,"_monsterinsights_sitenote_active":false,"_monsterinsights_sitenote_note":"","_monsterinsights_sitenote_category":0,"footnotes":""},"categories":[2216],"tags":[1227,9276,9277],"class_list":["post"],"yoast_head":" \n<title>Sonora en Equipo. Quercetina, aliada en la cicatrizaci\u00f3n: CIAD Ciencia y Tecnolog\u00eda<\/title>\n<meta name=\"description\" content=\"HERMOSILLO, SONORA,MX.\u02d7\u02d7\u02d7 Las heridas representan una problem\u00e1tica de salud p\u00fablica, ya que, por ejemplo, en M\u00e9xico su atenci\u00f3n mensual puede llegar a En Sonora en Equipo publicamos toda la informaci\u00f3n de Sonora, M\u00e9xico y el Mundo de manera oportuna y busca que la libertad de expresi\u00f3n sea real. Visita nuestro medio informativo publicado desde Hermosillo, Sonora. %\" \/>\n<meta name=\"robots\" content=\"index, follow, max-snippet:-1, max-image-preview:large, max-video-preview:-1\" \/>\n<link rel=\"canonical\" href=\"https:\/\/www.sonoraenequipo.com.mx\/quercetina-aliada-en-la-cicatrizacion-ciad\/\" \/>\n<meta property=\"og:locale\" content=\"es_ES\" \/>\n<meta property=\"og:type\" content=\"article\" \/>\n<meta property=\"og:title\" content=\"Sonora en Equipo. Quercetina, aliada en la cicatrizaci\u00f3n: CIAD Ciencia y Tecnolog\u00eda\" \/>\n<meta property=\"og:description\" content=\"HERMOSILLO, SONORA,MX.\u02d7\u02d7\u02d7 Las heridas representan una problem\u00e1tica de salud p\u00fablica, ya que, por ejemplo, en M\u00e9xico su atenci\u00f3n mensual puede llegar a En Sonora en Equipo publicamos toda la informaci\u00f3n de Sonora, M\u00e9xico y el Mundo de manera oportuna y busca que la libertad de expresi\u00f3n sea real. Visita nuestro medio informativo publicado desde Hermosillo, Sonora. %\" \/>\n<meta property=\"og:url\" content=\"https:\/\/www.sonoraenequipo.com.mx\/quercetina-aliada-en-la-cicatrizacion-ciad\/\" \/>\n<meta property=\"og:site_name\" content=\"Sonora en Equipo.\" \/>\n<meta property=\"article:publisher\" content=\"https:\/\/www.facebook.com\/SonoraEE\/\" \/>\n<meta property=\"article:author\" content=\"https:\/\/www.facebook.com\/SonoraEE\" \/>\n<meta property=\"article:published_time\" content=\"2024-01-20T02:15:02+00:00\" \/>\n<meta property=\"article:modified_time\" content=\"2024-01-20T02:15:33+00:00\" \/>\n<meta property=\"og:image\" content=\"https:\/\/www.sonoraenequipo.com.mx\/storage\/2024\/01\/heridas.jpg\" \/>\n\t<meta property=\"og:image:width\" content=\"600\" \/>\n\t<meta property=\"og:image:height\" content=\"400\" \/>\n\t<meta property=\"og:image:type\" content=\"image\/jpeg\" \/>\n<meta name=\"author\" content=\"enequipo\" \/>\n<meta name=\"twitter:card\" content=\"summary_large_image\" \/>\n<meta name=\"twitter:creator\" content=\"@sonoraenequipo\" \/>\n<meta name=\"twitter:site\" content=\"@sonoraenequipo\" \/>\n<meta name=\"twitter:label1\" content=\"Escrito por\" \/>\n\t<meta name=\"twitter:data1\" content=\"enequipo\" \/>\n\t<meta name=\"twitter:label2\" content=\"Tiempo de lectura\" \/>\n\t<meta name=\"twitter:data2\" content=\"2 minutos\" \/>\n<script type=\"application\/ld+json\" class=\"yoast-schema-graph\">{\"@context\":\"https:\/\/schema.org\",\"@graph\":[{\"@type\":\"Article\",\"@id\":\"https:\/\/www.sonoraenequipo.com.mx\/quercetina-aliada-en-la-cicatrizacion-ciad\/#article\",\"isPartOf\":{\"@id\":\"https:\/\/www.sonoraenequipo.com.mx\/quercetina-aliada-en-la-cicatrizacion-ciad\/\"},\"author\":{\"name\":\"enequipo\",\"@id\":\"https:\/\/www.sonoraenequipo.com.mx\/#\/schema\/person\/50102df0fb23a8fa9e8effad8fa81386\"},\"headline\":\"Quercetina, aliada en la cicatrizaci\u00f3n: CIAD\",\"datePublished\":\"2024-01-20T02:15:02+00:00\",\"dateModified\":\"2024-01-20T02:15:33+00:00\",\"mainEntityOfPage\":{\"@id\":\"https:\/\/www.sonoraenequipo.com.mx\/quercetina-aliada-en-la-cicatrizacion-ciad\/\"},\"wordCount\":438,\"commentCount\":0,\"publisher\":{\"@id\":\"https:\/\/www.sonoraenequipo.com.mx\/#organization\"},\"image\":{\"@id\":\"https:\/\/www.sonoraenequipo.com.mx\/quercetina-aliada-en-la-cicatrizacion-ciad\/#primaryimage\"},\"thumbnailUrl\":\"https:\/\/www.sonoraenequipo.com.mx\/storage\/2024\/01\/heridas.jpg\",\"keywords\":[\"CIAD\",\"heridas\",\"quercetina\"],\"articleSection\":[\"Ciencia y Tecnolog\u00eda\"],\"inLanguage\":\"es\",\"potentialAction\":[{\"@type\":\"CommentAction\",\"name\":\"Comment\",\"target\":[\"https:\/\/www.sonoraenequipo.com.mx\/quercetina-aliada-en-la-cicatrizacion-ciad\/#respond\"]}]},{\"@type\":\"WebPage\",\"@id\":\"https:\/\/www.sonoraenequipo.com.mx\/quercetina-aliada-en-la-cicatrizacion-ciad\/\",\"url\":\"https:\/\/www.sonoraenequipo.com.mx\/quercetina-aliada-en-la-cicatrizacion-ciad\/\",\"name\":\"Sonora en Equipo. Quercetina, aliada en la cicatrizaci\u00f3n: CIAD Ciencia y Tecnolog\u00eda\",\"isPartOf\":{\"@id\":\"https:\/\/www.sonoraenequipo.com.mx\/#website\"},\"primaryImageOfPage\":{\"@id\":\"https:\/\/www.sonoraenequipo.com.mx\/quercetina-aliada-en-la-cicatrizacion-ciad\/#primaryimage\"},\"image\":{\"@id\":\"https:\/\/www.sonoraenequipo.com.mx\/quercetina-aliada-en-la-cicatrizacion-ciad\/#primaryimage\"},\"thumbnailUrl\":\"https:\/\/www.sonoraenequipo.com.mx\/storage\/2024\/01\/heridas.jpg\",\"datePublished\":\"2024-01-20T02:15:02+00:00\",\"dateModified\":\"2024-01-20T02:15:33+00:00\",\"description\":\"HERMOSILLO, SONORA,MX.\u02d7\u02d7\u02d7 Las heridas representan una problem\u00e1tica de salud p\u00fablica, ya que, por ejemplo, en M\u00e9xico su atenci\u00f3n mensual puede llegar a En Sonora en Equipo publicamos toda la informaci\u00f3n de Sonora, M\u00e9xico y el Mundo de manera oportuna y busca que la libertad de expresi\u00f3n sea real. Visita nuestro medio informativo publicado desde Hermosillo, Sonora. %\",\"breadcrumb\":{\"@id\":\"https:\/\/www.sonoraenequipo.com.mx\/quercetina-aliada-en-la-cicatrizacion-ciad\/#breadcrumb\"},\"inLanguage\":\"es\",\"potentialAction\":[{\"@type\":\"ReadAction\",\"target\":[\"https:\/\/www.sonoraenequipo.com.mx\/quercetina-aliada-en-la-cicatrizacion-ciad\/\"]}]},{\"@type\":\"ImageObject\",\"inLanguage\":\"es\",\"@id\":\"https:\/\/www.sonoraenequipo.com.mx\/quercetina-aliada-en-la-cicatrizacion-ciad\/#primaryimage\",\"url\":\"https:\/\/www.sonoraenequipo.com.mx\/storage\/2024\/01\/heridas.jpg\",\"contentUrl\":\"https:\/\/www.sonoraenequipo.com.mx\/storage\/2024\/01\/heridas.jpg\",\"width\":600,\"height\":400},{\"@type\":\"BreadcrumbList\",\"@id\":\"https:\/\/www.sonoraenequipo.com.mx\/quercetina-aliada-en-la-cicatrizacion-ciad\/#breadcrumb\",\"itemListElement\":[{\"@type\":\"ListItem\",\"position\":1,\"name\":\"Portada\",\"item\":\"https:\/\/www.sonoraenequipo.com.mx\/\"},{\"@type\":\"ListItem\",\"position\":2,\"name\":\"Quercetina, aliada en la cicatrizaci\u00f3n: CIAD\"}]},{\"@type\":\"WebSite\",\"@id\":\"https:\/\/www.sonoraenequipo.com.mx\/#website\",\"url\":\"https:\/\/www.sonoraenequipo.com.mx\/\",\"name\":\"Sonora en Equipo.\",\"description\":\"Diario en l\u00ednea con Noticias desde Hermosillo, Sonora\",\"publisher\":{\"@id\":\"https:\/\/www.sonoraenequipo.com.mx\/#organization\"},\"potentialAction\":[{\"@type\":\"SearchAction\",\"target\":{\"@type\":\"EntryPoint\",\"urlTemplate\":\"https:\/\/www.sonoraenequipo.com.mx\/?s={search_term_string}\"},\"query-input\":{\"@type\":\"PropertyValueSpecification\",\"valueRequired\":true,\"valueName\":\"search_term_string\"}}],\"inLanguage\":\"es\"},{\"@type\":\"Organization\",\"@id\":\"https:\/\/www.sonoraenequipo.com.mx\/#organization\",\"name\":\"Sonoraenequipo.com.mx\",\"url\":\"https:\/\/www.sonoraenequipo.com.mx\/\",\"logo\":{\"@type\":\"ImageObject\",\"inLanguage\":\"es\",\"@id\":\"https:\/\/www.sonoraenequipo.com.mx\/#\/schema\/logo\/image\/\",\"url\":\"https:\/\/www.sonoraenequipo.com.mx\/storage\/2019\/01\/sonoraenequipo_opt.png\",\"contentUrl\":\"https:\/\/www.sonoraenequipo.com.mx\/storage\/2019\/01\/sonoraenequipo_opt.png\",\"width\":375,\"height\":125,\"caption\":\"Sonoraenequipo.com.mx\"},\"image\":{\"@id\":\"https:\/\/www.sonoraenequipo.com.mx\/#\/schema\/logo\/image\/\"},\"sameAs\":[\"https:\/\/www.facebook.com\/SonoraEE\/\",\"https:\/\/x.com\/sonoraenequipo\",\"https:\/\/www.youtube.com\/channel\/UC338nW-lPEYmJQs4ZABQ1SQ\"]},{\"@type\":\"Person\",\"@id\":\"https:\/\/www.sonoraenequipo.com.mx\/#\/schema\/person\/50102df0fb23a8fa9e8effad8fa81386\",\"name\":\"enequipo\",\"image\":{\"@type\":\"ImageObject\",\"inLanguage\":\"es\",\"@id\":\"https:\/\/www.sonoraenequipo.com.mx\/#\/schema\/person\/image\/\",\"url\":\"https:\/\/secure.gravatar.com\/avatar\/049821681b589dabc0bc20695993ccebb09f5b5d4d790cd9251b97faac7c652b?s=96&d=blank&r=g\",\"contentUrl\":\"https:\/\/secure.gravatar.com\/avatar\/049821681b589dabc0bc20695993ccebb09f5b5d4d790cd9251b97faac7c652b?s=96&d=blank&r=g\",\"caption\":\"enequipo\"},\"sameAs\":[\"https:\/\/www.facebook.com\/SonoraEE\"]}]}<\/script>\n ","yoast_head_json":{"title":"Sonora en Equipo. Quercetina, aliada en la cicatrizaci\u00f3n: CIAD Ciencia y Tecnolog\u00eda","description":"HERMOSILLO, SONORA,MX.\u02d7\u02d7\u02d7 Las heridas representan una problem\u00e1tica de salud p\u00fablica, ya que, por ejemplo, en M\u00e9xico su atenci\u00f3n mensual puede llegar a En Sonora en Equipo publicamos toda la informaci\u00f3n de Sonora, M\u00e9xico y el Mundo de manera oportuna y busca que la libertad de expresi\u00f3n sea real. Visita nuestro medio informativo publicado desde Hermosillo, Sonora. %","robots":{"index":"index","follow":"follow","max-snippet":"max-snippet:-1","max-image-preview":"max-image-preview:large","max-video-preview":"max-video-preview:-1"},"canonical":"https:\/\/www.sonoraenequipo.com.mx\/quercetina-aliada-en-la-cicatrizacion-ciad\/","og_locale":"es_ES","og_type":"article","og_title":"Sonora en Equipo. Quercetina, aliada en la cicatrizaci\u00f3n: CIAD Ciencia y Tecnolog\u00eda","og_description":"HERMOSILLO, SONORA,MX.\u02d7\u02d7\u02d7 Las heridas representan una problem\u00e1tica de salud p\u00fablica, ya que, por ejemplo, en M\u00e9xico su atenci\u00f3n mensual puede llegar a En Sonora en Equipo publicamos toda la informaci\u00f3n de Sonora, M\u00e9xico y el Mundo de manera oportuna y busca que la libertad de expresi\u00f3n sea real. Visita nuestro medio informativo publicado desde Hermosillo, Sonora. %","og_url":"https:\/\/www.sonoraenequipo.com.mx\/quercetina-aliada-en-la-cicatrizacion-ciad\/","og_site_name":"Sonora en Equipo.","article_publisher":"https:\/\/www.facebook.com\/SonoraEE\/","article_author":"https:\/\/www.facebook.com\/SonoraEE","article_published_time":"2024-01-20T02:15:02+00:00","article_modified_time":"2024-01-20T02:15:33+00:00","og_image":[{"width":600,"height":400,"url":"https:\/\/www.sonoraenequipo.com.mx\/storage\/2024\/01\/heridas.jpg","type":"image\/jpeg"}],"author":"enequipo","twitter_card":"summary_large_image","twitter_creator":"@sonoraenequipo","twitter_site":"@sonoraenequipo","twitter_misc":{"Escrito por":"enequipo","Tiempo de lectura":"2 minutos"},"schema":{"@context":"https:\/\/schema.org","@graph":[{"@type":"Article","@id":"https:\/\/www.sonoraenequipo.com.mx\/quercetina-aliada-en-la-cicatrizacion-ciad\/#article","isPartOf":{"@id":"https:\/\/www.sonoraenequipo.com.mx\/quercetina-aliada-en-la-cicatrizacion-ciad\/"},"author":{"name":"enequipo","@id":"https:\/\/www.sonoraenequipo.com.mx\/#\/schema\/person\/50102df0fb23a8fa9e8effad8fa81386"},"headline":"Quercetina, aliada en la cicatrizaci\u00f3n: CIAD","datePublished":"2024-01-20T02:15:02+00:00","dateModified":"2024-01-20T02:15:33+00:00","mainEntityOfPage":{"@id":"https:\/\/www.sonoraenequipo.com.mx\/quercetina-aliada-en-la-cicatrizacion-ciad\/"},"wordCount":438,"commentCount":0,"publisher":{"@id":"https:\/\/www.sonoraenequipo.com.mx\/#organization"},"image":{"@id":"https:\/\/www.sonoraenequipo.com.mx\/quercetina-aliada-en-la-cicatrizacion-ciad\/#primaryimage"},"thumbnailUrl":"https:\/\/www.sonoraenequipo.com.mx\/storage\/2024\/01\/heridas.jpg","keywords":["CIAD","heridas","quercetina"],"articleSection":["Ciencia y Tecnolog\u00eda"],"inLanguage":"es","potentialAction":[{"@type":"CommentAction","name":"Comment","target":["https:\/\/www.sonoraenequipo.com.mx\/quercetina-aliada-en-la-cicatrizacion-ciad\/#respond"]}]},{"@type":"WebPage","@id":"https:\/\/www.sonoraenequipo.com.mx\/quercetina-aliada-en-la-cicatrizacion-ciad\/","url":"https:\/\/www.sonoraenequipo.com.mx\/quercetina-aliada-en-la-cicatrizacion-ciad\/","name":"Sonora en Equipo. Quercetina, aliada en la cicatrizaci\u00f3n: CIAD Ciencia y Tecnolog\u00eda","isPartOf":{"@id":"https:\/\/www.sonoraenequipo.com.mx\/#website"},"primaryImageOfPage":{"@id":"https:\/\/www.sonoraenequipo.com.mx\/quercetina-aliada-en-la-cicatrizacion-ciad\/#primaryimage"},"image":{"@id":"https:\/\/www.sonoraenequipo.com.mx\/quercetina-aliada-en-la-cicatrizacion-ciad\/#primaryimage"},"thumbnailUrl":"https:\/\/www.sonoraenequipo.com.mx\/storage\/2024\/01\/heridas.jpg","datePublished":"2024-01-20T02:15:02+00:00","dateModified":"2024-01-20T02:15:33+00:00","description":"HERMOSILLO, SONORA,MX.\u02d7\u02d7\u02d7 Las heridas representan una problem\u00e1tica de salud p\u00fablica, ya que, por ejemplo, en M\u00e9xico su atenci\u00f3n mensual puede llegar a En Sonora en Equipo publicamos toda la informaci\u00f3n de Sonora, M\u00e9xico y el Mundo de manera oportuna y busca que la libertad de expresi\u00f3n sea real. Visita nuestro medio informativo publicado desde Hermosillo, Sonora. %","breadcrumb":{"@id":"https:\/\/www.sonoraenequipo.com.mx\/quercetina-aliada-en-la-cicatrizacion-ciad\/#breadcrumb"},"inLanguage":"es","potentialAction":[{"@type":"ReadAction","target":["https:\/\/www.sonoraenequipo.com.mx\/quercetina-aliada-en-la-cicatrizacion-ciad\/"]}]},{"@type":"ImageObject","inLanguage":"es","@id":"https:\/\/www.sonoraenequipo.com.mx\/quercetina-aliada-en-la-cicatrizacion-ciad\/#primaryimage","url":"https:\/\/www.sonoraenequipo.com.mx\/storage\/2024\/01\/heridas.jpg","contentUrl":"https:\/\/www.sonoraenequipo.com.mx\/storage\/2024\/01\/heridas.jpg","width":600,"height":400},{"@type":"BreadcrumbList","@id":"https:\/\/www.sonoraenequipo.com.mx\/quercetina-aliada-en-la-cicatrizacion-ciad\/#breadcrumb","itemListElement":[{"@type":"ListItem","position":1,"name":"Portada","item":"https:\/\/www.sonoraenequipo.com.mx\/"},{"@type":"ListItem","position":2,"name":"Quercetina, aliada en la cicatrizaci\u00f3n: CIAD"}]},{"@type":"WebSite","@id":"https:\/\/www.sonoraenequipo.com.mx\/#website","url":"https:\/\/www.sonoraenequipo.com.mx\/","name":"Sonora en Equipo.","description":"Diario en l\u00ednea con Noticias desde Hermosillo, Sonora","publisher":{"@id":"https:\/\/www.sonoraenequipo.com.mx\/#organization"},"potentialAction":[{"@type":"SearchAction","target":{"@type":"EntryPoint","urlTemplate":"https:\/\/www.sonoraenequipo.com.mx\/?s={search_term_string}"},"query-input":{"@type":"PropertyValueSpecification","valueRequired":true,"valueName":"search_term_string"}}],"inLanguage":"es"},{"@type":"Organization","@id":"https:\/\/www.sonoraenequipo.com.mx\/#organization","name":"Sonoraenequipo.com.mx","url":"https:\/\/www.sonoraenequipo.com.mx\/","logo":{"@type":"ImageObject","inLanguage":"es","@id":"https:\/\/www.sonoraenequipo.com.mx\/#\/schema\/logo\/image\/","url":"https:\/\/www.sonoraenequipo.com.mx\/storage\/2019\/01\/sonoraenequipo_opt.png","contentUrl":"https:\/\/www.sonoraenequipo.com.mx\/storage\/2019\/01\/sonoraenequipo_opt.png","width":375,"height":125,"caption":"Sonoraenequipo.com.mx"},"image":{"@id":"https:\/\/www.sonoraenequipo.com.mx\/#\/schema\/logo\/image\/"},"sameAs":["https:\/\/www.facebook.com\/SonoraEE\/","https:\/\/x.com\/sonoraenequipo","https:\/\/www.youtube.com\/channel\/UC338nW-lPEYmJQs4ZABQ1SQ"]},{"@type":"Person","@id":"https:\/\/www.sonoraenequipo.com.mx\/#\/schema\/person\/50102df0fb23a8fa9e8effad8fa81386","name":"enequipo","image":{"@type":"ImageObject","inLanguage":"es","@id":"https:\/\/www.sonoraenequipo.com.mx\/#\/schema\/person\/image\/","url":"https:\/\/secure.gravatar.com\/avatar\/049821681b589dabc0bc20695993ccebb09f5b5d4d790cd9251b97faac7c652b?s=96&d=blank&r=g","contentUrl":"https:\/\/secure.gravatar.com\/avatar\/049821681b589dabc0bc20695993ccebb09f5b5d4d790cd9251b97faac7c652b?s=96&d=blank&r=g","caption":"enequipo"},"sameAs":["https:\/\/www.facebook.com\/SonoraEE"]}]}},"jetpack_featured_media_url":"https:\/\/www.sonoraenequipo.com.mx\/storage\/2024\/01\/heridas.jpg","_links":{"self":[{"href":"https:\/\/www.sonoraenequipo.com.mx\/api\/wp\/v2\/posts\/182037","targetHints":{"allow":["GET"]}}],"collection":[{"href":"https:\/\/www.sonoraenequipo.com.mx\/api\/wp\/v2\/posts"}],"about":[{"href":"https:\/\/www.sonoraenequipo.com.mx\/api\/wp\/v2\/types\/post"}],"author":[{"embeddable":true,"href":"https:\/\/www.sonoraenequipo.com.mx\/api\/wp\/v2\/users\/1"}],"replies":[{"embeddable":true,"href":"https:\/\/www.sonoraenequipo.com.mx\/api\/wp\/v2\/comments?post=182037"}],"version-history":[{"count":1,"href":"https:\/\/www.sonoraenequipo.com.mx\/api\/wp\/v2\/posts\/182037\/revisions"}],"predecessor-version":[{"id":182039,"href":"https:\/\/www.sonoraenequipo.com.mx\/api\/wp\/v2\/posts\/182037\/revisions\/182039"}],"wp:featuredmedia":[{"embeddable":true,"href":"https:\/\/www.sonoraenequipo.com.mx\/api\/wp\/v2\/media\/182038"}],"wp:attachment":[{"href":"https:\/\/www.sonoraenequipo.com.mx\/api\/wp\/v2\/media?parent=182037"}],"wp:term":[{"taxonomy":"category","embeddable":true,"href":"https:\/\/www.sonoraenequipo.com.mx\/api\/wp\/v2\/categories?post=182037"},{"taxonomy":"post_tag","embeddable":true,"href":"https:\/\/www.sonoraenequipo.com.mx\/api\/wp\/v2\/tags?post=182037"}],"curies":[{"name":"wp","href":"https:\/\/api.w.org\/{rel}","templated":true}]}}