{"id":182040,"date":"2024-01-19T19:25:14","date_gmt":"2024-01-20T02:25:14","guid":{"rendered":"https:\/\/www.sonoraenequipo.com.mx\/?p=182040"},"modified":"2024-01-19T19:25:14","modified_gmt":"2024-01-20T02:25:14","slug":"los-hombres-cuidan-menos-su-salud-que-las-mujeres","status":"publish","type":"post","link":"https:\/\/www.sonoraenequipo.com.mx\/los-hombres-cuidan-menos-su-salud-que-las-mujeres\/","title":{"rendered":"\u00bfLos hombres cuidan menos su salud que las mujeres?"},"content":{"rendered":"<p><strong>HERMOSILLO, SONORA,MX.<\/strong><strong>\u02d7\u02d7\u02d7 <\/strong>Algunas de las principales causas de mortalidad en M\u00e9xico que fueron reportadas por el INEGI en el 2022 muestran una importante diferencia entre hombres y mujeres, como ejemplo tenemos al covid-19, enfermedad por la cual fallecieron 136,778 hombres y 87,456 mujeres.<\/p>\n<p>&nbsp;<\/p>\n<p>De acuerdo con el informe de masculinidad y salud en la regi\u00f3n de las Am\u00e9ricas del 2019 en poblaci\u00f3n adulta (OPS, 2019), existe una proporci\u00f3n de 190 mujeres por cada 100 hombres, lo cual genera un fen\u00f3meno llamado \u201cvejez femenina\u201d. Las condiciones biol\u00f3gicas no dan una explicaci\u00f3n clara a este fen\u00f3meno, dejando expuesto que las respuestas se encuentran m\u00e1s all\u00e1 de los sexos, por lo que los estudios con perspectiva de g\u00e9nero han tomado relevancia en los \u00faltimos a\u00f1os.<\/p>\n<p>&nbsp;<\/p>\n<p>En la Coordinaci\u00f3n de Nutrici\u00f3n del Centro de Investigaci\u00f3n en Alimentaci\u00f3n y Desarrollo (CIAD) se llev\u00f3 a cabo una investigaci\u00f3n sobre la influencia de las masculinidades en la percepci\u00f3n de riesgo y las pr\u00e1cticas de autocuidado en alimentaci\u00f3n y salud en los hombres de tres generaciones (j\u00f3venes, adultos y adultos mayores) pertenecientes a la misma l\u00ednea familiar, con el fin de atender el reciente inter\u00e9s en explorar y comprender qu\u00e9 conocimientos de salud y alimentaci\u00f3n, pr\u00e1cticas de prevenci\u00f3n de enfermedades y consumo de alimentos pueden estar involucrados con el g\u00e9nero.<\/p>\n<p>&nbsp;<\/p>\n<p>Con el objetivo de explorar sobre pr\u00e1cticas de autocuidado, construcci\u00f3n de la masculinidad, percepci\u00f3n de riesgo y b\u00fasqueda de beneficios, a trav\u00e9s de una serie de preguntas abiertas se indag\u00f3 sobre estilo de vida, percepci\u00f3n f\u00edsica, alimentaci\u00f3n e historial de salud. Entre los hallazgos de este estudio se logr\u00f3 identificar que los factores socioculturales como los medios de comunicaci\u00f3n, la comunidad y el nivel socioecon\u00f3mico tienen una importante aportaci\u00f3n en la construcci\u00f3n de las masculinidades, las cuales definen caracter\u00edsticas que distinguen a cada g\u00e9nero y que pueden cambiar seg\u00fan las creencias y las tradiciones de cada regi\u00f3n. Tambi\u00e9n se encontr\u00f3 que la influencia de la familia es muy importante como un espacio en donde se filtran los aspectos socioculturales y donde se da un aprendizaje de forma consciente e inconsciente de h\u00e1bitos y costumbres.<\/p>\n<p>&nbsp;<\/p>\n<p>En los participantes de este estudio se destacaron rasgos de masculinidad hegem\u00f3nica y machista. Los hombres con rasgos de masculinidad hegem\u00f3nica percibieron algunos aspectos que pod\u00edan considerarse riesgosos para su vida, por la que se registr\u00f3 cierta apertura en la atenci\u00f3n de su salud, condicionada por la necesidad de mantenerse capaces para seguir desempe\u00f1ando su papel en la sociedad. Por otro lado, los hombres con rasgos machistas mostraron mayor rechazo a la adecuada atenci\u00f3n de su salud y alimentaci\u00f3n, consider\u00e1ndolas s\u00f3lo en casos de que est\u00e1 en riesgo la vida, ya que asocian estas pr\u00e1cticas a lo femenino. Adem\u00e1s, tienen una percepci\u00f3n de riesgo lejana e indiferente sobre sus h\u00e1bitos de alimentaci\u00f3n y sobre enfermedades hereditarias o que se desarrollan por un estilo de vida compartido por las familias.<\/p>\n<p>&nbsp;<\/p>\n<p>Este trabajo logr\u00f3 identificar un motivo en com\u00fan en todos los participantes, m\u00e1s all\u00e1 de los rasgos de la masculinidad que se encontraron. Tanto los hombres que deciden atender su salud y alimentaci\u00f3n como los que deciden no hacerlo, coinciden en la misma motivaci\u00f3n para la toma de decisiones, que est\u00e1 cimentada en el cumplimiento de los mandatos de la masculinidad, relacionados con el papel de proveedores y protectores, por encima de una conciencia real de su bienestar f\u00edsico. Lo anterior puede ser considerado como un acto violento hacia s\u00ed mismos, ya que se est\u00e1n negando la atenci\u00f3n que requieren para cubrir sus necesidades b\u00e1sicas (Kaufman, 1999), lo cual pudiera explicar las diferencias en mortandad por g\u00e9nero.<\/p>\n<p>&nbsp;<\/p>\n<p>Adem\u00e1s, se identificaron otros aspectos relacionados a la presi\u00f3n social y cultural en las masculinidades, tal como el ideal de la est\u00e9tica corporal, que ha sido un tema m\u00e1s abordado en las mujeres, a diferencia de los hombres, en donde es poco mencionado. Se encontr\u00f3 una presi\u00f3n\/deseo por tener una estatura por encima del promedio y una corporalidad gruesa, sin llegar a ser robusta (con un notable rechazo a la delgadez), considerando estas caracter\u00edsticas como atractivos f\u00edsicos, por simple est\u00e9tica pero tambi\u00e9n para cubrir caracter\u00edsticas impuestas por la sociedad sobre los hombres, como la fortaleza y la resistencia f\u00edsica.<\/p>\n<p>&nbsp;<\/p>\n<p>Otro aspecto importante explorado en los voluntarios fue el capacitismo en el contexto particular de este trabajo, el cual es un conjunto de creencias que \u00fanicamente considera como viable y valioso a un cuerpo capaz, productivo y reproductivo. A trav\u00e9s de este concepto se analizaron las respuestas de los participantes y se encontr\u00f3 que afectaba la percepci\u00f3n del estado de salud, complicando as\u00ed la aceptaci\u00f3n de vulnerabilidad y el emprendimiento de actividades de autocuidado, lo cual les impide reconocer su enfermedad y cuidar as\u00ed su privilegio capacitista en las relaciones sociales.<\/p>\n<p>&nbsp;<\/p>\n<p>Con respecto a las pr\u00e1cticas de alimentaci\u00f3n, estas fueron diferentes en cada grupo de edad, aunque se destaca que en todas las generaciones se identific\u00f3 el gusto por la gastronom\u00eda local (productos regionales), adem\u00e1s de los transnacionales que d\u00eda a d\u00eda ganan m\u00e1s terreno. En especial los j\u00f3venes mencionaron comer frecuentemente pizza, sushi, \u201cpercherones\u201d y \u201cdogos\u201d, a diferencia de los adultos mayores que prefirieron la gallina pinta y la carne con chile, sobre todo acompa\u00f1ados de las t\u00edpicas tortillas de harina.<\/p>\n<p>&nbsp;<\/p>\n<p>Si bien este estudio logr\u00f3 un acercamiento hacia la comprensi\u00f3n de c\u00f3mo el grupo de participantes aborda los temas de percepci\u00f3n de riesgo y autocuidado en salud y nutrici\u00f3n, tambi\u00e9n expuso la necesidad de dirigir las campa\u00f1as de promoci\u00f3n de la salud y la atenci\u00f3n de los hombres con un enfoque human\u00edstico, integrando el componente de g\u00e9nero para que puedan manejar oportunamente mejores pr\u00e1cticas de prevenci\u00f3n y autocuidado.<\/p>\n<p>&nbsp;<\/p>\n<p>Referencias<\/p>\n<p>&nbsp;<\/p>\n<p>Inegi (2022). Estad\u00edsticas de defunciones registradas 2021. Comunicado de prensa n\u00famero 600\/2. Recuperado de https:\/\/www.inegi.org.mx\/contenidos\/saladeprensa\/boletines\/2022\/EDR\/EDR2021_10.pdf<\/p>\n<p>&nbsp;<\/p>\n<p>OPS (2019). Masculinidades y salud en la regi\u00f3n de las Am\u00e9ricas. Organizaci\u00f3n Panamericana de la Salud, Washington.<\/p>\n<p>&nbsp;<\/p>\n<p>Kaufman M. (1999). Las siete P\u2019s de la violencia de los hombres. International Association for Studies of Men, 6(2): 6-9.<\/p>\n<p>&nbsp;<\/p>\n<p>Autoras: Damaris Carrillo Casta\u00f1eda, estudiante de la maestr\u00eda en ciencias, y Gloria Guadalupe Morales Figueroa, investigadora de la Coordinaci\u00f3n de Nutrici\u00f3n del CIAD.<\/p>\n<p><strong>Fecha de publicaci\u00f3n viernes <\/strong><strong>\u00a019 de enero de 2024<\/strong><\/p>\n","protected":false},"excerpt":{"rendered":"<p>HERMOSILLO, SONORA,MX.\u02d7\u02d7\u02d7 Algunas de las principales causas de mortalidad en M\u00e9xico que fueron reportadas por&#8230;<\/p>\n","protected":false},"author":1,"featured_media":182041,"comment_status":"open","ping_status":"open","sticky":false,"template":"","format":"standard","meta":{"_monsterinsights_skip_tracking":false,"_monsterinsights_sitenote_active":false,"_monsterinsights_sitenote_note":"","_monsterinsights_sitenote_category":0,"footnotes":""},"categories":[2216],"tags":[],"class_list":["post"],"yoast_head":" \n<title>Sonora en Equipo. \u00bfLos hombres cuidan menos su salud que las mujeres? Ciencia y Tecnolog\u00eda<\/title>\n<meta name=\"description\" content=\"HERMOSILLO, SONORA,MX.\u02d7\u02d7\u02d7 Algunas de las principales causas de mortalidad en M\u00e9xico que fueron reportadas por el INEGI en el 2022 muestran una importante En Sonora en Equipo publicamos toda la informaci\u00f3n de Sonora, M\u00e9xico y el Mundo de manera oportuna y busca que la libertad de expresi\u00f3n sea real. Visita nuestro medio informativo publicado desde Hermosillo, Sonora. %\" \/>\n<meta name=\"robots\" content=\"index, follow, max-snippet:-1, max-image-preview:large, max-video-preview:-1\" \/>\n<link rel=\"canonical\" href=\"https:\/\/www.sonoraenequipo.com.mx\/los-hombres-cuidan-menos-su-salud-que-las-mujeres\/\" \/>\n<meta property=\"og:locale\" content=\"es_ES\" \/>\n<meta property=\"og:type\" content=\"article\" \/>\n<meta property=\"og:title\" content=\"Sonora en Equipo. \u00bfLos hombres cuidan menos su salud que las mujeres? Ciencia y Tecnolog\u00eda\" \/>\n<meta property=\"og:description\" content=\"HERMOSILLO, SONORA,MX.\u02d7\u02d7\u02d7 Algunas de las principales causas de mortalidad en M\u00e9xico que fueron reportadas por el INEGI en el 2022 muestran una importante En Sonora en Equipo publicamos toda la informaci\u00f3n de Sonora, M\u00e9xico y el Mundo de manera oportuna y busca que la libertad de expresi\u00f3n sea real. Visita nuestro medio informativo publicado desde Hermosillo, Sonora. %\" \/>\n<meta property=\"og:url\" content=\"https:\/\/www.sonoraenequipo.com.mx\/los-hombres-cuidan-menos-su-salud-que-las-mujeres\/\" \/>\n<meta property=\"og:site_name\" content=\"Sonora en Equipo.\" \/>\n<meta property=\"article:publisher\" content=\"https:\/\/www.facebook.com\/SonoraEE\/\" \/>\n<meta property=\"article:author\" content=\"https:\/\/www.facebook.com\/SonoraEE\" \/>\n<meta property=\"article:published_time\" content=\"2024-01-20T02:25:14+00:00\" \/>\n<meta property=\"og:image\" content=\"https:\/\/www.sonoraenequipo.com.mx\/storage\/2024\/01\/enfermededades-hombres.jpg\" \/>\n\t<meta property=\"og:image:width\" content=\"600\" \/>\n\t<meta property=\"og:image:height\" content=\"400\" \/>\n\t<meta property=\"og:image:type\" content=\"image\/jpeg\" \/>\n<meta name=\"author\" content=\"enequipo\" \/>\n<meta name=\"twitter:card\" content=\"summary_large_image\" \/>\n<meta name=\"twitter:creator\" content=\"@sonoraenequipo\" \/>\n<meta name=\"twitter:site\" content=\"@sonoraenequipo\" \/>\n<meta name=\"twitter:label1\" content=\"Escrito por\" \/>\n\t<meta name=\"twitter:data1\" content=\"enequipo\" \/>\n\t<meta name=\"twitter:label2\" content=\"Tiempo de lectura\" \/>\n\t<meta name=\"twitter:data2\" content=\"6 minutos\" \/>\n<script type=\"application\/ld+json\" class=\"yoast-schema-graph\">{\"@context\":\"https:\/\/schema.org\",\"@graph\":[{\"@type\":\"Article\",\"@id\":\"https:\/\/www.sonoraenequipo.com.mx\/los-hombres-cuidan-menos-su-salud-que-las-mujeres\/#article\",\"isPartOf\":{\"@id\":\"https:\/\/www.sonoraenequipo.com.mx\/los-hombres-cuidan-menos-su-salud-que-las-mujeres\/\"},\"author\":{\"name\":\"enequipo\",\"@id\":\"https:\/\/www.sonoraenequipo.com.mx\/#\/schema\/person\/50102df0fb23a8fa9e8effad8fa81386\"},\"headline\":\"\u00bfLos hombres cuidan menos su salud que las mujeres?\",\"datePublished\":\"2024-01-20T02:25:14+00:00\",\"mainEntityOfPage\":{\"@id\":\"https:\/\/www.sonoraenequipo.com.mx\/los-hombres-cuidan-menos-su-salud-que-las-mujeres\/\"},\"wordCount\":1150,\"commentCount\":0,\"publisher\":{\"@id\":\"https:\/\/www.sonoraenequipo.com.mx\/#organization\"},\"image\":{\"@id\":\"https:\/\/www.sonoraenequipo.com.mx\/los-hombres-cuidan-menos-su-salud-que-las-mujeres\/#primaryimage\"},\"thumbnailUrl\":\"https:\/\/www.sonoraenequipo.com.mx\/storage\/2024\/01\/enfermededades-hombres.jpg\",\"articleSection\":[\"Ciencia y Tecnolog\u00eda\"],\"inLanguage\":\"es\",\"potentialAction\":[{\"@type\":\"CommentAction\",\"name\":\"Comment\",\"target\":[\"https:\/\/www.sonoraenequipo.com.mx\/los-hombres-cuidan-menos-su-salud-que-las-mujeres\/#respond\"]}]},{\"@type\":\"WebPage\",\"@id\":\"https:\/\/www.sonoraenequipo.com.mx\/los-hombres-cuidan-menos-su-salud-que-las-mujeres\/\",\"url\":\"https:\/\/www.sonoraenequipo.com.mx\/los-hombres-cuidan-menos-su-salud-que-las-mujeres\/\",\"name\":\"Sonora en Equipo. \u00bfLos hombres cuidan menos su salud que las mujeres? Ciencia y Tecnolog\u00eda\",\"isPartOf\":{\"@id\":\"https:\/\/www.sonoraenequipo.com.mx\/#website\"},\"primaryImageOfPage\":{\"@id\":\"https:\/\/www.sonoraenequipo.com.mx\/los-hombres-cuidan-menos-su-salud-que-las-mujeres\/#primaryimage\"},\"image\":{\"@id\":\"https:\/\/www.sonoraenequipo.com.mx\/los-hombres-cuidan-menos-su-salud-que-las-mujeres\/#primaryimage\"},\"thumbnailUrl\":\"https:\/\/www.sonoraenequipo.com.mx\/storage\/2024\/01\/enfermededades-hombres.jpg\",\"datePublished\":\"2024-01-20T02:25:14+00:00\",\"description\":\"HERMOSILLO, SONORA,MX.\u02d7\u02d7\u02d7 Algunas de las principales causas de mortalidad en M\u00e9xico que fueron reportadas por el INEGI en el 2022 muestran una importante En Sonora en Equipo publicamos toda la informaci\u00f3n de Sonora, M\u00e9xico y el Mundo de manera oportuna y busca que la libertad de expresi\u00f3n sea real. Visita nuestro medio informativo publicado desde Hermosillo, Sonora. %\",\"breadcrumb\":{\"@id\":\"https:\/\/www.sonoraenequipo.com.mx\/los-hombres-cuidan-menos-su-salud-que-las-mujeres\/#breadcrumb\"},\"inLanguage\":\"es\",\"potentialAction\":[{\"@type\":\"ReadAction\",\"target\":[\"https:\/\/www.sonoraenequipo.com.mx\/los-hombres-cuidan-menos-su-salud-que-las-mujeres\/\"]}]},{\"@type\":\"ImageObject\",\"inLanguage\":\"es\",\"@id\":\"https:\/\/www.sonoraenequipo.com.mx\/los-hombres-cuidan-menos-su-salud-que-las-mujeres\/#primaryimage\",\"url\":\"https:\/\/www.sonoraenequipo.com.mx\/storage\/2024\/01\/enfermededades-hombres.jpg\",\"contentUrl\":\"https:\/\/www.sonoraenequipo.com.mx\/storage\/2024\/01\/enfermededades-hombres.jpg\",\"width\":600,\"height\":400},{\"@type\":\"BreadcrumbList\",\"@id\":\"https:\/\/www.sonoraenequipo.com.mx\/los-hombres-cuidan-menos-su-salud-que-las-mujeres\/#breadcrumb\",\"itemListElement\":[{\"@type\":\"ListItem\",\"position\":1,\"name\":\"Portada\",\"item\":\"https:\/\/www.sonoraenequipo.com.mx\/\"},{\"@type\":\"ListItem\",\"position\":2,\"name\":\"\u00bfLos hombres cuidan menos su salud que las mujeres?\"}]},{\"@type\":\"WebSite\",\"@id\":\"https:\/\/www.sonoraenequipo.com.mx\/#website\",\"url\":\"https:\/\/www.sonoraenequipo.com.mx\/\",\"name\":\"Sonora en Equipo.\",\"description\":\"Diario en l\u00ednea con Noticias desde Hermosillo, Sonora\",\"publisher\":{\"@id\":\"https:\/\/www.sonoraenequipo.com.mx\/#organization\"},\"potentialAction\":[{\"@type\":\"SearchAction\",\"target\":{\"@type\":\"EntryPoint\",\"urlTemplate\":\"https:\/\/www.sonoraenequipo.com.mx\/?s={search_term_string}\"},\"query-input\":{\"@type\":\"PropertyValueSpecification\",\"valueRequired\":true,\"valueName\":\"search_term_string\"}}],\"inLanguage\":\"es\"},{\"@type\":\"Organization\",\"@id\":\"https:\/\/www.sonoraenequipo.com.mx\/#organization\",\"name\":\"Sonoraenequipo.com.mx\",\"url\":\"https:\/\/www.sonoraenequipo.com.mx\/\",\"logo\":{\"@type\":\"ImageObject\",\"inLanguage\":\"es\",\"@id\":\"https:\/\/www.sonoraenequipo.com.mx\/#\/schema\/logo\/image\/\",\"url\":\"https:\/\/www.sonoraenequipo.com.mx\/storage\/2019\/01\/sonoraenequipo_opt.png\",\"contentUrl\":\"https:\/\/www.sonoraenequipo.com.mx\/storage\/2019\/01\/sonoraenequipo_opt.png\",\"width\":375,\"height\":125,\"caption\":\"Sonoraenequipo.com.mx\"},\"image\":{\"@id\":\"https:\/\/www.sonoraenequipo.com.mx\/#\/schema\/logo\/image\/\"},\"sameAs\":[\"https:\/\/www.facebook.com\/SonoraEE\/\",\"https:\/\/x.com\/sonoraenequipo\",\"https:\/\/www.youtube.com\/channel\/UC338nW-lPEYmJQs4ZABQ1SQ\"]},{\"@type\":\"Person\",\"@id\":\"https:\/\/www.sonoraenequipo.com.mx\/#\/schema\/person\/50102df0fb23a8fa9e8effad8fa81386\",\"name\":\"enequipo\",\"image\":{\"@type\":\"ImageObject\",\"inLanguage\":\"es\",\"@id\":\"https:\/\/www.sonoraenequipo.com.mx\/#\/schema\/person\/image\/\",\"url\":\"https:\/\/secure.gravatar.com\/avatar\/049821681b589dabc0bc20695993ccebb09f5b5d4d790cd9251b97faac7c652b?s=96&d=blank&r=g\",\"contentUrl\":\"https:\/\/secure.gravatar.com\/avatar\/049821681b589dabc0bc20695993ccebb09f5b5d4d790cd9251b97faac7c652b?s=96&d=blank&r=g\",\"caption\":\"enequipo\"},\"sameAs\":[\"https:\/\/www.facebook.com\/SonoraEE\"]}]}<\/script>\n ","yoast_head_json":{"title":"Sonora en Equipo. \u00bfLos hombres cuidan menos su salud que las mujeres? Ciencia y Tecnolog\u00eda","description":"HERMOSILLO, SONORA,MX.\u02d7\u02d7\u02d7 Algunas de las principales causas de mortalidad en M\u00e9xico que fueron reportadas por el INEGI en el 2022 muestran una importante En Sonora en Equipo publicamos toda la informaci\u00f3n de Sonora, M\u00e9xico y el Mundo de manera oportuna y busca que la libertad de expresi\u00f3n sea real. Visita nuestro medio informativo publicado desde Hermosillo, Sonora. %","robots":{"index":"index","follow":"follow","max-snippet":"max-snippet:-1","max-image-preview":"max-image-preview:large","max-video-preview":"max-video-preview:-1"},"canonical":"https:\/\/www.sonoraenequipo.com.mx\/los-hombres-cuidan-menos-su-salud-que-las-mujeres\/","og_locale":"es_ES","og_type":"article","og_title":"Sonora en Equipo. \u00bfLos hombres cuidan menos su salud que las mujeres? Ciencia y Tecnolog\u00eda","og_description":"HERMOSILLO, SONORA,MX.\u02d7\u02d7\u02d7 Algunas de las principales causas de mortalidad en M\u00e9xico que fueron reportadas por el INEGI en el 2022 muestran una importante En Sonora en Equipo publicamos toda la informaci\u00f3n de Sonora, M\u00e9xico y el Mundo de manera oportuna y busca que la libertad de expresi\u00f3n sea real. Visita nuestro medio informativo publicado desde Hermosillo, Sonora. %","og_url":"https:\/\/www.sonoraenequipo.com.mx\/los-hombres-cuidan-menos-su-salud-que-las-mujeres\/","og_site_name":"Sonora en Equipo.","article_publisher":"https:\/\/www.facebook.com\/SonoraEE\/","article_author":"https:\/\/www.facebook.com\/SonoraEE","article_published_time":"2024-01-20T02:25:14+00:00","og_image":[{"width":600,"height":400,"url":"https:\/\/www.sonoraenequipo.com.mx\/storage\/2024\/01\/enfermededades-hombres.jpg","type":"image\/jpeg"}],"author":"enequipo","twitter_card":"summary_large_image","twitter_creator":"@sonoraenequipo","twitter_site":"@sonoraenequipo","twitter_misc":{"Escrito por":"enequipo","Tiempo de lectura":"6 minutos"},"schema":{"@context":"https:\/\/schema.org","@graph":[{"@type":"Article","@id":"https:\/\/www.sonoraenequipo.com.mx\/los-hombres-cuidan-menos-su-salud-que-las-mujeres\/#article","isPartOf":{"@id":"https:\/\/www.sonoraenequipo.com.mx\/los-hombres-cuidan-menos-su-salud-que-las-mujeres\/"},"author":{"name":"enequipo","@id":"https:\/\/www.sonoraenequipo.com.mx\/#\/schema\/person\/50102df0fb23a8fa9e8effad8fa81386"},"headline":"\u00bfLos hombres cuidan menos su salud que las mujeres?","datePublished":"2024-01-20T02:25:14+00:00","mainEntityOfPage":{"@id":"https:\/\/www.sonoraenequipo.com.mx\/los-hombres-cuidan-menos-su-salud-que-las-mujeres\/"},"wordCount":1150,"commentCount":0,"publisher":{"@id":"https:\/\/www.sonoraenequipo.com.mx\/#organization"},"image":{"@id":"https:\/\/www.sonoraenequipo.com.mx\/los-hombres-cuidan-menos-su-salud-que-las-mujeres\/#primaryimage"},"thumbnailUrl":"https:\/\/www.sonoraenequipo.com.mx\/storage\/2024\/01\/enfermededades-hombres.jpg","articleSection":["Ciencia y Tecnolog\u00eda"],"inLanguage":"es","potentialAction":[{"@type":"CommentAction","name":"Comment","target":["https:\/\/www.sonoraenequipo.com.mx\/los-hombres-cuidan-menos-su-salud-que-las-mujeres\/#respond"]}]},{"@type":"WebPage","@id":"https:\/\/www.sonoraenequipo.com.mx\/los-hombres-cuidan-menos-su-salud-que-las-mujeres\/","url":"https:\/\/www.sonoraenequipo.com.mx\/los-hombres-cuidan-menos-su-salud-que-las-mujeres\/","name":"Sonora en Equipo. \u00bfLos hombres cuidan menos su salud que las mujeres? Ciencia y Tecnolog\u00eda","isPartOf":{"@id":"https:\/\/www.sonoraenequipo.com.mx\/#website"},"primaryImageOfPage":{"@id":"https:\/\/www.sonoraenequipo.com.mx\/los-hombres-cuidan-menos-su-salud-que-las-mujeres\/#primaryimage"},"image":{"@id":"https:\/\/www.sonoraenequipo.com.mx\/los-hombres-cuidan-menos-su-salud-que-las-mujeres\/#primaryimage"},"thumbnailUrl":"https:\/\/www.sonoraenequipo.com.mx\/storage\/2024\/01\/enfermededades-hombres.jpg","datePublished":"2024-01-20T02:25:14+00:00","description":"HERMOSILLO, SONORA,MX.\u02d7\u02d7\u02d7 Algunas de las principales causas de mortalidad en M\u00e9xico que fueron reportadas por el INEGI en el 2022 muestran una importante En Sonora en Equipo publicamos toda la informaci\u00f3n de Sonora, M\u00e9xico y el Mundo de manera oportuna y busca que la libertad de expresi\u00f3n sea real. Visita nuestro medio informativo publicado desde Hermosillo, Sonora. %","breadcrumb":{"@id":"https:\/\/www.sonoraenequipo.com.mx\/los-hombres-cuidan-menos-su-salud-que-las-mujeres\/#breadcrumb"},"inLanguage":"es","potentialAction":[{"@type":"ReadAction","target":["https:\/\/www.sonoraenequipo.com.mx\/los-hombres-cuidan-menos-su-salud-que-las-mujeres\/"]}]},{"@type":"ImageObject","inLanguage":"es","@id":"https:\/\/www.sonoraenequipo.com.mx\/los-hombres-cuidan-menos-su-salud-que-las-mujeres\/#primaryimage","url":"https:\/\/www.sonoraenequipo.com.mx\/storage\/2024\/01\/enfermededades-hombres.jpg","contentUrl":"https:\/\/www.sonoraenequipo.com.mx\/storage\/2024\/01\/enfermededades-hombres.jpg","width":600,"height":400},{"@type":"BreadcrumbList","@id":"https:\/\/www.sonoraenequipo.com.mx\/los-hombres-cuidan-menos-su-salud-que-las-mujeres\/#breadcrumb","itemListElement":[{"@type":"ListItem","position":1,"name":"Portada","item":"https:\/\/www.sonoraenequipo.com.mx\/"},{"@type":"ListItem","position":2,"name":"\u00bfLos hombres cuidan menos su salud que las mujeres?"}]},{"@type":"WebSite","@id":"https:\/\/www.sonoraenequipo.com.mx\/#website","url":"https:\/\/www.sonoraenequipo.com.mx\/","name":"Sonora en Equipo.","description":"Diario en l\u00ednea con Noticias desde Hermosillo, Sonora","publisher":{"@id":"https:\/\/www.sonoraenequipo.com.mx\/#organization"},"potentialAction":[{"@type":"SearchAction","target":{"@type":"EntryPoint","urlTemplate":"https:\/\/www.sonoraenequipo.com.mx\/?s={search_term_string}"},"query-input":{"@type":"PropertyValueSpecification","valueRequired":true,"valueName":"search_term_string"}}],"inLanguage":"es"},{"@type":"Organization","@id":"https:\/\/www.sonoraenequipo.com.mx\/#organization","name":"Sonoraenequipo.com.mx","url":"https:\/\/www.sonoraenequipo.com.mx\/","logo":{"@type":"ImageObject","inLanguage":"es","@id":"https:\/\/www.sonoraenequipo.com.mx\/#\/schema\/logo\/image\/","url":"https:\/\/www.sonoraenequipo.com.mx\/storage\/2019\/01\/sonoraenequipo_opt.png","contentUrl":"https:\/\/www.sonoraenequipo.com.mx\/storage\/2019\/01\/sonoraenequipo_opt.png","width":375,"height":125,"caption":"Sonoraenequipo.com.mx"},"image":{"@id":"https:\/\/www.sonoraenequipo.com.mx\/#\/schema\/logo\/image\/"},"sameAs":["https:\/\/www.facebook.com\/SonoraEE\/","https:\/\/x.com\/sonoraenequipo","https:\/\/www.youtube.com\/channel\/UC338nW-lPEYmJQs4ZABQ1SQ"]},{"@type":"Person","@id":"https:\/\/www.sonoraenequipo.com.mx\/#\/schema\/person\/50102df0fb23a8fa9e8effad8fa81386","name":"enequipo","image":{"@type":"ImageObject","inLanguage":"es","@id":"https:\/\/www.sonoraenequipo.com.mx\/#\/schema\/person\/image\/","url":"https:\/\/secure.gravatar.com\/avatar\/049821681b589dabc0bc20695993ccebb09f5b5d4d790cd9251b97faac7c652b?s=96&d=blank&r=g","contentUrl":"https:\/\/secure.gravatar.com\/avatar\/049821681b589dabc0bc20695993ccebb09f5b5d4d790cd9251b97faac7c652b?s=96&d=blank&r=g","caption":"enequipo"},"sameAs":["https:\/\/www.facebook.com\/SonoraEE"]}]}},"jetpack_featured_media_url":"https:\/\/www.sonoraenequipo.com.mx\/storage\/2024\/01\/enfermededades-hombres.jpg","_links":{"self":[{"href":"https:\/\/www.sonoraenequipo.com.mx\/api\/wp\/v2\/posts\/182040","targetHints":{"allow":["GET"]}}],"collection":[{"href":"https:\/\/www.sonoraenequipo.com.mx\/api\/wp\/v2\/posts"}],"about":[{"href":"https:\/\/www.sonoraenequipo.com.mx\/api\/wp\/v2\/types\/post"}],"author":[{"embeddable":true,"href":"https:\/\/www.sonoraenequipo.com.mx\/api\/wp\/v2\/users\/1"}],"replies":[{"embeddable":true,"href":"https:\/\/www.sonoraenequipo.com.mx\/api\/wp\/v2\/comments?post=182040"}],"version-history":[{"count":1,"href":"https:\/\/www.sonoraenequipo.com.mx\/api\/wp\/v2\/posts\/182040\/revisions"}],"predecessor-version":[{"id":182042,"href":"https:\/\/www.sonoraenequipo.com.mx\/api\/wp\/v2\/posts\/182040\/revisions\/182042"}],"wp:featuredmedia":[{"embeddable":true,"href":"https:\/\/www.sonoraenequipo.com.mx\/api\/wp\/v2\/media\/182041"}],"wp:attachment":[{"href":"https:\/\/www.sonoraenequipo.com.mx\/api\/wp\/v2\/media?parent=182040"}],"wp:term":[{"taxonomy":"category","embeddable":true,"href":"https:\/\/www.sonoraenequipo.com.mx\/api\/wp\/v2\/categories?post=182040"},{"taxonomy":"post_tag","embeddable":true,"href":"https:\/\/www.sonoraenequipo.com.mx\/api\/wp\/v2\/tags?post=182040"}],"curies":[{"name":"wp","href":"https:\/\/api.w.org\/{rel}","templated":true}]}}