{"id":182241,"date":"2024-01-24T19:22:39","date_gmt":"2024-01-25T02:22:39","guid":{"rendered":"https:\/\/www.sonoraenequipo.com.mx\/?p=182241"},"modified":"2024-01-24T19:22:39","modified_gmt":"2024-01-25T02:22:39","slug":"se-mantiene-sonora-dentro-de-los-principales-productores-de-camaron-de-cultivo-en-el-2023","status":"publish","type":"post","link":"https:\/\/www.sonoraenequipo.com.mx\/se-mantiene-sonora-dentro-de-los-principales-productores-de-camaron-de-cultivo-en-el-2023\/","title":{"rendered":"Se mantiene Sonora dentro de los principales productores de camar\u00f3n de cultivo en el 2023"},"content":{"rendered":"<p>Se mantiene Sonora dentro de los principales productores de camar\u00f3n de cultivo en el 2023<\/p>\n<p>&nbsp;<\/p>\n<p><strong>HERMOSILLO, SONORA,MX.<\/strong><strong>\u02d7\u02d7\u02d7 <\/strong><\/p>\n<p>Sonora es de los principales productores de camar\u00f3n de cultivo, al cosechar en el 2023 un aproximado de 80 mil toneladas del crust\u00e1ceo, inform\u00f3 la secretaria de Agricultura en Sonora, F\u00e1tima Yolanda Rodr\u00edguez Mendoza.<\/p>\n<p>&nbsp;<\/p>\n<p>&nbsp;<\/p>\n<p>&nbsp;<\/p>\n<p>La titular de la Secretar\u00eda de Agricultura, Ganader\u00eda, Recursos Hidr\u00e1ulicos, Pesca y Acuacultura (Sagarhpa), se\u00f1al\u00f3 que la Direcci\u00f3n General de Pesca y Acuacultura report\u00f3 que las 80 mil toneladas de camar\u00f3n de cultivo es un dato preliminar, ya que el Comit\u00e9 de Sanidad Acu\u00edcola del Estado de Sonora (Cosaes) est\u00e1 en los cierres de las cosechas.<\/p>\n<p>&nbsp;<\/p>\n<p>&nbsp;<\/p>\n<p>&nbsp;<\/p>\n<p>Precis\u00f3 que, en el 2022, seg\u00fan lo informado por la Comisi\u00f3n Nacional de Pesca y Acuacultura (Conapesca), se dio una producci\u00f3n de 84 mil 770 toneladas, adem\u00e1s de que en el a\u00f1o 2023 en la entidad se sembraron 27 mil 755.3 hect\u00e1reas en 147 Unidades de Producci\u00f3n Acu\u00edcolas en Operaci\u00f3n (UPAS).<\/p>\n<p>&nbsp;<\/p>\n<p>&nbsp;<\/p>\n<p>&nbsp;<\/p>\n<p>Destac\u00f3 que para los cultivos se utilizaron postlarvas producidas en un 64 por ciento de laboratorios de Sonora, 30 por ciento de Sinaloa y el seis por ciento restante de Baja California.<\/p>\n<p>&nbsp;<\/p>\n<p>&nbsp;<\/p>\n<p>&nbsp;<\/p>\n<p>La producci\u00f3n estimada para 2023 ser\u00e1 de un aproximado de 80 mil toneladas, lo que posiciona al Estado como de los primeros lugares en cosecha de camar\u00f3n a nivel nacional.<\/p>\n<p>&nbsp;<\/p>\n<p>&nbsp;<\/p>\n<p>&nbsp;<\/p>\n<p>Las tallas promedio de cosecha, a\u00f1adi\u00f3, es de 22.8 gramos, donde se tuvo una sobrevivencia de m\u00e1s del 60% despu\u00e9s de la siembra.<\/p>\n<p><strong>Fecha de publicaci\u00f3n <\/strong><strong>mi\u00e9rcoles 24 de enero de 2024<\/strong><\/p>\n<p>&nbsp;<\/p>\n","protected":false},"excerpt":{"rendered":"<p>Se mantiene Sonora dentro de los principales productores de camar\u00f3n de cultivo en el 2023&#8230;<\/p>\n","protected":false},"author":1,"featured_media":182242,"comment_status":"open","ping_status":"open","sticky":false,"template":"","format":"standard","meta":{"_monsterinsights_skip_tracking":false,"_monsterinsights_sitenote_active":false,"_monsterinsights_sitenote_note":"","_monsterinsights_sitenote_category":0,"footnotes":""},"categories":[6493,22],"tags":[],"class_list":["post"],"yoast_head":" \n<title>Sonora en Equipo. Se mantiene Sonora dentro de los principales productores de camar\u00f3n de cultivo en el 2023 Sonora<\/title>\n<meta name=\"description\" content=\"Se mantiene Sonora dentro de los principales productores de camar\u00f3n de cultivo en el 2023 &nbsp; HERMOSILLO, SONORA,MX.\u02d7\u02d7\u02d7 Sonora es de los principales En Sonora en Equipo publicamos toda la informaci\u00f3n de Sonora, M\u00e9xico y el Mundo de manera oportuna y busca que la libertad de expresi\u00f3n sea real. Visita nuestro medio informativo publicado desde Hermosillo, Sonora. %\" \/>\n<meta name=\"robots\" content=\"index, follow, max-snippet:-1, max-image-preview:large, max-video-preview:-1\" \/>\n<link rel=\"canonical\" href=\"https:\/\/www.sonoraenequipo.com.mx\/se-mantiene-sonora-dentro-de-los-principales-productores-de-camaron-de-cultivo-en-el-2023\/\" \/>\n<meta property=\"og:locale\" content=\"es_ES\" \/>\n<meta property=\"og:type\" content=\"article\" \/>\n<meta property=\"og:title\" content=\"Sonora en Equipo. Se mantiene Sonora dentro de los principales productores de camar\u00f3n de cultivo en el 2023 Sonora\" \/>\n<meta property=\"og:description\" content=\"Se mantiene Sonora dentro de los principales productores de camar\u00f3n de cultivo en el 2023 &nbsp; HERMOSILLO, SONORA,MX.\u02d7\u02d7\u02d7 Sonora es de los principales En Sonora en Equipo publicamos toda la informaci\u00f3n de Sonora, M\u00e9xico y el Mundo de manera oportuna y busca que la libertad de expresi\u00f3n sea real. Visita nuestro medio informativo publicado desde Hermosillo, Sonora. %\" \/>\n<meta property=\"og:url\" content=\"https:\/\/www.sonoraenequipo.com.mx\/se-mantiene-sonora-dentro-de-los-principales-productores-de-camaron-de-cultivo-en-el-2023\/\" \/>\n<meta property=\"og:site_name\" content=\"Sonora en Equipo.\" \/>\n<meta property=\"article:publisher\" content=\"https:\/\/www.facebook.com\/SonoraEE\/\" \/>\n<meta property=\"article:author\" content=\"https:\/\/www.facebook.com\/SonoraEE\" \/>\n<meta property=\"article:published_time\" content=\"2024-01-25T02:22:39+00:00\" \/>\n<meta property=\"og:image\" content=\"https:\/\/www.sonoraenequipo.com.mx\/storage\/2024\/01\/empaque-de-camaron.jpg\" \/>\n\t<meta property=\"og:image:width\" content=\"600\" \/>\n\t<meta property=\"og:image:height\" content=\"450\" \/>\n\t<meta property=\"og:image:type\" content=\"image\/jpeg\" \/>\n<meta name=\"author\" content=\"enequipo\" \/>\n<meta name=\"twitter:card\" content=\"summary_large_image\" \/>\n<meta name=\"twitter:creator\" content=\"@sonoraenequipo\" \/>\n<meta name=\"twitter:site\" content=\"@sonoraenequipo\" \/>\n<meta name=\"twitter:label1\" content=\"Escrito por\" \/>\n\t<meta name=\"twitter:data1\" content=\"enequipo\" \/>\n\t<meta name=\"twitter:label2\" content=\"Tiempo de lectura\" \/>\n\t<meta name=\"twitter:data2\" content=\"1 minuto\" \/>\n<script type=\"application\/ld+json\" class=\"yoast-schema-graph\">{\"@context\":\"https:\/\/schema.org\",\"@graph\":[{\"@type\":\"Article\",\"@id\":\"https:\/\/www.sonoraenequipo.com.mx\/se-mantiene-sonora-dentro-de-los-principales-productores-de-camaron-de-cultivo-en-el-2023\/#article\",\"isPartOf\":{\"@id\":\"https:\/\/www.sonoraenequipo.com.mx\/se-mantiene-sonora-dentro-de-los-principales-productores-de-camaron-de-cultivo-en-el-2023\/\"},\"author\":{\"name\":\"enequipo\",\"@id\":\"https:\/\/www.sonoraenequipo.com.mx\/#\/schema\/person\/50102df0fb23a8fa9e8effad8fa81386\"},\"headline\":\"Se mantiene Sonora dentro de los principales productores de camar\u00f3n de cultivo en el 2023\",\"datePublished\":\"2024-01-25T02:22:39+00:00\",\"mainEntityOfPage\":{\"@id\":\"https:\/\/www.sonoraenequipo.com.mx\/se-mantiene-sonora-dentro-de-los-principales-productores-de-camaron-de-cultivo-en-el-2023\/\"},\"wordCount\":294,\"commentCount\":0,\"publisher\":{\"@id\":\"https:\/\/www.sonoraenequipo.com.mx\/#organization\"},\"image\":{\"@id\":\"https:\/\/www.sonoraenequipo.com.mx\/se-mantiene-sonora-dentro-de-los-principales-productores-de-camaron-de-cultivo-en-el-2023\/#primaryimage\"},\"thumbnailUrl\":\"https:\/\/www.sonoraenequipo.com.mx\/storage\/2024\/01\/empaque-de-camaron.jpg\",\"articleSection\":[\"PALABRAS Y N\u00daMEROS\",\"Sonora\"],\"inLanguage\":\"es\",\"potentialAction\":[{\"@type\":\"CommentAction\",\"name\":\"Comment\",\"target\":[\"https:\/\/www.sonoraenequipo.com.mx\/se-mantiene-sonora-dentro-de-los-principales-productores-de-camaron-de-cultivo-en-el-2023\/#respond\"]}]},{\"@type\":\"WebPage\",\"@id\":\"https:\/\/www.sonoraenequipo.com.mx\/se-mantiene-sonora-dentro-de-los-principales-productores-de-camaron-de-cultivo-en-el-2023\/\",\"url\":\"https:\/\/www.sonoraenequipo.com.mx\/se-mantiene-sonora-dentro-de-los-principales-productores-de-camaron-de-cultivo-en-el-2023\/\",\"name\":\"Sonora en Equipo. Se mantiene Sonora dentro de los principales productores de camar\u00f3n de cultivo en el 2023 Sonora\",\"isPartOf\":{\"@id\":\"https:\/\/www.sonoraenequipo.com.mx\/#website\"},\"primaryImageOfPage\":{\"@id\":\"https:\/\/www.sonoraenequipo.com.mx\/se-mantiene-sonora-dentro-de-los-principales-productores-de-camaron-de-cultivo-en-el-2023\/#primaryimage\"},\"image\":{\"@id\":\"https:\/\/www.sonoraenequipo.com.mx\/se-mantiene-sonora-dentro-de-los-principales-productores-de-camaron-de-cultivo-en-el-2023\/#primaryimage\"},\"thumbnailUrl\":\"https:\/\/www.sonoraenequipo.com.mx\/storage\/2024\/01\/empaque-de-camaron.jpg\",\"datePublished\":\"2024-01-25T02:22:39+00:00\",\"description\":\"Se mantiene Sonora dentro de los principales productores de camar\u00f3n de cultivo en el 2023 &nbsp; HERMOSILLO, SONORA,MX.\u02d7\u02d7\u02d7 Sonora es de los principales En Sonora en Equipo publicamos toda la informaci\u00f3n de Sonora, M\u00e9xico y el Mundo de manera oportuna y busca que la libertad de expresi\u00f3n sea real. Visita nuestro medio informativo publicado desde Hermosillo, Sonora. %\",\"breadcrumb\":{\"@id\":\"https:\/\/www.sonoraenequipo.com.mx\/se-mantiene-sonora-dentro-de-los-principales-productores-de-camaron-de-cultivo-en-el-2023\/#breadcrumb\"},\"inLanguage\":\"es\",\"potentialAction\":[{\"@type\":\"ReadAction\",\"target\":[\"https:\/\/www.sonoraenequipo.com.mx\/se-mantiene-sonora-dentro-de-los-principales-productores-de-camaron-de-cultivo-en-el-2023\/\"]}]},{\"@type\":\"ImageObject\",\"inLanguage\":\"es\",\"@id\":\"https:\/\/www.sonoraenequipo.com.mx\/se-mantiene-sonora-dentro-de-los-principales-productores-de-camaron-de-cultivo-en-el-2023\/#primaryimage\",\"url\":\"https:\/\/www.sonoraenequipo.com.mx\/storage\/2024\/01\/empaque-de-camaron.jpg\",\"contentUrl\":\"https:\/\/www.sonoraenequipo.com.mx\/storage\/2024\/01\/empaque-de-camaron.jpg\",\"width\":600,\"height\":450,\"caption\":\"Mujeres empacando camar\u00f3n\"},{\"@type\":\"BreadcrumbList\",\"@id\":\"https:\/\/www.sonoraenequipo.com.mx\/se-mantiene-sonora-dentro-de-los-principales-productores-de-camaron-de-cultivo-en-el-2023\/#breadcrumb\",\"itemListElement\":[{\"@type\":\"ListItem\",\"position\":1,\"name\":\"Portada\",\"item\":\"https:\/\/www.sonoraenequipo.com.mx\/\"},{\"@type\":\"ListItem\",\"position\":2,\"name\":\"Se mantiene Sonora dentro de los principales productores de camar\u00f3n de cultivo en el 2023\"}]},{\"@type\":\"WebSite\",\"@id\":\"https:\/\/www.sonoraenequipo.com.mx\/#website\",\"url\":\"https:\/\/www.sonoraenequipo.com.mx\/\",\"name\":\"Sonora en Equipo.\",\"description\":\"Diario en l\u00ednea con Noticias desde Hermosillo, Sonora\",\"publisher\":{\"@id\":\"https:\/\/www.sonoraenequipo.com.mx\/#organization\"},\"potentialAction\":[{\"@type\":\"SearchAction\",\"target\":{\"@type\":\"EntryPoint\",\"urlTemplate\":\"https:\/\/www.sonoraenequipo.com.mx\/?s={search_term_string}\"},\"query-input\":{\"@type\":\"PropertyValueSpecification\",\"valueRequired\":true,\"valueName\":\"search_term_string\"}}],\"inLanguage\":\"es\"},{\"@type\":\"Organization\",\"@id\":\"https:\/\/www.sonoraenequipo.com.mx\/#organization\",\"name\":\"Sonoraenequipo.com.mx\",\"url\":\"https:\/\/www.sonoraenequipo.com.mx\/\",\"logo\":{\"@type\":\"ImageObject\",\"inLanguage\":\"es\",\"@id\":\"https:\/\/www.sonoraenequipo.com.mx\/#\/schema\/logo\/image\/\",\"url\":\"https:\/\/www.sonoraenequipo.com.mx\/storage\/2019\/01\/sonoraenequipo_opt.png\",\"contentUrl\":\"https:\/\/www.sonoraenequipo.com.mx\/storage\/2019\/01\/sonoraenequipo_opt.png\",\"width\":375,\"height\":125,\"caption\":\"Sonoraenequipo.com.mx\"},\"image\":{\"@id\":\"https:\/\/www.sonoraenequipo.com.mx\/#\/schema\/logo\/image\/\"},\"sameAs\":[\"https:\/\/www.facebook.com\/SonoraEE\/\",\"https:\/\/x.com\/sonoraenequipo\",\"https:\/\/www.youtube.com\/channel\/UC338nW-lPEYmJQs4ZABQ1SQ\"]},{\"@type\":\"Person\",\"@id\":\"https:\/\/www.sonoraenequipo.com.mx\/#\/schema\/person\/50102df0fb23a8fa9e8effad8fa81386\",\"name\":\"enequipo\",\"image\":{\"@type\":\"ImageObject\",\"inLanguage\":\"es\",\"@id\":\"https:\/\/www.sonoraenequipo.com.mx\/#\/schema\/person\/image\/\",\"url\":\"https:\/\/secure.gravatar.com\/avatar\/049821681b589dabc0bc20695993ccebb09f5b5d4d790cd9251b97faac7c652b?s=96&d=blank&r=g\",\"contentUrl\":\"https:\/\/secure.gravatar.com\/avatar\/049821681b589dabc0bc20695993ccebb09f5b5d4d790cd9251b97faac7c652b?s=96&d=blank&r=g\",\"caption\":\"enequipo\"},\"sameAs\":[\"https:\/\/www.facebook.com\/SonoraEE\"]}]}<\/script>\n ","yoast_head_json":{"title":"Sonora en Equipo. Se mantiene Sonora dentro de los principales productores de camar\u00f3n de cultivo en el 2023 Sonora","description":"Se mantiene Sonora dentro de los principales productores de camar\u00f3n de cultivo en el 2023 &nbsp; HERMOSILLO, SONORA,MX.\u02d7\u02d7\u02d7 Sonora es de los principales En Sonora en Equipo publicamos toda la informaci\u00f3n de Sonora, M\u00e9xico y el Mundo de manera oportuna y busca que la libertad de expresi\u00f3n sea real. Visita nuestro medio informativo publicado desde Hermosillo, Sonora. %","robots":{"index":"index","follow":"follow","max-snippet":"max-snippet:-1","max-image-preview":"max-image-preview:large","max-video-preview":"max-video-preview:-1"},"canonical":"https:\/\/www.sonoraenequipo.com.mx\/se-mantiene-sonora-dentro-de-los-principales-productores-de-camaron-de-cultivo-en-el-2023\/","og_locale":"es_ES","og_type":"article","og_title":"Sonora en Equipo. Se mantiene Sonora dentro de los principales productores de camar\u00f3n de cultivo en el 2023 Sonora","og_description":"Se mantiene Sonora dentro de los principales productores de camar\u00f3n de cultivo en el 2023 &nbsp; HERMOSILLO, SONORA,MX.\u02d7\u02d7\u02d7 Sonora es de los principales En Sonora en Equipo publicamos toda la informaci\u00f3n de Sonora, M\u00e9xico y el Mundo de manera oportuna y busca que la libertad de expresi\u00f3n sea real. Visita nuestro medio informativo publicado desde Hermosillo, Sonora. %","og_url":"https:\/\/www.sonoraenequipo.com.mx\/se-mantiene-sonora-dentro-de-los-principales-productores-de-camaron-de-cultivo-en-el-2023\/","og_site_name":"Sonora en Equipo.","article_publisher":"https:\/\/www.facebook.com\/SonoraEE\/","article_author":"https:\/\/www.facebook.com\/SonoraEE","article_published_time":"2024-01-25T02:22:39+00:00","og_image":[{"width":600,"height":450,"url":"https:\/\/www.sonoraenequipo.com.mx\/storage\/2024\/01\/empaque-de-camaron.jpg","type":"image\/jpeg"}],"author":"enequipo","twitter_card":"summary_large_image","twitter_creator":"@sonoraenequipo","twitter_site":"@sonoraenequipo","twitter_misc":{"Escrito por":"enequipo","Tiempo de lectura":"1 minuto"},"schema":{"@context":"https:\/\/schema.org","@graph":[{"@type":"Article","@id":"https:\/\/www.sonoraenequipo.com.mx\/se-mantiene-sonora-dentro-de-los-principales-productores-de-camaron-de-cultivo-en-el-2023\/#article","isPartOf":{"@id":"https:\/\/www.sonoraenequipo.com.mx\/se-mantiene-sonora-dentro-de-los-principales-productores-de-camaron-de-cultivo-en-el-2023\/"},"author":{"name":"enequipo","@id":"https:\/\/www.sonoraenequipo.com.mx\/#\/schema\/person\/50102df0fb23a8fa9e8effad8fa81386"},"headline":"Se mantiene Sonora dentro de los principales productores de camar\u00f3n de cultivo en el 2023","datePublished":"2024-01-25T02:22:39+00:00","mainEntityOfPage":{"@id":"https:\/\/www.sonoraenequipo.com.mx\/se-mantiene-sonora-dentro-de-los-principales-productores-de-camaron-de-cultivo-en-el-2023\/"},"wordCount":294,"commentCount":0,"publisher":{"@id":"https:\/\/www.sonoraenequipo.com.mx\/#organization"},"image":{"@id":"https:\/\/www.sonoraenequipo.com.mx\/se-mantiene-sonora-dentro-de-los-principales-productores-de-camaron-de-cultivo-en-el-2023\/#primaryimage"},"thumbnailUrl":"https:\/\/www.sonoraenequipo.com.mx\/storage\/2024\/01\/empaque-de-camaron.jpg","articleSection":["PALABRAS Y N\u00daMEROS","Sonora"],"inLanguage":"es","potentialAction":[{"@type":"CommentAction","name":"Comment","target":["https:\/\/www.sonoraenequipo.com.mx\/se-mantiene-sonora-dentro-de-los-principales-productores-de-camaron-de-cultivo-en-el-2023\/#respond"]}]},{"@type":"WebPage","@id":"https:\/\/www.sonoraenequipo.com.mx\/se-mantiene-sonora-dentro-de-los-principales-productores-de-camaron-de-cultivo-en-el-2023\/","url":"https:\/\/www.sonoraenequipo.com.mx\/se-mantiene-sonora-dentro-de-los-principales-productores-de-camaron-de-cultivo-en-el-2023\/","name":"Sonora en Equipo. Se mantiene Sonora dentro de los principales productores de camar\u00f3n de cultivo en el 2023 Sonora","isPartOf":{"@id":"https:\/\/www.sonoraenequipo.com.mx\/#website"},"primaryImageOfPage":{"@id":"https:\/\/www.sonoraenequipo.com.mx\/se-mantiene-sonora-dentro-de-los-principales-productores-de-camaron-de-cultivo-en-el-2023\/#primaryimage"},"image":{"@id":"https:\/\/www.sonoraenequipo.com.mx\/se-mantiene-sonora-dentro-de-los-principales-productores-de-camaron-de-cultivo-en-el-2023\/#primaryimage"},"thumbnailUrl":"https:\/\/www.sonoraenequipo.com.mx\/storage\/2024\/01\/empaque-de-camaron.jpg","datePublished":"2024-01-25T02:22:39+00:00","description":"Se mantiene Sonora dentro de los principales productores de camar\u00f3n de cultivo en el 2023 &nbsp; HERMOSILLO, SONORA,MX.\u02d7\u02d7\u02d7 Sonora es de los principales En Sonora en Equipo publicamos toda la informaci\u00f3n de Sonora, M\u00e9xico y el Mundo de manera oportuna y busca que la libertad de expresi\u00f3n sea real. Visita nuestro medio informativo publicado desde Hermosillo, Sonora. %","breadcrumb":{"@id":"https:\/\/www.sonoraenequipo.com.mx\/se-mantiene-sonora-dentro-de-los-principales-productores-de-camaron-de-cultivo-en-el-2023\/#breadcrumb"},"inLanguage":"es","potentialAction":[{"@type":"ReadAction","target":["https:\/\/www.sonoraenequipo.com.mx\/se-mantiene-sonora-dentro-de-los-principales-productores-de-camaron-de-cultivo-en-el-2023\/"]}]},{"@type":"ImageObject","inLanguage":"es","@id":"https:\/\/www.sonoraenequipo.com.mx\/se-mantiene-sonora-dentro-de-los-principales-productores-de-camaron-de-cultivo-en-el-2023\/#primaryimage","url":"https:\/\/www.sonoraenequipo.com.mx\/storage\/2024\/01\/empaque-de-camaron.jpg","contentUrl":"https:\/\/www.sonoraenequipo.com.mx\/storage\/2024\/01\/empaque-de-camaron.jpg","width":600,"height":450,"caption":"Mujeres empacando camar\u00f3n"},{"@type":"BreadcrumbList","@id":"https:\/\/www.sonoraenequipo.com.mx\/se-mantiene-sonora-dentro-de-los-principales-productores-de-camaron-de-cultivo-en-el-2023\/#breadcrumb","itemListElement":[{"@type":"ListItem","position":1,"name":"Portada","item":"https:\/\/www.sonoraenequipo.com.mx\/"},{"@type":"ListItem","position":2,"name":"Se mantiene Sonora dentro de los principales productores de camar\u00f3n de cultivo en el 2023"}]},{"@type":"WebSite","@id":"https:\/\/www.sonoraenequipo.com.mx\/#website","url":"https:\/\/www.sonoraenequipo.com.mx\/","name":"Sonora en Equipo.","description":"Diario en l\u00ednea con Noticias desde Hermosillo, Sonora","publisher":{"@id":"https:\/\/www.sonoraenequipo.com.mx\/#organization"},"potentialAction":[{"@type":"SearchAction","target":{"@type":"EntryPoint","urlTemplate":"https:\/\/www.sonoraenequipo.com.mx\/?s={search_term_string}"},"query-input":{"@type":"PropertyValueSpecification","valueRequired":true,"valueName":"search_term_string"}}],"inLanguage":"es"},{"@type":"Organization","@id":"https:\/\/www.sonoraenequipo.com.mx\/#organization","name":"Sonoraenequipo.com.mx","url":"https:\/\/www.sonoraenequipo.com.mx\/","logo":{"@type":"ImageObject","inLanguage":"es","@id":"https:\/\/www.sonoraenequipo.com.mx\/#\/schema\/logo\/image\/","url":"https:\/\/www.sonoraenequipo.com.mx\/storage\/2019\/01\/sonoraenequipo_opt.png","contentUrl":"https:\/\/www.sonoraenequipo.com.mx\/storage\/2019\/01\/sonoraenequipo_opt.png","width":375,"height":125,"caption":"Sonoraenequipo.com.mx"},"image":{"@id":"https:\/\/www.sonoraenequipo.com.mx\/#\/schema\/logo\/image\/"},"sameAs":["https:\/\/www.facebook.com\/SonoraEE\/","https:\/\/x.com\/sonoraenequipo","https:\/\/www.youtube.com\/channel\/UC338nW-lPEYmJQs4ZABQ1SQ"]},{"@type":"Person","@id":"https:\/\/www.sonoraenequipo.com.mx\/#\/schema\/person\/50102df0fb23a8fa9e8effad8fa81386","name":"enequipo","image":{"@type":"ImageObject","inLanguage":"es","@id":"https:\/\/www.sonoraenequipo.com.mx\/#\/schema\/person\/image\/","url":"https:\/\/secure.gravatar.com\/avatar\/049821681b589dabc0bc20695993ccebb09f5b5d4d790cd9251b97faac7c652b?s=96&d=blank&r=g","contentUrl":"https:\/\/secure.gravatar.com\/avatar\/049821681b589dabc0bc20695993ccebb09f5b5d4d790cd9251b97faac7c652b?s=96&d=blank&r=g","caption":"enequipo"},"sameAs":["https:\/\/www.facebook.com\/SonoraEE"]}]}},"jetpack_featured_media_url":"https:\/\/www.sonoraenequipo.com.mx\/storage\/2024\/01\/empaque-de-camaron.jpg","_links":{"self":[{"href":"https:\/\/www.sonoraenequipo.com.mx\/api\/wp\/v2\/posts\/182241","targetHints":{"allow":["GET"]}}],"collection":[{"href":"https:\/\/www.sonoraenequipo.com.mx\/api\/wp\/v2\/posts"}],"about":[{"href":"https:\/\/www.sonoraenequipo.com.mx\/api\/wp\/v2\/types\/post"}],"author":[{"embeddable":true,"href":"https:\/\/www.sonoraenequipo.com.mx\/api\/wp\/v2\/users\/1"}],"replies":[{"embeddable":true,"href":"https:\/\/www.sonoraenequipo.com.mx\/api\/wp\/v2\/comments?post=182241"}],"version-history":[{"count":1,"href":"https:\/\/www.sonoraenequipo.com.mx\/api\/wp\/v2\/posts\/182241\/revisions"}],"predecessor-version":[{"id":182243,"href":"https:\/\/www.sonoraenequipo.com.mx\/api\/wp\/v2\/posts\/182241\/revisions\/182243"}],"wp:featuredmedia":[{"embeddable":true,"href":"https:\/\/www.sonoraenequipo.com.mx\/api\/wp\/v2\/media\/182242"}],"wp:attachment":[{"href":"https:\/\/www.sonoraenequipo.com.mx\/api\/wp\/v2\/media?parent=182241"}],"wp:term":[{"taxonomy":"category","embeddable":true,"href":"https:\/\/www.sonoraenequipo.com.mx\/api\/wp\/v2\/categories?post=182241"},{"taxonomy":"post_tag","embeddable":true,"href":"https:\/\/www.sonoraenequipo.com.mx\/api\/wp\/v2\/tags?post=182241"}],"curies":[{"name":"wp","href":"https:\/\/api.w.org\/{rel}","templated":true}]}}