{"id":182965,"date":"2024-02-07T18:09:58","date_gmt":"2024-02-08T01:09:58","guid":{"rendered":"https:\/\/www.sonoraenequipo.com.mx\/?p=182965"},"modified":"2024-02-07T18:10:52","modified_gmt":"2024-02-08T01:10:52","slug":"levantan-por-error-al-coordinador-de-mc-en-guerrero-fue-amarrado-golpeado-y-luego-liberado","status":"publish","type":"post","link":"https:\/\/www.sonoraenequipo.com.mx\/levantan-por-error-al-coordinador-de-mc-en-guerrero-fue-amarrado-golpeado-y-luego-liberado\/","title":{"rendered":"Levantan\u201d por error al coordinador de MC en Guerrero; fue amarrado, golpeado y luego liberado"},"content":{"rendered":"<p><strong>CHILPANCINGO, GUERRERO. MX. \u2014<\/strong> El coordinador estatal de Movimiento Ciudadano (MC) en Guerrero, Juli\u00e1n L\u00f3pez Galeana, fue interceptado por hombres armados y privado de su libertad cuando circulaba sobre la Autopista del Sol.<\/p>\n<p> <\/p>\n<p>El hecho se registr\u00f3 la noche de este martes sobre la v\u00eda de cuota, a la altura de la localidad de Palo Blanco. Minutos antes de la media noche, Juli\u00e1n L\u00f3pez Galeana, la coordinadora de Mujeres de ese instinto pol\u00edtico, Deyanira Uribe Cuevas y otro colaborador m\u00e1s, fueron interceptados por hombres armados, cuando circulaban hacia el puerto de Acapulco.<\/p>\n<p>Los hechos sobre la privaci\u00f3n de la libertad de L\u00f3pez Galeana han sido confirmados por el diputado local con licencia, Masedonio Mendoza Basurto, aspirante a la candidatura a presidente municipal por ese partido en Tlapa.<\/p>\n<p>Se inform\u00f3 que pasando la caseta de cobros de Palo Blanco, fueron interceptados por hombres armados, los obligaron orillar la unidad automotriz, de donde los bajaron por la fuerza.<\/p>\n<p>Las v\u00edctimas fueron subidas por la fuerza a otro veh\u00edculo y los llevaron en un paraje junto a la vialidad, los ataron de manos, los golpearon y los obligaron a arrodillarse mientras revisaban la unidad en la que viajaban. M\u00e1s adelante los dejaron en libertad.<\/p>\n<p>Al respecto, Masedonio Mendoza urgi\u00f3 a las autoridades en materia de seguridad tanto del estado como de la federaci\u00f3n que cumplan con su labor y garanticen la seguridad a los guerrerenses.<\/p>\n<p>Apenas esta semana, el coordinador emecista L\u00f3pez Galeana y su equipo hab\u00edan acudido a una reuni\u00f3n plenaria en la CDMX con Dante Delgado, l\u00edder nacional de MC. El domingo 4 de enero, L\u00f3pez Galeana public\u00f3 en su cuenta de Facebook una imagen de su viaje hacia la capital. Le acompa\u00f1aban tambi\u00e9n Deyanira Uribe, dirigente de Mujeres en Movimiento de Guerrero, y su secretario particular, Israel Molina.<\/p>\n<p>En los d\u00edas siguientes estuvo documentando sus reuniones con l\u00edderes de su partido en la CDMX.<\/p>\n<p>Masedonio Mendoza confirm\u00f3 que la noche de este martes fue asesinado a balazos Abraham Ram\u00edrez, cuando sal\u00eda de una reuni\u00f3n de coordinaci\u00f3n con parte del equipo de su hija Rosalba Ram\u00edrez, aspirante a la candidatura a presidenta municipal de Huamuxtitl\u00e1n por Morena.<\/p>\n<p>En Guerrero se han registrado ya 4 homicidios contra dirigentes y aspirantes a cargos de elecci\u00f3n popular, la agresi\u00f3n a balazos de uno m\u00e1s en Iguala, el homicidio del padre de la aspirante morenista en Huamuxtitl\u00e1n y la agresi\u00f3n contra el dirigente de MC en el estado y sus compa\u00f1eros, desde que inici\u00f3 el proceso electoral en septiembre pasado.<\/p>\n<p>PUBLICADO EL 07 FEBRERO DE 2024\/\/ Con informaci\u00f3n de Universal\/El Financiero)<\/p>\n","protected":false},"excerpt":{"rendered":"<p>CHILPANCINGO, GUERRERO. MX. \u2014 El coordinador estatal de Movimiento Ciudadano (MC) en Guerrero, Juli\u00e1n L\u00f3pez&#8230;<\/p>\n","protected":false},"author":1,"featured_media":0,"comment_status":"open","ping_status":"open","sticky":false,"template":"","format":"standard","meta":{"_monsterinsights_skip_tracking":false,"_monsterinsights_sitenote_active":false,"_monsterinsights_sitenote_note":"","_monsterinsights_sitenote_category":0,"footnotes":""},"categories":[5],"tags":[],"class_list":["post"],"yoast_head":" \n<title>Sonora en Equipo. Levantan\u201d por error al coordinador de MC en Guerrero; fue amarrado, golpeado y luego liberado Rep\u00fablica<\/title>\n<meta name=\"description\" content=\"CHILPANCINGO, GUERRERO. MX. \u2014 El coordinador estatal de Movimiento Ciudadano (MC) en Guerrero, Juli\u00e1n L\u00f3pez Galeana, fue interceptado por hombres armados En Sonora en Equipo publicamos toda la informaci\u00f3n de Sonora, M\u00e9xico y el Mundo de manera oportuna y busca que la libertad de expresi\u00f3n sea real. Visita nuestro medio informativo publicado desde Hermosillo, Sonora. %\" \/>\n<meta name=\"robots\" content=\"index, follow, max-snippet:-1, max-image-preview:large, max-video-preview:-1\" \/>\n<link rel=\"canonical\" href=\"https:\/\/www.sonoraenequipo.com.mx\/levantan-por-error-al-coordinador-de-mc-en-guerrero-fue-amarrado-golpeado-y-luego-liberado\/\" \/>\n<meta property=\"og:locale\" content=\"es_ES\" \/>\n<meta property=\"og:type\" content=\"article\" \/>\n<meta property=\"og:title\" content=\"Sonora en Equipo. Levantan\u201d por error al coordinador de MC en Guerrero; fue amarrado, golpeado y luego liberado Rep\u00fablica\" \/>\n<meta property=\"og:description\" content=\"CHILPANCINGO, GUERRERO. MX. \u2014 El coordinador estatal de Movimiento Ciudadano (MC) en Guerrero, Juli\u00e1n L\u00f3pez Galeana, fue interceptado por hombres armados En Sonora en Equipo publicamos toda la informaci\u00f3n de Sonora, M\u00e9xico y el Mundo de manera oportuna y busca que la libertad de expresi\u00f3n sea real. Visita nuestro medio informativo publicado desde Hermosillo, Sonora. %\" \/>\n<meta property=\"og:url\" content=\"https:\/\/www.sonoraenequipo.com.mx\/levantan-por-error-al-coordinador-de-mc-en-guerrero-fue-amarrado-golpeado-y-luego-liberado\/\" \/>\n<meta property=\"og:site_name\" content=\"Sonora en Equipo.\" \/>\n<meta property=\"article:publisher\" content=\"https:\/\/www.facebook.com\/SonoraEE\/\" \/>\n<meta property=\"article:author\" content=\"https:\/\/www.facebook.com\/SonoraEE\" \/>\n<meta property=\"article:published_time\" content=\"2024-02-08T01:09:58+00:00\" \/>\n<meta property=\"article:modified_time\" content=\"2024-02-08T01:10:52+00:00\" \/>\n<meta name=\"author\" content=\"enequipo\" \/>\n<meta name=\"twitter:card\" content=\"summary_large_image\" \/>\n<meta name=\"twitter:creator\" content=\"@sonoraenequipo\" \/>\n<meta name=\"twitter:site\" content=\"@sonoraenequipo\" \/>\n<meta name=\"twitter:label1\" content=\"Escrito por\" \/>\n\t<meta name=\"twitter:data1\" content=\"enequipo\" \/>\n\t<meta name=\"twitter:label2\" content=\"Tiempo de lectura\" \/>\n\t<meta name=\"twitter:data2\" content=\"2 minutos\" \/>\n<script type=\"application\/ld+json\" class=\"yoast-schema-graph\">{\"@context\":\"https:\/\/schema.org\",\"@graph\":[{\"@type\":\"Article\",\"@id\":\"https:\/\/www.sonoraenequipo.com.mx\/levantan-por-error-al-coordinador-de-mc-en-guerrero-fue-amarrado-golpeado-y-luego-liberado\/#article\",\"isPartOf\":{\"@id\":\"https:\/\/www.sonoraenequipo.com.mx\/levantan-por-error-al-coordinador-de-mc-en-guerrero-fue-amarrado-golpeado-y-luego-liberado\/\"},\"author\":{\"name\":\"enequipo\",\"@id\":\"https:\/\/www.sonoraenequipo.com.mx\/#\/schema\/person\/50102df0fb23a8fa9e8effad8fa81386\"},\"headline\":\"Levantan\u201d por error al coordinador de MC en Guerrero; fue amarrado, golpeado y luego liberado\",\"datePublished\":\"2024-02-08T01:09:58+00:00\",\"dateModified\":\"2024-02-08T01:10:52+00:00\",\"mainEntityOfPage\":{\"@id\":\"https:\/\/www.sonoraenequipo.com.mx\/levantan-por-error-al-coordinador-de-mc-en-guerrero-fue-amarrado-golpeado-y-luego-liberado\/\"},\"wordCount\":472,\"commentCount\":0,\"publisher\":{\"@id\":\"https:\/\/www.sonoraenequipo.com.mx\/#organization\"},\"articleSection\":[\"Rep\u00fablica\"],\"inLanguage\":\"es\",\"potentialAction\":[{\"@type\":\"CommentAction\",\"name\":\"Comment\",\"target\":[\"https:\/\/www.sonoraenequipo.com.mx\/levantan-por-error-al-coordinador-de-mc-en-guerrero-fue-amarrado-golpeado-y-luego-liberado\/#respond\"]}]},{\"@type\":\"WebPage\",\"@id\":\"https:\/\/www.sonoraenequipo.com.mx\/levantan-por-error-al-coordinador-de-mc-en-guerrero-fue-amarrado-golpeado-y-luego-liberado\/\",\"url\":\"https:\/\/www.sonoraenequipo.com.mx\/levantan-por-error-al-coordinador-de-mc-en-guerrero-fue-amarrado-golpeado-y-luego-liberado\/\",\"name\":\"Sonora en Equipo. Levantan\u201d por error al coordinador de MC en Guerrero; fue amarrado, golpeado y luego liberado Rep\u00fablica\",\"isPartOf\":{\"@id\":\"https:\/\/www.sonoraenequipo.com.mx\/#website\"},\"datePublished\":\"2024-02-08T01:09:58+00:00\",\"dateModified\":\"2024-02-08T01:10:52+00:00\",\"description\":\"CHILPANCINGO, GUERRERO. MX. \u2014 El coordinador estatal de Movimiento Ciudadano (MC) en Guerrero, Juli\u00e1n L\u00f3pez Galeana, fue interceptado por hombres armados En Sonora en Equipo publicamos toda la informaci\u00f3n de Sonora, M\u00e9xico y el Mundo de manera oportuna y busca que la libertad de expresi\u00f3n sea real. Visita nuestro medio informativo publicado desde Hermosillo, Sonora. %\",\"breadcrumb\":{\"@id\":\"https:\/\/www.sonoraenequipo.com.mx\/levantan-por-error-al-coordinador-de-mc-en-guerrero-fue-amarrado-golpeado-y-luego-liberado\/#breadcrumb\"},\"inLanguage\":\"es\",\"potentialAction\":[{\"@type\":\"ReadAction\",\"target\":[\"https:\/\/www.sonoraenequipo.com.mx\/levantan-por-error-al-coordinador-de-mc-en-guerrero-fue-amarrado-golpeado-y-luego-liberado\/\"]}]},{\"@type\":\"BreadcrumbList\",\"@id\":\"https:\/\/www.sonoraenequipo.com.mx\/levantan-por-error-al-coordinador-de-mc-en-guerrero-fue-amarrado-golpeado-y-luego-liberado\/#breadcrumb\",\"itemListElement\":[{\"@type\":\"ListItem\",\"position\":1,\"name\":\"Portada\",\"item\":\"https:\/\/www.sonoraenequipo.com.mx\/\"},{\"@type\":\"ListItem\",\"position\":2,\"name\":\"Levantan\u201d por error al coordinador de MC en Guerrero; fue amarrado, golpeado y luego liberado\"}]},{\"@type\":\"WebSite\",\"@id\":\"https:\/\/www.sonoraenequipo.com.mx\/#website\",\"url\":\"https:\/\/www.sonoraenequipo.com.mx\/\",\"name\":\"Sonora en Equipo.\",\"description\":\"Diario en l\u00ednea con Noticias desde Hermosillo, Sonora\",\"publisher\":{\"@id\":\"https:\/\/www.sonoraenequipo.com.mx\/#organization\"},\"potentialAction\":[{\"@type\":\"SearchAction\",\"target\":{\"@type\":\"EntryPoint\",\"urlTemplate\":\"https:\/\/www.sonoraenequipo.com.mx\/?s={search_term_string}\"},\"query-input\":{\"@type\":\"PropertyValueSpecification\",\"valueRequired\":true,\"valueName\":\"search_term_string\"}}],\"inLanguage\":\"es\"},{\"@type\":\"Organization\",\"@id\":\"https:\/\/www.sonoraenequipo.com.mx\/#organization\",\"name\":\"Sonoraenequipo.com.mx\",\"url\":\"https:\/\/www.sonoraenequipo.com.mx\/\",\"logo\":{\"@type\":\"ImageObject\",\"inLanguage\":\"es\",\"@id\":\"https:\/\/www.sonoraenequipo.com.mx\/#\/schema\/logo\/image\/\",\"url\":\"https:\/\/www.sonoraenequipo.com.mx\/storage\/2019\/01\/sonoraenequipo_opt.png\",\"contentUrl\":\"https:\/\/www.sonoraenequipo.com.mx\/storage\/2019\/01\/sonoraenequipo_opt.png\",\"width\":375,\"height\":125,\"caption\":\"Sonoraenequipo.com.mx\"},\"image\":{\"@id\":\"https:\/\/www.sonoraenequipo.com.mx\/#\/schema\/logo\/image\/\"},\"sameAs\":[\"https:\/\/www.facebook.com\/SonoraEE\/\",\"https:\/\/x.com\/sonoraenequipo\",\"https:\/\/www.youtube.com\/channel\/UC338nW-lPEYmJQs4ZABQ1SQ\"]},{\"@type\":\"Person\",\"@id\":\"https:\/\/www.sonoraenequipo.com.mx\/#\/schema\/person\/50102df0fb23a8fa9e8effad8fa81386\",\"name\":\"enequipo\",\"image\":{\"@type\":\"ImageObject\",\"inLanguage\":\"es\",\"@id\":\"https:\/\/www.sonoraenequipo.com.mx\/#\/schema\/person\/image\/\",\"url\":\"https:\/\/secure.gravatar.com\/avatar\/049821681b589dabc0bc20695993ccebb09f5b5d4d790cd9251b97faac7c652b?s=96&d=blank&r=g\",\"contentUrl\":\"https:\/\/secure.gravatar.com\/avatar\/049821681b589dabc0bc20695993ccebb09f5b5d4d790cd9251b97faac7c652b?s=96&d=blank&r=g\",\"caption\":\"enequipo\"},\"sameAs\":[\"https:\/\/www.facebook.com\/SonoraEE\"]}]}<\/script>\n ","yoast_head_json":{"title":"Sonora en Equipo. Levantan\u201d por error al coordinador de MC en Guerrero; fue amarrado, golpeado y luego liberado Rep\u00fablica","description":"CHILPANCINGO, GUERRERO. MX. \u2014 El coordinador estatal de Movimiento Ciudadano (MC) en Guerrero, Juli\u00e1n L\u00f3pez Galeana, fue interceptado por hombres armados En Sonora en Equipo publicamos toda la informaci\u00f3n de Sonora, M\u00e9xico y el Mundo de manera oportuna y busca que la libertad de expresi\u00f3n sea real. Visita nuestro medio informativo publicado desde Hermosillo, Sonora. %","robots":{"index":"index","follow":"follow","max-snippet":"max-snippet:-1","max-image-preview":"max-image-preview:large","max-video-preview":"max-video-preview:-1"},"canonical":"https:\/\/www.sonoraenequipo.com.mx\/levantan-por-error-al-coordinador-de-mc-en-guerrero-fue-amarrado-golpeado-y-luego-liberado\/","og_locale":"es_ES","og_type":"article","og_title":"Sonora en Equipo. Levantan\u201d por error al coordinador de MC en Guerrero; fue amarrado, golpeado y luego liberado Rep\u00fablica","og_description":"CHILPANCINGO, GUERRERO. MX. \u2014 El coordinador estatal de Movimiento Ciudadano (MC) en Guerrero, Juli\u00e1n L\u00f3pez Galeana, fue interceptado por hombres armados En Sonora en Equipo publicamos toda la informaci\u00f3n de Sonora, M\u00e9xico y el Mundo de manera oportuna y busca que la libertad de expresi\u00f3n sea real. Visita nuestro medio informativo publicado desde Hermosillo, Sonora. %","og_url":"https:\/\/www.sonoraenequipo.com.mx\/levantan-por-error-al-coordinador-de-mc-en-guerrero-fue-amarrado-golpeado-y-luego-liberado\/","og_site_name":"Sonora en Equipo.","article_publisher":"https:\/\/www.facebook.com\/SonoraEE\/","article_author":"https:\/\/www.facebook.com\/SonoraEE","article_published_time":"2024-02-08T01:09:58+00:00","article_modified_time":"2024-02-08T01:10:52+00:00","author":"enequipo","twitter_card":"summary_large_image","twitter_creator":"@sonoraenequipo","twitter_site":"@sonoraenequipo","twitter_misc":{"Escrito por":"enequipo","Tiempo de lectura":"2 minutos"},"schema":{"@context":"https:\/\/schema.org","@graph":[{"@type":"Article","@id":"https:\/\/www.sonoraenequipo.com.mx\/levantan-por-error-al-coordinador-de-mc-en-guerrero-fue-amarrado-golpeado-y-luego-liberado\/#article","isPartOf":{"@id":"https:\/\/www.sonoraenequipo.com.mx\/levantan-por-error-al-coordinador-de-mc-en-guerrero-fue-amarrado-golpeado-y-luego-liberado\/"},"author":{"name":"enequipo","@id":"https:\/\/www.sonoraenequipo.com.mx\/#\/schema\/person\/50102df0fb23a8fa9e8effad8fa81386"},"headline":"Levantan\u201d por error al coordinador de MC en Guerrero; fue amarrado, golpeado y luego liberado","datePublished":"2024-02-08T01:09:58+00:00","dateModified":"2024-02-08T01:10:52+00:00","mainEntityOfPage":{"@id":"https:\/\/www.sonoraenequipo.com.mx\/levantan-por-error-al-coordinador-de-mc-en-guerrero-fue-amarrado-golpeado-y-luego-liberado\/"},"wordCount":472,"commentCount":0,"publisher":{"@id":"https:\/\/www.sonoraenequipo.com.mx\/#organization"},"articleSection":["Rep\u00fablica"],"inLanguage":"es","potentialAction":[{"@type":"CommentAction","name":"Comment","target":["https:\/\/www.sonoraenequipo.com.mx\/levantan-por-error-al-coordinador-de-mc-en-guerrero-fue-amarrado-golpeado-y-luego-liberado\/#respond"]}]},{"@type":"WebPage","@id":"https:\/\/www.sonoraenequipo.com.mx\/levantan-por-error-al-coordinador-de-mc-en-guerrero-fue-amarrado-golpeado-y-luego-liberado\/","url":"https:\/\/www.sonoraenequipo.com.mx\/levantan-por-error-al-coordinador-de-mc-en-guerrero-fue-amarrado-golpeado-y-luego-liberado\/","name":"Sonora en Equipo. Levantan\u201d por error al coordinador de MC en Guerrero; fue amarrado, golpeado y luego liberado Rep\u00fablica","isPartOf":{"@id":"https:\/\/www.sonoraenequipo.com.mx\/#website"},"datePublished":"2024-02-08T01:09:58+00:00","dateModified":"2024-02-08T01:10:52+00:00","description":"CHILPANCINGO, GUERRERO. MX. \u2014 El coordinador estatal de Movimiento Ciudadano (MC) en Guerrero, Juli\u00e1n L\u00f3pez Galeana, fue interceptado por hombres armados En Sonora en Equipo publicamos toda la informaci\u00f3n de Sonora, M\u00e9xico y el Mundo de manera oportuna y busca que la libertad de expresi\u00f3n sea real. Visita nuestro medio informativo publicado desde Hermosillo, Sonora. %","breadcrumb":{"@id":"https:\/\/www.sonoraenequipo.com.mx\/levantan-por-error-al-coordinador-de-mc-en-guerrero-fue-amarrado-golpeado-y-luego-liberado\/#breadcrumb"},"inLanguage":"es","potentialAction":[{"@type":"ReadAction","target":["https:\/\/www.sonoraenequipo.com.mx\/levantan-por-error-al-coordinador-de-mc-en-guerrero-fue-amarrado-golpeado-y-luego-liberado\/"]}]},{"@type":"BreadcrumbList","@id":"https:\/\/www.sonoraenequipo.com.mx\/levantan-por-error-al-coordinador-de-mc-en-guerrero-fue-amarrado-golpeado-y-luego-liberado\/#breadcrumb","itemListElement":[{"@type":"ListItem","position":1,"name":"Portada","item":"https:\/\/www.sonoraenequipo.com.mx\/"},{"@type":"ListItem","position":2,"name":"Levantan\u201d por error al coordinador de MC en Guerrero; fue amarrado, golpeado y luego liberado"}]},{"@type":"WebSite","@id":"https:\/\/www.sonoraenequipo.com.mx\/#website","url":"https:\/\/www.sonoraenequipo.com.mx\/","name":"Sonora en Equipo.","description":"Diario en l\u00ednea con Noticias desde Hermosillo, Sonora","publisher":{"@id":"https:\/\/www.sonoraenequipo.com.mx\/#organization"},"potentialAction":[{"@type":"SearchAction","target":{"@type":"EntryPoint","urlTemplate":"https:\/\/www.sonoraenequipo.com.mx\/?s={search_term_string}"},"query-input":{"@type":"PropertyValueSpecification","valueRequired":true,"valueName":"search_term_string"}}],"inLanguage":"es"},{"@type":"Organization","@id":"https:\/\/www.sonoraenequipo.com.mx\/#organization","name":"Sonoraenequipo.com.mx","url":"https:\/\/www.sonoraenequipo.com.mx\/","logo":{"@type":"ImageObject","inLanguage":"es","@id":"https:\/\/www.sonoraenequipo.com.mx\/#\/schema\/logo\/image\/","url":"https:\/\/www.sonoraenequipo.com.mx\/storage\/2019\/01\/sonoraenequipo_opt.png","contentUrl":"https:\/\/www.sonoraenequipo.com.mx\/storage\/2019\/01\/sonoraenequipo_opt.png","width":375,"height":125,"caption":"Sonoraenequipo.com.mx"},"image":{"@id":"https:\/\/www.sonoraenequipo.com.mx\/#\/schema\/logo\/image\/"},"sameAs":["https:\/\/www.facebook.com\/SonoraEE\/","https:\/\/x.com\/sonoraenequipo","https:\/\/www.youtube.com\/channel\/UC338nW-lPEYmJQs4ZABQ1SQ"]},{"@type":"Person","@id":"https:\/\/www.sonoraenequipo.com.mx\/#\/schema\/person\/50102df0fb23a8fa9e8effad8fa81386","name":"enequipo","image":{"@type":"ImageObject","inLanguage":"es","@id":"https:\/\/www.sonoraenequipo.com.mx\/#\/schema\/person\/image\/","url":"https:\/\/secure.gravatar.com\/avatar\/049821681b589dabc0bc20695993ccebb09f5b5d4d790cd9251b97faac7c652b?s=96&d=blank&r=g","contentUrl":"https:\/\/secure.gravatar.com\/avatar\/049821681b589dabc0bc20695993ccebb09f5b5d4d790cd9251b97faac7c652b?s=96&d=blank&r=g","caption":"enequipo"},"sameAs":["https:\/\/www.facebook.com\/SonoraEE"]}]}},"jetpack_featured_media_url":"","_links":{"self":[{"href":"https:\/\/www.sonoraenequipo.com.mx\/api\/wp\/v2\/posts\/182965","targetHints":{"allow":["GET"]}}],"collection":[{"href":"https:\/\/www.sonoraenequipo.com.mx\/api\/wp\/v2\/posts"}],"about":[{"href":"https:\/\/www.sonoraenequipo.com.mx\/api\/wp\/v2\/types\/post"}],"author":[{"embeddable":true,"href":"https:\/\/www.sonoraenequipo.com.mx\/api\/wp\/v2\/users\/1"}],"replies":[{"embeddable":true,"href":"https:\/\/www.sonoraenequipo.com.mx\/api\/wp\/v2\/comments?post=182965"}],"version-history":[{"count":2,"href":"https:\/\/www.sonoraenequipo.com.mx\/api\/wp\/v2\/posts\/182965\/revisions"}],"predecessor-version":[{"id":182969,"href":"https:\/\/www.sonoraenequipo.com.mx\/api\/wp\/v2\/posts\/182965\/revisions\/182969"}],"wp:attachment":[{"href":"https:\/\/www.sonoraenequipo.com.mx\/api\/wp\/v2\/media?parent=182965"}],"wp:term":[{"taxonomy":"category","embeddable":true,"href":"https:\/\/www.sonoraenequipo.com.mx\/api\/wp\/v2\/categories?post=182965"},{"taxonomy":"post_tag","embeddable":true,"href":"https:\/\/www.sonoraenequipo.com.mx\/api\/wp\/v2\/tags?post=182965"}],"curies":[{"name":"wp","href":"https:\/\/api.w.org\/{rel}","templated":true}]}}