{"id":182982,"date":"2024-02-07T20:27:00","date_gmt":"2024-02-08T03:27:00","guid":{"rendered":"https:\/\/www.sonoraenequipo.com.mx\/?p=182982"},"modified":"2024-02-07T19:50:44","modified_gmt":"2024-02-08T02:50:44","slug":"es-sonora-tercer-lugar-nacional-en-generacion-de-empleos","status":"publish","type":"post","link":"https:\/\/www.sonoraenequipo.com.mx\/es-sonora-tercer-lugar-nacional-en-generacion-de-empleos\/","title":{"rendered":"Es Sonora tercer lugar nacional en generaci\u00f3n de empleos"},"content":{"rendered":"<p><strong>HERMOSILLO, SONORA. MX. \u2014&nbsp;<\/strong> Con base en cifras proporcionadas por el Instituto Mexicano del Seguro Social (IMSS), Sonora registr\u00f3 en enero de este a\u00f1o la creaci\u00f3n de 16 mil 007 empleos, un 2.5% m\u00e1s que el mismo mes de 2023, con lo cual se posiciona a nivel nacional como el tercer lugar en este rubro, inform\u00f3 el gobernador Alfonso Durazo Monta\u00f1o.<\/p>\n<p>&nbsp;<\/p>\n<p> <\/p>\n<p>El mandatario estatal mencion\u00f3 que seg\u00fan IMSS, el crecimiento de generaci\u00f3n de empleos para un primer mes del a\u00f1o para Sonora fue por el orden del 10.7%, entre 2018 y 2024.<\/p>\n<p>&nbsp;<\/p>\n<p>&nbsp;<\/p>\n<p><em><strong>\u201cHoy salen datos del IMSS que en enero este a\u00f1o, Sonora registr\u00f3 665 mil 301 empleos, 9 mil 391 m\u00e1s que el mes de diciembre de 2023, registrados en el seguro social. Comparado con enero de 2023 ser\u00eda un incremento de 2.5% en un mes, es decir 16 mil 007 empleos m\u00e1s que en enero de 2023. Sonora se posiciona en el tercer lugar nacional en cuanto a generaci\u00f3n de empleos, en enero el tercer generador nacional de empleo\u201d<\/strong><\/em>, indic\u00f3.<\/p>\n<p>&nbsp;<\/p>\n<p>&nbsp;<\/p>\n<p>El gobernador Durazo Monta\u00f1o destac\u00f3 que estos resultados tienen que ver con las virtudes de Sonora, la intensa promoci\u00f3n que se ha efectuado, as\u00ed como las grandes obras que est\u00e1 impulsando el presidente L\u00f3pez Obrador en la entidad, como las vertientes del Plan Sonora de Energ\u00eda Sostenible, la modernizaci\u00f3n del Puerto de Guaymas, los Planes de Justicia para Grupos Originarios, y el Plan de Justicia para Cananea.<\/p>\n<p>&nbsp;<\/p>\n<p>&nbsp;<\/p>\n<p>PUBLICADO EL 07 FEBRERO DE 2024\/\/ Con informaci\u00f3n 0224-022)<\/p>\n<p>&nbsp;<\/p>\n","protected":false},"excerpt":{"rendered":"<p>HERMOSILLO, SONORA. MX. \u2014&nbsp; Con base en cifras proporcionadas por el Instituto Mexicano del Seguro&#8230;<\/p>\n","protected":false},"author":1,"featured_media":182984,"comment_status":"open","ping_status":"open","sticky":false,"template":"","format":"standard","meta":{"_monsterinsights_skip_tracking":false,"_monsterinsights_sitenote_active":false,"_monsterinsights_sitenote_note":"","_monsterinsights_sitenote_category":0,"footnotes":""},"categories":[22],"tags":[],"class_list":["post"],"yoast_head":" \n<title>Sonora en Equipo. Es Sonora tercer lugar nacional en generaci\u00f3n de empleos Sonora<\/title>\n<meta name=\"description\" content=\"HERMOSILLO, SONORA. MX. \u2014&nbsp; Con base en cifras proporcionadas por el Instituto Mexicano del Seguro Social (IMSS), Sonora registr\u00f3 en enero de este a\u00f1o En Sonora en Equipo publicamos toda la informaci\u00f3n de Sonora, M\u00e9xico y el Mundo de manera oportuna y busca que la libertad de expresi\u00f3n sea real. Visita nuestro medio informativo publicado desde Hermosillo, Sonora. %\" \/>\n<meta name=\"robots\" content=\"index, follow, max-snippet:-1, max-image-preview:large, max-video-preview:-1\" \/>\n<link rel=\"canonical\" href=\"https:\/\/www.sonoraenequipo.com.mx\/es-sonora-tercer-lugar-nacional-en-generacion-de-empleos\/\" \/>\n<meta property=\"og:locale\" content=\"es_ES\" \/>\n<meta property=\"og:type\" content=\"article\" \/>\n<meta property=\"og:title\" content=\"Sonora en Equipo. Es Sonora tercer lugar nacional en generaci\u00f3n de empleos Sonora\" \/>\n<meta property=\"og:description\" content=\"HERMOSILLO, SONORA. MX. \u2014&nbsp; Con base en cifras proporcionadas por el Instituto Mexicano del Seguro Social (IMSS), Sonora registr\u00f3 en enero de este a\u00f1o En Sonora en Equipo publicamos toda la informaci\u00f3n de Sonora, M\u00e9xico y el Mundo de manera oportuna y busca que la libertad de expresi\u00f3n sea real. Visita nuestro medio informativo publicado desde Hermosillo, Sonora. %\" \/>\n<meta property=\"og:url\" content=\"https:\/\/www.sonoraenequipo.com.mx\/es-sonora-tercer-lugar-nacional-en-generacion-de-empleos\/\" \/>\n<meta property=\"og:site_name\" content=\"Sonora en Equipo.\" \/>\n<meta property=\"article:publisher\" content=\"https:\/\/www.facebook.com\/SonoraEE\/\" \/>\n<meta property=\"article:author\" content=\"https:\/\/www.facebook.com\/SonoraEE\" \/>\n<meta property=\"article:published_time\" content=\"2024-02-08T03:27:00+00:00\" \/>\n<meta property=\"og:image\" content=\"https:\/\/www.sonoraenequipo.com.mx\/storage\/2024\/02\/alfonso-durazo-min-1.jpg\" \/>\n\t<meta property=\"og:image:width\" content=\"1200\" \/>\n\t<meta property=\"og:image:height\" content=\"799\" \/>\n\t<meta property=\"og:image:type\" content=\"image\/jpeg\" \/>\n<meta name=\"author\" content=\"enequipo\" \/>\n<meta name=\"twitter:card\" content=\"summary_large_image\" \/>\n<meta name=\"twitter:creator\" content=\"@sonoraenequipo\" \/>\n<meta name=\"twitter:site\" content=\"@sonoraenequipo\" \/>\n<meta name=\"twitter:label1\" content=\"Escrito por\" \/>\n\t<meta name=\"twitter:data1\" content=\"enequipo\" \/>\n\t<meta name=\"twitter:label2\" content=\"Tiempo de lectura\" \/>\n\t<meta name=\"twitter:data2\" content=\"1 minuto\" \/>\n<script type=\"application\/ld+json\" class=\"yoast-schema-graph\">{\"@context\":\"https:\/\/schema.org\",\"@graph\":[{\"@type\":\"Article\",\"@id\":\"https:\/\/www.sonoraenequipo.com.mx\/es-sonora-tercer-lugar-nacional-en-generacion-de-empleos\/#article\",\"isPartOf\":{\"@id\":\"https:\/\/www.sonoraenequipo.com.mx\/es-sonora-tercer-lugar-nacional-en-generacion-de-empleos\/\"},\"author\":{\"name\":\"enequipo\",\"@id\":\"https:\/\/www.sonoraenequipo.com.mx\/#\/schema\/person\/50102df0fb23a8fa9e8effad8fa81386\"},\"headline\":\"Es Sonora tercer lugar nacional en generaci\u00f3n de empleos\",\"datePublished\":\"2024-02-08T03:27:00+00:00\",\"mainEntityOfPage\":{\"@id\":\"https:\/\/www.sonoraenequipo.com.mx\/es-sonora-tercer-lugar-nacional-en-generacion-de-empleos\/\"},\"wordCount\":265,\"commentCount\":0,\"publisher\":{\"@id\":\"https:\/\/www.sonoraenequipo.com.mx\/#organization\"},\"image\":{\"@id\":\"https:\/\/www.sonoraenequipo.com.mx\/es-sonora-tercer-lugar-nacional-en-generacion-de-empleos\/#primaryimage\"},\"thumbnailUrl\":\"https:\/\/www.sonoraenequipo.com.mx\/storage\/2024\/02\/alfonso-durazo-min-1.jpg\",\"articleSection\":[\"Sonora\"],\"inLanguage\":\"es\",\"potentialAction\":[{\"@type\":\"CommentAction\",\"name\":\"Comment\",\"target\":[\"https:\/\/www.sonoraenequipo.com.mx\/es-sonora-tercer-lugar-nacional-en-generacion-de-empleos\/#respond\"]}]},{\"@type\":\"WebPage\",\"@id\":\"https:\/\/www.sonoraenequipo.com.mx\/es-sonora-tercer-lugar-nacional-en-generacion-de-empleos\/\",\"url\":\"https:\/\/www.sonoraenequipo.com.mx\/es-sonora-tercer-lugar-nacional-en-generacion-de-empleos\/\",\"name\":\"Sonora en Equipo. Es Sonora tercer lugar nacional en generaci\u00f3n de empleos Sonora\",\"isPartOf\":{\"@id\":\"https:\/\/www.sonoraenequipo.com.mx\/#website\"},\"primaryImageOfPage\":{\"@id\":\"https:\/\/www.sonoraenequipo.com.mx\/es-sonora-tercer-lugar-nacional-en-generacion-de-empleos\/#primaryimage\"},\"image\":{\"@id\":\"https:\/\/www.sonoraenequipo.com.mx\/es-sonora-tercer-lugar-nacional-en-generacion-de-empleos\/#primaryimage\"},\"thumbnailUrl\":\"https:\/\/www.sonoraenequipo.com.mx\/storage\/2024\/02\/alfonso-durazo-min-1.jpg\",\"datePublished\":\"2024-02-08T03:27:00+00:00\",\"description\":\"HERMOSILLO, SONORA. MX. \u2014&nbsp; Con base en cifras proporcionadas por el Instituto Mexicano del Seguro Social (IMSS), Sonora registr\u00f3 en enero de este a\u00f1o En Sonora en Equipo publicamos toda la informaci\u00f3n de Sonora, M\u00e9xico y el Mundo de manera oportuna y busca que la libertad de expresi\u00f3n sea real. Visita nuestro medio informativo publicado desde Hermosillo, Sonora. %\",\"breadcrumb\":{\"@id\":\"https:\/\/www.sonoraenequipo.com.mx\/es-sonora-tercer-lugar-nacional-en-generacion-de-empleos\/#breadcrumb\"},\"inLanguage\":\"es\",\"potentialAction\":[{\"@type\":\"ReadAction\",\"target\":[\"https:\/\/www.sonoraenequipo.com.mx\/es-sonora-tercer-lugar-nacional-en-generacion-de-empleos\/\"]}]},{\"@type\":\"ImageObject\",\"inLanguage\":\"es\",\"@id\":\"https:\/\/www.sonoraenequipo.com.mx\/es-sonora-tercer-lugar-nacional-en-generacion-de-empleos\/#primaryimage\",\"url\":\"https:\/\/www.sonoraenequipo.com.mx\/storage\/2024\/02\/alfonso-durazo-min-1.jpg\",\"contentUrl\":\"https:\/\/www.sonoraenequipo.com.mx\/storage\/2024\/02\/alfonso-durazo-min-1.jpg\",\"width\":1200,\"height\":799},{\"@type\":\"BreadcrumbList\",\"@id\":\"https:\/\/www.sonoraenequipo.com.mx\/es-sonora-tercer-lugar-nacional-en-generacion-de-empleos\/#breadcrumb\",\"itemListElement\":[{\"@type\":\"ListItem\",\"position\":1,\"name\":\"Portada\",\"item\":\"https:\/\/www.sonoraenequipo.com.mx\/\"},{\"@type\":\"ListItem\",\"position\":2,\"name\":\"Es Sonora tercer lugar nacional en generaci\u00f3n de empleos\"}]},{\"@type\":\"WebSite\",\"@id\":\"https:\/\/www.sonoraenequipo.com.mx\/#website\",\"url\":\"https:\/\/www.sonoraenequipo.com.mx\/\",\"name\":\"Sonora en Equipo.\",\"description\":\"Diario en l\u00ednea con Noticias desde Hermosillo, Sonora\",\"publisher\":{\"@id\":\"https:\/\/www.sonoraenequipo.com.mx\/#organization\"},\"potentialAction\":[{\"@type\":\"SearchAction\",\"target\":{\"@type\":\"EntryPoint\",\"urlTemplate\":\"https:\/\/www.sonoraenequipo.com.mx\/?s={search_term_string}\"},\"query-input\":{\"@type\":\"PropertyValueSpecification\",\"valueRequired\":true,\"valueName\":\"search_term_string\"}}],\"inLanguage\":\"es\"},{\"@type\":\"Organization\",\"@id\":\"https:\/\/www.sonoraenequipo.com.mx\/#organization\",\"name\":\"Sonoraenequipo.com.mx\",\"url\":\"https:\/\/www.sonoraenequipo.com.mx\/\",\"logo\":{\"@type\":\"ImageObject\",\"inLanguage\":\"es\",\"@id\":\"https:\/\/www.sonoraenequipo.com.mx\/#\/schema\/logo\/image\/\",\"url\":\"https:\/\/www.sonoraenequipo.com.mx\/storage\/2019\/01\/sonoraenequipo_opt.png\",\"contentUrl\":\"https:\/\/www.sonoraenequipo.com.mx\/storage\/2019\/01\/sonoraenequipo_opt.png\",\"width\":375,\"height\":125,\"caption\":\"Sonoraenequipo.com.mx\"},\"image\":{\"@id\":\"https:\/\/www.sonoraenequipo.com.mx\/#\/schema\/logo\/image\/\"},\"sameAs\":[\"https:\/\/www.facebook.com\/SonoraEE\/\",\"https:\/\/x.com\/sonoraenequipo\",\"https:\/\/www.youtube.com\/channel\/UC338nW-lPEYmJQs4ZABQ1SQ\"]},{\"@type\":\"Person\",\"@id\":\"https:\/\/www.sonoraenequipo.com.mx\/#\/schema\/person\/50102df0fb23a8fa9e8effad8fa81386\",\"name\":\"enequipo\",\"image\":{\"@type\":\"ImageObject\",\"inLanguage\":\"es\",\"@id\":\"https:\/\/www.sonoraenequipo.com.mx\/#\/schema\/person\/image\/\",\"url\":\"https:\/\/secure.gravatar.com\/avatar\/049821681b589dabc0bc20695993ccebb09f5b5d4d790cd9251b97faac7c652b?s=96&d=blank&r=g\",\"contentUrl\":\"https:\/\/secure.gravatar.com\/avatar\/049821681b589dabc0bc20695993ccebb09f5b5d4d790cd9251b97faac7c652b?s=96&d=blank&r=g\",\"caption\":\"enequipo\"},\"sameAs\":[\"https:\/\/www.facebook.com\/SonoraEE\"]}]}<\/script>\n ","yoast_head_json":{"title":"Sonora en Equipo. Es Sonora tercer lugar nacional en generaci\u00f3n de empleos Sonora","description":"HERMOSILLO, SONORA. MX. \u2014&nbsp; Con base en cifras proporcionadas por el Instituto Mexicano del Seguro Social (IMSS), Sonora registr\u00f3 en enero de este a\u00f1o En Sonora en Equipo publicamos toda la informaci\u00f3n de Sonora, M\u00e9xico y el Mundo de manera oportuna y busca que la libertad de expresi\u00f3n sea real. Visita nuestro medio informativo publicado desde Hermosillo, Sonora. %","robots":{"index":"index","follow":"follow","max-snippet":"max-snippet:-1","max-image-preview":"max-image-preview:large","max-video-preview":"max-video-preview:-1"},"canonical":"https:\/\/www.sonoraenequipo.com.mx\/es-sonora-tercer-lugar-nacional-en-generacion-de-empleos\/","og_locale":"es_ES","og_type":"article","og_title":"Sonora en Equipo. Es Sonora tercer lugar nacional en generaci\u00f3n de empleos Sonora","og_description":"HERMOSILLO, SONORA. MX. \u2014&nbsp; Con base en cifras proporcionadas por el Instituto Mexicano del Seguro Social (IMSS), Sonora registr\u00f3 en enero de este a\u00f1o En Sonora en Equipo publicamos toda la informaci\u00f3n de Sonora, M\u00e9xico y el Mundo de manera oportuna y busca que la libertad de expresi\u00f3n sea real. Visita nuestro medio informativo publicado desde Hermosillo, Sonora. %","og_url":"https:\/\/www.sonoraenequipo.com.mx\/es-sonora-tercer-lugar-nacional-en-generacion-de-empleos\/","og_site_name":"Sonora en Equipo.","article_publisher":"https:\/\/www.facebook.com\/SonoraEE\/","article_author":"https:\/\/www.facebook.com\/SonoraEE","article_published_time":"2024-02-08T03:27:00+00:00","og_image":[{"width":1200,"height":799,"url":"https:\/\/www.sonoraenequipo.com.mx\/storage\/2024\/02\/alfonso-durazo-min-1.jpg","type":"image\/jpeg"}],"author":"enequipo","twitter_card":"summary_large_image","twitter_creator":"@sonoraenequipo","twitter_site":"@sonoraenequipo","twitter_misc":{"Escrito por":"enequipo","Tiempo de lectura":"1 minuto"},"schema":{"@context":"https:\/\/schema.org","@graph":[{"@type":"Article","@id":"https:\/\/www.sonoraenequipo.com.mx\/es-sonora-tercer-lugar-nacional-en-generacion-de-empleos\/#article","isPartOf":{"@id":"https:\/\/www.sonoraenequipo.com.mx\/es-sonora-tercer-lugar-nacional-en-generacion-de-empleos\/"},"author":{"name":"enequipo","@id":"https:\/\/www.sonoraenequipo.com.mx\/#\/schema\/person\/50102df0fb23a8fa9e8effad8fa81386"},"headline":"Es Sonora tercer lugar nacional en generaci\u00f3n de empleos","datePublished":"2024-02-08T03:27:00+00:00","mainEntityOfPage":{"@id":"https:\/\/www.sonoraenequipo.com.mx\/es-sonora-tercer-lugar-nacional-en-generacion-de-empleos\/"},"wordCount":265,"commentCount":0,"publisher":{"@id":"https:\/\/www.sonoraenequipo.com.mx\/#organization"},"image":{"@id":"https:\/\/www.sonoraenequipo.com.mx\/es-sonora-tercer-lugar-nacional-en-generacion-de-empleos\/#primaryimage"},"thumbnailUrl":"https:\/\/www.sonoraenequipo.com.mx\/storage\/2024\/02\/alfonso-durazo-min-1.jpg","articleSection":["Sonora"],"inLanguage":"es","potentialAction":[{"@type":"CommentAction","name":"Comment","target":["https:\/\/www.sonoraenequipo.com.mx\/es-sonora-tercer-lugar-nacional-en-generacion-de-empleos\/#respond"]}]},{"@type":"WebPage","@id":"https:\/\/www.sonoraenequipo.com.mx\/es-sonora-tercer-lugar-nacional-en-generacion-de-empleos\/","url":"https:\/\/www.sonoraenequipo.com.mx\/es-sonora-tercer-lugar-nacional-en-generacion-de-empleos\/","name":"Sonora en Equipo. Es Sonora tercer lugar nacional en generaci\u00f3n de empleos Sonora","isPartOf":{"@id":"https:\/\/www.sonoraenequipo.com.mx\/#website"},"primaryImageOfPage":{"@id":"https:\/\/www.sonoraenequipo.com.mx\/es-sonora-tercer-lugar-nacional-en-generacion-de-empleos\/#primaryimage"},"image":{"@id":"https:\/\/www.sonoraenequipo.com.mx\/es-sonora-tercer-lugar-nacional-en-generacion-de-empleos\/#primaryimage"},"thumbnailUrl":"https:\/\/www.sonoraenequipo.com.mx\/storage\/2024\/02\/alfonso-durazo-min-1.jpg","datePublished":"2024-02-08T03:27:00+00:00","description":"HERMOSILLO, SONORA. MX. \u2014&nbsp; Con base en cifras proporcionadas por el Instituto Mexicano del Seguro Social (IMSS), Sonora registr\u00f3 en enero de este a\u00f1o En Sonora en Equipo publicamos toda la informaci\u00f3n de Sonora, M\u00e9xico y el Mundo de manera oportuna y busca que la libertad de expresi\u00f3n sea real. Visita nuestro medio informativo publicado desde Hermosillo, Sonora. %","breadcrumb":{"@id":"https:\/\/www.sonoraenequipo.com.mx\/es-sonora-tercer-lugar-nacional-en-generacion-de-empleos\/#breadcrumb"},"inLanguage":"es","potentialAction":[{"@type":"ReadAction","target":["https:\/\/www.sonoraenequipo.com.mx\/es-sonora-tercer-lugar-nacional-en-generacion-de-empleos\/"]}]},{"@type":"ImageObject","inLanguage":"es","@id":"https:\/\/www.sonoraenequipo.com.mx\/es-sonora-tercer-lugar-nacional-en-generacion-de-empleos\/#primaryimage","url":"https:\/\/www.sonoraenequipo.com.mx\/storage\/2024\/02\/alfonso-durazo-min-1.jpg","contentUrl":"https:\/\/www.sonoraenequipo.com.mx\/storage\/2024\/02\/alfonso-durazo-min-1.jpg","width":1200,"height":799},{"@type":"BreadcrumbList","@id":"https:\/\/www.sonoraenequipo.com.mx\/es-sonora-tercer-lugar-nacional-en-generacion-de-empleos\/#breadcrumb","itemListElement":[{"@type":"ListItem","position":1,"name":"Portada","item":"https:\/\/www.sonoraenequipo.com.mx\/"},{"@type":"ListItem","position":2,"name":"Es Sonora tercer lugar nacional en generaci\u00f3n de empleos"}]},{"@type":"WebSite","@id":"https:\/\/www.sonoraenequipo.com.mx\/#website","url":"https:\/\/www.sonoraenequipo.com.mx\/","name":"Sonora en Equipo.","description":"Diario en l\u00ednea con Noticias desde Hermosillo, Sonora","publisher":{"@id":"https:\/\/www.sonoraenequipo.com.mx\/#organization"},"potentialAction":[{"@type":"SearchAction","target":{"@type":"EntryPoint","urlTemplate":"https:\/\/www.sonoraenequipo.com.mx\/?s={search_term_string}"},"query-input":{"@type":"PropertyValueSpecification","valueRequired":true,"valueName":"search_term_string"}}],"inLanguage":"es"},{"@type":"Organization","@id":"https:\/\/www.sonoraenequipo.com.mx\/#organization","name":"Sonoraenequipo.com.mx","url":"https:\/\/www.sonoraenequipo.com.mx\/","logo":{"@type":"ImageObject","inLanguage":"es","@id":"https:\/\/www.sonoraenequipo.com.mx\/#\/schema\/logo\/image\/","url":"https:\/\/www.sonoraenequipo.com.mx\/storage\/2019\/01\/sonoraenequipo_opt.png","contentUrl":"https:\/\/www.sonoraenequipo.com.mx\/storage\/2019\/01\/sonoraenequipo_opt.png","width":375,"height":125,"caption":"Sonoraenequipo.com.mx"},"image":{"@id":"https:\/\/www.sonoraenequipo.com.mx\/#\/schema\/logo\/image\/"},"sameAs":["https:\/\/www.facebook.com\/SonoraEE\/","https:\/\/x.com\/sonoraenequipo","https:\/\/www.youtube.com\/channel\/UC338nW-lPEYmJQs4ZABQ1SQ"]},{"@type":"Person","@id":"https:\/\/www.sonoraenequipo.com.mx\/#\/schema\/person\/50102df0fb23a8fa9e8effad8fa81386","name":"enequipo","image":{"@type":"ImageObject","inLanguage":"es","@id":"https:\/\/www.sonoraenequipo.com.mx\/#\/schema\/person\/image\/","url":"https:\/\/secure.gravatar.com\/avatar\/049821681b589dabc0bc20695993ccebb09f5b5d4d790cd9251b97faac7c652b?s=96&d=blank&r=g","contentUrl":"https:\/\/secure.gravatar.com\/avatar\/049821681b589dabc0bc20695993ccebb09f5b5d4d790cd9251b97faac7c652b?s=96&d=blank&r=g","caption":"enequipo"},"sameAs":["https:\/\/www.facebook.com\/SonoraEE"]}]}},"jetpack_featured_media_url":"https:\/\/www.sonoraenequipo.com.mx\/storage\/2024\/02\/alfonso-durazo-min-1.jpg","_links":{"self":[{"href":"https:\/\/www.sonoraenequipo.com.mx\/api\/wp\/v2\/posts\/182982","targetHints":{"allow":["GET"]}}],"collection":[{"href":"https:\/\/www.sonoraenequipo.com.mx\/api\/wp\/v2\/posts"}],"about":[{"href":"https:\/\/www.sonoraenequipo.com.mx\/api\/wp\/v2\/types\/post"}],"author":[{"embeddable":true,"href":"https:\/\/www.sonoraenequipo.com.mx\/api\/wp\/v2\/users\/1"}],"replies":[{"embeddable":true,"href":"https:\/\/www.sonoraenequipo.com.mx\/api\/wp\/v2\/comments?post=182982"}],"version-history":[{"count":2,"href":"https:\/\/www.sonoraenequipo.com.mx\/api\/wp\/v2\/posts\/182982\/revisions"}],"predecessor-version":[{"id":182986,"href":"https:\/\/www.sonoraenequipo.com.mx\/api\/wp\/v2\/posts\/182982\/revisions\/182986"}],"wp:featuredmedia":[{"embeddable":true,"href":"https:\/\/www.sonoraenequipo.com.mx\/api\/wp\/v2\/media\/182984"}],"wp:attachment":[{"href":"https:\/\/www.sonoraenequipo.com.mx\/api\/wp\/v2\/media?parent=182982"}],"wp:term":[{"taxonomy":"category","embeddable":true,"href":"https:\/\/www.sonoraenequipo.com.mx\/api\/wp\/v2\/categories?post=182982"},{"taxonomy":"post_tag","embeddable":true,"href":"https:\/\/www.sonoraenequipo.com.mx\/api\/wp\/v2\/tags?post=182982"}],"curies":[{"name":"wp","href":"https:\/\/api.w.org\/{rel}","templated":true}]}}