{"id":183033,"date":"2024-02-08T10:10:35","date_gmt":"2024-02-08T17:10:35","guid":{"rendered":"https:\/\/www.sonoraenequipo.com.mx\/?p=183033"},"modified":"2024-02-09T10:47:39","modified_gmt":"2024-02-09T17:47:39","slug":"iniciativa-de-amlo-propone-pension-universal-para-personas-con-discapacidad-y-blindar-becas","status":"publish","type":"post","link":"https:\/\/www.sonoraenequipo.com.mx\/iniciativa-de-amlo-propone-pension-universal-para-personas-con-discapacidad-y-blindar-becas\/","title":{"rendered":"Iniciativa de AMLO Propone Pensi\u00f3n Universal para Personas con Discapacidad y Blindar Becas"},"content":{"rendered":"<p><strong>CIUDAD DE M\u00c9XICO. MX. \u2014<\/strong> El Gobierno de M\u00e9xico detall\u00f3 hoy 8 de febrero de 2024 de qu\u00e9 trata la iniciativa de reformas constitucionales que present\u00f3 el presidente Andr\u00e9s Manuel L\u00f3pez Obrador (AMLO) en torno al paquete de Bienestar, el cual busca universalizar la entrega de apoyos a personas con discapacidad y blindar becas como el programa J\u00f3venes Construyendo el Futuro.<\/p>\n<p>&nbsp;<\/p>\n<p> <\/p>\n<p>Durante la conferencia de prensa matutina de este jueves en Palacio Nacional, Ariadna Montiel Reyes, secretaria de Bienestar, asegur\u00f3 que aunque la <strong><em>\u00abpensi\u00f3n a adultos mayores ya es un derecho en la Constituci\u00f3n\u00bb se busca que \u00e9sta se proteja para la poblaci\u00f3n a partir de los 65 a\u00f1os de edad, pues actualmente se contempla como derecho a partir de \u00ab68 a\u00f1os y a 65 para poblaci\u00f3n ind\u00edgena\u00bb.<\/em><\/strong><\/p>\n<p>&nbsp;<\/p>\n<p>En 2021 se homolog\u00f3 a 65 a\u00f1os (de edad), con la reforma (se propone) que se homologue, para que los adultos mayores tengan garantizado su derecho a los 65 a\u00f1os.<\/p>\n<p>&nbsp;<\/p>\n<p>Por otra parte, enfatiz\u00f3 en que se busca homologar la entrega de pensiones a personas con discapacidad para que se vuelva universal.<\/p>\n<p>&nbsp;<\/p>\n<p><em><strong>\u00abSe homologa (la entrega de pensiones a personas con discapacidad) a una estrategia para que sea universal para todas las personas con alguna discapacidad permanente desde los 0 a los 64 a\u00f1os de edad\u00bb,<\/strong><\/em> asegur\u00f3 Ariadna Montiel.<\/p>\n<p>&nbsp;<\/p>\n<p>&nbsp;<\/p>\n<p>Asegur\u00f3 que <em><strong>\u00abactualmente la Constituci\u00f3n solo lo contempla como derecho universal para menores de 30 a\u00f1os de edad y poblaci\u00f3n ind\u00edgena\u00bb.<\/strong><\/em><\/p>\n<p>&nbsp;<\/p>\n<p>Adem\u00e1s, la funcionaria federal detall\u00f3 que \u00aben materia de discapacidad se establece el derecho a la rehabilitaci\u00f3n, dando prioridad a menores de 18 a\u00f1os de edad\u00bb, por ser la etapa en la que las personas pueden lograr una mayor mejor\u00eda.<\/p>\n<h3><\/h3>\n<h3>Blindaje a J\u00f3venes Construyendo el Futuro<\/h3>\n<p>Marath Bola\u00f1os L\u00f3pez, secretario del Trabajo y Previsi\u00f3n Social, habl\u00f3 en torno a los apoyos que se entregan a j\u00f3venes que no estudian ni trabajan, lo cual, se\u00f1al\u00f3, se busca proteger como un derecho constitucional.<\/p>\n<p>&nbsp;<\/p>\n<p>El funcionario asegur\u00f3 que desde 2019 se han invertido 115 mil millones de pesos en la juventud \u00abde manera directa y sin intermediarios\u00bb, y resalt\u00f3 que <strong><em>\u00abseis de cada 10 j\u00f3venes que participan en el programa (J\u00f3venes Construyendo el Futuro) encuentran un empleo o actividad productiva\u00bb.<\/em><\/strong><\/p>\n<p>&nbsp;<\/p>\n<p>Bola\u00f1os L\u00f3pez detall\u00f3 que la iniciativa contempla que \u00ab<em><strong>el Estado otorgar\u00e1 el apoyo permanente de un salario m\u00ednimo a personas de entre 18 y 29 a\u00f1os (de edad) que se encuentren en desocupaci\u00f3n laboral y no est\u00e9n cursando en alguno de los niveles educativos para que se capaciten en el trabajo por hasta 12 meses\u00bb.<\/strong><\/em><\/p>\n<p>&nbsp;<\/p>\n<p>Se busca garantizar que nunca m\u00e1s se vuelva a olvidar a las y los j\u00f3venes, y cuenten con una herramienta para garantizar sus derechos constitucionales.<\/p>\n<p>&nbsp;<\/p>\n<h3>Mantener apoyos a becas de estudiantes<\/h3>\n<p>Abraham V\u00e1zquez Piceno, coordinador nacional del programa Becas para el Bienestar Benito Ju\u00e1rez, Secretar\u00eda de Educaci\u00f3n P\u00fablica (SEP), inform\u00f3 que en 2023 5.8 millones de personas se vieron beneficiadas, lo cual se traduce en 22 millones de estudiantes con alg\u00fan apoyo en lo que va de la actual administraci\u00f3n.<\/p>\n<p>&nbsp;<\/p>\n<p>V\u00e1zquez Piceno inform\u00f3 que la iniciativa contempla \u00abintegrar al art\u00edculo 4 constitucional un incremento presupuestal de forma progresiva a\u00f1o con a\u00f1o\u00bb.<\/p>\n<p>&nbsp;<\/p>\n<p>Cuando comienza a apoyarse a los estudiantes en el pa\u00eds disminuye el abandono escolar.<\/p>\n<p>&nbsp;<\/p>\n<p>&nbsp;<\/p>\n<p>&nbsp;<\/p>\n<p>PUBLICADO EL 08 DE FEBRERO 2024\/ Con informaci\u00f3n de Conferencia matutina presidencial)<\/p>\n","protected":false},"excerpt":{"rendered":"<p>CIUDAD DE M\u00c9XICO. MX. \u2014 El Gobierno de M\u00e9xico detall\u00f3 hoy 8 de febrero de&#8230;<\/p>\n","protected":false},"author":1,"featured_media":183034,"comment_status":"open","ping_status":"open","sticky":false,"template":"","format":"standard","meta":{"_monsterinsights_skip_tracking":false,"_monsterinsights_sitenote_active":false,"_monsterinsights_sitenote_note":"","_monsterinsights_sitenote_category":0,"footnotes":""},"categories":[5],"tags":[],"class_list":["post"],"yoast_head":" \n<title>Sonora en Equipo. Iniciativa de AMLO Propone Pensi\u00f3n Universal para Personas con Discapacidad y Blindar Becas Rep\u00fablica<\/title>\n<meta name=\"description\" content=\"CIUDAD DE M\u00c9XICO. MX. \u2014 El Gobierno de M\u00e9xico detall\u00f3 hoy 8 de febrero de 2024 de qu\u00e9 trata la iniciativa de reformas constitucionales que present\u00f3 el En Sonora en Equipo publicamos toda la informaci\u00f3n de Sonora, M\u00e9xico y el Mundo de manera oportuna y busca que la libertad de expresi\u00f3n sea real. Visita nuestro medio informativo publicado desde Hermosillo, Sonora. %\" \/>\n<meta name=\"robots\" content=\"index, follow, max-snippet:-1, max-image-preview:large, max-video-preview:-1\" \/>\n<link rel=\"canonical\" href=\"https:\/\/www.sonoraenequipo.com.mx\/iniciativa-de-amlo-propone-pension-universal-para-personas-con-discapacidad-y-blindar-becas\/\" \/>\n<meta property=\"og:locale\" content=\"es_ES\" \/>\n<meta property=\"og:type\" content=\"article\" \/>\n<meta property=\"og:title\" content=\"Sonora en Equipo. Iniciativa de AMLO Propone Pensi\u00f3n Universal para Personas con Discapacidad y Blindar Becas Rep\u00fablica\" \/>\n<meta property=\"og:description\" content=\"CIUDAD DE M\u00c9XICO. MX. \u2014 El Gobierno de M\u00e9xico detall\u00f3 hoy 8 de febrero de 2024 de qu\u00e9 trata la iniciativa de reformas constitucionales que present\u00f3 el En Sonora en Equipo publicamos toda la informaci\u00f3n de Sonora, M\u00e9xico y el Mundo de manera oportuna y busca que la libertad de expresi\u00f3n sea real. Visita nuestro medio informativo publicado desde Hermosillo, Sonora. %\" \/>\n<meta property=\"og:url\" content=\"https:\/\/www.sonoraenequipo.com.mx\/iniciativa-de-amlo-propone-pension-universal-para-personas-con-discapacidad-y-blindar-becas\/\" \/>\n<meta property=\"og:site_name\" content=\"Sonora en Equipo.\" \/>\n<meta property=\"article:publisher\" content=\"https:\/\/www.facebook.com\/SonoraEE\/\" \/>\n<meta property=\"article:author\" content=\"https:\/\/www.facebook.com\/SonoraEE\" \/>\n<meta property=\"article:published_time\" content=\"2024-02-08T17:10:35+00:00\" \/>\n<meta property=\"article:modified_time\" content=\"2024-02-09T17:47:39+00:00\" \/>\n<meta property=\"og:image\" content=\"https:\/\/www.sonoraenequipo.com.mx\/storage\/2024\/02\/AMLO-0502.2024A-min-min.jpg\" \/>\n\t<meta property=\"og:image:width\" content=\"1500\" \/>\n\t<meta property=\"og:image:height\" content=\"1000\" \/>\n\t<meta property=\"og:image:type\" content=\"image\/jpeg\" \/>\n<meta name=\"author\" content=\"enequipo\" \/>\n<meta name=\"twitter:card\" content=\"summary_large_image\" \/>\n<meta name=\"twitter:creator\" content=\"@sonoraenequipo\" \/>\n<meta name=\"twitter:site\" content=\"@sonoraenequipo\" \/>\n<meta name=\"twitter:label1\" content=\"Escrito por\" \/>\n\t<meta name=\"twitter:data1\" content=\"enequipo\" \/>\n\t<meta name=\"twitter:label2\" content=\"Tiempo de lectura\" \/>\n\t<meta name=\"twitter:data2\" content=\"3 minutos\" \/>\n<script type=\"application\/ld+json\" class=\"yoast-schema-graph\">{\"@context\":\"https:\/\/schema.org\",\"@graph\":[{\"@type\":\"Article\",\"@id\":\"https:\/\/www.sonoraenequipo.com.mx\/iniciativa-de-amlo-propone-pension-universal-para-personas-con-discapacidad-y-blindar-becas\/#article\",\"isPartOf\":{\"@id\":\"https:\/\/www.sonoraenequipo.com.mx\/iniciativa-de-amlo-propone-pension-universal-para-personas-con-discapacidad-y-blindar-becas\/\"},\"author\":{\"name\":\"enequipo\",\"@id\":\"https:\/\/www.sonoraenequipo.com.mx\/#\/schema\/person\/50102df0fb23a8fa9e8effad8fa81386\"},\"headline\":\"Iniciativa de AMLO Propone Pensi\u00f3n Universal para Personas con Discapacidad y Blindar Becas\",\"datePublished\":\"2024-02-08T17:10:35+00:00\",\"dateModified\":\"2024-02-09T17:47:39+00:00\",\"mainEntityOfPage\":{\"@id\":\"https:\/\/www.sonoraenequipo.com.mx\/iniciativa-de-amlo-propone-pension-universal-para-personas-con-discapacidad-y-blindar-becas\/\"},\"wordCount\":604,\"commentCount\":0,\"publisher\":{\"@id\":\"https:\/\/www.sonoraenequipo.com.mx\/#organization\"},\"image\":{\"@id\":\"https:\/\/www.sonoraenequipo.com.mx\/iniciativa-de-amlo-propone-pension-universal-para-personas-con-discapacidad-y-blindar-becas\/#primaryimage\"},\"thumbnailUrl\":\"https:\/\/www.sonoraenequipo.com.mx\/storage\/2024\/02\/AMLO-0502.2024A-min-min.jpg\",\"articleSection\":[\"Rep\u00fablica\"],\"inLanguage\":\"es\",\"potentialAction\":[{\"@type\":\"CommentAction\",\"name\":\"Comment\",\"target\":[\"https:\/\/www.sonoraenequipo.com.mx\/iniciativa-de-amlo-propone-pension-universal-para-personas-con-discapacidad-y-blindar-becas\/#respond\"]}]},{\"@type\":\"WebPage\",\"@id\":\"https:\/\/www.sonoraenequipo.com.mx\/iniciativa-de-amlo-propone-pension-universal-para-personas-con-discapacidad-y-blindar-becas\/\",\"url\":\"https:\/\/www.sonoraenequipo.com.mx\/iniciativa-de-amlo-propone-pension-universal-para-personas-con-discapacidad-y-blindar-becas\/\",\"name\":\"Sonora en Equipo. Iniciativa de AMLO Propone Pensi\u00f3n Universal para Personas con Discapacidad y Blindar Becas Rep\u00fablica\",\"isPartOf\":{\"@id\":\"https:\/\/www.sonoraenequipo.com.mx\/#website\"},\"primaryImageOfPage\":{\"@id\":\"https:\/\/www.sonoraenequipo.com.mx\/iniciativa-de-amlo-propone-pension-universal-para-personas-con-discapacidad-y-blindar-becas\/#primaryimage\"},\"image\":{\"@id\":\"https:\/\/www.sonoraenequipo.com.mx\/iniciativa-de-amlo-propone-pension-universal-para-personas-con-discapacidad-y-blindar-becas\/#primaryimage\"},\"thumbnailUrl\":\"https:\/\/www.sonoraenequipo.com.mx\/storage\/2024\/02\/AMLO-0502.2024A-min-min.jpg\",\"datePublished\":\"2024-02-08T17:10:35+00:00\",\"dateModified\":\"2024-02-09T17:47:39+00:00\",\"description\":\"CIUDAD DE M\u00c9XICO. MX. \u2014 El Gobierno de M\u00e9xico detall\u00f3 hoy 8 de febrero de 2024 de qu\u00e9 trata la iniciativa de reformas constitucionales que present\u00f3 el En Sonora en Equipo publicamos toda la informaci\u00f3n de Sonora, M\u00e9xico y el Mundo de manera oportuna y busca que la libertad de expresi\u00f3n sea real. Visita nuestro medio informativo publicado desde Hermosillo, Sonora. %\",\"breadcrumb\":{\"@id\":\"https:\/\/www.sonoraenequipo.com.mx\/iniciativa-de-amlo-propone-pension-universal-para-personas-con-discapacidad-y-blindar-becas\/#breadcrumb\"},\"inLanguage\":\"es\",\"potentialAction\":[{\"@type\":\"ReadAction\",\"target\":[\"https:\/\/www.sonoraenequipo.com.mx\/iniciativa-de-amlo-propone-pension-universal-para-personas-con-discapacidad-y-blindar-becas\/\"]}]},{\"@type\":\"ImageObject\",\"inLanguage\":\"es\",\"@id\":\"https:\/\/www.sonoraenequipo.com.mx\/iniciativa-de-amlo-propone-pension-universal-para-personas-con-discapacidad-y-blindar-becas\/#primaryimage\",\"url\":\"https:\/\/www.sonoraenequipo.com.mx\/storage\/2024\/02\/AMLO-0502.2024A-min-min.jpg\",\"contentUrl\":\"https:\/\/www.sonoraenequipo.com.mx\/storage\/2024\/02\/AMLO-0502.2024A-min-min.jpg\",\"width\":1500,\"height\":1000},{\"@type\":\"BreadcrumbList\",\"@id\":\"https:\/\/www.sonoraenequipo.com.mx\/iniciativa-de-amlo-propone-pension-universal-para-personas-con-discapacidad-y-blindar-becas\/#breadcrumb\",\"itemListElement\":[{\"@type\":\"ListItem\",\"position\":1,\"name\":\"Portada\",\"item\":\"https:\/\/www.sonoraenequipo.com.mx\/\"},{\"@type\":\"ListItem\",\"position\":2,\"name\":\"Iniciativa de AMLO Propone Pensi\u00f3n Universal para Personas con Discapacidad y Blindar Becas\"}]},{\"@type\":\"WebSite\",\"@id\":\"https:\/\/www.sonoraenequipo.com.mx\/#website\",\"url\":\"https:\/\/www.sonoraenequipo.com.mx\/\",\"name\":\"Sonora en Equipo.\",\"description\":\"Diario en l\u00ednea con Noticias desde Hermosillo, Sonora\",\"publisher\":{\"@id\":\"https:\/\/www.sonoraenequipo.com.mx\/#organization\"},\"potentialAction\":[{\"@type\":\"SearchAction\",\"target\":{\"@type\":\"EntryPoint\",\"urlTemplate\":\"https:\/\/www.sonoraenequipo.com.mx\/?s={search_term_string}\"},\"query-input\":{\"@type\":\"PropertyValueSpecification\",\"valueRequired\":true,\"valueName\":\"search_term_string\"}}],\"inLanguage\":\"es\"},{\"@type\":\"Organization\",\"@id\":\"https:\/\/www.sonoraenequipo.com.mx\/#organization\",\"name\":\"Sonoraenequipo.com.mx\",\"url\":\"https:\/\/www.sonoraenequipo.com.mx\/\",\"logo\":{\"@type\":\"ImageObject\",\"inLanguage\":\"es\",\"@id\":\"https:\/\/www.sonoraenequipo.com.mx\/#\/schema\/logo\/image\/\",\"url\":\"https:\/\/www.sonoraenequipo.com.mx\/storage\/2019\/01\/sonoraenequipo_opt.png\",\"contentUrl\":\"https:\/\/www.sonoraenequipo.com.mx\/storage\/2019\/01\/sonoraenequipo_opt.png\",\"width\":375,\"height\":125,\"caption\":\"Sonoraenequipo.com.mx\"},\"image\":{\"@id\":\"https:\/\/www.sonoraenequipo.com.mx\/#\/schema\/logo\/image\/\"},\"sameAs\":[\"https:\/\/www.facebook.com\/SonoraEE\/\",\"https:\/\/x.com\/sonoraenequipo\",\"https:\/\/www.youtube.com\/channel\/UC338nW-lPEYmJQs4ZABQ1SQ\"]},{\"@type\":\"Person\",\"@id\":\"https:\/\/www.sonoraenequipo.com.mx\/#\/schema\/person\/50102df0fb23a8fa9e8effad8fa81386\",\"name\":\"enequipo\",\"image\":{\"@type\":\"ImageObject\",\"inLanguage\":\"es\",\"@id\":\"https:\/\/www.sonoraenequipo.com.mx\/#\/schema\/person\/image\/\",\"url\":\"https:\/\/secure.gravatar.com\/avatar\/049821681b589dabc0bc20695993ccebb09f5b5d4d790cd9251b97faac7c652b?s=96&d=blank&r=g\",\"contentUrl\":\"https:\/\/secure.gravatar.com\/avatar\/049821681b589dabc0bc20695993ccebb09f5b5d4d790cd9251b97faac7c652b?s=96&d=blank&r=g\",\"caption\":\"enequipo\"},\"sameAs\":[\"https:\/\/www.facebook.com\/SonoraEE\"]}]}<\/script>\n ","yoast_head_json":{"title":"Sonora en Equipo. Iniciativa de AMLO Propone Pensi\u00f3n Universal para Personas con Discapacidad y Blindar Becas Rep\u00fablica","description":"CIUDAD DE M\u00c9XICO. MX. \u2014 El Gobierno de M\u00e9xico detall\u00f3 hoy 8 de febrero de 2024 de qu\u00e9 trata la iniciativa de reformas constitucionales que present\u00f3 el En Sonora en Equipo publicamos toda la informaci\u00f3n de Sonora, M\u00e9xico y el Mundo de manera oportuna y busca que la libertad de expresi\u00f3n sea real. Visita nuestro medio informativo publicado desde Hermosillo, Sonora. %","robots":{"index":"index","follow":"follow","max-snippet":"max-snippet:-1","max-image-preview":"max-image-preview:large","max-video-preview":"max-video-preview:-1"},"canonical":"https:\/\/www.sonoraenequipo.com.mx\/iniciativa-de-amlo-propone-pension-universal-para-personas-con-discapacidad-y-blindar-becas\/","og_locale":"es_ES","og_type":"article","og_title":"Sonora en Equipo. Iniciativa de AMLO Propone Pensi\u00f3n Universal para Personas con Discapacidad y Blindar Becas Rep\u00fablica","og_description":"CIUDAD DE M\u00c9XICO. MX. \u2014 El Gobierno de M\u00e9xico detall\u00f3 hoy 8 de febrero de 2024 de qu\u00e9 trata la iniciativa de reformas constitucionales que present\u00f3 el En Sonora en Equipo publicamos toda la informaci\u00f3n de Sonora, M\u00e9xico y el Mundo de manera oportuna y busca que la libertad de expresi\u00f3n sea real. Visita nuestro medio informativo publicado desde Hermosillo, Sonora. %","og_url":"https:\/\/www.sonoraenequipo.com.mx\/iniciativa-de-amlo-propone-pension-universal-para-personas-con-discapacidad-y-blindar-becas\/","og_site_name":"Sonora en Equipo.","article_publisher":"https:\/\/www.facebook.com\/SonoraEE\/","article_author":"https:\/\/www.facebook.com\/SonoraEE","article_published_time":"2024-02-08T17:10:35+00:00","article_modified_time":"2024-02-09T17:47:39+00:00","og_image":[{"width":1500,"height":1000,"url":"https:\/\/www.sonoraenequipo.com.mx\/storage\/2024\/02\/AMLO-0502.2024A-min-min.jpg","type":"image\/jpeg"}],"author":"enequipo","twitter_card":"summary_large_image","twitter_creator":"@sonoraenequipo","twitter_site":"@sonoraenequipo","twitter_misc":{"Escrito por":"enequipo","Tiempo de lectura":"3 minutos"},"schema":{"@context":"https:\/\/schema.org","@graph":[{"@type":"Article","@id":"https:\/\/www.sonoraenequipo.com.mx\/iniciativa-de-amlo-propone-pension-universal-para-personas-con-discapacidad-y-blindar-becas\/#article","isPartOf":{"@id":"https:\/\/www.sonoraenequipo.com.mx\/iniciativa-de-amlo-propone-pension-universal-para-personas-con-discapacidad-y-blindar-becas\/"},"author":{"name":"enequipo","@id":"https:\/\/www.sonoraenequipo.com.mx\/#\/schema\/person\/50102df0fb23a8fa9e8effad8fa81386"},"headline":"Iniciativa de AMLO Propone Pensi\u00f3n Universal para Personas con Discapacidad y Blindar Becas","datePublished":"2024-02-08T17:10:35+00:00","dateModified":"2024-02-09T17:47:39+00:00","mainEntityOfPage":{"@id":"https:\/\/www.sonoraenequipo.com.mx\/iniciativa-de-amlo-propone-pension-universal-para-personas-con-discapacidad-y-blindar-becas\/"},"wordCount":604,"commentCount":0,"publisher":{"@id":"https:\/\/www.sonoraenequipo.com.mx\/#organization"},"image":{"@id":"https:\/\/www.sonoraenequipo.com.mx\/iniciativa-de-amlo-propone-pension-universal-para-personas-con-discapacidad-y-blindar-becas\/#primaryimage"},"thumbnailUrl":"https:\/\/www.sonoraenequipo.com.mx\/storage\/2024\/02\/AMLO-0502.2024A-min-min.jpg","articleSection":["Rep\u00fablica"],"inLanguage":"es","potentialAction":[{"@type":"CommentAction","name":"Comment","target":["https:\/\/www.sonoraenequipo.com.mx\/iniciativa-de-amlo-propone-pension-universal-para-personas-con-discapacidad-y-blindar-becas\/#respond"]}]},{"@type":"WebPage","@id":"https:\/\/www.sonoraenequipo.com.mx\/iniciativa-de-amlo-propone-pension-universal-para-personas-con-discapacidad-y-blindar-becas\/","url":"https:\/\/www.sonoraenequipo.com.mx\/iniciativa-de-amlo-propone-pension-universal-para-personas-con-discapacidad-y-blindar-becas\/","name":"Sonora en Equipo. Iniciativa de AMLO Propone Pensi\u00f3n Universal para Personas con Discapacidad y Blindar Becas Rep\u00fablica","isPartOf":{"@id":"https:\/\/www.sonoraenequipo.com.mx\/#website"},"primaryImageOfPage":{"@id":"https:\/\/www.sonoraenequipo.com.mx\/iniciativa-de-amlo-propone-pension-universal-para-personas-con-discapacidad-y-blindar-becas\/#primaryimage"},"image":{"@id":"https:\/\/www.sonoraenequipo.com.mx\/iniciativa-de-amlo-propone-pension-universal-para-personas-con-discapacidad-y-blindar-becas\/#primaryimage"},"thumbnailUrl":"https:\/\/www.sonoraenequipo.com.mx\/storage\/2024\/02\/AMLO-0502.2024A-min-min.jpg","datePublished":"2024-02-08T17:10:35+00:00","dateModified":"2024-02-09T17:47:39+00:00","description":"CIUDAD DE M\u00c9XICO. MX. \u2014 El Gobierno de M\u00e9xico detall\u00f3 hoy 8 de febrero de 2024 de qu\u00e9 trata la iniciativa de reformas constitucionales que present\u00f3 el En Sonora en Equipo publicamos toda la informaci\u00f3n de Sonora, M\u00e9xico y el Mundo de manera oportuna y busca que la libertad de expresi\u00f3n sea real. Visita nuestro medio informativo publicado desde Hermosillo, Sonora. %","breadcrumb":{"@id":"https:\/\/www.sonoraenequipo.com.mx\/iniciativa-de-amlo-propone-pension-universal-para-personas-con-discapacidad-y-blindar-becas\/#breadcrumb"},"inLanguage":"es","potentialAction":[{"@type":"ReadAction","target":["https:\/\/www.sonoraenequipo.com.mx\/iniciativa-de-amlo-propone-pension-universal-para-personas-con-discapacidad-y-blindar-becas\/"]}]},{"@type":"ImageObject","inLanguage":"es","@id":"https:\/\/www.sonoraenequipo.com.mx\/iniciativa-de-amlo-propone-pension-universal-para-personas-con-discapacidad-y-blindar-becas\/#primaryimage","url":"https:\/\/www.sonoraenequipo.com.mx\/storage\/2024\/02\/AMLO-0502.2024A-min-min.jpg","contentUrl":"https:\/\/www.sonoraenequipo.com.mx\/storage\/2024\/02\/AMLO-0502.2024A-min-min.jpg","width":1500,"height":1000},{"@type":"BreadcrumbList","@id":"https:\/\/www.sonoraenequipo.com.mx\/iniciativa-de-amlo-propone-pension-universal-para-personas-con-discapacidad-y-blindar-becas\/#breadcrumb","itemListElement":[{"@type":"ListItem","position":1,"name":"Portada","item":"https:\/\/www.sonoraenequipo.com.mx\/"},{"@type":"ListItem","position":2,"name":"Iniciativa de AMLO Propone Pensi\u00f3n Universal para Personas con Discapacidad y Blindar Becas"}]},{"@type":"WebSite","@id":"https:\/\/www.sonoraenequipo.com.mx\/#website","url":"https:\/\/www.sonoraenequipo.com.mx\/","name":"Sonora en Equipo.","description":"Diario en l\u00ednea con Noticias desde Hermosillo, Sonora","publisher":{"@id":"https:\/\/www.sonoraenequipo.com.mx\/#organization"},"potentialAction":[{"@type":"SearchAction","target":{"@type":"EntryPoint","urlTemplate":"https:\/\/www.sonoraenequipo.com.mx\/?s={search_term_string}"},"query-input":{"@type":"PropertyValueSpecification","valueRequired":true,"valueName":"search_term_string"}}],"inLanguage":"es"},{"@type":"Organization","@id":"https:\/\/www.sonoraenequipo.com.mx\/#organization","name":"Sonoraenequipo.com.mx","url":"https:\/\/www.sonoraenequipo.com.mx\/","logo":{"@type":"ImageObject","inLanguage":"es","@id":"https:\/\/www.sonoraenequipo.com.mx\/#\/schema\/logo\/image\/","url":"https:\/\/www.sonoraenequipo.com.mx\/storage\/2019\/01\/sonoraenequipo_opt.png","contentUrl":"https:\/\/www.sonoraenequipo.com.mx\/storage\/2019\/01\/sonoraenequipo_opt.png","width":375,"height":125,"caption":"Sonoraenequipo.com.mx"},"image":{"@id":"https:\/\/www.sonoraenequipo.com.mx\/#\/schema\/logo\/image\/"},"sameAs":["https:\/\/www.facebook.com\/SonoraEE\/","https:\/\/x.com\/sonoraenequipo","https:\/\/www.youtube.com\/channel\/UC338nW-lPEYmJQs4ZABQ1SQ"]},{"@type":"Person","@id":"https:\/\/www.sonoraenequipo.com.mx\/#\/schema\/person\/50102df0fb23a8fa9e8effad8fa81386","name":"enequipo","image":{"@type":"ImageObject","inLanguage":"es","@id":"https:\/\/www.sonoraenequipo.com.mx\/#\/schema\/person\/image\/","url":"https:\/\/secure.gravatar.com\/avatar\/049821681b589dabc0bc20695993ccebb09f5b5d4d790cd9251b97faac7c652b?s=96&d=blank&r=g","contentUrl":"https:\/\/secure.gravatar.com\/avatar\/049821681b589dabc0bc20695993ccebb09f5b5d4d790cd9251b97faac7c652b?s=96&d=blank&r=g","caption":"enequipo"},"sameAs":["https:\/\/www.facebook.com\/SonoraEE"]}]}},"jetpack_featured_media_url":"https:\/\/www.sonoraenequipo.com.mx\/storage\/2024\/02\/AMLO-0502.2024A-min-min.jpg","_links":{"self":[{"href":"https:\/\/www.sonoraenequipo.com.mx\/api\/wp\/v2\/posts\/183033","targetHints":{"allow":["GET"]}}],"collection":[{"href":"https:\/\/www.sonoraenequipo.com.mx\/api\/wp\/v2\/posts"}],"about":[{"href":"https:\/\/www.sonoraenequipo.com.mx\/api\/wp\/v2\/types\/post"}],"author":[{"embeddable":true,"href":"https:\/\/www.sonoraenequipo.com.mx\/api\/wp\/v2\/users\/1"}],"replies":[{"embeddable":true,"href":"https:\/\/www.sonoraenequipo.com.mx\/api\/wp\/v2\/comments?post=183033"}],"version-history":[{"count":1,"href":"https:\/\/www.sonoraenequipo.com.mx\/api\/wp\/v2\/posts\/183033\/revisions"}],"predecessor-version":[{"id":183035,"href":"https:\/\/www.sonoraenequipo.com.mx\/api\/wp\/v2\/posts\/183033\/revisions\/183035"}],"wp:featuredmedia":[{"embeddable":true,"href":"https:\/\/www.sonoraenequipo.com.mx\/api\/wp\/v2\/media\/183034"}],"wp:attachment":[{"href":"https:\/\/www.sonoraenequipo.com.mx\/api\/wp\/v2\/media?parent=183033"}],"wp:term":[{"taxonomy":"category","embeddable":true,"href":"https:\/\/www.sonoraenequipo.com.mx\/api\/wp\/v2\/categories?post=183033"},{"taxonomy":"post_tag","embeddable":true,"href":"https:\/\/www.sonoraenequipo.com.mx\/api\/wp\/v2\/tags?post=183033"}],"curies":[{"name":"wp","href":"https:\/\/api.w.org\/{rel}","templated":true}]}}