{"id":183038,"date":"2024-02-08T12:00:35","date_gmt":"2024-02-08T19:00:35","guid":{"rendered":"https:\/\/www.sonoraenequipo.com.mx\/?p=183038"},"modified":"2024-02-09T11:00:53","modified_gmt":"2024-02-09T18:00:53","slug":"destacan-impacto-positivo-del-tren-maya-en-industrias-de-yucatan","status":"publish","type":"post","link":"https:\/\/www.sonoraenequipo.com.mx\/destacan-impacto-positivo-del-tren-maya-en-industrias-de-yucatan\/","title":{"rendered":"Destacan impacto positivo del Tren Maya en industrias de Yucat\u00e1n"},"content":{"rendered":"<p><strong>CIUDAD DE M\u00c9XICO. MX. \u2014<\/strong> Edoardo Triay, director general de Grupo Libera, asegur\u00f3 que la construcci\u00f3n del Tren Maya, la edificaci\u00f3n de una planta de ciclo combinado de la CFE y la ampliaci\u00f3n del Puerto Progreso detonan la actividad tur\u00edstica, inmobiliaria e industrial en Yucat\u00e1n.<\/p>\n<p> <\/p>\n<p>\u201cLa electricidad, gas, el Puerto Progreso, la log\u00edstica del TMEC y el Tren Maya hicieron que Yucat\u00e1n pueda competir, porque era un mercado car\u00edsimo\u201d, declar\u00f3 en una rueda de prensa para presentar su incursi\u00f3n al negocio de parques industriales.<\/p>\n<p>Sin el Tren Maya no habr\u00eda manera de que se diera la fiesta inmobiliaria en Yucat\u00e1n, ya que el transporte terrestre es caro y limitado, apunt\u00f3; Afirm\u00f3 que sin el Tren Maya, sin la capacidad de carga y sin la ampliaci\u00f3n del muelle del Puerto Progreso no habr\u00eda incentivos para inversionistas.<\/p>\n<p>La inversi\u00f3n en el negocio de parques industriales es muy nueva para Grupo Libera, ya que es la primera vez que apuesta por tal actividad econ\u00f3mica en la Pen\u00ednsula de Yucat\u00e1n, manifest\u00f3.<\/p>\n<p>\u00a8El Tren Maya crea una oportunidad industrial y una alta actividad tur\u00edstica por la cercan\u00eda del Aeropuerto Internacional de Tulum y Aeropuerto Internacional de Canc\u00fan\u00a8.<\/p>\n<p>Las realidades y promesas cumplidas permitieron la llegada de empresas como Walmart, Heineken, Gruma, Mercado Libre o Accenture, y est\u00e1 en evaluaci\u00f3n el arribo ya sea con un centro de distribuci\u00f3n o una l\u00ednea de manufactura de Shein, expres\u00f3.<\/p>\n<p>La suma de voluntades permiti\u00f3 que todo Yucat\u00e1n tenga abasto suficiente de energ\u00eda el\u00e9ctrica: \u201cHoy M\u00e9rida rebasada por la energ\u00eda va tener para crecer el doble y recibir a la industria\u201d. En M\u00e9rida y Tulum se construyen departamentos, vivienda privada y vertical y Storas ser\u00e1 el primer desarrollo industrial de la empresa, dijo el empresario.<\/p>\n<p>Agreg\u00f3 que han edificado entre 15 y 20 proyectos terminados entre Tulum y M\u00e9rida en la industria inmobiliaria. \u201cVamos a incursionar en el negocio de hoteler\u00eda, principalmente por la llegada del Tren Maya\u201d, coment\u00f3 el desarrollador inmobiliario. La cadena de hoteles Amate inaugurar\u00e1 en marzo de 2024 uno de los tres hoteles que est\u00e1n siendo edificados en el Centro Hist\u00f3rico de M\u00e9rida.<\/p>\n<p>PUBLICADO EL 08 FEBRERO DE 2024\/\/ Con informaci\u00f3n Conferencia matutina)<\/p>\n","protected":false},"excerpt":{"rendered":"<p>CIUDAD DE M\u00c9XICO. MX. \u2014 Edoardo Triay, director general de Grupo Libera, asegur\u00f3 que la&#8230;<\/p>\n","protected":false},"author":1,"featured_media":183040,"comment_status":"open","ping_status":"open","sticky":false,"template":"","format":"standard","meta":{"_monsterinsights_skip_tracking":false,"_monsterinsights_sitenote_active":false,"_monsterinsights_sitenote_note":"","_monsterinsights_sitenote_category":0,"footnotes":""},"categories":[1],"tags":[],"class_list":["post"],"yoast_head":" \n<title>Sonora en Equipo. Destacan impacto positivo del Tren Maya en industrias de Yucat\u00e1n<\/title>\n<meta name=\"description\" content=\"CIUDAD DE M\u00c9XICO. MX. \u2014 Edoardo Triay, director general de Grupo Libera, asegur\u00f3 que la construcci\u00f3n del Tren Maya, la edificaci\u00f3n de una planta de ciclo En Sonora en Equipo publicamos toda la informaci\u00f3n de Sonora, M\u00e9xico y el Mundo de manera oportuna y busca que la libertad de expresi\u00f3n sea real. Visita nuestro medio informativo publicado desde Hermosillo, Sonora. %\" \/>\n<meta name=\"robots\" content=\"index, follow, max-snippet:-1, max-image-preview:large, max-video-preview:-1\" \/>\n<link rel=\"canonical\" href=\"https:\/\/www.sonoraenequipo.com.mx\/destacan-impacto-positivo-del-tren-maya-en-industrias-de-yucatan\/\" \/>\n<meta property=\"og:locale\" content=\"es_ES\" \/>\n<meta property=\"og:type\" content=\"article\" \/>\n<meta property=\"og:title\" content=\"Sonora en Equipo. Destacan impacto positivo del Tren Maya en industrias de Yucat\u00e1n\" \/>\n<meta property=\"og:description\" content=\"CIUDAD DE M\u00c9XICO. MX. \u2014 Edoardo Triay, director general de Grupo Libera, asegur\u00f3 que la construcci\u00f3n del Tren Maya, la edificaci\u00f3n de una planta de ciclo En Sonora en Equipo publicamos toda la informaci\u00f3n de Sonora, M\u00e9xico y el Mundo de manera oportuna y busca que la libertad de expresi\u00f3n sea real. Visita nuestro medio informativo publicado desde Hermosillo, Sonora. %\" \/>\n<meta property=\"og:url\" content=\"https:\/\/www.sonoraenequipo.com.mx\/destacan-impacto-positivo-del-tren-maya-en-industrias-de-yucatan\/\" \/>\n<meta property=\"og:site_name\" content=\"Sonora en Equipo.\" \/>\n<meta property=\"article:publisher\" content=\"https:\/\/www.facebook.com\/SonoraEE\/\" \/>\n<meta property=\"article:author\" content=\"https:\/\/www.facebook.com\/SonoraEE\" \/>\n<meta property=\"article:published_time\" content=\"2024-02-08T19:00:35+00:00\" \/>\n<meta property=\"article:modified_time\" content=\"2024-02-09T18:00:53+00:00\" \/>\n<meta property=\"og:image\" content=\"https:\/\/www.sonoraenequipo.com.mx\/storage\/2024\/02\/Destacan-impacto-positivo-del-Tren-Maya-en-industrias-de-Yucatan-min.jpg\" \/>\n\t<meta property=\"og:image:width\" content=\"1200\" \/>\n\t<meta property=\"og:image:height\" content=\"627\" \/>\n\t<meta property=\"og:image:type\" content=\"image\/jpeg\" \/>\n<meta name=\"author\" content=\"enequipo\" \/>\n<meta name=\"twitter:card\" content=\"summary_large_image\" \/>\n<meta name=\"twitter:creator\" content=\"@sonoraenequipo\" \/>\n<meta name=\"twitter:site\" content=\"@sonoraenequipo\" \/>\n<meta name=\"twitter:label1\" content=\"Escrito por\" \/>\n\t<meta name=\"twitter:data1\" content=\"enequipo\" \/>\n\t<meta name=\"twitter:label2\" content=\"Tiempo de lectura\" \/>\n\t<meta name=\"twitter:data2\" content=\"2 minutos\" \/>\n<script type=\"application\/ld+json\" class=\"yoast-schema-graph\">{\"@context\":\"https:\/\/schema.org\",\"@graph\":[{\"@type\":\"Article\",\"@id\":\"https:\/\/www.sonoraenequipo.com.mx\/destacan-impacto-positivo-del-tren-maya-en-industrias-de-yucatan\/#article\",\"isPartOf\":{\"@id\":\"https:\/\/www.sonoraenequipo.com.mx\/destacan-impacto-positivo-del-tren-maya-en-industrias-de-yucatan\/\"},\"author\":{\"name\":\"enequipo\",\"@id\":\"https:\/\/www.sonoraenequipo.com.mx\/#\/schema\/person\/50102df0fb23a8fa9e8effad8fa81386\"},\"headline\":\"Destacan impacto positivo del Tren Maya en industrias de Yucat\u00e1n\",\"datePublished\":\"2024-02-08T19:00:35+00:00\",\"dateModified\":\"2024-02-09T18:00:53+00:00\",\"mainEntityOfPage\":{\"@id\":\"https:\/\/www.sonoraenequipo.com.mx\/destacan-impacto-positivo-del-tren-maya-en-industrias-de-yucatan\/\"},\"wordCount\":399,\"commentCount\":0,\"publisher\":{\"@id\":\"https:\/\/www.sonoraenequipo.com.mx\/#organization\"},\"image\":{\"@id\":\"https:\/\/www.sonoraenequipo.com.mx\/destacan-impacto-positivo-del-tren-maya-en-industrias-de-yucatan\/#primaryimage\"},\"thumbnailUrl\":\"https:\/\/www.sonoraenequipo.com.mx\/storage\/2024\/02\/Destacan-impacto-positivo-del-Tren-Maya-en-industrias-de-Yucatan-min.jpg\",\"articleSection\":[\"Sin categorizar\"],\"inLanguage\":\"es\",\"potentialAction\":[{\"@type\":\"CommentAction\",\"name\":\"Comment\",\"target\":[\"https:\/\/www.sonoraenequipo.com.mx\/destacan-impacto-positivo-del-tren-maya-en-industrias-de-yucatan\/#respond\"]}]},{\"@type\":\"WebPage\",\"@id\":\"https:\/\/www.sonoraenequipo.com.mx\/destacan-impacto-positivo-del-tren-maya-en-industrias-de-yucatan\/\",\"url\":\"https:\/\/www.sonoraenequipo.com.mx\/destacan-impacto-positivo-del-tren-maya-en-industrias-de-yucatan\/\",\"name\":\"Sonora en Equipo. Destacan impacto positivo del Tren Maya en industrias de Yucat\u00e1n\",\"isPartOf\":{\"@id\":\"https:\/\/www.sonoraenequipo.com.mx\/#website\"},\"primaryImageOfPage\":{\"@id\":\"https:\/\/www.sonoraenequipo.com.mx\/destacan-impacto-positivo-del-tren-maya-en-industrias-de-yucatan\/#primaryimage\"},\"image\":{\"@id\":\"https:\/\/www.sonoraenequipo.com.mx\/destacan-impacto-positivo-del-tren-maya-en-industrias-de-yucatan\/#primaryimage\"},\"thumbnailUrl\":\"https:\/\/www.sonoraenequipo.com.mx\/storage\/2024\/02\/Destacan-impacto-positivo-del-Tren-Maya-en-industrias-de-Yucatan-min.jpg\",\"datePublished\":\"2024-02-08T19:00:35+00:00\",\"dateModified\":\"2024-02-09T18:00:53+00:00\",\"description\":\"CIUDAD DE M\u00c9XICO. MX. \u2014 Edoardo Triay, director general de Grupo Libera, asegur\u00f3 que la construcci\u00f3n del Tren Maya, la edificaci\u00f3n de una planta de ciclo En Sonora en Equipo publicamos toda la informaci\u00f3n de Sonora, M\u00e9xico y el Mundo de manera oportuna y busca que la libertad de expresi\u00f3n sea real. Visita nuestro medio informativo publicado desde Hermosillo, Sonora. %\",\"breadcrumb\":{\"@id\":\"https:\/\/www.sonoraenequipo.com.mx\/destacan-impacto-positivo-del-tren-maya-en-industrias-de-yucatan\/#breadcrumb\"},\"inLanguage\":\"es\",\"potentialAction\":[{\"@type\":\"ReadAction\",\"target\":[\"https:\/\/www.sonoraenequipo.com.mx\/destacan-impacto-positivo-del-tren-maya-en-industrias-de-yucatan\/\"]}]},{\"@type\":\"ImageObject\",\"inLanguage\":\"es\",\"@id\":\"https:\/\/www.sonoraenequipo.com.mx\/destacan-impacto-positivo-del-tren-maya-en-industrias-de-yucatan\/#primaryimage\",\"url\":\"https:\/\/www.sonoraenequipo.com.mx\/storage\/2024\/02\/Destacan-impacto-positivo-del-Tren-Maya-en-industrias-de-Yucatan-min.jpg\",\"contentUrl\":\"https:\/\/www.sonoraenequipo.com.mx\/storage\/2024\/02\/Destacan-impacto-positivo-del-Tren-Maya-en-industrias-de-Yucatan-min.jpg\",\"width\":1200,\"height\":627},{\"@type\":\"BreadcrumbList\",\"@id\":\"https:\/\/www.sonoraenequipo.com.mx\/destacan-impacto-positivo-del-tren-maya-en-industrias-de-yucatan\/#breadcrumb\",\"itemListElement\":[{\"@type\":\"ListItem\",\"position\":1,\"name\":\"Portada\",\"item\":\"https:\/\/www.sonoraenequipo.com.mx\/\"},{\"@type\":\"ListItem\",\"position\":2,\"name\":\"Destacan impacto positivo del Tren Maya en industrias de Yucat\u00e1n\"}]},{\"@type\":\"WebSite\",\"@id\":\"https:\/\/www.sonoraenequipo.com.mx\/#website\",\"url\":\"https:\/\/www.sonoraenequipo.com.mx\/\",\"name\":\"Sonora en Equipo.\",\"description\":\"Diario en l\u00ednea con Noticias desde Hermosillo, Sonora\",\"publisher\":{\"@id\":\"https:\/\/www.sonoraenequipo.com.mx\/#organization\"},\"potentialAction\":[{\"@type\":\"SearchAction\",\"target\":{\"@type\":\"EntryPoint\",\"urlTemplate\":\"https:\/\/www.sonoraenequipo.com.mx\/?s={search_term_string}\"},\"query-input\":{\"@type\":\"PropertyValueSpecification\",\"valueRequired\":true,\"valueName\":\"search_term_string\"}}],\"inLanguage\":\"es\"},{\"@type\":\"Organization\",\"@id\":\"https:\/\/www.sonoraenequipo.com.mx\/#organization\",\"name\":\"Sonoraenequipo.com.mx\",\"url\":\"https:\/\/www.sonoraenequipo.com.mx\/\",\"logo\":{\"@type\":\"ImageObject\",\"inLanguage\":\"es\",\"@id\":\"https:\/\/www.sonoraenequipo.com.mx\/#\/schema\/logo\/image\/\",\"url\":\"https:\/\/www.sonoraenequipo.com.mx\/storage\/2019\/01\/sonoraenequipo_opt.png\",\"contentUrl\":\"https:\/\/www.sonoraenequipo.com.mx\/storage\/2019\/01\/sonoraenequipo_opt.png\",\"width\":375,\"height\":125,\"caption\":\"Sonoraenequipo.com.mx\"},\"image\":{\"@id\":\"https:\/\/www.sonoraenequipo.com.mx\/#\/schema\/logo\/image\/\"},\"sameAs\":[\"https:\/\/www.facebook.com\/SonoraEE\/\",\"https:\/\/x.com\/sonoraenequipo\",\"https:\/\/www.youtube.com\/channel\/UC338nW-lPEYmJQs4ZABQ1SQ\"]},{\"@type\":\"Person\",\"@id\":\"https:\/\/www.sonoraenequipo.com.mx\/#\/schema\/person\/50102df0fb23a8fa9e8effad8fa81386\",\"name\":\"enequipo\",\"image\":{\"@type\":\"ImageObject\",\"inLanguage\":\"es\",\"@id\":\"https:\/\/www.sonoraenequipo.com.mx\/#\/schema\/person\/image\/\",\"url\":\"https:\/\/secure.gravatar.com\/avatar\/049821681b589dabc0bc20695993ccebb09f5b5d4d790cd9251b97faac7c652b?s=96&d=blank&r=g\",\"contentUrl\":\"https:\/\/secure.gravatar.com\/avatar\/049821681b589dabc0bc20695993ccebb09f5b5d4d790cd9251b97faac7c652b?s=96&d=blank&r=g\",\"caption\":\"enequipo\"},\"sameAs\":[\"https:\/\/www.facebook.com\/SonoraEE\"]}]}<\/script>\n ","yoast_head_json":{"title":"Sonora en Equipo. Destacan impacto positivo del Tren Maya en industrias de Yucat\u00e1n","description":"CIUDAD DE M\u00c9XICO. MX. \u2014 Edoardo Triay, director general de Grupo Libera, asegur\u00f3 que la construcci\u00f3n del Tren Maya, la edificaci\u00f3n de una planta de ciclo En Sonora en Equipo publicamos toda la informaci\u00f3n de Sonora, M\u00e9xico y el Mundo de manera oportuna y busca que la libertad de expresi\u00f3n sea real. Visita nuestro medio informativo publicado desde Hermosillo, Sonora. %","robots":{"index":"index","follow":"follow","max-snippet":"max-snippet:-1","max-image-preview":"max-image-preview:large","max-video-preview":"max-video-preview:-1"},"canonical":"https:\/\/www.sonoraenequipo.com.mx\/destacan-impacto-positivo-del-tren-maya-en-industrias-de-yucatan\/","og_locale":"es_ES","og_type":"article","og_title":"Sonora en Equipo. Destacan impacto positivo del Tren Maya en industrias de Yucat\u00e1n","og_description":"CIUDAD DE M\u00c9XICO. MX. \u2014 Edoardo Triay, director general de Grupo Libera, asegur\u00f3 que la construcci\u00f3n del Tren Maya, la edificaci\u00f3n de una planta de ciclo En Sonora en Equipo publicamos toda la informaci\u00f3n de Sonora, M\u00e9xico y el Mundo de manera oportuna y busca que la libertad de expresi\u00f3n sea real. Visita nuestro medio informativo publicado desde Hermosillo, Sonora. %","og_url":"https:\/\/www.sonoraenequipo.com.mx\/destacan-impacto-positivo-del-tren-maya-en-industrias-de-yucatan\/","og_site_name":"Sonora en Equipo.","article_publisher":"https:\/\/www.facebook.com\/SonoraEE\/","article_author":"https:\/\/www.facebook.com\/SonoraEE","article_published_time":"2024-02-08T19:00:35+00:00","article_modified_time":"2024-02-09T18:00:53+00:00","og_image":[{"width":1200,"height":627,"url":"https:\/\/www.sonoraenequipo.com.mx\/storage\/2024\/02\/Destacan-impacto-positivo-del-Tren-Maya-en-industrias-de-Yucatan-min.jpg","type":"image\/jpeg"}],"author":"enequipo","twitter_card":"summary_large_image","twitter_creator":"@sonoraenequipo","twitter_site":"@sonoraenequipo","twitter_misc":{"Escrito por":"enequipo","Tiempo de lectura":"2 minutos"},"schema":{"@context":"https:\/\/schema.org","@graph":[{"@type":"Article","@id":"https:\/\/www.sonoraenequipo.com.mx\/destacan-impacto-positivo-del-tren-maya-en-industrias-de-yucatan\/#article","isPartOf":{"@id":"https:\/\/www.sonoraenequipo.com.mx\/destacan-impacto-positivo-del-tren-maya-en-industrias-de-yucatan\/"},"author":{"name":"enequipo","@id":"https:\/\/www.sonoraenequipo.com.mx\/#\/schema\/person\/50102df0fb23a8fa9e8effad8fa81386"},"headline":"Destacan impacto positivo del Tren Maya en industrias de Yucat\u00e1n","datePublished":"2024-02-08T19:00:35+00:00","dateModified":"2024-02-09T18:00:53+00:00","mainEntityOfPage":{"@id":"https:\/\/www.sonoraenequipo.com.mx\/destacan-impacto-positivo-del-tren-maya-en-industrias-de-yucatan\/"},"wordCount":399,"commentCount":0,"publisher":{"@id":"https:\/\/www.sonoraenequipo.com.mx\/#organization"},"image":{"@id":"https:\/\/www.sonoraenequipo.com.mx\/destacan-impacto-positivo-del-tren-maya-en-industrias-de-yucatan\/#primaryimage"},"thumbnailUrl":"https:\/\/www.sonoraenequipo.com.mx\/storage\/2024\/02\/Destacan-impacto-positivo-del-Tren-Maya-en-industrias-de-Yucatan-min.jpg","articleSection":["Sin categorizar"],"inLanguage":"es","potentialAction":[{"@type":"CommentAction","name":"Comment","target":["https:\/\/www.sonoraenequipo.com.mx\/destacan-impacto-positivo-del-tren-maya-en-industrias-de-yucatan\/#respond"]}]},{"@type":"WebPage","@id":"https:\/\/www.sonoraenequipo.com.mx\/destacan-impacto-positivo-del-tren-maya-en-industrias-de-yucatan\/","url":"https:\/\/www.sonoraenequipo.com.mx\/destacan-impacto-positivo-del-tren-maya-en-industrias-de-yucatan\/","name":"Sonora en Equipo. Destacan impacto positivo del Tren Maya en industrias de Yucat\u00e1n","isPartOf":{"@id":"https:\/\/www.sonoraenequipo.com.mx\/#website"},"primaryImageOfPage":{"@id":"https:\/\/www.sonoraenequipo.com.mx\/destacan-impacto-positivo-del-tren-maya-en-industrias-de-yucatan\/#primaryimage"},"image":{"@id":"https:\/\/www.sonoraenequipo.com.mx\/destacan-impacto-positivo-del-tren-maya-en-industrias-de-yucatan\/#primaryimage"},"thumbnailUrl":"https:\/\/www.sonoraenequipo.com.mx\/storage\/2024\/02\/Destacan-impacto-positivo-del-Tren-Maya-en-industrias-de-Yucatan-min.jpg","datePublished":"2024-02-08T19:00:35+00:00","dateModified":"2024-02-09T18:00:53+00:00","description":"CIUDAD DE M\u00c9XICO. MX. \u2014 Edoardo Triay, director general de Grupo Libera, asegur\u00f3 que la construcci\u00f3n del Tren Maya, la edificaci\u00f3n de una planta de ciclo En Sonora en Equipo publicamos toda la informaci\u00f3n de Sonora, M\u00e9xico y el Mundo de manera oportuna y busca que la libertad de expresi\u00f3n sea real. Visita nuestro medio informativo publicado desde Hermosillo, Sonora. %","breadcrumb":{"@id":"https:\/\/www.sonoraenequipo.com.mx\/destacan-impacto-positivo-del-tren-maya-en-industrias-de-yucatan\/#breadcrumb"},"inLanguage":"es","potentialAction":[{"@type":"ReadAction","target":["https:\/\/www.sonoraenequipo.com.mx\/destacan-impacto-positivo-del-tren-maya-en-industrias-de-yucatan\/"]}]},{"@type":"ImageObject","inLanguage":"es","@id":"https:\/\/www.sonoraenequipo.com.mx\/destacan-impacto-positivo-del-tren-maya-en-industrias-de-yucatan\/#primaryimage","url":"https:\/\/www.sonoraenequipo.com.mx\/storage\/2024\/02\/Destacan-impacto-positivo-del-Tren-Maya-en-industrias-de-Yucatan-min.jpg","contentUrl":"https:\/\/www.sonoraenequipo.com.mx\/storage\/2024\/02\/Destacan-impacto-positivo-del-Tren-Maya-en-industrias-de-Yucatan-min.jpg","width":1200,"height":627},{"@type":"BreadcrumbList","@id":"https:\/\/www.sonoraenequipo.com.mx\/destacan-impacto-positivo-del-tren-maya-en-industrias-de-yucatan\/#breadcrumb","itemListElement":[{"@type":"ListItem","position":1,"name":"Portada","item":"https:\/\/www.sonoraenequipo.com.mx\/"},{"@type":"ListItem","position":2,"name":"Destacan impacto positivo del Tren Maya en industrias de Yucat\u00e1n"}]},{"@type":"WebSite","@id":"https:\/\/www.sonoraenequipo.com.mx\/#website","url":"https:\/\/www.sonoraenequipo.com.mx\/","name":"Sonora en Equipo.","description":"Diario en l\u00ednea con Noticias desde Hermosillo, Sonora","publisher":{"@id":"https:\/\/www.sonoraenequipo.com.mx\/#organization"},"potentialAction":[{"@type":"SearchAction","target":{"@type":"EntryPoint","urlTemplate":"https:\/\/www.sonoraenequipo.com.mx\/?s={search_term_string}"},"query-input":{"@type":"PropertyValueSpecification","valueRequired":true,"valueName":"search_term_string"}}],"inLanguage":"es"},{"@type":"Organization","@id":"https:\/\/www.sonoraenequipo.com.mx\/#organization","name":"Sonoraenequipo.com.mx","url":"https:\/\/www.sonoraenequipo.com.mx\/","logo":{"@type":"ImageObject","inLanguage":"es","@id":"https:\/\/www.sonoraenequipo.com.mx\/#\/schema\/logo\/image\/","url":"https:\/\/www.sonoraenequipo.com.mx\/storage\/2019\/01\/sonoraenequipo_opt.png","contentUrl":"https:\/\/www.sonoraenequipo.com.mx\/storage\/2019\/01\/sonoraenequipo_opt.png","width":375,"height":125,"caption":"Sonoraenequipo.com.mx"},"image":{"@id":"https:\/\/www.sonoraenequipo.com.mx\/#\/schema\/logo\/image\/"},"sameAs":["https:\/\/www.facebook.com\/SonoraEE\/","https:\/\/x.com\/sonoraenequipo","https:\/\/www.youtube.com\/channel\/UC338nW-lPEYmJQs4ZABQ1SQ"]},{"@type":"Person","@id":"https:\/\/www.sonoraenequipo.com.mx\/#\/schema\/person\/50102df0fb23a8fa9e8effad8fa81386","name":"enequipo","image":{"@type":"ImageObject","inLanguage":"es","@id":"https:\/\/www.sonoraenequipo.com.mx\/#\/schema\/person\/image\/","url":"https:\/\/secure.gravatar.com\/avatar\/049821681b589dabc0bc20695993ccebb09f5b5d4d790cd9251b97faac7c652b?s=96&d=blank&r=g","contentUrl":"https:\/\/secure.gravatar.com\/avatar\/049821681b589dabc0bc20695993ccebb09f5b5d4d790cd9251b97faac7c652b?s=96&d=blank&r=g","caption":"enequipo"},"sameAs":["https:\/\/www.facebook.com\/SonoraEE"]}]}},"jetpack_featured_media_url":"https:\/\/www.sonoraenequipo.com.mx\/storage\/2024\/02\/Destacan-impacto-positivo-del-Tren-Maya-en-industrias-de-Yucatan-min.jpg","_links":{"self":[{"href":"https:\/\/www.sonoraenequipo.com.mx\/api\/wp\/v2\/posts\/183038","targetHints":{"allow":["GET"]}}],"collection":[{"href":"https:\/\/www.sonoraenequipo.com.mx\/api\/wp\/v2\/posts"}],"about":[{"href":"https:\/\/www.sonoraenequipo.com.mx\/api\/wp\/v2\/types\/post"}],"author":[{"embeddable":true,"href":"https:\/\/www.sonoraenequipo.com.mx\/api\/wp\/v2\/users\/1"}],"replies":[{"embeddable":true,"href":"https:\/\/www.sonoraenequipo.com.mx\/api\/wp\/v2\/comments?post=183038"}],"version-history":[{"count":2,"href":"https:\/\/www.sonoraenequipo.com.mx\/api\/wp\/v2\/posts\/183038\/revisions"}],"predecessor-version":[{"id":183043,"href":"https:\/\/www.sonoraenequipo.com.mx\/api\/wp\/v2\/posts\/183038\/revisions\/183043"}],"wp:featuredmedia":[{"embeddable":true,"href":"https:\/\/www.sonoraenequipo.com.mx\/api\/wp\/v2\/media\/183040"}],"wp:attachment":[{"href":"https:\/\/www.sonoraenequipo.com.mx\/api\/wp\/v2\/media?parent=183038"}],"wp:term":[{"taxonomy":"category","embeddable":true,"href":"https:\/\/www.sonoraenequipo.com.mx\/api\/wp\/v2\/categories?post=183038"},{"taxonomy":"post_tag","embeddable":true,"href":"https:\/\/www.sonoraenequipo.com.mx\/api\/wp\/v2\/tags?post=183038"}],"curies":[{"name":"wp","href":"https:\/\/api.w.org\/{rel}","templated":true}]}}