{"id":183546,"date":"2024-02-18T17:45:35","date_gmt":"2024-02-19T00:45:35","guid":{"rendered":"https:\/\/www.sonoraenequipo.com.mx\/?p=183546"},"modified":"2024-02-18T22:08:36","modified_gmt":"2024-02-19T05:08:36","slug":"recibe-ine-solicitud-de-registro-de-candidatura-presidencial-de-la-coalicion-sigamos-haciendo-historia","status":"publish","type":"post","link":"https:\/\/www.sonoraenequipo.com.mx\/recibe-ine-solicitud-de-registro-de-candidatura-presidencial-de-la-coalicion-sigamos-haciendo-historia\/","title":{"rendered":"Recibe INE solicitud de registro de candidatura presidencial de la coalici\u00f3n \u00abSigamos Haciendo Historia\u00bb"},"content":{"rendered":"<p><strong>CIUDAD DE&nbsp;<\/strong><b>M\u00c9XICO.MX. \u2014<\/b>&nbsp;En el marco del Proceso Electoral Federal (PEF) 2023-2024, el Instituto Nacional Electoral (INE) recibi\u00f3 la solicitud de registro como candidata a la Presidencia de la Rep\u00fablica de la coalici\u00f3n \u201cSigamos Haciendo Historia\u201d, integrada por Morena, el Partido Verde Ecologista de M\u00e9xico (PVEM) y el Partido del Trabajo (PT), de Claudia Sheinbaum Pardo.<\/p>\n<p>&nbsp;<\/p>\n<p> <\/p>\n<p>&nbsp;<\/p>\n<p>En el evento protocolario de solicitud de registro de la candidatura, la consejera presidenta del INE, Guadalupe Taddei Zavala, comprometi\u00f3 que el INE fungir\u00e1 como un \u00e1rbitro electoral ciudadano e imparcial que garantizar\u00e1 el mandato de organizar las elecciones, cumpliendo los principios rectores de la funci\u00f3n electoral con el m\u00e1s alto sentido de responsabilidad y de amor por M\u00e9xico.<\/p>\n<p>&nbsp;<\/p>\n<p>&nbsp;<\/p>\n<p>Llam\u00f3 -con respeto, pero con firmeza- a las y los actores pol\u00edticos a ce\u00f1irse al marco de la Constituci\u00f3n y a la observancia estricta de las reglas electorales. \u201cEs el respeto a la ley la mejor manera de convocar a la ciudadan\u00eda para que salga a votar\u201d, reiter\u00f3.<\/p>\n<p>&nbsp;<\/p>\n<p>&nbsp;<\/p>\n<p>Guadalupe Taddei mencion\u00f3 que las reglas de la competencia electoral permitir\u00e1n al INE asegurar con total transparencia que la voluntad de todas las mexicanas y los mexicanos cuenta siempre por igual en todas las regiones del pa\u00eds, as\u00ed como en el extranjero.<\/p>\n<p>&nbsp;<\/p>\n<p>&nbsp;<\/p>\n<p><em><strong>\u201cPara lograr la integridad de nuestro proceso democr\u00e1tico, hoy en d\u00eda millones de mexicanas y mexicanos est\u00e1n siendo convocados en sus hogares a sumarse a la organizaci\u00f3n de estas elecciones\u201d,<\/strong><\/em> subray\u00f3.<\/p>\n<p>&nbsp;<\/p>\n<p>&nbsp;<\/p>\n<p>Explic\u00f3 que, a 104 d\u00edas de la Jornada Electoral, el registro de las candidaturas a la Presidencia de la Rep\u00fablica se enmarca en la etapa de preparaci\u00f3n de la elecci\u00f3n y, en su esencia, \u201c<em><strong>consagra la m\u00e1xima expresi\u00f3n del derecho fundamental de la ciudadan\u00eda para contender en una elecci\u00f3n al m\u00e1s alto cargo de la Rep\u00fablica\u201d.<\/strong><\/em><\/p>\n<p>&nbsp;<\/p>\n<p>&nbsp;<\/p>\n<p>Este derecho consagrado en la Carta Magna enfatiz\u00f3, se ha forjado con la suma de esfuerzos y luchas ciudadanas \u201c<strong><em>que han delineado nuestras instituciones jur\u00eddicas y dan cuenta del dinamismo de las transiciones democr\u00e1ticas\u201d.<\/em><\/strong><\/p>\n<blockquote class=\"twitter-tweet\" data-width=\"550\" data-dnt=\"true\">\n<p lang=\"es\" dir=\"ltr\">Nuestro movimiento defiende la democracia como el gobierno del pueblo para el pueblo y por el pueblo, as\u00ed como la participaci\u00f3n activa de la sociedad. <a href=\"https:\/\/t.co\/RYSf8wn1Un\">pic.twitter.com\/RYSf8wn1Un<\/a><\/p>\n<p>&mdash; Claudia Sheinbaum Pardo (@Claudiashein) <a href=\"https:\/\/twitter.com\/Claudiashein\/status\/1759348737103581559?ref_src=twsrc%5Etfw\">February 18, 2024<\/a><\/p><\/blockquote>\n<p><script async src=\"https:\/\/platform.twitter.com\/widgets.js\" charset=\"utf-8\"><\/script><\/p>\n<p>&nbsp;<\/p>\n<p>La consejera presidenta precis\u00f3 que luego del proceso de recepci\u00f3n de solicitudes de candidaturas a la Presidencia de la Rep\u00fablica por todas las fuerzas pol\u00edticas -en los plazos se\u00f1alados por la ley- y una vez revisadas y aprobadas por el Consejo General, se dar\u00e1 paso a las campa\u00f1as electorales que abrir\u00e1n los espacios de interacci\u00f3n y di\u00e1logo con la ciudadan\u00eda.<\/p>\n<p>&nbsp;<\/p>\n<p>&nbsp;<\/p>\n<p>Cabe mencionar que el plazo de registro de candidaturas federales vence el pr\u00f3ximo 22 de febrero y, de acuerdo con la Ley General de Instituciones y Procedimientos Electorales (LGIPE), una vez recibidas las solicitudes, se verificar\u00e1 dentro de los tres d\u00edas siguientes que se cumpli\u00f3 con todos los requisitos.<\/p>\n<p>&nbsp;<\/p>\n<p>&nbsp;<\/p>\n<p>En el evento estuvieron presentes las consejeras y los consejeros del INE, con excepci\u00f3n del Consejero Mart\u00edn Faz Mora, quien se encuentra en una misi\u00f3n de observaci\u00f3n electoral en Rep\u00fablica Dominicana, a invitaci\u00f3n de la Uni\u00f3n Interamericana de Organismos Electorales (UNIORE).<\/p>\n<p>&nbsp;<\/p>\n<p>&nbsp;<\/p>\n<p>Por parte de la coalici\u00f3n \u201cSigamos Haciendo Historia\u201d, asistieron al acto protocolario el presidente del Comit\u00e9 Ejecutivo Nacional de Morena, Mario Delgado Carrillo; la dirigente nacional y Consejera del Poder Legislativo del PVEM ante el Consejo General del INE, Karen Castrej\u00f3n Trujillo; el coordinador nacional del PT, Alberto Anaya Guti\u00e9rrez y la secretaria general de Morena, Citlalli Hern\u00e1ndez Mora.<\/p>\n<p>&nbsp;<\/p>\n<p>&nbsp;<\/p>\n<p>Adem\u00e1s, la Encargada del Despacho de la Secretar\u00eda Ejecutiva del INE, Claudia Edith Su\u00e1rez Ojeda; la Encargada del Despacho de la Direcci\u00f3n Ejecutiva de Prerrogativas y Partidos Pol\u00edticos, Guadalupe Yessica Alarc\u00f3n G\u00f3ngora y el Encargado del Despacho de la Direcci\u00f3n Jur\u00eddica, Juan Manuel V\u00e1zquez Barajas.<\/p>\n<p>&nbsp;<\/p>\n<p>&nbsp;<\/p>\n<p>Despu\u00e9s de 200 a\u00f1os, una mujer transformadora llegar\u00e1 a la presidencia: Sheinbaum<\/p>\n<p>&nbsp;<\/p>\n<p>La dirigente de izquierda Claudia Sheinbaum dijo que su candidatura es un \u00abs\u00edmbolo\u00bb de que M\u00e9xico est\u00e1 dejando atr\u00e1s la cultura machista, al inscribirse formalmente este domingo para la carrera presidencial.<\/p>\n<blockquote class=\"twitter-tweet\" data-width=\"550\" data-dnt=\"true\">\n<p lang=\"es\" dir=\"ltr\">Estos son los principios generales del gobierno que encabezaremos a partir del 1\u00b0 de octubre de 2024. <a href=\"https:\/\/t.co\/QUy7wPFLEd\">pic.twitter.com\/QUy7wPFLEd<\/a><\/p>\n<p>&mdash; Claudia Sheinbaum Pardo (@Claudiashein) <a href=\"https:\/\/twitter.com\/Claudiashein\/status\/1759376063610707996?ref_src=twsrc%5Etfw\">February 19, 2024<\/a><\/p><\/blockquote>\n<p><script async src=\"https:\/\/platform.twitter.com\/widgets.js\" charset=\"utf-8\"><\/script><\/p>\n<p>&nbsp;<\/p>\n<p>&nbsp;<\/p>\n<p>Sheinbaum, de 61 a\u00f1os y favorita para convertirse en la primera mujer presidenta de M\u00e9xico, seg\u00fan varias encuestas, se registr\u00f3 ante el Instituto Nacional Electoral (INE) en compa\u00f1\u00eda de cientos de simpatizantes.<\/p>\n<p>&nbsp;<\/p>\n<p>&nbsp;<\/p>\n<p>Despu\u00e9s de 200 a\u00f1os de la Rep\u00fablica, una mujer transformadora llegar\u00e1 a la presidencia. Eso es un s\u00edmbolo de que estamos dejando atr\u00e1s el M\u00e9xico machista\u00bb, se\u00f1al\u00f3 la aspirante, f\u00edsica y exalcaldesa de Ciudad de M\u00e9xico.<\/p>\n<p>&nbsp;<\/p>\n<p>&nbsp;<\/p>\n<p>S\u00e9 lo que represento para millones de mujeres en M\u00e9xico y el mundo y por ello seguiremos avanzando en la igualdad plena\u00bb, a\u00f1adi\u00f3.<\/p>\n<p>&nbsp;<\/p>\n<p>&nbsp;<\/p>\n<p>Sheinbaum, quien obtuvo la candidatura del partido Morena tras imponerse en varios sondeos, prometi\u00f3 adem\u00e1s independencia y dar continuidad a las pol\u00edticas del presidente Andr\u00e9s Manuel L\u00f3pez Obrador si gana los comicios del pr\u00f3ximo 2 de junio.<\/p>\n<p>&nbsp;<\/p>\n<p>No me someter\u00e9 a ning\u00fan poder econ\u00f3mico, pol\u00edtico o extranjero, siempre defender\u00e9 y trabajar\u00e9 por el inter\u00e9s supremo del pueblo de M\u00e9xico y de la naci\u00f3n\u00bb, sostuvo la aspirante, a quien opositores endilgan una supuesta dependencia del mandatario, cuya popularidad supera el 60%, seg\u00fan estudios de opini\u00f3n.<\/p>\n<p>&nbsp;<\/p>\n<p>Este domingo, decenas de miles de opositores se concentraron en Ciudad de M\u00e9xico para exigir \u00abvoto libre\u00bb y denunciar que L\u00f3pez Obrador maniobra para favorecer a su candidata.<\/p>\n<p>&nbsp;<\/p>\n<p>La exalcaldesa competir\u00e1 por la presidencia con la senadora de ra\u00edces ind\u00edgenas X\u00f3chitl G\u00e1lvez, de 60 a\u00f1os, quien encabeza una coalici\u00f3n conformada por los partidos tradicionales PAN, PRI y PRD, y con el diputado Jorge \u00c1lvarez, del partido Movimiento Ciudadano (centro izquierda).<\/p>\n<p>&nbsp;<\/p>\n<p>&nbsp;<\/p>\n<p>La campa\u00f1a arrancar\u00e1 oficialmente el 1 de marzo.<\/p>\n<p>&nbsp;<\/p>\n<p>&nbsp;<\/p>\n<p>PUBLICADO EL 18 FEBRERO DE 2024\/\/ Con informaci\u00f3n<\/p>\n","protected":false},"excerpt":{"rendered":"<p>CIUDAD DE&nbsp;M\u00c9XICO.MX. \u2014&nbsp;En el marco del Proceso Electoral Federal (PEF) 2023-2024, el Instituto Nacional Electoral&#8230;<\/p>\n","protected":false},"author":1,"featured_media":183547,"comment_status":"open","ping_status":"open","sticky":false,"template":"","format":"standard","meta":{"_monsterinsights_skip_tracking":false,"_monsterinsights_sitenote_active":false,"_monsterinsights_sitenote_note":"","_monsterinsights_sitenote_category":0,"footnotes":""},"categories":[5],"tags":[],"class_list":["post"],"yoast_head":" \n<title>Sonora en Equipo. Recibe INE solicitud de registro de candidatura presidencial de la coalici\u00f3n \u00abSigamos Haciendo Historia\u00bb Rep\u00fablica<\/title>\n<meta name=\"description\" content=\"CIUDAD DE&nbsp;M\u00c9XICO.MX. \u2014&nbsp;En el marco del Proceso Electoral Federal (PEF) 2023-2024, el Instituto Nacional Electoral (INE) recibi\u00f3 la solicitud de En Sonora en Equipo publicamos toda la informaci\u00f3n de Sonora, M\u00e9xico y el Mundo de manera oportuna y busca que la libertad de expresi\u00f3n sea real. Visita nuestro medio informativo publicado desde Hermosillo, Sonora. %\" \/>\n<meta name=\"robots\" content=\"index, follow, max-snippet:-1, max-image-preview:large, max-video-preview:-1\" \/>\n<link rel=\"canonical\" href=\"https:\/\/www.sonoraenequipo.com.mx\/recibe-ine-solicitud-de-registro-de-candidatura-presidencial-de-la-coalicion-sigamos-haciendo-historia\/\" \/>\n<meta property=\"og:locale\" content=\"es_ES\" \/>\n<meta property=\"og:type\" content=\"article\" \/>\n<meta property=\"og:title\" content=\"Sonora en Equipo. Recibe INE solicitud de registro de candidatura presidencial de la coalici\u00f3n \u00abSigamos Haciendo Historia\u00bb Rep\u00fablica\" \/>\n<meta property=\"og:description\" content=\"CIUDAD DE&nbsp;M\u00c9XICO.MX. \u2014&nbsp;En el marco del Proceso Electoral Federal (PEF) 2023-2024, el Instituto Nacional Electoral (INE) recibi\u00f3 la solicitud de En Sonora en Equipo publicamos toda la informaci\u00f3n de Sonora, M\u00e9xico y el Mundo de manera oportuna y busca que la libertad de expresi\u00f3n sea real. Visita nuestro medio informativo publicado desde Hermosillo, Sonora. %\" \/>\n<meta property=\"og:url\" content=\"https:\/\/www.sonoraenequipo.com.mx\/recibe-ine-solicitud-de-registro-de-candidatura-presidencial-de-la-coalicion-sigamos-haciendo-historia\/\" \/>\n<meta property=\"og:site_name\" content=\"Sonora en Equipo.\" \/>\n<meta property=\"article:publisher\" content=\"https:\/\/www.facebook.com\/SonoraEE\/\" \/>\n<meta property=\"article:author\" content=\"https:\/\/www.facebook.com\/SonoraEE\" \/>\n<meta property=\"article:published_time\" content=\"2024-02-19T00:45:35+00:00\" \/>\n<meta property=\"article:modified_time\" content=\"2024-02-19T05:08:36+00:00\" \/>\n<meta property=\"og:image\" content=\"https:\/\/www.sonoraenequipo.com.mx\/storage\/2024\/02\/sheinbaum-ine-min-1.jpeg\" \/>\n\t<meta property=\"og:image:width\" content=\"550\" \/>\n\t<meta property=\"og:image:height\" content=\"368\" \/>\n\t<meta property=\"og:image:type\" content=\"image\/jpeg\" \/>\n<meta name=\"author\" content=\"enequipo\" \/>\n<meta name=\"twitter:card\" content=\"summary_large_image\" \/>\n<meta name=\"twitter:creator\" content=\"@sonoraenequipo\" \/>\n<meta name=\"twitter:site\" content=\"@sonoraenequipo\" \/>\n<meta name=\"twitter:label1\" content=\"Escrito por\" \/>\n\t<meta name=\"twitter:data1\" content=\"enequipo\" \/>\n\t<meta name=\"twitter:label2\" content=\"Tiempo de lectura\" \/>\n\t<meta name=\"twitter:data2\" content=\"5 minutos\" \/>\n<script type=\"application\/ld+json\" class=\"yoast-schema-graph\">{\"@context\":\"https:\/\/schema.org\",\"@graph\":[{\"@type\":\"Article\",\"@id\":\"https:\/\/www.sonoraenequipo.com.mx\/recibe-ine-solicitud-de-registro-de-candidatura-presidencial-de-la-coalicion-sigamos-haciendo-historia\/#article\",\"isPartOf\":{\"@id\":\"https:\/\/www.sonoraenequipo.com.mx\/recibe-ine-solicitud-de-registro-de-candidatura-presidencial-de-la-coalicion-sigamos-haciendo-historia\/\"},\"author\":{\"name\":\"enequipo\",\"@id\":\"https:\/\/www.sonoraenequipo.com.mx\/#\/schema\/person\/50102df0fb23a8fa9e8effad8fa81386\"},\"headline\":\"Recibe INE solicitud de registro de candidatura presidencial de la coalici\u00f3n \u00abSigamos Haciendo Historia\u00bb\",\"datePublished\":\"2024-02-19T00:45:35+00:00\",\"dateModified\":\"2024-02-19T05:08:36+00:00\",\"mainEntityOfPage\":{\"@id\":\"https:\/\/www.sonoraenequipo.com.mx\/recibe-ine-solicitud-de-registro-de-candidatura-presidencial-de-la-coalicion-sigamos-haciendo-historia\/\"},\"wordCount\":1044,\"commentCount\":0,\"publisher\":{\"@id\":\"https:\/\/www.sonoraenequipo.com.mx\/#organization\"},\"image\":{\"@id\":\"https:\/\/www.sonoraenequipo.com.mx\/recibe-ine-solicitud-de-registro-de-candidatura-presidencial-de-la-coalicion-sigamos-haciendo-historia\/#primaryimage\"},\"thumbnailUrl\":\"https:\/\/www.sonoraenequipo.com.mx\/storage\/2024\/02\/sheinbaum-ine-min-1.jpeg\",\"articleSection\":[\"Rep\u00fablica\"],\"inLanguage\":\"es\",\"potentialAction\":[{\"@type\":\"CommentAction\",\"name\":\"Comment\",\"target\":[\"https:\/\/www.sonoraenequipo.com.mx\/recibe-ine-solicitud-de-registro-de-candidatura-presidencial-de-la-coalicion-sigamos-haciendo-historia\/#respond\"]}]},{\"@type\":\"WebPage\",\"@id\":\"https:\/\/www.sonoraenequipo.com.mx\/recibe-ine-solicitud-de-registro-de-candidatura-presidencial-de-la-coalicion-sigamos-haciendo-historia\/\",\"url\":\"https:\/\/www.sonoraenequipo.com.mx\/recibe-ine-solicitud-de-registro-de-candidatura-presidencial-de-la-coalicion-sigamos-haciendo-historia\/\",\"name\":\"Sonora en Equipo. Recibe INE solicitud de registro de candidatura presidencial de la coalici\u00f3n \u00abSigamos Haciendo Historia\u00bb Rep\u00fablica\",\"isPartOf\":{\"@id\":\"https:\/\/www.sonoraenequipo.com.mx\/#website\"},\"primaryImageOfPage\":{\"@id\":\"https:\/\/www.sonoraenequipo.com.mx\/recibe-ine-solicitud-de-registro-de-candidatura-presidencial-de-la-coalicion-sigamos-haciendo-historia\/#primaryimage\"},\"image\":{\"@id\":\"https:\/\/www.sonoraenequipo.com.mx\/recibe-ine-solicitud-de-registro-de-candidatura-presidencial-de-la-coalicion-sigamos-haciendo-historia\/#primaryimage\"},\"thumbnailUrl\":\"https:\/\/www.sonoraenequipo.com.mx\/storage\/2024\/02\/sheinbaum-ine-min-1.jpeg\",\"datePublished\":\"2024-02-19T00:45:35+00:00\",\"dateModified\":\"2024-02-19T05:08:36+00:00\",\"description\":\"CIUDAD DE&nbsp;M\u00c9XICO.MX. \u2014&nbsp;En el marco del Proceso Electoral Federal (PEF) 2023-2024, el Instituto Nacional Electoral (INE) recibi\u00f3 la solicitud de En Sonora en Equipo publicamos toda la informaci\u00f3n de Sonora, M\u00e9xico y el Mundo de manera oportuna y busca que la libertad de expresi\u00f3n sea real. Visita nuestro medio informativo publicado desde Hermosillo, Sonora. %\",\"breadcrumb\":{\"@id\":\"https:\/\/www.sonoraenequipo.com.mx\/recibe-ine-solicitud-de-registro-de-candidatura-presidencial-de-la-coalicion-sigamos-haciendo-historia\/#breadcrumb\"},\"inLanguage\":\"es\",\"potentialAction\":[{\"@type\":\"ReadAction\",\"target\":[\"https:\/\/www.sonoraenequipo.com.mx\/recibe-ine-solicitud-de-registro-de-candidatura-presidencial-de-la-coalicion-sigamos-haciendo-historia\/\"]}]},{\"@type\":\"ImageObject\",\"inLanguage\":\"es\",\"@id\":\"https:\/\/www.sonoraenequipo.com.mx\/recibe-ine-solicitud-de-registro-de-candidatura-presidencial-de-la-coalicion-sigamos-haciendo-historia\/#primaryimage\",\"url\":\"https:\/\/www.sonoraenequipo.com.mx\/storage\/2024\/02\/sheinbaum-ine-min-1.jpeg\",\"contentUrl\":\"https:\/\/www.sonoraenequipo.com.mx\/storage\/2024\/02\/sheinbaum-ine-min-1.jpeg\",\"width\":550,\"height\":368},{\"@type\":\"BreadcrumbList\",\"@id\":\"https:\/\/www.sonoraenequipo.com.mx\/recibe-ine-solicitud-de-registro-de-candidatura-presidencial-de-la-coalicion-sigamos-haciendo-historia\/#breadcrumb\",\"itemListElement\":[{\"@type\":\"ListItem\",\"position\":1,\"name\":\"Portada\",\"item\":\"https:\/\/www.sonoraenequipo.com.mx\/\"},{\"@type\":\"ListItem\",\"position\":2,\"name\":\"Recibe INE solicitud de registro de candidatura presidencial de la coalici\u00f3n \u00abSigamos Haciendo Historia\u00bb\"}]},{\"@type\":\"WebSite\",\"@id\":\"https:\/\/www.sonoraenequipo.com.mx\/#website\",\"url\":\"https:\/\/www.sonoraenequipo.com.mx\/\",\"name\":\"Sonora en Equipo.\",\"description\":\"Diario en l\u00ednea con Noticias desde Hermosillo, Sonora\",\"publisher\":{\"@id\":\"https:\/\/www.sonoraenequipo.com.mx\/#organization\"},\"potentialAction\":[{\"@type\":\"SearchAction\",\"target\":{\"@type\":\"EntryPoint\",\"urlTemplate\":\"https:\/\/www.sonoraenequipo.com.mx\/?s={search_term_string}\"},\"query-input\":{\"@type\":\"PropertyValueSpecification\",\"valueRequired\":true,\"valueName\":\"search_term_string\"}}],\"inLanguage\":\"es\"},{\"@type\":\"Organization\",\"@id\":\"https:\/\/www.sonoraenequipo.com.mx\/#organization\",\"name\":\"Sonoraenequipo.com.mx\",\"url\":\"https:\/\/www.sonoraenequipo.com.mx\/\",\"logo\":{\"@type\":\"ImageObject\",\"inLanguage\":\"es\",\"@id\":\"https:\/\/www.sonoraenequipo.com.mx\/#\/schema\/logo\/image\/\",\"url\":\"https:\/\/www.sonoraenequipo.com.mx\/storage\/2019\/01\/sonoraenequipo_opt.png\",\"contentUrl\":\"https:\/\/www.sonoraenequipo.com.mx\/storage\/2019\/01\/sonoraenequipo_opt.png\",\"width\":375,\"height\":125,\"caption\":\"Sonoraenequipo.com.mx\"},\"image\":{\"@id\":\"https:\/\/www.sonoraenequipo.com.mx\/#\/schema\/logo\/image\/\"},\"sameAs\":[\"https:\/\/www.facebook.com\/SonoraEE\/\",\"https:\/\/x.com\/sonoraenequipo\",\"https:\/\/www.youtube.com\/channel\/UC338nW-lPEYmJQs4ZABQ1SQ\"]},{\"@type\":\"Person\",\"@id\":\"https:\/\/www.sonoraenequipo.com.mx\/#\/schema\/person\/50102df0fb23a8fa9e8effad8fa81386\",\"name\":\"enequipo\",\"image\":{\"@type\":\"ImageObject\",\"inLanguage\":\"es\",\"@id\":\"https:\/\/www.sonoraenequipo.com.mx\/#\/schema\/person\/image\/\",\"url\":\"https:\/\/secure.gravatar.com\/avatar\/049821681b589dabc0bc20695993ccebb09f5b5d4d790cd9251b97faac7c652b?s=96&d=blank&r=g\",\"contentUrl\":\"https:\/\/secure.gravatar.com\/avatar\/049821681b589dabc0bc20695993ccebb09f5b5d4d790cd9251b97faac7c652b?s=96&d=blank&r=g\",\"caption\":\"enequipo\"},\"sameAs\":[\"https:\/\/www.facebook.com\/SonoraEE\"]}]}<\/script>\n ","yoast_head_json":{"title":"Sonora en Equipo. Recibe INE solicitud de registro de candidatura presidencial de la coalici\u00f3n \u00abSigamos Haciendo Historia\u00bb Rep\u00fablica","description":"CIUDAD DE&nbsp;M\u00c9XICO.MX. \u2014&nbsp;En el marco del Proceso Electoral Federal (PEF) 2023-2024, el Instituto Nacional Electoral (INE) recibi\u00f3 la solicitud de En Sonora en Equipo publicamos toda la informaci\u00f3n de Sonora, M\u00e9xico y el Mundo de manera oportuna y busca que la libertad de expresi\u00f3n sea real. Visita nuestro medio informativo publicado desde Hermosillo, Sonora. %","robots":{"index":"index","follow":"follow","max-snippet":"max-snippet:-1","max-image-preview":"max-image-preview:large","max-video-preview":"max-video-preview:-1"},"canonical":"https:\/\/www.sonoraenequipo.com.mx\/recibe-ine-solicitud-de-registro-de-candidatura-presidencial-de-la-coalicion-sigamos-haciendo-historia\/","og_locale":"es_ES","og_type":"article","og_title":"Sonora en Equipo. Recibe INE solicitud de registro de candidatura presidencial de la coalici\u00f3n \u00abSigamos Haciendo Historia\u00bb Rep\u00fablica","og_description":"CIUDAD DE&nbsp;M\u00c9XICO.MX. \u2014&nbsp;En el marco del Proceso Electoral Federal (PEF) 2023-2024, el Instituto Nacional Electoral (INE) recibi\u00f3 la solicitud de En Sonora en Equipo publicamos toda la informaci\u00f3n de Sonora, M\u00e9xico y el Mundo de manera oportuna y busca que la libertad de expresi\u00f3n sea real. Visita nuestro medio informativo publicado desde Hermosillo, Sonora. %","og_url":"https:\/\/www.sonoraenequipo.com.mx\/recibe-ine-solicitud-de-registro-de-candidatura-presidencial-de-la-coalicion-sigamos-haciendo-historia\/","og_site_name":"Sonora en Equipo.","article_publisher":"https:\/\/www.facebook.com\/SonoraEE\/","article_author":"https:\/\/www.facebook.com\/SonoraEE","article_published_time":"2024-02-19T00:45:35+00:00","article_modified_time":"2024-02-19T05:08:36+00:00","og_image":[{"width":550,"height":368,"url":"https:\/\/www.sonoraenequipo.com.mx\/storage\/2024\/02\/sheinbaum-ine-min-1.jpeg","type":"image\/jpeg"}],"author":"enequipo","twitter_card":"summary_large_image","twitter_creator":"@sonoraenequipo","twitter_site":"@sonoraenequipo","twitter_misc":{"Escrito por":"enequipo","Tiempo de lectura":"5 minutos"},"schema":{"@context":"https:\/\/schema.org","@graph":[{"@type":"Article","@id":"https:\/\/www.sonoraenequipo.com.mx\/recibe-ine-solicitud-de-registro-de-candidatura-presidencial-de-la-coalicion-sigamos-haciendo-historia\/#article","isPartOf":{"@id":"https:\/\/www.sonoraenequipo.com.mx\/recibe-ine-solicitud-de-registro-de-candidatura-presidencial-de-la-coalicion-sigamos-haciendo-historia\/"},"author":{"name":"enequipo","@id":"https:\/\/www.sonoraenequipo.com.mx\/#\/schema\/person\/50102df0fb23a8fa9e8effad8fa81386"},"headline":"Recibe INE solicitud de registro de candidatura presidencial de la coalici\u00f3n \u00abSigamos Haciendo Historia\u00bb","datePublished":"2024-02-19T00:45:35+00:00","dateModified":"2024-02-19T05:08:36+00:00","mainEntityOfPage":{"@id":"https:\/\/www.sonoraenequipo.com.mx\/recibe-ine-solicitud-de-registro-de-candidatura-presidencial-de-la-coalicion-sigamos-haciendo-historia\/"},"wordCount":1044,"commentCount":0,"publisher":{"@id":"https:\/\/www.sonoraenequipo.com.mx\/#organization"},"image":{"@id":"https:\/\/www.sonoraenequipo.com.mx\/recibe-ine-solicitud-de-registro-de-candidatura-presidencial-de-la-coalicion-sigamos-haciendo-historia\/#primaryimage"},"thumbnailUrl":"https:\/\/www.sonoraenequipo.com.mx\/storage\/2024\/02\/sheinbaum-ine-min-1.jpeg","articleSection":["Rep\u00fablica"],"inLanguage":"es","potentialAction":[{"@type":"CommentAction","name":"Comment","target":["https:\/\/www.sonoraenequipo.com.mx\/recibe-ine-solicitud-de-registro-de-candidatura-presidencial-de-la-coalicion-sigamos-haciendo-historia\/#respond"]}]},{"@type":"WebPage","@id":"https:\/\/www.sonoraenequipo.com.mx\/recibe-ine-solicitud-de-registro-de-candidatura-presidencial-de-la-coalicion-sigamos-haciendo-historia\/","url":"https:\/\/www.sonoraenequipo.com.mx\/recibe-ine-solicitud-de-registro-de-candidatura-presidencial-de-la-coalicion-sigamos-haciendo-historia\/","name":"Sonora en Equipo. Recibe INE solicitud de registro de candidatura presidencial de la coalici\u00f3n \u00abSigamos Haciendo Historia\u00bb Rep\u00fablica","isPartOf":{"@id":"https:\/\/www.sonoraenequipo.com.mx\/#website"},"primaryImageOfPage":{"@id":"https:\/\/www.sonoraenequipo.com.mx\/recibe-ine-solicitud-de-registro-de-candidatura-presidencial-de-la-coalicion-sigamos-haciendo-historia\/#primaryimage"},"image":{"@id":"https:\/\/www.sonoraenequipo.com.mx\/recibe-ine-solicitud-de-registro-de-candidatura-presidencial-de-la-coalicion-sigamos-haciendo-historia\/#primaryimage"},"thumbnailUrl":"https:\/\/www.sonoraenequipo.com.mx\/storage\/2024\/02\/sheinbaum-ine-min-1.jpeg","datePublished":"2024-02-19T00:45:35+00:00","dateModified":"2024-02-19T05:08:36+00:00","description":"CIUDAD DE&nbsp;M\u00c9XICO.MX. \u2014&nbsp;En el marco del Proceso Electoral Federal (PEF) 2023-2024, el Instituto Nacional Electoral (INE) recibi\u00f3 la solicitud de En Sonora en Equipo publicamos toda la informaci\u00f3n de Sonora, M\u00e9xico y el Mundo de manera oportuna y busca que la libertad de expresi\u00f3n sea real. Visita nuestro medio informativo publicado desde Hermosillo, Sonora. %","breadcrumb":{"@id":"https:\/\/www.sonoraenequipo.com.mx\/recibe-ine-solicitud-de-registro-de-candidatura-presidencial-de-la-coalicion-sigamos-haciendo-historia\/#breadcrumb"},"inLanguage":"es","potentialAction":[{"@type":"ReadAction","target":["https:\/\/www.sonoraenequipo.com.mx\/recibe-ine-solicitud-de-registro-de-candidatura-presidencial-de-la-coalicion-sigamos-haciendo-historia\/"]}]},{"@type":"ImageObject","inLanguage":"es","@id":"https:\/\/www.sonoraenequipo.com.mx\/recibe-ine-solicitud-de-registro-de-candidatura-presidencial-de-la-coalicion-sigamos-haciendo-historia\/#primaryimage","url":"https:\/\/www.sonoraenequipo.com.mx\/storage\/2024\/02\/sheinbaum-ine-min-1.jpeg","contentUrl":"https:\/\/www.sonoraenequipo.com.mx\/storage\/2024\/02\/sheinbaum-ine-min-1.jpeg","width":550,"height":368},{"@type":"BreadcrumbList","@id":"https:\/\/www.sonoraenequipo.com.mx\/recibe-ine-solicitud-de-registro-de-candidatura-presidencial-de-la-coalicion-sigamos-haciendo-historia\/#breadcrumb","itemListElement":[{"@type":"ListItem","position":1,"name":"Portada","item":"https:\/\/www.sonoraenequipo.com.mx\/"},{"@type":"ListItem","position":2,"name":"Recibe INE solicitud de registro de candidatura presidencial de la coalici\u00f3n \u00abSigamos Haciendo Historia\u00bb"}]},{"@type":"WebSite","@id":"https:\/\/www.sonoraenequipo.com.mx\/#website","url":"https:\/\/www.sonoraenequipo.com.mx\/","name":"Sonora en Equipo.","description":"Diario en l\u00ednea con Noticias desde Hermosillo, Sonora","publisher":{"@id":"https:\/\/www.sonoraenequipo.com.mx\/#organization"},"potentialAction":[{"@type":"SearchAction","target":{"@type":"EntryPoint","urlTemplate":"https:\/\/www.sonoraenequipo.com.mx\/?s={search_term_string}"},"query-input":{"@type":"PropertyValueSpecification","valueRequired":true,"valueName":"search_term_string"}}],"inLanguage":"es"},{"@type":"Organization","@id":"https:\/\/www.sonoraenequipo.com.mx\/#organization","name":"Sonoraenequipo.com.mx","url":"https:\/\/www.sonoraenequipo.com.mx\/","logo":{"@type":"ImageObject","inLanguage":"es","@id":"https:\/\/www.sonoraenequipo.com.mx\/#\/schema\/logo\/image\/","url":"https:\/\/www.sonoraenequipo.com.mx\/storage\/2019\/01\/sonoraenequipo_opt.png","contentUrl":"https:\/\/www.sonoraenequipo.com.mx\/storage\/2019\/01\/sonoraenequipo_opt.png","width":375,"height":125,"caption":"Sonoraenequipo.com.mx"},"image":{"@id":"https:\/\/www.sonoraenequipo.com.mx\/#\/schema\/logo\/image\/"},"sameAs":["https:\/\/www.facebook.com\/SonoraEE\/","https:\/\/x.com\/sonoraenequipo","https:\/\/www.youtube.com\/channel\/UC338nW-lPEYmJQs4ZABQ1SQ"]},{"@type":"Person","@id":"https:\/\/www.sonoraenequipo.com.mx\/#\/schema\/person\/50102df0fb23a8fa9e8effad8fa81386","name":"enequipo","image":{"@type":"ImageObject","inLanguage":"es","@id":"https:\/\/www.sonoraenequipo.com.mx\/#\/schema\/person\/image\/","url":"https:\/\/secure.gravatar.com\/avatar\/049821681b589dabc0bc20695993ccebb09f5b5d4d790cd9251b97faac7c652b?s=96&d=blank&r=g","contentUrl":"https:\/\/secure.gravatar.com\/avatar\/049821681b589dabc0bc20695993ccebb09f5b5d4d790cd9251b97faac7c652b?s=96&d=blank&r=g","caption":"enequipo"},"sameAs":["https:\/\/www.facebook.com\/SonoraEE"]}]}},"jetpack_featured_media_url":"https:\/\/www.sonoraenequipo.com.mx\/storage\/2024\/02\/sheinbaum-ine-min-1.jpeg","_links":{"self":[{"href":"https:\/\/www.sonoraenequipo.com.mx\/api\/wp\/v2\/posts\/183546","targetHints":{"allow":["GET"]}}],"collection":[{"href":"https:\/\/www.sonoraenequipo.com.mx\/api\/wp\/v2\/posts"}],"about":[{"href":"https:\/\/www.sonoraenequipo.com.mx\/api\/wp\/v2\/types\/post"}],"author":[{"embeddable":true,"href":"https:\/\/www.sonoraenequipo.com.mx\/api\/wp\/v2\/users\/1"}],"replies":[{"embeddable":true,"href":"https:\/\/www.sonoraenequipo.com.mx\/api\/wp\/v2\/comments?post=183546"}],"version-history":[{"count":2,"href":"https:\/\/www.sonoraenequipo.com.mx\/api\/wp\/v2\/posts\/183546\/revisions"}],"predecessor-version":[{"id":183549,"href":"https:\/\/www.sonoraenequipo.com.mx\/api\/wp\/v2\/posts\/183546\/revisions\/183549"}],"wp:featuredmedia":[{"embeddable":true,"href":"https:\/\/www.sonoraenequipo.com.mx\/api\/wp\/v2\/media\/183547"}],"wp:attachment":[{"href":"https:\/\/www.sonoraenequipo.com.mx\/api\/wp\/v2\/media?parent=183546"}],"wp:term":[{"taxonomy":"category","embeddable":true,"href":"https:\/\/www.sonoraenequipo.com.mx\/api\/wp\/v2\/categories?post=183546"},{"taxonomy":"post_tag","embeddable":true,"href":"https:\/\/www.sonoraenequipo.com.mx\/api\/wp\/v2\/tags?post=183546"}],"curies":[{"name":"wp","href":"https:\/\/api.w.org\/{rel}","templated":true}]}}