{"id":183605,"date":"2024-02-19T09:21:00","date_gmt":"2024-02-19T16:21:00","guid":{"rendered":"https:\/\/www.sonoraenequipo.com.mx\/?p=183605"},"modified":"2024-02-19T15:46:15","modified_gmt":"2024-02-19T22:46:15","slug":"los-15-principios-de-gobierno-de-claudia-sheinbaum","status":"publish","type":"post","link":"https:\/\/www.sonoraenequipo.com.mx\/los-15-principios-de-gobierno-de-claudia-sheinbaum\/","title":{"rendered":"Los \u201815 principios de gobierno\u2019 de Claudia Sheinbaum"},"content":{"rendered":"<p><strong>CIUDAD DE M\u00c9XICO. MX. \u2014<\/strong> Claudia Sheinbaum Pardo formaliz\u00f3 su candidatura para la presidencia de M\u00e9xico al presentar su registro ante el Instituto Nacional Electoral (INE). La pol\u00edtica, con el respaldo de la coalici\u00f3n Sigamos Haciendo Historia, compuesta por Morena, el Partido Verde Ecologista de M\u00e9xico y el Partido del Trabajo, prepara su campa\u00f1a que iniciar\u00e1 el 1 de marzo con un evento en el Z\u00f3calo de la Ciudad de M\u00e9xico.<\/p>\n<p>&nbsp;<\/p>\n<p> <\/p>\n<p>&nbsp;<\/p>\n<p>El acto de registro, que tuvo lugar en las instalaciones del INE situadas en Perif\u00e9rico, marca el comienzo oficial de los esfuerzos de Sheinbaum para asegurar la presidencia. Durante el evento, expres\u00f3 su entusiasmo por comenzar su campa\u00f1a pol\u00edtica, indicando que se siente preparada para demostrar su valor frente a sus contrincantes. Este momento es crucial, ya que marca el inicio de casi cuatro meses de campa\u00f1a antes de las elecciones del 2 de junio.<\/p>\n<p>&nbsp;<\/p>\n<p>Claudia Sheinbaum resalt\u00f3 la importancia de este primer evento de campa\u00f1a en el Z\u00f3calo, anticip\u00e1ndose como una manifestaci\u00f3n de fuerza y apoyo popular hacia su candidatura. Al unirse bajo la bandera de <em><strong>\u201cSigamos Haciendo Historia\u201d,<\/strong><\/em> la candidata presidencial y su coalici\u00f3n buscan mantener el impulso pol\u00edtico que ha caracterizado a esta alianza en los \u00faltimos a\u00f1os.<\/p>\n<p>&nbsp;<\/p>\n<h3>Los 15 principios de gobierno de Claudia Sheinbaum<\/h3>\n<p>&nbsp;<\/p>\n<p>Durante su inscripci\u00f3n como candidata a la presidencia de M\u00e9xico por parte de la coalici\u00f3n <em>\u201cSigamos Haciendo Historia\u201d,<\/em> Claudia Sheinbaum detall\u00f3 una serie de propuestas que marcar\u00edan la direcci\u00f3n de su gobierno en caso de ser electa en los comicios del 2 de junio de 2024. Denominadas por la exjefa de gobierno de la Ciudad de M\u00e9xico (CDMX) como los<em><strong> \u201cprincipios generales del gobierno\u201d,<\/strong><\/em> estas propuestas apuntan hacia la continuidad de un proyecto que busca profundizar cambios en la naci\u00f3n:<\/p>\n<p>&nbsp;<\/p>\n<p><strong>Un gobierno honesto y sin influyent\u00edsimo ni corrupci\u00f3n.<\/strong><\/p>\n<p><strong>Mantendr\u00e9 la divisi\u00f3n entre el poder econ\u00f3mico y pol\u00edtico.<\/strong><\/p>\n<p><strong>Haremos un gobierno austero con disciplina fiscal.<\/strong><\/p>\n<p><strong>Garantizaremos libertades de expresi\u00f3n, de reuni\u00f3n, de concentraci\u00f3n y movilizaci\u00f3n sin usar fuerza del estado para reprimir.<\/strong><\/p>\n<p><strong>Respetaremos y haremos respetar la libertad pol\u00edtica, social y sexual.<\/strong><\/p>\n<p><strong>Igualdad sustantiva de las mujeres ser\u00e1 garantizada.<\/strong><\/p>\n<p><strong>Dedicaremos el presupuesto p\u00fablico para garantizar programas de justicia y programas sociales.<\/strong><\/p>\n<p><strong>Promover el desarrollo cient\u00edfico y tecnol\u00f3gico.<\/strong><\/p>\n<p><strong>Promover\u00e9 derechos culturales<\/strong><\/p>\n<p><strong>Seguir\u00e1 con trenes y otros proyectos.<\/strong><\/p>\n<p><strong>Cuidara la soberan\u00eda energ\u00e9tica con Pemex y CFE<\/strong><\/p>\n<p><strong>Protecci\u00f3n de medio ambiente y recursos naturales para las pr\u00f3ximas generaciones.<\/strong><\/p>\n<p><strong>Promover\u00e1 soberan\u00eda alimentaria y no se sembrar\u00e1 ma\u00edz transg\u00e9nico.<\/strong><\/p>\n<p><strong>Facilitara la inversi\u00f3n privada y extranjera.<\/strong><\/p>\n<p><strong>Se profundizar\u00e1 la estrategia de seguridad y logros alcanzados.<\/strong><\/p>\n<p>&nbsp;<\/p>\n<p>Estos compromisos responden a m\u00faltiples aspectos de la sociedad y el medio ambiente. Adem\u00e1s tienen un enfoque inclusivo y sostenible en la administraci\u00f3n. Con implicaciones significativas para la justicia social, el desarrollo econ\u00f3mico y la preservaci\u00f3n ambiental, estas pol\u00edticas intentan mejorar la calidad de vida de la ciudadan\u00eda. A medida que se revelen m\u00e1s detalles y se implementen estas pol\u00edticas, seguir\u00e1n siendo un tema de considerable inter\u00e9s y debate p\u00fablico ante los comicios presidenciales.<\/p>\n<p>&nbsp;<\/p>\n<p>PUBLICADO EL19 DE FEBRERO DE 2024\/ Con informaci\u00f3n de Diego Dur\u00e1n \/ <a href=\"https:\/\/www.infobae.com\/mexico\/2024\/02\/18\/cuales-son-los-15-principios-de-gobierno-de-claudia-sheinbaum-si-se-convierte-en-presidenta\/\"><strong>Infobae)<\/strong><\/a><\/p>\n<p>&nbsp;<\/p>\n<p>&nbsp;<\/p>\n","protected":false},"excerpt":{"rendered":"<p>CIUDAD DE M\u00c9XICO. MX. \u2014 Claudia Sheinbaum Pardo formaliz\u00f3 su candidatura para la presidencia de&#8230;<\/p>\n","protected":false},"author":1,"featured_media":183606,"comment_status":"open","ping_status":"open","sticky":false,"template":"","format":"standard","meta":{"_monsterinsights_skip_tracking":false,"_monsterinsights_sitenote_active":false,"_monsterinsights_sitenote_note":"","_monsterinsights_sitenote_category":0,"footnotes":""},"categories":[5],"tags":[],"class_list":["post"],"yoast_head":" \n<title>Sonora en Equipo. Los \u201815 principios de gobierno\u2019 de Claudia Sheinbaum Rep\u00fablica<\/title>\n<meta name=\"description\" content=\"CIUDAD DE M\u00c9XICO. MX. \u2014 Claudia Sheinbaum Pardo formaliz\u00f3 su candidatura para la presidencia de M\u00e9xico al presentar su registro ante el Instituto Nacional En Sonora en Equipo publicamos toda la informaci\u00f3n de Sonora, M\u00e9xico y el Mundo de manera oportuna y busca que la libertad de expresi\u00f3n sea real. Visita nuestro medio informativo publicado desde Hermosillo, Sonora. %\" \/>\n<meta name=\"robots\" content=\"index, follow, max-snippet:-1, max-image-preview:large, max-video-preview:-1\" \/>\n<link rel=\"canonical\" href=\"https:\/\/www.sonoraenequipo.com.mx\/los-15-principios-de-gobierno-de-claudia-sheinbaum\/\" \/>\n<meta property=\"og:locale\" content=\"es_ES\" \/>\n<meta property=\"og:type\" content=\"article\" \/>\n<meta property=\"og:title\" content=\"Sonora en Equipo. Los \u201815 principios de gobierno\u2019 de Claudia Sheinbaum Rep\u00fablica\" \/>\n<meta property=\"og:description\" content=\"CIUDAD DE M\u00c9XICO. MX. \u2014 Claudia Sheinbaum Pardo formaliz\u00f3 su candidatura para la presidencia de M\u00e9xico al presentar su registro ante el Instituto Nacional En Sonora en Equipo publicamos toda la informaci\u00f3n de Sonora, M\u00e9xico y el Mundo de manera oportuna y busca que la libertad de expresi\u00f3n sea real. Visita nuestro medio informativo publicado desde Hermosillo, Sonora. %\" \/>\n<meta property=\"og:url\" content=\"https:\/\/www.sonoraenequipo.com.mx\/los-15-principios-de-gobierno-de-claudia-sheinbaum\/\" \/>\n<meta property=\"og:site_name\" content=\"Sonora en Equipo.\" \/>\n<meta property=\"article:publisher\" content=\"https:\/\/www.facebook.com\/SonoraEE\/\" \/>\n<meta property=\"article:author\" content=\"https:\/\/www.facebook.com\/SonoraEE\" \/>\n<meta property=\"article:published_time\" content=\"2024-02-19T16:21:00+00:00\" \/>\n<meta property=\"article:modified_time\" content=\"2024-02-19T22:46:15+00:00\" \/>\n<meta property=\"og:image\" content=\"https:\/\/www.sonoraenequipo.com.mx\/storage\/2024\/02\/15-principios-del-proyecto-de-nacion-de-Claudia-Sheinbaum-min.jpg\" \/>\n\t<meta property=\"og:image:width\" content=\"900\" \/>\n\t<meta property=\"og:image:height\" content=\"506\" \/>\n\t<meta property=\"og:image:type\" content=\"image\/jpeg\" \/>\n<meta name=\"author\" content=\"enequipo\" \/>\n<meta name=\"twitter:card\" content=\"summary_large_image\" \/>\n<meta name=\"twitter:creator\" content=\"@sonoraenequipo\" \/>\n<meta name=\"twitter:site\" content=\"@sonoraenequipo\" \/>\n<meta name=\"twitter:label1\" content=\"Escrito por\" \/>\n\t<meta name=\"twitter:data1\" content=\"enequipo\" \/>\n\t<meta name=\"twitter:label2\" content=\"Tiempo de lectura\" \/>\n\t<meta name=\"twitter:data2\" content=\"3 minutos\" \/>\n<script type=\"application\/ld+json\" class=\"yoast-schema-graph\">{\"@context\":\"https:\/\/schema.org\",\"@graph\":[{\"@type\":\"Article\",\"@id\":\"https:\/\/www.sonoraenequipo.com.mx\/los-15-principios-de-gobierno-de-claudia-sheinbaum\/#article\",\"isPartOf\":{\"@id\":\"https:\/\/www.sonoraenequipo.com.mx\/los-15-principios-de-gobierno-de-claudia-sheinbaum\/\"},\"author\":{\"name\":\"enequipo\",\"@id\":\"https:\/\/www.sonoraenequipo.com.mx\/#\/schema\/person\/50102df0fb23a8fa9e8effad8fa81386\"},\"headline\":\"Los \u201815 principios de gobierno\u2019 de Claudia Sheinbaum\",\"datePublished\":\"2024-02-19T16:21:00+00:00\",\"dateModified\":\"2024-02-19T22:46:15+00:00\",\"mainEntityOfPage\":{\"@id\":\"https:\/\/www.sonoraenequipo.com.mx\/los-15-principios-de-gobierno-de-claudia-sheinbaum\/\"},\"wordCount\":575,\"commentCount\":0,\"publisher\":{\"@id\":\"https:\/\/www.sonoraenequipo.com.mx\/#organization\"},\"image\":{\"@id\":\"https:\/\/www.sonoraenequipo.com.mx\/los-15-principios-de-gobierno-de-claudia-sheinbaum\/#primaryimage\"},\"thumbnailUrl\":\"https:\/\/www.sonoraenequipo.com.mx\/storage\/2024\/02\/15-principios-del-proyecto-de-nacion-de-Claudia-Sheinbaum-min.jpg\",\"articleSection\":[\"Rep\u00fablica\"],\"inLanguage\":\"es\",\"potentialAction\":[{\"@type\":\"CommentAction\",\"name\":\"Comment\",\"target\":[\"https:\/\/www.sonoraenequipo.com.mx\/los-15-principios-de-gobierno-de-claudia-sheinbaum\/#respond\"]}]},{\"@type\":\"WebPage\",\"@id\":\"https:\/\/www.sonoraenequipo.com.mx\/los-15-principios-de-gobierno-de-claudia-sheinbaum\/\",\"url\":\"https:\/\/www.sonoraenequipo.com.mx\/los-15-principios-de-gobierno-de-claudia-sheinbaum\/\",\"name\":\"Sonora en Equipo. Los \u201815 principios de gobierno\u2019 de Claudia Sheinbaum Rep\u00fablica\",\"isPartOf\":{\"@id\":\"https:\/\/www.sonoraenequipo.com.mx\/#website\"},\"primaryImageOfPage\":{\"@id\":\"https:\/\/www.sonoraenequipo.com.mx\/los-15-principios-de-gobierno-de-claudia-sheinbaum\/#primaryimage\"},\"image\":{\"@id\":\"https:\/\/www.sonoraenequipo.com.mx\/los-15-principios-de-gobierno-de-claudia-sheinbaum\/#primaryimage\"},\"thumbnailUrl\":\"https:\/\/www.sonoraenequipo.com.mx\/storage\/2024\/02\/15-principios-del-proyecto-de-nacion-de-Claudia-Sheinbaum-min.jpg\",\"datePublished\":\"2024-02-19T16:21:00+00:00\",\"dateModified\":\"2024-02-19T22:46:15+00:00\",\"description\":\"CIUDAD DE M\u00c9XICO. MX. \u2014 Claudia Sheinbaum Pardo formaliz\u00f3 su candidatura para la presidencia de M\u00e9xico al presentar su registro ante el Instituto Nacional En Sonora en Equipo publicamos toda la informaci\u00f3n de Sonora, M\u00e9xico y el Mundo de manera oportuna y busca que la libertad de expresi\u00f3n sea real. Visita nuestro medio informativo publicado desde Hermosillo, Sonora. %\",\"breadcrumb\":{\"@id\":\"https:\/\/www.sonoraenequipo.com.mx\/los-15-principios-de-gobierno-de-claudia-sheinbaum\/#breadcrumb\"},\"inLanguage\":\"es\",\"potentialAction\":[{\"@type\":\"ReadAction\",\"target\":[\"https:\/\/www.sonoraenequipo.com.mx\/los-15-principios-de-gobierno-de-claudia-sheinbaum\/\"]}]},{\"@type\":\"ImageObject\",\"inLanguage\":\"es\",\"@id\":\"https:\/\/www.sonoraenequipo.com.mx\/los-15-principios-de-gobierno-de-claudia-sheinbaum\/#primaryimage\",\"url\":\"https:\/\/www.sonoraenequipo.com.mx\/storage\/2024\/02\/15-principios-del-proyecto-de-nacion-de-Claudia-Sheinbaum-min.jpg\",\"contentUrl\":\"https:\/\/www.sonoraenequipo.com.mx\/storage\/2024\/02\/15-principios-del-proyecto-de-nacion-de-Claudia-Sheinbaum-min.jpg\",\"width\":900,\"height\":506},{\"@type\":\"BreadcrumbList\",\"@id\":\"https:\/\/www.sonoraenequipo.com.mx\/los-15-principios-de-gobierno-de-claudia-sheinbaum\/#breadcrumb\",\"itemListElement\":[{\"@type\":\"ListItem\",\"position\":1,\"name\":\"Portada\",\"item\":\"https:\/\/www.sonoraenequipo.com.mx\/\"},{\"@type\":\"ListItem\",\"position\":2,\"name\":\"Los \u201815 principios de gobierno\u2019 de Claudia Sheinbaum\"}]},{\"@type\":\"WebSite\",\"@id\":\"https:\/\/www.sonoraenequipo.com.mx\/#website\",\"url\":\"https:\/\/www.sonoraenequipo.com.mx\/\",\"name\":\"Sonora en Equipo.\",\"description\":\"Diario en l\u00ednea con Noticias desde Hermosillo, Sonora\",\"publisher\":{\"@id\":\"https:\/\/www.sonoraenequipo.com.mx\/#organization\"},\"potentialAction\":[{\"@type\":\"SearchAction\",\"target\":{\"@type\":\"EntryPoint\",\"urlTemplate\":\"https:\/\/www.sonoraenequipo.com.mx\/?s={search_term_string}\"},\"query-input\":{\"@type\":\"PropertyValueSpecification\",\"valueRequired\":true,\"valueName\":\"search_term_string\"}}],\"inLanguage\":\"es\"},{\"@type\":\"Organization\",\"@id\":\"https:\/\/www.sonoraenequipo.com.mx\/#organization\",\"name\":\"Sonoraenequipo.com.mx\",\"url\":\"https:\/\/www.sonoraenequipo.com.mx\/\",\"logo\":{\"@type\":\"ImageObject\",\"inLanguage\":\"es\",\"@id\":\"https:\/\/www.sonoraenequipo.com.mx\/#\/schema\/logo\/image\/\",\"url\":\"https:\/\/www.sonoraenequipo.com.mx\/storage\/2019\/01\/sonoraenequipo_opt.png\",\"contentUrl\":\"https:\/\/www.sonoraenequipo.com.mx\/storage\/2019\/01\/sonoraenequipo_opt.png\",\"width\":375,\"height\":125,\"caption\":\"Sonoraenequipo.com.mx\"},\"image\":{\"@id\":\"https:\/\/www.sonoraenequipo.com.mx\/#\/schema\/logo\/image\/\"},\"sameAs\":[\"https:\/\/www.facebook.com\/SonoraEE\/\",\"https:\/\/x.com\/sonoraenequipo\",\"https:\/\/www.youtube.com\/channel\/UC338nW-lPEYmJQs4ZABQ1SQ\"]},{\"@type\":\"Person\",\"@id\":\"https:\/\/www.sonoraenequipo.com.mx\/#\/schema\/person\/50102df0fb23a8fa9e8effad8fa81386\",\"name\":\"enequipo\",\"image\":{\"@type\":\"ImageObject\",\"inLanguage\":\"es\",\"@id\":\"https:\/\/www.sonoraenequipo.com.mx\/#\/schema\/person\/image\/\",\"url\":\"https:\/\/secure.gravatar.com\/avatar\/049821681b589dabc0bc20695993ccebb09f5b5d4d790cd9251b97faac7c652b?s=96&d=blank&r=g\",\"contentUrl\":\"https:\/\/secure.gravatar.com\/avatar\/049821681b589dabc0bc20695993ccebb09f5b5d4d790cd9251b97faac7c652b?s=96&d=blank&r=g\",\"caption\":\"enequipo\"},\"sameAs\":[\"https:\/\/www.facebook.com\/SonoraEE\"]}]}<\/script>\n ","yoast_head_json":{"title":"Sonora en Equipo. Los \u201815 principios de gobierno\u2019 de Claudia Sheinbaum Rep\u00fablica","description":"CIUDAD DE M\u00c9XICO. MX. \u2014 Claudia Sheinbaum Pardo formaliz\u00f3 su candidatura para la presidencia de M\u00e9xico al presentar su registro ante el Instituto Nacional En Sonora en Equipo publicamos toda la informaci\u00f3n de Sonora, M\u00e9xico y el Mundo de manera oportuna y busca que la libertad de expresi\u00f3n sea real. Visita nuestro medio informativo publicado desde Hermosillo, Sonora. %","robots":{"index":"index","follow":"follow","max-snippet":"max-snippet:-1","max-image-preview":"max-image-preview:large","max-video-preview":"max-video-preview:-1"},"canonical":"https:\/\/www.sonoraenequipo.com.mx\/los-15-principios-de-gobierno-de-claudia-sheinbaum\/","og_locale":"es_ES","og_type":"article","og_title":"Sonora en Equipo. Los \u201815 principios de gobierno\u2019 de Claudia Sheinbaum Rep\u00fablica","og_description":"CIUDAD DE M\u00c9XICO. MX. \u2014 Claudia Sheinbaum Pardo formaliz\u00f3 su candidatura para la presidencia de M\u00e9xico al presentar su registro ante el Instituto Nacional En Sonora en Equipo publicamos toda la informaci\u00f3n de Sonora, M\u00e9xico y el Mundo de manera oportuna y busca que la libertad de expresi\u00f3n sea real. Visita nuestro medio informativo publicado desde Hermosillo, Sonora. %","og_url":"https:\/\/www.sonoraenequipo.com.mx\/los-15-principios-de-gobierno-de-claudia-sheinbaum\/","og_site_name":"Sonora en Equipo.","article_publisher":"https:\/\/www.facebook.com\/SonoraEE\/","article_author":"https:\/\/www.facebook.com\/SonoraEE","article_published_time":"2024-02-19T16:21:00+00:00","article_modified_time":"2024-02-19T22:46:15+00:00","og_image":[{"width":900,"height":506,"url":"https:\/\/www.sonoraenequipo.com.mx\/storage\/2024\/02\/15-principios-del-proyecto-de-nacion-de-Claudia-Sheinbaum-min.jpg","type":"image\/jpeg"}],"author":"enequipo","twitter_card":"summary_large_image","twitter_creator":"@sonoraenequipo","twitter_site":"@sonoraenequipo","twitter_misc":{"Escrito por":"enequipo","Tiempo de lectura":"3 minutos"},"schema":{"@context":"https:\/\/schema.org","@graph":[{"@type":"Article","@id":"https:\/\/www.sonoraenequipo.com.mx\/los-15-principios-de-gobierno-de-claudia-sheinbaum\/#article","isPartOf":{"@id":"https:\/\/www.sonoraenequipo.com.mx\/los-15-principios-de-gobierno-de-claudia-sheinbaum\/"},"author":{"name":"enequipo","@id":"https:\/\/www.sonoraenequipo.com.mx\/#\/schema\/person\/50102df0fb23a8fa9e8effad8fa81386"},"headline":"Los \u201815 principios de gobierno\u2019 de Claudia Sheinbaum","datePublished":"2024-02-19T16:21:00+00:00","dateModified":"2024-02-19T22:46:15+00:00","mainEntityOfPage":{"@id":"https:\/\/www.sonoraenequipo.com.mx\/los-15-principios-de-gobierno-de-claudia-sheinbaum\/"},"wordCount":575,"commentCount":0,"publisher":{"@id":"https:\/\/www.sonoraenequipo.com.mx\/#organization"},"image":{"@id":"https:\/\/www.sonoraenequipo.com.mx\/los-15-principios-de-gobierno-de-claudia-sheinbaum\/#primaryimage"},"thumbnailUrl":"https:\/\/www.sonoraenequipo.com.mx\/storage\/2024\/02\/15-principios-del-proyecto-de-nacion-de-Claudia-Sheinbaum-min.jpg","articleSection":["Rep\u00fablica"],"inLanguage":"es","potentialAction":[{"@type":"CommentAction","name":"Comment","target":["https:\/\/www.sonoraenequipo.com.mx\/los-15-principios-de-gobierno-de-claudia-sheinbaum\/#respond"]}]},{"@type":"WebPage","@id":"https:\/\/www.sonoraenequipo.com.mx\/los-15-principios-de-gobierno-de-claudia-sheinbaum\/","url":"https:\/\/www.sonoraenequipo.com.mx\/los-15-principios-de-gobierno-de-claudia-sheinbaum\/","name":"Sonora en Equipo. Los \u201815 principios de gobierno\u2019 de Claudia Sheinbaum Rep\u00fablica","isPartOf":{"@id":"https:\/\/www.sonoraenequipo.com.mx\/#website"},"primaryImageOfPage":{"@id":"https:\/\/www.sonoraenequipo.com.mx\/los-15-principios-de-gobierno-de-claudia-sheinbaum\/#primaryimage"},"image":{"@id":"https:\/\/www.sonoraenequipo.com.mx\/los-15-principios-de-gobierno-de-claudia-sheinbaum\/#primaryimage"},"thumbnailUrl":"https:\/\/www.sonoraenequipo.com.mx\/storage\/2024\/02\/15-principios-del-proyecto-de-nacion-de-Claudia-Sheinbaum-min.jpg","datePublished":"2024-02-19T16:21:00+00:00","dateModified":"2024-02-19T22:46:15+00:00","description":"CIUDAD DE M\u00c9XICO. MX. \u2014 Claudia Sheinbaum Pardo formaliz\u00f3 su candidatura para la presidencia de M\u00e9xico al presentar su registro ante el Instituto Nacional En Sonora en Equipo publicamos toda la informaci\u00f3n de Sonora, M\u00e9xico y el Mundo de manera oportuna y busca que la libertad de expresi\u00f3n sea real. Visita nuestro medio informativo publicado desde Hermosillo, Sonora. %","breadcrumb":{"@id":"https:\/\/www.sonoraenequipo.com.mx\/los-15-principios-de-gobierno-de-claudia-sheinbaum\/#breadcrumb"},"inLanguage":"es","potentialAction":[{"@type":"ReadAction","target":["https:\/\/www.sonoraenequipo.com.mx\/los-15-principios-de-gobierno-de-claudia-sheinbaum\/"]}]},{"@type":"ImageObject","inLanguage":"es","@id":"https:\/\/www.sonoraenequipo.com.mx\/los-15-principios-de-gobierno-de-claudia-sheinbaum\/#primaryimage","url":"https:\/\/www.sonoraenequipo.com.mx\/storage\/2024\/02\/15-principios-del-proyecto-de-nacion-de-Claudia-Sheinbaum-min.jpg","contentUrl":"https:\/\/www.sonoraenequipo.com.mx\/storage\/2024\/02\/15-principios-del-proyecto-de-nacion-de-Claudia-Sheinbaum-min.jpg","width":900,"height":506},{"@type":"BreadcrumbList","@id":"https:\/\/www.sonoraenequipo.com.mx\/los-15-principios-de-gobierno-de-claudia-sheinbaum\/#breadcrumb","itemListElement":[{"@type":"ListItem","position":1,"name":"Portada","item":"https:\/\/www.sonoraenequipo.com.mx\/"},{"@type":"ListItem","position":2,"name":"Los \u201815 principios de gobierno\u2019 de Claudia Sheinbaum"}]},{"@type":"WebSite","@id":"https:\/\/www.sonoraenequipo.com.mx\/#website","url":"https:\/\/www.sonoraenequipo.com.mx\/","name":"Sonora en Equipo.","description":"Diario en l\u00ednea con Noticias desde Hermosillo, Sonora","publisher":{"@id":"https:\/\/www.sonoraenequipo.com.mx\/#organization"},"potentialAction":[{"@type":"SearchAction","target":{"@type":"EntryPoint","urlTemplate":"https:\/\/www.sonoraenequipo.com.mx\/?s={search_term_string}"},"query-input":{"@type":"PropertyValueSpecification","valueRequired":true,"valueName":"search_term_string"}}],"inLanguage":"es"},{"@type":"Organization","@id":"https:\/\/www.sonoraenequipo.com.mx\/#organization","name":"Sonoraenequipo.com.mx","url":"https:\/\/www.sonoraenequipo.com.mx\/","logo":{"@type":"ImageObject","inLanguage":"es","@id":"https:\/\/www.sonoraenequipo.com.mx\/#\/schema\/logo\/image\/","url":"https:\/\/www.sonoraenequipo.com.mx\/storage\/2019\/01\/sonoraenequipo_opt.png","contentUrl":"https:\/\/www.sonoraenequipo.com.mx\/storage\/2019\/01\/sonoraenequipo_opt.png","width":375,"height":125,"caption":"Sonoraenequipo.com.mx"},"image":{"@id":"https:\/\/www.sonoraenequipo.com.mx\/#\/schema\/logo\/image\/"},"sameAs":["https:\/\/www.facebook.com\/SonoraEE\/","https:\/\/x.com\/sonoraenequipo","https:\/\/www.youtube.com\/channel\/UC338nW-lPEYmJQs4ZABQ1SQ"]},{"@type":"Person","@id":"https:\/\/www.sonoraenequipo.com.mx\/#\/schema\/person\/50102df0fb23a8fa9e8effad8fa81386","name":"enequipo","image":{"@type":"ImageObject","inLanguage":"es","@id":"https:\/\/www.sonoraenequipo.com.mx\/#\/schema\/person\/image\/","url":"https:\/\/secure.gravatar.com\/avatar\/049821681b589dabc0bc20695993ccebb09f5b5d4d790cd9251b97faac7c652b?s=96&d=blank&r=g","contentUrl":"https:\/\/secure.gravatar.com\/avatar\/049821681b589dabc0bc20695993ccebb09f5b5d4d790cd9251b97faac7c652b?s=96&d=blank&r=g","caption":"enequipo"},"sameAs":["https:\/\/www.facebook.com\/SonoraEE"]}]}},"jetpack_featured_media_url":"https:\/\/www.sonoraenequipo.com.mx\/storage\/2024\/02\/15-principios-del-proyecto-de-nacion-de-Claudia-Sheinbaum-min.jpg","_links":{"self":[{"href":"https:\/\/www.sonoraenequipo.com.mx\/api\/wp\/v2\/posts\/183605","targetHints":{"allow":["GET"]}}],"collection":[{"href":"https:\/\/www.sonoraenequipo.com.mx\/api\/wp\/v2\/posts"}],"about":[{"href":"https:\/\/www.sonoraenequipo.com.mx\/api\/wp\/v2\/types\/post"}],"author":[{"embeddable":true,"href":"https:\/\/www.sonoraenequipo.com.mx\/api\/wp\/v2\/users\/1"}],"replies":[{"embeddable":true,"href":"https:\/\/www.sonoraenequipo.com.mx\/api\/wp\/v2\/comments?post=183605"}],"version-history":[{"count":1,"href":"https:\/\/www.sonoraenequipo.com.mx\/api\/wp\/v2\/posts\/183605\/revisions"}],"predecessor-version":[{"id":183607,"href":"https:\/\/www.sonoraenequipo.com.mx\/api\/wp\/v2\/posts\/183605\/revisions\/183607"}],"wp:featuredmedia":[{"embeddable":true,"href":"https:\/\/www.sonoraenequipo.com.mx\/api\/wp\/v2\/media\/183606"}],"wp:attachment":[{"href":"https:\/\/www.sonoraenequipo.com.mx\/api\/wp\/v2\/media?parent=183605"}],"wp:term":[{"taxonomy":"category","embeddable":true,"href":"https:\/\/www.sonoraenequipo.com.mx\/api\/wp\/v2\/categories?post=183605"},{"taxonomy":"post_tag","embeddable":true,"href":"https:\/\/www.sonoraenequipo.com.mx\/api\/wp\/v2\/tags?post=183605"}],"curies":[{"name":"wp","href":"https:\/\/api.w.org\/{rel}","templated":true}]}}