{"id":184684,"date":"2024-03-04T20:45:19","date_gmt":"2024-03-05T03:45:19","guid":{"rendered":"https:\/\/www.sonoraenequipo.com.mx\/?p=184684"},"modified":"2024-03-04T16:35:32","modified_gmt":"2024-03-04T23:35:32","slug":"si-eres-de-lagrima-facil-tal-vez-eres-un-resiliente-en-potencia","status":"publish","type":"post","link":"https:\/\/www.sonoraenequipo.com.mx\/si-eres-de-lagrima-facil-tal-vez-eres-un-resiliente-en-potencia\/","title":{"rendered":"Si eres de l\u00e1grima f\u00e1cil, tal vez eres un resiliente en potencia"},"content":{"rendered":"<p><strong>CIUDAD DE M\u00c9XICO. MX. \u2014<\/strong> Las emociones son poderosas. Por esa raz\u00f3n cuando lloramos f\u00e1cilmente ante los problemas propios o ajenos, estamos demostrando que poseemos un agudo sentido de la emoci\u00f3n que puede darnos el poder y la fuerza para afrontar las situaciones m\u00e1s dif\u00edciles.<\/p>\n<p>&nbsp;<\/p>\n<p> <br \/>\nSi cuando ves que otras personas sufren te sientes aludida y esbozas una l\u00e1grima, significa que tu grado de empat\u00eda es alto. Este s\u00edntoma externo, llorar con cierta facilidad ante las injusticias y los sinsabores de la vida propia o ajena no se queda ah\u00ed, sino que denota un proceso mental que significa que te vinculas emocional y personalmente con los problemas, y eso puede resultar un argumento muy favorable para revertirse en una actitud resiliente.<\/p>\n<p>&nbsp;<\/p>\n<p>Lo importante para asumir retos y mover nuestra vida, o favorecer que los dem\u00e1s lo hagan, es darse por aludido y dar un paso al frente. Sentirnos en el deber y en la obligaci\u00f3n de cambiar las cosas. Sin embargo, uno de los males m\u00e1s comunes de nuestra sociedad es la inacci\u00f3n, creer que los problemas de los dem\u00e1s no nos competen y que, incluso los nuestros, se podr\u00e1n solucionar aun no haciendo nada por superarlos.<\/p>\n<p>&nbsp;<\/p>\n<p>Ser una persona sensible y emocional puede estar mal visto, podr\u00eda denotar que somos d\u00e9biles y que podr\u00edamos acobardarnos con cada reto o dificultad. Sin embargo, la realidad puede ser completamente diferente. \u00bfQu\u00e9 fuerza mueve realmente a alguien que llora al contemplar un drama? Est\u00e1 empatizando, est\u00e1 haciendo acopio de argumentos, emociones y razones para, despu\u00e9s de esbozar esa l\u00e1grima, enjug\u00e1rsela y cambiar las cosas.<\/p>\n<p>&nbsp;<\/p>\n<h3>Ser emp\u00e1tico es contar con el favor de los dem\u00e1s<\/h3>\n<p>Sin motivaci\u00f3n, no hay cambio. Y sin empat\u00eda no hay conexi\u00f3n. Las personas emp\u00e1ticas se motivan con mayor fuerza, tanto hacia sus propias causas como hacia las ajenas, y se convierten en aglutinadores de otras personas que apoyen el mismo cambio. Porque solo las personas que demuestran sensibilidad pueden conectar con los dem\u00e1s en una clave humana suficiente como para hacerles c\u00f3mplices de sus metas.<\/p>\n<p>&nbsp;<\/p>\n<p>&nbsp;<\/p>\n<p>Ser emp\u00e1tico demuestra sinceridad y que las acciones son honestas y no guardan segundas intenciones. Cuando una persona que claramente demuestra sentirse interpelada por los acontecimientos busca ayuda, es mucho m\u00e1s probable que la encuentre porque m\u00e1s all\u00e1 de los argumentos racionales, se activa una llamada emocional que, de forma inconsciente, pone de manifiesto que se siente motivado con una meta clara.<\/p>\n<p>&nbsp;<\/p>\n<h3>La autoestima sensible<\/h3>\n<p>En muchas ocasiones la autoestima se construye sobre hecho objetivos: ser mejor en deportes, obtener mejores calificaciones acad\u00e9micas, alcanzar un mayor sueldo o rango. Sin embargo, cuando la autoestima est\u00e1 solamente vinculada a metas externas, es decir, que han sido ratificadas por los dem\u00e1s en funci\u00f3n de una clasificaci\u00f3n, podemos correr el riesgo de no haber atendido en su justa medida nuestra autoestima emocional, la que nos dicta que hemos sido positivos, que hemos hecho el bien y lo hemos favorecido.<\/p>\n<p>&nbsp;<\/p>\n<p>Este hecho es muy importante porque hay que tener en cuenta que, como seres sociales y emocionales, estamos en continua metamorfosis. A lo largo de nuestra vida no nos motivar\u00e1n las mismas cosas y algunas cuestiones que hoy nos parecen capitales, puede que en 20 o 30 a\u00f1os nos parezca superfluas. Por este motivo, la autoestima debe estar bien diversificada, y de forma muy especial no apostar todo lo que somos y lo que sentimos que nos describe en cuestiones externas a nosotros o meramente pr\u00e1ctica.<\/p>\n<p>&nbsp;<\/p>\n<p>&nbsp;<\/p>\n<p>Cuando cultivamos una autoestima sensible estamos trabajando una mirada emp\u00e1tica sobre la vida, el valor de las cosas y el aut\u00e9ntico peso de los problemas. Si has digerido de forma conveniente qu\u00e9 es lo realmente importante de tu vida, y qu\u00e9 cuestiones emocionales son principales para tu felicidad, sabr\u00e1s gestionar mejor los problemas porque es muy probable que cuestiones superfluas o meramente t\u00e9cnicas te hagan menos da\u00f1o y puedas salir adelante con mayor fortaleza.<\/p>\n<p>&nbsp;<\/p>\n<p>PUBLICADO EL 04 DE MARZO DE 2024\/\/ Con informaci\u00f3n de <a href=\"https:\/\/www.hola.com\/estar-bien\/20190828146982\/sensibilidad-resiliente-cs\/#:~:text=Este%20s%C3%ADntoma%20externo%2C%20llorar%20con,para%20revertirse%20en%20una%20actitud\"><strong>CRISTINA SORIA\/HOLA<\/strong><\/a>)<\/p>\n<p>&nbsp;<\/p>\n","protected":false},"excerpt":{"rendered":"<p>CIUDAD DE M\u00c9XICO. MX. \u2014 Las emociones son poderosas. Por esa raz\u00f3n cuando lloramos f\u00e1cilmente&#8230;<\/p>\n","protected":false},"author":1,"featured_media":184685,"comment_status":"open","ping_status":"open","sticky":false,"template":"","format":"standard","meta":{"_monsterinsights_skip_tracking":false,"_monsterinsights_sitenote_active":false,"_monsterinsights_sitenote_note":"","_monsterinsights_sitenote_category":0,"footnotes":""},"categories":[5],"tags":[],"class_list":["post"],"yoast_head":" \n<title>Sonora en Equipo. Si eres de l\u00e1grima f\u00e1cil, tal vez eres un resiliente en potencia Rep\u00fablica<\/title>\n<meta name=\"description\" content=\"CIUDAD DE M\u00c9XICO. MX. \u2014 Las emociones son poderosas. Por esa raz\u00f3n cuando lloramos f\u00e1cilmente ante los problemas propios o ajenos, estamos demostrando que En Sonora en Equipo publicamos toda la informaci\u00f3n de Sonora, M\u00e9xico y el Mundo de manera oportuna y busca que la libertad de expresi\u00f3n sea real. Visita nuestro medio informativo publicado desde Hermosillo, Sonora. %\" \/>\n<meta name=\"robots\" content=\"index, follow, max-snippet:-1, max-image-preview:large, max-video-preview:-1\" \/>\n<link rel=\"canonical\" href=\"https:\/\/www.sonoraenequipo.com.mx\/si-eres-de-lagrima-facil-tal-vez-eres-un-resiliente-en-potencia\/\" \/>\n<meta property=\"og:locale\" content=\"es_ES\" \/>\n<meta property=\"og:type\" content=\"article\" \/>\n<meta property=\"og:title\" content=\"Sonora en Equipo. Si eres de l\u00e1grima f\u00e1cil, tal vez eres un resiliente en potencia Rep\u00fablica\" \/>\n<meta property=\"og:description\" content=\"CIUDAD DE M\u00c9XICO. MX. \u2014 Las emociones son poderosas. Por esa raz\u00f3n cuando lloramos f\u00e1cilmente ante los problemas propios o ajenos, estamos demostrando que En Sonora en Equipo publicamos toda la informaci\u00f3n de Sonora, M\u00e9xico y el Mundo de manera oportuna y busca que la libertad de expresi\u00f3n sea real. Visita nuestro medio informativo publicado desde Hermosillo, Sonora. %\" \/>\n<meta property=\"og:url\" content=\"https:\/\/www.sonoraenequipo.com.mx\/si-eres-de-lagrima-facil-tal-vez-eres-un-resiliente-en-potencia\/\" \/>\n<meta property=\"og:site_name\" content=\"Sonora en Equipo.\" \/>\n<meta property=\"article:publisher\" content=\"https:\/\/www.facebook.com\/SonoraEE\/\" \/>\n<meta property=\"article:author\" content=\"https:\/\/www.facebook.com\/SonoraEE\" \/>\n<meta property=\"article:published_time\" content=\"2024-03-05T03:45:19+00:00\" \/>\n<meta property=\"og:image\" content=\"https:\/\/www.sonoraenequipo.com.mx\/storage\/2024\/03\/llorar-no-es-malo.jpg-min.jpg\" \/>\n\t<meta property=\"og:image:width\" content=\"700\" \/>\n\t<meta property=\"og:image:height\" content=\"466\" \/>\n\t<meta property=\"og:image:type\" content=\"image\/jpeg\" \/>\n<meta name=\"author\" content=\"enequipo\" \/>\n<meta name=\"twitter:card\" content=\"summary_large_image\" \/>\n<meta name=\"twitter:creator\" content=\"@sonoraenequipo\" \/>\n<meta name=\"twitter:site\" content=\"@sonoraenequipo\" \/>\n<meta name=\"twitter:label1\" content=\"Escrito por\" \/>\n\t<meta name=\"twitter:data1\" content=\"enequipo\" \/>\n\t<meta name=\"twitter:label2\" content=\"Tiempo de lectura\" \/>\n\t<meta name=\"twitter:data2\" content=\"4 minutos\" \/>\n<script type=\"application\/ld+json\" class=\"yoast-schema-graph\">{\"@context\":\"https:\/\/schema.org\",\"@graph\":[{\"@type\":\"Article\",\"@id\":\"https:\/\/www.sonoraenequipo.com.mx\/si-eres-de-lagrima-facil-tal-vez-eres-un-resiliente-en-potencia\/#article\",\"isPartOf\":{\"@id\":\"https:\/\/www.sonoraenequipo.com.mx\/si-eres-de-lagrima-facil-tal-vez-eres-un-resiliente-en-potencia\/\"},\"author\":{\"name\":\"enequipo\",\"@id\":\"https:\/\/www.sonoraenequipo.com.mx\/#\/schema\/person\/50102df0fb23a8fa9e8effad8fa81386\"},\"headline\":\"Si eres de l\u00e1grima f\u00e1cil, tal vez eres un resiliente en potencia\",\"datePublished\":\"2024-03-05T03:45:19+00:00\",\"mainEntityOfPage\":{\"@id\":\"https:\/\/www.sonoraenequipo.com.mx\/si-eres-de-lagrima-facil-tal-vez-eres-un-resiliente-en-potencia\/\"},\"wordCount\":722,\"commentCount\":0,\"publisher\":{\"@id\":\"https:\/\/www.sonoraenequipo.com.mx\/#organization\"},\"image\":{\"@id\":\"https:\/\/www.sonoraenequipo.com.mx\/si-eres-de-lagrima-facil-tal-vez-eres-un-resiliente-en-potencia\/#primaryimage\"},\"thumbnailUrl\":\"https:\/\/www.sonoraenequipo.com.mx\/storage\/2024\/03\/llorar-no-es-malo.jpg-min.jpg\",\"articleSection\":[\"Rep\u00fablica\"],\"inLanguage\":\"es\",\"potentialAction\":[{\"@type\":\"CommentAction\",\"name\":\"Comment\",\"target\":[\"https:\/\/www.sonoraenequipo.com.mx\/si-eres-de-lagrima-facil-tal-vez-eres-un-resiliente-en-potencia\/#respond\"]}]},{\"@type\":\"WebPage\",\"@id\":\"https:\/\/www.sonoraenequipo.com.mx\/si-eres-de-lagrima-facil-tal-vez-eres-un-resiliente-en-potencia\/\",\"url\":\"https:\/\/www.sonoraenequipo.com.mx\/si-eres-de-lagrima-facil-tal-vez-eres-un-resiliente-en-potencia\/\",\"name\":\"Sonora en Equipo. Si eres de l\u00e1grima f\u00e1cil, tal vez eres un resiliente en potencia Rep\u00fablica\",\"isPartOf\":{\"@id\":\"https:\/\/www.sonoraenequipo.com.mx\/#website\"},\"primaryImageOfPage\":{\"@id\":\"https:\/\/www.sonoraenequipo.com.mx\/si-eres-de-lagrima-facil-tal-vez-eres-un-resiliente-en-potencia\/#primaryimage\"},\"image\":{\"@id\":\"https:\/\/www.sonoraenequipo.com.mx\/si-eres-de-lagrima-facil-tal-vez-eres-un-resiliente-en-potencia\/#primaryimage\"},\"thumbnailUrl\":\"https:\/\/www.sonoraenequipo.com.mx\/storage\/2024\/03\/llorar-no-es-malo.jpg-min.jpg\",\"datePublished\":\"2024-03-05T03:45:19+00:00\",\"description\":\"CIUDAD DE M\u00c9XICO. MX. \u2014 Las emociones son poderosas. Por esa raz\u00f3n cuando lloramos f\u00e1cilmente ante los problemas propios o ajenos, estamos demostrando que En Sonora en Equipo publicamos toda la informaci\u00f3n de Sonora, M\u00e9xico y el Mundo de manera oportuna y busca que la libertad de expresi\u00f3n sea real. Visita nuestro medio informativo publicado desde Hermosillo, Sonora. %\",\"breadcrumb\":{\"@id\":\"https:\/\/www.sonoraenequipo.com.mx\/si-eres-de-lagrima-facil-tal-vez-eres-un-resiliente-en-potencia\/#breadcrumb\"},\"inLanguage\":\"es\",\"potentialAction\":[{\"@type\":\"ReadAction\",\"target\":[\"https:\/\/www.sonoraenequipo.com.mx\/si-eres-de-lagrima-facil-tal-vez-eres-un-resiliente-en-potencia\/\"]}]},{\"@type\":\"ImageObject\",\"inLanguage\":\"es\",\"@id\":\"https:\/\/www.sonoraenequipo.com.mx\/si-eres-de-lagrima-facil-tal-vez-eres-un-resiliente-en-potencia\/#primaryimage\",\"url\":\"https:\/\/www.sonoraenequipo.com.mx\/storage\/2024\/03\/llorar-no-es-malo.jpg-min.jpg\",\"contentUrl\":\"https:\/\/www.sonoraenequipo.com.mx\/storage\/2024\/03\/llorar-no-es-malo.jpg-min.jpg\",\"width\":700,\"height\":466},{\"@type\":\"BreadcrumbList\",\"@id\":\"https:\/\/www.sonoraenequipo.com.mx\/si-eres-de-lagrima-facil-tal-vez-eres-un-resiliente-en-potencia\/#breadcrumb\",\"itemListElement\":[{\"@type\":\"ListItem\",\"position\":1,\"name\":\"Portada\",\"item\":\"https:\/\/www.sonoraenequipo.com.mx\/\"},{\"@type\":\"ListItem\",\"position\":2,\"name\":\"Si eres de l\u00e1grima f\u00e1cil, tal vez eres un resiliente en potencia\"}]},{\"@type\":\"WebSite\",\"@id\":\"https:\/\/www.sonoraenequipo.com.mx\/#website\",\"url\":\"https:\/\/www.sonoraenequipo.com.mx\/\",\"name\":\"Sonora en Equipo.\",\"description\":\"Diario en l\u00ednea con Noticias desde Hermosillo, Sonora\",\"publisher\":{\"@id\":\"https:\/\/www.sonoraenequipo.com.mx\/#organization\"},\"potentialAction\":[{\"@type\":\"SearchAction\",\"target\":{\"@type\":\"EntryPoint\",\"urlTemplate\":\"https:\/\/www.sonoraenequipo.com.mx\/?s={search_term_string}\"},\"query-input\":{\"@type\":\"PropertyValueSpecification\",\"valueRequired\":true,\"valueName\":\"search_term_string\"}}],\"inLanguage\":\"es\"},{\"@type\":\"Organization\",\"@id\":\"https:\/\/www.sonoraenequipo.com.mx\/#organization\",\"name\":\"Sonoraenequipo.com.mx\",\"url\":\"https:\/\/www.sonoraenequipo.com.mx\/\",\"logo\":{\"@type\":\"ImageObject\",\"inLanguage\":\"es\",\"@id\":\"https:\/\/www.sonoraenequipo.com.mx\/#\/schema\/logo\/image\/\",\"url\":\"https:\/\/www.sonoraenequipo.com.mx\/storage\/2019\/01\/sonoraenequipo_opt.png\",\"contentUrl\":\"https:\/\/www.sonoraenequipo.com.mx\/storage\/2019\/01\/sonoraenequipo_opt.png\",\"width\":375,\"height\":125,\"caption\":\"Sonoraenequipo.com.mx\"},\"image\":{\"@id\":\"https:\/\/www.sonoraenequipo.com.mx\/#\/schema\/logo\/image\/\"},\"sameAs\":[\"https:\/\/www.facebook.com\/SonoraEE\/\",\"https:\/\/x.com\/sonoraenequipo\",\"https:\/\/www.youtube.com\/channel\/UC338nW-lPEYmJQs4ZABQ1SQ\"]},{\"@type\":\"Person\",\"@id\":\"https:\/\/www.sonoraenequipo.com.mx\/#\/schema\/person\/50102df0fb23a8fa9e8effad8fa81386\",\"name\":\"enequipo\",\"image\":{\"@type\":\"ImageObject\",\"inLanguage\":\"es\",\"@id\":\"https:\/\/www.sonoraenequipo.com.mx\/#\/schema\/person\/image\/\",\"url\":\"https:\/\/secure.gravatar.com\/avatar\/049821681b589dabc0bc20695993ccebb09f5b5d4d790cd9251b97faac7c652b?s=96&d=blank&r=g\",\"contentUrl\":\"https:\/\/secure.gravatar.com\/avatar\/049821681b589dabc0bc20695993ccebb09f5b5d4d790cd9251b97faac7c652b?s=96&d=blank&r=g\",\"caption\":\"enequipo\"},\"sameAs\":[\"https:\/\/www.facebook.com\/SonoraEE\"]}]}<\/script>\n ","yoast_head_json":{"title":"Sonora en Equipo. Si eres de l\u00e1grima f\u00e1cil, tal vez eres un resiliente en potencia Rep\u00fablica","description":"CIUDAD DE M\u00c9XICO. MX. \u2014 Las emociones son poderosas. Por esa raz\u00f3n cuando lloramos f\u00e1cilmente ante los problemas propios o ajenos, estamos demostrando que En Sonora en Equipo publicamos toda la informaci\u00f3n de Sonora, M\u00e9xico y el Mundo de manera oportuna y busca que la libertad de expresi\u00f3n sea real. Visita nuestro medio informativo publicado desde Hermosillo, Sonora. %","robots":{"index":"index","follow":"follow","max-snippet":"max-snippet:-1","max-image-preview":"max-image-preview:large","max-video-preview":"max-video-preview:-1"},"canonical":"https:\/\/www.sonoraenequipo.com.mx\/si-eres-de-lagrima-facil-tal-vez-eres-un-resiliente-en-potencia\/","og_locale":"es_ES","og_type":"article","og_title":"Sonora en Equipo. Si eres de l\u00e1grima f\u00e1cil, tal vez eres un resiliente en potencia Rep\u00fablica","og_description":"CIUDAD DE M\u00c9XICO. MX. \u2014 Las emociones son poderosas. Por esa raz\u00f3n cuando lloramos f\u00e1cilmente ante los problemas propios o ajenos, estamos demostrando que En Sonora en Equipo publicamos toda la informaci\u00f3n de Sonora, M\u00e9xico y el Mundo de manera oportuna y busca que la libertad de expresi\u00f3n sea real. Visita nuestro medio informativo publicado desde Hermosillo, Sonora. %","og_url":"https:\/\/www.sonoraenequipo.com.mx\/si-eres-de-lagrima-facil-tal-vez-eres-un-resiliente-en-potencia\/","og_site_name":"Sonora en Equipo.","article_publisher":"https:\/\/www.facebook.com\/SonoraEE\/","article_author":"https:\/\/www.facebook.com\/SonoraEE","article_published_time":"2024-03-05T03:45:19+00:00","og_image":[{"width":700,"height":466,"url":"https:\/\/www.sonoraenequipo.com.mx\/storage\/2024\/03\/llorar-no-es-malo.jpg-min.jpg","type":"image\/jpeg"}],"author":"enequipo","twitter_card":"summary_large_image","twitter_creator":"@sonoraenequipo","twitter_site":"@sonoraenequipo","twitter_misc":{"Escrito por":"enequipo","Tiempo de lectura":"4 minutos"},"schema":{"@context":"https:\/\/schema.org","@graph":[{"@type":"Article","@id":"https:\/\/www.sonoraenequipo.com.mx\/si-eres-de-lagrima-facil-tal-vez-eres-un-resiliente-en-potencia\/#article","isPartOf":{"@id":"https:\/\/www.sonoraenequipo.com.mx\/si-eres-de-lagrima-facil-tal-vez-eres-un-resiliente-en-potencia\/"},"author":{"name":"enequipo","@id":"https:\/\/www.sonoraenequipo.com.mx\/#\/schema\/person\/50102df0fb23a8fa9e8effad8fa81386"},"headline":"Si eres de l\u00e1grima f\u00e1cil, tal vez eres un resiliente en potencia","datePublished":"2024-03-05T03:45:19+00:00","mainEntityOfPage":{"@id":"https:\/\/www.sonoraenequipo.com.mx\/si-eres-de-lagrima-facil-tal-vez-eres-un-resiliente-en-potencia\/"},"wordCount":722,"commentCount":0,"publisher":{"@id":"https:\/\/www.sonoraenequipo.com.mx\/#organization"},"image":{"@id":"https:\/\/www.sonoraenequipo.com.mx\/si-eres-de-lagrima-facil-tal-vez-eres-un-resiliente-en-potencia\/#primaryimage"},"thumbnailUrl":"https:\/\/www.sonoraenequipo.com.mx\/storage\/2024\/03\/llorar-no-es-malo.jpg-min.jpg","articleSection":["Rep\u00fablica"],"inLanguage":"es","potentialAction":[{"@type":"CommentAction","name":"Comment","target":["https:\/\/www.sonoraenequipo.com.mx\/si-eres-de-lagrima-facil-tal-vez-eres-un-resiliente-en-potencia\/#respond"]}]},{"@type":"WebPage","@id":"https:\/\/www.sonoraenequipo.com.mx\/si-eres-de-lagrima-facil-tal-vez-eres-un-resiliente-en-potencia\/","url":"https:\/\/www.sonoraenequipo.com.mx\/si-eres-de-lagrima-facil-tal-vez-eres-un-resiliente-en-potencia\/","name":"Sonora en Equipo. Si eres de l\u00e1grima f\u00e1cil, tal vez eres un resiliente en potencia Rep\u00fablica","isPartOf":{"@id":"https:\/\/www.sonoraenequipo.com.mx\/#website"},"primaryImageOfPage":{"@id":"https:\/\/www.sonoraenequipo.com.mx\/si-eres-de-lagrima-facil-tal-vez-eres-un-resiliente-en-potencia\/#primaryimage"},"image":{"@id":"https:\/\/www.sonoraenequipo.com.mx\/si-eres-de-lagrima-facil-tal-vez-eres-un-resiliente-en-potencia\/#primaryimage"},"thumbnailUrl":"https:\/\/www.sonoraenequipo.com.mx\/storage\/2024\/03\/llorar-no-es-malo.jpg-min.jpg","datePublished":"2024-03-05T03:45:19+00:00","description":"CIUDAD DE M\u00c9XICO. MX. \u2014 Las emociones son poderosas. Por esa raz\u00f3n cuando lloramos f\u00e1cilmente ante los problemas propios o ajenos, estamos demostrando que En Sonora en Equipo publicamos toda la informaci\u00f3n de Sonora, M\u00e9xico y el Mundo de manera oportuna y busca que la libertad de expresi\u00f3n sea real. Visita nuestro medio informativo publicado desde Hermosillo, Sonora. %","breadcrumb":{"@id":"https:\/\/www.sonoraenequipo.com.mx\/si-eres-de-lagrima-facil-tal-vez-eres-un-resiliente-en-potencia\/#breadcrumb"},"inLanguage":"es","potentialAction":[{"@type":"ReadAction","target":["https:\/\/www.sonoraenequipo.com.mx\/si-eres-de-lagrima-facil-tal-vez-eres-un-resiliente-en-potencia\/"]}]},{"@type":"ImageObject","inLanguage":"es","@id":"https:\/\/www.sonoraenequipo.com.mx\/si-eres-de-lagrima-facil-tal-vez-eres-un-resiliente-en-potencia\/#primaryimage","url":"https:\/\/www.sonoraenequipo.com.mx\/storage\/2024\/03\/llorar-no-es-malo.jpg-min.jpg","contentUrl":"https:\/\/www.sonoraenequipo.com.mx\/storage\/2024\/03\/llorar-no-es-malo.jpg-min.jpg","width":700,"height":466},{"@type":"BreadcrumbList","@id":"https:\/\/www.sonoraenequipo.com.mx\/si-eres-de-lagrima-facil-tal-vez-eres-un-resiliente-en-potencia\/#breadcrumb","itemListElement":[{"@type":"ListItem","position":1,"name":"Portada","item":"https:\/\/www.sonoraenequipo.com.mx\/"},{"@type":"ListItem","position":2,"name":"Si eres de l\u00e1grima f\u00e1cil, tal vez eres un resiliente en potencia"}]},{"@type":"WebSite","@id":"https:\/\/www.sonoraenequipo.com.mx\/#website","url":"https:\/\/www.sonoraenequipo.com.mx\/","name":"Sonora en Equipo.","description":"Diario en l\u00ednea con Noticias desde Hermosillo, Sonora","publisher":{"@id":"https:\/\/www.sonoraenequipo.com.mx\/#organization"},"potentialAction":[{"@type":"SearchAction","target":{"@type":"EntryPoint","urlTemplate":"https:\/\/www.sonoraenequipo.com.mx\/?s={search_term_string}"},"query-input":{"@type":"PropertyValueSpecification","valueRequired":true,"valueName":"search_term_string"}}],"inLanguage":"es"},{"@type":"Organization","@id":"https:\/\/www.sonoraenequipo.com.mx\/#organization","name":"Sonoraenequipo.com.mx","url":"https:\/\/www.sonoraenequipo.com.mx\/","logo":{"@type":"ImageObject","inLanguage":"es","@id":"https:\/\/www.sonoraenequipo.com.mx\/#\/schema\/logo\/image\/","url":"https:\/\/www.sonoraenequipo.com.mx\/storage\/2019\/01\/sonoraenequipo_opt.png","contentUrl":"https:\/\/www.sonoraenequipo.com.mx\/storage\/2019\/01\/sonoraenequipo_opt.png","width":375,"height":125,"caption":"Sonoraenequipo.com.mx"},"image":{"@id":"https:\/\/www.sonoraenequipo.com.mx\/#\/schema\/logo\/image\/"},"sameAs":["https:\/\/www.facebook.com\/SonoraEE\/","https:\/\/x.com\/sonoraenequipo","https:\/\/www.youtube.com\/channel\/UC338nW-lPEYmJQs4ZABQ1SQ"]},{"@type":"Person","@id":"https:\/\/www.sonoraenequipo.com.mx\/#\/schema\/person\/50102df0fb23a8fa9e8effad8fa81386","name":"enequipo","image":{"@type":"ImageObject","inLanguage":"es","@id":"https:\/\/www.sonoraenequipo.com.mx\/#\/schema\/person\/image\/","url":"https:\/\/secure.gravatar.com\/avatar\/049821681b589dabc0bc20695993ccebb09f5b5d4d790cd9251b97faac7c652b?s=96&d=blank&r=g","contentUrl":"https:\/\/secure.gravatar.com\/avatar\/049821681b589dabc0bc20695993ccebb09f5b5d4d790cd9251b97faac7c652b?s=96&d=blank&r=g","caption":"enequipo"},"sameAs":["https:\/\/www.facebook.com\/SonoraEE"]}]}},"jetpack_featured_media_url":"https:\/\/www.sonoraenequipo.com.mx\/storage\/2024\/03\/llorar-no-es-malo.jpg-min.jpg","_links":{"self":[{"href":"https:\/\/www.sonoraenequipo.com.mx\/api\/wp\/v2\/posts\/184684","targetHints":{"allow":["GET"]}}],"collection":[{"href":"https:\/\/www.sonoraenequipo.com.mx\/api\/wp\/v2\/posts"}],"about":[{"href":"https:\/\/www.sonoraenequipo.com.mx\/api\/wp\/v2\/types\/post"}],"author":[{"embeddable":true,"href":"https:\/\/www.sonoraenequipo.com.mx\/api\/wp\/v2\/users\/1"}],"replies":[{"embeddable":true,"href":"https:\/\/www.sonoraenequipo.com.mx\/api\/wp\/v2\/comments?post=184684"}],"version-history":[{"count":1,"href":"https:\/\/www.sonoraenequipo.com.mx\/api\/wp\/v2\/posts\/184684\/revisions"}],"predecessor-version":[{"id":184686,"href":"https:\/\/www.sonoraenequipo.com.mx\/api\/wp\/v2\/posts\/184684\/revisions\/184686"}],"wp:featuredmedia":[{"embeddable":true,"href":"https:\/\/www.sonoraenequipo.com.mx\/api\/wp\/v2\/media\/184685"}],"wp:attachment":[{"href":"https:\/\/www.sonoraenequipo.com.mx\/api\/wp\/v2\/media?parent=184684"}],"wp:term":[{"taxonomy":"category","embeddable":true,"href":"https:\/\/www.sonoraenequipo.com.mx\/api\/wp\/v2\/categories?post=184684"},{"taxonomy":"post_tag","embeddable":true,"href":"https:\/\/www.sonoraenequipo.com.mx\/api\/wp\/v2\/tags?post=184684"}],"curies":[{"name":"wp","href":"https:\/\/api.w.org\/{rel}","templated":true}]}}