{"id":184691,"date":"2024-03-04T18:02:45","date_gmt":"2024-03-05T01:02:45","guid":{"rendered":"https:\/\/www.sonoraenequipo.com.mx\/?p=184691"},"modified":"2024-03-04T18:02:45","modified_gmt":"2024-03-05T01:02:45","slug":"francia-aprueba-incluir-derecho-al-aborto-en-su-constitucion","status":"publish","type":"post","link":"https:\/\/www.sonoraenequipo.com.mx\/francia-aprueba-incluir-derecho-al-aborto-en-su-constitucion\/","title":{"rendered":"Francia aprueba incluir \u201cderecho\u201d al aborto en su Constituci\u00f3n"},"content":{"rendered":"<p><em><strong>Por Walter S\u00e1nchez Silva<\/strong><\/em><\/p>\n<p>&nbsp;<\/p>\n<p><strong>PAR\u00cdS, FRANCIA.\u02d7\u02d7\u02d7<\/strong> Los diputados y senadores de Francia han aprobado este lunes 4 de marzo, por 780 votos a favor y 72 en contra, incluir el \u201cderecho\u201d al aborto en su Constituci\u00f3n, la m\u00e1xima protecci\u00f3n jur\u00eddica posible de una norma. Con esto, se convirti\u00f3 en el primer pa\u00eds del mundo en tomar esta decisi\u00f3n.<\/p>\n<p>&nbsp;<\/p>\n<p>La mayor\u00eda de los diputados y senadores, reunidos en el Congreso de Versalles, aplaudi\u00f3 al anunciarse los resultados de la votaci\u00f3n, que requer\u00eda de los tres quintos de los votos para su aprobaci\u00f3n.<\/p>\n<p>&nbsp;<\/p>\n<p>Seg\u00fan informa el diario franc\u00e9s Le Figaro, tras la votaci\u00f3n el primer ministro Gabriel Attal se\u00f1al\u00f3 que con esta decisi\u00f3n se inicia una \u201cera de un mundo de esperanza\u201d.<\/p>\n<p>&nbsp;<\/p>\n<p>&nbsp;<\/p>\n<p>Emmanuel Macron celebra la votaci\u00f3n por el \u201cderecho\u201d al aborto<\/p>\n<p>Para Emmanuel Macron, presidente de Francia, cat\u00f3lico y uno de los principales promotores de esta modificaci\u00f3n constitucional, la protecci\u00f3n del aborto en el pa\u00eds europeo es \u201corgullo franc\u00e9s\u201d y un \u201cmensaje universal\u201d.<\/p>\n<p>&nbsp;<\/p>\n<p>En su cuenta de la red social X, el mandatario alent\u00f3 a celebrar \u201cjuntos la entrada de una nueva libertad garantizada en la Constituci\u00f3n, en la primera ceremonia de sellado de nuestra historia, abierta al p\u00fablico. Reun\u00e1monos este 8 de marzo, D\u00eda Internacional de los Derechos de las Mujeres\u201d.<\/p>\n<p>El Ministerio de Relaciones Exteriores de Francia explica en su sitio web que el sello es una \u201cmarca distintiva y signo de autoridad\u201d que actualmente se usa en \u201cocasiones solemnes como la firma de la Constituci\u00f3n y eventualmente para cualquier modificaci\u00f3n. El sello actual de la Rep\u00fablica es el de la Segunda Rep\u00fablica, instaurada en 1848\u201d.<\/p>\n<p>&nbsp;<\/p>\n<p><strong>Pontificia Academia para la Vida del Vaticano: \u201cNo puede haber \u2018derecho\u2019\u201d a matar<\/strong><\/p>\n<p>En una declaraci\u00f3n publicada este 4 de marzo, la Pontificia Academia para la Vida record\u00f3 que \u201cprecisamente en la era de los derechos humanos universales, no puede haber \u2018derecho\u2019 a suprimir una vida humana\u201d.<\/p>\n<p>&nbsp;<\/p>\n<p>&nbsp;<\/p>\n<p>Los obispos de Francia hab\u00edan animado a los fieles a sumarse, este lunes, a la convocatoria de ayuno y oraci\u00f3n de diversas asociaciones cat\u00f3licas ante este escenario, recordando que \u201cde todos los pa\u00edses europeos, incluso de Europa occidental, Francia es el \u00fanico donde el n\u00famero de abortos no disminuye e incluso ha aumentado en los \u00faltimos dos a\u00f1os\u201d.<\/p>\n<p>&nbsp;<\/p>\n<p>En un comunicado de noviembre de 2023, los obispos franceses recordaron que \u201cel mandamiento b\u00edblico \u2018No matar\u00e1s\u2019 inscrito en todas las conciencias, m\u00e1s all\u00e1 de la de los creyentes, significa que cada ser humano est\u00e1 confiado al cuidado de los dem\u00e1s. No debemos debilitar la fuerza de ese punto de referencia. En cierto modo, todos somos responsables de estos ni\u00f1os no nacidos\u201d.<\/p>\n<p>&nbsp;<\/p>\n<p>\u201cAs\u00ed, el verdadero progreso pasa por la movilizaci\u00f3n de todos, creyentes y no creyentes, para que la acogida de la vida sea mejor ayudada y apoyada\u201d, agregaron entonces.<\/p>\n<p>&nbsp;<\/p>\n<p>&nbsp;<\/p>\n<p>&nbsp;<\/p>\n<p>&nbsp;<\/p>\n<p>\u201cEs necesario seguir promoviendo y garantizando los derechos de las mujeres. La igualdad real de remuneraci\u00f3n, la protecci\u00f3n contra la violencia, en la vida social y en la intimidad de las familias, el apoyo social a su papel en la educaci\u00f3n de los ni\u00f1os, especialmente de las mujeres solteras, son avances muy deseables para nuestras sociedades. \u00bfEs leg\u00edtimo poner el aborto al mismo nivel que estos derechos fundamentales? Incluirlo entre los derechos fundamentales ser\u00eda da\u00f1ar todo su equilibrio\u201d, destacaron.<\/p>\n<p>&nbsp;<\/p>\n<p>Etiquetas: Emmanuel Macron, noticias cat\u00f3licas, Iglesia Cat\u00f3lica en Francia, aborto en Francia.<\/p>\n<p><strong><em><u>Fecha de publicaci\u00f3n<\/u><\/em><\/strong><strong><em><u> lunes 4 de marzo de 2024 ACI Prensa<\/u><\/em><\/strong><\/p>\n","protected":false},"excerpt":{"rendered":"<p>Por Walter S\u00e1nchez Silva &nbsp; PAR\u00cdS, FRANCIA.\u02d7\u02d7\u02d7 Los diputados y senadores de Francia han aprobado&#8230;<\/p>\n","protected":false},"author":1,"featured_media":184692,"comment_status":"open","ping_status":"open","sticky":false,"template":"","format":"standard","meta":{"_monsterinsights_skip_tracking":false,"_monsterinsights_sitenote_active":false,"_monsterinsights_sitenote_note":"","_monsterinsights_sitenote_category":0,"footnotes":""},"categories":[3],"tags":[4514,155],"class_list":["post"],"yoast_head":" \n<title>Sonora en Equipo. Francia aprueba incluir \u201cderecho\u201d al aborto en su Constituci\u00f3n MUNDO<\/title>\n<meta name=\"description\" content=\"Por Walter S\u00e1nchez Silva &nbsp; PAR\u00cdS, FRANCIA.\u02d7\u02d7\u02d7 Los diputados y senadores de Francia han aprobado este lunes 4 de marzo, por 780 votos a favor y 72 en En Sonora en Equipo publicamos toda la informaci\u00f3n de Sonora, M\u00e9xico y el Mundo de manera oportuna y busca que la libertad de expresi\u00f3n sea real. Visita nuestro medio informativo publicado desde Hermosillo, Sonora. %\" \/>\n<meta name=\"robots\" content=\"index, follow, max-snippet:-1, max-image-preview:large, max-video-preview:-1\" \/>\n<link rel=\"canonical\" href=\"https:\/\/www.sonoraenequipo.com.mx\/francia-aprueba-incluir-derecho-al-aborto-en-su-constitucion\/\" \/>\n<meta property=\"og:locale\" content=\"es_ES\" \/>\n<meta property=\"og:type\" content=\"article\" \/>\n<meta property=\"og:title\" content=\"Sonora en Equipo. Francia aprueba incluir \u201cderecho\u201d al aborto en su Constituci\u00f3n MUNDO\" \/>\n<meta property=\"og:description\" content=\"Por Walter S\u00e1nchez Silva &nbsp; PAR\u00cdS, FRANCIA.\u02d7\u02d7\u02d7 Los diputados y senadores de Francia han aprobado este lunes 4 de marzo, por 780 votos a favor y 72 en En Sonora en Equipo publicamos toda la informaci\u00f3n de Sonora, M\u00e9xico y el Mundo de manera oportuna y busca que la libertad de expresi\u00f3n sea real. Visita nuestro medio informativo publicado desde Hermosillo, Sonora. %\" \/>\n<meta property=\"og:url\" content=\"https:\/\/www.sonoraenequipo.com.mx\/francia-aprueba-incluir-derecho-al-aborto-en-su-constitucion\/\" \/>\n<meta property=\"og:site_name\" content=\"Sonora en Equipo.\" \/>\n<meta property=\"article:publisher\" content=\"https:\/\/www.facebook.com\/SonoraEE\/\" \/>\n<meta property=\"article:author\" content=\"https:\/\/www.facebook.com\/SonoraEE\" \/>\n<meta property=\"article:published_time\" content=\"2024-03-05T01:02:45+00:00\" \/>\n<meta property=\"og:image\" content=\"https:\/\/www.sonoraenequipo.com.mx\/storage\/2024\/03\/congreso-francia.jpg\" \/>\n\t<meta property=\"og:image:width\" content=\"670\" \/>\n\t<meta property=\"og:image:height\" content=\"447\" \/>\n\t<meta property=\"og:image:type\" content=\"image\/jpeg\" \/>\n<meta name=\"author\" content=\"enequipo\" \/>\n<meta name=\"twitter:card\" content=\"summary_large_image\" \/>\n<meta name=\"twitter:creator\" content=\"@sonoraenequipo\" \/>\n<meta name=\"twitter:site\" content=\"@sonoraenequipo\" \/>\n<meta name=\"twitter:label1\" content=\"Escrito por\" \/>\n\t<meta name=\"twitter:data1\" content=\"enequipo\" \/>\n\t<meta name=\"twitter:label2\" content=\"Tiempo de lectura\" \/>\n\t<meta name=\"twitter:data2\" content=\"3 minutos\" \/>\n<script type=\"application\/ld+json\" class=\"yoast-schema-graph\">{\"@context\":\"https:\/\/schema.org\",\"@graph\":[{\"@type\":\"Article\",\"@id\":\"https:\/\/www.sonoraenequipo.com.mx\/francia-aprueba-incluir-derecho-al-aborto-en-su-constitucion\/#article\",\"isPartOf\":{\"@id\":\"https:\/\/www.sonoraenequipo.com.mx\/francia-aprueba-incluir-derecho-al-aborto-en-su-constitucion\/\"},\"author\":{\"name\":\"enequipo\",\"@id\":\"https:\/\/www.sonoraenequipo.com.mx\/#\/schema\/person\/50102df0fb23a8fa9e8effad8fa81386\"},\"headline\":\"Francia aprueba incluir \u201cderecho\u201d al aborto en su Constituci\u00f3n\",\"datePublished\":\"2024-03-05T01:02:45+00:00\",\"mainEntityOfPage\":{\"@id\":\"https:\/\/www.sonoraenequipo.com.mx\/francia-aprueba-incluir-derecho-al-aborto-en-su-constitucion\/\"},\"wordCount\":635,\"commentCount\":0,\"publisher\":{\"@id\":\"https:\/\/www.sonoraenequipo.com.mx\/#organization\"},\"image\":{\"@id\":\"https:\/\/www.sonoraenequipo.com.mx\/francia-aprueba-incluir-derecho-al-aborto-en-su-constitucion\/#primaryimage\"},\"thumbnailUrl\":\"https:\/\/www.sonoraenequipo.com.mx\/storage\/2024\/03\/congreso-francia.jpg\",\"keywords\":[\"aborto\",\"Francia\"],\"articleSection\":[\"MUNDO\"],\"inLanguage\":\"es\",\"potentialAction\":[{\"@type\":\"CommentAction\",\"name\":\"Comment\",\"target\":[\"https:\/\/www.sonoraenequipo.com.mx\/francia-aprueba-incluir-derecho-al-aborto-en-su-constitucion\/#respond\"]}]},{\"@type\":\"WebPage\",\"@id\":\"https:\/\/www.sonoraenequipo.com.mx\/francia-aprueba-incluir-derecho-al-aborto-en-su-constitucion\/\",\"url\":\"https:\/\/www.sonoraenequipo.com.mx\/francia-aprueba-incluir-derecho-al-aborto-en-su-constitucion\/\",\"name\":\"Sonora en Equipo. Francia aprueba incluir \u201cderecho\u201d al aborto en su Constituci\u00f3n MUNDO\",\"isPartOf\":{\"@id\":\"https:\/\/www.sonoraenequipo.com.mx\/#website\"},\"primaryImageOfPage\":{\"@id\":\"https:\/\/www.sonoraenequipo.com.mx\/francia-aprueba-incluir-derecho-al-aborto-en-su-constitucion\/#primaryimage\"},\"image\":{\"@id\":\"https:\/\/www.sonoraenequipo.com.mx\/francia-aprueba-incluir-derecho-al-aborto-en-su-constitucion\/#primaryimage\"},\"thumbnailUrl\":\"https:\/\/www.sonoraenequipo.com.mx\/storage\/2024\/03\/congreso-francia.jpg\",\"datePublished\":\"2024-03-05T01:02:45+00:00\",\"description\":\"Por Walter S\u00e1nchez Silva &nbsp; PAR\u00cdS, FRANCIA.\u02d7\u02d7\u02d7 Los diputados y senadores de Francia han aprobado este lunes 4 de marzo, por 780 votos a favor y 72 en En Sonora en Equipo publicamos toda la informaci\u00f3n de Sonora, M\u00e9xico y el Mundo de manera oportuna y busca que la libertad de expresi\u00f3n sea real. Visita nuestro medio informativo publicado desde Hermosillo, Sonora. %\",\"breadcrumb\":{\"@id\":\"https:\/\/www.sonoraenequipo.com.mx\/francia-aprueba-incluir-derecho-al-aborto-en-su-constitucion\/#breadcrumb\"},\"inLanguage\":\"es\",\"potentialAction\":[{\"@type\":\"ReadAction\",\"target\":[\"https:\/\/www.sonoraenequipo.com.mx\/francia-aprueba-incluir-derecho-al-aborto-en-su-constitucion\/\"]}]},{\"@type\":\"ImageObject\",\"inLanguage\":\"es\",\"@id\":\"https:\/\/www.sonoraenequipo.com.mx\/francia-aprueba-incluir-derecho-al-aborto-en-su-constitucion\/#primaryimage\",\"url\":\"https:\/\/www.sonoraenequipo.com.mx\/storage\/2024\/03\/congreso-francia.jpg\",\"contentUrl\":\"https:\/\/www.sonoraenequipo.com.mx\/storage\/2024\/03\/congreso-francia.jpg\",\"width\":670,\"height\":447},{\"@type\":\"BreadcrumbList\",\"@id\":\"https:\/\/www.sonoraenequipo.com.mx\/francia-aprueba-incluir-derecho-al-aborto-en-su-constitucion\/#breadcrumb\",\"itemListElement\":[{\"@type\":\"ListItem\",\"position\":1,\"name\":\"Portada\",\"item\":\"https:\/\/www.sonoraenequipo.com.mx\/\"},{\"@type\":\"ListItem\",\"position\":2,\"name\":\"Francia aprueba incluir \u201cderecho\u201d al aborto en su Constituci\u00f3n\"}]},{\"@type\":\"WebSite\",\"@id\":\"https:\/\/www.sonoraenequipo.com.mx\/#website\",\"url\":\"https:\/\/www.sonoraenequipo.com.mx\/\",\"name\":\"Sonora en Equipo.\",\"description\":\"Diario en l\u00ednea con Noticias desde Hermosillo, Sonora\",\"publisher\":{\"@id\":\"https:\/\/www.sonoraenequipo.com.mx\/#organization\"},\"potentialAction\":[{\"@type\":\"SearchAction\",\"target\":{\"@type\":\"EntryPoint\",\"urlTemplate\":\"https:\/\/www.sonoraenequipo.com.mx\/?s={search_term_string}\"},\"query-input\":{\"@type\":\"PropertyValueSpecification\",\"valueRequired\":true,\"valueName\":\"search_term_string\"}}],\"inLanguage\":\"es\"},{\"@type\":\"Organization\",\"@id\":\"https:\/\/www.sonoraenequipo.com.mx\/#organization\",\"name\":\"Sonoraenequipo.com.mx\",\"url\":\"https:\/\/www.sonoraenequipo.com.mx\/\",\"logo\":{\"@type\":\"ImageObject\",\"inLanguage\":\"es\",\"@id\":\"https:\/\/www.sonoraenequipo.com.mx\/#\/schema\/logo\/image\/\",\"url\":\"https:\/\/www.sonoraenequipo.com.mx\/storage\/2019\/01\/sonoraenequipo_opt.png\",\"contentUrl\":\"https:\/\/www.sonoraenequipo.com.mx\/storage\/2019\/01\/sonoraenequipo_opt.png\",\"width\":375,\"height\":125,\"caption\":\"Sonoraenequipo.com.mx\"},\"image\":{\"@id\":\"https:\/\/www.sonoraenequipo.com.mx\/#\/schema\/logo\/image\/\"},\"sameAs\":[\"https:\/\/www.facebook.com\/SonoraEE\/\",\"https:\/\/x.com\/sonoraenequipo\",\"https:\/\/www.youtube.com\/channel\/UC338nW-lPEYmJQs4ZABQ1SQ\"]},{\"@type\":\"Person\",\"@id\":\"https:\/\/www.sonoraenequipo.com.mx\/#\/schema\/person\/50102df0fb23a8fa9e8effad8fa81386\",\"name\":\"enequipo\",\"image\":{\"@type\":\"ImageObject\",\"inLanguage\":\"es\",\"@id\":\"https:\/\/www.sonoraenequipo.com.mx\/#\/schema\/person\/image\/\",\"url\":\"https:\/\/secure.gravatar.com\/avatar\/049821681b589dabc0bc20695993ccebb09f5b5d4d790cd9251b97faac7c652b?s=96&d=blank&r=g\",\"contentUrl\":\"https:\/\/secure.gravatar.com\/avatar\/049821681b589dabc0bc20695993ccebb09f5b5d4d790cd9251b97faac7c652b?s=96&d=blank&r=g\",\"caption\":\"enequipo\"},\"sameAs\":[\"https:\/\/www.facebook.com\/SonoraEE\"]}]}<\/script>\n ","yoast_head_json":{"title":"Sonora en Equipo. Francia aprueba incluir \u201cderecho\u201d al aborto en su Constituci\u00f3n MUNDO","description":"Por Walter S\u00e1nchez Silva &nbsp; PAR\u00cdS, FRANCIA.\u02d7\u02d7\u02d7 Los diputados y senadores de Francia han aprobado este lunes 4 de marzo, por 780 votos a favor y 72 en En Sonora en Equipo publicamos toda la informaci\u00f3n de Sonora, M\u00e9xico y el Mundo de manera oportuna y busca que la libertad de expresi\u00f3n sea real. Visita nuestro medio informativo publicado desde Hermosillo, Sonora. %","robots":{"index":"index","follow":"follow","max-snippet":"max-snippet:-1","max-image-preview":"max-image-preview:large","max-video-preview":"max-video-preview:-1"},"canonical":"https:\/\/www.sonoraenequipo.com.mx\/francia-aprueba-incluir-derecho-al-aborto-en-su-constitucion\/","og_locale":"es_ES","og_type":"article","og_title":"Sonora en Equipo. Francia aprueba incluir \u201cderecho\u201d al aborto en su Constituci\u00f3n MUNDO","og_description":"Por Walter S\u00e1nchez Silva &nbsp; PAR\u00cdS, FRANCIA.\u02d7\u02d7\u02d7 Los diputados y senadores de Francia han aprobado este lunes 4 de marzo, por 780 votos a favor y 72 en En Sonora en Equipo publicamos toda la informaci\u00f3n de Sonora, M\u00e9xico y el Mundo de manera oportuna y busca que la libertad de expresi\u00f3n sea real. Visita nuestro medio informativo publicado desde Hermosillo, Sonora. %","og_url":"https:\/\/www.sonoraenequipo.com.mx\/francia-aprueba-incluir-derecho-al-aborto-en-su-constitucion\/","og_site_name":"Sonora en Equipo.","article_publisher":"https:\/\/www.facebook.com\/SonoraEE\/","article_author":"https:\/\/www.facebook.com\/SonoraEE","article_published_time":"2024-03-05T01:02:45+00:00","og_image":[{"width":670,"height":447,"url":"https:\/\/www.sonoraenequipo.com.mx\/storage\/2024\/03\/congreso-francia.jpg","type":"image\/jpeg"}],"author":"enequipo","twitter_card":"summary_large_image","twitter_creator":"@sonoraenequipo","twitter_site":"@sonoraenequipo","twitter_misc":{"Escrito por":"enequipo","Tiempo de lectura":"3 minutos"},"schema":{"@context":"https:\/\/schema.org","@graph":[{"@type":"Article","@id":"https:\/\/www.sonoraenequipo.com.mx\/francia-aprueba-incluir-derecho-al-aborto-en-su-constitucion\/#article","isPartOf":{"@id":"https:\/\/www.sonoraenequipo.com.mx\/francia-aprueba-incluir-derecho-al-aborto-en-su-constitucion\/"},"author":{"name":"enequipo","@id":"https:\/\/www.sonoraenequipo.com.mx\/#\/schema\/person\/50102df0fb23a8fa9e8effad8fa81386"},"headline":"Francia aprueba incluir \u201cderecho\u201d al aborto en su Constituci\u00f3n","datePublished":"2024-03-05T01:02:45+00:00","mainEntityOfPage":{"@id":"https:\/\/www.sonoraenequipo.com.mx\/francia-aprueba-incluir-derecho-al-aborto-en-su-constitucion\/"},"wordCount":635,"commentCount":0,"publisher":{"@id":"https:\/\/www.sonoraenequipo.com.mx\/#organization"},"image":{"@id":"https:\/\/www.sonoraenequipo.com.mx\/francia-aprueba-incluir-derecho-al-aborto-en-su-constitucion\/#primaryimage"},"thumbnailUrl":"https:\/\/www.sonoraenequipo.com.mx\/storage\/2024\/03\/congreso-francia.jpg","keywords":["aborto","Francia"],"articleSection":["MUNDO"],"inLanguage":"es","potentialAction":[{"@type":"CommentAction","name":"Comment","target":["https:\/\/www.sonoraenequipo.com.mx\/francia-aprueba-incluir-derecho-al-aborto-en-su-constitucion\/#respond"]}]},{"@type":"WebPage","@id":"https:\/\/www.sonoraenequipo.com.mx\/francia-aprueba-incluir-derecho-al-aborto-en-su-constitucion\/","url":"https:\/\/www.sonoraenequipo.com.mx\/francia-aprueba-incluir-derecho-al-aborto-en-su-constitucion\/","name":"Sonora en Equipo. Francia aprueba incluir \u201cderecho\u201d al aborto en su Constituci\u00f3n MUNDO","isPartOf":{"@id":"https:\/\/www.sonoraenequipo.com.mx\/#website"},"primaryImageOfPage":{"@id":"https:\/\/www.sonoraenequipo.com.mx\/francia-aprueba-incluir-derecho-al-aborto-en-su-constitucion\/#primaryimage"},"image":{"@id":"https:\/\/www.sonoraenequipo.com.mx\/francia-aprueba-incluir-derecho-al-aborto-en-su-constitucion\/#primaryimage"},"thumbnailUrl":"https:\/\/www.sonoraenequipo.com.mx\/storage\/2024\/03\/congreso-francia.jpg","datePublished":"2024-03-05T01:02:45+00:00","description":"Por Walter S\u00e1nchez Silva &nbsp; PAR\u00cdS, FRANCIA.\u02d7\u02d7\u02d7 Los diputados y senadores de Francia han aprobado este lunes 4 de marzo, por 780 votos a favor y 72 en En Sonora en Equipo publicamos toda la informaci\u00f3n de Sonora, M\u00e9xico y el Mundo de manera oportuna y busca que la libertad de expresi\u00f3n sea real. Visita nuestro medio informativo publicado desde Hermosillo, Sonora. %","breadcrumb":{"@id":"https:\/\/www.sonoraenequipo.com.mx\/francia-aprueba-incluir-derecho-al-aborto-en-su-constitucion\/#breadcrumb"},"inLanguage":"es","potentialAction":[{"@type":"ReadAction","target":["https:\/\/www.sonoraenequipo.com.mx\/francia-aprueba-incluir-derecho-al-aborto-en-su-constitucion\/"]}]},{"@type":"ImageObject","inLanguage":"es","@id":"https:\/\/www.sonoraenequipo.com.mx\/francia-aprueba-incluir-derecho-al-aborto-en-su-constitucion\/#primaryimage","url":"https:\/\/www.sonoraenequipo.com.mx\/storage\/2024\/03\/congreso-francia.jpg","contentUrl":"https:\/\/www.sonoraenequipo.com.mx\/storage\/2024\/03\/congreso-francia.jpg","width":670,"height":447},{"@type":"BreadcrumbList","@id":"https:\/\/www.sonoraenequipo.com.mx\/francia-aprueba-incluir-derecho-al-aborto-en-su-constitucion\/#breadcrumb","itemListElement":[{"@type":"ListItem","position":1,"name":"Portada","item":"https:\/\/www.sonoraenequipo.com.mx\/"},{"@type":"ListItem","position":2,"name":"Francia aprueba incluir \u201cderecho\u201d al aborto en su Constituci\u00f3n"}]},{"@type":"WebSite","@id":"https:\/\/www.sonoraenequipo.com.mx\/#website","url":"https:\/\/www.sonoraenequipo.com.mx\/","name":"Sonora en Equipo.","description":"Diario en l\u00ednea con Noticias desde Hermosillo, Sonora","publisher":{"@id":"https:\/\/www.sonoraenequipo.com.mx\/#organization"},"potentialAction":[{"@type":"SearchAction","target":{"@type":"EntryPoint","urlTemplate":"https:\/\/www.sonoraenequipo.com.mx\/?s={search_term_string}"},"query-input":{"@type":"PropertyValueSpecification","valueRequired":true,"valueName":"search_term_string"}}],"inLanguage":"es"},{"@type":"Organization","@id":"https:\/\/www.sonoraenequipo.com.mx\/#organization","name":"Sonoraenequipo.com.mx","url":"https:\/\/www.sonoraenequipo.com.mx\/","logo":{"@type":"ImageObject","inLanguage":"es","@id":"https:\/\/www.sonoraenequipo.com.mx\/#\/schema\/logo\/image\/","url":"https:\/\/www.sonoraenequipo.com.mx\/storage\/2019\/01\/sonoraenequipo_opt.png","contentUrl":"https:\/\/www.sonoraenequipo.com.mx\/storage\/2019\/01\/sonoraenequipo_opt.png","width":375,"height":125,"caption":"Sonoraenequipo.com.mx"},"image":{"@id":"https:\/\/www.sonoraenequipo.com.mx\/#\/schema\/logo\/image\/"},"sameAs":["https:\/\/www.facebook.com\/SonoraEE\/","https:\/\/x.com\/sonoraenequipo","https:\/\/www.youtube.com\/channel\/UC338nW-lPEYmJQs4ZABQ1SQ"]},{"@type":"Person","@id":"https:\/\/www.sonoraenequipo.com.mx\/#\/schema\/person\/50102df0fb23a8fa9e8effad8fa81386","name":"enequipo","image":{"@type":"ImageObject","inLanguage":"es","@id":"https:\/\/www.sonoraenequipo.com.mx\/#\/schema\/person\/image\/","url":"https:\/\/secure.gravatar.com\/avatar\/049821681b589dabc0bc20695993ccebb09f5b5d4d790cd9251b97faac7c652b?s=96&d=blank&r=g","contentUrl":"https:\/\/secure.gravatar.com\/avatar\/049821681b589dabc0bc20695993ccebb09f5b5d4d790cd9251b97faac7c652b?s=96&d=blank&r=g","caption":"enequipo"},"sameAs":["https:\/\/www.facebook.com\/SonoraEE"]}]}},"jetpack_featured_media_url":"https:\/\/www.sonoraenequipo.com.mx\/storage\/2024\/03\/congreso-francia.jpg","_links":{"self":[{"href":"https:\/\/www.sonoraenequipo.com.mx\/api\/wp\/v2\/posts\/184691","targetHints":{"allow":["GET"]}}],"collection":[{"href":"https:\/\/www.sonoraenequipo.com.mx\/api\/wp\/v2\/posts"}],"about":[{"href":"https:\/\/www.sonoraenequipo.com.mx\/api\/wp\/v2\/types\/post"}],"author":[{"embeddable":true,"href":"https:\/\/www.sonoraenequipo.com.mx\/api\/wp\/v2\/users\/1"}],"replies":[{"embeddable":true,"href":"https:\/\/www.sonoraenequipo.com.mx\/api\/wp\/v2\/comments?post=184691"}],"version-history":[{"count":1,"href":"https:\/\/www.sonoraenequipo.com.mx\/api\/wp\/v2\/posts\/184691\/revisions"}],"predecessor-version":[{"id":184693,"href":"https:\/\/www.sonoraenequipo.com.mx\/api\/wp\/v2\/posts\/184691\/revisions\/184693"}],"wp:featuredmedia":[{"embeddable":true,"href":"https:\/\/www.sonoraenequipo.com.mx\/api\/wp\/v2\/media\/184692"}],"wp:attachment":[{"href":"https:\/\/www.sonoraenequipo.com.mx\/api\/wp\/v2\/media?parent=184691"}],"wp:term":[{"taxonomy":"category","embeddable":true,"href":"https:\/\/www.sonoraenequipo.com.mx\/api\/wp\/v2\/categories?post=184691"},{"taxonomy":"post_tag","embeddable":true,"href":"https:\/\/www.sonoraenequipo.com.mx\/api\/wp\/v2\/tags?post=184691"}],"curies":[{"name":"wp","href":"https:\/\/api.w.org\/{rel}","templated":true}]}}