{"id":184716,"date":"2024-03-04T19:25:12","date_gmt":"2024-03-05T02:25:12","guid":{"rendered":"https:\/\/www.sonoraenequipo.com.mx\/?p=184716"},"modified":"2024-03-05T10:47:11","modified_gmt":"2024-03-05T17:47:11","slug":"realiza-gobierno-de-sonora-acciones-preventivas-para-garantizar-abasto-de-agua","status":"publish","type":"post","link":"https:\/\/www.sonoraenequipo.com.mx\/realiza-gobierno-de-sonora-acciones-preventivas-para-garantizar-abasto-de-agua\/","title":{"rendered":"Realiza Gobierno de Sonora acciones preventivas para garantizar abasto de agua"},"content":{"rendered":"<p><strong>HERMOSILLO, SONORA. MX. \u2014 <\/strong>&#8211; El Gobierno de Sonora a trav\u00e9s de la Secretar\u00eda de Agricultura, Ganader\u00eda, Recursos Hidr\u00e1ulicos, Pesca y Acuacultura (Sagarhpa) y la Comisi\u00f3n Estatal del Agua (CEA), decret\u00f3 la Declaratoria de Estado de Emergencia H\u00eddrica, como un tr\u00e1mite administrativo, para tener la flexibilidad de atenderlo con una estrategia preventiva para los pr\u00f3ximos a\u00f1os, ya que durante este 2024 se tiene asegurado el abasto de agua potable para los 72 municipios de la entidad.<\/p>\n<p>&nbsp;<\/p>\n<p> <\/p>\n<p>Ariel Monge Mart\u00ednez, titular de la CEA, se\u00f1al\u00f3 que este decreto se lleva a cabo con la intenci\u00f3n de tener una estrategia de contenci\u00f3n que permita iniciar programas y acciones de forma inmediata, que permitan contar con el abasto suficiente para los pr\u00f3ximos a\u00f1os en caso de registrar temporadas at\u00edpicas sin precipitaciones.<\/p>\n<p>&nbsp;<\/p>\n<p>Se\u00f1al\u00f3 que la CEA contempla obras a corto, mediano y largo plazo, al trabajar en un total de 84 obras de rehabilitaci\u00f3n, perforaci\u00f3n y equipamiento de pozos, as\u00ed como la adquisici\u00f3n de seis pipas, con una inversi\u00f3n de 280 millones de pesos.<\/p>\n<p>&nbsp;<\/p>\n<p>Monge Mart\u00ednez a\u00f1adi\u00f3 que para este a\u00f1o se tiene asegurado el abasto de agua potable para todos los municipios de la entidad, adem\u00e1s de trabajar de forma coordinada con distintas dependencias estatales para atender el decreto y realizarlo de manera preventiva.<\/p>\n<p>&nbsp;<\/p>\n<p>PUBLICADO EL 04 DE MARZO DE 2024\/\/ Con informaci\u00f3n de GOSON 0324-017)<\/p>\n","protected":false},"excerpt":{"rendered":"<p>HERMOSILLO, SONORA. MX. \u2014 &#8211; El Gobierno de Sonora a trav\u00e9s de la Secretar\u00eda de&#8230;<\/p>\n","protected":false},"author":1,"featured_media":184717,"comment_status":"open","ping_status":"open","sticky":false,"template":"","format":"standard","meta":{"_monsterinsights_skip_tracking":false,"_monsterinsights_sitenote_active":false,"_monsterinsights_sitenote_note":"","_monsterinsights_sitenote_category":0,"footnotes":""},"categories":[5],"tags":[],"class_list":["post"],"yoast_head":" \n<title>Sonora en Equipo. Realiza Gobierno de Sonora acciones preventivas para garantizar abasto de agua Rep\u00fablica<\/title>\n<meta name=\"description\" content=\"HERMOSILLO, SONORA. MX. \u2014 - El Gobierno de Sonora a trav\u00e9s de la Secretar\u00eda de Agricultura, Ganader\u00eda, Recursos Hidr\u00e1ulicos, Pesca y Acuacultura En Sonora en Equipo publicamos toda la informaci\u00f3n de Sonora, M\u00e9xico y el Mundo de manera oportuna y busca que la libertad de expresi\u00f3n sea real. Visita nuestro medio informativo publicado desde Hermosillo, Sonora. %\" \/>\n<meta name=\"robots\" content=\"index, follow, max-snippet:-1, max-image-preview:large, max-video-preview:-1\" \/>\n<link rel=\"canonical\" href=\"https:\/\/www.sonoraenequipo.com.mx\/realiza-gobierno-de-sonora-acciones-preventivas-para-garantizar-abasto-de-agua\/\" \/>\n<meta property=\"og:locale\" content=\"es_ES\" \/>\n<meta property=\"og:type\" content=\"article\" \/>\n<meta property=\"og:title\" content=\"Sonora en Equipo. Realiza Gobierno de Sonora acciones preventivas para garantizar abasto de agua Rep\u00fablica\" \/>\n<meta property=\"og:description\" content=\"HERMOSILLO, SONORA. MX. \u2014 - El Gobierno de Sonora a trav\u00e9s de la Secretar\u00eda de Agricultura, Ganader\u00eda, Recursos Hidr\u00e1ulicos, Pesca y Acuacultura En Sonora en Equipo publicamos toda la informaci\u00f3n de Sonora, M\u00e9xico y el Mundo de manera oportuna y busca que la libertad de expresi\u00f3n sea real. Visita nuestro medio informativo publicado desde Hermosillo, Sonora. %\" \/>\n<meta property=\"og:url\" content=\"https:\/\/www.sonoraenequipo.com.mx\/realiza-gobierno-de-sonora-acciones-preventivas-para-garantizar-abasto-de-agua\/\" \/>\n<meta property=\"og:site_name\" content=\"Sonora en Equipo.\" \/>\n<meta property=\"article:publisher\" content=\"https:\/\/www.facebook.com\/SonoraEE\/\" \/>\n<meta property=\"article:author\" content=\"https:\/\/www.facebook.com\/SonoraEE\" \/>\n<meta property=\"article:published_time\" content=\"2024-03-05T02:25:12+00:00\" \/>\n<meta property=\"article:modified_time\" content=\"2024-03-05T17:47:11+00:00\" \/>\n<meta property=\"og:image\" content=\"https:\/\/www.sonoraenequipo.com.mx\/storage\/2024\/03\/crisis-por-sequia-y-desabasto-de-agua-en-sonora-min.jpg\" \/>\n\t<meta property=\"og:image:width\" content=\"800\" \/>\n\t<meta property=\"og:image:height\" content=\"600\" \/>\n\t<meta property=\"og:image:type\" content=\"image\/jpeg\" \/>\n<meta name=\"author\" content=\"enequipo\" \/>\n<meta name=\"twitter:card\" content=\"summary_large_image\" \/>\n<meta name=\"twitter:creator\" content=\"@sonoraenequipo\" \/>\n<meta name=\"twitter:site\" content=\"@sonoraenequipo\" \/>\n<meta name=\"twitter:label1\" content=\"Escrito por\" \/>\n\t<meta name=\"twitter:data1\" content=\"enequipo\" \/>\n\t<meta name=\"twitter:label2\" content=\"Tiempo de lectura\" \/>\n\t<meta name=\"twitter:data2\" content=\"1 minuto\" \/>\n<script type=\"application\/ld+json\" class=\"yoast-schema-graph\">{\"@context\":\"https:\/\/schema.org\",\"@graph\":[{\"@type\":\"Article\",\"@id\":\"https:\/\/www.sonoraenequipo.com.mx\/realiza-gobierno-de-sonora-acciones-preventivas-para-garantizar-abasto-de-agua\/#article\",\"isPartOf\":{\"@id\":\"https:\/\/www.sonoraenequipo.com.mx\/realiza-gobierno-de-sonora-acciones-preventivas-para-garantizar-abasto-de-agua\/\"},\"author\":{\"name\":\"enequipo\",\"@id\":\"https:\/\/www.sonoraenequipo.com.mx\/#\/schema\/person\/50102df0fb23a8fa9e8effad8fa81386\"},\"headline\":\"Realiza Gobierno de Sonora acciones preventivas para garantizar abasto de agua\",\"datePublished\":\"2024-03-05T02:25:12+00:00\",\"dateModified\":\"2024-03-05T17:47:11+00:00\",\"mainEntityOfPage\":{\"@id\":\"https:\/\/www.sonoraenequipo.com.mx\/realiza-gobierno-de-sonora-acciones-preventivas-para-garantizar-abasto-de-agua\/\"},\"wordCount\":257,\"commentCount\":0,\"publisher\":{\"@id\":\"https:\/\/www.sonoraenequipo.com.mx\/#organization\"},\"image\":{\"@id\":\"https:\/\/www.sonoraenequipo.com.mx\/realiza-gobierno-de-sonora-acciones-preventivas-para-garantizar-abasto-de-agua\/#primaryimage\"},\"thumbnailUrl\":\"https:\/\/www.sonoraenequipo.com.mx\/storage\/2024\/03\/crisis-por-sequia-y-desabasto-de-agua-en-sonora-min.jpg\",\"articleSection\":[\"Rep\u00fablica\"],\"inLanguage\":\"es\",\"potentialAction\":[{\"@type\":\"CommentAction\",\"name\":\"Comment\",\"target\":[\"https:\/\/www.sonoraenequipo.com.mx\/realiza-gobierno-de-sonora-acciones-preventivas-para-garantizar-abasto-de-agua\/#respond\"]}]},{\"@type\":\"WebPage\",\"@id\":\"https:\/\/www.sonoraenequipo.com.mx\/realiza-gobierno-de-sonora-acciones-preventivas-para-garantizar-abasto-de-agua\/\",\"url\":\"https:\/\/www.sonoraenequipo.com.mx\/realiza-gobierno-de-sonora-acciones-preventivas-para-garantizar-abasto-de-agua\/\",\"name\":\"Sonora en Equipo. Realiza Gobierno de Sonora acciones preventivas para garantizar abasto de agua Rep\u00fablica\",\"isPartOf\":{\"@id\":\"https:\/\/www.sonoraenequipo.com.mx\/#website\"},\"primaryImageOfPage\":{\"@id\":\"https:\/\/www.sonoraenequipo.com.mx\/realiza-gobierno-de-sonora-acciones-preventivas-para-garantizar-abasto-de-agua\/#primaryimage\"},\"image\":{\"@id\":\"https:\/\/www.sonoraenequipo.com.mx\/realiza-gobierno-de-sonora-acciones-preventivas-para-garantizar-abasto-de-agua\/#primaryimage\"},\"thumbnailUrl\":\"https:\/\/www.sonoraenequipo.com.mx\/storage\/2024\/03\/crisis-por-sequia-y-desabasto-de-agua-en-sonora-min.jpg\",\"datePublished\":\"2024-03-05T02:25:12+00:00\",\"dateModified\":\"2024-03-05T17:47:11+00:00\",\"description\":\"HERMOSILLO, SONORA. MX. \u2014 - El Gobierno de Sonora a trav\u00e9s de la Secretar\u00eda de Agricultura, Ganader\u00eda, Recursos Hidr\u00e1ulicos, Pesca y Acuacultura En Sonora en Equipo publicamos toda la informaci\u00f3n de Sonora, M\u00e9xico y el Mundo de manera oportuna y busca que la libertad de expresi\u00f3n sea real. Visita nuestro medio informativo publicado desde Hermosillo, Sonora. %\",\"breadcrumb\":{\"@id\":\"https:\/\/www.sonoraenequipo.com.mx\/realiza-gobierno-de-sonora-acciones-preventivas-para-garantizar-abasto-de-agua\/#breadcrumb\"},\"inLanguage\":\"es\",\"potentialAction\":[{\"@type\":\"ReadAction\",\"target\":[\"https:\/\/www.sonoraenequipo.com.mx\/realiza-gobierno-de-sonora-acciones-preventivas-para-garantizar-abasto-de-agua\/\"]}]},{\"@type\":\"ImageObject\",\"inLanguage\":\"es\",\"@id\":\"https:\/\/www.sonoraenequipo.com.mx\/realiza-gobierno-de-sonora-acciones-preventivas-para-garantizar-abasto-de-agua\/#primaryimage\",\"url\":\"https:\/\/www.sonoraenequipo.com.mx\/storage\/2024\/03\/crisis-por-sequia-y-desabasto-de-agua-en-sonora-min.jpg\",\"contentUrl\":\"https:\/\/www.sonoraenequipo.com.mx\/storage\/2024\/03\/crisis-por-sequia-y-desabasto-de-agua-en-sonora-min.jpg\",\"width\":800,\"height\":600},{\"@type\":\"BreadcrumbList\",\"@id\":\"https:\/\/www.sonoraenequipo.com.mx\/realiza-gobierno-de-sonora-acciones-preventivas-para-garantizar-abasto-de-agua\/#breadcrumb\",\"itemListElement\":[{\"@type\":\"ListItem\",\"position\":1,\"name\":\"Portada\",\"item\":\"https:\/\/www.sonoraenequipo.com.mx\/\"},{\"@type\":\"ListItem\",\"position\":2,\"name\":\"Realiza Gobierno de Sonora acciones preventivas para garantizar abasto de agua\"}]},{\"@type\":\"WebSite\",\"@id\":\"https:\/\/www.sonoraenequipo.com.mx\/#website\",\"url\":\"https:\/\/www.sonoraenequipo.com.mx\/\",\"name\":\"Sonora en Equipo.\",\"description\":\"Diario en l\u00ednea con Noticias desde Hermosillo, Sonora\",\"publisher\":{\"@id\":\"https:\/\/www.sonoraenequipo.com.mx\/#organization\"},\"potentialAction\":[{\"@type\":\"SearchAction\",\"target\":{\"@type\":\"EntryPoint\",\"urlTemplate\":\"https:\/\/www.sonoraenequipo.com.mx\/?s={search_term_string}\"},\"query-input\":{\"@type\":\"PropertyValueSpecification\",\"valueRequired\":true,\"valueName\":\"search_term_string\"}}],\"inLanguage\":\"es\"},{\"@type\":\"Organization\",\"@id\":\"https:\/\/www.sonoraenequipo.com.mx\/#organization\",\"name\":\"Sonoraenequipo.com.mx\",\"url\":\"https:\/\/www.sonoraenequipo.com.mx\/\",\"logo\":{\"@type\":\"ImageObject\",\"inLanguage\":\"es\",\"@id\":\"https:\/\/www.sonoraenequipo.com.mx\/#\/schema\/logo\/image\/\",\"url\":\"https:\/\/www.sonoraenequipo.com.mx\/storage\/2019\/01\/sonoraenequipo_opt.png\",\"contentUrl\":\"https:\/\/www.sonoraenequipo.com.mx\/storage\/2019\/01\/sonoraenequipo_opt.png\",\"width\":375,\"height\":125,\"caption\":\"Sonoraenequipo.com.mx\"},\"image\":{\"@id\":\"https:\/\/www.sonoraenequipo.com.mx\/#\/schema\/logo\/image\/\"},\"sameAs\":[\"https:\/\/www.facebook.com\/SonoraEE\/\",\"https:\/\/x.com\/sonoraenequipo\",\"https:\/\/www.youtube.com\/channel\/UC338nW-lPEYmJQs4ZABQ1SQ\"]},{\"@type\":\"Person\",\"@id\":\"https:\/\/www.sonoraenequipo.com.mx\/#\/schema\/person\/50102df0fb23a8fa9e8effad8fa81386\",\"name\":\"enequipo\",\"image\":{\"@type\":\"ImageObject\",\"inLanguage\":\"es\",\"@id\":\"https:\/\/www.sonoraenequipo.com.mx\/#\/schema\/person\/image\/\",\"url\":\"https:\/\/secure.gravatar.com\/avatar\/049821681b589dabc0bc20695993ccebb09f5b5d4d790cd9251b97faac7c652b?s=96&d=blank&r=g\",\"contentUrl\":\"https:\/\/secure.gravatar.com\/avatar\/049821681b589dabc0bc20695993ccebb09f5b5d4d790cd9251b97faac7c652b?s=96&d=blank&r=g\",\"caption\":\"enequipo\"},\"sameAs\":[\"https:\/\/www.facebook.com\/SonoraEE\"]}]}<\/script>\n ","yoast_head_json":{"title":"Sonora en Equipo. Realiza Gobierno de Sonora acciones preventivas para garantizar abasto de agua Rep\u00fablica","description":"HERMOSILLO, SONORA. MX. \u2014 - El Gobierno de Sonora a trav\u00e9s de la Secretar\u00eda de Agricultura, Ganader\u00eda, Recursos Hidr\u00e1ulicos, Pesca y Acuacultura En Sonora en Equipo publicamos toda la informaci\u00f3n de Sonora, M\u00e9xico y el Mundo de manera oportuna y busca que la libertad de expresi\u00f3n sea real. Visita nuestro medio informativo publicado desde Hermosillo, Sonora. %","robots":{"index":"index","follow":"follow","max-snippet":"max-snippet:-1","max-image-preview":"max-image-preview:large","max-video-preview":"max-video-preview:-1"},"canonical":"https:\/\/www.sonoraenequipo.com.mx\/realiza-gobierno-de-sonora-acciones-preventivas-para-garantizar-abasto-de-agua\/","og_locale":"es_ES","og_type":"article","og_title":"Sonora en Equipo. Realiza Gobierno de Sonora acciones preventivas para garantizar abasto de agua Rep\u00fablica","og_description":"HERMOSILLO, SONORA. MX. \u2014 - El Gobierno de Sonora a trav\u00e9s de la Secretar\u00eda de Agricultura, Ganader\u00eda, Recursos Hidr\u00e1ulicos, Pesca y Acuacultura En Sonora en Equipo publicamos toda la informaci\u00f3n de Sonora, M\u00e9xico y el Mundo de manera oportuna y busca que la libertad de expresi\u00f3n sea real. Visita nuestro medio informativo publicado desde Hermosillo, Sonora. %","og_url":"https:\/\/www.sonoraenequipo.com.mx\/realiza-gobierno-de-sonora-acciones-preventivas-para-garantizar-abasto-de-agua\/","og_site_name":"Sonora en Equipo.","article_publisher":"https:\/\/www.facebook.com\/SonoraEE\/","article_author":"https:\/\/www.facebook.com\/SonoraEE","article_published_time":"2024-03-05T02:25:12+00:00","article_modified_time":"2024-03-05T17:47:11+00:00","og_image":[{"width":800,"height":600,"url":"https:\/\/www.sonoraenequipo.com.mx\/storage\/2024\/03\/crisis-por-sequia-y-desabasto-de-agua-en-sonora-min.jpg","type":"image\/jpeg"}],"author":"enequipo","twitter_card":"summary_large_image","twitter_creator":"@sonoraenequipo","twitter_site":"@sonoraenequipo","twitter_misc":{"Escrito por":"enequipo","Tiempo de lectura":"1 minuto"},"schema":{"@context":"https:\/\/schema.org","@graph":[{"@type":"Article","@id":"https:\/\/www.sonoraenequipo.com.mx\/realiza-gobierno-de-sonora-acciones-preventivas-para-garantizar-abasto-de-agua\/#article","isPartOf":{"@id":"https:\/\/www.sonoraenequipo.com.mx\/realiza-gobierno-de-sonora-acciones-preventivas-para-garantizar-abasto-de-agua\/"},"author":{"name":"enequipo","@id":"https:\/\/www.sonoraenequipo.com.mx\/#\/schema\/person\/50102df0fb23a8fa9e8effad8fa81386"},"headline":"Realiza Gobierno de Sonora acciones preventivas para garantizar abasto de agua","datePublished":"2024-03-05T02:25:12+00:00","dateModified":"2024-03-05T17:47:11+00:00","mainEntityOfPage":{"@id":"https:\/\/www.sonoraenequipo.com.mx\/realiza-gobierno-de-sonora-acciones-preventivas-para-garantizar-abasto-de-agua\/"},"wordCount":257,"commentCount":0,"publisher":{"@id":"https:\/\/www.sonoraenequipo.com.mx\/#organization"},"image":{"@id":"https:\/\/www.sonoraenequipo.com.mx\/realiza-gobierno-de-sonora-acciones-preventivas-para-garantizar-abasto-de-agua\/#primaryimage"},"thumbnailUrl":"https:\/\/www.sonoraenequipo.com.mx\/storage\/2024\/03\/crisis-por-sequia-y-desabasto-de-agua-en-sonora-min.jpg","articleSection":["Rep\u00fablica"],"inLanguage":"es","potentialAction":[{"@type":"CommentAction","name":"Comment","target":["https:\/\/www.sonoraenequipo.com.mx\/realiza-gobierno-de-sonora-acciones-preventivas-para-garantizar-abasto-de-agua\/#respond"]}]},{"@type":"WebPage","@id":"https:\/\/www.sonoraenequipo.com.mx\/realiza-gobierno-de-sonora-acciones-preventivas-para-garantizar-abasto-de-agua\/","url":"https:\/\/www.sonoraenequipo.com.mx\/realiza-gobierno-de-sonora-acciones-preventivas-para-garantizar-abasto-de-agua\/","name":"Sonora en Equipo. Realiza Gobierno de Sonora acciones preventivas para garantizar abasto de agua Rep\u00fablica","isPartOf":{"@id":"https:\/\/www.sonoraenequipo.com.mx\/#website"},"primaryImageOfPage":{"@id":"https:\/\/www.sonoraenequipo.com.mx\/realiza-gobierno-de-sonora-acciones-preventivas-para-garantizar-abasto-de-agua\/#primaryimage"},"image":{"@id":"https:\/\/www.sonoraenequipo.com.mx\/realiza-gobierno-de-sonora-acciones-preventivas-para-garantizar-abasto-de-agua\/#primaryimage"},"thumbnailUrl":"https:\/\/www.sonoraenequipo.com.mx\/storage\/2024\/03\/crisis-por-sequia-y-desabasto-de-agua-en-sonora-min.jpg","datePublished":"2024-03-05T02:25:12+00:00","dateModified":"2024-03-05T17:47:11+00:00","description":"HERMOSILLO, SONORA. MX. \u2014 - El Gobierno de Sonora a trav\u00e9s de la Secretar\u00eda de Agricultura, Ganader\u00eda, Recursos Hidr\u00e1ulicos, Pesca y Acuacultura En Sonora en Equipo publicamos toda la informaci\u00f3n de Sonora, M\u00e9xico y el Mundo de manera oportuna y busca que la libertad de expresi\u00f3n sea real. Visita nuestro medio informativo publicado desde Hermosillo, Sonora. %","breadcrumb":{"@id":"https:\/\/www.sonoraenequipo.com.mx\/realiza-gobierno-de-sonora-acciones-preventivas-para-garantizar-abasto-de-agua\/#breadcrumb"},"inLanguage":"es","potentialAction":[{"@type":"ReadAction","target":["https:\/\/www.sonoraenequipo.com.mx\/realiza-gobierno-de-sonora-acciones-preventivas-para-garantizar-abasto-de-agua\/"]}]},{"@type":"ImageObject","inLanguage":"es","@id":"https:\/\/www.sonoraenequipo.com.mx\/realiza-gobierno-de-sonora-acciones-preventivas-para-garantizar-abasto-de-agua\/#primaryimage","url":"https:\/\/www.sonoraenequipo.com.mx\/storage\/2024\/03\/crisis-por-sequia-y-desabasto-de-agua-en-sonora-min.jpg","contentUrl":"https:\/\/www.sonoraenequipo.com.mx\/storage\/2024\/03\/crisis-por-sequia-y-desabasto-de-agua-en-sonora-min.jpg","width":800,"height":600},{"@type":"BreadcrumbList","@id":"https:\/\/www.sonoraenequipo.com.mx\/realiza-gobierno-de-sonora-acciones-preventivas-para-garantizar-abasto-de-agua\/#breadcrumb","itemListElement":[{"@type":"ListItem","position":1,"name":"Portada","item":"https:\/\/www.sonoraenequipo.com.mx\/"},{"@type":"ListItem","position":2,"name":"Realiza Gobierno de Sonora acciones preventivas para garantizar abasto de agua"}]},{"@type":"WebSite","@id":"https:\/\/www.sonoraenequipo.com.mx\/#website","url":"https:\/\/www.sonoraenequipo.com.mx\/","name":"Sonora en Equipo.","description":"Diario en l\u00ednea con Noticias desde Hermosillo, Sonora","publisher":{"@id":"https:\/\/www.sonoraenequipo.com.mx\/#organization"},"potentialAction":[{"@type":"SearchAction","target":{"@type":"EntryPoint","urlTemplate":"https:\/\/www.sonoraenequipo.com.mx\/?s={search_term_string}"},"query-input":{"@type":"PropertyValueSpecification","valueRequired":true,"valueName":"search_term_string"}}],"inLanguage":"es"},{"@type":"Organization","@id":"https:\/\/www.sonoraenequipo.com.mx\/#organization","name":"Sonoraenequipo.com.mx","url":"https:\/\/www.sonoraenequipo.com.mx\/","logo":{"@type":"ImageObject","inLanguage":"es","@id":"https:\/\/www.sonoraenequipo.com.mx\/#\/schema\/logo\/image\/","url":"https:\/\/www.sonoraenequipo.com.mx\/storage\/2019\/01\/sonoraenequipo_opt.png","contentUrl":"https:\/\/www.sonoraenequipo.com.mx\/storage\/2019\/01\/sonoraenequipo_opt.png","width":375,"height":125,"caption":"Sonoraenequipo.com.mx"},"image":{"@id":"https:\/\/www.sonoraenequipo.com.mx\/#\/schema\/logo\/image\/"},"sameAs":["https:\/\/www.facebook.com\/SonoraEE\/","https:\/\/x.com\/sonoraenequipo","https:\/\/www.youtube.com\/channel\/UC338nW-lPEYmJQs4ZABQ1SQ"]},{"@type":"Person","@id":"https:\/\/www.sonoraenequipo.com.mx\/#\/schema\/person\/50102df0fb23a8fa9e8effad8fa81386","name":"enequipo","image":{"@type":"ImageObject","inLanguage":"es","@id":"https:\/\/www.sonoraenequipo.com.mx\/#\/schema\/person\/image\/","url":"https:\/\/secure.gravatar.com\/avatar\/049821681b589dabc0bc20695993ccebb09f5b5d4d790cd9251b97faac7c652b?s=96&d=blank&r=g","contentUrl":"https:\/\/secure.gravatar.com\/avatar\/049821681b589dabc0bc20695993ccebb09f5b5d4d790cd9251b97faac7c652b?s=96&d=blank&r=g","caption":"enequipo"},"sameAs":["https:\/\/www.facebook.com\/SonoraEE"]}]}},"jetpack_featured_media_url":"https:\/\/www.sonoraenequipo.com.mx\/storage\/2024\/03\/crisis-por-sequia-y-desabasto-de-agua-en-sonora-min.jpg","_links":{"self":[{"href":"https:\/\/www.sonoraenequipo.com.mx\/api\/wp\/v2\/posts\/184716","targetHints":{"allow":["GET"]}}],"collection":[{"href":"https:\/\/www.sonoraenequipo.com.mx\/api\/wp\/v2\/posts"}],"about":[{"href":"https:\/\/www.sonoraenequipo.com.mx\/api\/wp\/v2\/types\/post"}],"author":[{"embeddable":true,"href":"https:\/\/www.sonoraenequipo.com.mx\/api\/wp\/v2\/users\/1"}],"replies":[{"embeddable":true,"href":"https:\/\/www.sonoraenequipo.com.mx\/api\/wp\/v2\/comments?post=184716"}],"version-history":[{"count":1,"href":"https:\/\/www.sonoraenequipo.com.mx\/api\/wp\/v2\/posts\/184716\/revisions"}],"predecessor-version":[{"id":184718,"href":"https:\/\/www.sonoraenequipo.com.mx\/api\/wp\/v2\/posts\/184716\/revisions\/184718"}],"wp:featuredmedia":[{"embeddable":true,"href":"https:\/\/www.sonoraenequipo.com.mx\/api\/wp\/v2\/media\/184717"}],"wp:attachment":[{"href":"https:\/\/www.sonoraenequipo.com.mx\/api\/wp\/v2\/media?parent=184716"}],"wp:term":[{"taxonomy":"category","embeddable":true,"href":"https:\/\/www.sonoraenequipo.com.mx\/api\/wp\/v2\/categories?post=184716"},{"taxonomy":"post_tag","embeddable":true,"href":"https:\/\/www.sonoraenequipo.com.mx\/api\/wp\/v2\/tags?post=184716"}],"curies":[{"name":"wp","href":"https:\/\/api.w.org\/{rel}","templated":true}]}}