{"id":184719,"date":"2024-03-05T10:17:00","date_gmt":"2024-03-05T17:17:00","guid":{"rendered":"https:\/\/www.sonoraenequipo.com.mx\/?p=184719"},"modified":"2024-03-05T12:20:50","modified_gmt":"2024-03-05T19:20:50","slug":"se-comprometen-a-fortalecer-el-plan-sonora-desde-el-senado","status":"publish","type":"post","link":"https:\/\/www.sonoraenequipo.com.mx\/se-comprometen-a-fortalecer-el-plan-sonora-desde-el-senado\/","title":{"rendered":"Se comprometen a fortalecer el Plan Sonora desde el Senado"},"content":{"rendered":"<p><strong>HERMOSILLO, SONORA. MX. \u2014<\/strong> El candidato al Senado de la Rep\u00fablica por Morena, Heriberto Aguilar, se comprometi\u00f3 a continuar impulsando el Plan Sonora de Energ\u00edas para el desarrollo econ\u00f3mico.<\/p>\n<p>&nbsp;<\/p>\n<p> <\/p>\n<p>&nbsp;<\/p>\n<p>Adem\u00e1s de impulsar los programas de la cuarta transformaci\u00f3n y la agenda de Claudia Sheinbaum, el candidato mencion\u00f3 que, en caso de llegar al Senado, trabajar\u00e1n de la mano con el gobernador Alfonso Durazo, para consolidar el programa que busca generar energ\u00edas limpias, m\u00e1s grande de Am\u00e9rica latina.<\/p>\n<p>&nbsp;<\/p>\n<p>Junto a Lorenia Valles, su compa\u00f1era de f\u00f3rmula, Heriberto Aguilar sostuvo que se tiene un prop\u00f3sito com\u00fan, llevar bienestar y atender las problem\u00e1ticas de cada una de las zonas de Sonora.<\/p>\n<p>&nbsp;<\/p>\n<p>&nbsp;<\/p>\n<p><em><strong>\u201cEs fundamental avanzar en el Plan Sonora, porque es una visi\u00f3n estrat\u00e9gica de desarrollo con una claridad de que el Nearshoring sea una posici\u00f3n estrat\u00e9gica en su momento, entonces con esta propuesta de la doctora Claudia Sheinbaum y la visi\u00f3n de nuestro Gobernador de generar condiciones de desarrollo\u201d,<\/strong><\/em> indic\u00f3.<\/p>\n<p>&nbsp;<\/p>\n<p>&nbsp;<\/p>\n<p>La f\u00f3rmula al senado por Morena comenzar\u00e1 con los recorridos en diferentes municipios de Sonora, durante la semana, se tendr\u00e1n recorridos en los dos distritos federales de Hermosillo, as\u00ed como Guaymas y en Ciudad Obreg\u00f3n.<\/p>\n<p>&nbsp;<\/p>\n<p>&nbsp;<\/p>\n<p>PUBLICADO EL 05 DE MARZO DE 2024\/\/ Con informaci\u00f3n Aar\u00f3n Araiza\/RADIO SONORA)<\/p>\n","protected":false},"excerpt":{"rendered":"<p>HERMOSILLO, SONORA. MX. \u2014 El candidato al Senado de la Rep\u00fablica por Morena, Heriberto Aguilar,&#8230;<\/p>\n","protected":false},"author":1,"featured_media":184724,"comment_status":"open","ping_status":"open","sticky":false,"template":"","format":"standard","meta":{"_monsterinsights_skip_tracking":false,"_monsterinsights_sitenote_active":false,"_monsterinsights_sitenote_note":"","_monsterinsights_sitenote_category":0,"footnotes":""},"categories":[22],"tags":[],"class_list":["post"],"yoast_head":" \n<title>Sonora en Equipo. Se comprometen a fortalecer el Plan Sonora desde el Senado Sonora<\/title>\n<meta name=\"description\" content=\"HERMOSILLO, SONORA. MX. \u2014 El candidato al Senado de la Rep\u00fablica por Morena, Heriberto Aguilar, se comprometi\u00f3 a continuar impulsando el Plan Sonora de En Sonora en Equipo publicamos toda la informaci\u00f3n de Sonora, M\u00e9xico y el Mundo de manera oportuna y busca que la libertad de expresi\u00f3n sea real. Visita nuestro medio informativo publicado desde Hermosillo, Sonora. %\" \/>\n<meta name=\"robots\" content=\"index, follow, max-snippet:-1, max-image-preview:large, max-video-preview:-1\" \/>\n<link rel=\"canonical\" href=\"https:\/\/www.sonoraenequipo.com.mx\/se-comprometen-a-fortalecer-el-plan-sonora-desde-el-senado\/\" \/>\n<meta property=\"og:locale\" content=\"es_ES\" \/>\n<meta property=\"og:type\" content=\"article\" \/>\n<meta property=\"og:title\" content=\"Sonora en Equipo. Se comprometen a fortalecer el Plan Sonora desde el Senado Sonora\" \/>\n<meta property=\"og:description\" content=\"HERMOSILLO, SONORA. MX. \u2014 El candidato al Senado de la Rep\u00fablica por Morena, Heriberto Aguilar, se comprometi\u00f3 a continuar impulsando el Plan Sonora de En Sonora en Equipo publicamos toda la informaci\u00f3n de Sonora, M\u00e9xico y el Mundo de manera oportuna y busca que la libertad de expresi\u00f3n sea real. Visita nuestro medio informativo publicado desde Hermosillo, Sonora. %\" \/>\n<meta property=\"og:url\" content=\"https:\/\/www.sonoraenequipo.com.mx\/se-comprometen-a-fortalecer-el-plan-sonora-desde-el-senado\/\" \/>\n<meta property=\"og:site_name\" content=\"Sonora en Equipo.\" \/>\n<meta property=\"article:publisher\" content=\"https:\/\/www.facebook.com\/SonoraEE\/\" \/>\n<meta property=\"article:author\" content=\"https:\/\/www.facebook.com\/SonoraEE\" \/>\n<meta property=\"article:published_time\" content=\"2024-03-05T17:17:00+00:00\" \/>\n<meta property=\"article:modified_time\" content=\"2024-03-05T19:20:50+00:00\" \/>\n<meta property=\"og:image\" content=\"https:\/\/www.sonoraenequipo.com.mx\/storage\/2024\/03\/Heriberto-Aguilar-y-Lorena-Valles-min.jpeg\" \/>\n\t<meta property=\"og:image:width\" content=\"1133\" \/>\n\t<meta property=\"og:image:height\" content=\"633\" \/>\n\t<meta property=\"og:image:type\" content=\"image\/jpeg\" \/>\n<meta name=\"author\" content=\"enequipo\" \/>\n<meta name=\"twitter:card\" content=\"summary_large_image\" \/>\n<meta name=\"twitter:creator\" content=\"@sonoraenequipo\" \/>\n<meta name=\"twitter:site\" content=\"@sonoraenequipo\" \/>\n<meta name=\"twitter:label1\" content=\"Escrito por\" \/>\n\t<meta name=\"twitter:data1\" content=\"enequipo\" \/>\n\t<meta name=\"twitter:label2\" content=\"Tiempo de lectura\" \/>\n\t<meta name=\"twitter:data2\" content=\"1 minuto\" \/>\n<script type=\"application\/ld+json\" class=\"yoast-schema-graph\">{\"@context\":\"https:\/\/schema.org\",\"@graph\":[{\"@type\":\"Article\",\"@id\":\"https:\/\/www.sonoraenequipo.com.mx\/se-comprometen-a-fortalecer-el-plan-sonora-desde-el-senado\/#article\",\"isPartOf\":{\"@id\":\"https:\/\/www.sonoraenequipo.com.mx\/se-comprometen-a-fortalecer-el-plan-sonora-desde-el-senado\/\"},\"author\":{\"name\":\"enequipo\",\"@id\":\"https:\/\/www.sonoraenequipo.com.mx\/#\/schema\/person\/50102df0fb23a8fa9e8effad8fa81386\"},\"headline\":\"Se comprometen a fortalecer el Plan Sonora desde el Senado\",\"datePublished\":\"2024-03-05T17:17:00+00:00\",\"dateModified\":\"2024-03-05T19:20:50+00:00\",\"mainEntityOfPage\":{\"@id\":\"https:\/\/www.sonoraenequipo.com.mx\/se-comprometen-a-fortalecer-el-plan-sonora-desde-el-senado\/\"},\"wordCount\":245,\"commentCount\":0,\"publisher\":{\"@id\":\"https:\/\/www.sonoraenequipo.com.mx\/#organization\"},\"image\":{\"@id\":\"https:\/\/www.sonoraenequipo.com.mx\/se-comprometen-a-fortalecer-el-plan-sonora-desde-el-senado\/#primaryimage\"},\"thumbnailUrl\":\"https:\/\/www.sonoraenequipo.com.mx\/storage\/2024\/03\/Heriberto-Aguilar-y-Lorena-Valles-min.jpeg\",\"articleSection\":[\"Sonora\"],\"inLanguage\":\"es\",\"potentialAction\":[{\"@type\":\"CommentAction\",\"name\":\"Comment\",\"target\":[\"https:\/\/www.sonoraenequipo.com.mx\/se-comprometen-a-fortalecer-el-plan-sonora-desde-el-senado\/#respond\"]}]},{\"@type\":\"WebPage\",\"@id\":\"https:\/\/www.sonoraenequipo.com.mx\/se-comprometen-a-fortalecer-el-plan-sonora-desde-el-senado\/\",\"url\":\"https:\/\/www.sonoraenequipo.com.mx\/se-comprometen-a-fortalecer-el-plan-sonora-desde-el-senado\/\",\"name\":\"Sonora en Equipo. Se comprometen a fortalecer el Plan Sonora desde el Senado Sonora\",\"isPartOf\":{\"@id\":\"https:\/\/www.sonoraenequipo.com.mx\/#website\"},\"primaryImageOfPage\":{\"@id\":\"https:\/\/www.sonoraenequipo.com.mx\/se-comprometen-a-fortalecer-el-plan-sonora-desde-el-senado\/#primaryimage\"},\"image\":{\"@id\":\"https:\/\/www.sonoraenequipo.com.mx\/se-comprometen-a-fortalecer-el-plan-sonora-desde-el-senado\/#primaryimage\"},\"thumbnailUrl\":\"https:\/\/www.sonoraenequipo.com.mx\/storage\/2024\/03\/Heriberto-Aguilar-y-Lorena-Valles-min.jpeg\",\"datePublished\":\"2024-03-05T17:17:00+00:00\",\"dateModified\":\"2024-03-05T19:20:50+00:00\",\"description\":\"HERMOSILLO, SONORA. MX. \u2014 El candidato al Senado de la Rep\u00fablica por Morena, Heriberto Aguilar, se comprometi\u00f3 a continuar impulsando el Plan Sonora de En Sonora en Equipo publicamos toda la informaci\u00f3n de Sonora, M\u00e9xico y el Mundo de manera oportuna y busca que la libertad de expresi\u00f3n sea real. Visita nuestro medio informativo publicado desde Hermosillo, Sonora. %\",\"breadcrumb\":{\"@id\":\"https:\/\/www.sonoraenequipo.com.mx\/se-comprometen-a-fortalecer-el-plan-sonora-desde-el-senado\/#breadcrumb\"},\"inLanguage\":\"es\",\"potentialAction\":[{\"@type\":\"ReadAction\",\"target\":[\"https:\/\/www.sonoraenequipo.com.mx\/se-comprometen-a-fortalecer-el-plan-sonora-desde-el-senado\/\"]}]},{\"@type\":\"ImageObject\",\"inLanguage\":\"es\",\"@id\":\"https:\/\/www.sonoraenequipo.com.mx\/se-comprometen-a-fortalecer-el-plan-sonora-desde-el-senado\/#primaryimage\",\"url\":\"https:\/\/www.sonoraenequipo.com.mx\/storage\/2024\/03\/Heriberto-Aguilar-y-Lorena-Valles-min.jpeg\",\"contentUrl\":\"https:\/\/www.sonoraenequipo.com.mx\/storage\/2024\/03\/Heriberto-Aguilar-y-Lorena-Valles-min.jpeg\",\"width\":1133,\"height\":633},{\"@type\":\"BreadcrumbList\",\"@id\":\"https:\/\/www.sonoraenequipo.com.mx\/se-comprometen-a-fortalecer-el-plan-sonora-desde-el-senado\/#breadcrumb\",\"itemListElement\":[{\"@type\":\"ListItem\",\"position\":1,\"name\":\"Portada\",\"item\":\"https:\/\/www.sonoraenequipo.com.mx\/\"},{\"@type\":\"ListItem\",\"position\":2,\"name\":\"Se comprometen a fortalecer el Plan Sonora desde el Senado\"}]},{\"@type\":\"WebSite\",\"@id\":\"https:\/\/www.sonoraenequipo.com.mx\/#website\",\"url\":\"https:\/\/www.sonoraenequipo.com.mx\/\",\"name\":\"Sonora en Equipo.\",\"description\":\"Diario en l\u00ednea con Noticias desde Hermosillo, Sonora\",\"publisher\":{\"@id\":\"https:\/\/www.sonoraenequipo.com.mx\/#organization\"},\"potentialAction\":[{\"@type\":\"SearchAction\",\"target\":{\"@type\":\"EntryPoint\",\"urlTemplate\":\"https:\/\/www.sonoraenequipo.com.mx\/?s={search_term_string}\"},\"query-input\":{\"@type\":\"PropertyValueSpecification\",\"valueRequired\":true,\"valueName\":\"search_term_string\"}}],\"inLanguage\":\"es\"},{\"@type\":\"Organization\",\"@id\":\"https:\/\/www.sonoraenequipo.com.mx\/#organization\",\"name\":\"Sonoraenequipo.com.mx\",\"url\":\"https:\/\/www.sonoraenequipo.com.mx\/\",\"logo\":{\"@type\":\"ImageObject\",\"inLanguage\":\"es\",\"@id\":\"https:\/\/www.sonoraenequipo.com.mx\/#\/schema\/logo\/image\/\",\"url\":\"https:\/\/www.sonoraenequipo.com.mx\/storage\/2019\/01\/sonoraenequipo_opt.png\",\"contentUrl\":\"https:\/\/www.sonoraenequipo.com.mx\/storage\/2019\/01\/sonoraenequipo_opt.png\",\"width\":375,\"height\":125,\"caption\":\"Sonoraenequipo.com.mx\"},\"image\":{\"@id\":\"https:\/\/www.sonoraenequipo.com.mx\/#\/schema\/logo\/image\/\"},\"sameAs\":[\"https:\/\/www.facebook.com\/SonoraEE\/\",\"https:\/\/x.com\/sonoraenequipo\",\"https:\/\/www.youtube.com\/channel\/UC338nW-lPEYmJQs4ZABQ1SQ\"]},{\"@type\":\"Person\",\"@id\":\"https:\/\/www.sonoraenequipo.com.mx\/#\/schema\/person\/50102df0fb23a8fa9e8effad8fa81386\",\"name\":\"enequipo\",\"image\":{\"@type\":\"ImageObject\",\"inLanguage\":\"es\",\"@id\":\"https:\/\/www.sonoraenequipo.com.mx\/#\/schema\/person\/image\/\",\"url\":\"https:\/\/secure.gravatar.com\/avatar\/049821681b589dabc0bc20695993ccebb09f5b5d4d790cd9251b97faac7c652b?s=96&d=blank&r=g\",\"contentUrl\":\"https:\/\/secure.gravatar.com\/avatar\/049821681b589dabc0bc20695993ccebb09f5b5d4d790cd9251b97faac7c652b?s=96&d=blank&r=g\",\"caption\":\"enequipo\"},\"sameAs\":[\"https:\/\/www.facebook.com\/SonoraEE\"]}]}<\/script>\n ","yoast_head_json":{"title":"Sonora en Equipo. Se comprometen a fortalecer el Plan Sonora desde el Senado Sonora","description":"HERMOSILLO, SONORA. MX. \u2014 El candidato al Senado de la Rep\u00fablica por Morena, Heriberto Aguilar, se comprometi\u00f3 a continuar impulsando el Plan Sonora de En Sonora en Equipo publicamos toda la informaci\u00f3n de Sonora, M\u00e9xico y el Mundo de manera oportuna y busca que la libertad de expresi\u00f3n sea real. Visita nuestro medio informativo publicado desde Hermosillo, Sonora. %","robots":{"index":"index","follow":"follow","max-snippet":"max-snippet:-1","max-image-preview":"max-image-preview:large","max-video-preview":"max-video-preview:-1"},"canonical":"https:\/\/www.sonoraenequipo.com.mx\/se-comprometen-a-fortalecer-el-plan-sonora-desde-el-senado\/","og_locale":"es_ES","og_type":"article","og_title":"Sonora en Equipo. Se comprometen a fortalecer el Plan Sonora desde el Senado Sonora","og_description":"HERMOSILLO, SONORA. MX. \u2014 El candidato al Senado de la Rep\u00fablica por Morena, Heriberto Aguilar, se comprometi\u00f3 a continuar impulsando el Plan Sonora de En Sonora en Equipo publicamos toda la informaci\u00f3n de Sonora, M\u00e9xico y el Mundo de manera oportuna y busca que la libertad de expresi\u00f3n sea real. Visita nuestro medio informativo publicado desde Hermosillo, Sonora. %","og_url":"https:\/\/www.sonoraenequipo.com.mx\/se-comprometen-a-fortalecer-el-plan-sonora-desde-el-senado\/","og_site_name":"Sonora en Equipo.","article_publisher":"https:\/\/www.facebook.com\/SonoraEE\/","article_author":"https:\/\/www.facebook.com\/SonoraEE","article_published_time":"2024-03-05T17:17:00+00:00","article_modified_time":"2024-03-05T19:20:50+00:00","og_image":[{"width":1133,"height":633,"url":"https:\/\/www.sonoraenequipo.com.mx\/storage\/2024\/03\/Heriberto-Aguilar-y-Lorena-Valles-min.jpeg","type":"image\/jpeg"}],"author":"enequipo","twitter_card":"summary_large_image","twitter_creator":"@sonoraenequipo","twitter_site":"@sonoraenequipo","twitter_misc":{"Escrito por":"enequipo","Tiempo de lectura":"1 minuto"},"schema":{"@context":"https:\/\/schema.org","@graph":[{"@type":"Article","@id":"https:\/\/www.sonoraenequipo.com.mx\/se-comprometen-a-fortalecer-el-plan-sonora-desde-el-senado\/#article","isPartOf":{"@id":"https:\/\/www.sonoraenequipo.com.mx\/se-comprometen-a-fortalecer-el-plan-sonora-desde-el-senado\/"},"author":{"name":"enequipo","@id":"https:\/\/www.sonoraenequipo.com.mx\/#\/schema\/person\/50102df0fb23a8fa9e8effad8fa81386"},"headline":"Se comprometen a fortalecer el Plan Sonora desde el Senado","datePublished":"2024-03-05T17:17:00+00:00","dateModified":"2024-03-05T19:20:50+00:00","mainEntityOfPage":{"@id":"https:\/\/www.sonoraenequipo.com.mx\/se-comprometen-a-fortalecer-el-plan-sonora-desde-el-senado\/"},"wordCount":245,"commentCount":0,"publisher":{"@id":"https:\/\/www.sonoraenequipo.com.mx\/#organization"},"image":{"@id":"https:\/\/www.sonoraenequipo.com.mx\/se-comprometen-a-fortalecer-el-plan-sonora-desde-el-senado\/#primaryimage"},"thumbnailUrl":"https:\/\/www.sonoraenequipo.com.mx\/storage\/2024\/03\/Heriberto-Aguilar-y-Lorena-Valles-min.jpeg","articleSection":["Sonora"],"inLanguage":"es","potentialAction":[{"@type":"CommentAction","name":"Comment","target":["https:\/\/www.sonoraenequipo.com.mx\/se-comprometen-a-fortalecer-el-plan-sonora-desde-el-senado\/#respond"]}]},{"@type":"WebPage","@id":"https:\/\/www.sonoraenequipo.com.mx\/se-comprometen-a-fortalecer-el-plan-sonora-desde-el-senado\/","url":"https:\/\/www.sonoraenequipo.com.mx\/se-comprometen-a-fortalecer-el-plan-sonora-desde-el-senado\/","name":"Sonora en Equipo. Se comprometen a fortalecer el Plan Sonora desde el Senado Sonora","isPartOf":{"@id":"https:\/\/www.sonoraenequipo.com.mx\/#website"},"primaryImageOfPage":{"@id":"https:\/\/www.sonoraenequipo.com.mx\/se-comprometen-a-fortalecer-el-plan-sonora-desde-el-senado\/#primaryimage"},"image":{"@id":"https:\/\/www.sonoraenequipo.com.mx\/se-comprometen-a-fortalecer-el-plan-sonora-desde-el-senado\/#primaryimage"},"thumbnailUrl":"https:\/\/www.sonoraenequipo.com.mx\/storage\/2024\/03\/Heriberto-Aguilar-y-Lorena-Valles-min.jpeg","datePublished":"2024-03-05T17:17:00+00:00","dateModified":"2024-03-05T19:20:50+00:00","description":"HERMOSILLO, SONORA. MX. \u2014 El candidato al Senado de la Rep\u00fablica por Morena, Heriberto Aguilar, se comprometi\u00f3 a continuar impulsando el Plan Sonora de En Sonora en Equipo publicamos toda la informaci\u00f3n de Sonora, M\u00e9xico y el Mundo de manera oportuna y busca que la libertad de expresi\u00f3n sea real. Visita nuestro medio informativo publicado desde Hermosillo, Sonora. %","breadcrumb":{"@id":"https:\/\/www.sonoraenequipo.com.mx\/se-comprometen-a-fortalecer-el-plan-sonora-desde-el-senado\/#breadcrumb"},"inLanguage":"es","potentialAction":[{"@type":"ReadAction","target":["https:\/\/www.sonoraenequipo.com.mx\/se-comprometen-a-fortalecer-el-plan-sonora-desde-el-senado\/"]}]},{"@type":"ImageObject","inLanguage":"es","@id":"https:\/\/www.sonoraenequipo.com.mx\/se-comprometen-a-fortalecer-el-plan-sonora-desde-el-senado\/#primaryimage","url":"https:\/\/www.sonoraenequipo.com.mx\/storage\/2024\/03\/Heriberto-Aguilar-y-Lorena-Valles-min.jpeg","contentUrl":"https:\/\/www.sonoraenequipo.com.mx\/storage\/2024\/03\/Heriberto-Aguilar-y-Lorena-Valles-min.jpeg","width":1133,"height":633},{"@type":"BreadcrumbList","@id":"https:\/\/www.sonoraenequipo.com.mx\/se-comprometen-a-fortalecer-el-plan-sonora-desde-el-senado\/#breadcrumb","itemListElement":[{"@type":"ListItem","position":1,"name":"Portada","item":"https:\/\/www.sonoraenequipo.com.mx\/"},{"@type":"ListItem","position":2,"name":"Se comprometen a fortalecer el Plan Sonora desde el Senado"}]},{"@type":"WebSite","@id":"https:\/\/www.sonoraenequipo.com.mx\/#website","url":"https:\/\/www.sonoraenequipo.com.mx\/","name":"Sonora en Equipo.","description":"Diario en l\u00ednea con Noticias desde Hermosillo, Sonora","publisher":{"@id":"https:\/\/www.sonoraenequipo.com.mx\/#organization"},"potentialAction":[{"@type":"SearchAction","target":{"@type":"EntryPoint","urlTemplate":"https:\/\/www.sonoraenequipo.com.mx\/?s={search_term_string}"},"query-input":{"@type":"PropertyValueSpecification","valueRequired":true,"valueName":"search_term_string"}}],"inLanguage":"es"},{"@type":"Organization","@id":"https:\/\/www.sonoraenequipo.com.mx\/#organization","name":"Sonoraenequipo.com.mx","url":"https:\/\/www.sonoraenequipo.com.mx\/","logo":{"@type":"ImageObject","inLanguage":"es","@id":"https:\/\/www.sonoraenequipo.com.mx\/#\/schema\/logo\/image\/","url":"https:\/\/www.sonoraenequipo.com.mx\/storage\/2019\/01\/sonoraenequipo_opt.png","contentUrl":"https:\/\/www.sonoraenequipo.com.mx\/storage\/2019\/01\/sonoraenequipo_opt.png","width":375,"height":125,"caption":"Sonoraenequipo.com.mx"},"image":{"@id":"https:\/\/www.sonoraenequipo.com.mx\/#\/schema\/logo\/image\/"},"sameAs":["https:\/\/www.facebook.com\/SonoraEE\/","https:\/\/x.com\/sonoraenequipo","https:\/\/www.youtube.com\/channel\/UC338nW-lPEYmJQs4ZABQ1SQ"]},{"@type":"Person","@id":"https:\/\/www.sonoraenequipo.com.mx\/#\/schema\/person\/50102df0fb23a8fa9e8effad8fa81386","name":"enequipo","image":{"@type":"ImageObject","inLanguage":"es","@id":"https:\/\/www.sonoraenequipo.com.mx\/#\/schema\/person\/image\/","url":"https:\/\/secure.gravatar.com\/avatar\/049821681b589dabc0bc20695993ccebb09f5b5d4d790cd9251b97faac7c652b?s=96&d=blank&r=g","contentUrl":"https:\/\/secure.gravatar.com\/avatar\/049821681b589dabc0bc20695993ccebb09f5b5d4d790cd9251b97faac7c652b?s=96&d=blank&r=g","caption":"enequipo"},"sameAs":["https:\/\/www.facebook.com\/SonoraEE"]}]}},"jetpack_featured_media_url":"https:\/\/www.sonoraenequipo.com.mx\/storage\/2024\/03\/Heriberto-Aguilar-y-Lorena-Valles-min.jpeg","_links":{"self":[{"href":"https:\/\/www.sonoraenequipo.com.mx\/api\/wp\/v2\/posts\/184719","targetHints":{"allow":["GET"]}}],"collection":[{"href":"https:\/\/www.sonoraenequipo.com.mx\/api\/wp\/v2\/posts"}],"about":[{"href":"https:\/\/www.sonoraenequipo.com.mx\/api\/wp\/v2\/types\/post"}],"author":[{"embeddable":true,"href":"https:\/\/www.sonoraenequipo.com.mx\/api\/wp\/v2\/users\/1"}],"replies":[{"embeddable":true,"href":"https:\/\/www.sonoraenequipo.com.mx\/api\/wp\/v2\/comments?post=184719"}],"version-history":[{"count":1,"href":"https:\/\/www.sonoraenequipo.com.mx\/api\/wp\/v2\/posts\/184719\/revisions"}],"predecessor-version":[{"id":184732,"href":"https:\/\/www.sonoraenequipo.com.mx\/api\/wp\/v2\/posts\/184719\/revisions\/184732"}],"wp:featuredmedia":[{"embeddable":true,"href":"https:\/\/www.sonoraenequipo.com.mx\/api\/wp\/v2\/media\/184724"}],"wp:attachment":[{"href":"https:\/\/www.sonoraenequipo.com.mx\/api\/wp\/v2\/media?parent=184719"}],"wp:term":[{"taxonomy":"category","embeddable":true,"href":"https:\/\/www.sonoraenequipo.com.mx\/api\/wp\/v2\/categories?post=184719"},{"taxonomy":"post_tag","embeddable":true,"href":"https:\/\/www.sonoraenequipo.com.mx\/api\/wp\/v2\/tags?post=184719"}],"curies":[{"name":"wp","href":"https:\/\/api.w.org\/{rel}","templated":true}]}}