{"id":184720,"date":"2024-03-05T11:53:11","date_gmt":"2024-03-05T18:53:11","guid":{"rendered":"https:\/\/www.sonoraenequipo.com.mx\/?p=184720"},"modified":"2024-03-05T11:53:11","modified_gmt":"2024-03-05T18:53:11","slug":"juez-vincula-a-proceso-a-cuatro-sujetos-por-probable-homicidio-en-guaymas","status":"publish","type":"post","link":"https:\/\/www.sonoraenequipo.com.mx\/juez-vincula-a-proceso-a-cuatro-sujetos-por-probable-homicidio-en-guaymas\/","title":{"rendered":"Juez vincula a proceso a cuatro sujetos por probable homicidio en Guaymas"},"content":{"rendered":"<p><strong>GUAYMAS, SONORA, MX.\u02d7\u02d7\u02d7<\/strong> Elementos de la Agencia Ministerial de Investigaci\u00f3n Criminal (AMIC) capturaron a Pedro \u201cN\u201d, Leoncio \u201cN\u201d, Andr\u00e9s \u201cN\u201d y Miguel Adri\u00e1n \u201cN\u201d, a quienes un Juez vincul\u00f3 a proceso por su probable responsabilidad por el homicidio de No\u00e9 Alonso \u201cN\u201d, ocurrido el 13 de enero de 2024.<\/p>\n<p>&nbsp;<\/p>\n<p>A los cuatro detenidos se les imputan los hechos ocurridos ese d\u00eda en la colonia Yucat\u00e1n, en el municipio de Guaymas, Sonora, donde la v\u00edctima particip\u00f3 en una ri\u00f1a en la que varios sujetos lo privaron de la vida.<\/p>\n<p>&nbsp;<\/p>\n<p>La mec\u00e1nica de los hechos establece que los cuatro se\u00f1alados agredieron al hoy fallecido a golpes hasta arrojarlo al suelo, siendo Leoncio \u00abN\u00bb quien, una vez derribado, dejo caer una roca de tama\u00f1o considerable sobre la cabeza de la v\u00edctima.<\/p>\n<p>&nbsp;<\/p>\n<p>Posteriormente, Pedro \u00abN\u00bb atac\u00f3 al afectado con un arma punzo cortante, provocando serias lesiones en la humanidad del hoy occiso, falleciendo en el sitio, tras lo cual los cuatro se\u00f1alados lo arrastraron a la orilla de la vialidad y se retiraron.<\/p>\n<p>&nbsp;<\/p>\n<p>Tras tomar nota de los hechos, y recabar diversos indicios en el lugar, el agente del Ministerio P\u00fablico inici\u00f3 con la integraci\u00f3n de la correspondiente carpeta de investigaci\u00f3n, logrando establecer, con medios de prueba suficientes, la probable responsabilidad de los cuatro se\u00f1alados, por lo que se solicit\u00f3 al Juez otorgara las \u00f3rdenes de aprehensi\u00f3n contra los sujetos con base en el caudal probatorio que se le expuso en audiencia.<\/p>\n<p>&nbsp;<\/p>\n<p>Una vez que se otorgaron los referidos mandatos judiciales, elementos de la Agencia Ministerial de Investigaci\u00f3n Criminal (AMIC) realizaron las acciones conducentes para lograr la captura de los cuatro individuos, quienes fueron puestos a disposici\u00f3n del Juez de Control.<\/p>\n<p>&nbsp;<\/p>\n<p>Para ello la madrugada del 24 de febrero se efectu\u00f3 un operativo de captura, logrando en dicha jornada ejecutar las cuatro \u00f3rdenes de aprehensi\u00f3n.<\/p>\n<p>&nbsp;<\/p>\n<p>Por parte de la Fiscal\u00eda General de Justicia del Estado de Sonora (FGJES) se formul\u00f3 imputaci\u00f3n contra los se\u00f1alados, quienes fueron vinculados a proceso por determinaci\u00f3n del Juez por el delito de homicidio calificado con ventaja, tras lo cual fueron puestos en prisi\u00f3n preventiva.<\/p>\n<p><strong><em><u>Fecha de publicaci\u00f3n<\/u><\/em><\/strong><strong><em><u> martes 5 de marzo de 2024<\/u><\/em><\/strong><\/p>\n","protected":false},"excerpt":{"rendered":"<p>GUAYMAS, SONORA, MX.\u02d7\u02d7\u02d7 Elementos de la Agencia Ministerial de Investigaci\u00f3n Criminal (AMIC) capturaron a Pedro&#8230;<\/p>\n","protected":false},"author":1,"featured_media":184721,"comment_status":"open","ping_status":"open","sticky":false,"template":"","format":"standard","meta":{"_monsterinsights_skip_tracking":false,"_monsterinsights_sitenote_active":false,"_monsterinsights_sitenote_note":"","_monsterinsights_sitenote_category":0,"footnotes":""},"categories":[3144],"tags":[170,15],"class_list":["post"],"yoast_head":" \n<title>Sonora en Equipo. Juez vincula a proceso a cuatro sujetos por probable homicidio en Guaymas Polic\u00edaca<\/title>\n<meta name=\"description\" content=\"GUAYMAS, SONORA, MX.\u02d7\u02d7\u02d7 Elementos de la Agencia Ministerial de Investigaci\u00f3n Criminal (AMIC) capturaron a Pedro \u201cN\u201d, Leoncio \u201cN\u201d, Andr\u00e9s \u201cN\u201d y Miguel En Sonora en Equipo publicamos toda la informaci\u00f3n de Sonora, M\u00e9xico y el Mundo de manera oportuna y busca que la libertad de expresi\u00f3n sea real. Visita nuestro medio informativo publicado desde Hermosillo, Sonora. %\" \/>\n<meta name=\"robots\" content=\"index, follow, max-snippet:-1, max-image-preview:large, max-video-preview:-1\" \/>\n<link rel=\"canonical\" href=\"https:\/\/www.sonoraenequipo.com.mx\/juez-vincula-a-proceso-a-cuatro-sujetos-por-probable-homicidio-en-guaymas\/\" \/>\n<meta property=\"og:locale\" content=\"es_ES\" \/>\n<meta property=\"og:type\" content=\"article\" \/>\n<meta property=\"og:title\" content=\"Sonora en Equipo. Juez vincula a proceso a cuatro sujetos por probable homicidio en Guaymas Polic\u00edaca\" \/>\n<meta property=\"og:description\" content=\"GUAYMAS, SONORA, MX.\u02d7\u02d7\u02d7 Elementos de la Agencia Ministerial de Investigaci\u00f3n Criminal (AMIC) capturaron a Pedro \u201cN\u201d, Leoncio \u201cN\u201d, Andr\u00e9s \u201cN\u201d y Miguel En Sonora en Equipo publicamos toda la informaci\u00f3n de Sonora, M\u00e9xico y el Mundo de manera oportuna y busca que la libertad de expresi\u00f3n sea real. Visita nuestro medio informativo publicado desde Hermosillo, Sonora. %\" \/>\n<meta property=\"og:url\" content=\"https:\/\/www.sonoraenequipo.com.mx\/juez-vincula-a-proceso-a-cuatro-sujetos-por-probable-homicidio-en-guaymas\/\" \/>\n<meta property=\"og:site_name\" content=\"Sonora en Equipo.\" \/>\n<meta property=\"article:publisher\" content=\"https:\/\/www.facebook.com\/SonoraEE\/\" \/>\n<meta property=\"article:author\" content=\"https:\/\/www.facebook.com\/SonoraEE\" \/>\n<meta property=\"article:published_time\" content=\"2024-03-05T18:53:11+00:00\" \/>\n<meta property=\"og:image\" content=\"https:\/\/www.sonoraenequipo.com.mx\/storage\/2024\/03\/4-GMS.jpg\" \/>\n\t<meta property=\"og:image:width\" content=\"600\" \/>\n\t<meta property=\"og:image:height\" content=\"362\" \/>\n\t<meta property=\"og:image:type\" content=\"image\/jpeg\" \/>\n<meta name=\"author\" content=\"enequipo\" \/>\n<meta name=\"twitter:card\" content=\"summary_large_image\" \/>\n<meta name=\"twitter:creator\" content=\"@sonoraenequipo\" \/>\n<meta name=\"twitter:site\" content=\"@sonoraenequipo\" \/>\n<meta name=\"twitter:label1\" content=\"Escrito por\" \/>\n\t<meta name=\"twitter:data1\" content=\"enequipo\" \/>\n\t<meta name=\"twitter:label2\" content=\"Tiempo de lectura\" \/>\n\t<meta name=\"twitter:data2\" content=\"2 minutos\" \/>\n<script type=\"application\/ld+json\" class=\"yoast-schema-graph\">{\"@context\":\"https:\/\/schema.org\",\"@graph\":[{\"@type\":\"Article\",\"@id\":\"https:\/\/www.sonoraenequipo.com.mx\/juez-vincula-a-proceso-a-cuatro-sujetos-por-probable-homicidio-en-guaymas\/#article\",\"isPartOf\":{\"@id\":\"https:\/\/www.sonoraenequipo.com.mx\/juez-vincula-a-proceso-a-cuatro-sujetos-por-probable-homicidio-en-guaymas\/\"},\"author\":{\"name\":\"enequipo\",\"@id\":\"https:\/\/www.sonoraenequipo.com.mx\/#\/schema\/person\/50102df0fb23a8fa9e8effad8fa81386\"},\"headline\":\"Juez vincula a proceso a cuatro sujetos por probable homicidio en Guaymas\",\"datePublished\":\"2024-03-05T18:53:11+00:00\",\"mainEntityOfPage\":{\"@id\":\"https:\/\/www.sonoraenequipo.com.mx\/juez-vincula-a-proceso-a-cuatro-sujetos-por-probable-homicidio-en-guaymas\/\"},\"wordCount\":394,\"commentCount\":0,\"publisher\":{\"@id\":\"https:\/\/www.sonoraenequipo.com.mx\/#organization\"},\"image\":{\"@id\":\"https:\/\/www.sonoraenequipo.com.mx\/juez-vincula-a-proceso-a-cuatro-sujetos-por-probable-homicidio-en-guaymas\/#primaryimage\"},\"thumbnailUrl\":\"https:\/\/www.sonoraenequipo.com.mx\/storage\/2024\/03\/4-GMS.jpg\",\"keywords\":[\"Seguridad\",\"Sonora\"],\"articleSection\":[\"Polic\u00edaca\"],\"inLanguage\":\"es\",\"potentialAction\":[{\"@type\":\"CommentAction\",\"name\":\"Comment\",\"target\":[\"https:\/\/www.sonoraenequipo.com.mx\/juez-vincula-a-proceso-a-cuatro-sujetos-por-probable-homicidio-en-guaymas\/#respond\"]}]},{\"@type\":\"WebPage\",\"@id\":\"https:\/\/www.sonoraenequipo.com.mx\/juez-vincula-a-proceso-a-cuatro-sujetos-por-probable-homicidio-en-guaymas\/\",\"url\":\"https:\/\/www.sonoraenequipo.com.mx\/juez-vincula-a-proceso-a-cuatro-sujetos-por-probable-homicidio-en-guaymas\/\",\"name\":\"Sonora en Equipo. Juez vincula a proceso a cuatro sujetos por probable homicidio en Guaymas Polic\u00edaca\",\"isPartOf\":{\"@id\":\"https:\/\/www.sonoraenequipo.com.mx\/#website\"},\"primaryImageOfPage\":{\"@id\":\"https:\/\/www.sonoraenequipo.com.mx\/juez-vincula-a-proceso-a-cuatro-sujetos-por-probable-homicidio-en-guaymas\/#primaryimage\"},\"image\":{\"@id\":\"https:\/\/www.sonoraenequipo.com.mx\/juez-vincula-a-proceso-a-cuatro-sujetos-por-probable-homicidio-en-guaymas\/#primaryimage\"},\"thumbnailUrl\":\"https:\/\/www.sonoraenequipo.com.mx\/storage\/2024\/03\/4-GMS.jpg\",\"datePublished\":\"2024-03-05T18:53:11+00:00\",\"description\":\"GUAYMAS, SONORA, MX.\u02d7\u02d7\u02d7 Elementos de la Agencia Ministerial de Investigaci\u00f3n Criminal (AMIC) capturaron a Pedro \u201cN\u201d, Leoncio \u201cN\u201d, Andr\u00e9s \u201cN\u201d y Miguel En Sonora en Equipo publicamos toda la informaci\u00f3n de Sonora, M\u00e9xico y el Mundo de manera oportuna y busca que la libertad de expresi\u00f3n sea real. Visita nuestro medio informativo publicado desde Hermosillo, Sonora. %\",\"breadcrumb\":{\"@id\":\"https:\/\/www.sonoraenequipo.com.mx\/juez-vincula-a-proceso-a-cuatro-sujetos-por-probable-homicidio-en-guaymas\/#breadcrumb\"},\"inLanguage\":\"es\",\"potentialAction\":[{\"@type\":\"ReadAction\",\"target\":[\"https:\/\/www.sonoraenequipo.com.mx\/juez-vincula-a-proceso-a-cuatro-sujetos-por-probable-homicidio-en-guaymas\/\"]}]},{\"@type\":\"ImageObject\",\"inLanguage\":\"es\",\"@id\":\"https:\/\/www.sonoraenequipo.com.mx\/juez-vincula-a-proceso-a-cuatro-sujetos-por-probable-homicidio-en-guaymas\/#primaryimage\",\"url\":\"https:\/\/www.sonoraenequipo.com.mx\/storage\/2024\/03\/4-GMS.jpg\",\"contentUrl\":\"https:\/\/www.sonoraenequipo.com.mx\/storage\/2024\/03\/4-GMS.jpg\",\"width\":600,\"height\":362},{\"@type\":\"BreadcrumbList\",\"@id\":\"https:\/\/www.sonoraenequipo.com.mx\/juez-vincula-a-proceso-a-cuatro-sujetos-por-probable-homicidio-en-guaymas\/#breadcrumb\",\"itemListElement\":[{\"@type\":\"ListItem\",\"position\":1,\"name\":\"Portada\",\"item\":\"https:\/\/www.sonoraenequipo.com.mx\/\"},{\"@type\":\"ListItem\",\"position\":2,\"name\":\"Juez vincula a proceso a cuatro sujetos por probable homicidio en Guaymas\"}]},{\"@type\":\"WebSite\",\"@id\":\"https:\/\/www.sonoraenequipo.com.mx\/#website\",\"url\":\"https:\/\/www.sonoraenequipo.com.mx\/\",\"name\":\"Sonora en Equipo.\",\"description\":\"Diario en l\u00ednea con Noticias desde Hermosillo, Sonora\",\"publisher\":{\"@id\":\"https:\/\/www.sonoraenequipo.com.mx\/#organization\"},\"potentialAction\":[{\"@type\":\"SearchAction\",\"target\":{\"@type\":\"EntryPoint\",\"urlTemplate\":\"https:\/\/www.sonoraenequipo.com.mx\/?s={search_term_string}\"},\"query-input\":{\"@type\":\"PropertyValueSpecification\",\"valueRequired\":true,\"valueName\":\"search_term_string\"}}],\"inLanguage\":\"es\"},{\"@type\":\"Organization\",\"@id\":\"https:\/\/www.sonoraenequipo.com.mx\/#organization\",\"name\":\"Sonoraenequipo.com.mx\",\"url\":\"https:\/\/www.sonoraenequipo.com.mx\/\",\"logo\":{\"@type\":\"ImageObject\",\"inLanguage\":\"es\",\"@id\":\"https:\/\/www.sonoraenequipo.com.mx\/#\/schema\/logo\/image\/\",\"url\":\"https:\/\/www.sonoraenequipo.com.mx\/storage\/2019\/01\/sonoraenequipo_opt.png\",\"contentUrl\":\"https:\/\/www.sonoraenequipo.com.mx\/storage\/2019\/01\/sonoraenequipo_opt.png\",\"width\":375,\"height\":125,\"caption\":\"Sonoraenequipo.com.mx\"},\"image\":{\"@id\":\"https:\/\/www.sonoraenequipo.com.mx\/#\/schema\/logo\/image\/\"},\"sameAs\":[\"https:\/\/www.facebook.com\/SonoraEE\/\",\"https:\/\/x.com\/sonoraenequipo\",\"https:\/\/www.youtube.com\/channel\/UC338nW-lPEYmJQs4ZABQ1SQ\"]},{\"@type\":\"Person\",\"@id\":\"https:\/\/www.sonoraenequipo.com.mx\/#\/schema\/person\/50102df0fb23a8fa9e8effad8fa81386\",\"name\":\"enequipo\",\"image\":{\"@type\":\"ImageObject\",\"inLanguage\":\"es\",\"@id\":\"https:\/\/www.sonoraenequipo.com.mx\/#\/schema\/person\/image\/\",\"url\":\"https:\/\/secure.gravatar.com\/avatar\/049821681b589dabc0bc20695993ccebb09f5b5d4d790cd9251b97faac7c652b?s=96&d=blank&r=g\",\"contentUrl\":\"https:\/\/secure.gravatar.com\/avatar\/049821681b589dabc0bc20695993ccebb09f5b5d4d790cd9251b97faac7c652b?s=96&d=blank&r=g\",\"caption\":\"enequipo\"},\"sameAs\":[\"https:\/\/www.facebook.com\/SonoraEE\"]}]}<\/script>\n ","yoast_head_json":{"title":"Sonora en Equipo. Juez vincula a proceso a cuatro sujetos por probable homicidio en Guaymas Polic\u00edaca","description":"GUAYMAS, SONORA, MX.\u02d7\u02d7\u02d7 Elementos de la Agencia Ministerial de Investigaci\u00f3n Criminal (AMIC) capturaron a Pedro \u201cN\u201d, Leoncio \u201cN\u201d, Andr\u00e9s \u201cN\u201d y Miguel En Sonora en Equipo publicamos toda la informaci\u00f3n de Sonora, M\u00e9xico y el Mundo de manera oportuna y busca que la libertad de expresi\u00f3n sea real. Visita nuestro medio informativo publicado desde Hermosillo, Sonora. %","robots":{"index":"index","follow":"follow","max-snippet":"max-snippet:-1","max-image-preview":"max-image-preview:large","max-video-preview":"max-video-preview:-1"},"canonical":"https:\/\/www.sonoraenequipo.com.mx\/juez-vincula-a-proceso-a-cuatro-sujetos-por-probable-homicidio-en-guaymas\/","og_locale":"es_ES","og_type":"article","og_title":"Sonora en Equipo. Juez vincula a proceso a cuatro sujetos por probable homicidio en Guaymas Polic\u00edaca","og_description":"GUAYMAS, SONORA, MX.\u02d7\u02d7\u02d7 Elementos de la Agencia Ministerial de Investigaci\u00f3n Criminal (AMIC) capturaron a Pedro \u201cN\u201d, Leoncio \u201cN\u201d, Andr\u00e9s \u201cN\u201d y Miguel En Sonora en Equipo publicamos toda la informaci\u00f3n de Sonora, M\u00e9xico y el Mundo de manera oportuna y busca que la libertad de expresi\u00f3n sea real. Visita nuestro medio informativo publicado desde Hermosillo, Sonora. %","og_url":"https:\/\/www.sonoraenequipo.com.mx\/juez-vincula-a-proceso-a-cuatro-sujetos-por-probable-homicidio-en-guaymas\/","og_site_name":"Sonora en Equipo.","article_publisher":"https:\/\/www.facebook.com\/SonoraEE\/","article_author":"https:\/\/www.facebook.com\/SonoraEE","article_published_time":"2024-03-05T18:53:11+00:00","og_image":[{"width":600,"height":362,"url":"https:\/\/www.sonoraenequipo.com.mx\/storage\/2024\/03\/4-GMS.jpg","type":"image\/jpeg"}],"author":"enequipo","twitter_card":"summary_large_image","twitter_creator":"@sonoraenequipo","twitter_site":"@sonoraenequipo","twitter_misc":{"Escrito por":"enequipo","Tiempo de lectura":"2 minutos"},"schema":{"@context":"https:\/\/schema.org","@graph":[{"@type":"Article","@id":"https:\/\/www.sonoraenequipo.com.mx\/juez-vincula-a-proceso-a-cuatro-sujetos-por-probable-homicidio-en-guaymas\/#article","isPartOf":{"@id":"https:\/\/www.sonoraenequipo.com.mx\/juez-vincula-a-proceso-a-cuatro-sujetos-por-probable-homicidio-en-guaymas\/"},"author":{"name":"enequipo","@id":"https:\/\/www.sonoraenequipo.com.mx\/#\/schema\/person\/50102df0fb23a8fa9e8effad8fa81386"},"headline":"Juez vincula a proceso a cuatro sujetos por probable homicidio en Guaymas","datePublished":"2024-03-05T18:53:11+00:00","mainEntityOfPage":{"@id":"https:\/\/www.sonoraenequipo.com.mx\/juez-vincula-a-proceso-a-cuatro-sujetos-por-probable-homicidio-en-guaymas\/"},"wordCount":394,"commentCount":0,"publisher":{"@id":"https:\/\/www.sonoraenequipo.com.mx\/#organization"},"image":{"@id":"https:\/\/www.sonoraenequipo.com.mx\/juez-vincula-a-proceso-a-cuatro-sujetos-por-probable-homicidio-en-guaymas\/#primaryimage"},"thumbnailUrl":"https:\/\/www.sonoraenequipo.com.mx\/storage\/2024\/03\/4-GMS.jpg","keywords":["Seguridad","Sonora"],"articleSection":["Polic\u00edaca"],"inLanguage":"es","potentialAction":[{"@type":"CommentAction","name":"Comment","target":["https:\/\/www.sonoraenequipo.com.mx\/juez-vincula-a-proceso-a-cuatro-sujetos-por-probable-homicidio-en-guaymas\/#respond"]}]},{"@type":"WebPage","@id":"https:\/\/www.sonoraenequipo.com.mx\/juez-vincula-a-proceso-a-cuatro-sujetos-por-probable-homicidio-en-guaymas\/","url":"https:\/\/www.sonoraenequipo.com.mx\/juez-vincula-a-proceso-a-cuatro-sujetos-por-probable-homicidio-en-guaymas\/","name":"Sonora en Equipo. Juez vincula a proceso a cuatro sujetos por probable homicidio en Guaymas Polic\u00edaca","isPartOf":{"@id":"https:\/\/www.sonoraenequipo.com.mx\/#website"},"primaryImageOfPage":{"@id":"https:\/\/www.sonoraenequipo.com.mx\/juez-vincula-a-proceso-a-cuatro-sujetos-por-probable-homicidio-en-guaymas\/#primaryimage"},"image":{"@id":"https:\/\/www.sonoraenequipo.com.mx\/juez-vincula-a-proceso-a-cuatro-sujetos-por-probable-homicidio-en-guaymas\/#primaryimage"},"thumbnailUrl":"https:\/\/www.sonoraenequipo.com.mx\/storage\/2024\/03\/4-GMS.jpg","datePublished":"2024-03-05T18:53:11+00:00","description":"GUAYMAS, SONORA, MX.\u02d7\u02d7\u02d7 Elementos de la Agencia Ministerial de Investigaci\u00f3n Criminal (AMIC) capturaron a Pedro \u201cN\u201d, Leoncio \u201cN\u201d, Andr\u00e9s \u201cN\u201d y Miguel En Sonora en Equipo publicamos toda la informaci\u00f3n de Sonora, M\u00e9xico y el Mundo de manera oportuna y busca que la libertad de expresi\u00f3n sea real. Visita nuestro medio informativo publicado desde Hermosillo, Sonora. %","breadcrumb":{"@id":"https:\/\/www.sonoraenequipo.com.mx\/juez-vincula-a-proceso-a-cuatro-sujetos-por-probable-homicidio-en-guaymas\/#breadcrumb"},"inLanguage":"es","potentialAction":[{"@type":"ReadAction","target":["https:\/\/www.sonoraenequipo.com.mx\/juez-vincula-a-proceso-a-cuatro-sujetos-por-probable-homicidio-en-guaymas\/"]}]},{"@type":"ImageObject","inLanguage":"es","@id":"https:\/\/www.sonoraenequipo.com.mx\/juez-vincula-a-proceso-a-cuatro-sujetos-por-probable-homicidio-en-guaymas\/#primaryimage","url":"https:\/\/www.sonoraenequipo.com.mx\/storage\/2024\/03\/4-GMS.jpg","contentUrl":"https:\/\/www.sonoraenequipo.com.mx\/storage\/2024\/03\/4-GMS.jpg","width":600,"height":362},{"@type":"BreadcrumbList","@id":"https:\/\/www.sonoraenequipo.com.mx\/juez-vincula-a-proceso-a-cuatro-sujetos-por-probable-homicidio-en-guaymas\/#breadcrumb","itemListElement":[{"@type":"ListItem","position":1,"name":"Portada","item":"https:\/\/www.sonoraenequipo.com.mx\/"},{"@type":"ListItem","position":2,"name":"Juez vincula a proceso a cuatro sujetos por probable homicidio en Guaymas"}]},{"@type":"WebSite","@id":"https:\/\/www.sonoraenequipo.com.mx\/#website","url":"https:\/\/www.sonoraenequipo.com.mx\/","name":"Sonora en Equipo.","description":"Diario en l\u00ednea con Noticias desde Hermosillo, Sonora","publisher":{"@id":"https:\/\/www.sonoraenequipo.com.mx\/#organization"},"potentialAction":[{"@type":"SearchAction","target":{"@type":"EntryPoint","urlTemplate":"https:\/\/www.sonoraenequipo.com.mx\/?s={search_term_string}"},"query-input":{"@type":"PropertyValueSpecification","valueRequired":true,"valueName":"search_term_string"}}],"inLanguage":"es"},{"@type":"Organization","@id":"https:\/\/www.sonoraenequipo.com.mx\/#organization","name":"Sonoraenequipo.com.mx","url":"https:\/\/www.sonoraenequipo.com.mx\/","logo":{"@type":"ImageObject","inLanguage":"es","@id":"https:\/\/www.sonoraenequipo.com.mx\/#\/schema\/logo\/image\/","url":"https:\/\/www.sonoraenequipo.com.mx\/storage\/2019\/01\/sonoraenequipo_opt.png","contentUrl":"https:\/\/www.sonoraenequipo.com.mx\/storage\/2019\/01\/sonoraenequipo_opt.png","width":375,"height":125,"caption":"Sonoraenequipo.com.mx"},"image":{"@id":"https:\/\/www.sonoraenequipo.com.mx\/#\/schema\/logo\/image\/"},"sameAs":["https:\/\/www.facebook.com\/SonoraEE\/","https:\/\/x.com\/sonoraenequipo","https:\/\/www.youtube.com\/channel\/UC338nW-lPEYmJQs4ZABQ1SQ"]},{"@type":"Person","@id":"https:\/\/www.sonoraenequipo.com.mx\/#\/schema\/person\/50102df0fb23a8fa9e8effad8fa81386","name":"enequipo","image":{"@type":"ImageObject","inLanguage":"es","@id":"https:\/\/www.sonoraenequipo.com.mx\/#\/schema\/person\/image\/","url":"https:\/\/secure.gravatar.com\/avatar\/049821681b589dabc0bc20695993ccebb09f5b5d4d790cd9251b97faac7c652b?s=96&d=blank&r=g","contentUrl":"https:\/\/secure.gravatar.com\/avatar\/049821681b589dabc0bc20695993ccebb09f5b5d4d790cd9251b97faac7c652b?s=96&d=blank&r=g","caption":"enequipo"},"sameAs":["https:\/\/www.facebook.com\/SonoraEE"]}]}},"jetpack_featured_media_url":"https:\/\/www.sonoraenequipo.com.mx\/storage\/2024\/03\/4-GMS.jpg","_links":{"self":[{"href":"https:\/\/www.sonoraenequipo.com.mx\/api\/wp\/v2\/posts\/184720","targetHints":{"allow":["GET"]}}],"collection":[{"href":"https:\/\/www.sonoraenequipo.com.mx\/api\/wp\/v2\/posts"}],"about":[{"href":"https:\/\/www.sonoraenequipo.com.mx\/api\/wp\/v2\/types\/post"}],"author":[{"embeddable":true,"href":"https:\/\/www.sonoraenequipo.com.mx\/api\/wp\/v2\/users\/1"}],"replies":[{"embeddable":true,"href":"https:\/\/www.sonoraenequipo.com.mx\/api\/wp\/v2\/comments?post=184720"}],"version-history":[{"count":1,"href":"https:\/\/www.sonoraenequipo.com.mx\/api\/wp\/v2\/posts\/184720\/revisions"}],"predecessor-version":[{"id":184722,"href":"https:\/\/www.sonoraenequipo.com.mx\/api\/wp\/v2\/posts\/184720\/revisions\/184722"}],"wp:featuredmedia":[{"embeddable":true,"href":"https:\/\/www.sonoraenequipo.com.mx\/api\/wp\/v2\/media\/184721"}],"wp:attachment":[{"href":"https:\/\/www.sonoraenequipo.com.mx\/api\/wp\/v2\/media?parent=184720"}],"wp:term":[{"taxonomy":"category","embeddable":true,"href":"https:\/\/www.sonoraenequipo.com.mx\/api\/wp\/v2\/categories?post=184720"},{"taxonomy":"post_tag","embeddable":true,"href":"https:\/\/www.sonoraenequipo.com.mx\/api\/wp\/v2\/tags?post=184720"}],"curies":[{"name":"wp","href":"https:\/\/api.w.org\/{rel}","templated":true}]}}