{"id":184723,"date":"2024-03-05T12:00:18","date_gmt":"2024-03-05T19:00:18","guid":{"rendered":"https:\/\/www.sonoraenequipo.com.mx\/?p=184723"},"modified":"2024-03-05T12:00:18","modified_gmt":"2024-03-05T19:00:18","slug":"se-suma-secundaria-federal-numero-12-a-programa-reciclase","status":"publish","type":"post","link":"https:\/\/www.sonoraenequipo.com.mx\/se-suma-secundaria-federal-numero-12-a-programa-reciclase\/","title":{"rendered":"Se suma Secundaria Federal N\u00famero 12 a programa Reciclase"},"content":{"rendered":"<p><strong>HERMOSILLO, SONORA,MX.\u02d7\u02d7\u02d7 <\/strong>Estudiantes de la Secundaria Federal N\u00famero 12 \u00abNicol\u00e1s Cedano Torres\u00bb, de la colonia Pueblitos, se sumaron al programa de separaci\u00f3n de residuos Reciclase.<\/p>\n<p>&nbsp;<\/p>\n<p>Como parte de las acciones para promover el cuidado del medio ambiente por parte de Servicios P\u00fablicos Municipales, personal de la dependencia ofreci\u00f3 pl\u00e1ticas sobre c\u00f3mo aprovechar los materiales reciclables, como pl\u00e1stico, papel, vidrio, cart\u00f3n, aluminio, entre otros.<\/p>\n<p>&nbsp;<\/p>\n<p>Se destac\u00f3 que estudiantes del plantel fueron ganadores del concurso de reciclaje Alebrijes, que realiz\u00f3 Servicios P\u00fablicos a finales del a\u00f1o pasado.<\/p>\n<p>&nbsp;<\/p>\n<p>Asistieron elementos de Seguridad P\u00fablica Municipal, quienes llevaron unidades motorizadas, para que los alumnos conocieran el equipamiento con el que ofrecen el servicio en el sector.<\/p>\n<p>&nbsp;<\/p>\n<p>Adem\u00e1s, personal de Agua de Hermosillo, por medio de la Gerencia de Fomento a la Cultura del Agua tambi\u00e9n imparti\u00f3 pl\u00e1ticas para promover el cuidado de la misma, sobre todo t\u00e9cnicas para aprovecharla y no desperdiciarla.<\/p>\n<p>&nbsp;<\/p>\n<p>Previo a todas estas actividades, alumnos, padres de familia y personal docente, participaron en la ceremonia de Lunes C\u00edvico, con la Escolta y Banda de Guerra de la secundaria, acompa\u00f1adas por las de la Jefatura de Polic\u00eda Preventiva y Tr\u00e1nsito Municipal.<\/p>\n<p><strong><em><u>Fecha de publicaci\u00f3n<\/u><\/em><\/strong><strong><em><u> martes 5 de marzo de 2024<\/u><\/em><\/strong><\/p>\n","protected":false},"excerpt":{"rendered":"<p>HERMOSILLO, SONORA,MX.\u02d7\u02d7\u02d7 Estudiantes de la Secundaria Federal N\u00famero 12 \u00abNicol\u00e1s Cedano Torres\u00bb, de la colonia&#8230;<\/p>\n","protected":false},"author":1,"featured_media":184733,"comment_status":"open","ping_status":"open","sticky":false,"template":"","format":"standard","meta":{"_monsterinsights_skip_tracking":false,"_monsterinsights_sitenote_active":false,"_monsterinsights_sitenote_note":"","_monsterinsights_sitenote_category":0,"footnotes":""},"categories":[4],"tags":[3225,9390],"class_list":["post"],"yoast_head":" \n<title>Sonora en Equipo. Se suma Secundaria Federal N\u00famero 12 a programa Reciclase Municipios<\/title>\n<meta name=\"description\" content=\"HERMOSILLO, SONORA,MX.\u02d7\u02d7\u02d7 Estudiantes de la Secundaria Federal N\u00famero 12 &quot;Nicol\u00e1s Cedano Torres&quot;, de la colonia Pueblitos, se sumaron al programa de En Sonora en Equipo publicamos toda la informaci\u00f3n de Sonora, M\u00e9xico y el Mundo de manera oportuna y busca que la libertad de expresi\u00f3n sea real. Visita nuestro medio informativo publicado desde Hermosillo, Sonora. %\" \/>\n<meta name=\"robots\" content=\"index, follow, max-snippet:-1, max-image-preview:large, max-video-preview:-1\" \/>\n<link rel=\"canonical\" href=\"https:\/\/www.sonoraenequipo.com.mx\/se-suma-secundaria-federal-numero-12-a-programa-reciclase\/\" \/>\n<meta property=\"og:locale\" content=\"es_ES\" \/>\n<meta property=\"og:type\" content=\"article\" \/>\n<meta property=\"og:title\" content=\"Sonora en Equipo. Se suma Secundaria Federal N\u00famero 12 a programa Reciclase Municipios\" \/>\n<meta property=\"og:description\" content=\"HERMOSILLO, SONORA,MX.\u02d7\u02d7\u02d7 Estudiantes de la Secundaria Federal N\u00famero 12 &quot;Nicol\u00e1s Cedano Torres&quot;, de la colonia Pueblitos, se sumaron al programa de En Sonora en Equipo publicamos toda la informaci\u00f3n de Sonora, M\u00e9xico y el Mundo de manera oportuna y busca que la libertad de expresi\u00f3n sea real. Visita nuestro medio informativo publicado desde Hermosillo, Sonora. %\" \/>\n<meta property=\"og:url\" content=\"https:\/\/www.sonoraenequipo.com.mx\/se-suma-secundaria-federal-numero-12-a-programa-reciclase\/\" \/>\n<meta property=\"og:site_name\" content=\"Sonora en Equipo.\" \/>\n<meta property=\"article:publisher\" content=\"https:\/\/www.facebook.com\/SonoraEE\/\" \/>\n<meta property=\"article:author\" content=\"https:\/\/www.facebook.com\/SonoraEE\" \/>\n<meta property=\"article:published_time\" content=\"2024-03-05T19:00:18+00:00\" \/>\n<meta property=\"og:image\" content=\"https:\/\/www.sonoraenequipo.com.mx\/storage\/2024\/03\/reciclase.jpg\" \/>\n\t<meta property=\"og:image:width\" content=\"600\" \/>\n\t<meta property=\"og:image:height\" content=\"401\" \/>\n\t<meta property=\"og:image:type\" content=\"image\/jpeg\" \/>\n<meta name=\"author\" content=\"enequipo\" \/>\n<meta name=\"twitter:card\" content=\"summary_large_image\" \/>\n<meta name=\"twitter:creator\" content=\"@sonoraenequipo\" \/>\n<meta name=\"twitter:site\" content=\"@sonoraenequipo\" \/>\n<meta name=\"twitter:label1\" content=\"Escrito por\" \/>\n\t<meta name=\"twitter:data1\" content=\"enequipo\" \/>\n\t<meta name=\"twitter:label2\" content=\"Tiempo de lectura\" \/>\n\t<meta name=\"twitter:data2\" content=\"1 minuto\" \/>\n<script type=\"application\/ld+json\" class=\"yoast-schema-graph\">{\"@context\":\"https:\/\/schema.org\",\"@graph\":[{\"@type\":\"Article\",\"@id\":\"https:\/\/www.sonoraenequipo.com.mx\/se-suma-secundaria-federal-numero-12-a-programa-reciclase\/#article\",\"isPartOf\":{\"@id\":\"https:\/\/www.sonoraenequipo.com.mx\/se-suma-secundaria-federal-numero-12-a-programa-reciclase\/\"},\"author\":{\"name\":\"enequipo\",\"@id\":\"https:\/\/www.sonoraenequipo.com.mx\/#\/schema\/person\/50102df0fb23a8fa9e8effad8fa81386\"},\"headline\":\"Se suma Secundaria Federal N\u00famero 12 a programa Reciclase\",\"datePublished\":\"2024-03-05T19:00:18+00:00\",\"mainEntityOfPage\":{\"@id\":\"https:\/\/www.sonoraenequipo.com.mx\/se-suma-secundaria-federal-numero-12-a-programa-reciclase\/\"},\"wordCount\":229,\"commentCount\":0,\"publisher\":{\"@id\":\"https:\/\/www.sonoraenequipo.com.mx\/#organization\"},\"image\":{\"@id\":\"https:\/\/www.sonoraenequipo.com.mx\/se-suma-secundaria-federal-numero-12-a-programa-reciclase\/#primaryimage\"},\"thumbnailUrl\":\"https:\/\/www.sonoraenequipo.com.mx\/storage\/2024\/03\/reciclase.jpg\",\"keywords\":[\"RECICLAR\",\"reciclse\"],\"articleSection\":[\"Municipios\"],\"inLanguage\":\"es\",\"potentialAction\":[{\"@type\":\"CommentAction\",\"name\":\"Comment\",\"target\":[\"https:\/\/www.sonoraenequipo.com.mx\/se-suma-secundaria-federal-numero-12-a-programa-reciclase\/#respond\"]}]},{\"@type\":\"WebPage\",\"@id\":\"https:\/\/www.sonoraenequipo.com.mx\/se-suma-secundaria-federal-numero-12-a-programa-reciclase\/\",\"url\":\"https:\/\/www.sonoraenequipo.com.mx\/se-suma-secundaria-federal-numero-12-a-programa-reciclase\/\",\"name\":\"Sonora en Equipo. Se suma Secundaria Federal N\u00famero 12 a programa Reciclase Municipios\",\"isPartOf\":{\"@id\":\"https:\/\/www.sonoraenequipo.com.mx\/#website\"},\"primaryImageOfPage\":{\"@id\":\"https:\/\/www.sonoraenequipo.com.mx\/se-suma-secundaria-federal-numero-12-a-programa-reciclase\/#primaryimage\"},\"image\":{\"@id\":\"https:\/\/www.sonoraenequipo.com.mx\/se-suma-secundaria-federal-numero-12-a-programa-reciclase\/#primaryimage\"},\"thumbnailUrl\":\"https:\/\/www.sonoraenequipo.com.mx\/storage\/2024\/03\/reciclase.jpg\",\"datePublished\":\"2024-03-05T19:00:18+00:00\",\"description\":\"HERMOSILLO, SONORA,MX.\u02d7\u02d7\u02d7 Estudiantes de la Secundaria Federal N\u00famero 12 \\\"Nicol\u00e1s Cedano Torres\\\", de la colonia Pueblitos, se sumaron al programa de En Sonora en Equipo publicamos toda la informaci\u00f3n de Sonora, M\u00e9xico y el Mundo de manera oportuna y busca que la libertad de expresi\u00f3n sea real. Visita nuestro medio informativo publicado desde Hermosillo, Sonora. %\",\"breadcrumb\":{\"@id\":\"https:\/\/www.sonoraenequipo.com.mx\/se-suma-secundaria-federal-numero-12-a-programa-reciclase\/#breadcrumb\"},\"inLanguage\":\"es\",\"potentialAction\":[{\"@type\":\"ReadAction\",\"target\":[\"https:\/\/www.sonoraenequipo.com.mx\/se-suma-secundaria-federal-numero-12-a-programa-reciclase\/\"]}]},{\"@type\":\"ImageObject\",\"inLanguage\":\"es\",\"@id\":\"https:\/\/www.sonoraenequipo.com.mx\/se-suma-secundaria-federal-numero-12-a-programa-reciclase\/#primaryimage\",\"url\":\"https:\/\/www.sonoraenequipo.com.mx\/storage\/2024\/03\/reciclase.jpg\",\"contentUrl\":\"https:\/\/www.sonoraenequipo.com.mx\/storage\/2024\/03\/reciclase.jpg\",\"width\":600,\"height\":401},{\"@type\":\"BreadcrumbList\",\"@id\":\"https:\/\/www.sonoraenequipo.com.mx\/se-suma-secundaria-federal-numero-12-a-programa-reciclase\/#breadcrumb\",\"itemListElement\":[{\"@type\":\"ListItem\",\"position\":1,\"name\":\"Portada\",\"item\":\"https:\/\/www.sonoraenequipo.com.mx\/\"},{\"@type\":\"ListItem\",\"position\":2,\"name\":\"Se suma Secundaria Federal N\u00famero 12 a programa Reciclase\"}]},{\"@type\":\"WebSite\",\"@id\":\"https:\/\/www.sonoraenequipo.com.mx\/#website\",\"url\":\"https:\/\/www.sonoraenequipo.com.mx\/\",\"name\":\"Sonora en Equipo.\",\"description\":\"Diario en l\u00ednea con Noticias desde Hermosillo, Sonora\",\"publisher\":{\"@id\":\"https:\/\/www.sonoraenequipo.com.mx\/#organization\"},\"potentialAction\":[{\"@type\":\"SearchAction\",\"target\":{\"@type\":\"EntryPoint\",\"urlTemplate\":\"https:\/\/www.sonoraenequipo.com.mx\/?s={search_term_string}\"},\"query-input\":{\"@type\":\"PropertyValueSpecification\",\"valueRequired\":true,\"valueName\":\"search_term_string\"}}],\"inLanguage\":\"es\"},{\"@type\":\"Organization\",\"@id\":\"https:\/\/www.sonoraenequipo.com.mx\/#organization\",\"name\":\"Sonoraenequipo.com.mx\",\"url\":\"https:\/\/www.sonoraenequipo.com.mx\/\",\"logo\":{\"@type\":\"ImageObject\",\"inLanguage\":\"es\",\"@id\":\"https:\/\/www.sonoraenequipo.com.mx\/#\/schema\/logo\/image\/\",\"url\":\"https:\/\/www.sonoraenequipo.com.mx\/storage\/2019\/01\/sonoraenequipo_opt.png\",\"contentUrl\":\"https:\/\/www.sonoraenequipo.com.mx\/storage\/2019\/01\/sonoraenequipo_opt.png\",\"width\":375,\"height\":125,\"caption\":\"Sonoraenequipo.com.mx\"},\"image\":{\"@id\":\"https:\/\/www.sonoraenequipo.com.mx\/#\/schema\/logo\/image\/\"},\"sameAs\":[\"https:\/\/www.facebook.com\/SonoraEE\/\",\"https:\/\/x.com\/sonoraenequipo\",\"https:\/\/www.youtube.com\/channel\/UC338nW-lPEYmJQs4ZABQ1SQ\"]},{\"@type\":\"Person\",\"@id\":\"https:\/\/www.sonoraenequipo.com.mx\/#\/schema\/person\/50102df0fb23a8fa9e8effad8fa81386\",\"name\":\"enequipo\",\"image\":{\"@type\":\"ImageObject\",\"inLanguage\":\"es\",\"@id\":\"https:\/\/www.sonoraenequipo.com.mx\/#\/schema\/person\/image\/\",\"url\":\"https:\/\/secure.gravatar.com\/avatar\/049821681b589dabc0bc20695993ccebb09f5b5d4d790cd9251b97faac7c652b?s=96&d=blank&r=g\",\"contentUrl\":\"https:\/\/secure.gravatar.com\/avatar\/049821681b589dabc0bc20695993ccebb09f5b5d4d790cd9251b97faac7c652b?s=96&d=blank&r=g\",\"caption\":\"enequipo\"},\"sameAs\":[\"https:\/\/www.facebook.com\/SonoraEE\"]}]}<\/script>\n ","yoast_head_json":{"title":"Sonora en Equipo. Se suma Secundaria Federal N\u00famero 12 a programa Reciclase Municipios","description":"HERMOSILLO, SONORA,MX.\u02d7\u02d7\u02d7 Estudiantes de la Secundaria Federal N\u00famero 12 \"Nicol\u00e1s Cedano Torres\", de la colonia Pueblitos, se sumaron al programa de En Sonora en Equipo publicamos toda la informaci\u00f3n de Sonora, M\u00e9xico y el Mundo de manera oportuna y busca que la libertad de expresi\u00f3n sea real. Visita nuestro medio informativo publicado desde Hermosillo, Sonora. %","robots":{"index":"index","follow":"follow","max-snippet":"max-snippet:-1","max-image-preview":"max-image-preview:large","max-video-preview":"max-video-preview:-1"},"canonical":"https:\/\/www.sonoraenequipo.com.mx\/se-suma-secundaria-federal-numero-12-a-programa-reciclase\/","og_locale":"es_ES","og_type":"article","og_title":"Sonora en Equipo. Se suma Secundaria Federal N\u00famero 12 a programa Reciclase Municipios","og_description":"HERMOSILLO, SONORA,MX.\u02d7\u02d7\u02d7 Estudiantes de la Secundaria Federal N\u00famero 12 \"Nicol\u00e1s Cedano Torres\", de la colonia Pueblitos, se sumaron al programa de En Sonora en Equipo publicamos toda la informaci\u00f3n de Sonora, M\u00e9xico y el Mundo de manera oportuna y busca que la libertad de expresi\u00f3n sea real. Visita nuestro medio informativo publicado desde Hermosillo, Sonora. %","og_url":"https:\/\/www.sonoraenequipo.com.mx\/se-suma-secundaria-federal-numero-12-a-programa-reciclase\/","og_site_name":"Sonora en Equipo.","article_publisher":"https:\/\/www.facebook.com\/SonoraEE\/","article_author":"https:\/\/www.facebook.com\/SonoraEE","article_published_time":"2024-03-05T19:00:18+00:00","og_image":[{"width":600,"height":401,"url":"https:\/\/www.sonoraenequipo.com.mx\/storage\/2024\/03\/reciclase.jpg","type":"image\/jpeg"}],"author":"enequipo","twitter_card":"summary_large_image","twitter_creator":"@sonoraenequipo","twitter_site":"@sonoraenequipo","twitter_misc":{"Escrito por":"enequipo","Tiempo de lectura":"1 minuto"},"schema":{"@context":"https:\/\/schema.org","@graph":[{"@type":"Article","@id":"https:\/\/www.sonoraenequipo.com.mx\/se-suma-secundaria-federal-numero-12-a-programa-reciclase\/#article","isPartOf":{"@id":"https:\/\/www.sonoraenequipo.com.mx\/se-suma-secundaria-federal-numero-12-a-programa-reciclase\/"},"author":{"name":"enequipo","@id":"https:\/\/www.sonoraenequipo.com.mx\/#\/schema\/person\/50102df0fb23a8fa9e8effad8fa81386"},"headline":"Se suma Secundaria Federal N\u00famero 12 a programa Reciclase","datePublished":"2024-03-05T19:00:18+00:00","mainEntityOfPage":{"@id":"https:\/\/www.sonoraenequipo.com.mx\/se-suma-secundaria-federal-numero-12-a-programa-reciclase\/"},"wordCount":229,"commentCount":0,"publisher":{"@id":"https:\/\/www.sonoraenequipo.com.mx\/#organization"},"image":{"@id":"https:\/\/www.sonoraenequipo.com.mx\/se-suma-secundaria-federal-numero-12-a-programa-reciclase\/#primaryimage"},"thumbnailUrl":"https:\/\/www.sonoraenequipo.com.mx\/storage\/2024\/03\/reciclase.jpg","keywords":["RECICLAR","reciclse"],"articleSection":["Municipios"],"inLanguage":"es","potentialAction":[{"@type":"CommentAction","name":"Comment","target":["https:\/\/www.sonoraenequipo.com.mx\/se-suma-secundaria-federal-numero-12-a-programa-reciclase\/#respond"]}]},{"@type":"WebPage","@id":"https:\/\/www.sonoraenequipo.com.mx\/se-suma-secundaria-federal-numero-12-a-programa-reciclase\/","url":"https:\/\/www.sonoraenequipo.com.mx\/se-suma-secundaria-federal-numero-12-a-programa-reciclase\/","name":"Sonora en Equipo. Se suma Secundaria Federal N\u00famero 12 a programa Reciclase Municipios","isPartOf":{"@id":"https:\/\/www.sonoraenequipo.com.mx\/#website"},"primaryImageOfPage":{"@id":"https:\/\/www.sonoraenequipo.com.mx\/se-suma-secundaria-federal-numero-12-a-programa-reciclase\/#primaryimage"},"image":{"@id":"https:\/\/www.sonoraenequipo.com.mx\/se-suma-secundaria-federal-numero-12-a-programa-reciclase\/#primaryimage"},"thumbnailUrl":"https:\/\/www.sonoraenequipo.com.mx\/storage\/2024\/03\/reciclase.jpg","datePublished":"2024-03-05T19:00:18+00:00","description":"HERMOSILLO, SONORA,MX.\u02d7\u02d7\u02d7 Estudiantes de la Secundaria Federal N\u00famero 12 \"Nicol\u00e1s Cedano Torres\", de la colonia Pueblitos, se sumaron al programa de En Sonora en Equipo publicamos toda la informaci\u00f3n de Sonora, M\u00e9xico y el Mundo de manera oportuna y busca que la libertad de expresi\u00f3n sea real. Visita nuestro medio informativo publicado desde Hermosillo, Sonora. %","breadcrumb":{"@id":"https:\/\/www.sonoraenequipo.com.mx\/se-suma-secundaria-federal-numero-12-a-programa-reciclase\/#breadcrumb"},"inLanguage":"es","potentialAction":[{"@type":"ReadAction","target":["https:\/\/www.sonoraenequipo.com.mx\/se-suma-secundaria-federal-numero-12-a-programa-reciclase\/"]}]},{"@type":"ImageObject","inLanguage":"es","@id":"https:\/\/www.sonoraenequipo.com.mx\/se-suma-secundaria-federal-numero-12-a-programa-reciclase\/#primaryimage","url":"https:\/\/www.sonoraenequipo.com.mx\/storage\/2024\/03\/reciclase.jpg","contentUrl":"https:\/\/www.sonoraenequipo.com.mx\/storage\/2024\/03\/reciclase.jpg","width":600,"height":401},{"@type":"BreadcrumbList","@id":"https:\/\/www.sonoraenequipo.com.mx\/se-suma-secundaria-federal-numero-12-a-programa-reciclase\/#breadcrumb","itemListElement":[{"@type":"ListItem","position":1,"name":"Portada","item":"https:\/\/www.sonoraenequipo.com.mx\/"},{"@type":"ListItem","position":2,"name":"Se suma Secundaria Federal N\u00famero 12 a programa Reciclase"}]},{"@type":"WebSite","@id":"https:\/\/www.sonoraenequipo.com.mx\/#website","url":"https:\/\/www.sonoraenequipo.com.mx\/","name":"Sonora en Equipo.","description":"Diario en l\u00ednea con Noticias desde Hermosillo, Sonora","publisher":{"@id":"https:\/\/www.sonoraenequipo.com.mx\/#organization"},"potentialAction":[{"@type":"SearchAction","target":{"@type":"EntryPoint","urlTemplate":"https:\/\/www.sonoraenequipo.com.mx\/?s={search_term_string}"},"query-input":{"@type":"PropertyValueSpecification","valueRequired":true,"valueName":"search_term_string"}}],"inLanguage":"es"},{"@type":"Organization","@id":"https:\/\/www.sonoraenequipo.com.mx\/#organization","name":"Sonoraenequipo.com.mx","url":"https:\/\/www.sonoraenequipo.com.mx\/","logo":{"@type":"ImageObject","inLanguage":"es","@id":"https:\/\/www.sonoraenequipo.com.mx\/#\/schema\/logo\/image\/","url":"https:\/\/www.sonoraenequipo.com.mx\/storage\/2019\/01\/sonoraenequipo_opt.png","contentUrl":"https:\/\/www.sonoraenequipo.com.mx\/storage\/2019\/01\/sonoraenequipo_opt.png","width":375,"height":125,"caption":"Sonoraenequipo.com.mx"},"image":{"@id":"https:\/\/www.sonoraenequipo.com.mx\/#\/schema\/logo\/image\/"},"sameAs":["https:\/\/www.facebook.com\/SonoraEE\/","https:\/\/x.com\/sonoraenequipo","https:\/\/www.youtube.com\/channel\/UC338nW-lPEYmJQs4ZABQ1SQ"]},{"@type":"Person","@id":"https:\/\/www.sonoraenequipo.com.mx\/#\/schema\/person\/50102df0fb23a8fa9e8effad8fa81386","name":"enequipo","image":{"@type":"ImageObject","inLanguage":"es","@id":"https:\/\/www.sonoraenequipo.com.mx\/#\/schema\/person\/image\/","url":"https:\/\/secure.gravatar.com\/avatar\/049821681b589dabc0bc20695993ccebb09f5b5d4d790cd9251b97faac7c652b?s=96&d=blank&r=g","contentUrl":"https:\/\/secure.gravatar.com\/avatar\/049821681b589dabc0bc20695993ccebb09f5b5d4d790cd9251b97faac7c652b?s=96&d=blank&r=g","caption":"enequipo"},"sameAs":["https:\/\/www.facebook.com\/SonoraEE"]}]}},"jetpack_featured_media_url":"https:\/\/www.sonoraenequipo.com.mx\/storage\/2024\/03\/reciclase.jpg","_links":{"self":[{"href":"https:\/\/www.sonoraenequipo.com.mx\/api\/wp\/v2\/posts\/184723","targetHints":{"allow":["GET"]}}],"collection":[{"href":"https:\/\/www.sonoraenequipo.com.mx\/api\/wp\/v2\/posts"}],"about":[{"href":"https:\/\/www.sonoraenequipo.com.mx\/api\/wp\/v2\/types\/post"}],"author":[{"embeddable":true,"href":"https:\/\/www.sonoraenequipo.com.mx\/api\/wp\/v2\/users\/1"}],"replies":[{"embeddable":true,"href":"https:\/\/www.sonoraenequipo.com.mx\/api\/wp\/v2\/comments?post=184723"}],"version-history":[{"count":1,"href":"https:\/\/www.sonoraenequipo.com.mx\/api\/wp\/v2\/posts\/184723\/revisions"}],"predecessor-version":[{"id":184734,"href":"https:\/\/www.sonoraenequipo.com.mx\/api\/wp\/v2\/posts\/184723\/revisions\/184734"}],"wp:featuredmedia":[{"embeddable":true,"href":"https:\/\/www.sonoraenequipo.com.mx\/api\/wp\/v2\/media\/184733"}],"wp:attachment":[{"href":"https:\/\/www.sonoraenequipo.com.mx\/api\/wp\/v2\/media?parent=184723"}],"wp:term":[{"taxonomy":"category","embeddable":true,"href":"https:\/\/www.sonoraenequipo.com.mx\/api\/wp\/v2\/categories?post=184723"},{"taxonomy":"post_tag","embeddable":true,"href":"https:\/\/www.sonoraenequipo.com.mx\/api\/wp\/v2\/tags?post=184723"}],"curies":[{"name":"wp","href":"https:\/\/api.w.org\/{rel}","templated":true}]}}