{"id":184746,"date":"2024-03-05T13:31:18","date_gmt":"2024-03-05T20:31:18","guid":{"rendered":"https:\/\/www.sonoraenequipo.com.mx\/?p=184746"},"modified":"2024-03-05T14:18:12","modified_gmt":"2024-03-05T21:18:12","slug":"ley-de-florida-que-limita-el-debate-progresista-es-inconstitucional-dice-tribunal","status":"publish","type":"post","link":"https:\/\/www.sonoraenequipo.com.mx\/ley-de-florida-que-limita-el-debate-progresista-es-inconstitucional-dice-tribunal\/","title":{"rendered":"Ley de Florida que limita el debate progresista es inconstitucional, dice tribunal"},"content":{"rendered":"<p><strong>ST. PETERSBURG, FLORIDA, EE.UU.<\/strong> \u2014 Una ley de Florida impulsada por el gobernador republicano Ron DeSantis que limita las discusiones sobre diversidad y raza en lugares de trabajo privados es inconstitucional, seg\u00fan el fallo de un tribunal federal de apelaciones.<\/p>\n<p>&nbsp;<\/p>\n<p> <br \/>\nUn panel de tres jueces de la Corte de Apelaciones del 11vo Distrito ratific\u00f3 el lunes el fallo de una jueza federal de Florida de agosto de 2022 seg\u00fan el cual la ley conocida como <strong><em>\u201cStop Woke\u201d<\/em><\/strong> viola la Primera Enmienda constitucional porque se aplica a las empresas y es inadmisiblemente imprecisa. <em><strong>\u201cWoke\u201d<\/strong><\/em> es un t\u00e9rmino utilizado despectivamente para referirse a conceptos de ideolog\u00eda liberal.<\/p>\n<p>&nbsp;<\/p>\n<p><em><strong>\u201cAl limitar sus restricciones a una lista de ideas designadas como ofensivas, la ley tiene como objetivo el discurso con base en su contenido. Y al prohibir \u00fanicamente el discurso que aprueba cualquiera de esas ideas, penaliza ciertos puntos de vista, que es el m\u00e1s grande pecado contra la Primera Enmienda\u201d,<\/strong><\/em> escribi\u00f3 para la corte la jueza del tribunal de circuito, Britt C. Grant.<\/p>\n<p>&nbsp;<\/p>\n<p>La oficina del gobernador dijo el martes que estaba considerando opciones para una nueva apelaci\u00f3n.<\/p>\n<p>&nbsp;<\/p>\n<p><em><strong>\u201cNo estamos de acuerdo con la opini\u00f3n del tribunal de que los empleadores pueden exigir a los empleados que se les ense\u00f1e, como condici\u00f3n de empleo, que una raza es moralmente superior a otra\u201d,<\/strong><\/em> dijo la oficina del gobernador en un correo electr\u00f3nico. <strong><em>\u201cLa Primera Enmienda no protege tal cosa, y el estado de Florida deber\u00eda tener el derecho de proteger a sus habitantes contra los lugares de trabajo racialmente hostiles\u201d.<\/em><\/strong><\/p>\n<p>&nbsp;<\/p>\n<p>&nbsp;<\/p>\n<p>Dicha ley proh\u00edbe la ense\u00f1anza o las pr\u00e1cticas de negocios que, seg\u00fan su texto, sostengan que los miembros de un grupo \u00e9tnico son inherentemente racistas y deben sentirse culpables por acciones pasadas cometidas por otros. Tambi\u00e9n proh\u00edbe la idea de que la condici\u00f3n de una persona como privilegiada u oprimida necesariamente est\u00e1 determinada por su raza o su g\u00e9nero, o que la discriminaci\u00f3n es aceptable para lograr la diversidad.<\/p>\n<p>&nbsp;<\/p>\n<p>&nbsp;<\/p>\n<p>DeSantis se refer\u00eda frecuentemente a esta ley en su fracasada campa\u00f1a a la presidencia, con el lema de que Florida era el lugar donde <em><strong>\u201clo woke iba a morir\u201d.<\/strong><\/em> Otras partes de la ley relacionadas con la educaci\u00f3n tambi\u00e9n han sido apeladas, pero no bloqueadas.<\/p>\n<p>&nbsp;<\/p>\n<p>Los abogados de Florida afirmaron que la ley prohib\u00eda conductas, como exigir a los empleados que asistieran a reuniones de diversidad, y no discursos. El tribunal estuvo en desacuerdo.<\/p>\n<p>&nbsp;<\/p>\n<p><em><strong>\u201cProhibir el discurso en una amplia variedad de temas pol\u00edticos es negativo; prohibir el discurso en una amplia variedad de puntos de vista pol\u00edticos es peor\u201d,<\/strong><\/em> dijo Grant en la opini\u00f3n.<\/p>\n<p>&nbsp;<\/p>\n<p>&nbsp;<\/p>\n<p>La demanda fue presentada por entidades privadas, Honeyfund.com, con sede en Clearwater, y otras, que afirmaron que su derecho a la libertad de expresi\u00f3n est\u00e1 restringido porque la ley atenta contra los programas de capacitaci\u00f3n de las empresas que hacen \u00e9nfasis en la diversidad, la inclusi\u00f3n, la eliminaci\u00f3n de sesgos y la prevenci\u00f3n del acoso en el lugar de trabajo. Las empresas con 15 empleados o m\u00e1s pueden enfrentar demandas civiles por tales pr\u00e1cticas. Honeyfund est\u00e1 en el negocio de los registros de bodas.<\/p>\n<p>&nbsp;<\/p>\n<p>&nbsp;<\/p>\n<p>PUBLICADO EL 04 DE MARZO DE 2024\/\/ Con informaci\u00f3n Daniel A. Varela\/Miami Herald \/ CURT ANDERSON)<\/p>\n","protected":false},"excerpt":{"rendered":"<p>ST. PETERSBURG, FLORIDA, EE.UU. \u2014 Una ley de Florida impulsada por el gobernador republicano Ron&#8230;<\/p>\n","protected":false},"author":1,"featured_media":184747,"comment_status":"open","ping_status":"open","sticky":false,"template":"","format":"standard","meta":{"_monsterinsights_skip_tracking":false,"_monsterinsights_sitenote_active":false,"_monsterinsights_sitenote_note":"","_monsterinsights_sitenote_category":0,"footnotes":""},"categories":[3],"tags":[],"class_list":["post"],"yoast_head":" \n<title>Sonora en Equipo. Ley de Florida que limita el debate progresista es inconstitucional, dice tribunal MUNDO<\/title>\n<meta name=\"description\" content=\"ST. PETERSBURG, FLORIDA, EE.UU. \u2014 Una ley de Florida impulsada por el gobernador republicano Ron DeSantis que limita las discusiones sobre diversidad y En Sonora en Equipo publicamos toda la informaci\u00f3n de Sonora, M\u00e9xico y el Mundo de manera oportuna y busca que la libertad de expresi\u00f3n sea real. Visita nuestro medio informativo publicado desde Hermosillo, Sonora. %\" \/>\n<meta name=\"robots\" content=\"index, follow, max-snippet:-1, max-image-preview:large, max-video-preview:-1\" \/>\n<link rel=\"canonical\" href=\"https:\/\/www.sonoraenequipo.com.mx\/ley-de-florida-que-limita-el-debate-progresista-es-inconstitucional-dice-tribunal\/\" \/>\n<meta property=\"og:locale\" content=\"es_ES\" \/>\n<meta property=\"og:type\" content=\"article\" \/>\n<meta property=\"og:title\" content=\"Sonora en Equipo. Ley de Florida que limita el debate progresista es inconstitucional, dice tribunal MUNDO\" \/>\n<meta property=\"og:description\" content=\"ST. PETERSBURG, FLORIDA, EE.UU. \u2014 Una ley de Florida impulsada por el gobernador republicano Ron DeSantis que limita las discusiones sobre diversidad y En Sonora en Equipo publicamos toda la informaci\u00f3n de Sonora, M\u00e9xico y el Mundo de manera oportuna y busca que la libertad de expresi\u00f3n sea real. Visita nuestro medio informativo publicado desde Hermosillo, Sonora. %\" \/>\n<meta property=\"og:url\" content=\"https:\/\/www.sonoraenequipo.com.mx\/ley-de-florida-que-limita-el-debate-progresista-es-inconstitucional-dice-tribunal\/\" \/>\n<meta property=\"og:site_name\" content=\"Sonora en Equipo.\" \/>\n<meta property=\"article:publisher\" content=\"https:\/\/www.facebook.com\/SonoraEE\/\" \/>\n<meta property=\"article:author\" content=\"https:\/\/www.facebook.com\/SonoraEE\" \/>\n<meta property=\"article:published_time\" content=\"2024-03-05T20:31:18+00:00\" \/>\n<meta property=\"article:modified_time\" content=\"2024-03-05T21:18:12+00:00\" \/>\n<meta property=\"og:image\" content=\"https:\/\/www.sonoraenequipo.com.mx\/storage\/2024\/03\/gobernador-de-florida-min.jpg\" \/>\n\t<meta property=\"og:image:width\" content=\"900\" \/>\n\t<meta property=\"og:image:height\" content=\"600\" \/>\n\t<meta property=\"og:image:type\" content=\"image\/jpeg\" \/>\n<meta name=\"author\" content=\"enequipo\" \/>\n<meta name=\"twitter:card\" content=\"summary_large_image\" \/>\n<meta name=\"twitter:creator\" content=\"@sonoraenequipo\" \/>\n<meta name=\"twitter:site\" content=\"@sonoraenequipo\" \/>\n<meta name=\"twitter:label1\" content=\"Escrito por\" \/>\n\t<meta name=\"twitter:data1\" content=\"enequipo\" \/>\n\t<meta name=\"twitter:label2\" content=\"Tiempo de lectura\" \/>\n\t<meta name=\"twitter:data2\" content=\"3 minutos\" \/>\n<script type=\"application\/ld+json\" class=\"yoast-schema-graph\">{\"@context\":\"https:\/\/schema.org\",\"@graph\":[{\"@type\":\"Article\",\"@id\":\"https:\/\/www.sonoraenequipo.com.mx\/ley-de-florida-que-limita-el-debate-progresista-es-inconstitucional-dice-tribunal\/#article\",\"isPartOf\":{\"@id\":\"https:\/\/www.sonoraenequipo.com.mx\/ley-de-florida-que-limita-el-debate-progresista-es-inconstitucional-dice-tribunal\/\"},\"author\":{\"name\":\"enequipo\",\"@id\":\"https:\/\/www.sonoraenequipo.com.mx\/#\/schema\/person\/50102df0fb23a8fa9e8effad8fa81386\"},\"headline\":\"Ley de Florida que limita el debate progresista es inconstitucional, dice tribunal\",\"datePublished\":\"2024-03-05T20:31:18+00:00\",\"dateModified\":\"2024-03-05T21:18:12+00:00\",\"mainEntityOfPage\":{\"@id\":\"https:\/\/www.sonoraenequipo.com.mx\/ley-de-florida-que-limita-el-debate-progresista-es-inconstitucional-dice-tribunal\/\"},\"wordCount\":588,\"commentCount\":0,\"publisher\":{\"@id\":\"https:\/\/www.sonoraenequipo.com.mx\/#organization\"},\"image\":{\"@id\":\"https:\/\/www.sonoraenequipo.com.mx\/ley-de-florida-que-limita-el-debate-progresista-es-inconstitucional-dice-tribunal\/#primaryimage\"},\"thumbnailUrl\":\"https:\/\/www.sonoraenequipo.com.mx\/storage\/2024\/03\/gobernador-de-florida-min.jpg\",\"articleSection\":[\"MUNDO\"],\"inLanguage\":\"es\",\"potentialAction\":[{\"@type\":\"CommentAction\",\"name\":\"Comment\",\"target\":[\"https:\/\/www.sonoraenequipo.com.mx\/ley-de-florida-que-limita-el-debate-progresista-es-inconstitucional-dice-tribunal\/#respond\"]}]},{\"@type\":\"WebPage\",\"@id\":\"https:\/\/www.sonoraenequipo.com.mx\/ley-de-florida-que-limita-el-debate-progresista-es-inconstitucional-dice-tribunal\/\",\"url\":\"https:\/\/www.sonoraenequipo.com.mx\/ley-de-florida-que-limita-el-debate-progresista-es-inconstitucional-dice-tribunal\/\",\"name\":\"Sonora en Equipo. Ley de Florida que limita el debate progresista es inconstitucional, dice tribunal MUNDO\",\"isPartOf\":{\"@id\":\"https:\/\/www.sonoraenequipo.com.mx\/#website\"},\"primaryImageOfPage\":{\"@id\":\"https:\/\/www.sonoraenequipo.com.mx\/ley-de-florida-que-limita-el-debate-progresista-es-inconstitucional-dice-tribunal\/#primaryimage\"},\"image\":{\"@id\":\"https:\/\/www.sonoraenequipo.com.mx\/ley-de-florida-que-limita-el-debate-progresista-es-inconstitucional-dice-tribunal\/#primaryimage\"},\"thumbnailUrl\":\"https:\/\/www.sonoraenequipo.com.mx\/storage\/2024\/03\/gobernador-de-florida-min.jpg\",\"datePublished\":\"2024-03-05T20:31:18+00:00\",\"dateModified\":\"2024-03-05T21:18:12+00:00\",\"description\":\"ST. PETERSBURG, FLORIDA, EE.UU. \u2014 Una ley de Florida impulsada por el gobernador republicano Ron DeSantis que limita las discusiones sobre diversidad y En Sonora en Equipo publicamos toda la informaci\u00f3n de Sonora, M\u00e9xico y el Mundo de manera oportuna y busca que la libertad de expresi\u00f3n sea real. Visita nuestro medio informativo publicado desde Hermosillo, Sonora. %\",\"breadcrumb\":{\"@id\":\"https:\/\/www.sonoraenequipo.com.mx\/ley-de-florida-que-limita-el-debate-progresista-es-inconstitucional-dice-tribunal\/#breadcrumb\"},\"inLanguage\":\"es\",\"potentialAction\":[{\"@type\":\"ReadAction\",\"target\":[\"https:\/\/www.sonoraenequipo.com.mx\/ley-de-florida-que-limita-el-debate-progresista-es-inconstitucional-dice-tribunal\/\"]}]},{\"@type\":\"ImageObject\",\"inLanguage\":\"es\",\"@id\":\"https:\/\/www.sonoraenequipo.com.mx\/ley-de-florida-que-limita-el-debate-progresista-es-inconstitucional-dice-tribunal\/#primaryimage\",\"url\":\"https:\/\/www.sonoraenequipo.com.mx\/storage\/2024\/03\/gobernador-de-florida-min.jpg\",\"contentUrl\":\"https:\/\/www.sonoraenequipo.com.mx\/storage\/2024\/03\/gobernador-de-florida-min.jpg\",\"width\":900,\"height\":600},{\"@type\":\"BreadcrumbList\",\"@id\":\"https:\/\/www.sonoraenequipo.com.mx\/ley-de-florida-que-limita-el-debate-progresista-es-inconstitucional-dice-tribunal\/#breadcrumb\",\"itemListElement\":[{\"@type\":\"ListItem\",\"position\":1,\"name\":\"Portada\",\"item\":\"https:\/\/www.sonoraenequipo.com.mx\/\"},{\"@type\":\"ListItem\",\"position\":2,\"name\":\"Ley de Florida que limita el debate progresista es inconstitucional, dice tribunal\"}]},{\"@type\":\"WebSite\",\"@id\":\"https:\/\/www.sonoraenequipo.com.mx\/#website\",\"url\":\"https:\/\/www.sonoraenequipo.com.mx\/\",\"name\":\"Sonora en Equipo.\",\"description\":\"Diario en l\u00ednea con Noticias desde Hermosillo, Sonora\",\"publisher\":{\"@id\":\"https:\/\/www.sonoraenequipo.com.mx\/#organization\"},\"potentialAction\":[{\"@type\":\"SearchAction\",\"target\":{\"@type\":\"EntryPoint\",\"urlTemplate\":\"https:\/\/www.sonoraenequipo.com.mx\/?s={search_term_string}\"},\"query-input\":{\"@type\":\"PropertyValueSpecification\",\"valueRequired\":true,\"valueName\":\"search_term_string\"}}],\"inLanguage\":\"es\"},{\"@type\":\"Organization\",\"@id\":\"https:\/\/www.sonoraenequipo.com.mx\/#organization\",\"name\":\"Sonoraenequipo.com.mx\",\"url\":\"https:\/\/www.sonoraenequipo.com.mx\/\",\"logo\":{\"@type\":\"ImageObject\",\"inLanguage\":\"es\",\"@id\":\"https:\/\/www.sonoraenequipo.com.mx\/#\/schema\/logo\/image\/\",\"url\":\"https:\/\/www.sonoraenequipo.com.mx\/storage\/2019\/01\/sonoraenequipo_opt.png\",\"contentUrl\":\"https:\/\/www.sonoraenequipo.com.mx\/storage\/2019\/01\/sonoraenequipo_opt.png\",\"width\":375,\"height\":125,\"caption\":\"Sonoraenequipo.com.mx\"},\"image\":{\"@id\":\"https:\/\/www.sonoraenequipo.com.mx\/#\/schema\/logo\/image\/\"},\"sameAs\":[\"https:\/\/www.facebook.com\/SonoraEE\/\",\"https:\/\/x.com\/sonoraenequipo\",\"https:\/\/www.youtube.com\/channel\/UC338nW-lPEYmJQs4ZABQ1SQ\"]},{\"@type\":\"Person\",\"@id\":\"https:\/\/www.sonoraenequipo.com.mx\/#\/schema\/person\/50102df0fb23a8fa9e8effad8fa81386\",\"name\":\"enequipo\",\"image\":{\"@type\":\"ImageObject\",\"inLanguage\":\"es\",\"@id\":\"https:\/\/www.sonoraenequipo.com.mx\/#\/schema\/person\/image\/\",\"url\":\"https:\/\/secure.gravatar.com\/avatar\/049821681b589dabc0bc20695993ccebb09f5b5d4d790cd9251b97faac7c652b?s=96&d=blank&r=g\",\"contentUrl\":\"https:\/\/secure.gravatar.com\/avatar\/049821681b589dabc0bc20695993ccebb09f5b5d4d790cd9251b97faac7c652b?s=96&d=blank&r=g\",\"caption\":\"enequipo\"},\"sameAs\":[\"https:\/\/www.facebook.com\/SonoraEE\"]}]}<\/script>\n ","yoast_head_json":{"title":"Sonora en Equipo. Ley de Florida que limita el debate progresista es inconstitucional, dice tribunal MUNDO","description":"ST. PETERSBURG, FLORIDA, EE.UU. \u2014 Una ley de Florida impulsada por el gobernador republicano Ron DeSantis que limita las discusiones sobre diversidad y En Sonora en Equipo publicamos toda la informaci\u00f3n de Sonora, M\u00e9xico y el Mundo de manera oportuna y busca que la libertad de expresi\u00f3n sea real. Visita nuestro medio informativo publicado desde Hermosillo, Sonora. %","robots":{"index":"index","follow":"follow","max-snippet":"max-snippet:-1","max-image-preview":"max-image-preview:large","max-video-preview":"max-video-preview:-1"},"canonical":"https:\/\/www.sonoraenequipo.com.mx\/ley-de-florida-que-limita-el-debate-progresista-es-inconstitucional-dice-tribunal\/","og_locale":"es_ES","og_type":"article","og_title":"Sonora en Equipo. Ley de Florida que limita el debate progresista es inconstitucional, dice tribunal MUNDO","og_description":"ST. PETERSBURG, FLORIDA, EE.UU. \u2014 Una ley de Florida impulsada por el gobernador republicano Ron DeSantis que limita las discusiones sobre diversidad y En Sonora en Equipo publicamos toda la informaci\u00f3n de Sonora, M\u00e9xico y el Mundo de manera oportuna y busca que la libertad de expresi\u00f3n sea real. Visita nuestro medio informativo publicado desde Hermosillo, Sonora. %","og_url":"https:\/\/www.sonoraenequipo.com.mx\/ley-de-florida-que-limita-el-debate-progresista-es-inconstitucional-dice-tribunal\/","og_site_name":"Sonora en Equipo.","article_publisher":"https:\/\/www.facebook.com\/SonoraEE\/","article_author":"https:\/\/www.facebook.com\/SonoraEE","article_published_time":"2024-03-05T20:31:18+00:00","article_modified_time":"2024-03-05T21:18:12+00:00","og_image":[{"width":900,"height":600,"url":"https:\/\/www.sonoraenequipo.com.mx\/storage\/2024\/03\/gobernador-de-florida-min.jpg","type":"image\/jpeg"}],"author":"enequipo","twitter_card":"summary_large_image","twitter_creator":"@sonoraenequipo","twitter_site":"@sonoraenequipo","twitter_misc":{"Escrito por":"enequipo","Tiempo de lectura":"3 minutos"},"schema":{"@context":"https:\/\/schema.org","@graph":[{"@type":"Article","@id":"https:\/\/www.sonoraenequipo.com.mx\/ley-de-florida-que-limita-el-debate-progresista-es-inconstitucional-dice-tribunal\/#article","isPartOf":{"@id":"https:\/\/www.sonoraenequipo.com.mx\/ley-de-florida-que-limita-el-debate-progresista-es-inconstitucional-dice-tribunal\/"},"author":{"name":"enequipo","@id":"https:\/\/www.sonoraenequipo.com.mx\/#\/schema\/person\/50102df0fb23a8fa9e8effad8fa81386"},"headline":"Ley de Florida que limita el debate progresista es inconstitucional, dice tribunal","datePublished":"2024-03-05T20:31:18+00:00","dateModified":"2024-03-05T21:18:12+00:00","mainEntityOfPage":{"@id":"https:\/\/www.sonoraenequipo.com.mx\/ley-de-florida-que-limita-el-debate-progresista-es-inconstitucional-dice-tribunal\/"},"wordCount":588,"commentCount":0,"publisher":{"@id":"https:\/\/www.sonoraenequipo.com.mx\/#organization"},"image":{"@id":"https:\/\/www.sonoraenequipo.com.mx\/ley-de-florida-que-limita-el-debate-progresista-es-inconstitucional-dice-tribunal\/#primaryimage"},"thumbnailUrl":"https:\/\/www.sonoraenequipo.com.mx\/storage\/2024\/03\/gobernador-de-florida-min.jpg","articleSection":["MUNDO"],"inLanguage":"es","potentialAction":[{"@type":"CommentAction","name":"Comment","target":["https:\/\/www.sonoraenequipo.com.mx\/ley-de-florida-que-limita-el-debate-progresista-es-inconstitucional-dice-tribunal\/#respond"]}]},{"@type":"WebPage","@id":"https:\/\/www.sonoraenequipo.com.mx\/ley-de-florida-que-limita-el-debate-progresista-es-inconstitucional-dice-tribunal\/","url":"https:\/\/www.sonoraenequipo.com.mx\/ley-de-florida-que-limita-el-debate-progresista-es-inconstitucional-dice-tribunal\/","name":"Sonora en Equipo. Ley de Florida que limita el debate progresista es inconstitucional, dice tribunal MUNDO","isPartOf":{"@id":"https:\/\/www.sonoraenequipo.com.mx\/#website"},"primaryImageOfPage":{"@id":"https:\/\/www.sonoraenequipo.com.mx\/ley-de-florida-que-limita-el-debate-progresista-es-inconstitucional-dice-tribunal\/#primaryimage"},"image":{"@id":"https:\/\/www.sonoraenequipo.com.mx\/ley-de-florida-que-limita-el-debate-progresista-es-inconstitucional-dice-tribunal\/#primaryimage"},"thumbnailUrl":"https:\/\/www.sonoraenequipo.com.mx\/storage\/2024\/03\/gobernador-de-florida-min.jpg","datePublished":"2024-03-05T20:31:18+00:00","dateModified":"2024-03-05T21:18:12+00:00","description":"ST. PETERSBURG, FLORIDA, EE.UU. \u2014 Una ley de Florida impulsada por el gobernador republicano Ron DeSantis que limita las discusiones sobre diversidad y En Sonora en Equipo publicamos toda la informaci\u00f3n de Sonora, M\u00e9xico y el Mundo de manera oportuna y busca que la libertad de expresi\u00f3n sea real. Visita nuestro medio informativo publicado desde Hermosillo, Sonora. %","breadcrumb":{"@id":"https:\/\/www.sonoraenequipo.com.mx\/ley-de-florida-que-limita-el-debate-progresista-es-inconstitucional-dice-tribunal\/#breadcrumb"},"inLanguage":"es","potentialAction":[{"@type":"ReadAction","target":["https:\/\/www.sonoraenequipo.com.mx\/ley-de-florida-que-limita-el-debate-progresista-es-inconstitucional-dice-tribunal\/"]}]},{"@type":"ImageObject","inLanguage":"es","@id":"https:\/\/www.sonoraenequipo.com.mx\/ley-de-florida-que-limita-el-debate-progresista-es-inconstitucional-dice-tribunal\/#primaryimage","url":"https:\/\/www.sonoraenequipo.com.mx\/storage\/2024\/03\/gobernador-de-florida-min.jpg","contentUrl":"https:\/\/www.sonoraenequipo.com.mx\/storage\/2024\/03\/gobernador-de-florida-min.jpg","width":900,"height":600},{"@type":"BreadcrumbList","@id":"https:\/\/www.sonoraenequipo.com.mx\/ley-de-florida-que-limita-el-debate-progresista-es-inconstitucional-dice-tribunal\/#breadcrumb","itemListElement":[{"@type":"ListItem","position":1,"name":"Portada","item":"https:\/\/www.sonoraenequipo.com.mx\/"},{"@type":"ListItem","position":2,"name":"Ley de Florida que limita el debate progresista es inconstitucional, dice tribunal"}]},{"@type":"WebSite","@id":"https:\/\/www.sonoraenequipo.com.mx\/#website","url":"https:\/\/www.sonoraenequipo.com.mx\/","name":"Sonora en Equipo.","description":"Diario en l\u00ednea con Noticias desde Hermosillo, Sonora","publisher":{"@id":"https:\/\/www.sonoraenequipo.com.mx\/#organization"},"potentialAction":[{"@type":"SearchAction","target":{"@type":"EntryPoint","urlTemplate":"https:\/\/www.sonoraenequipo.com.mx\/?s={search_term_string}"},"query-input":{"@type":"PropertyValueSpecification","valueRequired":true,"valueName":"search_term_string"}}],"inLanguage":"es"},{"@type":"Organization","@id":"https:\/\/www.sonoraenequipo.com.mx\/#organization","name":"Sonoraenequipo.com.mx","url":"https:\/\/www.sonoraenequipo.com.mx\/","logo":{"@type":"ImageObject","inLanguage":"es","@id":"https:\/\/www.sonoraenequipo.com.mx\/#\/schema\/logo\/image\/","url":"https:\/\/www.sonoraenequipo.com.mx\/storage\/2019\/01\/sonoraenequipo_opt.png","contentUrl":"https:\/\/www.sonoraenequipo.com.mx\/storage\/2019\/01\/sonoraenequipo_opt.png","width":375,"height":125,"caption":"Sonoraenequipo.com.mx"},"image":{"@id":"https:\/\/www.sonoraenequipo.com.mx\/#\/schema\/logo\/image\/"},"sameAs":["https:\/\/www.facebook.com\/SonoraEE\/","https:\/\/x.com\/sonoraenequipo","https:\/\/www.youtube.com\/channel\/UC338nW-lPEYmJQs4ZABQ1SQ"]},{"@type":"Person","@id":"https:\/\/www.sonoraenequipo.com.mx\/#\/schema\/person\/50102df0fb23a8fa9e8effad8fa81386","name":"enequipo","image":{"@type":"ImageObject","inLanguage":"es","@id":"https:\/\/www.sonoraenequipo.com.mx\/#\/schema\/person\/image\/","url":"https:\/\/secure.gravatar.com\/avatar\/049821681b589dabc0bc20695993ccebb09f5b5d4d790cd9251b97faac7c652b?s=96&d=blank&r=g","contentUrl":"https:\/\/secure.gravatar.com\/avatar\/049821681b589dabc0bc20695993ccebb09f5b5d4d790cd9251b97faac7c652b?s=96&d=blank&r=g","caption":"enequipo"},"sameAs":["https:\/\/www.facebook.com\/SonoraEE"]}]}},"jetpack_featured_media_url":"https:\/\/www.sonoraenequipo.com.mx\/storage\/2024\/03\/gobernador-de-florida-min.jpg","_links":{"self":[{"href":"https:\/\/www.sonoraenequipo.com.mx\/api\/wp\/v2\/posts\/184746","targetHints":{"allow":["GET"]}}],"collection":[{"href":"https:\/\/www.sonoraenequipo.com.mx\/api\/wp\/v2\/posts"}],"about":[{"href":"https:\/\/www.sonoraenequipo.com.mx\/api\/wp\/v2\/types\/post"}],"author":[{"embeddable":true,"href":"https:\/\/www.sonoraenequipo.com.mx\/api\/wp\/v2\/users\/1"}],"replies":[{"embeddable":true,"href":"https:\/\/www.sonoraenequipo.com.mx\/api\/wp\/v2\/comments?post=184746"}],"version-history":[{"count":1,"href":"https:\/\/www.sonoraenequipo.com.mx\/api\/wp\/v2\/posts\/184746\/revisions"}],"predecessor-version":[{"id":184748,"href":"https:\/\/www.sonoraenequipo.com.mx\/api\/wp\/v2\/posts\/184746\/revisions\/184748"}],"wp:featuredmedia":[{"embeddable":true,"href":"https:\/\/www.sonoraenequipo.com.mx\/api\/wp\/v2\/media\/184747"}],"wp:attachment":[{"href":"https:\/\/www.sonoraenequipo.com.mx\/api\/wp\/v2\/media?parent=184746"}],"wp:term":[{"taxonomy":"category","embeddable":true,"href":"https:\/\/www.sonoraenequipo.com.mx\/api\/wp\/v2\/categories?post=184746"},{"taxonomy":"post_tag","embeddable":true,"href":"https:\/\/www.sonoraenequipo.com.mx\/api\/wp\/v2\/tags?post=184746"}],"curies":[{"name":"wp","href":"https:\/\/api.w.org\/{rel}","templated":true}]}}