{"id":184765,"date":"2024-03-05T16:23:40","date_gmt":"2024-03-05T23:23:40","guid":{"rendered":"https:\/\/www.sonoraenequipo.com.mx\/?p=184765"},"modified":"2024-03-05T16:28:42","modified_gmt":"2024-03-05T23:28:42","slug":"marcela-lagarde-la-academica-precursora-del-feminismo-y-del-termino-feminicidio-en-mexico","status":"publish","type":"post","link":"https:\/\/www.sonoraenequipo.com.mx\/marcela-lagarde-la-academica-precursora-del-feminismo-y-del-termino-feminicidio-en-mexico\/","title":{"rendered":"Marcela Lagarde, la acad\u00e9mica precursora del feminismo y del termino \u00abfeminicidio\u00bb en M\u00e9xico"},"content":{"rendered":"<p><strong>CIUDAD DE M\u00c9XICO. MX.<\/strong> \u2014 Este 8 de marzo no es un d\u00eda de festejo, la historia que origin\u00f3 la efem\u00e9ride relata un feminicidio y un llamado a poner atenci\u00f3n a las violencias que reciben las mujeres por el hecho de ser mujeres, la lucha por el reconocimiento ha sido clave y viene acompa\u00f1ada de personas que han promovido los derechos y explorado el sistema para evitar su repetici\u00f3n, tal es el caso de Marcela Lagarde y de los R\u00edos, una acad\u00e9mica mexicana que ha dedicado su carrera al feminismo.<\/p>\n<p>&nbsp;<\/p>\n<p> <\/p>\n<p>Lagarde, ha incursionado en la literatura y ha establecido claves para designar agresiones o estructuras patriarcales que las mujeres hemos adoptado. En su tesis doctoral: <strong><em>\u00abLos cautiverios de las mujeres\u00bb aborda el caso de \u00ab<\/em><em>las madresposas\u00bb<\/em>,<\/strong> una forma de enunciar a quienes deciden dedicarse al hogar, servir a una pareja o hijos pese a la posible p\u00e9rdida de individualidad y el adquirir una vulnerabilidad y otras violencias; un estado cr\u00edtico y com\u00fan en M\u00e9xico en que la mujer convierte su actividad en una dependencia y con esto explica el porqu\u00e9 es cada vez m\u00e1s dif\u00edcil salir de un entorno violento.<\/p>\n<p>&nbsp;<\/p>\n<p><strong>Su literatura y aportaci\u00f3n al feminismo<\/strong><\/p>\n<p>Tambi\u00e9n ha escrito una serie de cuadernos para talleres feministas como: Claves feministas para el autoestima de las mujeres y Claves feministas para la negociaci\u00f3n del amor en donde puntualiza la forma de trabajar estas piezas en la personalidad desde la \u00f3ptica de la vivencia femenina y la violencia estructural.<\/p>\n<p>&nbsp;<\/p>\n<p>Ella estudi\u00f3 antropolog\u00eda en su licenciatura en la Universidad Nacional Aut\u00f3noma de M\u00e9xico (UNAM) y se especializ\u00f3 en etnolog\u00eda en su posgrado y doctorado en la Escuela Nacional de Antropolog\u00eda e Historia (ENAH), a trav\u00e9s de la escritura, talleres, charlas y trabajo colaborativo revel\u00f3 el origen de los cautiverios, crisis de maternidad, el amor y la autonom\u00eda.<\/p>\n<p>&nbsp;<\/p>\n<h3>\n\u00bfC\u00f3mo surgi\u00f3 el t\u00e9rmino feminicidio?<\/h3>\n<p>&nbsp;<\/p>\n<p>El feminicidio fue acu\u00f1ado por Lagarde en una colaboraci\u00f3n con un grupo de acad\u00e9micas de Estados Unidos quienes se encontraban investigando los ataques a mujeres y el eje en com\u00fan de cada caso, esto surgi\u00f3 durante la ola de violencia de mujeres en los noventa en Ciudad Ju\u00e1rez, hecho mejor conocido como \u00ablas muertas de Ju\u00e1rez\u00bb.<\/p>\n<p>&nbsp;<\/p>\n<p>Diana Rusell la investigadora estadounidense cre\u00f3 el concepto <em><strong>\u00abfeminicida\u00bb<\/strong><\/em>\u00a0para hablar de estos casos, en una investigaci\u00f3n que realiz\u00f3 con Jill Radford, Katherine MacKinnon y Andrea Dworkin, en esta fecha Lagarde cre\u00f3 una comisi\u00f3n para develar el origen detr\u00e1s de las muertes en Ciudad Ju\u00e1rez y configur\u00f3 el t\u00e9rmino: feminicidio.<\/p>\n<p>&nbsp;<\/p>\n<p>La Comisi\u00f3n Especial de Feminicidio, form\u00f3 parte del Congreso y a partir de esto se descubri\u00f3 que los feminicidios no eran exclusivos de Ju\u00e1rez y se repet\u00edan con m\u00e1s fuerza y sin distinci\u00f3n de edad o clase en todo el pa\u00eds.<\/p>\n<p>&nbsp;<\/p>\n<p>La etn\u00f3loga considera que el estado es parte del problema en la violencia feminicida. \u00abEl feminicidio no solo es el acto de matar. Es el acto de matar a una mujer con una enorme tolerancia social\u00bb, pronunci\u00f3 en un discurso ante el INE en 2020, palabras que ha repetido en sus diversas presentaciones.<\/p>\n<p>&nbsp;<\/p>\n<h3>Actividad y reconocimientos<\/h3>\n<p>Este 6 de marzo en el marco del D\u00eda de la mujer tendr\u00e1 una presentaci\u00f3n del libro Claves feministas para liderazgos entra\u00f1ables, en el que participan Patricia Casta\u00f1eda y ser\u00e1 abierto para el p\u00fablico. Este se llevar\u00e1 a cabo en el Foro de Siglo XXI en la editorial ubicada en Cerro del Agua 248, Coyoac\u00e1n.<\/p>\n<p>&nbsp;<\/p>\n<p>23<br \/>\nDebido a su trabajo ha sido reconocida en m\u00faltiples ocasiones al ser un \u00edcono feminista en Latinoam\u00e9rica y aportar desde la antropolog\u00eda al marco legal, recientemente fue reconocida con un doctorado honoris causa, por la Universidad de Guanajuato.<\/p>\n<p>&nbsp;<\/p>\n<p>En la p\u00e1gina oficial de la universidad describen a Lagarde como una pionera del feminismo en el pa\u00eds y activista por los derechos humanos.<\/p>\n<p>&nbsp;<\/p>\n<p><em><strong>\u00abAntrop\u00f3loga feminista, madre, abuela, te\u00f3rica, investigadora, catedr\u00e1tica, activista, maestra y legisladora, es una figura clave en el movimiento feminista latinoamericano. Su incansable labor la ha convertido en un referente a nivel internacional\u00bb<\/strong>\u00a0<\/em>expone la instituci\u00f3n.<\/p>\n<p>&nbsp;<\/p>\n<p>PUBLICADO EL 05 DE MARZO DE 2024\/\/ Con informaci\u00f3n de El Heraldo)<\/p>\n","protected":false},"excerpt":{"rendered":"<p>CIUDAD DE M\u00c9XICO. MX. \u2014 Este 8 de marzo no es un d\u00eda de festejo,&#8230;<\/p>\n","protected":false},"author":1,"featured_media":184728,"comment_status":"open","ping_status":"open","sticky":false,"template":"","format":"standard","meta":{"_monsterinsights_skip_tracking":false,"_monsterinsights_sitenote_active":false,"_monsterinsights_sitenote_note":"","_monsterinsights_sitenote_category":0,"footnotes":""},"categories":[12],"tags":[],"class_list":["post"],"yoast_head":" \n<title>Sonora en Equipo. Marcela Lagarde, la acad\u00e9mica precursora del feminismo y del termino \u00abfeminicidio\u00bb en M\u00e9xico Especiales<\/title>\n<meta name=\"description\" content=\"CIUDAD DE M\u00c9XICO. MX. \u2014 Este 8 de marzo no es un d\u00eda de festejo, la historia que origin\u00f3 la efem\u00e9ride relata un feminicidio y un llamado a poner atenci\u00f3n En Sonora en Equipo publicamos toda la informaci\u00f3n de Sonora, M\u00e9xico y el Mundo de manera oportuna y busca que la libertad de expresi\u00f3n sea real. Visita nuestro medio informativo publicado desde Hermosillo, Sonora. %\" \/>\n<meta name=\"robots\" content=\"index, follow, max-snippet:-1, max-image-preview:large, max-video-preview:-1\" \/>\n<link rel=\"canonical\" href=\"https:\/\/www.sonoraenequipo.com.mx\/marcela-lagarde-la-academica-precursora-del-feminismo-y-del-termino-feminicidio-en-mexico\/\" \/>\n<meta property=\"og:locale\" content=\"es_ES\" \/>\n<meta property=\"og:type\" content=\"article\" \/>\n<meta property=\"og:title\" content=\"Sonora en Equipo. Marcela Lagarde, la acad\u00e9mica precursora del feminismo y del termino \u00abfeminicidio\u00bb en M\u00e9xico Especiales\" \/>\n<meta property=\"og:description\" content=\"CIUDAD DE M\u00c9XICO. MX. \u2014 Este 8 de marzo no es un d\u00eda de festejo, la historia que origin\u00f3 la efem\u00e9ride relata un feminicidio y un llamado a poner atenci\u00f3n En Sonora en Equipo publicamos toda la informaci\u00f3n de Sonora, M\u00e9xico y el Mundo de manera oportuna y busca que la libertad de expresi\u00f3n sea real. Visita nuestro medio informativo publicado desde Hermosillo, Sonora. %\" \/>\n<meta property=\"og:url\" content=\"https:\/\/www.sonoraenequipo.com.mx\/marcela-lagarde-la-academica-precursora-del-feminismo-y-del-termino-feminicidio-en-mexico\/\" \/>\n<meta property=\"og:site_name\" content=\"Sonora en Equipo.\" \/>\n<meta property=\"article:publisher\" content=\"https:\/\/www.facebook.com\/SonoraEE\/\" \/>\n<meta property=\"article:author\" content=\"https:\/\/www.facebook.com\/SonoraEE\" \/>\n<meta property=\"article:published_time\" content=\"2024-03-05T23:23:40+00:00\" \/>\n<meta property=\"article:modified_time\" content=\"2024-03-05T23:28:42+00:00\" \/>\n<meta property=\"og:image\" content=\"https:\/\/www.sonoraenequipo.com.mx\/storage\/2024\/03\/Marcela-Lagarde-min.jpg\" \/>\n\t<meta property=\"og:image:width\" content=\"867\" \/>\n\t<meta property=\"og:image:height\" content=\"488\" \/>\n\t<meta property=\"og:image:type\" content=\"image\/jpeg\" \/>\n<meta name=\"author\" content=\"enequipo\" \/>\n<meta name=\"twitter:card\" content=\"summary_large_image\" \/>\n<meta name=\"twitter:creator\" content=\"@sonoraenequipo\" \/>\n<meta name=\"twitter:site\" content=\"@sonoraenequipo\" \/>\n<meta name=\"twitter:label1\" content=\"Escrito por\" \/>\n\t<meta name=\"twitter:data1\" content=\"enequipo\" \/>\n\t<meta name=\"twitter:label2\" content=\"Tiempo de lectura\" \/>\n\t<meta name=\"twitter:data2\" content=\"4 minutos\" \/>\n<script type=\"application\/ld+json\" class=\"yoast-schema-graph\">{\"@context\":\"https:\/\/schema.org\",\"@graph\":[{\"@type\":\"Article\",\"@id\":\"https:\/\/www.sonoraenequipo.com.mx\/marcela-lagarde-la-academica-precursora-del-feminismo-y-del-termino-feminicidio-en-mexico\/#article\",\"isPartOf\":{\"@id\":\"https:\/\/www.sonoraenequipo.com.mx\/marcela-lagarde-la-academica-precursora-del-feminismo-y-del-termino-feminicidio-en-mexico\/\"},\"author\":{\"name\":\"enequipo\",\"@id\":\"https:\/\/www.sonoraenequipo.com.mx\/#\/schema\/person\/50102df0fb23a8fa9e8effad8fa81386\"},\"headline\":\"Marcela Lagarde, la acad\u00e9mica precursora del feminismo y del termino \u00abfeminicidio\u00bb en M\u00e9xico\",\"datePublished\":\"2024-03-05T23:23:40+00:00\",\"dateModified\":\"2024-03-05T23:28:42+00:00\",\"mainEntityOfPage\":{\"@id\":\"https:\/\/www.sonoraenequipo.com.mx\/marcela-lagarde-la-academica-precursora-del-feminismo-y-del-termino-feminicidio-en-mexico\/\"},\"wordCount\":756,\"commentCount\":0,\"publisher\":{\"@id\":\"https:\/\/www.sonoraenequipo.com.mx\/#organization\"},\"image\":{\"@id\":\"https:\/\/www.sonoraenequipo.com.mx\/marcela-lagarde-la-academica-precursora-del-feminismo-y-del-termino-feminicidio-en-mexico\/#primaryimage\"},\"thumbnailUrl\":\"https:\/\/www.sonoraenequipo.com.mx\/storage\/2024\/03\/Marcela-Lagarde-min.jpg\",\"articleSection\":[\"Especiales\"],\"inLanguage\":\"es\",\"potentialAction\":[{\"@type\":\"CommentAction\",\"name\":\"Comment\",\"target\":[\"https:\/\/www.sonoraenequipo.com.mx\/marcela-lagarde-la-academica-precursora-del-feminismo-y-del-termino-feminicidio-en-mexico\/#respond\"]}]},{\"@type\":\"WebPage\",\"@id\":\"https:\/\/www.sonoraenequipo.com.mx\/marcela-lagarde-la-academica-precursora-del-feminismo-y-del-termino-feminicidio-en-mexico\/\",\"url\":\"https:\/\/www.sonoraenequipo.com.mx\/marcela-lagarde-la-academica-precursora-del-feminismo-y-del-termino-feminicidio-en-mexico\/\",\"name\":\"Sonora en Equipo. Marcela Lagarde, la acad\u00e9mica precursora del feminismo y del termino \u00abfeminicidio\u00bb en M\u00e9xico Especiales\",\"isPartOf\":{\"@id\":\"https:\/\/www.sonoraenequipo.com.mx\/#website\"},\"primaryImageOfPage\":{\"@id\":\"https:\/\/www.sonoraenequipo.com.mx\/marcela-lagarde-la-academica-precursora-del-feminismo-y-del-termino-feminicidio-en-mexico\/#primaryimage\"},\"image\":{\"@id\":\"https:\/\/www.sonoraenequipo.com.mx\/marcela-lagarde-la-academica-precursora-del-feminismo-y-del-termino-feminicidio-en-mexico\/#primaryimage\"},\"thumbnailUrl\":\"https:\/\/www.sonoraenequipo.com.mx\/storage\/2024\/03\/Marcela-Lagarde-min.jpg\",\"datePublished\":\"2024-03-05T23:23:40+00:00\",\"dateModified\":\"2024-03-05T23:28:42+00:00\",\"description\":\"CIUDAD DE M\u00c9XICO. MX. \u2014 Este 8 de marzo no es un d\u00eda de festejo, la historia que origin\u00f3 la efem\u00e9ride relata un feminicidio y un llamado a poner atenci\u00f3n En Sonora en Equipo publicamos toda la informaci\u00f3n de Sonora, M\u00e9xico y el Mundo de manera oportuna y busca que la libertad de expresi\u00f3n sea real. Visita nuestro medio informativo publicado desde Hermosillo, Sonora. %\",\"breadcrumb\":{\"@id\":\"https:\/\/www.sonoraenequipo.com.mx\/marcela-lagarde-la-academica-precursora-del-feminismo-y-del-termino-feminicidio-en-mexico\/#breadcrumb\"},\"inLanguage\":\"es\",\"potentialAction\":[{\"@type\":\"ReadAction\",\"target\":[\"https:\/\/www.sonoraenequipo.com.mx\/marcela-lagarde-la-academica-precursora-del-feminismo-y-del-termino-feminicidio-en-mexico\/\"]}]},{\"@type\":\"ImageObject\",\"inLanguage\":\"es\",\"@id\":\"https:\/\/www.sonoraenequipo.com.mx\/marcela-lagarde-la-academica-precursora-del-feminismo-y-del-termino-feminicidio-en-mexico\/#primaryimage\",\"url\":\"https:\/\/www.sonoraenequipo.com.mx\/storage\/2024\/03\/Marcela-Lagarde-min.jpg\",\"contentUrl\":\"https:\/\/www.sonoraenequipo.com.mx\/storage\/2024\/03\/Marcela-Lagarde-min.jpg\",\"width\":867,\"height\":488},{\"@type\":\"BreadcrumbList\",\"@id\":\"https:\/\/www.sonoraenequipo.com.mx\/marcela-lagarde-la-academica-precursora-del-feminismo-y-del-termino-feminicidio-en-mexico\/#breadcrumb\",\"itemListElement\":[{\"@type\":\"ListItem\",\"position\":1,\"name\":\"Portada\",\"item\":\"https:\/\/www.sonoraenequipo.com.mx\/\"},{\"@type\":\"ListItem\",\"position\":2,\"name\":\"Marcela Lagarde, la acad\u00e9mica precursora del feminismo y del termino \u00abfeminicidio\u00bb en M\u00e9xico\"}]},{\"@type\":\"WebSite\",\"@id\":\"https:\/\/www.sonoraenequipo.com.mx\/#website\",\"url\":\"https:\/\/www.sonoraenequipo.com.mx\/\",\"name\":\"Sonora en Equipo.\",\"description\":\"Diario en l\u00ednea con Noticias desde Hermosillo, Sonora\",\"publisher\":{\"@id\":\"https:\/\/www.sonoraenequipo.com.mx\/#organization\"},\"potentialAction\":[{\"@type\":\"SearchAction\",\"target\":{\"@type\":\"EntryPoint\",\"urlTemplate\":\"https:\/\/www.sonoraenequipo.com.mx\/?s={search_term_string}\"},\"query-input\":{\"@type\":\"PropertyValueSpecification\",\"valueRequired\":true,\"valueName\":\"search_term_string\"}}],\"inLanguage\":\"es\"},{\"@type\":\"Organization\",\"@id\":\"https:\/\/www.sonoraenequipo.com.mx\/#organization\",\"name\":\"Sonoraenequipo.com.mx\",\"url\":\"https:\/\/www.sonoraenequipo.com.mx\/\",\"logo\":{\"@type\":\"ImageObject\",\"inLanguage\":\"es\",\"@id\":\"https:\/\/www.sonoraenequipo.com.mx\/#\/schema\/logo\/image\/\",\"url\":\"https:\/\/www.sonoraenequipo.com.mx\/storage\/2019\/01\/sonoraenequipo_opt.png\",\"contentUrl\":\"https:\/\/www.sonoraenequipo.com.mx\/storage\/2019\/01\/sonoraenequipo_opt.png\",\"width\":375,\"height\":125,\"caption\":\"Sonoraenequipo.com.mx\"},\"image\":{\"@id\":\"https:\/\/www.sonoraenequipo.com.mx\/#\/schema\/logo\/image\/\"},\"sameAs\":[\"https:\/\/www.facebook.com\/SonoraEE\/\",\"https:\/\/x.com\/sonoraenequipo\",\"https:\/\/www.youtube.com\/channel\/UC338nW-lPEYmJQs4ZABQ1SQ\"]},{\"@type\":\"Person\",\"@id\":\"https:\/\/www.sonoraenequipo.com.mx\/#\/schema\/person\/50102df0fb23a8fa9e8effad8fa81386\",\"name\":\"enequipo\",\"image\":{\"@type\":\"ImageObject\",\"inLanguage\":\"es\",\"@id\":\"https:\/\/www.sonoraenequipo.com.mx\/#\/schema\/person\/image\/\",\"url\":\"https:\/\/secure.gravatar.com\/avatar\/049821681b589dabc0bc20695993ccebb09f5b5d4d790cd9251b97faac7c652b?s=96&d=blank&r=g\",\"contentUrl\":\"https:\/\/secure.gravatar.com\/avatar\/049821681b589dabc0bc20695993ccebb09f5b5d4d790cd9251b97faac7c652b?s=96&d=blank&r=g\",\"caption\":\"enequipo\"},\"sameAs\":[\"https:\/\/www.facebook.com\/SonoraEE\"]}]}<\/script>\n ","yoast_head_json":{"title":"Sonora en Equipo. Marcela Lagarde, la acad\u00e9mica precursora del feminismo y del termino \u00abfeminicidio\u00bb en M\u00e9xico Especiales","description":"CIUDAD DE M\u00c9XICO. MX. \u2014 Este 8 de marzo no es un d\u00eda de festejo, la historia que origin\u00f3 la efem\u00e9ride relata un feminicidio y un llamado a poner atenci\u00f3n En Sonora en Equipo publicamos toda la informaci\u00f3n de Sonora, M\u00e9xico y el Mundo de manera oportuna y busca que la libertad de expresi\u00f3n sea real. Visita nuestro medio informativo publicado desde Hermosillo, Sonora. %","robots":{"index":"index","follow":"follow","max-snippet":"max-snippet:-1","max-image-preview":"max-image-preview:large","max-video-preview":"max-video-preview:-1"},"canonical":"https:\/\/www.sonoraenequipo.com.mx\/marcela-lagarde-la-academica-precursora-del-feminismo-y-del-termino-feminicidio-en-mexico\/","og_locale":"es_ES","og_type":"article","og_title":"Sonora en Equipo. Marcela Lagarde, la acad\u00e9mica precursora del feminismo y del termino \u00abfeminicidio\u00bb en M\u00e9xico Especiales","og_description":"CIUDAD DE M\u00c9XICO. MX. \u2014 Este 8 de marzo no es un d\u00eda de festejo, la historia que origin\u00f3 la efem\u00e9ride relata un feminicidio y un llamado a poner atenci\u00f3n En Sonora en Equipo publicamos toda la informaci\u00f3n de Sonora, M\u00e9xico y el Mundo de manera oportuna y busca que la libertad de expresi\u00f3n sea real. Visita nuestro medio informativo publicado desde Hermosillo, Sonora. %","og_url":"https:\/\/www.sonoraenequipo.com.mx\/marcela-lagarde-la-academica-precursora-del-feminismo-y-del-termino-feminicidio-en-mexico\/","og_site_name":"Sonora en Equipo.","article_publisher":"https:\/\/www.facebook.com\/SonoraEE\/","article_author":"https:\/\/www.facebook.com\/SonoraEE","article_published_time":"2024-03-05T23:23:40+00:00","article_modified_time":"2024-03-05T23:28:42+00:00","og_image":[{"width":867,"height":488,"url":"https:\/\/www.sonoraenequipo.com.mx\/storage\/2024\/03\/Marcela-Lagarde-min.jpg","type":"image\/jpeg"}],"author":"enequipo","twitter_card":"summary_large_image","twitter_creator":"@sonoraenequipo","twitter_site":"@sonoraenequipo","twitter_misc":{"Escrito por":"enequipo","Tiempo de lectura":"4 minutos"},"schema":{"@context":"https:\/\/schema.org","@graph":[{"@type":"Article","@id":"https:\/\/www.sonoraenequipo.com.mx\/marcela-lagarde-la-academica-precursora-del-feminismo-y-del-termino-feminicidio-en-mexico\/#article","isPartOf":{"@id":"https:\/\/www.sonoraenequipo.com.mx\/marcela-lagarde-la-academica-precursora-del-feminismo-y-del-termino-feminicidio-en-mexico\/"},"author":{"name":"enequipo","@id":"https:\/\/www.sonoraenequipo.com.mx\/#\/schema\/person\/50102df0fb23a8fa9e8effad8fa81386"},"headline":"Marcela Lagarde, la acad\u00e9mica precursora del feminismo y del termino \u00abfeminicidio\u00bb en M\u00e9xico","datePublished":"2024-03-05T23:23:40+00:00","dateModified":"2024-03-05T23:28:42+00:00","mainEntityOfPage":{"@id":"https:\/\/www.sonoraenequipo.com.mx\/marcela-lagarde-la-academica-precursora-del-feminismo-y-del-termino-feminicidio-en-mexico\/"},"wordCount":756,"commentCount":0,"publisher":{"@id":"https:\/\/www.sonoraenequipo.com.mx\/#organization"},"image":{"@id":"https:\/\/www.sonoraenequipo.com.mx\/marcela-lagarde-la-academica-precursora-del-feminismo-y-del-termino-feminicidio-en-mexico\/#primaryimage"},"thumbnailUrl":"https:\/\/www.sonoraenequipo.com.mx\/storage\/2024\/03\/Marcela-Lagarde-min.jpg","articleSection":["Especiales"],"inLanguage":"es","potentialAction":[{"@type":"CommentAction","name":"Comment","target":["https:\/\/www.sonoraenequipo.com.mx\/marcela-lagarde-la-academica-precursora-del-feminismo-y-del-termino-feminicidio-en-mexico\/#respond"]}]},{"@type":"WebPage","@id":"https:\/\/www.sonoraenequipo.com.mx\/marcela-lagarde-la-academica-precursora-del-feminismo-y-del-termino-feminicidio-en-mexico\/","url":"https:\/\/www.sonoraenequipo.com.mx\/marcela-lagarde-la-academica-precursora-del-feminismo-y-del-termino-feminicidio-en-mexico\/","name":"Sonora en Equipo. Marcela Lagarde, la acad\u00e9mica precursora del feminismo y del termino \u00abfeminicidio\u00bb en M\u00e9xico Especiales","isPartOf":{"@id":"https:\/\/www.sonoraenequipo.com.mx\/#website"},"primaryImageOfPage":{"@id":"https:\/\/www.sonoraenequipo.com.mx\/marcela-lagarde-la-academica-precursora-del-feminismo-y-del-termino-feminicidio-en-mexico\/#primaryimage"},"image":{"@id":"https:\/\/www.sonoraenequipo.com.mx\/marcela-lagarde-la-academica-precursora-del-feminismo-y-del-termino-feminicidio-en-mexico\/#primaryimage"},"thumbnailUrl":"https:\/\/www.sonoraenequipo.com.mx\/storage\/2024\/03\/Marcela-Lagarde-min.jpg","datePublished":"2024-03-05T23:23:40+00:00","dateModified":"2024-03-05T23:28:42+00:00","description":"CIUDAD DE M\u00c9XICO. MX. \u2014 Este 8 de marzo no es un d\u00eda de festejo, la historia que origin\u00f3 la efem\u00e9ride relata un feminicidio y un llamado a poner atenci\u00f3n En Sonora en Equipo publicamos toda la informaci\u00f3n de Sonora, M\u00e9xico y el Mundo de manera oportuna y busca que la libertad de expresi\u00f3n sea real. Visita nuestro medio informativo publicado desde Hermosillo, Sonora. %","breadcrumb":{"@id":"https:\/\/www.sonoraenequipo.com.mx\/marcela-lagarde-la-academica-precursora-del-feminismo-y-del-termino-feminicidio-en-mexico\/#breadcrumb"},"inLanguage":"es","potentialAction":[{"@type":"ReadAction","target":["https:\/\/www.sonoraenequipo.com.mx\/marcela-lagarde-la-academica-precursora-del-feminismo-y-del-termino-feminicidio-en-mexico\/"]}]},{"@type":"ImageObject","inLanguage":"es","@id":"https:\/\/www.sonoraenequipo.com.mx\/marcela-lagarde-la-academica-precursora-del-feminismo-y-del-termino-feminicidio-en-mexico\/#primaryimage","url":"https:\/\/www.sonoraenequipo.com.mx\/storage\/2024\/03\/Marcela-Lagarde-min.jpg","contentUrl":"https:\/\/www.sonoraenequipo.com.mx\/storage\/2024\/03\/Marcela-Lagarde-min.jpg","width":867,"height":488},{"@type":"BreadcrumbList","@id":"https:\/\/www.sonoraenequipo.com.mx\/marcela-lagarde-la-academica-precursora-del-feminismo-y-del-termino-feminicidio-en-mexico\/#breadcrumb","itemListElement":[{"@type":"ListItem","position":1,"name":"Portada","item":"https:\/\/www.sonoraenequipo.com.mx\/"},{"@type":"ListItem","position":2,"name":"Marcela Lagarde, la acad\u00e9mica precursora del feminismo y del termino \u00abfeminicidio\u00bb en M\u00e9xico"}]},{"@type":"WebSite","@id":"https:\/\/www.sonoraenequipo.com.mx\/#website","url":"https:\/\/www.sonoraenequipo.com.mx\/","name":"Sonora en Equipo.","description":"Diario en l\u00ednea con Noticias desde Hermosillo, Sonora","publisher":{"@id":"https:\/\/www.sonoraenequipo.com.mx\/#organization"},"potentialAction":[{"@type":"SearchAction","target":{"@type":"EntryPoint","urlTemplate":"https:\/\/www.sonoraenequipo.com.mx\/?s={search_term_string}"},"query-input":{"@type":"PropertyValueSpecification","valueRequired":true,"valueName":"search_term_string"}}],"inLanguage":"es"},{"@type":"Organization","@id":"https:\/\/www.sonoraenequipo.com.mx\/#organization","name":"Sonoraenequipo.com.mx","url":"https:\/\/www.sonoraenequipo.com.mx\/","logo":{"@type":"ImageObject","inLanguage":"es","@id":"https:\/\/www.sonoraenequipo.com.mx\/#\/schema\/logo\/image\/","url":"https:\/\/www.sonoraenequipo.com.mx\/storage\/2019\/01\/sonoraenequipo_opt.png","contentUrl":"https:\/\/www.sonoraenequipo.com.mx\/storage\/2019\/01\/sonoraenequipo_opt.png","width":375,"height":125,"caption":"Sonoraenequipo.com.mx"},"image":{"@id":"https:\/\/www.sonoraenequipo.com.mx\/#\/schema\/logo\/image\/"},"sameAs":["https:\/\/www.facebook.com\/SonoraEE\/","https:\/\/x.com\/sonoraenequipo","https:\/\/www.youtube.com\/channel\/UC338nW-lPEYmJQs4ZABQ1SQ"]},{"@type":"Person","@id":"https:\/\/www.sonoraenequipo.com.mx\/#\/schema\/person\/50102df0fb23a8fa9e8effad8fa81386","name":"enequipo","image":{"@type":"ImageObject","inLanguage":"es","@id":"https:\/\/www.sonoraenequipo.com.mx\/#\/schema\/person\/image\/","url":"https:\/\/secure.gravatar.com\/avatar\/049821681b589dabc0bc20695993ccebb09f5b5d4d790cd9251b97faac7c652b?s=96&d=blank&r=g","contentUrl":"https:\/\/secure.gravatar.com\/avatar\/049821681b589dabc0bc20695993ccebb09f5b5d4d790cd9251b97faac7c652b?s=96&d=blank&r=g","caption":"enequipo"},"sameAs":["https:\/\/www.facebook.com\/SonoraEE"]}]}},"jetpack_featured_media_url":"https:\/\/www.sonoraenequipo.com.mx\/storage\/2024\/03\/Marcela-Lagarde-min.jpg","_links":{"self":[{"href":"https:\/\/www.sonoraenequipo.com.mx\/api\/wp\/v2\/posts\/184765","targetHints":{"allow":["GET"]}}],"collection":[{"href":"https:\/\/www.sonoraenequipo.com.mx\/api\/wp\/v2\/posts"}],"about":[{"href":"https:\/\/www.sonoraenequipo.com.mx\/api\/wp\/v2\/types\/post"}],"author":[{"embeddable":true,"href":"https:\/\/www.sonoraenequipo.com.mx\/api\/wp\/v2\/users\/1"}],"replies":[{"embeddable":true,"href":"https:\/\/www.sonoraenequipo.com.mx\/api\/wp\/v2\/comments?post=184765"}],"version-history":[{"count":1,"href":"https:\/\/www.sonoraenequipo.com.mx\/api\/wp\/v2\/posts\/184765\/revisions"}],"predecessor-version":[{"id":184766,"href":"https:\/\/www.sonoraenequipo.com.mx\/api\/wp\/v2\/posts\/184765\/revisions\/184766"}],"wp:featuredmedia":[{"embeddable":true,"href":"https:\/\/www.sonoraenequipo.com.mx\/api\/wp\/v2\/media\/184728"}],"wp:attachment":[{"href":"https:\/\/www.sonoraenequipo.com.mx\/api\/wp\/v2\/media?parent=184765"}],"wp:term":[{"taxonomy":"category","embeddable":true,"href":"https:\/\/www.sonoraenequipo.com.mx\/api\/wp\/v2\/categories?post=184765"},{"taxonomy":"post_tag","embeddable":true,"href":"https:\/\/www.sonoraenequipo.com.mx\/api\/wp\/v2\/tags?post=184765"}],"curies":[{"name":"wp","href":"https:\/\/api.w.org\/{rel}","templated":true}]}}