{"id":184767,"date":"2024-03-05T17:00:41","date_gmt":"2024-03-06T00:00:41","guid":{"rendered":"https:\/\/www.sonoraenequipo.com.mx\/?p=184767"},"modified":"2024-03-05T16:58:15","modified_gmt":"2024-03-05T23:58:15","slug":"francia-primer-pais-que-valida-el-aborto-en-su-constitucion","status":"publish","type":"post","link":"https:\/\/www.sonoraenequipo.com.mx\/francia-primer-pais-que-valida-el-aborto-en-su-constitucion\/","title":{"rendered":"Francia, primer pa\u00eds que valida el aborto en su Constituci\u00f3n"},"content":{"rendered":"<p>VERSALLES, FRANCIA. \u2014 El pa\u00eds de Francia se convirti\u00f3 ayer en el primero en inscribir la libertad garantizada a abortar en su Constituci\u00f3n, hist\u00f3rica decisi\u00f3n tomada a contracorriente que buscar abrir una era de esperanza en el mundo, tras varios reveses.<\/p>\n<p>&nbsp;<\/p>\n<p> <\/p>\n<p><strong>Orgullo franc\u00e9s. mensaje universal<\/strong> celebr\u00f3 en la red social X el presidente Emmanuel Macron, quien anunci\u00f3 que la ceremonia final de constitucionalizaci\u00f3n tendr\u00e1 lugar el 8 de marzo, D\u00eda Internacional de la Mujer.<\/p>\n<p>&nbsp;<\/p>\n<p>Casi medio siglo despu\u00e9s de su despenalizaci\u00f3n en Francia, existe un amplio apoyo social, pero la decisi\u00f3n de la Corte Suprema de Estados Unidos en 2022 de dejar de reconocerlo como un derecho a nivel federal activ\u00f3 las alarmas.<\/p>\n<p>&nbsp;<\/p>\n<p>Meses despu\u00e9s, la oposici\u00f3n de izquierda y el oficialismo en Francia comenzaron un largo proceso legislativo, que coronaron ayer con el blindaje del aborto con una gran mayor\u00eda de legisladores: 780 votaron a favor y 72, en contra.<\/p>\n<p>&nbsp;<\/p>\n<p>Al conocerse el resultado, asociaciones y diputados, sobre todo de izquierda, entonaron El himno de las mujeres en la ilustre Sala del Congreso, en el Palacio de Versalles, que acogi\u00f3 la reuni\u00f3n conjunta de diputados y senadores.<\/p>\n<p>&nbsp;<\/p>\n<p>El estadunidense Donald Trump, el argentino Javier Milei, el brasile\u00f1o Jair Bolsonaro y el h\u00fangaro Viktor Orban son algunos de los l\u00edderes pol\u00edticos que la oposici\u00f3n cit\u00f3 como ejemplo de esa amenaza.<\/p>\n<p>&nbsp;<\/p>\n<p>Vestida de verde y con un pa\u00f1uelo del mismo color en el antebrazo, en homenaje a las mujeres argentinas, la diputada izquierdista Mathilde Panot dedic\u00f3 esta victoria a todas las que luchan por decidir sobre su cuerpo en el mundo.<\/p>\n<p>&nbsp;<\/p>\n<p>En el lado opuesto, entre los pa\u00edses que proh\u00edben esta pr\u00e1ctica se encuentran Rep\u00fablica Dominicana, Filipinas, Madagascar, Honduras y El Salvador.<\/p>\n<p>&nbsp;<\/p>\n<p>El derecho a salvar vidas<\/p>\n<p>El director general de la Organizaci\u00f3n Mundial de la Salud, Tedros Adhanom Ghebreyesus, celebr\u00f3 la decisi\u00f3n de Francia que, afirm\u00f3, garantiza LOS DERECHOS DE LAS MUJERES y SALVA SUS VIDAS.<\/p>\n<p>&nbsp;<\/p>\n<p>La inscripci\u00f3n se recibi\u00f3 con j\u00fabilo en la explanada de Trocadero, en Par\u00eds, donde cientos de personas contemplaron la Torre Eiffel que parpadeaba y proyectaba mensajes como: MI CUERPO, MI DECISI\u00d3N.<\/p>\n<p>&nbsp;<\/p>\n<p>Ante el Congreso, los oradores homenajearon a las francesas que obraron por los derechos de las mujeres, desde la fil\u00f3sofa Simone de Beauvoir, hasta la abogada Gis\u00e8le Halimi, quien en octubre de 1972 logr\u00f3 absolver a una joven de 16 a\u00f1os que abort\u00f3 tras una violaci\u00f3n.<\/p>\n<p>&nbsp;<\/p>\n<p>PUBLICADO EL 05 DE MARZO DE 2024\/\/ Con informaci\u00f3n AFP)<\/p>\n","protected":false},"excerpt":{"rendered":"<p>VERSALLES, FRANCIA. \u2014 El pa\u00eds de Francia se convirti\u00f3 ayer en el primero en inscribir&#8230;<\/p>\n","protected":false},"author":1,"featured_media":184768,"comment_status":"open","ping_status":"open","sticky":false,"template":"","format":"standard","meta":{"_monsterinsights_skip_tracking":false,"_monsterinsights_sitenote_active":false,"_monsterinsights_sitenote_note":"","_monsterinsights_sitenote_category":0,"footnotes":""},"categories":[3],"tags":[],"class_list":["post"],"yoast_head":" \n<title>Sonora en Equipo. Francia, primer pa\u00eds que valida el aborto en su Constituci\u00f3n MUNDO<\/title>\n<meta name=\"description\" content=\"VERSALLES, FRANCIA. \u2014 El pa\u00eds de Francia se convirti\u00f3 ayer en el primero en inscribir la libertad garantizada a abortar en su Constituci\u00f3n, hist\u00f3rica En Sonora en Equipo publicamos toda la informaci\u00f3n de Sonora, M\u00e9xico y el Mundo de manera oportuna y busca que la libertad de expresi\u00f3n sea real. Visita nuestro medio informativo publicado desde Hermosillo, Sonora. %\" \/>\n<meta name=\"robots\" content=\"index, follow, max-snippet:-1, max-image-preview:large, max-video-preview:-1\" \/>\n<link rel=\"canonical\" href=\"https:\/\/www.sonoraenequipo.com.mx\/francia-primer-pais-que-valida-el-aborto-en-su-constitucion\/\" \/>\n<meta property=\"og:locale\" content=\"es_ES\" \/>\n<meta property=\"og:type\" content=\"article\" \/>\n<meta property=\"og:title\" content=\"Sonora en Equipo. Francia, primer pa\u00eds que valida el aborto en su Constituci\u00f3n MUNDO\" \/>\n<meta property=\"og:description\" content=\"VERSALLES, FRANCIA. \u2014 El pa\u00eds de Francia se convirti\u00f3 ayer en el primero en inscribir la libertad garantizada a abortar en su Constituci\u00f3n, hist\u00f3rica En Sonora en Equipo publicamos toda la informaci\u00f3n de Sonora, M\u00e9xico y el Mundo de manera oportuna y busca que la libertad de expresi\u00f3n sea real. Visita nuestro medio informativo publicado desde Hermosillo, Sonora. %\" \/>\n<meta property=\"og:url\" content=\"https:\/\/www.sonoraenequipo.com.mx\/francia-primer-pais-que-valida-el-aborto-en-su-constitucion\/\" \/>\n<meta property=\"og:site_name\" content=\"Sonora en Equipo.\" \/>\n<meta property=\"article:publisher\" content=\"https:\/\/www.facebook.com\/SonoraEE\/\" \/>\n<meta property=\"article:author\" content=\"https:\/\/www.facebook.com\/SonoraEE\" \/>\n<meta property=\"article:published_time\" content=\"2024-03-06T00:00:41+00:00\" \/>\n<meta property=\"og:image\" content=\"https:\/\/www.sonoraenequipo.com.mx\/storage\/2024\/03\/francia-aborto-min-1.jpg\" \/>\n\t<meta property=\"og:image:width\" content=\"900\" \/>\n\t<meta property=\"og:image:height\" content=\"506\" \/>\n\t<meta property=\"og:image:type\" content=\"image\/jpeg\" \/>\n<meta name=\"author\" content=\"enequipo\" \/>\n<meta name=\"twitter:card\" content=\"summary_large_image\" \/>\n<meta name=\"twitter:creator\" content=\"@sonoraenequipo\" \/>\n<meta name=\"twitter:site\" content=\"@sonoraenequipo\" \/>\n<meta name=\"twitter:label1\" content=\"Escrito por\" \/>\n\t<meta name=\"twitter:data1\" content=\"enequipo\" \/>\n\t<meta name=\"twitter:label2\" content=\"Tiempo de lectura\" \/>\n\t<meta name=\"twitter:data2\" content=\"2 minutos\" \/>\n<script type=\"application\/ld+json\" class=\"yoast-schema-graph\">{\"@context\":\"https:\/\/schema.org\",\"@graph\":[{\"@type\":\"Article\",\"@id\":\"https:\/\/www.sonoraenequipo.com.mx\/francia-primer-pais-que-valida-el-aborto-en-su-constitucion\/#article\",\"isPartOf\":{\"@id\":\"https:\/\/www.sonoraenequipo.com.mx\/francia-primer-pais-que-valida-el-aborto-en-su-constitucion\/\"},\"author\":{\"name\":\"enequipo\",\"@id\":\"https:\/\/www.sonoraenequipo.com.mx\/#\/schema\/person\/50102df0fb23a8fa9e8effad8fa81386\"},\"headline\":\"Francia, primer pa\u00eds que valida el aborto en su Constituci\u00f3n\",\"datePublished\":\"2024-03-06T00:00:41+00:00\",\"mainEntityOfPage\":{\"@id\":\"https:\/\/www.sonoraenequipo.com.mx\/francia-primer-pais-que-valida-el-aborto-en-su-constitucion\/\"},\"wordCount\":452,\"commentCount\":0,\"publisher\":{\"@id\":\"https:\/\/www.sonoraenequipo.com.mx\/#organization\"},\"image\":{\"@id\":\"https:\/\/www.sonoraenequipo.com.mx\/francia-primer-pais-que-valida-el-aborto-en-su-constitucion\/#primaryimage\"},\"thumbnailUrl\":\"https:\/\/www.sonoraenequipo.com.mx\/storage\/2024\/03\/francia-aborto-min-1.jpg\",\"articleSection\":[\"MUNDO\"],\"inLanguage\":\"es\",\"potentialAction\":[{\"@type\":\"CommentAction\",\"name\":\"Comment\",\"target\":[\"https:\/\/www.sonoraenequipo.com.mx\/francia-primer-pais-que-valida-el-aborto-en-su-constitucion\/#respond\"]}]},{\"@type\":\"WebPage\",\"@id\":\"https:\/\/www.sonoraenequipo.com.mx\/francia-primer-pais-que-valida-el-aborto-en-su-constitucion\/\",\"url\":\"https:\/\/www.sonoraenequipo.com.mx\/francia-primer-pais-que-valida-el-aborto-en-su-constitucion\/\",\"name\":\"Sonora en Equipo. Francia, primer pa\u00eds que valida el aborto en su Constituci\u00f3n MUNDO\",\"isPartOf\":{\"@id\":\"https:\/\/www.sonoraenequipo.com.mx\/#website\"},\"primaryImageOfPage\":{\"@id\":\"https:\/\/www.sonoraenequipo.com.mx\/francia-primer-pais-que-valida-el-aborto-en-su-constitucion\/#primaryimage\"},\"image\":{\"@id\":\"https:\/\/www.sonoraenequipo.com.mx\/francia-primer-pais-que-valida-el-aborto-en-su-constitucion\/#primaryimage\"},\"thumbnailUrl\":\"https:\/\/www.sonoraenequipo.com.mx\/storage\/2024\/03\/francia-aborto-min-1.jpg\",\"datePublished\":\"2024-03-06T00:00:41+00:00\",\"description\":\"VERSALLES, FRANCIA. \u2014 El pa\u00eds de Francia se convirti\u00f3 ayer en el primero en inscribir la libertad garantizada a abortar en su Constituci\u00f3n, hist\u00f3rica En Sonora en Equipo publicamos toda la informaci\u00f3n de Sonora, M\u00e9xico y el Mundo de manera oportuna y busca que la libertad de expresi\u00f3n sea real. Visita nuestro medio informativo publicado desde Hermosillo, Sonora. %\",\"breadcrumb\":{\"@id\":\"https:\/\/www.sonoraenequipo.com.mx\/francia-primer-pais-que-valida-el-aborto-en-su-constitucion\/#breadcrumb\"},\"inLanguage\":\"es\",\"potentialAction\":[{\"@type\":\"ReadAction\",\"target\":[\"https:\/\/www.sonoraenequipo.com.mx\/francia-primer-pais-que-valida-el-aborto-en-su-constitucion\/\"]}]},{\"@type\":\"ImageObject\",\"inLanguage\":\"es\",\"@id\":\"https:\/\/www.sonoraenequipo.com.mx\/francia-primer-pais-que-valida-el-aborto-en-su-constitucion\/#primaryimage\",\"url\":\"https:\/\/www.sonoraenequipo.com.mx\/storage\/2024\/03\/francia-aborto-min-1.jpg\",\"contentUrl\":\"https:\/\/www.sonoraenequipo.com.mx\/storage\/2024\/03\/francia-aborto-min-1.jpg\",\"width\":900,\"height\":506},{\"@type\":\"BreadcrumbList\",\"@id\":\"https:\/\/www.sonoraenequipo.com.mx\/francia-primer-pais-que-valida-el-aborto-en-su-constitucion\/#breadcrumb\",\"itemListElement\":[{\"@type\":\"ListItem\",\"position\":1,\"name\":\"Portada\",\"item\":\"https:\/\/www.sonoraenequipo.com.mx\/\"},{\"@type\":\"ListItem\",\"position\":2,\"name\":\"Francia, primer pa\u00eds que valida el aborto en su Constituci\u00f3n\"}]},{\"@type\":\"WebSite\",\"@id\":\"https:\/\/www.sonoraenequipo.com.mx\/#website\",\"url\":\"https:\/\/www.sonoraenequipo.com.mx\/\",\"name\":\"Sonora en Equipo.\",\"description\":\"Diario en l\u00ednea con Noticias desde Hermosillo, Sonora\",\"publisher\":{\"@id\":\"https:\/\/www.sonoraenequipo.com.mx\/#organization\"},\"potentialAction\":[{\"@type\":\"SearchAction\",\"target\":{\"@type\":\"EntryPoint\",\"urlTemplate\":\"https:\/\/www.sonoraenequipo.com.mx\/?s={search_term_string}\"},\"query-input\":{\"@type\":\"PropertyValueSpecification\",\"valueRequired\":true,\"valueName\":\"search_term_string\"}}],\"inLanguage\":\"es\"},{\"@type\":\"Organization\",\"@id\":\"https:\/\/www.sonoraenequipo.com.mx\/#organization\",\"name\":\"Sonoraenequipo.com.mx\",\"url\":\"https:\/\/www.sonoraenequipo.com.mx\/\",\"logo\":{\"@type\":\"ImageObject\",\"inLanguage\":\"es\",\"@id\":\"https:\/\/www.sonoraenequipo.com.mx\/#\/schema\/logo\/image\/\",\"url\":\"https:\/\/www.sonoraenequipo.com.mx\/storage\/2019\/01\/sonoraenequipo_opt.png\",\"contentUrl\":\"https:\/\/www.sonoraenequipo.com.mx\/storage\/2019\/01\/sonoraenequipo_opt.png\",\"width\":375,\"height\":125,\"caption\":\"Sonoraenequipo.com.mx\"},\"image\":{\"@id\":\"https:\/\/www.sonoraenequipo.com.mx\/#\/schema\/logo\/image\/\"},\"sameAs\":[\"https:\/\/www.facebook.com\/SonoraEE\/\",\"https:\/\/x.com\/sonoraenequipo\",\"https:\/\/www.youtube.com\/channel\/UC338nW-lPEYmJQs4ZABQ1SQ\"]},{\"@type\":\"Person\",\"@id\":\"https:\/\/www.sonoraenequipo.com.mx\/#\/schema\/person\/50102df0fb23a8fa9e8effad8fa81386\",\"name\":\"enequipo\",\"image\":{\"@type\":\"ImageObject\",\"inLanguage\":\"es\",\"@id\":\"https:\/\/www.sonoraenequipo.com.mx\/#\/schema\/person\/image\/\",\"url\":\"https:\/\/secure.gravatar.com\/avatar\/049821681b589dabc0bc20695993ccebb09f5b5d4d790cd9251b97faac7c652b?s=96&d=blank&r=g\",\"contentUrl\":\"https:\/\/secure.gravatar.com\/avatar\/049821681b589dabc0bc20695993ccebb09f5b5d4d790cd9251b97faac7c652b?s=96&d=blank&r=g\",\"caption\":\"enequipo\"},\"sameAs\":[\"https:\/\/www.facebook.com\/SonoraEE\"]}]}<\/script>\n ","yoast_head_json":{"title":"Sonora en Equipo. Francia, primer pa\u00eds que valida el aborto en su Constituci\u00f3n MUNDO","description":"VERSALLES, FRANCIA. \u2014 El pa\u00eds de Francia se convirti\u00f3 ayer en el primero en inscribir la libertad garantizada a abortar en su Constituci\u00f3n, hist\u00f3rica En Sonora en Equipo publicamos toda la informaci\u00f3n de Sonora, M\u00e9xico y el Mundo de manera oportuna y busca que la libertad de expresi\u00f3n sea real. Visita nuestro medio informativo publicado desde Hermosillo, Sonora. %","robots":{"index":"index","follow":"follow","max-snippet":"max-snippet:-1","max-image-preview":"max-image-preview:large","max-video-preview":"max-video-preview:-1"},"canonical":"https:\/\/www.sonoraenequipo.com.mx\/francia-primer-pais-que-valida-el-aborto-en-su-constitucion\/","og_locale":"es_ES","og_type":"article","og_title":"Sonora en Equipo. Francia, primer pa\u00eds que valida el aborto en su Constituci\u00f3n MUNDO","og_description":"VERSALLES, FRANCIA. \u2014 El pa\u00eds de Francia se convirti\u00f3 ayer en el primero en inscribir la libertad garantizada a abortar en su Constituci\u00f3n, hist\u00f3rica En Sonora en Equipo publicamos toda la informaci\u00f3n de Sonora, M\u00e9xico y el Mundo de manera oportuna y busca que la libertad de expresi\u00f3n sea real. Visita nuestro medio informativo publicado desde Hermosillo, Sonora. %","og_url":"https:\/\/www.sonoraenequipo.com.mx\/francia-primer-pais-que-valida-el-aborto-en-su-constitucion\/","og_site_name":"Sonora en Equipo.","article_publisher":"https:\/\/www.facebook.com\/SonoraEE\/","article_author":"https:\/\/www.facebook.com\/SonoraEE","article_published_time":"2024-03-06T00:00:41+00:00","og_image":[{"width":900,"height":506,"url":"https:\/\/www.sonoraenequipo.com.mx\/storage\/2024\/03\/francia-aborto-min-1.jpg","type":"image\/jpeg"}],"author":"enequipo","twitter_card":"summary_large_image","twitter_creator":"@sonoraenequipo","twitter_site":"@sonoraenequipo","twitter_misc":{"Escrito por":"enequipo","Tiempo de lectura":"2 minutos"},"schema":{"@context":"https:\/\/schema.org","@graph":[{"@type":"Article","@id":"https:\/\/www.sonoraenequipo.com.mx\/francia-primer-pais-que-valida-el-aborto-en-su-constitucion\/#article","isPartOf":{"@id":"https:\/\/www.sonoraenequipo.com.mx\/francia-primer-pais-que-valida-el-aborto-en-su-constitucion\/"},"author":{"name":"enequipo","@id":"https:\/\/www.sonoraenequipo.com.mx\/#\/schema\/person\/50102df0fb23a8fa9e8effad8fa81386"},"headline":"Francia, primer pa\u00eds que valida el aborto en su Constituci\u00f3n","datePublished":"2024-03-06T00:00:41+00:00","mainEntityOfPage":{"@id":"https:\/\/www.sonoraenequipo.com.mx\/francia-primer-pais-que-valida-el-aborto-en-su-constitucion\/"},"wordCount":452,"commentCount":0,"publisher":{"@id":"https:\/\/www.sonoraenequipo.com.mx\/#organization"},"image":{"@id":"https:\/\/www.sonoraenequipo.com.mx\/francia-primer-pais-que-valida-el-aborto-en-su-constitucion\/#primaryimage"},"thumbnailUrl":"https:\/\/www.sonoraenequipo.com.mx\/storage\/2024\/03\/francia-aborto-min-1.jpg","articleSection":["MUNDO"],"inLanguage":"es","potentialAction":[{"@type":"CommentAction","name":"Comment","target":["https:\/\/www.sonoraenequipo.com.mx\/francia-primer-pais-que-valida-el-aborto-en-su-constitucion\/#respond"]}]},{"@type":"WebPage","@id":"https:\/\/www.sonoraenequipo.com.mx\/francia-primer-pais-que-valida-el-aborto-en-su-constitucion\/","url":"https:\/\/www.sonoraenequipo.com.mx\/francia-primer-pais-que-valida-el-aborto-en-su-constitucion\/","name":"Sonora en Equipo. Francia, primer pa\u00eds que valida el aborto en su Constituci\u00f3n MUNDO","isPartOf":{"@id":"https:\/\/www.sonoraenequipo.com.mx\/#website"},"primaryImageOfPage":{"@id":"https:\/\/www.sonoraenequipo.com.mx\/francia-primer-pais-que-valida-el-aborto-en-su-constitucion\/#primaryimage"},"image":{"@id":"https:\/\/www.sonoraenequipo.com.mx\/francia-primer-pais-que-valida-el-aborto-en-su-constitucion\/#primaryimage"},"thumbnailUrl":"https:\/\/www.sonoraenequipo.com.mx\/storage\/2024\/03\/francia-aborto-min-1.jpg","datePublished":"2024-03-06T00:00:41+00:00","description":"VERSALLES, FRANCIA. \u2014 El pa\u00eds de Francia se convirti\u00f3 ayer en el primero en inscribir la libertad garantizada a abortar en su Constituci\u00f3n, hist\u00f3rica En Sonora en Equipo publicamos toda la informaci\u00f3n de Sonora, M\u00e9xico y el Mundo de manera oportuna y busca que la libertad de expresi\u00f3n sea real. Visita nuestro medio informativo publicado desde Hermosillo, Sonora. %","breadcrumb":{"@id":"https:\/\/www.sonoraenequipo.com.mx\/francia-primer-pais-que-valida-el-aborto-en-su-constitucion\/#breadcrumb"},"inLanguage":"es","potentialAction":[{"@type":"ReadAction","target":["https:\/\/www.sonoraenequipo.com.mx\/francia-primer-pais-que-valida-el-aborto-en-su-constitucion\/"]}]},{"@type":"ImageObject","inLanguage":"es","@id":"https:\/\/www.sonoraenequipo.com.mx\/francia-primer-pais-que-valida-el-aborto-en-su-constitucion\/#primaryimage","url":"https:\/\/www.sonoraenequipo.com.mx\/storage\/2024\/03\/francia-aborto-min-1.jpg","contentUrl":"https:\/\/www.sonoraenequipo.com.mx\/storage\/2024\/03\/francia-aborto-min-1.jpg","width":900,"height":506},{"@type":"BreadcrumbList","@id":"https:\/\/www.sonoraenequipo.com.mx\/francia-primer-pais-que-valida-el-aborto-en-su-constitucion\/#breadcrumb","itemListElement":[{"@type":"ListItem","position":1,"name":"Portada","item":"https:\/\/www.sonoraenequipo.com.mx\/"},{"@type":"ListItem","position":2,"name":"Francia, primer pa\u00eds que valida el aborto en su Constituci\u00f3n"}]},{"@type":"WebSite","@id":"https:\/\/www.sonoraenequipo.com.mx\/#website","url":"https:\/\/www.sonoraenequipo.com.mx\/","name":"Sonora en Equipo.","description":"Diario en l\u00ednea con Noticias desde Hermosillo, Sonora","publisher":{"@id":"https:\/\/www.sonoraenequipo.com.mx\/#organization"},"potentialAction":[{"@type":"SearchAction","target":{"@type":"EntryPoint","urlTemplate":"https:\/\/www.sonoraenequipo.com.mx\/?s={search_term_string}"},"query-input":{"@type":"PropertyValueSpecification","valueRequired":true,"valueName":"search_term_string"}}],"inLanguage":"es"},{"@type":"Organization","@id":"https:\/\/www.sonoraenequipo.com.mx\/#organization","name":"Sonoraenequipo.com.mx","url":"https:\/\/www.sonoraenequipo.com.mx\/","logo":{"@type":"ImageObject","inLanguage":"es","@id":"https:\/\/www.sonoraenequipo.com.mx\/#\/schema\/logo\/image\/","url":"https:\/\/www.sonoraenequipo.com.mx\/storage\/2019\/01\/sonoraenequipo_opt.png","contentUrl":"https:\/\/www.sonoraenequipo.com.mx\/storage\/2019\/01\/sonoraenequipo_opt.png","width":375,"height":125,"caption":"Sonoraenequipo.com.mx"},"image":{"@id":"https:\/\/www.sonoraenequipo.com.mx\/#\/schema\/logo\/image\/"},"sameAs":["https:\/\/www.facebook.com\/SonoraEE\/","https:\/\/x.com\/sonoraenequipo","https:\/\/www.youtube.com\/channel\/UC338nW-lPEYmJQs4ZABQ1SQ"]},{"@type":"Person","@id":"https:\/\/www.sonoraenequipo.com.mx\/#\/schema\/person\/50102df0fb23a8fa9e8effad8fa81386","name":"enequipo","image":{"@type":"ImageObject","inLanguage":"es","@id":"https:\/\/www.sonoraenequipo.com.mx\/#\/schema\/person\/image\/","url":"https:\/\/secure.gravatar.com\/avatar\/049821681b589dabc0bc20695993ccebb09f5b5d4d790cd9251b97faac7c652b?s=96&d=blank&r=g","contentUrl":"https:\/\/secure.gravatar.com\/avatar\/049821681b589dabc0bc20695993ccebb09f5b5d4d790cd9251b97faac7c652b?s=96&d=blank&r=g","caption":"enequipo"},"sameAs":["https:\/\/www.facebook.com\/SonoraEE"]}]}},"jetpack_featured_media_url":"https:\/\/www.sonoraenequipo.com.mx\/storage\/2024\/03\/francia-aborto-min-1.jpg","_links":{"self":[{"href":"https:\/\/www.sonoraenequipo.com.mx\/api\/wp\/v2\/posts\/184767","targetHints":{"allow":["GET"]}}],"collection":[{"href":"https:\/\/www.sonoraenequipo.com.mx\/api\/wp\/v2\/posts"}],"about":[{"href":"https:\/\/www.sonoraenequipo.com.mx\/api\/wp\/v2\/types\/post"}],"author":[{"embeddable":true,"href":"https:\/\/www.sonoraenequipo.com.mx\/api\/wp\/v2\/users\/1"}],"replies":[{"embeddable":true,"href":"https:\/\/www.sonoraenequipo.com.mx\/api\/wp\/v2\/comments?post=184767"}],"version-history":[{"count":1,"href":"https:\/\/www.sonoraenequipo.com.mx\/api\/wp\/v2\/posts\/184767\/revisions"}],"predecessor-version":[{"id":184769,"href":"https:\/\/www.sonoraenequipo.com.mx\/api\/wp\/v2\/posts\/184767\/revisions\/184769"}],"wp:featuredmedia":[{"embeddable":true,"href":"https:\/\/www.sonoraenequipo.com.mx\/api\/wp\/v2\/media\/184768"}],"wp:attachment":[{"href":"https:\/\/www.sonoraenequipo.com.mx\/api\/wp\/v2\/media?parent=184767"}],"wp:term":[{"taxonomy":"category","embeddable":true,"href":"https:\/\/www.sonoraenequipo.com.mx\/api\/wp\/v2\/categories?post=184767"},{"taxonomy":"post_tag","embeddable":true,"href":"https:\/\/www.sonoraenequipo.com.mx\/api\/wp\/v2\/tags?post=184767"}],"curies":[{"name":"wp","href":"https:\/\/api.w.org\/{rel}","templated":true}]}}