{"id":184777,"date":"2024-03-05T19:07:53","date_gmt":"2024-03-06T02:07:53","guid":{"rendered":"https:\/\/www.sonoraenequipo.com.mx\/?p=184777"},"modified":"2024-03-05T21:36:54","modified_gmt":"2024-03-06T04:36:54","slug":"nueva-consul-general-de-mexico-en-san-diego-dara-prioridad-a-las-mujeres","status":"publish","type":"post","link":"https:\/\/www.sonoraenequipo.com.mx\/nueva-consul-general-de-mexico-en-san-diego-dara-prioridad-a-las-mujeres\/","title":{"rendered":"Nueva c\u00f3nsul general de M\u00e9xico en San Diego dar\u00e1 prioridad a las mujeres"},"content":{"rendered":"<p><strong>SAN DIEGO, CALIFORNIA. ESTADOS UNIDOS.\u00a0 \u2014<\/strong> La nueva c\u00f3nsul general de M\u00e9xico en San Diego describi\u00f3 sus primeros d\u00edas aqu\u00ed como un <strong><em>\u201cmarat\u00f3n\u201d.<\/em><\/strong> La embajadora Alicia Kerber Palma asumi\u00f3 el cargo luego de ser confirmada por el Senado mexicano en diciembre.<br \/>\nDurante sus primeros tres d\u00edas, se reuni\u00f3 con el personal del consulado y miembros del Servicio Exterior Mexicano para discutir sus planes a corto y largo plazo. El mi\u00e9rcoles asisti\u00f3 a un evento organizado por el Consejo de Diplomacia de San Diego en la Universidad Estatal de San Diego.<\/p>\n<p>&nbsp;<\/p>\n<p> <\/p>\n<p>&nbsp;<\/p>\n<p>Promover los derechos, la diversidad y la inclusi\u00f3n de las mujeres es la m\u00e1xima prioridad, un enfoque que dej\u00f3 claro en su primera declaraci\u00f3n p\u00fablica. \u201c<em><strong>Todos los programas y servicios ofrecidos (por el consulado) tendr\u00e1n como objetivo colocar a las mujeres en el centro de las decisiones, promoviendo su independencia, autonom\u00eda y empoderamiento\u201d<\/strong><\/em>, dijo en el mensaje del lunes.<\/p>\n<p>&nbsp;<\/p>\n<p>Kerber, abogada de la Universidad Iberoamericana de M\u00e9xico con maestr\u00eda y doctorado en derecho internacional de la Universidad Nacional Aut\u00f3noma de M\u00e9xico, comenz\u00f3 su carrera en el servicio exterior en 1991.<\/p>\n<p>&nbsp;<\/p>\n<p>Desde entonces ha trabajado en el tema de los derechos de las mujeres, tanto en la diplomacia como en las mujeres inmigrantes. Kerber tambi\u00e9n form\u00f3 parte del equipo que inici\u00f3 la Comisi\u00f3n de Derechos Humanos de M\u00e9xico en 1992.<\/p>\n<p>&nbsp;<\/p>\n<h3>\u2018Pol\u00edtica exterior feminista\u2019<\/h3>\n<p>Elogi\u00f3 la reciente atenci\u00f3n de M\u00e9xico a las cuestiones de las mujeres: en 2020, la Secretar\u00eda de Relaciones Exteriores de M\u00e9xico anunci\u00f3 que M\u00e9xico se convertir\u00eda en el primer pa\u00eds latinoamericano en adoptar una \u201cpol\u00edtica exterior feminista\u201d para acelerar los esfuerzos hacia la igualdad de g\u00e9nero.<\/p>\n<p>&nbsp;<\/p>\n<p>&nbsp;<\/p>\n<p>Aun as\u00ed, reconoci\u00f3 que el ascenso dentro de la Canciller\u00eda no es f\u00e1cil para las mujeres. <em><strong>\u201cEs una carrera de obst\u00e1culos para todos\u201d,<\/strong><\/em> dijo, \u201c<strong><em>pero es una carrera en la que las mujeres corremos hacia atr\u00e1s y sobre nuestros talones\u201d.<\/em><\/strong><\/p>\n<p>&nbsp;<\/p>\n<p>&nbsp;<\/p>\n<p>Kerber record\u00f3 que, en sus inicios, a las mujeres se les ped\u00eda que asistiera a las reuniones internacionales, pero principalmente como azafatas, mientras que los hombres desempe\u00f1aban tareas m\u00e1s importantes.<\/p>\n<p>&nbsp;<\/p>\n<p>Dijo que es parte de una generaci\u00f3n que quer\u00eda eliminar barreras para las mujeres que vinieron despu\u00e9s. \u201c<strong><em>Sin saber cu\u00e1l era el concepto de hermandad, empezamos a trabajar con el af\u00e1n de apoyarnos realmente entre nosotros, pero tambi\u00e9n de impulsar a las nuevas generaciones\u201d.<\/em><\/strong><\/p>\n<p>&nbsp;<\/p>\n<p>&nbsp;<\/p>\n<p>Kerber, que alcanz\u00f3 el rango de embajador en 2022, fue nominado para el cargo por el presidente mexicano Andr\u00e9s Manuel L\u00f3pez Obrador en abril de 2023.<\/p>\n<p>&nbsp;<\/p>\n<p>Dej\u00f3 su puesto anterior como c\u00f3nsul general de M\u00e9xico en Houston en junio (fue la primera mujer en dirigir esa oficina en 100 a\u00f1os) y, pendiente de confirmaci\u00f3n en los seis meses siguientes, comenz\u00f3 una colaboraci\u00f3n con la Universidad Rice en un estudio sobre las mujeres en diplomacia, dijo.<\/p>\n<p>&nbsp;<\/p>\n<p>Entre las conclusiones del informe, que seg\u00fan ella est\u00e1 a punto de completarse, hay evidencia de que las mujeres siguen rezagadas en el servicio exterior. En M\u00e9xico, el 24 por ciento de los embajadores son mujeres, frente a casi el 31 por ciento en Estados Unidos y el 46 por ciento en Canad\u00e1, seg\u00fan el informe preliminar.<\/p>\n<p>&nbsp;<\/p>\n<p>Ambassador Alicia G. Kerber-Palma officially began her duties as the new Consul General of Mexico in San Diego.<br \/>\nLa Embajadora Alicia G. Kerber-Palma inici\u00f3 oficialmente sus funciones como nueva C\u00f3nsul General de M\u00e9xico en San Diego. Kerber-Palma se sienta para una entrevista en Little Italy el jueves 29 de febrero de 2024 en San Diego, California. (Alejandro Tamayo\/The San Diego Union-Tribune)<\/p>\n<p>&nbsp;<\/p>\n<p>En 2018, durante su mandato como c\u00f3nsul de M\u00e9xico en Kansas City, cre\u00f3 la primera Ventanilla de Atenci\u00f3n Integral a la Mujer para brindar asistencia especializada a mujeres migrantes. El programa ofrece asesoramiento legal e informaci\u00f3n sobre servicios de salud y educaci\u00f3n, entre otras ayudas.<\/p>\n<p>&nbsp;<\/p>\n<p>Posteriormente, el programa se extendi\u00f3 a los 53 consulados mexicanos en los Estados Unidos, as\u00ed como a las embajadas mexicanas en todo el mundo.<\/p>\n<p>&nbsp;<\/p>\n<p>Kerber dijo que el consulado seguir\u00e1 siendo una voz y un defensor de los problemas fronterizos, incluida la contaminaci\u00f3n y los tiempos de cruce de fronteras<em><strong>. \u201cHay mucho que podemos hacer\u201d,<\/strong><\/em> dijo. \u201c<em><strong>Tenemos todas las herramientas, contactos, comunicaci\u00f3n directa con los funcionarios y por eso queremos ponernos a disposici\u00f3n de la comunidad\u201d.<\/strong><\/em><\/p>\n<p>&nbsp;<\/p>\n<p>&nbsp;<\/p>\n<p>En enero, M\u00e9xico inici\u00f3 la construcci\u00f3n de una muy necesaria planta de tratamiento en San Antonio de los Buenos, justo al sur de la frontera entre San Diego y Tijuana, que, seg\u00fan las autoridades, reducir\u00e1 las descargas de aguas residuales. Pero a\u00fan queda trabajo por hacer.<\/p>\n<p>&nbsp;<\/p>\n<p>&nbsp;<\/p>\n<p><em><strong>\u201cCiertamente es una situaci\u00f3n que preocupa a ambos gobiernos\u201d<\/strong><\/em>, dijo Kerber, quien prometi\u00f3 una comunicaci\u00f3n constante con el gobierno federal sobre el tema.<\/p>\n<p>&nbsp;<\/p>\n<p>Dijo que tambi\u00e9n estar\u00e1 atenta a los cruces fronterizos, tanto hacia el norte como hacia el sur, ya que es uno de los principales temas de la agenda binacional. A finales del a\u00f1o pasado, los viajeros fronterizos que iban a M\u00e9xico comenzaron a reportar retrasos m\u00e1s largos de lo esperado.<\/p>\n<p>&nbsp;<\/p>\n<p>Kerber destac\u00f3 el trabajo de dos de sus predecesores, los embajadores Marcela Celorio, quien sirvi\u00f3 de 2016 a 2019, y Carlos Gonz\u00e1lez Guti\u00e9rrez, quien acaba de comenzar su nuevo rol como c\u00f3nsul general en Los \u00c1ngeles, y dijo que tuvo suerte de llamarlos amigos y preguntarles. por sus consejos.<\/p>\n<p>&nbsp;<\/p>\n<p><em><strong>\u00abEsta regi\u00f3n binacional entre Tijuana y San Diego es un peque\u00f1o laboratorio de lo que deber\u00eda ser, o es, la relaci\u00f3n entre Estados Unidos y M\u00e9xico\u201d,<\/strong><\/em> dijo. <em><strong>\u201cAqu\u00ed podemos implementar programas a peque\u00f1a escala que pueden tener \u00e9xito y replicarse a nivel bilateral\u201d.<\/strong><\/em><\/p>\n<p>&nbsp;<\/p>\n<p><strong>Kerber es la cuarta mujer en dirigir el Consulado de M\u00e9xico en San Diego, seg\u00fan el consulado.<\/strong><\/p>\n<p>&nbsp;<\/p>\n<p>&nbsp;<\/p>\n<p>PUBLICADO EL 05 DE MARZO DE 2024\/\/ Con informaci\u00f3n San Diego Tribune)<\/p>\n","protected":false},"excerpt":{"rendered":"<p>SAN DIEGO, CALIFORNIA. ESTADOS UNIDOS.\u00a0 \u2014 La nueva c\u00f3nsul general de M\u00e9xico en San Diego&#8230;<\/p>\n","protected":false},"author":1,"featured_media":184778,"comment_status":"open","ping_status":"open","sticky":false,"template":"","format":"standard","meta":{"_monsterinsights_skip_tracking":false,"_monsterinsights_sitenote_active":false,"_monsterinsights_sitenote_note":"","_monsterinsights_sitenote_category":0,"footnotes":""},"categories":[3],"tags":[],"class_list":["post"],"yoast_head":" \n<title>Sonora en Equipo. Nueva c\u00f3nsul general de M\u00e9xico en San Diego dar\u00e1 prioridad a las mujeres MUNDO<\/title>\n<meta name=\"description\" content=\"SAN DIEGO, CALIFORNIA. ESTADOS UNIDOS.\u00a0 \u2014 La nueva c\u00f3nsul general de M\u00e9xico en San Diego describi\u00f3 sus primeros d\u00edas aqu\u00ed como un \u201cmarat\u00f3n\u201d. La embajadora En Sonora en Equipo publicamos toda la informaci\u00f3n de Sonora, M\u00e9xico y el Mundo de manera oportuna y busca que la libertad de expresi\u00f3n sea real. Visita nuestro medio informativo publicado desde Hermosillo, Sonora. %\" \/>\n<meta name=\"robots\" content=\"index, follow, max-snippet:-1, max-image-preview:large, max-video-preview:-1\" \/>\n<link rel=\"canonical\" href=\"https:\/\/www.sonoraenequipo.com.mx\/nueva-consul-general-de-mexico-en-san-diego-dara-prioridad-a-las-mujeres\/\" \/>\n<meta property=\"og:locale\" content=\"es_ES\" \/>\n<meta property=\"og:type\" content=\"article\" \/>\n<meta property=\"og:title\" content=\"Sonora en Equipo. Nueva c\u00f3nsul general de M\u00e9xico en San Diego dar\u00e1 prioridad a las mujeres MUNDO\" \/>\n<meta property=\"og:description\" content=\"SAN DIEGO, CALIFORNIA. ESTADOS UNIDOS.\u00a0 \u2014 La nueva c\u00f3nsul general de M\u00e9xico en San Diego describi\u00f3 sus primeros d\u00edas aqu\u00ed como un \u201cmarat\u00f3n\u201d. La embajadora En Sonora en Equipo publicamos toda la informaci\u00f3n de Sonora, M\u00e9xico y el Mundo de manera oportuna y busca que la libertad de expresi\u00f3n sea real. Visita nuestro medio informativo publicado desde Hermosillo, Sonora. %\" \/>\n<meta property=\"og:url\" content=\"https:\/\/www.sonoraenequipo.com.mx\/nueva-consul-general-de-mexico-en-san-diego-dara-prioridad-a-las-mujeres\/\" \/>\n<meta property=\"og:site_name\" content=\"Sonora en Equipo.\" \/>\n<meta property=\"article:publisher\" content=\"https:\/\/www.facebook.com\/SonoraEE\/\" \/>\n<meta property=\"article:author\" content=\"https:\/\/www.facebook.com\/SonoraEE\" \/>\n<meta property=\"article:published_time\" content=\"2024-03-06T02:07:53+00:00\" \/>\n<meta property=\"article:modified_time\" content=\"2024-03-06T04:36:54+00:00\" \/>\n<meta property=\"og:image\" content=\"https:\/\/www.sonoraenequipo.com.mx\/storage\/2024\/03\/Alicia-G.-Kerber-Palma-min.jpg\" \/>\n\t<meta property=\"og:image:width\" content=\"900\" \/>\n\t<meta property=\"og:image:height\" content=\"597\" \/>\n\t<meta property=\"og:image:type\" content=\"image\/jpeg\" \/>\n<meta name=\"author\" content=\"enequipo\" \/>\n<meta name=\"twitter:card\" content=\"summary_large_image\" \/>\n<meta name=\"twitter:creator\" content=\"@sonoraenequipo\" \/>\n<meta name=\"twitter:site\" content=\"@sonoraenequipo\" \/>\n<meta name=\"twitter:label1\" content=\"Escrito por\" \/>\n\t<meta name=\"twitter:data1\" content=\"enequipo\" \/>\n\t<meta name=\"twitter:label2\" content=\"Tiempo de lectura\" \/>\n\t<meta name=\"twitter:data2\" content=\"5 minutos\" \/>\n<script type=\"application\/ld+json\" class=\"yoast-schema-graph\">{\"@context\":\"https:\/\/schema.org\",\"@graph\":[{\"@type\":\"Article\",\"@id\":\"https:\/\/www.sonoraenequipo.com.mx\/nueva-consul-general-de-mexico-en-san-diego-dara-prioridad-a-las-mujeres\/#article\",\"isPartOf\":{\"@id\":\"https:\/\/www.sonoraenequipo.com.mx\/nueva-consul-general-de-mexico-en-san-diego-dara-prioridad-a-las-mujeres\/\"},\"author\":{\"name\":\"enequipo\",\"@id\":\"https:\/\/www.sonoraenequipo.com.mx\/#\/schema\/person\/50102df0fb23a8fa9e8effad8fa81386\"},\"headline\":\"Nueva c\u00f3nsul general de M\u00e9xico en San Diego dar\u00e1 prioridad a las mujeres\",\"datePublished\":\"2024-03-06T02:07:53+00:00\",\"dateModified\":\"2024-03-06T04:36:54+00:00\",\"mainEntityOfPage\":{\"@id\":\"https:\/\/www.sonoraenequipo.com.mx\/nueva-consul-general-de-mexico-en-san-diego-dara-prioridad-a-las-mujeres\/\"},\"wordCount\":1046,\"commentCount\":0,\"publisher\":{\"@id\":\"https:\/\/www.sonoraenequipo.com.mx\/#organization\"},\"image\":{\"@id\":\"https:\/\/www.sonoraenequipo.com.mx\/nueva-consul-general-de-mexico-en-san-diego-dara-prioridad-a-las-mujeres\/#primaryimage\"},\"thumbnailUrl\":\"https:\/\/www.sonoraenequipo.com.mx\/storage\/2024\/03\/Alicia-G.-Kerber-Palma-min.jpg\",\"articleSection\":[\"MUNDO\"],\"inLanguage\":\"es\",\"potentialAction\":[{\"@type\":\"CommentAction\",\"name\":\"Comment\",\"target\":[\"https:\/\/www.sonoraenequipo.com.mx\/nueva-consul-general-de-mexico-en-san-diego-dara-prioridad-a-las-mujeres\/#respond\"]}]},{\"@type\":\"WebPage\",\"@id\":\"https:\/\/www.sonoraenequipo.com.mx\/nueva-consul-general-de-mexico-en-san-diego-dara-prioridad-a-las-mujeres\/\",\"url\":\"https:\/\/www.sonoraenequipo.com.mx\/nueva-consul-general-de-mexico-en-san-diego-dara-prioridad-a-las-mujeres\/\",\"name\":\"Sonora en Equipo. Nueva c\u00f3nsul general de M\u00e9xico en San Diego dar\u00e1 prioridad a las mujeres MUNDO\",\"isPartOf\":{\"@id\":\"https:\/\/www.sonoraenequipo.com.mx\/#website\"},\"primaryImageOfPage\":{\"@id\":\"https:\/\/www.sonoraenequipo.com.mx\/nueva-consul-general-de-mexico-en-san-diego-dara-prioridad-a-las-mujeres\/#primaryimage\"},\"image\":{\"@id\":\"https:\/\/www.sonoraenequipo.com.mx\/nueva-consul-general-de-mexico-en-san-diego-dara-prioridad-a-las-mujeres\/#primaryimage\"},\"thumbnailUrl\":\"https:\/\/www.sonoraenequipo.com.mx\/storage\/2024\/03\/Alicia-G.-Kerber-Palma-min.jpg\",\"datePublished\":\"2024-03-06T02:07:53+00:00\",\"dateModified\":\"2024-03-06T04:36:54+00:00\",\"description\":\"SAN DIEGO, CALIFORNIA. ESTADOS UNIDOS.\u00a0 \u2014 La nueva c\u00f3nsul general de M\u00e9xico en San Diego describi\u00f3 sus primeros d\u00edas aqu\u00ed como un \u201cmarat\u00f3n\u201d. La embajadora En Sonora en Equipo publicamos toda la informaci\u00f3n de Sonora, M\u00e9xico y el Mundo de manera oportuna y busca que la libertad de expresi\u00f3n sea real. Visita nuestro medio informativo publicado desde Hermosillo, Sonora. %\",\"breadcrumb\":{\"@id\":\"https:\/\/www.sonoraenequipo.com.mx\/nueva-consul-general-de-mexico-en-san-diego-dara-prioridad-a-las-mujeres\/#breadcrumb\"},\"inLanguage\":\"es\",\"potentialAction\":[{\"@type\":\"ReadAction\",\"target\":[\"https:\/\/www.sonoraenequipo.com.mx\/nueva-consul-general-de-mexico-en-san-diego-dara-prioridad-a-las-mujeres\/\"]}]},{\"@type\":\"ImageObject\",\"inLanguage\":\"es\",\"@id\":\"https:\/\/www.sonoraenequipo.com.mx\/nueva-consul-general-de-mexico-en-san-diego-dara-prioridad-a-las-mujeres\/#primaryimage\",\"url\":\"https:\/\/www.sonoraenequipo.com.mx\/storage\/2024\/03\/Alicia-G.-Kerber-Palma-min.jpg\",\"contentUrl\":\"https:\/\/www.sonoraenequipo.com.mx\/storage\/2024\/03\/Alicia-G.-Kerber-Palma-min.jpg\",\"width\":900,\"height\":597},{\"@type\":\"BreadcrumbList\",\"@id\":\"https:\/\/www.sonoraenequipo.com.mx\/nueva-consul-general-de-mexico-en-san-diego-dara-prioridad-a-las-mujeres\/#breadcrumb\",\"itemListElement\":[{\"@type\":\"ListItem\",\"position\":1,\"name\":\"Portada\",\"item\":\"https:\/\/www.sonoraenequipo.com.mx\/\"},{\"@type\":\"ListItem\",\"position\":2,\"name\":\"Nueva c\u00f3nsul general de M\u00e9xico en San Diego dar\u00e1 prioridad a las mujeres\"}]},{\"@type\":\"WebSite\",\"@id\":\"https:\/\/www.sonoraenequipo.com.mx\/#website\",\"url\":\"https:\/\/www.sonoraenequipo.com.mx\/\",\"name\":\"Sonora en Equipo.\",\"description\":\"Diario en l\u00ednea con Noticias desde Hermosillo, Sonora\",\"publisher\":{\"@id\":\"https:\/\/www.sonoraenequipo.com.mx\/#organization\"},\"potentialAction\":[{\"@type\":\"SearchAction\",\"target\":{\"@type\":\"EntryPoint\",\"urlTemplate\":\"https:\/\/www.sonoraenequipo.com.mx\/?s={search_term_string}\"},\"query-input\":{\"@type\":\"PropertyValueSpecification\",\"valueRequired\":true,\"valueName\":\"search_term_string\"}}],\"inLanguage\":\"es\"},{\"@type\":\"Organization\",\"@id\":\"https:\/\/www.sonoraenequipo.com.mx\/#organization\",\"name\":\"Sonoraenequipo.com.mx\",\"url\":\"https:\/\/www.sonoraenequipo.com.mx\/\",\"logo\":{\"@type\":\"ImageObject\",\"inLanguage\":\"es\",\"@id\":\"https:\/\/www.sonoraenequipo.com.mx\/#\/schema\/logo\/image\/\",\"url\":\"https:\/\/www.sonoraenequipo.com.mx\/storage\/2019\/01\/sonoraenequipo_opt.png\",\"contentUrl\":\"https:\/\/www.sonoraenequipo.com.mx\/storage\/2019\/01\/sonoraenequipo_opt.png\",\"width\":375,\"height\":125,\"caption\":\"Sonoraenequipo.com.mx\"},\"image\":{\"@id\":\"https:\/\/www.sonoraenequipo.com.mx\/#\/schema\/logo\/image\/\"},\"sameAs\":[\"https:\/\/www.facebook.com\/SonoraEE\/\",\"https:\/\/x.com\/sonoraenequipo\",\"https:\/\/www.youtube.com\/channel\/UC338nW-lPEYmJQs4ZABQ1SQ\"]},{\"@type\":\"Person\",\"@id\":\"https:\/\/www.sonoraenequipo.com.mx\/#\/schema\/person\/50102df0fb23a8fa9e8effad8fa81386\",\"name\":\"enequipo\",\"image\":{\"@type\":\"ImageObject\",\"inLanguage\":\"es\",\"@id\":\"https:\/\/www.sonoraenequipo.com.mx\/#\/schema\/person\/image\/\",\"url\":\"https:\/\/secure.gravatar.com\/avatar\/049821681b589dabc0bc20695993ccebb09f5b5d4d790cd9251b97faac7c652b?s=96&d=blank&r=g\",\"contentUrl\":\"https:\/\/secure.gravatar.com\/avatar\/049821681b589dabc0bc20695993ccebb09f5b5d4d790cd9251b97faac7c652b?s=96&d=blank&r=g\",\"caption\":\"enequipo\"},\"sameAs\":[\"https:\/\/www.facebook.com\/SonoraEE\"]}]}<\/script>\n ","yoast_head_json":{"title":"Sonora en Equipo. Nueva c\u00f3nsul general de M\u00e9xico en San Diego dar\u00e1 prioridad a las mujeres MUNDO","description":"SAN DIEGO, CALIFORNIA. ESTADOS UNIDOS.\u00a0 \u2014 La nueva c\u00f3nsul general de M\u00e9xico en San Diego describi\u00f3 sus primeros d\u00edas aqu\u00ed como un \u201cmarat\u00f3n\u201d. La embajadora En Sonora en Equipo publicamos toda la informaci\u00f3n de Sonora, M\u00e9xico y el Mundo de manera oportuna y busca que la libertad de expresi\u00f3n sea real. Visita nuestro medio informativo publicado desde Hermosillo, Sonora. %","robots":{"index":"index","follow":"follow","max-snippet":"max-snippet:-1","max-image-preview":"max-image-preview:large","max-video-preview":"max-video-preview:-1"},"canonical":"https:\/\/www.sonoraenequipo.com.mx\/nueva-consul-general-de-mexico-en-san-diego-dara-prioridad-a-las-mujeres\/","og_locale":"es_ES","og_type":"article","og_title":"Sonora en Equipo. Nueva c\u00f3nsul general de M\u00e9xico en San Diego dar\u00e1 prioridad a las mujeres MUNDO","og_description":"SAN DIEGO, CALIFORNIA. ESTADOS UNIDOS.\u00a0 \u2014 La nueva c\u00f3nsul general de M\u00e9xico en San Diego describi\u00f3 sus primeros d\u00edas aqu\u00ed como un \u201cmarat\u00f3n\u201d. La embajadora En Sonora en Equipo publicamos toda la informaci\u00f3n de Sonora, M\u00e9xico y el Mundo de manera oportuna y busca que la libertad de expresi\u00f3n sea real. Visita nuestro medio informativo publicado desde Hermosillo, Sonora. %","og_url":"https:\/\/www.sonoraenequipo.com.mx\/nueva-consul-general-de-mexico-en-san-diego-dara-prioridad-a-las-mujeres\/","og_site_name":"Sonora en Equipo.","article_publisher":"https:\/\/www.facebook.com\/SonoraEE\/","article_author":"https:\/\/www.facebook.com\/SonoraEE","article_published_time":"2024-03-06T02:07:53+00:00","article_modified_time":"2024-03-06T04:36:54+00:00","og_image":[{"width":900,"height":597,"url":"https:\/\/www.sonoraenequipo.com.mx\/storage\/2024\/03\/Alicia-G.-Kerber-Palma-min.jpg","type":"image\/jpeg"}],"author":"enequipo","twitter_card":"summary_large_image","twitter_creator":"@sonoraenequipo","twitter_site":"@sonoraenequipo","twitter_misc":{"Escrito por":"enequipo","Tiempo de lectura":"5 minutos"},"schema":{"@context":"https:\/\/schema.org","@graph":[{"@type":"Article","@id":"https:\/\/www.sonoraenequipo.com.mx\/nueva-consul-general-de-mexico-en-san-diego-dara-prioridad-a-las-mujeres\/#article","isPartOf":{"@id":"https:\/\/www.sonoraenequipo.com.mx\/nueva-consul-general-de-mexico-en-san-diego-dara-prioridad-a-las-mujeres\/"},"author":{"name":"enequipo","@id":"https:\/\/www.sonoraenequipo.com.mx\/#\/schema\/person\/50102df0fb23a8fa9e8effad8fa81386"},"headline":"Nueva c\u00f3nsul general de M\u00e9xico en San Diego dar\u00e1 prioridad a las mujeres","datePublished":"2024-03-06T02:07:53+00:00","dateModified":"2024-03-06T04:36:54+00:00","mainEntityOfPage":{"@id":"https:\/\/www.sonoraenequipo.com.mx\/nueva-consul-general-de-mexico-en-san-diego-dara-prioridad-a-las-mujeres\/"},"wordCount":1046,"commentCount":0,"publisher":{"@id":"https:\/\/www.sonoraenequipo.com.mx\/#organization"},"image":{"@id":"https:\/\/www.sonoraenequipo.com.mx\/nueva-consul-general-de-mexico-en-san-diego-dara-prioridad-a-las-mujeres\/#primaryimage"},"thumbnailUrl":"https:\/\/www.sonoraenequipo.com.mx\/storage\/2024\/03\/Alicia-G.-Kerber-Palma-min.jpg","articleSection":["MUNDO"],"inLanguage":"es","potentialAction":[{"@type":"CommentAction","name":"Comment","target":["https:\/\/www.sonoraenequipo.com.mx\/nueva-consul-general-de-mexico-en-san-diego-dara-prioridad-a-las-mujeres\/#respond"]}]},{"@type":"WebPage","@id":"https:\/\/www.sonoraenequipo.com.mx\/nueva-consul-general-de-mexico-en-san-diego-dara-prioridad-a-las-mujeres\/","url":"https:\/\/www.sonoraenequipo.com.mx\/nueva-consul-general-de-mexico-en-san-diego-dara-prioridad-a-las-mujeres\/","name":"Sonora en Equipo. Nueva c\u00f3nsul general de M\u00e9xico en San Diego dar\u00e1 prioridad a las mujeres MUNDO","isPartOf":{"@id":"https:\/\/www.sonoraenequipo.com.mx\/#website"},"primaryImageOfPage":{"@id":"https:\/\/www.sonoraenequipo.com.mx\/nueva-consul-general-de-mexico-en-san-diego-dara-prioridad-a-las-mujeres\/#primaryimage"},"image":{"@id":"https:\/\/www.sonoraenequipo.com.mx\/nueva-consul-general-de-mexico-en-san-diego-dara-prioridad-a-las-mujeres\/#primaryimage"},"thumbnailUrl":"https:\/\/www.sonoraenequipo.com.mx\/storage\/2024\/03\/Alicia-G.-Kerber-Palma-min.jpg","datePublished":"2024-03-06T02:07:53+00:00","dateModified":"2024-03-06T04:36:54+00:00","description":"SAN DIEGO, CALIFORNIA. ESTADOS UNIDOS.\u00a0 \u2014 La nueva c\u00f3nsul general de M\u00e9xico en San Diego describi\u00f3 sus primeros d\u00edas aqu\u00ed como un \u201cmarat\u00f3n\u201d. La embajadora En Sonora en Equipo publicamos toda la informaci\u00f3n de Sonora, M\u00e9xico y el Mundo de manera oportuna y busca que la libertad de expresi\u00f3n sea real. Visita nuestro medio informativo publicado desde Hermosillo, Sonora. %","breadcrumb":{"@id":"https:\/\/www.sonoraenequipo.com.mx\/nueva-consul-general-de-mexico-en-san-diego-dara-prioridad-a-las-mujeres\/#breadcrumb"},"inLanguage":"es","potentialAction":[{"@type":"ReadAction","target":["https:\/\/www.sonoraenequipo.com.mx\/nueva-consul-general-de-mexico-en-san-diego-dara-prioridad-a-las-mujeres\/"]}]},{"@type":"ImageObject","inLanguage":"es","@id":"https:\/\/www.sonoraenequipo.com.mx\/nueva-consul-general-de-mexico-en-san-diego-dara-prioridad-a-las-mujeres\/#primaryimage","url":"https:\/\/www.sonoraenequipo.com.mx\/storage\/2024\/03\/Alicia-G.-Kerber-Palma-min.jpg","contentUrl":"https:\/\/www.sonoraenequipo.com.mx\/storage\/2024\/03\/Alicia-G.-Kerber-Palma-min.jpg","width":900,"height":597},{"@type":"BreadcrumbList","@id":"https:\/\/www.sonoraenequipo.com.mx\/nueva-consul-general-de-mexico-en-san-diego-dara-prioridad-a-las-mujeres\/#breadcrumb","itemListElement":[{"@type":"ListItem","position":1,"name":"Portada","item":"https:\/\/www.sonoraenequipo.com.mx\/"},{"@type":"ListItem","position":2,"name":"Nueva c\u00f3nsul general de M\u00e9xico en San Diego dar\u00e1 prioridad a las mujeres"}]},{"@type":"WebSite","@id":"https:\/\/www.sonoraenequipo.com.mx\/#website","url":"https:\/\/www.sonoraenequipo.com.mx\/","name":"Sonora en Equipo.","description":"Diario en l\u00ednea con Noticias desde Hermosillo, Sonora","publisher":{"@id":"https:\/\/www.sonoraenequipo.com.mx\/#organization"},"potentialAction":[{"@type":"SearchAction","target":{"@type":"EntryPoint","urlTemplate":"https:\/\/www.sonoraenequipo.com.mx\/?s={search_term_string}"},"query-input":{"@type":"PropertyValueSpecification","valueRequired":true,"valueName":"search_term_string"}}],"inLanguage":"es"},{"@type":"Organization","@id":"https:\/\/www.sonoraenequipo.com.mx\/#organization","name":"Sonoraenequipo.com.mx","url":"https:\/\/www.sonoraenequipo.com.mx\/","logo":{"@type":"ImageObject","inLanguage":"es","@id":"https:\/\/www.sonoraenequipo.com.mx\/#\/schema\/logo\/image\/","url":"https:\/\/www.sonoraenequipo.com.mx\/storage\/2019\/01\/sonoraenequipo_opt.png","contentUrl":"https:\/\/www.sonoraenequipo.com.mx\/storage\/2019\/01\/sonoraenequipo_opt.png","width":375,"height":125,"caption":"Sonoraenequipo.com.mx"},"image":{"@id":"https:\/\/www.sonoraenequipo.com.mx\/#\/schema\/logo\/image\/"},"sameAs":["https:\/\/www.facebook.com\/SonoraEE\/","https:\/\/x.com\/sonoraenequipo","https:\/\/www.youtube.com\/channel\/UC338nW-lPEYmJQs4ZABQ1SQ"]},{"@type":"Person","@id":"https:\/\/www.sonoraenequipo.com.mx\/#\/schema\/person\/50102df0fb23a8fa9e8effad8fa81386","name":"enequipo","image":{"@type":"ImageObject","inLanguage":"es","@id":"https:\/\/www.sonoraenequipo.com.mx\/#\/schema\/person\/image\/","url":"https:\/\/secure.gravatar.com\/avatar\/049821681b589dabc0bc20695993ccebb09f5b5d4d790cd9251b97faac7c652b?s=96&d=blank&r=g","contentUrl":"https:\/\/secure.gravatar.com\/avatar\/049821681b589dabc0bc20695993ccebb09f5b5d4d790cd9251b97faac7c652b?s=96&d=blank&r=g","caption":"enequipo"},"sameAs":["https:\/\/www.facebook.com\/SonoraEE"]}]}},"jetpack_featured_media_url":"https:\/\/www.sonoraenequipo.com.mx\/storage\/2024\/03\/Alicia-G.-Kerber-Palma-min.jpg","_links":{"self":[{"href":"https:\/\/www.sonoraenequipo.com.mx\/api\/wp\/v2\/posts\/184777","targetHints":{"allow":["GET"]}}],"collection":[{"href":"https:\/\/www.sonoraenequipo.com.mx\/api\/wp\/v2\/posts"}],"about":[{"href":"https:\/\/www.sonoraenequipo.com.mx\/api\/wp\/v2\/types\/post"}],"author":[{"embeddable":true,"href":"https:\/\/www.sonoraenequipo.com.mx\/api\/wp\/v2\/users\/1"}],"replies":[{"embeddable":true,"href":"https:\/\/www.sonoraenequipo.com.mx\/api\/wp\/v2\/comments?post=184777"}],"version-history":[{"count":1,"href":"https:\/\/www.sonoraenequipo.com.mx\/api\/wp\/v2\/posts\/184777\/revisions"}],"predecessor-version":[{"id":184788,"href":"https:\/\/www.sonoraenequipo.com.mx\/api\/wp\/v2\/posts\/184777\/revisions\/184788"}],"wp:featuredmedia":[{"embeddable":true,"href":"https:\/\/www.sonoraenequipo.com.mx\/api\/wp\/v2\/media\/184778"}],"wp:attachment":[{"href":"https:\/\/www.sonoraenequipo.com.mx\/api\/wp\/v2\/media?parent=184777"}],"wp:term":[{"taxonomy":"category","embeddable":true,"href":"https:\/\/www.sonoraenequipo.com.mx\/api\/wp\/v2\/categories?post=184777"},{"taxonomy":"post_tag","embeddable":true,"href":"https:\/\/www.sonoraenequipo.com.mx\/api\/wp\/v2\/tags?post=184777"}],"curies":[{"name":"wp","href":"https:\/\/api.w.org\/{rel}","templated":true}]}}