{"id":184790,"date":"2024-03-05T22:10:21","date_gmt":"2024-03-06T05:10:21","guid":{"rendered":"https:\/\/www.sonoraenequipo.com.mx\/?p=184790"},"modified":"2024-03-05T21:43:33","modified_gmt":"2024-03-06T04:43:33","slug":"presidente-de-hungria-aprueba-formalmente-ingreso-de-suecia-a-la-otan","status":"publish","type":"post","link":"https:\/\/www.sonoraenequipo.com.mx\/presidente-de-hungria-aprueba-formalmente-ingreso-de-suecia-a-la-otan\/","title":{"rendered":"Presidente de Hungr\u00eda aprueba formalmente ingreso de Suecia a la OTAN"},"content":{"rendered":"<p><strong>BUDAPEST<\/strong> \u2014 El presidente de Hungr\u00eda sancion\u00f3 formalmente el martes una ley que aprueba el ingreso de Suecia a la OTAN y retira el \u00faltimo obst\u00e1culo tras 18 meses de demoras que provocaron iras en la alianza, que busca ampliarse en respuesta a la guerra rusa en Ucrania.<\/p>\n<p>&nbsp;<\/p>\n<p> <br \/>\nLa firma del presidente Tam\u00e1s Sulyok era necesaria para sancionar la ley aprobada por el parlamento el mes pasado. As\u00ed culminaron meses de negociaciones de los aliados para convencer al gobierno nacionalista h\u00fangaro que dejara de bloquear el ingreso de Suecia.<\/p>\n<p>&nbsp;<\/p>\n<p>El gobierno del primer ministro Viktor Orb\u00e1n present\u00f3 los protocolos para aprobar el acceso de Suecia en julio de 2022, pero la ley qued\u00f3 estancada en el parlamento debido a la oposici\u00f3n de legisladores oficialistas.<\/p>\n<p>&nbsp;<\/p>\n<p>PUBLICADO EL 05 DE MARZO DE 2024\/\/ Con informaci\u00f3n de The San Diego Union-Tribune)<\/p>\n","protected":false},"excerpt":{"rendered":"<p>BUDAPEST \u2014 El presidente de Hungr\u00eda sancion\u00f3 formalmente el martes una ley que aprueba el&#8230;<\/p>\n","protected":false},"author":1,"featured_media":184783,"comment_status":"open","ping_status":"open","sticky":false,"template":"","format":"standard","meta":{"_monsterinsights_skip_tracking":false,"_monsterinsights_sitenote_active":false,"_monsterinsights_sitenote_note":"","_monsterinsights_sitenote_category":0,"footnotes":""},"categories":[3],"tags":[],"class_list":["post"],"yoast_head":" \n<title>Sonora en Equipo. Presidente de Hungr\u00eda aprueba formalmente ingreso de Suecia a la OTAN MUNDO<\/title>\n<meta name=\"description\" content=\"BUDAPEST \u2014 El presidente de Hungr\u00eda sancion\u00f3 formalmente el martes una ley que aprueba el ingreso de Suecia a la OTAN y retira el \u00faltimo obst\u00e1culo tras 18 En Sonora en Equipo publicamos toda la informaci\u00f3n de Sonora, M\u00e9xico y el Mundo de manera oportuna y busca que la libertad de expresi\u00f3n sea real. Visita nuestro medio informativo publicado desde Hermosillo, Sonora. %\" \/>\n<meta name=\"robots\" content=\"index, follow, max-snippet:-1, max-image-preview:large, max-video-preview:-1\" \/>\n<link rel=\"canonical\" href=\"https:\/\/www.sonoraenequipo.com.mx\/presidente-de-hungria-aprueba-formalmente-ingreso-de-suecia-a-la-otan\/\" \/>\n<meta property=\"og:locale\" content=\"es_ES\" \/>\n<meta property=\"og:type\" content=\"article\" \/>\n<meta property=\"og:title\" content=\"Sonora en Equipo. Presidente de Hungr\u00eda aprueba formalmente ingreso de Suecia a la OTAN MUNDO\" \/>\n<meta property=\"og:description\" content=\"BUDAPEST \u2014 El presidente de Hungr\u00eda sancion\u00f3 formalmente el martes una ley que aprueba el ingreso de Suecia a la OTAN y retira el \u00faltimo obst\u00e1culo tras 18 En Sonora en Equipo publicamos toda la informaci\u00f3n de Sonora, M\u00e9xico y el Mundo de manera oportuna y busca que la libertad de expresi\u00f3n sea real. Visita nuestro medio informativo publicado desde Hermosillo, Sonora. %\" \/>\n<meta property=\"og:url\" content=\"https:\/\/www.sonoraenequipo.com.mx\/presidente-de-hungria-aprueba-formalmente-ingreso-de-suecia-a-la-otan\/\" \/>\n<meta property=\"og:site_name\" content=\"Sonora en Equipo.\" \/>\n<meta property=\"article:publisher\" content=\"https:\/\/www.facebook.com\/SonoraEE\/\" \/>\n<meta property=\"article:author\" content=\"https:\/\/www.facebook.com\/SonoraEE\" \/>\n<meta property=\"article:published_time\" content=\"2024-03-06T05:10:21+00:00\" \/>\n<meta property=\"og:image\" content=\"https:\/\/www.sonoraenequipo.com.mx\/storage\/2024\/03\/El-parlamento-hungaro-aprueba-el-ingreso-de-Suecia-a-la-OTAN-min.jpg\" \/>\n\t<meta property=\"og:image:width\" content=\"900\" \/>\n\t<meta property=\"og:image:height\" content=\"600\" \/>\n\t<meta property=\"og:image:type\" content=\"image\/jpeg\" \/>\n<meta name=\"author\" content=\"enequipo\" \/>\n<meta name=\"twitter:card\" content=\"summary_large_image\" \/>\n<meta name=\"twitter:creator\" content=\"@sonoraenequipo\" \/>\n<meta name=\"twitter:site\" content=\"@sonoraenequipo\" \/>\n<meta name=\"twitter:label1\" content=\"Escrito por\" \/>\n\t<meta name=\"twitter:data1\" content=\"enequipo\" \/>\n\t<meta name=\"twitter:label2\" content=\"Tiempo de lectura\" \/>\n\t<meta name=\"twitter:data2\" content=\"1 minuto\" \/>\n<script type=\"application\/ld+json\" class=\"yoast-schema-graph\">{\"@context\":\"https:\/\/schema.org\",\"@graph\":[{\"@type\":\"Article\",\"@id\":\"https:\/\/www.sonoraenequipo.com.mx\/presidente-de-hungria-aprueba-formalmente-ingreso-de-suecia-a-la-otan\/#article\",\"isPartOf\":{\"@id\":\"https:\/\/www.sonoraenequipo.com.mx\/presidente-de-hungria-aprueba-formalmente-ingreso-de-suecia-a-la-otan\/\"},\"author\":{\"name\":\"enequipo\",\"@id\":\"https:\/\/www.sonoraenequipo.com.mx\/#\/schema\/person\/50102df0fb23a8fa9e8effad8fa81386\"},\"headline\":\"Presidente de Hungr\u00eda aprueba formalmente ingreso de Suecia a la OTAN\",\"datePublished\":\"2024-03-06T05:10:21+00:00\",\"mainEntityOfPage\":{\"@id\":\"https:\/\/www.sonoraenequipo.com.mx\/presidente-de-hungria-aprueba-formalmente-ingreso-de-suecia-a-la-otan\/\"},\"wordCount\":155,\"commentCount\":0,\"publisher\":{\"@id\":\"https:\/\/www.sonoraenequipo.com.mx\/#organization\"},\"image\":{\"@id\":\"https:\/\/www.sonoraenequipo.com.mx\/presidente-de-hungria-aprueba-formalmente-ingreso-de-suecia-a-la-otan\/#primaryimage\"},\"thumbnailUrl\":\"https:\/\/www.sonoraenequipo.com.mx\/storage\/2024\/03\/El-parlamento-hungaro-aprueba-el-ingreso-de-Suecia-a-la-OTAN-min.jpg\",\"articleSection\":[\"MUNDO\"],\"inLanguage\":\"es\",\"potentialAction\":[{\"@type\":\"CommentAction\",\"name\":\"Comment\",\"target\":[\"https:\/\/www.sonoraenequipo.com.mx\/presidente-de-hungria-aprueba-formalmente-ingreso-de-suecia-a-la-otan\/#respond\"]}]},{\"@type\":\"WebPage\",\"@id\":\"https:\/\/www.sonoraenequipo.com.mx\/presidente-de-hungria-aprueba-formalmente-ingreso-de-suecia-a-la-otan\/\",\"url\":\"https:\/\/www.sonoraenequipo.com.mx\/presidente-de-hungria-aprueba-formalmente-ingreso-de-suecia-a-la-otan\/\",\"name\":\"Sonora en Equipo. Presidente de Hungr\u00eda aprueba formalmente ingreso de Suecia a la OTAN MUNDO\",\"isPartOf\":{\"@id\":\"https:\/\/www.sonoraenequipo.com.mx\/#website\"},\"primaryImageOfPage\":{\"@id\":\"https:\/\/www.sonoraenequipo.com.mx\/presidente-de-hungria-aprueba-formalmente-ingreso-de-suecia-a-la-otan\/#primaryimage\"},\"image\":{\"@id\":\"https:\/\/www.sonoraenequipo.com.mx\/presidente-de-hungria-aprueba-formalmente-ingreso-de-suecia-a-la-otan\/#primaryimage\"},\"thumbnailUrl\":\"https:\/\/www.sonoraenequipo.com.mx\/storage\/2024\/03\/El-parlamento-hungaro-aprueba-el-ingreso-de-Suecia-a-la-OTAN-min.jpg\",\"datePublished\":\"2024-03-06T05:10:21+00:00\",\"description\":\"BUDAPEST \u2014 El presidente de Hungr\u00eda sancion\u00f3 formalmente el martes una ley que aprueba el ingreso de Suecia a la OTAN y retira el \u00faltimo obst\u00e1culo tras 18 En Sonora en Equipo publicamos toda la informaci\u00f3n de Sonora, M\u00e9xico y el Mundo de manera oportuna y busca que la libertad de expresi\u00f3n sea real. Visita nuestro medio informativo publicado desde Hermosillo, Sonora. %\",\"breadcrumb\":{\"@id\":\"https:\/\/www.sonoraenequipo.com.mx\/presidente-de-hungria-aprueba-formalmente-ingreso-de-suecia-a-la-otan\/#breadcrumb\"},\"inLanguage\":\"es\",\"potentialAction\":[{\"@type\":\"ReadAction\",\"target\":[\"https:\/\/www.sonoraenequipo.com.mx\/presidente-de-hungria-aprueba-formalmente-ingreso-de-suecia-a-la-otan\/\"]}]},{\"@type\":\"ImageObject\",\"inLanguage\":\"es\",\"@id\":\"https:\/\/www.sonoraenequipo.com.mx\/presidente-de-hungria-aprueba-formalmente-ingreso-de-suecia-a-la-otan\/#primaryimage\",\"url\":\"https:\/\/www.sonoraenequipo.com.mx\/storage\/2024\/03\/El-parlamento-hungaro-aprueba-el-ingreso-de-Suecia-a-la-OTAN-min.jpg\",\"contentUrl\":\"https:\/\/www.sonoraenequipo.com.mx\/storage\/2024\/03\/El-parlamento-hungaro-aprueba-el-ingreso-de-Suecia-a-la-OTAN-min.jpg\",\"width\":900,\"height\":600},{\"@type\":\"BreadcrumbList\",\"@id\":\"https:\/\/www.sonoraenequipo.com.mx\/presidente-de-hungria-aprueba-formalmente-ingreso-de-suecia-a-la-otan\/#breadcrumb\",\"itemListElement\":[{\"@type\":\"ListItem\",\"position\":1,\"name\":\"Portada\",\"item\":\"https:\/\/www.sonoraenequipo.com.mx\/\"},{\"@type\":\"ListItem\",\"position\":2,\"name\":\"Presidente de Hungr\u00eda aprueba formalmente ingreso de Suecia a la OTAN\"}]},{\"@type\":\"WebSite\",\"@id\":\"https:\/\/www.sonoraenequipo.com.mx\/#website\",\"url\":\"https:\/\/www.sonoraenequipo.com.mx\/\",\"name\":\"Sonora en Equipo.\",\"description\":\"Diario en l\u00ednea con Noticias desde Hermosillo, Sonora\",\"publisher\":{\"@id\":\"https:\/\/www.sonoraenequipo.com.mx\/#organization\"},\"potentialAction\":[{\"@type\":\"SearchAction\",\"target\":{\"@type\":\"EntryPoint\",\"urlTemplate\":\"https:\/\/www.sonoraenequipo.com.mx\/?s={search_term_string}\"},\"query-input\":{\"@type\":\"PropertyValueSpecification\",\"valueRequired\":true,\"valueName\":\"search_term_string\"}}],\"inLanguage\":\"es\"},{\"@type\":\"Organization\",\"@id\":\"https:\/\/www.sonoraenequipo.com.mx\/#organization\",\"name\":\"Sonoraenequipo.com.mx\",\"url\":\"https:\/\/www.sonoraenequipo.com.mx\/\",\"logo\":{\"@type\":\"ImageObject\",\"inLanguage\":\"es\",\"@id\":\"https:\/\/www.sonoraenequipo.com.mx\/#\/schema\/logo\/image\/\",\"url\":\"https:\/\/www.sonoraenequipo.com.mx\/storage\/2019\/01\/sonoraenequipo_opt.png\",\"contentUrl\":\"https:\/\/www.sonoraenequipo.com.mx\/storage\/2019\/01\/sonoraenequipo_opt.png\",\"width\":375,\"height\":125,\"caption\":\"Sonoraenequipo.com.mx\"},\"image\":{\"@id\":\"https:\/\/www.sonoraenequipo.com.mx\/#\/schema\/logo\/image\/\"},\"sameAs\":[\"https:\/\/www.facebook.com\/SonoraEE\/\",\"https:\/\/x.com\/sonoraenequipo\",\"https:\/\/www.youtube.com\/channel\/UC338nW-lPEYmJQs4ZABQ1SQ\"]},{\"@type\":\"Person\",\"@id\":\"https:\/\/www.sonoraenequipo.com.mx\/#\/schema\/person\/50102df0fb23a8fa9e8effad8fa81386\",\"name\":\"enequipo\",\"image\":{\"@type\":\"ImageObject\",\"inLanguage\":\"es\",\"@id\":\"https:\/\/www.sonoraenequipo.com.mx\/#\/schema\/person\/image\/\",\"url\":\"https:\/\/secure.gravatar.com\/avatar\/049821681b589dabc0bc20695993ccebb09f5b5d4d790cd9251b97faac7c652b?s=96&d=blank&r=g\",\"contentUrl\":\"https:\/\/secure.gravatar.com\/avatar\/049821681b589dabc0bc20695993ccebb09f5b5d4d790cd9251b97faac7c652b?s=96&d=blank&r=g\",\"caption\":\"enequipo\"},\"sameAs\":[\"https:\/\/www.facebook.com\/SonoraEE\"]}]}<\/script>\n ","yoast_head_json":{"title":"Sonora en Equipo. Presidente de Hungr\u00eda aprueba formalmente ingreso de Suecia a la OTAN MUNDO","description":"BUDAPEST \u2014 El presidente de Hungr\u00eda sancion\u00f3 formalmente el martes una ley que aprueba el ingreso de Suecia a la OTAN y retira el \u00faltimo obst\u00e1culo tras 18 En Sonora en Equipo publicamos toda la informaci\u00f3n de Sonora, M\u00e9xico y el Mundo de manera oportuna y busca que la libertad de expresi\u00f3n sea real. Visita nuestro medio informativo publicado desde Hermosillo, Sonora. %","robots":{"index":"index","follow":"follow","max-snippet":"max-snippet:-1","max-image-preview":"max-image-preview:large","max-video-preview":"max-video-preview:-1"},"canonical":"https:\/\/www.sonoraenequipo.com.mx\/presidente-de-hungria-aprueba-formalmente-ingreso-de-suecia-a-la-otan\/","og_locale":"es_ES","og_type":"article","og_title":"Sonora en Equipo. Presidente de Hungr\u00eda aprueba formalmente ingreso de Suecia a la OTAN MUNDO","og_description":"BUDAPEST \u2014 El presidente de Hungr\u00eda sancion\u00f3 formalmente el martes una ley que aprueba el ingreso de Suecia a la OTAN y retira el \u00faltimo obst\u00e1culo tras 18 En Sonora en Equipo publicamos toda la informaci\u00f3n de Sonora, M\u00e9xico y el Mundo de manera oportuna y busca que la libertad de expresi\u00f3n sea real. Visita nuestro medio informativo publicado desde Hermosillo, Sonora. %","og_url":"https:\/\/www.sonoraenequipo.com.mx\/presidente-de-hungria-aprueba-formalmente-ingreso-de-suecia-a-la-otan\/","og_site_name":"Sonora en Equipo.","article_publisher":"https:\/\/www.facebook.com\/SonoraEE\/","article_author":"https:\/\/www.facebook.com\/SonoraEE","article_published_time":"2024-03-06T05:10:21+00:00","og_image":[{"width":900,"height":600,"url":"https:\/\/www.sonoraenequipo.com.mx\/storage\/2024\/03\/El-parlamento-hungaro-aprueba-el-ingreso-de-Suecia-a-la-OTAN-min.jpg","type":"image\/jpeg"}],"author":"enequipo","twitter_card":"summary_large_image","twitter_creator":"@sonoraenequipo","twitter_site":"@sonoraenequipo","twitter_misc":{"Escrito por":"enequipo","Tiempo de lectura":"1 minuto"},"schema":{"@context":"https:\/\/schema.org","@graph":[{"@type":"Article","@id":"https:\/\/www.sonoraenequipo.com.mx\/presidente-de-hungria-aprueba-formalmente-ingreso-de-suecia-a-la-otan\/#article","isPartOf":{"@id":"https:\/\/www.sonoraenequipo.com.mx\/presidente-de-hungria-aprueba-formalmente-ingreso-de-suecia-a-la-otan\/"},"author":{"name":"enequipo","@id":"https:\/\/www.sonoraenequipo.com.mx\/#\/schema\/person\/50102df0fb23a8fa9e8effad8fa81386"},"headline":"Presidente de Hungr\u00eda aprueba formalmente ingreso de Suecia a la OTAN","datePublished":"2024-03-06T05:10:21+00:00","mainEntityOfPage":{"@id":"https:\/\/www.sonoraenequipo.com.mx\/presidente-de-hungria-aprueba-formalmente-ingreso-de-suecia-a-la-otan\/"},"wordCount":155,"commentCount":0,"publisher":{"@id":"https:\/\/www.sonoraenequipo.com.mx\/#organization"},"image":{"@id":"https:\/\/www.sonoraenequipo.com.mx\/presidente-de-hungria-aprueba-formalmente-ingreso-de-suecia-a-la-otan\/#primaryimage"},"thumbnailUrl":"https:\/\/www.sonoraenequipo.com.mx\/storage\/2024\/03\/El-parlamento-hungaro-aprueba-el-ingreso-de-Suecia-a-la-OTAN-min.jpg","articleSection":["MUNDO"],"inLanguage":"es","potentialAction":[{"@type":"CommentAction","name":"Comment","target":["https:\/\/www.sonoraenequipo.com.mx\/presidente-de-hungria-aprueba-formalmente-ingreso-de-suecia-a-la-otan\/#respond"]}]},{"@type":"WebPage","@id":"https:\/\/www.sonoraenequipo.com.mx\/presidente-de-hungria-aprueba-formalmente-ingreso-de-suecia-a-la-otan\/","url":"https:\/\/www.sonoraenequipo.com.mx\/presidente-de-hungria-aprueba-formalmente-ingreso-de-suecia-a-la-otan\/","name":"Sonora en Equipo. Presidente de Hungr\u00eda aprueba formalmente ingreso de Suecia a la OTAN MUNDO","isPartOf":{"@id":"https:\/\/www.sonoraenequipo.com.mx\/#website"},"primaryImageOfPage":{"@id":"https:\/\/www.sonoraenequipo.com.mx\/presidente-de-hungria-aprueba-formalmente-ingreso-de-suecia-a-la-otan\/#primaryimage"},"image":{"@id":"https:\/\/www.sonoraenequipo.com.mx\/presidente-de-hungria-aprueba-formalmente-ingreso-de-suecia-a-la-otan\/#primaryimage"},"thumbnailUrl":"https:\/\/www.sonoraenequipo.com.mx\/storage\/2024\/03\/El-parlamento-hungaro-aprueba-el-ingreso-de-Suecia-a-la-OTAN-min.jpg","datePublished":"2024-03-06T05:10:21+00:00","description":"BUDAPEST \u2014 El presidente de Hungr\u00eda sancion\u00f3 formalmente el martes una ley que aprueba el ingreso de Suecia a la OTAN y retira el \u00faltimo obst\u00e1culo tras 18 En Sonora en Equipo publicamos toda la informaci\u00f3n de Sonora, M\u00e9xico y el Mundo de manera oportuna y busca que la libertad de expresi\u00f3n sea real. Visita nuestro medio informativo publicado desde Hermosillo, Sonora. %","breadcrumb":{"@id":"https:\/\/www.sonoraenequipo.com.mx\/presidente-de-hungria-aprueba-formalmente-ingreso-de-suecia-a-la-otan\/#breadcrumb"},"inLanguage":"es","potentialAction":[{"@type":"ReadAction","target":["https:\/\/www.sonoraenequipo.com.mx\/presidente-de-hungria-aprueba-formalmente-ingreso-de-suecia-a-la-otan\/"]}]},{"@type":"ImageObject","inLanguage":"es","@id":"https:\/\/www.sonoraenequipo.com.mx\/presidente-de-hungria-aprueba-formalmente-ingreso-de-suecia-a-la-otan\/#primaryimage","url":"https:\/\/www.sonoraenequipo.com.mx\/storage\/2024\/03\/El-parlamento-hungaro-aprueba-el-ingreso-de-Suecia-a-la-OTAN-min.jpg","contentUrl":"https:\/\/www.sonoraenequipo.com.mx\/storage\/2024\/03\/El-parlamento-hungaro-aprueba-el-ingreso-de-Suecia-a-la-OTAN-min.jpg","width":900,"height":600},{"@type":"BreadcrumbList","@id":"https:\/\/www.sonoraenequipo.com.mx\/presidente-de-hungria-aprueba-formalmente-ingreso-de-suecia-a-la-otan\/#breadcrumb","itemListElement":[{"@type":"ListItem","position":1,"name":"Portada","item":"https:\/\/www.sonoraenequipo.com.mx\/"},{"@type":"ListItem","position":2,"name":"Presidente de Hungr\u00eda aprueba formalmente ingreso de Suecia a la OTAN"}]},{"@type":"WebSite","@id":"https:\/\/www.sonoraenequipo.com.mx\/#website","url":"https:\/\/www.sonoraenequipo.com.mx\/","name":"Sonora en Equipo.","description":"Diario en l\u00ednea con Noticias desde Hermosillo, Sonora","publisher":{"@id":"https:\/\/www.sonoraenequipo.com.mx\/#organization"},"potentialAction":[{"@type":"SearchAction","target":{"@type":"EntryPoint","urlTemplate":"https:\/\/www.sonoraenequipo.com.mx\/?s={search_term_string}"},"query-input":{"@type":"PropertyValueSpecification","valueRequired":true,"valueName":"search_term_string"}}],"inLanguage":"es"},{"@type":"Organization","@id":"https:\/\/www.sonoraenequipo.com.mx\/#organization","name":"Sonoraenequipo.com.mx","url":"https:\/\/www.sonoraenequipo.com.mx\/","logo":{"@type":"ImageObject","inLanguage":"es","@id":"https:\/\/www.sonoraenequipo.com.mx\/#\/schema\/logo\/image\/","url":"https:\/\/www.sonoraenequipo.com.mx\/storage\/2019\/01\/sonoraenequipo_opt.png","contentUrl":"https:\/\/www.sonoraenequipo.com.mx\/storage\/2019\/01\/sonoraenequipo_opt.png","width":375,"height":125,"caption":"Sonoraenequipo.com.mx"},"image":{"@id":"https:\/\/www.sonoraenequipo.com.mx\/#\/schema\/logo\/image\/"},"sameAs":["https:\/\/www.facebook.com\/SonoraEE\/","https:\/\/x.com\/sonoraenequipo","https:\/\/www.youtube.com\/channel\/UC338nW-lPEYmJQs4ZABQ1SQ"]},{"@type":"Person","@id":"https:\/\/www.sonoraenequipo.com.mx\/#\/schema\/person\/50102df0fb23a8fa9e8effad8fa81386","name":"enequipo","image":{"@type":"ImageObject","inLanguage":"es","@id":"https:\/\/www.sonoraenequipo.com.mx\/#\/schema\/person\/image\/","url":"https:\/\/secure.gravatar.com\/avatar\/049821681b589dabc0bc20695993ccebb09f5b5d4d790cd9251b97faac7c652b?s=96&d=blank&r=g","contentUrl":"https:\/\/secure.gravatar.com\/avatar\/049821681b589dabc0bc20695993ccebb09f5b5d4d790cd9251b97faac7c652b?s=96&d=blank&r=g","caption":"enequipo"},"sameAs":["https:\/\/www.facebook.com\/SonoraEE"]}]}},"jetpack_featured_media_url":"https:\/\/www.sonoraenequipo.com.mx\/storage\/2024\/03\/El-parlamento-hungaro-aprueba-el-ingreso-de-Suecia-a-la-OTAN-min.jpg","_links":{"self":[{"href":"https:\/\/www.sonoraenequipo.com.mx\/api\/wp\/v2\/posts\/184790","targetHints":{"allow":["GET"]}}],"collection":[{"href":"https:\/\/www.sonoraenequipo.com.mx\/api\/wp\/v2\/posts"}],"about":[{"href":"https:\/\/www.sonoraenequipo.com.mx\/api\/wp\/v2\/types\/post"}],"author":[{"embeddable":true,"href":"https:\/\/www.sonoraenequipo.com.mx\/api\/wp\/v2\/users\/1"}],"replies":[{"embeddable":true,"href":"https:\/\/www.sonoraenequipo.com.mx\/api\/wp\/v2\/comments?post=184790"}],"version-history":[{"count":1,"href":"https:\/\/www.sonoraenequipo.com.mx\/api\/wp\/v2\/posts\/184790\/revisions"}],"predecessor-version":[{"id":184791,"href":"https:\/\/www.sonoraenequipo.com.mx\/api\/wp\/v2\/posts\/184790\/revisions\/184791"}],"wp:featuredmedia":[{"embeddable":true,"href":"https:\/\/www.sonoraenequipo.com.mx\/api\/wp\/v2\/media\/184783"}],"wp:attachment":[{"href":"https:\/\/www.sonoraenequipo.com.mx\/api\/wp\/v2\/media?parent=184790"}],"wp:term":[{"taxonomy":"category","embeddable":true,"href":"https:\/\/www.sonoraenequipo.com.mx\/api\/wp\/v2\/categories?post=184790"},{"taxonomy":"post_tag","embeddable":true,"href":"https:\/\/www.sonoraenequipo.com.mx\/api\/wp\/v2\/tags?post=184790"}],"curies":[{"name":"wp","href":"https:\/\/api.w.org\/{rel}","templated":true}]}}