{"id":184794,"date":"2024-03-05T12:30:39","date_gmt":"2024-03-05T19:30:39","guid":{"rendered":"https:\/\/www.sonoraenequipo.com.mx\/?p=184794"},"modified":"2024-03-05T21:48:45","modified_gmt":"2024-03-06T04:48:45","slug":"facebook-instagram-messenger-y-threads-con-interrupciones-generalizadas","status":"publish","type":"post","link":"https:\/\/www.sonoraenequipo.com.mx\/facebook-instagram-messenger-y-threads-con-interrupciones-generalizadas\/","title":{"rendered":"Facebook, Instagram, Messenger y Threads, con interrupciones generalizadas"},"content":{"rendered":"<p><strong>ESTADOS UNIDOS. \u2014<\/strong> Usuarios de las plataformas Facebook, Instagram, Threads y Messenger, propiedad de Meta, experimentan problemas de ingreso en lo que parece una interrupci\u00f3n generalizada.<\/p>\n<p>&nbsp;<\/p>\n<p> <\/p>\n<p>Netblocks, una empresa de monitoreo de Internet con sede en Londres, dijo en X que cuatro plataformas de Meta \u2013Facebook, Instagram, Messenger y Threads\u2013<em><strong> \u201cexperimentan actualmente interrupciones relacionadas con el acceso en varios pa\u00edses\u201d<\/strong><\/em>. Pero la empresa, que est\u00e1 a favor de la libertad en Internet, dijo que no hay se\u00f1ales de <em><strong>\u201cperturbaciones o filtraciones a escala de pa\u00edses\u201d,<\/strong><\/em> que generalmente son impuestas por los gobiernos.<\/p>\n<p>&nbsp;<\/p>\n<p>&nbsp;<\/p>\n<p>Andy Stone, director de comunicaciones de Meta, reconoci\u00f3 los problemas en X, antes Twitter, y dijo que la empresa <strong><em>\u201ctrabaja ahora en ello\u201d.<\/em><\/strong><\/p>\n<p>&nbsp;<\/p>\n<p>Algunos usuarios reportaron que fueron bloqueados de sus cuentas de Facebook y no pod\u00edan volver a ingresar. Otros dijeron que experimentaban dificultades para actualizar sus p\u00e1ginas de Threads e Instagram. Mientras tanto, WhatsApp, que tambi\u00e9n es propiedad del Meta, no parec\u00eda tener problemas la ma\u00f1ana del martes.<\/p>\n<p>&nbsp;<\/p>\n<p>El experto en ciberseguridad Matthew Green dijo que la interrupci\u00f3n parece ir m\u00e1s all\u00e1 de Meta.<\/p>\n<p>&nbsp;<\/p>\n<p><em><strong>\u201cHay varios servicios m\u00e1s que tienen problemas con al menos algunas partes de sus sistemas, particularmente la capacidad para ingresar a sitios web\u201d,<\/strong><\/em> dijo Green, profesor adjunto de ciencia computacional y miembro del Instituto de Seguridad de la Informaci\u00f3n de la Universidad Johns Hopkins.<\/p>\n<p>&nbsp;<\/p>\n<p><em><strong>\u201cEsto podr\u00eda indicar una causa com\u00fan, como una falla en un importante proveedor de servicios en la nube. En este momento, nadie sabe exactamente lo que ocurre\u201d<\/strong><\/em>, se\u00f1al\u00f3.<\/p>\n<p>&nbsp;<\/p>\n<p>PUBLICADO EL 05 DE MARZO DE 2024\/\/ Con informaci\u00f3n<\/p>\n","protected":false},"excerpt":{"rendered":"<p>ESTADOS UNIDOS. \u2014 Usuarios de las plataformas Facebook, Instagram, Threads y Messenger, propiedad de Meta,&#8230;<\/p>\n","protected":false},"author":1,"featured_media":184786,"comment_status":"open","ping_status":"open","sticky":false,"template":"","format":"standard","meta":{"_monsterinsights_skip_tracking":false,"_monsterinsights_sitenote_active":false,"_monsterinsights_sitenote_note":"","_monsterinsights_sitenote_category":0,"footnotes":""},"categories":[2216],"tags":[],"class_list":["post"],"yoast_head":" \n<title>Sonora en Equipo. Facebook, Instagram, Messenger y Threads, con interrupciones generalizadas Ciencia y Tecnolog\u00eda<\/title>\n<meta name=\"description\" content=\"ESTADOS UNIDOS. \u2014 Usuarios de las plataformas Facebook, Instagram, Threads y Messenger, propiedad de Meta, experimentan problemas de ingreso en lo que En Sonora en Equipo publicamos toda la informaci\u00f3n de Sonora, M\u00e9xico y el Mundo de manera oportuna y busca que la libertad de expresi\u00f3n sea real. Visita nuestro medio informativo publicado desde Hermosillo, Sonora. %\" \/>\n<meta name=\"robots\" content=\"index, follow, max-snippet:-1, max-image-preview:large, max-video-preview:-1\" \/>\n<link rel=\"canonical\" href=\"https:\/\/www.sonoraenequipo.com.mx\/facebook-instagram-messenger-y-threads-con-interrupciones-generalizadas\/\" \/>\n<meta property=\"og:locale\" content=\"es_ES\" \/>\n<meta property=\"og:type\" content=\"article\" \/>\n<meta property=\"og:title\" content=\"Sonora en Equipo. Facebook, Instagram, Messenger y Threads, con interrupciones generalizadas Ciencia y Tecnolog\u00eda\" \/>\n<meta property=\"og:description\" content=\"ESTADOS UNIDOS. \u2014 Usuarios de las plataformas Facebook, Instagram, Threads y Messenger, propiedad de Meta, experimentan problemas de ingreso en lo que En Sonora en Equipo publicamos toda la informaci\u00f3n de Sonora, M\u00e9xico y el Mundo de manera oportuna y busca que la libertad de expresi\u00f3n sea real. Visita nuestro medio informativo publicado desde Hermosillo, Sonora. %\" \/>\n<meta property=\"og:url\" content=\"https:\/\/www.sonoraenequipo.com.mx\/facebook-instagram-messenger-y-threads-con-interrupciones-generalizadas\/\" \/>\n<meta property=\"og:site_name\" content=\"Sonora en Equipo.\" \/>\n<meta property=\"article:publisher\" content=\"https:\/\/www.facebook.com\/SonoraEE\/\" \/>\n<meta property=\"article:author\" content=\"https:\/\/www.facebook.com\/SonoraEE\" \/>\n<meta property=\"article:published_time\" content=\"2024-03-05T19:30:39+00:00\" \/>\n<meta property=\"article:modified_time\" content=\"2024-03-06T04:48:45+00:00\" \/>\n<meta property=\"og:image\" content=\"https:\/\/www.sonoraenequipo.com.mx\/storage\/2024\/03\/meta-con-fallas-min.jpg\" \/>\n\t<meta property=\"og:image:width\" content=\"1003\" \/>\n\t<meta property=\"og:image:height\" content=\"554\" \/>\n\t<meta property=\"og:image:type\" content=\"image\/jpeg\" \/>\n<meta name=\"author\" content=\"enequipo\" \/>\n<meta name=\"twitter:card\" content=\"summary_large_image\" \/>\n<meta name=\"twitter:creator\" content=\"@sonoraenequipo\" \/>\n<meta name=\"twitter:site\" content=\"@sonoraenequipo\" \/>\n<meta name=\"twitter:label1\" content=\"Escrito por\" \/>\n\t<meta name=\"twitter:data1\" content=\"enequipo\" \/>\n\t<meta name=\"twitter:label2\" content=\"Tiempo de lectura\" \/>\n\t<meta name=\"twitter:data2\" content=\"1 minuto\" \/>\n<script type=\"application\/ld+json\" class=\"yoast-schema-graph\">{\"@context\":\"https:\/\/schema.org\",\"@graph\":[{\"@type\":\"Article\",\"@id\":\"https:\/\/www.sonoraenequipo.com.mx\/facebook-instagram-messenger-y-threads-con-interrupciones-generalizadas\/#article\",\"isPartOf\":{\"@id\":\"https:\/\/www.sonoraenequipo.com.mx\/facebook-instagram-messenger-y-threads-con-interrupciones-generalizadas\/\"},\"author\":{\"name\":\"enequipo\",\"@id\":\"https:\/\/www.sonoraenequipo.com.mx\/#\/schema\/person\/50102df0fb23a8fa9e8effad8fa81386\"},\"headline\":\"Facebook, Instagram, Messenger y Threads, con interrupciones generalizadas\",\"datePublished\":\"2024-03-05T19:30:39+00:00\",\"dateModified\":\"2024-03-06T04:48:45+00:00\",\"mainEntityOfPage\":{\"@id\":\"https:\/\/www.sonoraenequipo.com.mx\/facebook-instagram-messenger-y-threads-con-interrupciones-generalizadas\/\"},\"wordCount\":289,\"commentCount\":0,\"publisher\":{\"@id\":\"https:\/\/www.sonoraenequipo.com.mx\/#organization\"},\"image\":{\"@id\":\"https:\/\/www.sonoraenequipo.com.mx\/facebook-instagram-messenger-y-threads-con-interrupciones-generalizadas\/#primaryimage\"},\"thumbnailUrl\":\"https:\/\/www.sonoraenequipo.com.mx\/storage\/2024\/03\/meta-con-fallas-min.jpg\",\"articleSection\":[\"Ciencia y Tecnolog\u00eda\"],\"inLanguage\":\"es\",\"potentialAction\":[{\"@type\":\"CommentAction\",\"name\":\"Comment\",\"target\":[\"https:\/\/www.sonoraenequipo.com.mx\/facebook-instagram-messenger-y-threads-con-interrupciones-generalizadas\/#respond\"]}]},{\"@type\":\"WebPage\",\"@id\":\"https:\/\/www.sonoraenequipo.com.mx\/facebook-instagram-messenger-y-threads-con-interrupciones-generalizadas\/\",\"url\":\"https:\/\/www.sonoraenequipo.com.mx\/facebook-instagram-messenger-y-threads-con-interrupciones-generalizadas\/\",\"name\":\"Sonora en Equipo. Facebook, Instagram, Messenger y Threads, con interrupciones generalizadas Ciencia y Tecnolog\u00eda\",\"isPartOf\":{\"@id\":\"https:\/\/www.sonoraenequipo.com.mx\/#website\"},\"primaryImageOfPage\":{\"@id\":\"https:\/\/www.sonoraenequipo.com.mx\/facebook-instagram-messenger-y-threads-con-interrupciones-generalizadas\/#primaryimage\"},\"image\":{\"@id\":\"https:\/\/www.sonoraenequipo.com.mx\/facebook-instagram-messenger-y-threads-con-interrupciones-generalizadas\/#primaryimage\"},\"thumbnailUrl\":\"https:\/\/www.sonoraenequipo.com.mx\/storage\/2024\/03\/meta-con-fallas-min.jpg\",\"datePublished\":\"2024-03-05T19:30:39+00:00\",\"dateModified\":\"2024-03-06T04:48:45+00:00\",\"description\":\"ESTADOS UNIDOS. \u2014 Usuarios de las plataformas Facebook, Instagram, Threads y Messenger, propiedad de Meta, experimentan problemas de ingreso en lo que En Sonora en Equipo publicamos toda la informaci\u00f3n de Sonora, M\u00e9xico y el Mundo de manera oportuna y busca que la libertad de expresi\u00f3n sea real. Visita nuestro medio informativo publicado desde Hermosillo, Sonora. %\",\"breadcrumb\":{\"@id\":\"https:\/\/www.sonoraenequipo.com.mx\/facebook-instagram-messenger-y-threads-con-interrupciones-generalizadas\/#breadcrumb\"},\"inLanguage\":\"es\",\"potentialAction\":[{\"@type\":\"ReadAction\",\"target\":[\"https:\/\/www.sonoraenequipo.com.mx\/facebook-instagram-messenger-y-threads-con-interrupciones-generalizadas\/\"]}]},{\"@type\":\"ImageObject\",\"inLanguage\":\"es\",\"@id\":\"https:\/\/www.sonoraenequipo.com.mx\/facebook-instagram-messenger-y-threads-con-interrupciones-generalizadas\/#primaryimage\",\"url\":\"https:\/\/www.sonoraenequipo.com.mx\/storage\/2024\/03\/meta-con-fallas-min.jpg\",\"contentUrl\":\"https:\/\/www.sonoraenequipo.com.mx\/storage\/2024\/03\/meta-con-fallas-min.jpg\",\"width\":1003,\"height\":554},{\"@type\":\"BreadcrumbList\",\"@id\":\"https:\/\/www.sonoraenequipo.com.mx\/facebook-instagram-messenger-y-threads-con-interrupciones-generalizadas\/#breadcrumb\",\"itemListElement\":[{\"@type\":\"ListItem\",\"position\":1,\"name\":\"Portada\",\"item\":\"https:\/\/www.sonoraenequipo.com.mx\/\"},{\"@type\":\"ListItem\",\"position\":2,\"name\":\"Facebook, Instagram, Messenger y Threads, con interrupciones generalizadas\"}]},{\"@type\":\"WebSite\",\"@id\":\"https:\/\/www.sonoraenequipo.com.mx\/#website\",\"url\":\"https:\/\/www.sonoraenequipo.com.mx\/\",\"name\":\"Sonora en Equipo.\",\"description\":\"Diario en l\u00ednea con Noticias desde Hermosillo, Sonora\",\"publisher\":{\"@id\":\"https:\/\/www.sonoraenequipo.com.mx\/#organization\"},\"potentialAction\":[{\"@type\":\"SearchAction\",\"target\":{\"@type\":\"EntryPoint\",\"urlTemplate\":\"https:\/\/www.sonoraenequipo.com.mx\/?s={search_term_string}\"},\"query-input\":{\"@type\":\"PropertyValueSpecification\",\"valueRequired\":true,\"valueName\":\"search_term_string\"}}],\"inLanguage\":\"es\"},{\"@type\":\"Organization\",\"@id\":\"https:\/\/www.sonoraenequipo.com.mx\/#organization\",\"name\":\"Sonoraenequipo.com.mx\",\"url\":\"https:\/\/www.sonoraenequipo.com.mx\/\",\"logo\":{\"@type\":\"ImageObject\",\"inLanguage\":\"es\",\"@id\":\"https:\/\/www.sonoraenequipo.com.mx\/#\/schema\/logo\/image\/\",\"url\":\"https:\/\/www.sonoraenequipo.com.mx\/storage\/2019\/01\/sonoraenequipo_opt.png\",\"contentUrl\":\"https:\/\/www.sonoraenequipo.com.mx\/storage\/2019\/01\/sonoraenequipo_opt.png\",\"width\":375,\"height\":125,\"caption\":\"Sonoraenequipo.com.mx\"},\"image\":{\"@id\":\"https:\/\/www.sonoraenequipo.com.mx\/#\/schema\/logo\/image\/\"},\"sameAs\":[\"https:\/\/www.facebook.com\/SonoraEE\/\",\"https:\/\/x.com\/sonoraenequipo\",\"https:\/\/www.youtube.com\/channel\/UC338nW-lPEYmJQs4ZABQ1SQ\"]},{\"@type\":\"Person\",\"@id\":\"https:\/\/www.sonoraenequipo.com.mx\/#\/schema\/person\/50102df0fb23a8fa9e8effad8fa81386\",\"name\":\"enequipo\",\"image\":{\"@type\":\"ImageObject\",\"inLanguage\":\"es\",\"@id\":\"https:\/\/www.sonoraenequipo.com.mx\/#\/schema\/person\/image\/\",\"url\":\"https:\/\/secure.gravatar.com\/avatar\/049821681b589dabc0bc20695993ccebb09f5b5d4d790cd9251b97faac7c652b?s=96&d=blank&r=g\",\"contentUrl\":\"https:\/\/secure.gravatar.com\/avatar\/049821681b589dabc0bc20695993ccebb09f5b5d4d790cd9251b97faac7c652b?s=96&d=blank&r=g\",\"caption\":\"enequipo\"},\"sameAs\":[\"https:\/\/www.facebook.com\/SonoraEE\"]}]}<\/script>\n ","yoast_head_json":{"title":"Sonora en Equipo. Facebook, Instagram, Messenger y Threads, con interrupciones generalizadas Ciencia y Tecnolog\u00eda","description":"ESTADOS UNIDOS. \u2014 Usuarios de las plataformas Facebook, Instagram, Threads y Messenger, propiedad de Meta, experimentan problemas de ingreso en lo que En Sonora en Equipo publicamos toda la informaci\u00f3n de Sonora, M\u00e9xico y el Mundo de manera oportuna y busca que la libertad de expresi\u00f3n sea real. Visita nuestro medio informativo publicado desde Hermosillo, Sonora. %","robots":{"index":"index","follow":"follow","max-snippet":"max-snippet:-1","max-image-preview":"max-image-preview:large","max-video-preview":"max-video-preview:-1"},"canonical":"https:\/\/www.sonoraenequipo.com.mx\/facebook-instagram-messenger-y-threads-con-interrupciones-generalizadas\/","og_locale":"es_ES","og_type":"article","og_title":"Sonora en Equipo. Facebook, Instagram, Messenger y Threads, con interrupciones generalizadas Ciencia y Tecnolog\u00eda","og_description":"ESTADOS UNIDOS. \u2014 Usuarios de las plataformas Facebook, Instagram, Threads y Messenger, propiedad de Meta, experimentan problemas de ingreso en lo que En Sonora en Equipo publicamos toda la informaci\u00f3n de Sonora, M\u00e9xico y el Mundo de manera oportuna y busca que la libertad de expresi\u00f3n sea real. Visita nuestro medio informativo publicado desde Hermosillo, Sonora. %","og_url":"https:\/\/www.sonoraenequipo.com.mx\/facebook-instagram-messenger-y-threads-con-interrupciones-generalizadas\/","og_site_name":"Sonora en Equipo.","article_publisher":"https:\/\/www.facebook.com\/SonoraEE\/","article_author":"https:\/\/www.facebook.com\/SonoraEE","article_published_time":"2024-03-05T19:30:39+00:00","article_modified_time":"2024-03-06T04:48:45+00:00","og_image":[{"width":1003,"height":554,"url":"https:\/\/www.sonoraenequipo.com.mx\/storage\/2024\/03\/meta-con-fallas-min.jpg","type":"image\/jpeg"}],"author":"enequipo","twitter_card":"summary_large_image","twitter_creator":"@sonoraenequipo","twitter_site":"@sonoraenequipo","twitter_misc":{"Escrito por":"enequipo","Tiempo de lectura":"1 minuto"},"schema":{"@context":"https:\/\/schema.org","@graph":[{"@type":"Article","@id":"https:\/\/www.sonoraenequipo.com.mx\/facebook-instagram-messenger-y-threads-con-interrupciones-generalizadas\/#article","isPartOf":{"@id":"https:\/\/www.sonoraenequipo.com.mx\/facebook-instagram-messenger-y-threads-con-interrupciones-generalizadas\/"},"author":{"name":"enequipo","@id":"https:\/\/www.sonoraenequipo.com.mx\/#\/schema\/person\/50102df0fb23a8fa9e8effad8fa81386"},"headline":"Facebook, Instagram, Messenger y Threads, con interrupciones generalizadas","datePublished":"2024-03-05T19:30:39+00:00","dateModified":"2024-03-06T04:48:45+00:00","mainEntityOfPage":{"@id":"https:\/\/www.sonoraenequipo.com.mx\/facebook-instagram-messenger-y-threads-con-interrupciones-generalizadas\/"},"wordCount":289,"commentCount":0,"publisher":{"@id":"https:\/\/www.sonoraenequipo.com.mx\/#organization"},"image":{"@id":"https:\/\/www.sonoraenequipo.com.mx\/facebook-instagram-messenger-y-threads-con-interrupciones-generalizadas\/#primaryimage"},"thumbnailUrl":"https:\/\/www.sonoraenequipo.com.mx\/storage\/2024\/03\/meta-con-fallas-min.jpg","articleSection":["Ciencia y Tecnolog\u00eda"],"inLanguage":"es","potentialAction":[{"@type":"CommentAction","name":"Comment","target":["https:\/\/www.sonoraenequipo.com.mx\/facebook-instagram-messenger-y-threads-con-interrupciones-generalizadas\/#respond"]}]},{"@type":"WebPage","@id":"https:\/\/www.sonoraenequipo.com.mx\/facebook-instagram-messenger-y-threads-con-interrupciones-generalizadas\/","url":"https:\/\/www.sonoraenequipo.com.mx\/facebook-instagram-messenger-y-threads-con-interrupciones-generalizadas\/","name":"Sonora en Equipo. Facebook, Instagram, Messenger y Threads, con interrupciones generalizadas Ciencia y Tecnolog\u00eda","isPartOf":{"@id":"https:\/\/www.sonoraenequipo.com.mx\/#website"},"primaryImageOfPage":{"@id":"https:\/\/www.sonoraenequipo.com.mx\/facebook-instagram-messenger-y-threads-con-interrupciones-generalizadas\/#primaryimage"},"image":{"@id":"https:\/\/www.sonoraenequipo.com.mx\/facebook-instagram-messenger-y-threads-con-interrupciones-generalizadas\/#primaryimage"},"thumbnailUrl":"https:\/\/www.sonoraenequipo.com.mx\/storage\/2024\/03\/meta-con-fallas-min.jpg","datePublished":"2024-03-05T19:30:39+00:00","dateModified":"2024-03-06T04:48:45+00:00","description":"ESTADOS UNIDOS. \u2014 Usuarios de las plataformas Facebook, Instagram, Threads y Messenger, propiedad de Meta, experimentan problemas de ingreso en lo que En Sonora en Equipo publicamos toda la informaci\u00f3n de Sonora, M\u00e9xico y el Mundo de manera oportuna y busca que la libertad de expresi\u00f3n sea real. Visita nuestro medio informativo publicado desde Hermosillo, Sonora. %","breadcrumb":{"@id":"https:\/\/www.sonoraenequipo.com.mx\/facebook-instagram-messenger-y-threads-con-interrupciones-generalizadas\/#breadcrumb"},"inLanguage":"es","potentialAction":[{"@type":"ReadAction","target":["https:\/\/www.sonoraenequipo.com.mx\/facebook-instagram-messenger-y-threads-con-interrupciones-generalizadas\/"]}]},{"@type":"ImageObject","inLanguage":"es","@id":"https:\/\/www.sonoraenequipo.com.mx\/facebook-instagram-messenger-y-threads-con-interrupciones-generalizadas\/#primaryimage","url":"https:\/\/www.sonoraenequipo.com.mx\/storage\/2024\/03\/meta-con-fallas-min.jpg","contentUrl":"https:\/\/www.sonoraenequipo.com.mx\/storage\/2024\/03\/meta-con-fallas-min.jpg","width":1003,"height":554},{"@type":"BreadcrumbList","@id":"https:\/\/www.sonoraenequipo.com.mx\/facebook-instagram-messenger-y-threads-con-interrupciones-generalizadas\/#breadcrumb","itemListElement":[{"@type":"ListItem","position":1,"name":"Portada","item":"https:\/\/www.sonoraenequipo.com.mx\/"},{"@type":"ListItem","position":2,"name":"Facebook, Instagram, Messenger y Threads, con interrupciones generalizadas"}]},{"@type":"WebSite","@id":"https:\/\/www.sonoraenequipo.com.mx\/#website","url":"https:\/\/www.sonoraenequipo.com.mx\/","name":"Sonora en Equipo.","description":"Diario en l\u00ednea con Noticias desde Hermosillo, Sonora","publisher":{"@id":"https:\/\/www.sonoraenequipo.com.mx\/#organization"},"potentialAction":[{"@type":"SearchAction","target":{"@type":"EntryPoint","urlTemplate":"https:\/\/www.sonoraenequipo.com.mx\/?s={search_term_string}"},"query-input":{"@type":"PropertyValueSpecification","valueRequired":true,"valueName":"search_term_string"}}],"inLanguage":"es"},{"@type":"Organization","@id":"https:\/\/www.sonoraenequipo.com.mx\/#organization","name":"Sonoraenequipo.com.mx","url":"https:\/\/www.sonoraenequipo.com.mx\/","logo":{"@type":"ImageObject","inLanguage":"es","@id":"https:\/\/www.sonoraenequipo.com.mx\/#\/schema\/logo\/image\/","url":"https:\/\/www.sonoraenequipo.com.mx\/storage\/2019\/01\/sonoraenequipo_opt.png","contentUrl":"https:\/\/www.sonoraenequipo.com.mx\/storage\/2019\/01\/sonoraenequipo_opt.png","width":375,"height":125,"caption":"Sonoraenequipo.com.mx"},"image":{"@id":"https:\/\/www.sonoraenequipo.com.mx\/#\/schema\/logo\/image\/"},"sameAs":["https:\/\/www.facebook.com\/SonoraEE\/","https:\/\/x.com\/sonoraenequipo","https:\/\/www.youtube.com\/channel\/UC338nW-lPEYmJQs4ZABQ1SQ"]},{"@type":"Person","@id":"https:\/\/www.sonoraenequipo.com.mx\/#\/schema\/person\/50102df0fb23a8fa9e8effad8fa81386","name":"enequipo","image":{"@type":"ImageObject","inLanguage":"es","@id":"https:\/\/www.sonoraenequipo.com.mx\/#\/schema\/person\/image\/","url":"https:\/\/secure.gravatar.com\/avatar\/049821681b589dabc0bc20695993ccebb09f5b5d4d790cd9251b97faac7c652b?s=96&d=blank&r=g","contentUrl":"https:\/\/secure.gravatar.com\/avatar\/049821681b589dabc0bc20695993ccebb09f5b5d4d790cd9251b97faac7c652b?s=96&d=blank&r=g","caption":"enequipo"},"sameAs":["https:\/\/www.facebook.com\/SonoraEE"]}]}},"jetpack_featured_media_url":"https:\/\/www.sonoraenequipo.com.mx\/storage\/2024\/03\/meta-con-fallas-min.jpg","_links":{"self":[{"href":"https:\/\/www.sonoraenequipo.com.mx\/api\/wp\/v2\/posts\/184794","targetHints":{"allow":["GET"]}}],"collection":[{"href":"https:\/\/www.sonoraenequipo.com.mx\/api\/wp\/v2\/posts"}],"about":[{"href":"https:\/\/www.sonoraenequipo.com.mx\/api\/wp\/v2\/types\/post"}],"author":[{"embeddable":true,"href":"https:\/\/www.sonoraenequipo.com.mx\/api\/wp\/v2\/users\/1"}],"replies":[{"embeddable":true,"href":"https:\/\/www.sonoraenequipo.com.mx\/api\/wp\/v2\/comments?post=184794"}],"version-history":[{"count":1,"href":"https:\/\/www.sonoraenequipo.com.mx\/api\/wp\/v2\/posts\/184794\/revisions"}],"predecessor-version":[{"id":184795,"href":"https:\/\/www.sonoraenequipo.com.mx\/api\/wp\/v2\/posts\/184794\/revisions\/184795"}],"wp:featuredmedia":[{"embeddable":true,"href":"https:\/\/www.sonoraenequipo.com.mx\/api\/wp\/v2\/media\/184786"}],"wp:attachment":[{"href":"https:\/\/www.sonoraenequipo.com.mx\/api\/wp\/v2\/media?parent=184794"}],"wp:term":[{"taxonomy":"category","embeddable":true,"href":"https:\/\/www.sonoraenequipo.com.mx\/api\/wp\/v2\/categories?post=184794"},{"taxonomy":"post_tag","embeddable":true,"href":"https:\/\/www.sonoraenequipo.com.mx\/api\/wp\/v2\/tags?post=184794"}],"curies":[{"name":"wp","href":"https:\/\/api.w.org\/{rel}","templated":true}]}}