{"id":184796,"date":"2024-03-05T20:10:01","date_gmt":"2024-03-06T03:10:01","guid":{"rendered":"https:\/\/www.sonoraenequipo.com.mx\/?p=184796"},"modified":"2024-03-05T22:02:28","modified_gmt":"2024-03-06T05:02:28","slug":"apple-y-otras-tecnologicas-de-eu-ganan-apelacion-en-caso-sobre-trabajo-infantil","status":"publish","type":"post","link":"https:\/\/www.sonoraenequipo.com.mx\/apple-y-otras-tecnologicas-de-eu-ganan-apelacion-en-caso-sobre-trabajo-infantil\/","title":{"rendered":"Apple y otras tecnol\u00f3gicas de EU ganan apelaci\u00f3n en caso sobre trabajo infantil"},"content":{"rendered":"<p><strong>ESTADOS UNIDOS. \u2014<\/strong> Un tribunal federal de apelaciones rechaz\u00f3 este martes responsabilizar a cinco grandes tecnol\u00f3gicas por su supuesto apoyo al uso de mano de obra infantil en las explotaciones mineras de cobalto de la Rep\u00fablica Democr\u00e1tica del Congo.<\/p>\n<p>&nbsp;<\/p>\n<p> <br \/>\nEn una decisi\u00f3n de 3-0, el Tribunal de Apelaciones de Estados Unidos para el Distrito de Columbia fall\u00f3 a favor de Alphabet, Apple, Dell Technologies, Microsoft y Tesla, rechazando una apelaci\u00f3n de antiguos ni\u00f1os mineros y sus representantes.<\/p>\n<p>&nbsp;<\/p>\n<p>Los demandantes acusaban a las cinco empresas de unirse a proveedores en una operaci\u00f3n de \u201ctrabajo forzoso\u201d al comprar cobalto, que se utiliza para fabricar bater\u00edas de iones de litio muy utilizadas en electr\u00f3nica. Casi dos tercios del cobalto mundial proceden de la RDC.<\/p>\n<p>&nbsp;<\/p>\n<p>&nbsp;<\/p>\n<p>Seg\u00fan la demanda, las compa\u00f1\u00edas<strong><em> \u201cocultaron deliberadamente\u201d<\/em><\/strong> su dependencia del trabajo infantil, incluidos muchos ni\u00f1os presionados a trabajar por el hambre y la pobreza extrema, para garantizar que se satisfar\u00eda su creciente necesidad del metal.<\/p>\n<p>&nbsp;<\/p>\n<p>Entre los 16 demandantes, hab\u00eda representantes de cinco ni\u00f1os que murieron en operaciones de extracci\u00f3n de cobalto.<\/p>\n<p>&nbsp;<\/p>\n<p>&nbsp;<\/p>\n<p>No obstante, la corte afirm\u00f3 que comprar cobalto en la cadena de suministro mundial no equivale a \u201cparticipar en una empresa\u201d seg\u00fan la ley federal que protege a los ni\u00f1os y otras v\u00edctimas del tr\u00e1fico de seres humanos y el trabajo forzado.<\/p>\n<p>&nbsp;<\/p>\n<p>&nbsp;<\/p>\n<p>La juez de circuito Neomi Rao declar\u00f3 que los demandantes est\u00e1n legitimados para reclamar da\u00f1os y perjuicios, pero no demostraron que las cinco empresas tuvieran algo m\u00e1s que una relaci\u00f3n de comprador-vendedor con los proveedores, ni que tuvieran poder para poner fin al uso de mano de obra infantil.<\/p>\n<p>&nbsp;<\/p>\n<p>A\u00f1adi\u00f3 que muchas otras partes son responsables del tr\u00e1fico de mano de obra, incluidos los intermediarios laborales, otros consumidores de cobalto y el gobierno de la RDC.<\/p>\n<p>&nbsp;<\/p>\n<p>&nbsp;<\/p>\n<p>PUBLICADO EL 05 DE MARZO DE 2024 Con informaci\u00f3n de Reuters)<\/p>\n<p>&nbsp;<\/p>\n<p>&nbsp;<\/p>\n","protected":false},"excerpt":{"rendered":"<p>ESTADOS UNIDOS. \u2014 Un tribunal federal de apelaciones rechaz\u00f3 este martes responsabilizar a cinco grandes&#8230;<\/p>\n","protected":false},"author":1,"featured_media":184780,"comment_status":"open","ping_status":"open","sticky":false,"template":"","format":"standard","meta":{"_monsterinsights_skip_tracking":false,"_monsterinsights_sitenote_active":false,"_monsterinsights_sitenote_note":"","_monsterinsights_sitenote_category":0,"footnotes":""},"categories":[2216],"tags":[],"class_list":["post"],"yoast_head":" \n<title>Sonora en Equipo. Apple y otras tecnol\u00f3gicas de EU ganan apelaci\u00f3n en caso sobre trabajo infantil Ciencia y Tecnolog\u00eda<\/title>\n<meta name=\"description\" content=\"ESTADOS UNIDOS. \u2014 Un tribunal federal de apelaciones rechaz\u00f3 este martes responsabilizar a cinco grandes tecnol\u00f3gicas por su supuesto apoyo al uso de mano En Sonora en Equipo publicamos toda la informaci\u00f3n de Sonora, M\u00e9xico y el Mundo de manera oportuna y busca que la libertad de expresi\u00f3n sea real. Visita nuestro medio informativo publicado desde Hermosillo, Sonora. %\" \/>\n<meta name=\"robots\" content=\"index, follow, max-snippet:-1, max-image-preview:large, max-video-preview:-1\" \/>\n<link rel=\"canonical\" href=\"https:\/\/www.sonoraenequipo.com.mx\/apple-y-otras-tecnologicas-de-eu-ganan-apelacion-en-caso-sobre-trabajo-infantil\/\" \/>\n<meta property=\"og:locale\" content=\"es_ES\" \/>\n<meta property=\"og:type\" content=\"article\" \/>\n<meta property=\"og:title\" content=\"Sonora en Equipo. Apple y otras tecnol\u00f3gicas de EU ganan apelaci\u00f3n en caso sobre trabajo infantil Ciencia y Tecnolog\u00eda\" \/>\n<meta property=\"og:description\" content=\"ESTADOS UNIDOS. \u2014 Un tribunal federal de apelaciones rechaz\u00f3 este martes responsabilizar a cinco grandes tecnol\u00f3gicas por su supuesto apoyo al uso de mano En Sonora en Equipo publicamos toda la informaci\u00f3n de Sonora, M\u00e9xico y el Mundo de manera oportuna y busca que la libertad de expresi\u00f3n sea real. Visita nuestro medio informativo publicado desde Hermosillo, Sonora. %\" \/>\n<meta property=\"og:url\" content=\"https:\/\/www.sonoraenequipo.com.mx\/apple-y-otras-tecnologicas-de-eu-ganan-apelacion-en-caso-sobre-trabajo-infantil\/\" \/>\n<meta property=\"og:site_name\" content=\"Sonora en Equipo.\" \/>\n<meta property=\"article:publisher\" content=\"https:\/\/www.facebook.com\/SonoraEE\/\" \/>\n<meta property=\"article:author\" content=\"https:\/\/www.facebook.com\/SonoraEE\" \/>\n<meta property=\"article:published_time\" content=\"2024-03-06T03:10:01+00:00\" \/>\n<meta property=\"article:modified_time\" content=\"2024-03-06T05:02:28+00:00\" \/>\n<meta property=\"og:image\" content=\"https:\/\/www.sonoraenequipo.com.mx\/storage\/2024\/03\/Apple-y-otras-tecnologicas-de-EU-min.jpg\" \/>\n\t<meta property=\"og:image:width\" content=\"900\" \/>\n\t<meta property=\"og:image:height\" content=\"507\" \/>\n\t<meta property=\"og:image:type\" content=\"image\/jpeg\" \/>\n<meta name=\"author\" content=\"enequipo\" \/>\n<meta name=\"twitter:card\" content=\"summary_large_image\" \/>\n<meta name=\"twitter:creator\" content=\"@sonoraenequipo\" \/>\n<meta name=\"twitter:site\" content=\"@sonoraenequipo\" \/>\n<meta name=\"twitter:label1\" content=\"Escrito por\" \/>\n\t<meta name=\"twitter:data1\" content=\"enequipo\" \/>\n\t<meta name=\"twitter:label2\" content=\"Tiempo de lectura\" \/>\n\t<meta name=\"twitter:data2\" content=\"2 minutos\" \/>\n<script type=\"application\/ld+json\" class=\"yoast-schema-graph\">{\"@context\":\"https:\/\/schema.org\",\"@graph\":[{\"@type\":\"Article\",\"@id\":\"https:\/\/www.sonoraenequipo.com.mx\/apple-y-otras-tecnologicas-de-eu-ganan-apelacion-en-caso-sobre-trabajo-infantil\/#article\",\"isPartOf\":{\"@id\":\"https:\/\/www.sonoraenequipo.com.mx\/apple-y-otras-tecnologicas-de-eu-ganan-apelacion-en-caso-sobre-trabajo-infantil\/\"},\"author\":{\"name\":\"enequipo\",\"@id\":\"https:\/\/www.sonoraenequipo.com.mx\/#\/schema\/person\/50102df0fb23a8fa9e8effad8fa81386\"},\"headline\":\"Apple y otras tecnol\u00f3gicas de EU ganan apelaci\u00f3n en caso sobre trabajo infantil\",\"datePublished\":\"2024-03-06T03:10:01+00:00\",\"dateModified\":\"2024-03-06T05:02:28+00:00\",\"mainEntityOfPage\":{\"@id\":\"https:\/\/www.sonoraenequipo.com.mx\/apple-y-otras-tecnologicas-de-eu-ganan-apelacion-en-caso-sobre-trabajo-infantil\/\"},\"wordCount\":354,\"commentCount\":0,\"publisher\":{\"@id\":\"https:\/\/www.sonoraenequipo.com.mx\/#organization\"},\"image\":{\"@id\":\"https:\/\/www.sonoraenequipo.com.mx\/apple-y-otras-tecnologicas-de-eu-ganan-apelacion-en-caso-sobre-trabajo-infantil\/#primaryimage\"},\"thumbnailUrl\":\"https:\/\/www.sonoraenequipo.com.mx\/storage\/2024\/03\/Apple-y-otras-tecnologicas-de-EU-min.jpg\",\"articleSection\":[\"Ciencia y Tecnolog\u00eda\"],\"inLanguage\":\"es\",\"potentialAction\":[{\"@type\":\"CommentAction\",\"name\":\"Comment\",\"target\":[\"https:\/\/www.sonoraenequipo.com.mx\/apple-y-otras-tecnologicas-de-eu-ganan-apelacion-en-caso-sobre-trabajo-infantil\/#respond\"]}]},{\"@type\":\"WebPage\",\"@id\":\"https:\/\/www.sonoraenequipo.com.mx\/apple-y-otras-tecnologicas-de-eu-ganan-apelacion-en-caso-sobre-trabajo-infantil\/\",\"url\":\"https:\/\/www.sonoraenequipo.com.mx\/apple-y-otras-tecnologicas-de-eu-ganan-apelacion-en-caso-sobre-trabajo-infantil\/\",\"name\":\"Sonora en Equipo. Apple y otras tecnol\u00f3gicas de EU ganan apelaci\u00f3n en caso sobre trabajo infantil Ciencia y Tecnolog\u00eda\",\"isPartOf\":{\"@id\":\"https:\/\/www.sonoraenequipo.com.mx\/#website\"},\"primaryImageOfPage\":{\"@id\":\"https:\/\/www.sonoraenequipo.com.mx\/apple-y-otras-tecnologicas-de-eu-ganan-apelacion-en-caso-sobre-trabajo-infantil\/#primaryimage\"},\"image\":{\"@id\":\"https:\/\/www.sonoraenequipo.com.mx\/apple-y-otras-tecnologicas-de-eu-ganan-apelacion-en-caso-sobre-trabajo-infantil\/#primaryimage\"},\"thumbnailUrl\":\"https:\/\/www.sonoraenequipo.com.mx\/storage\/2024\/03\/Apple-y-otras-tecnologicas-de-EU-min.jpg\",\"datePublished\":\"2024-03-06T03:10:01+00:00\",\"dateModified\":\"2024-03-06T05:02:28+00:00\",\"description\":\"ESTADOS UNIDOS. \u2014 Un tribunal federal de apelaciones rechaz\u00f3 este martes responsabilizar a cinco grandes tecnol\u00f3gicas por su supuesto apoyo al uso de mano En Sonora en Equipo publicamos toda la informaci\u00f3n de Sonora, M\u00e9xico y el Mundo de manera oportuna y busca que la libertad de expresi\u00f3n sea real. Visita nuestro medio informativo publicado desde Hermosillo, Sonora. %\",\"breadcrumb\":{\"@id\":\"https:\/\/www.sonoraenequipo.com.mx\/apple-y-otras-tecnologicas-de-eu-ganan-apelacion-en-caso-sobre-trabajo-infantil\/#breadcrumb\"},\"inLanguage\":\"es\",\"potentialAction\":[{\"@type\":\"ReadAction\",\"target\":[\"https:\/\/www.sonoraenequipo.com.mx\/apple-y-otras-tecnologicas-de-eu-ganan-apelacion-en-caso-sobre-trabajo-infantil\/\"]}]},{\"@type\":\"ImageObject\",\"inLanguage\":\"es\",\"@id\":\"https:\/\/www.sonoraenequipo.com.mx\/apple-y-otras-tecnologicas-de-eu-ganan-apelacion-en-caso-sobre-trabajo-infantil\/#primaryimage\",\"url\":\"https:\/\/www.sonoraenequipo.com.mx\/storage\/2024\/03\/Apple-y-otras-tecnologicas-de-EU-min.jpg\",\"contentUrl\":\"https:\/\/www.sonoraenequipo.com.mx\/storage\/2024\/03\/Apple-y-otras-tecnologicas-de-EU-min.jpg\",\"width\":900,\"height\":507},{\"@type\":\"BreadcrumbList\",\"@id\":\"https:\/\/www.sonoraenequipo.com.mx\/apple-y-otras-tecnologicas-de-eu-ganan-apelacion-en-caso-sobre-trabajo-infantil\/#breadcrumb\",\"itemListElement\":[{\"@type\":\"ListItem\",\"position\":1,\"name\":\"Portada\",\"item\":\"https:\/\/www.sonoraenequipo.com.mx\/\"},{\"@type\":\"ListItem\",\"position\":2,\"name\":\"Apple y otras tecnol\u00f3gicas de EU ganan apelaci\u00f3n en caso sobre trabajo infantil\"}]},{\"@type\":\"WebSite\",\"@id\":\"https:\/\/www.sonoraenequipo.com.mx\/#website\",\"url\":\"https:\/\/www.sonoraenequipo.com.mx\/\",\"name\":\"Sonora en Equipo.\",\"description\":\"Diario en l\u00ednea con Noticias desde Hermosillo, Sonora\",\"publisher\":{\"@id\":\"https:\/\/www.sonoraenequipo.com.mx\/#organization\"},\"potentialAction\":[{\"@type\":\"SearchAction\",\"target\":{\"@type\":\"EntryPoint\",\"urlTemplate\":\"https:\/\/www.sonoraenequipo.com.mx\/?s={search_term_string}\"},\"query-input\":{\"@type\":\"PropertyValueSpecification\",\"valueRequired\":true,\"valueName\":\"search_term_string\"}}],\"inLanguage\":\"es\"},{\"@type\":\"Organization\",\"@id\":\"https:\/\/www.sonoraenequipo.com.mx\/#organization\",\"name\":\"Sonoraenequipo.com.mx\",\"url\":\"https:\/\/www.sonoraenequipo.com.mx\/\",\"logo\":{\"@type\":\"ImageObject\",\"inLanguage\":\"es\",\"@id\":\"https:\/\/www.sonoraenequipo.com.mx\/#\/schema\/logo\/image\/\",\"url\":\"https:\/\/www.sonoraenequipo.com.mx\/storage\/2019\/01\/sonoraenequipo_opt.png\",\"contentUrl\":\"https:\/\/www.sonoraenequipo.com.mx\/storage\/2019\/01\/sonoraenequipo_opt.png\",\"width\":375,\"height\":125,\"caption\":\"Sonoraenequipo.com.mx\"},\"image\":{\"@id\":\"https:\/\/www.sonoraenequipo.com.mx\/#\/schema\/logo\/image\/\"},\"sameAs\":[\"https:\/\/www.facebook.com\/SonoraEE\/\",\"https:\/\/x.com\/sonoraenequipo\",\"https:\/\/www.youtube.com\/channel\/UC338nW-lPEYmJQs4ZABQ1SQ\"]},{\"@type\":\"Person\",\"@id\":\"https:\/\/www.sonoraenequipo.com.mx\/#\/schema\/person\/50102df0fb23a8fa9e8effad8fa81386\",\"name\":\"enequipo\",\"image\":{\"@type\":\"ImageObject\",\"inLanguage\":\"es\",\"@id\":\"https:\/\/www.sonoraenequipo.com.mx\/#\/schema\/person\/image\/\",\"url\":\"https:\/\/secure.gravatar.com\/avatar\/049821681b589dabc0bc20695993ccebb09f5b5d4d790cd9251b97faac7c652b?s=96&d=blank&r=g\",\"contentUrl\":\"https:\/\/secure.gravatar.com\/avatar\/049821681b589dabc0bc20695993ccebb09f5b5d4d790cd9251b97faac7c652b?s=96&d=blank&r=g\",\"caption\":\"enequipo\"},\"sameAs\":[\"https:\/\/www.facebook.com\/SonoraEE\"]}]}<\/script>\n ","yoast_head_json":{"title":"Sonora en Equipo. Apple y otras tecnol\u00f3gicas de EU ganan apelaci\u00f3n en caso sobre trabajo infantil Ciencia y Tecnolog\u00eda","description":"ESTADOS UNIDOS. \u2014 Un tribunal federal de apelaciones rechaz\u00f3 este martes responsabilizar a cinco grandes tecnol\u00f3gicas por su supuesto apoyo al uso de mano En Sonora en Equipo publicamos toda la informaci\u00f3n de Sonora, M\u00e9xico y el Mundo de manera oportuna y busca que la libertad de expresi\u00f3n sea real. Visita nuestro medio informativo publicado desde Hermosillo, Sonora. %","robots":{"index":"index","follow":"follow","max-snippet":"max-snippet:-1","max-image-preview":"max-image-preview:large","max-video-preview":"max-video-preview:-1"},"canonical":"https:\/\/www.sonoraenequipo.com.mx\/apple-y-otras-tecnologicas-de-eu-ganan-apelacion-en-caso-sobre-trabajo-infantil\/","og_locale":"es_ES","og_type":"article","og_title":"Sonora en Equipo. Apple y otras tecnol\u00f3gicas de EU ganan apelaci\u00f3n en caso sobre trabajo infantil Ciencia y Tecnolog\u00eda","og_description":"ESTADOS UNIDOS. \u2014 Un tribunal federal de apelaciones rechaz\u00f3 este martes responsabilizar a cinco grandes tecnol\u00f3gicas por su supuesto apoyo al uso de mano En Sonora en Equipo publicamos toda la informaci\u00f3n de Sonora, M\u00e9xico y el Mundo de manera oportuna y busca que la libertad de expresi\u00f3n sea real. Visita nuestro medio informativo publicado desde Hermosillo, Sonora. %","og_url":"https:\/\/www.sonoraenequipo.com.mx\/apple-y-otras-tecnologicas-de-eu-ganan-apelacion-en-caso-sobre-trabajo-infantil\/","og_site_name":"Sonora en Equipo.","article_publisher":"https:\/\/www.facebook.com\/SonoraEE\/","article_author":"https:\/\/www.facebook.com\/SonoraEE","article_published_time":"2024-03-06T03:10:01+00:00","article_modified_time":"2024-03-06T05:02:28+00:00","og_image":[{"width":900,"height":507,"url":"https:\/\/www.sonoraenequipo.com.mx\/storage\/2024\/03\/Apple-y-otras-tecnologicas-de-EU-min.jpg","type":"image\/jpeg"}],"author":"enequipo","twitter_card":"summary_large_image","twitter_creator":"@sonoraenequipo","twitter_site":"@sonoraenequipo","twitter_misc":{"Escrito por":"enequipo","Tiempo de lectura":"2 minutos"},"schema":{"@context":"https:\/\/schema.org","@graph":[{"@type":"Article","@id":"https:\/\/www.sonoraenequipo.com.mx\/apple-y-otras-tecnologicas-de-eu-ganan-apelacion-en-caso-sobre-trabajo-infantil\/#article","isPartOf":{"@id":"https:\/\/www.sonoraenequipo.com.mx\/apple-y-otras-tecnologicas-de-eu-ganan-apelacion-en-caso-sobre-trabajo-infantil\/"},"author":{"name":"enequipo","@id":"https:\/\/www.sonoraenequipo.com.mx\/#\/schema\/person\/50102df0fb23a8fa9e8effad8fa81386"},"headline":"Apple y otras tecnol\u00f3gicas de EU ganan apelaci\u00f3n en caso sobre trabajo infantil","datePublished":"2024-03-06T03:10:01+00:00","dateModified":"2024-03-06T05:02:28+00:00","mainEntityOfPage":{"@id":"https:\/\/www.sonoraenequipo.com.mx\/apple-y-otras-tecnologicas-de-eu-ganan-apelacion-en-caso-sobre-trabajo-infantil\/"},"wordCount":354,"commentCount":0,"publisher":{"@id":"https:\/\/www.sonoraenequipo.com.mx\/#organization"},"image":{"@id":"https:\/\/www.sonoraenequipo.com.mx\/apple-y-otras-tecnologicas-de-eu-ganan-apelacion-en-caso-sobre-trabajo-infantil\/#primaryimage"},"thumbnailUrl":"https:\/\/www.sonoraenequipo.com.mx\/storage\/2024\/03\/Apple-y-otras-tecnologicas-de-EU-min.jpg","articleSection":["Ciencia y Tecnolog\u00eda"],"inLanguage":"es","potentialAction":[{"@type":"CommentAction","name":"Comment","target":["https:\/\/www.sonoraenequipo.com.mx\/apple-y-otras-tecnologicas-de-eu-ganan-apelacion-en-caso-sobre-trabajo-infantil\/#respond"]}]},{"@type":"WebPage","@id":"https:\/\/www.sonoraenequipo.com.mx\/apple-y-otras-tecnologicas-de-eu-ganan-apelacion-en-caso-sobre-trabajo-infantil\/","url":"https:\/\/www.sonoraenequipo.com.mx\/apple-y-otras-tecnologicas-de-eu-ganan-apelacion-en-caso-sobre-trabajo-infantil\/","name":"Sonora en Equipo. Apple y otras tecnol\u00f3gicas de EU ganan apelaci\u00f3n en caso sobre trabajo infantil Ciencia y Tecnolog\u00eda","isPartOf":{"@id":"https:\/\/www.sonoraenequipo.com.mx\/#website"},"primaryImageOfPage":{"@id":"https:\/\/www.sonoraenequipo.com.mx\/apple-y-otras-tecnologicas-de-eu-ganan-apelacion-en-caso-sobre-trabajo-infantil\/#primaryimage"},"image":{"@id":"https:\/\/www.sonoraenequipo.com.mx\/apple-y-otras-tecnologicas-de-eu-ganan-apelacion-en-caso-sobre-trabajo-infantil\/#primaryimage"},"thumbnailUrl":"https:\/\/www.sonoraenequipo.com.mx\/storage\/2024\/03\/Apple-y-otras-tecnologicas-de-EU-min.jpg","datePublished":"2024-03-06T03:10:01+00:00","dateModified":"2024-03-06T05:02:28+00:00","description":"ESTADOS UNIDOS. \u2014 Un tribunal federal de apelaciones rechaz\u00f3 este martes responsabilizar a cinco grandes tecnol\u00f3gicas por su supuesto apoyo al uso de mano En Sonora en Equipo publicamos toda la informaci\u00f3n de Sonora, M\u00e9xico y el Mundo de manera oportuna y busca que la libertad de expresi\u00f3n sea real. Visita nuestro medio informativo publicado desde Hermosillo, Sonora. %","breadcrumb":{"@id":"https:\/\/www.sonoraenequipo.com.mx\/apple-y-otras-tecnologicas-de-eu-ganan-apelacion-en-caso-sobre-trabajo-infantil\/#breadcrumb"},"inLanguage":"es","potentialAction":[{"@type":"ReadAction","target":["https:\/\/www.sonoraenequipo.com.mx\/apple-y-otras-tecnologicas-de-eu-ganan-apelacion-en-caso-sobre-trabajo-infantil\/"]}]},{"@type":"ImageObject","inLanguage":"es","@id":"https:\/\/www.sonoraenequipo.com.mx\/apple-y-otras-tecnologicas-de-eu-ganan-apelacion-en-caso-sobre-trabajo-infantil\/#primaryimage","url":"https:\/\/www.sonoraenequipo.com.mx\/storage\/2024\/03\/Apple-y-otras-tecnologicas-de-EU-min.jpg","contentUrl":"https:\/\/www.sonoraenequipo.com.mx\/storage\/2024\/03\/Apple-y-otras-tecnologicas-de-EU-min.jpg","width":900,"height":507},{"@type":"BreadcrumbList","@id":"https:\/\/www.sonoraenequipo.com.mx\/apple-y-otras-tecnologicas-de-eu-ganan-apelacion-en-caso-sobre-trabajo-infantil\/#breadcrumb","itemListElement":[{"@type":"ListItem","position":1,"name":"Portada","item":"https:\/\/www.sonoraenequipo.com.mx\/"},{"@type":"ListItem","position":2,"name":"Apple y otras tecnol\u00f3gicas de EU ganan apelaci\u00f3n en caso sobre trabajo infantil"}]},{"@type":"WebSite","@id":"https:\/\/www.sonoraenequipo.com.mx\/#website","url":"https:\/\/www.sonoraenequipo.com.mx\/","name":"Sonora en Equipo.","description":"Diario en l\u00ednea con Noticias desde Hermosillo, Sonora","publisher":{"@id":"https:\/\/www.sonoraenequipo.com.mx\/#organization"},"potentialAction":[{"@type":"SearchAction","target":{"@type":"EntryPoint","urlTemplate":"https:\/\/www.sonoraenequipo.com.mx\/?s={search_term_string}"},"query-input":{"@type":"PropertyValueSpecification","valueRequired":true,"valueName":"search_term_string"}}],"inLanguage":"es"},{"@type":"Organization","@id":"https:\/\/www.sonoraenequipo.com.mx\/#organization","name":"Sonoraenequipo.com.mx","url":"https:\/\/www.sonoraenequipo.com.mx\/","logo":{"@type":"ImageObject","inLanguage":"es","@id":"https:\/\/www.sonoraenequipo.com.mx\/#\/schema\/logo\/image\/","url":"https:\/\/www.sonoraenequipo.com.mx\/storage\/2019\/01\/sonoraenequipo_opt.png","contentUrl":"https:\/\/www.sonoraenequipo.com.mx\/storage\/2019\/01\/sonoraenequipo_opt.png","width":375,"height":125,"caption":"Sonoraenequipo.com.mx"},"image":{"@id":"https:\/\/www.sonoraenequipo.com.mx\/#\/schema\/logo\/image\/"},"sameAs":["https:\/\/www.facebook.com\/SonoraEE\/","https:\/\/x.com\/sonoraenequipo","https:\/\/www.youtube.com\/channel\/UC338nW-lPEYmJQs4ZABQ1SQ"]},{"@type":"Person","@id":"https:\/\/www.sonoraenequipo.com.mx\/#\/schema\/person\/50102df0fb23a8fa9e8effad8fa81386","name":"enequipo","image":{"@type":"ImageObject","inLanguage":"es","@id":"https:\/\/www.sonoraenequipo.com.mx\/#\/schema\/person\/image\/","url":"https:\/\/secure.gravatar.com\/avatar\/049821681b589dabc0bc20695993ccebb09f5b5d4d790cd9251b97faac7c652b?s=96&d=blank&r=g","contentUrl":"https:\/\/secure.gravatar.com\/avatar\/049821681b589dabc0bc20695993ccebb09f5b5d4d790cd9251b97faac7c652b?s=96&d=blank&r=g","caption":"enequipo"},"sameAs":["https:\/\/www.facebook.com\/SonoraEE"]}]}},"jetpack_featured_media_url":"https:\/\/www.sonoraenequipo.com.mx\/storage\/2024\/03\/Apple-y-otras-tecnologicas-de-EU-min.jpg","_links":{"self":[{"href":"https:\/\/www.sonoraenequipo.com.mx\/api\/wp\/v2\/posts\/184796","targetHints":{"allow":["GET"]}}],"collection":[{"href":"https:\/\/www.sonoraenequipo.com.mx\/api\/wp\/v2\/posts"}],"about":[{"href":"https:\/\/www.sonoraenequipo.com.mx\/api\/wp\/v2\/types\/post"}],"author":[{"embeddable":true,"href":"https:\/\/www.sonoraenequipo.com.mx\/api\/wp\/v2\/users\/1"}],"replies":[{"embeddable":true,"href":"https:\/\/www.sonoraenequipo.com.mx\/api\/wp\/v2\/comments?post=184796"}],"version-history":[{"count":1,"href":"https:\/\/www.sonoraenequipo.com.mx\/api\/wp\/v2\/posts\/184796\/revisions"}],"predecessor-version":[{"id":184797,"href":"https:\/\/www.sonoraenequipo.com.mx\/api\/wp\/v2\/posts\/184796\/revisions\/184797"}],"wp:featuredmedia":[{"embeddable":true,"href":"https:\/\/www.sonoraenequipo.com.mx\/api\/wp\/v2\/media\/184780"}],"wp:attachment":[{"href":"https:\/\/www.sonoraenequipo.com.mx\/api\/wp\/v2\/media?parent=184796"}],"wp:term":[{"taxonomy":"category","embeddable":true,"href":"https:\/\/www.sonoraenequipo.com.mx\/api\/wp\/v2\/categories?post=184796"},{"taxonomy":"post_tag","embeddable":true,"href":"https:\/\/www.sonoraenequipo.com.mx\/api\/wp\/v2\/tags?post=184796"}],"curies":[{"name":"wp","href":"https:\/\/api.w.org\/{rel}","templated":true}]}}