{"id":184800,"date":"2024-03-05T21:19:51","date_gmt":"2024-03-06T04:19:51","guid":{"rendered":"https:\/\/www.sonoraenequipo.com.mx\/?p=184800"},"modified":"2024-03-06T09:20:10","modified_gmt":"2024-03-06T16:20:10","slug":"casos-de-dengue-en-mexico-suben-468-en-lo-que-va-de-2024","status":"publish","type":"post","link":"https:\/\/www.sonoraenequipo.com.mx\/casos-de-dengue-en-mexico-suben-468-en-lo-que-va-de-2024\/","title":{"rendered":"Casos de dengue en M\u00e9xico suben 468% en lo que va de 2024"},"content":{"rendered":"<p><strong>CIUDAD DE M\u00c9XICO. MX. \u2014 <\/strong>Los casos de dengue en M\u00e9xico aumentaron 468% anual en lo que va del a\u00f1o hasta los 6,173 detectados, seg\u00fan revel\u00f3 el \u201cBolet\u00edn epidemiol\u00f3gico\u201d publicado este martes por la Secretar\u00eda de Salud en medio de una alerta por la enfermedad en pa\u00edses de Am\u00e9rica como Brasil y Per\u00fa.<\/p>\n<p> <\/p>\n<p>Los casos detectados por el Gobierno hasta la semana epidemiol\u00f3gica 8 de este a\u00f1o contrastan con los 1,086 acumulados en el mismo periodo de 2023.<\/p>\n<p>De estas cifras, 3,035 corresponden a dengue sin datos de alarma, un alza de 405.8% frente a los 600 del primer bimestre de 2023.<\/p>\n<p>Los casos de dengue con datos de alarma crecieron un 551.76%, al ascender a 2,959 desde una cifra previa de 454.<\/p>\n<p>Mientras que los cuadros de dengue severo se elevaron casi en 460% hasta los 179 frente a los 32 de enero y febrero de 2023.<\/p>\n<p>Cerca de un tercio de los casos de dengue se han registrado en Guerrero, que acumula 2,243 de cualquier tipo.<\/p>\n<p>Las otras dos entidades con mayor presencia de la enfermedad son Tabasco (1,151) y Quintana Roo (503).<\/p>\n<p>Los datos de M\u00e9xico se reportan mientras pa\u00edses de Am\u00e9rica han declarado emergencias por el incremento de la enfermedad, transmitida por mosquitos que proliferan en tiempo de calor.<\/p>\n<p>S\u00e3o Paulo, el estado m\u00e1s poblado de Brasil, decret\u00f3 este martes el estado de emergencia por la expansi\u00f3n del dengue, tras registrar 138,259 casos y 31 muertes confirmadas por la enfermedad, con lo que se suma a alertas de otros siete de los 27 estados del pa\u00eds.<\/p>\n<p>El Ministerio de Salud de Brasil, que report\u00f3 una subida de 390% en los primeros dos meses de 2024, prev\u00e9 que el pa\u00eds registrar\u00e1 este a\u00f1o un r\u00e9cord de 4.2 millones de casos de dengue.<\/p>\n<p>Mientras que Per\u00fa declar\u00f3 la semana pasada una emergencia sanitaria en 20 regiones tras un incremento del 131% interanual en los casos en lo que va del a\u00f1o, hasta los 34,042.<\/p>\n<p>Y Uruguay confirm\u00f3 este martes la circulaci\u00f3n viral del dengue en el pa\u00eds tras la detecci\u00f3n de dos casos aut\u00f3ctonos durante marzo en la capital, Montevideo.<\/p>\n<p>PUBLICADO EL 05 DE MARZO DE 2024 Con informaci\u00f3n de EFE)<\/p>\n","protected":false},"excerpt":{"rendered":"<p>CIUDAD DE M\u00c9XICO. MX. \u2014 Los casos de dengue en M\u00e9xico aumentaron 468% anual en&#8230;<\/p>\n","protected":false},"author":1,"featured_media":184782,"comment_status":"open","ping_status":"open","sticky":false,"template":"","format":"standard","meta":{"_monsterinsights_skip_tracking":false,"_monsterinsights_sitenote_active":false,"_monsterinsights_sitenote_note":"","_monsterinsights_sitenote_category":0,"footnotes":""},"categories":[5],"tags":[],"class_list":["post"],"yoast_head":" \n<title>Sonora en Equipo. Casos de dengue en M\u00e9xico suben 468% en lo que va de 2024 Rep\u00fablica<\/title>\n<meta name=\"description\" content=\"CIUDAD DE M\u00c9XICO. MX. \u2014 Los casos de dengue en M\u00e9xico aumentaron 468% anual en lo que va del a\u00f1o hasta los 6,173 detectados, seg\u00fan revel\u00f3 el \u201cBolet\u00edn En Sonora en Equipo publicamos toda la informaci\u00f3n de Sonora, M\u00e9xico y el Mundo de manera oportuna y busca que la libertad de expresi\u00f3n sea real. Visita nuestro medio informativo publicado desde Hermosillo, Sonora. %\" \/>\n<meta name=\"robots\" content=\"index, follow, max-snippet:-1, max-image-preview:large, max-video-preview:-1\" \/>\n<link rel=\"canonical\" href=\"https:\/\/www.sonoraenequipo.com.mx\/casos-de-dengue-en-mexico-suben-468-en-lo-que-va-de-2024\/\" \/>\n<meta property=\"og:locale\" content=\"es_ES\" \/>\n<meta property=\"og:type\" content=\"article\" \/>\n<meta property=\"og:title\" content=\"Sonora en Equipo. Casos de dengue en M\u00e9xico suben 468% en lo que va de 2024 Rep\u00fablica\" \/>\n<meta property=\"og:description\" content=\"CIUDAD DE M\u00c9XICO. MX. \u2014 Los casos de dengue en M\u00e9xico aumentaron 468% anual en lo que va del a\u00f1o hasta los 6,173 detectados, seg\u00fan revel\u00f3 el \u201cBolet\u00edn En Sonora en Equipo publicamos toda la informaci\u00f3n de Sonora, M\u00e9xico y el Mundo de manera oportuna y busca que la libertad de expresi\u00f3n sea real. Visita nuestro medio informativo publicado desde Hermosillo, Sonora. %\" \/>\n<meta property=\"og:url\" content=\"https:\/\/www.sonoraenequipo.com.mx\/casos-de-dengue-en-mexico-suben-468-en-lo-que-va-de-2024\/\" \/>\n<meta property=\"og:site_name\" content=\"Sonora en Equipo.\" \/>\n<meta property=\"article:publisher\" content=\"https:\/\/www.facebook.com\/SonoraEE\/\" \/>\n<meta property=\"article:author\" content=\"https:\/\/www.facebook.com\/SonoraEE\" \/>\n<meta property=\"article:published_time\" content=\"2024-03-06T04:19:51+00:00\" \/>\n<meta property=\"article:modified_time\" content=\"2024-03-06T16:20:10+00:00\" \/>\n<meta property=\"og:image\" content=\"https:\/\/www.sonoraenequipo.com.mx\/storage\/2024\/03\/dengue-min.jpg\" \/>\n\t<meta property=\"og:image:width\" content=\"900\" \/>\n\t<meta property=\"og:image:height\" content=\"506\" \/>\n\t<meta property=\"og:image:type\" content=\"image\/jpeg\" \/>\n<meta name=\"author\" content=\"enequipo\" \/>\n<meta name=\"twitter:card\" content=\"summary_large_image\" \/>\n<meta name=\"twitter:creator\" content=\"@sonoraenequipo\" \/>\n<meta name=\"twitter:site\" content=\"@sonoraenequipo\" \/>\n<meta name=\"twitter:label1\" content=\"Escrito por\" \/>\n\t<meta name=\"twitter:data1\" content=\"enequipo\" \/>\n\t<meta name=\"twitter:label2\" content=\"Tiempo de lectura\" \/>\n\t<meta name=\"twitter:data2\" content=\"2 minutos\" \/>\n<script type=\"application\/ld+json\" class=\"yoast-schema-graph\">{\"@context\":\"https:\/\/schema.org\",\"@graph\":[{\"@type\":\"Article\",\"@id\":\"https:\/\/www.sonoraenequipo.com.mx\/casos-de-dengue-en-mexico-suben-468-en-lo-que-va-de-2024\/#article\",\"isPartOf\":{\"@id\":\"https:\/\/www.sonoraenequipo.com.mx\/casos-de-dengue-en-mexico-suben-468-en-lo-que-va-de-2024\/\"},\"author\":{\"name\":\"enequipo\",\"@id\":\"https:\/\/www.sonoraenequipo.com.mx\/#\/schema\/person\/50102df0fb23a8fa9e8effad8fa81386\"},\"headline\":\"Casos de dengue en M\u00e9xico suben 468% en lo que va de 2024\",\"datePublished\":\"2024-03-06T04:19:51+00:00\",\"dateModified\":\"2024-03-06T16:20:10+00:00\",\"mainEntityOfPage\":{\"@id\":\"https:\/\/www.sonoraenequipo.com.mx\/casos-de-dengue-en-mexico-suben-468-en-lo-que-va-de-2024\/\"},\"wordCount\":371,\"commentCount\":0,\"publisher\":{\"@id\":\"https:\/\/www.sonoraenequipo.com.mx\/#organization\"},\"image\":{\"@id\":\"https:\/\/www.sonoraenequipo.com.mx\/casos-de-dengue-en-mexico-suben-468-en-lo-que-va-de-2024\/#primaryimage\"},\"thumbnailUrl\":\"https:\/\/www.sonoraenequipo.com.mx\/storage\/2024\/03\/dengue-min.jpg\",\"articleSection\":[\"Rep\u00fablica\"],\"inLanguage\":\"es\",\"potentialAction\":[{\"@type\":\"CommentAction\",\"name\":\"Comment\",\"target\":[\"https:\/\/www.sonoraenequipo.com.mx\/casos-de-dengue-en-mexico-suben-468-en-lo-que-va-de-2024\/#respond\"]}]},{\"@type\":\"WebPage\",\"@id\":\"https:\/\/www.sonoraenequipo.com.mx\/casos-de-dengue-en-mexico-suben-468-en-lo-que-va-de-2024\/\",\"url\":\"https:\/\/www.sonoraenequipo.com.mx\/casos-de-dengue-en-mexico-suben-468-en-lo-que-va-de-2024\/\",\"name\":\"Sonora en Equipo. Casos de dengue en M\u00e9xico suben 468% en lo que va de 2024 Rep\u00fablica\",\"isPartOf\":{\"@id\":\"https:\/\/www.sonoraenequipo.com.mx\/#website\"},\"primaryImageOfPage\":{\"@id\":\"https:\/\/www.sonoraenequipo.com.mx\/casos-de-dengue-en-mexico-suben-468-en-lo-que-va-de-2024\/#primaryimage\"},\"image\":{\"@id\":\"https:\/\/www.sonoraenequipo.com.mx\/casos-de-dengue-en-mexico-suben-468-en-lo-que-va-de-2024\/#primaryimage\"},\"thumbnailUrl\":\"https:\/\/www.sonoraenequipo.com.mx\/storage\/2024\/03\/dengue-min.jpg\",\"datePublished\":\"2024-03-06T04:19:51+00:00\",\"dateModified\":\"2024-03-06T16:20:10+00:00\",\"description\":\"CIUDAD DE M\u00c9XICO. MX. \u2014 Los casos de dengue en M\u00e9xico aumentaron 468% anual en lo que va del a\u00f1o hasta los 6,173 detectados, seg\u00fan revel\u00f3 el \u201cBolet\u00edn En Sonora en Equipo publicamos toda la informaci\u00f3n de Sonora, M\u00e9xico y el Mundo de manera oportuna y busca que la libertad de expresi\u00f3n sea real. Visita nuestro medio informativo publicado desde Hermosillo, Sonora. %\",\"breadcrumb\":{\"@id\":\"https:\/\/www.sonoraenequipo.com.mx\/casos-de-dengue-en-mexico-suben-468-en-lo-que-va-de-2024\/#breadcrumb\"},\"inLanguage\":\"es\",\"potentialAction\":[{\"@type\":\"ReadAction\",\"target\":[\"https:\/\/www.sonoraenequipo.com.mx\/casos-de-dengue-en-mexico-suben-468-en-lo-que-va-de-2024\/\"]}]},{\"@type\":\"ImageObject\",\"inLanguage\":\"es\",\"@id\":\"https:\/\/www.sonoraenequipo.com.mx\/casos-de-dengue-en-mexico-suben-468-en-lo-que-va-de-2024\/#primaryimage\",\"url\":\"https:\/\/www.sonoraenequipo.com.mx\/storage\/2024\/03\/dengue-min.jpg\",\"contentUrl\":\"https:\/\/www.sonoraenequipo.com.mx\/storage\/2024\/03\/dengue-min.jpg\",\"width\":900,\"height\":506,\"caption\":\"mosco del dengue.Imagen ilustrativa.Archivo\"},{\"@type\":\"BreadcrumbList\",\"@id\":\"https:\/\/www.sonoraenequipo.com.mx\/casos-de-dengue-en-mexico-suben-468-en-lo-que-va-de-2024\/#breadcrumb\",\"itemListElement\":[{\"@type\":\"ListItem\",\"position\":1,\"name\":\"Portada\",\"item\":\"https:\/\/www.sonoraenequipo.com.mx\/\"},{\"@type\":\"ListItem\",\"position\":2,\"name\":\"Casos de dengue en M\u00e9xico suben 468% en lo que va de 2024\"}]},{\"@type\":\"WebSite\",\"@id\":\"https:\/\/www.sonoraenequipo.com.mx\/#website\",\"url\":\"https:\/\/www.sonoraenequipo.com.mx\/\",\"name\":\"Sonora en Equipo.\",\"description\":\"Diario en l\u00ednea con Noticias desde Hermosillo, Sonora\",\"publisher\":{\"@id\":\"https:\/\/www.sonoraenequipo.com.mx\/#organization\"},\"potentialAction\":[{\"@type\":\"SearchAction\",\"target\":{\"@type\":\"EntryPoint\",\"urlTemplate\":\"https:\/\/www.sonoraenequipo.com.mx\/?s={search_term_string}\"},\"query-input\":{\"@type\":\"PropertyValueSpecification\",\"valueRequired\":true,\"valueName\":\"search_term_string\"}}],\"inLanguage\":\"es\"},{\"@type\":\"Organization\",\"@id\":\"https:\/\/www.sonoraenequipo.com.mx\/#organization\",\"name\":\"Sonoraenequipo.com.mx\",\"url\":\"https:\/\/www.sonoraenequipo.com.mx\/\",\"logo\":{\"@type\":\"ImageObject\",\"inLanguage\":\"es\",\"@id\":\"https:\/\/www.sonoraenequipo.com.mx\/#\/schema\/logo\/image\/\",\"url\":\"https:\/\/www.sonoraenequipo.com.mx\/storage\/2019\/01\/sonoraenequipo_opt.png\",\"contentUrl\":\"https:\/\/www.sonoraenequipo.com.mx\/storage\/2019\/01\/sonoraenequipo_opt.png\",\"width\":375,\"height\":125,\"caption\":\"Sonoraenequipo.com.mx\"},\"image\":{\"@id\":\"https:\/\/www.sonoraenequipo.com.mx\/#\/schema\/logo\/image\/\"},\"sameAs\":[\"https:\/\/www.facebook.com\/SonoraEE\/\",\"https:\/\/x.com\/sonoraenequipo\",\"https:\/\/www.youtube.com\/channel\/UC338nW-lPEYmJQs4ZABQ1SQ\"]},{\"@type\":\"Person\",\"@id\":\"https:\/\/www.sonoraenequipo.com.mx\/#\/schema\/person\/50102df0fb23a8fa9e8effad8fa81386\",\"name\":\"enequipo\",\"image\":{\"@type\":\"ImageObject\",\"inLanguage\":\"es\",\"@id\":\"https:\/\/www.sonoraenequipo.com.mx\/#\/schema\/person\/image\/\",\"url\":\"https:\/\/secure.gravatar.com\/avatar\/049821681b589dabc0bc20695993ccebb09f5b5d4d790cd9251b97faac7c652b?s=96&d=blank&r=g\",\"contentUrl\":\"https:\/\/secure.gravatar.com\/avatar\/049821681b589dabc0bc20695993ccebb09f5b5d4d790cd9251b97faac7c652b?s=96&d=blank&r=g\",\"caption\":\"enequipo\"},\"sameAs\":[\"https:\/\/www.facebook.com\/SonoraEE\"]}]}<\/script>\n ","yoast_head_json":{"title":"Sonora en Equipo. Casos de dengue en M\u00e9xico suben 468% en lo que va de 2024 Rep\u00fablica","description":"CIUDAD DE M\u00c9XICO. MX. \u2014 Los casos de dengue en M\u00e9xico aumentaron 468% anual en lo que va del a\u00f1o hasta los 6,173 detectados, seg\u00fan revel\u00f3 el \u201cBolet\u00edn En Sonora en Equipo publicamos toda la informaci\u00f3n de Sonora, M\u00e9xico y el Mundo de manera oportuna y busca que la libertad de expresi\u00f3n sea real. Visita nuestro medio informativo publicado desde Hermosillo, Sonora. %","robots":{"index":"index","follow":"follow","max-snippet":"max-snippet:-1","max-image-preview":"max-image-preview:large","max-video-preview":"max-video-preview:-1"},"canonical":"https:\/\/www.sonoraenequipo.com.mx\/casos-de-dengue-en-mexico-suben-468-en-lo-que-va-de-2024\/","og_locale":"es_ES","og_type":"article","og_title":"Sonora en Equipo. Casos de dengue en M\u00e9xico suben 468% en lo que va de 2024 Rep\u00fablica","og_description":"CIUDAD DE M\u00c9XICO. MX. \u2014 Los casos de dengue en M\u00e9xico aumentaron 468% anual en lo que va del a\u00f1o hasta los 6,173 detectados, seg\u00fan revel\u00f3 el \u201cBolet\u00edn En Sonora en Equipo publicamos toda la informaci\u00f3n de Sonora, M\u00e9xico y el Mundo de manera oportuna y busca que la libertad de expresi\u00f3n sea real. Visita nuestro medio informativo publicado desde Hermosillo, Sonora. %","og_url":"https:\/\/www.sonoraenequipo.com.mx\/casos-de-dengue-en-mexico-suben-468-en-lo-que-va-de-2024\/","og_site_name":"Sonora en Equipo.","article_publisher":"https:\/\/www.facebook.com\/SonoraEE\/","article_author":"https:\/\/www.facebook.com\/SonoraEE","article_published_time":"2024-03-06T04:19:51+00:00","article_modified_time":"2024-03-06T16:20:10+00:00","og_image":[{"width":900,"height":506,"url":"https:\/\/www.sonoraenequipo.com.mx\/storage\/2024\/03\/dengue-min.jpg","type":"image\/jpeg"}],"author":"enequipo","twitter_card":"summary_large_image","twitter_creator":"@sonoraenequipo","twitter_site":"@sonoraenequipo","twitter_misc":{"Escrito por":"enequipo","Tiempo de lectura":"2 minutos"},"schema":{"@context":"https:\/\/schema.org","@graph":[{"@type":"Article","@id":"https:\/\/www.sonoraenequipo.com.mx\/casos-de-dengue-en-mexico-suben-468-en-lo-que-va-de-2024\/#article","isPartOf":{"@id":"https:\/\/www.sonoraenequipo.com.mx\/casos-de-dengue-en-mexico-suben-468-en-lo-que-va-de-2024\/"},"author":{"name":"enequipo","@id":"https:\/\/www.sonoraenequipo.com.mx\/#\/schema\/person\/50102df0fb23a8fa9e8effad8fa81386"},"headline":"Casos de dengue en M\u00e9xico suben 468% en lo que va de 2024","datePublished":"2024-03-06T04:19:51+00:00","dateModified":"2024-03-06T16:20:10+00:00","mainEntityOfPage":{"@id":"https:\/\/www.sonoraenequipo.com.mx\/casos-de-dengue-en-mexico-suben-468-en-lo-que-va-de-2024\/"},"wordCount":371,"commentCount":0,"publisher":{"@id":"https:\/\/www.sonoraenequipo.com.mx\/#organization"},"image":{"@id":"https:\/\/www.sonoraenequipo.com.mx\/casos-de-dengue-en-mexico-suben-468-en-lo-que-va-de-2024\/#primaryimage"},"thumbnailUrl":"https:\/\/www.sonoraenequipo.com.mx\/storage\/2024\/03\/dengue-min.jpg","articleSection":["Rep\u00fablica"],"inLanguage":"es","potentialAction":[{"@type":"CommentAction","name":"Comment","target":["https:\/\/www.sonoraenequipo.com.mx\/casos-de-dengue-en-mexico-suben-468-en-lo-que-va-de-2024\/#respond"]}]},{"@type":"WebPage","@id":"https:\/\/www.sonoraenequipo.com.mx\/casos-de-dengue-en-mexico-suben-468-en-lo-que-va-de-2024\/","url":"https:\/\/www.sonoraenequipo.com.mx\/casos-de-dengue-en-mexico-suben-468-en-lo-que-va-de-2024\/","name":"Sonora en Equipo. Casos de dengue en M\u00e9xico suben 468% en lo que va de 2024 Rep\u00fablica","isPartOf":{"@id":"https:\/\/www.sonoraenequipo.com.mx\/#website"},"primaryImageOfPage":{"@id":"https:\/\/www.sonoraenequipo.com.mx\/casos-de-dengue-en-mexico-suben-468-en-lo-que-va-de-2024\/#primaryimage"},"image":{"@id":"https:\/\/www.sonoraenequipo.com.mx\/casos-de-dengue-en-mexico-suben-468-en-lo-que-va-de-2024\/#primaryimage"},"thumbnailUrl":"https:\/\/www.sonoraenequipo.com.mx\/storage\/2024\/03\/dengue-min.jpg","datePublished":"2024-03-06T04:19:51+00:00","dateModified":"2024-03-06T16:20:10+00:00","description":"CIUDAD DE M\u00c9XICO. MX. \u2014 Los casos de dengue en M\u00e9xico aumentaron 468% anual en lo que va del a\u00f1o hasta los 6,173 detectados, seg\u00fan revel\u00f3 el \u201cBolet\u00edn En Sonora en Equipo publicamos toda la informaci\u00f3n de Sonora, M\u00e9xico y el Mundo de manera oportuna y busca que la libertad de expresi\u00f3n sea real. Visita nuestro medio informativo publicado desde Hermosillo, Sonora. %","breadcrumb":{"@id":"https:\/\/www.sonoraenequipo.com.mx\/casos-de-dengue-en-mexico-suben-468-en-lo-que-va-de-2024\/#breadcrumb"},"inLanguage":"es","potentialAction":[{"@type":"ReadAction","target":["https:\/\/www.sonoraenequipo.com.mx\/casos-de-dengue-en-mexico-suben-468-en-lo-que-va-de-2024\/"]}]},{"@type":"ImageObject","inLanguage":"es","@id":"https:\/\/www.sonoraenequipo.com.mx\/casos-de-dengue-en-mexico-suben-468-en-lo-que-va-de-2024\/#primaryimage","url":"https:\/\/www.sonoraenequipo.com.mx\/storage\/2024\/03\/dengue-min.jpg","contentUrl":"https:\/\/www.sonoraenequipo.com.mx\/storage\/2024\/03\/dengue-min.jpg","width":900,"height":506,"caption":"mosco del dengue.Imagen ilustrativa.Archivo"},{"@type":"BreadcrumbList","@id":"https:\/\/www.sonoraenequipo.com.mx\/casos-de-dengue-en-mexico-suben-468-en-lo-que-va-de-2024\/#breadcrumb","itemListElement":[{"@type":"ListItem","position":1,"name":"Portada","item":"https:\/\/www.sonoraenequipo.com.mx\/"},{"@type":"ListItem","position":2,"name":"Casos de dengue en M\u00e9xico suben 468% en lo que va de 2024"}]},{"@type":"WebSite","@id":"https:\/\/www.sonoraenequipo.com.mx\/#website","url":"https:\/\/www.sonoraenequipo.com.mx\/","name":"Sonora en Equipo.","description":"Diario en l\u00ednea con Noticias desde Hermosillo, Sonora","publisher":{"@id":"https:\/\/www.sonoraenequipo.com.mx\/#organization"},"potentialAction":[{"@type":"SearchAction","target":{"@type":"EntryPoint","urlTemplate":"https:\/\/www.sonoraenequipo.com.mx\/?s={search_term_string}"},"query-input":{"@type":"PropertyValueSpecification","valueRequired":true,"valueName":"search_term_string"}}],"inLanguage":"es"},{"@type":"Organization","@id":"https:\/\/www.sonoraenequipo.com.mx\/#organization","name":"Sonoraenequipo.com.mx","url":"https:\/\/www.sonoraenequipo.com.mx\/","logo":{"@type":"ImageObject","inLanguage":"es","@id":"https:\/\/www.sonoraenequipo.com.mx\/#\/schema\/logo\/image\/","url":"https:\/\/www.sonoraenequipo.com.mx\/storage\/2019\/01\/sonoraenequipo_opt.png","contentUrl":"https:\/\/www.sonoraenequipo.com.mx\/storage\/2019\/01\/sonoraenequipo_opt.png","width":375,"height":125,"caption":"Sonoraenequipo.com.mx"},"image":{"@id":"https:\/\/www.sonoraenequipo.com.mx\/#\/schema\/logo\/image\/"},"sameAs":["https:\/\/www.facebook.com\/SonoraEE\/","https:\/\/x.com\/sonoraenequipo","https:\/\/www.youtube.com\/channel\/UC338nW-lPEYmJQs4ZABQ1SQ"]},{"@type":"Person","@id":"https:\/\/www.sonoraenequipo.com.mx\/#\/schema\/person\/50102df0fb23a8fa9e8effad8fa81386","name":"enequipo","image":{"@type":"ImageObject","inLanguage":"es","@id":"https:\/\/www.sonoraenequipo.com.mx\/#\/schema\/person\/image\/","url":"https:\/\/secure.gravatar.com\/avatar\/049821681b589dabc0bc20695993ccebb09f5b5d4d790cd9251b97faac7c652b?s=96&d=blank&r=g","contentUrl":"https:\/\/secure.gravatar.com\/avatar\/049821681b589dabc0bc20695993ccebb09f5b5d4d790cd9251b97faac7c652b?s=96&d=blank&r=g","caption":"enequipo"},"sameAs":["https:\/\/www.facebook.com\/SonoraEE"]}]}},"jetpack_featured_media_url":"https:\/\/www.sonoraenequipo.com.mx\/storage\/2024\/03\/dengue-min.jpg","_links":{"self":[{"href":"https:\/\/www.sonoraenequipo.com.mx\/api\/wp\/v2\/posts\/184800","targetHints":{"allow":["GET"]}}],"collection":[{"href":"https:\/\/www.sonoraenequipo.com.mx\/api\/wp\/v2\/posts"}],"about":[{"href":"https:\/\/www.sonoraenequipo.com.mx\/api\/wp\/v2\/types\/post"}],"author":[{"embeddable":true,"href":"https:\/\/www.sonoraenequipo.com.mx\/api\/wp\/v2\/users\/1"}],"replies":[{"embeddable":true,"href":"https:\/\/www.sonoraenequipo.com.mx\/api\/wp\/v2\/comments?post=184800"}],"version-history":[{"count":2,"href":"https:\/\/www.sonoraenequipo.com.mx\/api\/wp\/v2\/posts\/184800\/revisions"}],"predecessor-version":[{"id":184803,"href":"https:\/\/www.sonoraenequipo.com.mx\/api\/wp\/v2\/posts\/184800\/revisions\/184803"}],"wp:featuredmedia":[{"embeddable":true,"href":"https:\/\/www.sonoraenequipo.com.mx\/api\/wp\/v2\/media\/184782"}],"wp:attachment":[{"href":"https:\/\/www.sonoraenequipo.com.mx\/api\/wp\/v2\/media?parent=184800"}],"wp:term":[{"taxonomy":"category","embeddable":true,"href":"https:\/\/www.sonoraenequipo.com.mx\/api\/wp\/v2\/categories?post=184800"},{"taxonomy":"post_tag","embeddable":true,"href":"https:\/\/www.sonoraenequipo.com.mx\/api\/wp\/v2\/tags?post=184800"}],"curies":[{"name":"wp","href":"https:\/\/api.w.org\/{rel}","templated":true}]}}