{"id":184817,"date":"2024-03-04T21:55:54","date_gmt":"2024-03-05T04:55:54","guid":{"rendered":"https:\/\/www.sonoraenequipo.com.mx\/?p=184817"},"modified":"2024-03-06T11:04:54","modified_gmt":"2024-03-06T18:04:54","slug":"autoridades-reportan-casi-una-docena-de-heridos-tras-caer-del-muro-fronterizo","status":"publish","type":"post","link":"https:\/\/www.sonoraenequipo.com.mx\/autoridades-reportan-casi-una-docena-de-heridos-tras-caer-del-muro-fronterizo\/","title":{"rendered":"Autoridades reportan casi una docena de heridos tras caer del muro fronterizo"},"content":{"rendered":"<p><strong>TIJUANA, BAJA CALIFORNIA. MX. \u2014<\/strong> Once personas resultaron heridas el s\u00e1bado despu\u00e9s de caer de una valla fronteriza en el valle del r\u00edo Tijuana, la \u00faltima de una creciente ola de heridos desde que el gobierno federal aument\u00f3 el tama\u00f1o de las barreras que separan a Estados Unidos de M\u00e9xico.<\/p>\n<p>&nbsp;<\/p>\n<p> <\/p>\n<p>La Patrulla Fronteriza alert\u00f3 al departamento de bomberos de San Diego sobre las ca\u00eddas alrededor de las 4:00 p.m., dijo el jefe del batall\u00f3n Matt Nilsen.<\/p>\n<p>&nbsp;<\/p>\n<p>La llamada provino del 1280 Monument Road, a menos de una milla de M\u00e9xico. Seg\u00fan Nilsen, diez personas fueron trasladadas a hospitales con heridas \u201cleves a moderadas\u201d.<\/p>\n<p>&nbsp;<\/p>\n<p>&nbsp;<\/p>\n<p>Cuatro de los pacientes fueron trasladados al Hospital Scripps Mercy y tres de ellos eran padres que viajaban con ni\u00f1os. En total hab\u00eda cinco ni\u00f1os, todos menores de 11 a\u00f1os, seg\u00fan Chris Van Gorder, presidente de Scripps Health.<\/p>\n<p>&nbsp;<\/p>\n<p>El hospital coloc\u00f3 a los padres en habitaciones privadas y proporcion\u00f3 ni\u00f1eras para los ni\u00f1os. Los trabajadores sociales de Scripps estuvieron involucrados, dijo Gorder.<\/p>\n<p>&nbsp;<\/p>\n<h3>Nadie parec\u00eda estar en estado cr\u00edtico.<\/h3>\n<p>&nbsp;<\/p>\n<p>Las ca\u00eddas se produjeron pocos d\u00edas despu\u00e9s de que un hombre muriera al intentar cruzar la valla en un \u00e1rea al oeste del puerto de entrada de Otay Mesa. Se cre\u00eda que ten\u00eda veintitantos a\u00f1os y que estaba con un peque\u00f1o grupo de personas que intentaban cruzar desde M\u00e9xico.<\/p>\n<p>&nbsp;<\/p>\n<p>Joseph Ciacci, neurocirujano de UC San Diego Health, dijo anteriormente que ha visto un aumento de cinco veces en los casos de trauma desde que aument\u00f3 la altura de la pared.<\/p>\n<p>&nbsp;<\/p>\n<p><em><strong>\u201cEs bastante sorprendente\u201d<\/strong><\/em>, dijo.<\/p>\n<p>&nbsp;<\/p>\n<h3>Vallas m\u00e1s altas<\/h3>\n<p>En 2019, la administraci\u00f3n Trump comenz\u00f3 a reemplazar las barreras de la regi\u00f3n con cercas estilo bolardo m\u00e1s altas, de 30 pies.<\/p>\n<p>&nbsp;<\/p>\n<p>Si bien UC San Diego Health trat\u00f3 ese a\u00f1o a menos de 60 pacientes que se hab\u00edan ca\u00eddo de los muros fronterizos, el total hab\u00eda aumentado a casi 450 dos a\u00f1os despu\u00e9s.<\/p>\n<p>&nbsp;<\/p>\n<p>Veintinueve ciudadanos mexicanos murieron en 2023 mientras intentaban cruzar a la regi\u00f3n de San Diego, seg\u00fan datos del consulado de M\u00e9xico. Otros 120 resultaron heridos.<\/p>\n<p>&nbsp;<\/p>\n<p>El ahogamiento y la deshidrataci\u00f3n tambi\u00e9n fueron amenazas.<\/p>\n<p>&nbsp;<\/p>\n<p>Las cifras del a\u00f1o pasado fueron en realidad una mejora con respecto a 2022, cuando 42 nacionales murieron y 124 resultaron heridos.<\/p>\n<p>&nbsp;<\/p>\n<p>.<\/p>\n<p>&nbsp;<\/p>\n<p>PUBLICADO EL 04 DE MARZO DE 2024\/Alexandra Mendoza, Teri Figueroa y Caleb Lunetta contribuyeron a este informe de San Diego Tribune\/BLAKE NELSON)<\/p>\n","protected":false},"excerpt":{"rendered":"<p>TIJUANA, BAJA CALIFORNIA. MX. \u2014 Once personas resultaron heridas el s\u00e1bado despu\u00e9s de caer de&#8230;<\/p>\n","protected":false},"author":1,"featured_media":184787,"comment_status":"open","ping_status":"open","sticky":false,"template":"","format":"standard","meta":{"_monsterinsights_skip_tracking":false,"_monsterinsights_sitenote_active":false,"_monsterinsights_sitenote_note":"","_monsterinsights_sitenote_category":0,"footnotes":""},"categories":[5],"tags":[],"class_list":["post"],"yoast_head":" \n<title>Sonora en Equipo. Autoridades reportan casi una docena de heridos tras caer del muro fronterizo Rep\u00fablica<\/title>\n<meta name=\"description\" content=\"TIJUANA, BAJA CALIFORNIA. MX. \u2014 Once personas resultaron heridas el s\u00e1bado despu\u00e9s de caer de una valla fronteriza en el valle del r\u00edo Tijuana, la \u00faltima En Sonora en Equipo publicamos toda la informaci\u00f3n de Sonora, M\u00e9xico y el Mundo de manera oportuna y busca que la libertad de expresi\u00f3n sea real. Visita nuestro medio informativo publicado desde Hermosillo, Sonora. %\" \/>\n<meta name=\"robots\" content=\"index, follow, max-snippet:-1, max-image-preview:large, max-video-preview:-1\" \/>\n<link rel=\"canonical\" href=\"https:\/\/www.sonoraenequipo.com.mx\/autoridades-reportan-casi-una-docena-de-heridos-tras-caer-del-muro-fronterizo\/\" \/>\n<meta property=\"og:locale\" content=\"es_ES\" \/>\n<meta property=\"og:type\" content=\"article\" \/>\n<meta property=\"og:title\" content=\"Sonora en Equipo. Autoridades reportan casi una docena de heridos tras caer del muro fronterizo Rep\u00fablica\" \/>\n<meta property=\"og:description\" content=\"TIJUANA, BAJA CALIFORNIA. MX. \u2014 Once personas resultaron heridas el s\u00e1bado despu\u00e9s de caer de una valla fronteriza en el valle del r\u00edo Tijuana, la \u00faltima En Sonora en Equipo publicamos toda la informaci\u00f3n de Sonora, M\u00e9xico y el Mundo de manera oportuna y busca que la libertad de expresi\u00f3n sea real. Visita nuestro medio informativo publicado desde Hermosillo, Sonora. %\" \/>\n<meta property=\"og:url\" content=\"https:\/\/www.sonoraenequipo.com.mx\/autoridades-reportan-casi-una-docena-de-heridos-tras-caer-del-muro-fronterizo\/\" \/>\n<meta property=\"og:site_name\" content=\"Sonora en Equipo.\" \/>\n<meta property=\"article:publisher\" content=\"https:\/\/www.facebook.com\/SonoraEE\/\" \/>\n<meta property=\"article:author\" content=\"https:\/\/www.facebook.com\/SonoraEE\" \/>\n<meta property=\"article:published_time\" content=\"2024-03-05T04:55:54+00:00\" \/>\n<meta property=\"article:modified_time\" content=\"2024-03-06T18:04:54+00:00\" \/>\n<meta property=\"og:image\" content=\"https:\/\/www.sonoraenequipo.com.mx\/storage\/2024\/03\/muro-fronterizo-causa-heridos-y-muertes-min.jpg\" \/>\n\t<meta property=\"og:image:width\" content=\"900\" \/>\n\t<meta property=\"og:image:height\" content=\"600\" \/>\n\t<meta property=\"og:image:type\" content=\"image\/jpeg\" \/>\n<meta name=\"author\" content=\"enequipo\" \/>\n<meta name=\"twitter:card\" content=\"summary_large_image\" \/>\n<meta name=\"twitter:creator\" content=\"@sonoraenequipo\" \/>\n<meta name=\"twitter:site\" content=\"@sonoraenequipo\" \/>\n<meta name=\"twitter:label1\" content=\"Escrito por\" \/>\n\t<meta name=\"twitter:data1\" content=\"enequipo\" \/>\n\t<meta name=\"twitter:label2\" content=\"Tiempo de lectura\" \/>\n\t<meta name=\"twitter:data2\" content=\"2 minutos\" \/>\n<script type=\"application\/ld+json\" class=\"yoast-schema-graph\">{\"@context\":\"https:\/\/schema.org\",\"@graph\":[{\"@type\":\"Article\",\"@id\":\"https:\/\/www.sonoraenequipo.com.mx\/autoridades-reportan-casi-una-docena-de-heridos-tras-caer-del-muro-fronterizo\/#article\",\"isPartOf\":{\"@id\":\"https:\/\/www.sonoraenequipo.com.mx\/autoridades-reportan-casi-una-docena-de-heridos-tras-caer-del-muro-fronterizo\/\"},\"author\":{\"name\":\"enequipo\",\"@id\":\"https:\/\/www.sonoraenequipo.com.mx\/#\/schema\/person\/50102df0fb23a8fa9e8effad8fa81386\"},\"headline\":\"Autoridades reportan casi una docena de heridos tras caer del muro fronterizo\",\"datePublished\":\"2024-03-05T04:55:54+00:00\",\"dateModified\":\"2024-03-06T18:04:54+00:00\",\"mainEntityOfPage\":{\"@id\":\"https:\/\/www.sonoraenequipo.com.mx\/autoridades-reportan-casi-una-docena-de-heridos-tras-caer-del-muro-fronterizo\/\"},\"wordCount\":447,\"commentCount\":0,\"publisher\":{\"@id\":\"https:\/\/www.sonoraenequipo.com.mx\/#organization\"},\"image\":{\"@id\":\"https:\/\/www.sonoraenequipo.com.mx\/autoridades-reportan-casi-una-docena-de-heridos-tras-caer-del-muro-fronterizo\/#primaryimage\"},\"thumbnailUrl\":\"https:\/\/www.sonoraenequipo.com.mx\/storage\/2024\/03\/muro-fronterizo-causa-heridos-y-muertes-min.jpg\",\"articleSection\":[\"Rep\u00fablica\"],\"inLanguage\":\"es\",\"potentialAction\":[{\"@type\":\"CommentAction\",\"name\":\"Comment\",\"target\":[\"https:\/\/www.sonoraenequipo.com.mx\/autoridades-reportan-casi-una-docena-de-heridos-tras-caer-del-muro-fronterizo\/#respond\"]}]},{\"@type\":\"WebPage\",\"@id\":\"https:\/\/www.sonoraenequipo.com.mx\/autoridades-reportan-casi-una-docena-de-heridos-tras-caer-del-muro-fronterizo\/\",\"url\":\"https:\/\/www.sonoraenequipo.com.mx\/autoridades-reportan-casi-una-docena-de-heridos-tras-caer-del-muro-fronterizo\/\",\"name\":\"Sonora en Equipo. Autoridades reportan casi una docena de heridos tras caer del muro fronterizo Rep\u00fablica\",\"isPartOf\":{\"@id\":\"https:\/\/www.sonoraenequipo.com.mx\/#website\"},\"primaryImageOfPage\":{\"@id\":\"https:\/\/www.sonoraenequipo.com.mx\/autoridades-reportan-casi-una-docena-de-heridos-tras-caer-del-muro-fronterizo\/#primaryimage\"},\"image\":{\"@id\":\"https:\/\/www.sonoraenequipo.com.mx\/autoridades-reportan-casi-una-docena-de-heridos-tras-caer-del-muro-fronterizo\/#primaryimage\"},\"thumbnailUrl\":\"https:\/\/www.sonoraenequipo.com.mx\/storage\/2024\/03\/muro-fronterizo-causa-heridos-y-muertes-min.jpg\",\"datePublished\":\"2024-03-05T04:55:54+00:00\",\"dateModified\":\"2024-03-06T18:04:54+00:00\",\"description\":\"TIJUANA, BAJA CALIFORNIA. MX. \u2014 Once personas resultaron heridas el s\u00e1bado despu\u00e9s de caer de una valla fronteriza en el valle del r\u00edo Tijuana, la \u00faltima En Sonora en Equipo publicamos toda la informaci\u00f3n de Sonora, M\u00e9xico y el Mundo de manera oportuna y busca que la libertad de expresi\u00f3n sea real. Visita nuestro medio informativo publicado desde Hermosillo, Sonora. %\",\"breadcrumb\":{\"@id\":\"https:\/\/www.sonoraenequipo.com.mx\/autoridades-reportan-casi-una-docena-de-heridos-tras-caer-del-muro-fronterizo\/#breadcrumb\"},\"inLanguage\":\"es\",\"potentialAction\":[{\"@type\":\"ReadAction\",\"target\":[\"https:\/\/www.sonoraenequipo.com.mx\/autoridades-reportan-casi-una-docena-de-heridos-tras-caer-del-muro-fronterizo\/\"]}]},{\"@type\":\"ImageObject\",\"inLanguage\":\"es\",\"@id\":\"https:\/\/www.sonoraenequipo.com.mx\/autoridades-reportan-casi-una-docena-de-heridos-tras-caer-del-muro-fronterizo\/#primaryimage\",\"url\":\"https:\/\/www.sonoraenequipo.com.mx\/storage\/2024\/03\/muro-fronterizo-causa-heridos-y-muertes-min.jpg\",\"contentUrl\":\"https:\/\/www.sonoraenequipo.com.mx\/storage\/2024\/03\/muro-fronterizo-causa-heridos-y-muertes-min.jpg\",\"width\":900,\"height\":600},{\"@type\":\"BreadcrumbList\",\"@id\":\"https:\/\/www.sonoraenequipo.com.mx\/autoridades-reportan-casi-una-docena-de-heridos-tras-caer-del-muro-fronterizo\/#breadcrumb\",\"itemListElement\":[{\"@type\":\"ListItem\",\"position\":1,\"name\":\"Portada\",\"item\":\"https:\/\/www.sonoraenequipo.com.mx\/\"},{\"@type\":\"ListItem\",\"position\":2,\"name\":\"Autoridades reportan casi una docena de heridos tras caer del muro fronterizo\"}]},{\"@type\":\"WebSite\",\"@id\":\"https:\/\/www.sonoraenequipo.com.mx\/#website\",\"url\":\"https:\/\/www.sonoraenequipo.com.mx\/\",\"name\":\"Sonora en Equipo.\",\"description\":\"Diario en l\u00ednea con Noticias desde Hermosillo, Sonora\",\"publisher\":{\"@id\":\"https:\/\/www.sonoraenequipo.com.mx\/#organization\"},\"potentialAction\":[{\"@type\":\"SearchAction\",\"target\":{\"@type\":\"EntryPoint\",\"urlTemplate\":\"https:\/\/www.sonoraenequipo.com.mx\/?s={search_term_string}\"},\"query-input\":{\"@type\":\"PropertyValueSpecification\",\"valueRequired\":true,\"valueName\":\"search_term_string\"}}],\"inLanguage\":\"es\"},{\"@type\":\"Organization\",\"@id\":\"https:\/\/www.sonoraenequipo.com.mx\/#organization\",\"name\":\"Sonoraenequipo.com.mx\",\"url\":\"https:\/\/www.sonoraenequipo.com.mx\/\",\"logo\":{\"@type\":\"ImageObject\",\"inLanguage\":\"es\",\"@id\":\"https:\/\/www.sonoraenequipo.com.mx\/#\/schema\/logo\/image\/\",\"url\":\"https:\/\/www.sonoraenequipo.com.mx\/storage\/2019\/01\/sonoraenequipo_opt.png\",\"contentUrl\":\"https:\/\/www.sonoraenequipo.com.mx\/storage\/2019\/01\/sonoraenequipo_opt.png\",\"width\":375,\"height\":125,\"caption\":\"Sonoraenequipo.com.mx\"},\"image\":{\"@id\":\"https:\/\/www.sonoraenequipo.com.mx\/#\/schema\/logo\/image\/\"},\"sameAs\":[\"https:\/\/www.facebook.com\/SonoraEE\/\",\"https:\/\/x.com\/sonoraenequipo\",\"https:\/\/www.youtube.com\/channel\/UC338nW-lPEYmJQs4ZABQ1SQ\"]},{\"@type\":\"Person\",\"@id\":\"https:\/\/www.sonoraenequipo.com.mx\/#\/schema\/person\/50102df0fb23a8fa9e8effad8fa81386\",\"name\":\"enequipo\",\"image\":{\"@type\":\"ImageObject\",\"inLanguage\":\"es\",\"@id\":\"https:\/\/www.sonoraenequipo.com.mx\/#\/schema\/person\/image\/\",\"url\":\"https:\/\/secure.gravatar.com\/avatar\/049821681b589dabc0bc20695993ccebb09f5b5d4d790cd9251b97faac7c652b?s=96&d=blank&r=g\",\"contentUrl\":\"https:\/\/secure.gravatar.com\/avatar\/049821681b589dabc0bc20695993ccebb09f5b5d4d790cd9251b97faac7c652b?s=96&d=blank&r=g\",\"caption\":\"enequipo\"},\"sameAs\":[\"https:\/\/www.facebook.com\/SonoraEE\"]}]}<\/script>\n ","yoast_head_json":{"title":"Sonora en Equipo. Autoridades reportan casi una docena de heridos tras caer del muro fronterizo Rep\u00fablica","description":"TIJUANA, BAJA CALIFORNIA. MX. \u2014 Once personas resultaron heridas el s\u00e1bado despu\u00e9s de caer de una valla fronteriza en el valle del r\u00edo Tijuana, la \u00faltima En Sonora en Equipo publicamos toda la informaci\u00f3n de Sonora, M\u00e9xico y el Mundo de manera oportuna y busca que la libertad de expresi\u00f3n sea real. Visita nuestro medio informativo publicado desde Hermosillo, Sonora. %","robots":{"index":"index","follow":"follow","max-snippet":"max-snippet:-1","max-image-preview":"max-image-preview:large","max-video-preview":"max-video-preview:-1"},"canonical":"https:\/\/www.sonoraenequipo.com.mx\/autoridades-reportan-casi-una-docena-de-heridos-tras-caer-del-muro-fronterizo\/","og_locale":"es_ES","og_type":"article","og_title":"Sonora en Equipo. Autoridades reportan casi una docena de heridos tras caer del muro fronterizo Rep\u00fablica","og_description":"TIJUANA, BAJA CALIFORNIA. MX. \u2014 Once personas resultaron heridas el s\u00e1bado despu\u00e9s de caer de una valla fronteriza en el valle del r\u00edo Tijuana, la \u00faltima En Sonora en Equipo publicamos toda la informaci\u00f3n de Sonora, M\u00e9xico y el Mundo de manera oportuna y busca que la libertad de expresi\u00f3n sea real. Visita nuestro medio informativo publicado desde Hermosillo, Sonora. %","og_url":"https:\/\/www.sonoraenequipo.com.mx\/autoridades-reportan-casi-una-docena-de-heridos-tras-caer-del-muro-fronterizo\/","og_site_name":"Sonora en Equipo.","article_publisher":"https:\/\/www.facebook.com\/SonoraEE\/","article_author":"https:\/\/www.facebook.com\/SonoraEE","article_published_time":"2024-03-05T04:55:54+00:00","article_modified_time":"2024-03-06T18:04:54+00:00","og_image":[{"width":900,"height":600,"url":"https:\/\/www.sonoraenequipo.com.mx\/storage\/2024\/03\/muro-fronterizo-causa-heridos-y-muertes-min.jpg","type":"image\/jpeg"}],"author":"enequipo","twitter_card":"summary_large_image","twitter_creator":"@sonoraenequipo","twitter_site":"@sonoraenequipo","twitter_misc":{"Escrito por":"enequipo","Tiempo de lectura":"2 minutos"},"schema":{"@context":"https:\/\/schema.org","@graph":[{"@type":"Article","@id":"https:\/\/www.sonoraenequipo.com.mx\/autoridades-reportan-casi-una-docena-de-heridos-tras-caer-del-muro-fronterizo\/#article","isPartOf":{"@id":"https:\/\/www.sonoraenequipo.com.mx\/autoridades-reportan-casi-una-docena-de-heridos-tras-caer-del-muro-fronterizo\/"},"author":{"name":"enequipo","@id":"https:\/\/www.sonoraenequipo.com.mx\/#\/schema\/person\/50102df0fb23a8fa9e8effad8fa81386"},"headline":"Autoridades reportan casi una docena de heridos tras caer del muro fronterizo","datePublished":"2024-03-05T04:55:54+00:00","dateModified":"2024-03-06T18:04:54+00:00","mainEntityOfPage":{"@id":"https:\/\/www.sonoraenequipo.com.mx\/autoridades-reportan-casi-una-docena-de-heridos-tras-caer-del-muro-fronterizo\/"},"wordCount":447,"commentCount":0,"publisher":{"@id":"https:\/\/www.sonoraenequipo.com.mx\/#organization"},"image":{"@id":"https:\/\/www.sonoraenequipo.com.mx\/autoridades-reportan-casi-una-docena-de-heridos-tras-caer-del-muro-fronterizo\/#primaryimage"},"thumbnailUrl":"https:\/\/www.sonoraenequipo.com.mx\/storage\/2024\/03\/muro-fronterizo-causa-heridos-y-muertes-min.jpg","articleSection":["Rep\u00fablica"],"inLanguage":"es","potentialAction":[{"@type":"CommentAction","name":"Comment","target":["https:\/\/www.sonoraenequipo.com.mx\/autoridades-reportan-casi-una-docena-de-heridos-tras-caer-del-muro-fronterizo\/#respond"]}]},{"@type":"WebPage","@id":"https:\/\/www.sonoraenequipo.com.mx\/autoridades-reportan-casi-una-docena-de-heridos-tras-caer-del-muro-fronterizo\/","url":"https:\/\/www.sonoraenequipo.com.mx\/autoridades-reportan-casi-una-docena-de-heridos-tras-caer-del-muro-fronterizo\/","name":"Sonora en Equipo. Autoridades reportan casi una docena de heridos tras caer del muro fronterizo Rep\u00fablica","isPartOf":{"@id":"https:\/\/www.sonoraenequipo.com.mx\/#website"},"primaryImageOfPage":{"@id":"https:\/\/www.sonoraenequipo.com.mx\/autoridades-reportan-casi-una-docena-de-heridos-tras-caer-del-muro-fronterizo\/#primaryimage"},"image":{"@id":"https:\/\/www.sonoraenequipo.com.mx\/autoridades-reportan-casi-una-docena-de-heridos-tras-caer-del-muro-fronterizo\/#primaryimage"},"thumbnailUrl":"https:\/\/www.sonoraenequipo.com.mx\/storage\/2024\/03\/muro-fronterizo-causa-heridos-y-muertes-min.jpg","datePublished":"2024-03-05T04:55:54+00:00","dateModified":"2024-03-06T18:04:54+00:00","description":"TIJUANA, BAJA CALIFORNIA. MX. \u2014 Once personas resultaron heridas el s\u00e1bado despu\u00e9s de caer de una valla fronteriza en el valle del r\u00edo Tijuana, la \u00faltima En Sonora en Equipo publicamos toda la informaci\u00f3n de Sonora, M\u00e9xico y el Mundo de manera oportuna y busca que la libertad de expresi\u00f3n sea real. Visita nuestro medio informativo publicado desde Hermosillo, Sonora. %","breadcrumb":{"@id":"https:\/\/www.sonoraenequipo.com.mx\/autoridades-reportan-casi-una-docena-de-heridos-tras-caer-del-muro-fronterizo\/#breadcrumb"},"inLanguage":"es","potentialAction":[{"@type":"ReadAction","target":["https:\/\/www.sonoraenequipo.com.mx\/autoridades-reportan-casi-una-docena-de-heridos-tras-caer-del-muro-fronterizo\/"]}]},{"@type":"ImageObject","inLanguage":"es","@id":"https:\/\/www.sonoraenequipo.com.mx\/autoridades-reportan-casi-una-docena-de-heridos-tras-caer-del-muro-fronterizo\/#primaryimage","url":"https:\/\/www.sonoraenequipo.com.mx\/storage\/2024\/03\/muro-fronterizo-causa-heridos-y-muertes-min.jpg","contentUrl":"https:\/\/www.sonoraenequipo.com.mx\/storage\/2024\/03\/muro-fronterizo-causa-heridos-y-muertes-min.jpg","width":900,"height":600},{"@type":"BreadcrumbList","@id":"https:\/\/www.sonoraenequipo.com.mx\/autoridades-reportan-casi-una-docena-de-heridos-tras-caer-del-muro-fronterizo\/#breadcrumb","itemListElement":[{"@type":"ListItem","position":1,"name":"Portada","item":"https:\/\/www.sonoraenequipo.com.mx\/"},{"@type":"ListItem","position":2,"name":"Autoridades reportan casi una docena de heridos tras caer del muro fronterizo"}]},{"@type":"WebSite","@id":"https:\/\/www.sonoraenequipo.com.mx\/#website","url":"https:\/\/www.sonoraenequipo.com.mx\/","name":"Sonora en Equipo.","description":"Diario en l\u00ednea con Noticias desde Hermosillo, Sonora","publisher":{"@id":"https:\/\/www.sonoraenequipo.com.mx\/#organization"},"potentialAction":[{"@type":"SearchAction","target":{"@type":"EntryPoint","urlTemplate":"https:\/\/www.sonoraenequipo.com.mx\/?s={search_term_string}"},"query-input":{"@type":"PropertyValueSpecification","valueRequired":true,"valueName":"search_term_string"}}],"inLanguage":"es"},{"@type":"Organization","@id":"https:\/\/www.sonoraenequipo.com.mx\/#organization","name":"Sonoraenequipo.com.mx","url":"https:\/\/www.sonoraenequipo.com.mx\/","logo":{"@type":"ImageObject","inLanguage":"es","@id":"https:\/\/www.sonoraenequipo.com.mx\/#\/schema\/logo\/image\/","url":"https:\/\/www.sonoraenequipo.com.mx\/storage\/2019\/01\/sonoraenequipo_opt.png","contentUrl":"https:\/\/www.sonoraenequipo.com.mx\/storage\/2019\/01\/sonoraenequipo_opt.png","width":375,"height":125,"caption":"Sonoraenequipo.com.mx"},"image":{"@id":"https:\/\/www.sonoraenequipo.com.mx\/#\/schema\/logo\/image\/"},"sameAs":["https:\/\/www.facebook.com\/SonoraEE\/","https:\/\/x.com\/sonoraenequipo","https:\/\/www.youtube.com\/channel\/UC338nW-lPEYmJQs4ZABQ1SQ"]},{"@type":"Person","@id":"https:\/\/www.sonoraenequipo.com.mx\/#\/schema\/person\/50102df0fb23a8fa9e8effad8fa81386","name":"enequipo","image":{"@type":"ImageObject","inLanguage":"es","@id":"https:\/\/www.sonoraenequipo.com.mx\/#\/schema\/person\/image\/","url":"https:\/\/secure.gravatar.com\/avatar\/049821681b589dabc0bc20695993ccebb09f5b5d4d790cd9251b97faac7c652b?s=96&d=blank&r=g","contentUrl":"https:\/\/secure.gravatar.com\/avatar\/049821681b589dabc0bc20695993ccebb09f5b5d4d790cd9251b97faac7c652b?s=96&d=blank&r=g","caption":"enequipo"},"sameAs":["https:\/\/www.facebook.com\/SonoraEE"]}]}},"jetpack_featured_media_url":"https:\/\/www.sonoraenequipo.com.mx\/storage\/2024\/03\/muro-fronterizo-causa-heridos-y-muertes-min.jpg","_links":{"self":[{"href":"https:\/\/www.sonoraenequipo.com.mx\/api\/wp\/v2\/posts\/184817","targetHints":{"allow":["GET"]}}],"collection":[{"href":"https:\/\/www.sonoraenequipo.com.mx\/api\/wp\/v2\/posts"}],"about":[{"href":"https:\/\/www.sonoraenequipo.com.mx\/api\/wp\/v2\/types\/post"}],"author":[{"embeddable":true,"href":"https:\/\/www.sonoraenequipo.com.mx\/api\/wp\/v2\/users\/1"}],"replies":[{"embeddable":true,"href":"https:\/\/www.sonoraenequipo.com.mx\/api\/wp\/v2\/comments?post=184817"}],"version-history":[{"count":1,"href":"https:\/\/www.sonoraenequipo.com.mx\/api\/wp\/v2\/posts\/184817\/revisions"}],"predecessor-version":[{"id":184818,"href":"https:\/\/www.sonoraenequipo.com.mx\/api\/wp\/v2\/posts\/184817\/revisions\/184818"}],"wp:featuredmedia":[{"embeddable":true,"href":"https:\/\/www.sonoraenequipo.com.mx\/api\/wp\/v2\/media\/184787"}],"wp:attachment":[{"href":"https:\/\/www.sonoraenequipo.com.mx\/api\/wp\/v2\/media?parent=184817"}],"wp:term":[{"taxonomy":"category","embeddable":true,"href":"https:\/\/www.sonoraenequipo.com.mx\/api\/wp\/v2\/categories?post=184817"},{"taxonomy":"post_tag","embeddable":true,"href":"https:\/\/www.sonoraenequipo.com.mx\/api\/wp\/v2\/tags?post=184817"}],"curies":[{"name":"wp","href":"https:\/\/api.w.org\/{rel}","templated":true}]}}