{"id":184888,"date":"2024-03-05T17:15:46","date_gmt":"2024-03-06T00:15:46","guid":{"rendered":"https:\/\/www.sonoraenequipo.com.mx\/?p=184888"},"modified":"2024-03-06T20:04:23","modified_gmt":"2024-03-07T03:04:23","slug":"salud-sonora-recomienda-protegerse-ante-la-presencia-de-bajas-temperatura-en-la-entidad","status":"publish","type":"post","link":"https:\/\/www.sonoraenequipo.com.mx\/salud-sonora-recomienda-protegerse-ante-la-presencia-de-bajas-temperatura-en-la-entidad\/","title":{"rendered":"Salud Sonora recomienda protegerse ante la presencia de bajas temperatura en la entidad"},"content":{"rendered":"<p><b>HERMOSILLO, SONORA. MX. \u2014 <\/b> Por la presencia de las bajas temperaturas que dejar\u00e1 un nuevo frente fr\u00edo en la entidad, la Secretar\u00eda de Salud (SSA), hizo un llamado a abrigarse bien antes de salir de casa y evitar los cambios bruscos de temperatura.<\/p>\n<p> <\/p>\n<p>Ante la baja de temperaturas, la dependencia recomend\u00f3 brindar los cuidados necesarios a ni\u00f1as y ni\u00f1os menores de edad, as\u00ed como adultos mayores y personas que viven con alguna comorbilidad o enfermedad no transmisible, como diabetes, hipertensi\u00f3n, obesidad, c\u00e1ncer o con un sistema inmune comprometido.<\/p>\n<p>Algunas de las medidas de prevenci\u00f3n que la SSA emite son: vacunarse contra enfermedades respiratorias, como influenza y covid-19; en caso de tener que salir de casa, hay que abrigarse bien, utilizando ropa t\u00e9rmica, chamarra gruesa, y de ser necesario, gorro, guantes y cubreboca.<\/p>\n<p>Debido a que se esperan lluvias en Sonora, tambi\u00e9n se pidi\u00f3 a la poblaci\u00f3n manejar de manera responsable, revisar el carro antes de salir a conducir, supervisar los parabrisas y frenos, as\u00ed como el funcionamiento mec\u00e1nico del veh\u00edculo.<\/p>\n<p>De comenzar con s\u00edntomas de enfermedades respiratorias, se recomienda acudir de inmediato a la unidad de salud m\u00e1s cercana y evitar automedicarse.<\/p>\n<p>PUBLICADO EL 06 DE MARZO DE 2024\/\/ Con informaci\u00f3n de GOBSON 0324-021)<\/p>\n","protected":false},"excerpt":{"rendered":"<p>HERMOSILLO, SONORA. MX. \u2014 Por la presencia de las bajas temperaturas que dejar\u00e1 un nuevo&#8230;<\/p>\n","protected":false},"author":1,"featured_media":184877,"comment_status":"open","ping_status":"open","sticky":false,"template":"","format":"standard","meta":{"_monsterinsights_skip_tracking":false,"_monsterinsights_sitenote_active":false,"_monsterinsights_sitenote_note":"","_monsterinsights_sitenote_category":0,"footnotes":""},"categories":[22],"tags":[],"class_list":["post"],"yoast_head":" \n<title>Sonora en Equipo. Salud Sonora recomienda protegerse ante la presencia de bajas temperatura en la entidad Sonora<\/title>\n<meta name=\"description\" content=\"HERMOSILLO, SONORA. MX. \u2014 Por la presencia de las bajas temperaturas que dejar\u00e1 un nuevo frente fr\u00edo en la entidad, la Secretar\u00eda de Salud (SSA), hizo un En Sonora en Equipo publicamos toda la informaci\u00f3n de Sonora, M\u00e9xico y el Mundo de manera oportuna y busca que la libertad de expresi\u00f3n sea real. Visita nuestro medio informativo publicado desde Hermosillo, Sonora. %\" \/>\n<meta name=\"robots\" content=\"index, follow, max-snippet:-1, max-image-preview:large, max-video-preview:-1\" \/>\n<link rel=\"canonical\" href=\"https:\/\/www.sonoraenequipo.com.mx\/salud-sonora-recomienda-protegerse-ante-la-presencia-de-bajas-temperatura-en-la-entidad\/\" \/>\n<meta property=\"og:locale\" content=\"es_ES\" \/>\n<meta property=\"og:type\" content=\"article\" \/>\n<meta property=\"og:title\" content=\"Sonora en Equipo. Salud Sonora recomienda protegerse ante la presencia de bajas temperatura en la entidad Sonora\" \/>\n<meta property=\"og:description\" content=\"HERMOSILLO, SONORA. MX. \u2014 Por la presencia de las bajas temperaturas que dejar\u00e1 un nuevo frente fr\u00edo en la entidad, la Secretar\u00eda de Salud (SSA), hizo un En Sonora en Equipo publicamos toda la informaci\u00f3n de Sonora, M\u00e9xico y el Mundo de manera oportuna y busca que la libertad de expresi\u00f3n sea real. Visita nuestro medio informativo publicado desde Hermosillo, Sonora. %\" \/>\n<meta property=\"og:url\" content=\"https:\/\/www.sonoraenequipo.com.mx\/salud-sonora-recomienda-protegerse-ante-la-presencia-de-bajas-temperatura-en-la-entidad\/\" \/>\n<meta property=\"og:site_name\" content=\"Sonora en Equipo.\" \/>\n<meta property=\"article:publisher\" content=\"https:\/\/www.facebook.com\/SonoraEE\/\" \/>\n<meta property=\"article:author\" content=\"https:\/\/www.facebook.com\/SonoraEE\" \/>\n<meta property=\"article:published_time\" content=\"2024-03-06T00:15:46+00:00\" \/>\n<meta property=\"article:modified_time\" content=\"2024-03-07T03:04:23+00:00\" \/>\n<meta property=\"og:image\" content=\"https:\/\/www.sonoraenequipo.com.mx\/storage\/2024\/03\/temprada-invernal-min-1.jpg\" \/>\n\t<meta property=\"og:image:width\" content=\"800\" \/>\n\t<meta property=\"og:image:height\" content=\"800\" \/>\n\t<meta property=\"og:image:type\" content=\"image\/jpeg\" \/>\n<meta name=\"author\" content=\"enequipo\" \/>\n<meta name=\"twitter:card\" content=\"summary_large_image\" \/>\n<meta name=\"twitter:creator\" content=\"@sonoraenequipo\" \/>\n<meta name=\"twitter:site\" content=\"@sonoraenequipo\" \/>\n<meta name=\"twitter:label1\" content=\"Escrito por\" \/>\n\t<meta name=\"twitter:data1\" content=\"enequipo\" \/>\n\t<meta name=\"twitter:label2\" content=\"Tiempo de lectura\" \/>\n\t<meta name=\"twitter:data2\" content=\"1 minuto\" \/>\n<script type=\"application\/ld+json\" class=\"yoast-schema-graph\">{\"@context\":\"https:\/\/schema.org\",\"@graph\":[{\"@type\":\"Article\",\"@id\":\"https:\/\/www.sonoraenequipo.com.mx\/salud-sonora-recomienda-protegerse-ante-la-presencia-de-bajas-temperatura-en-la-entidad\/#article\",\"isPartOf\":{\"@id\":\"https:\/\/www.sonoraenequipo.com.mx\/salud-sonora-recomienda-protegerse-ante-la-presencia-de-bajas-temperatura-en-la-entidad\/\"},\"author\":{\"name\":\"enequipo\",\"@id\":\"https:\/\/www.sonoraenequipo.com.mx\/#\/schema\/person\/50102df0fb23a8fa9e8effad8fa81386\"},\"headline\":\"Salud Sonora recomienda protegerse ante la presencia de bajas temperatura en la entidad\",\"datePublished\":\"2024-03-06T00:15:46+00:00\",\"dateModified\":\"2024-03-07T03:04:23+00:00\",\"mainEntityOfPage\":{\"@id\":\"https:\/\/www.sonoraenequipo.com.mx\/salud-sonora-recomienda-protegerse-ante-la-presencia-de-bajas-temperatura-en-la-entidad\/\"},\"wordCount\":229,\"commentCount\":0,\"publisher\":{\"@id\":\"https:\/\/www.sonoraenequipo.com.mx\/#organization\"},\"image\":{\"@id\":\"https:\/\/www.sonoraenequipo.com.mx\/salud-sonora-recomienda-protegerse-ante-la-presencia-de-bajas-temperatura-en-la-entidad\/#primaryimage\"},\"thumbnailUrl\":\"https:\/\/www.sonoraenequipo.com.mx\/storage\/2024\/03\/temprada-invernal-min-1.jpg\",\"articleSection\":[\"Sonora\"],\"inLanguage\":\"es\",\"potentialAction\":[{\"@type\":\"CommentAction\",\"name\":\"Comment\",\"target\":[\"https:\/\/www.sonoraenequipo.com.mx\/salud-sonora-recomienda-protegerse-ante-la-presencia-de-bajas-temperatura-en-la-entidad\/#respond\"]}]},{\"@type\":\"WebPage\",\"@id\":\"https:\/\/www.sonoraenequipo.com.mx\/salud-sonora-recomienda-protegerse-ante-la-presencia-de-bajas-temperatura-en-la-entidad\/\",\"url\":\"https:\/\/www.sonoraenequipo.com.mx\/salud-sonora-recomienda-protegerse-ante-la-presencia-de-bajas-temperatura-en-la-entidad\/\",\"name\":\"Sonora en Equipo. Salud Sonora recomienda protegerse ante la presencia de bajas temperatura en la entidad Sonora\",\"isPartOf\":{\"@id\":\"https:\/\/www.sonoraenequipo.com.mx\/#website\"},\"primaryImageOfPage\":{\"@id\":\"https:\/\/www.sonoraenequipo.com.mx\/salud-sonora-recomienda-protegerse-ante-la-presencia-de-bajas-temperatura-en-la-entidad\/#primaryimage\"},\"image\":{\"@id\":\"https:\/\/www.sonoraenequipo.com.mx\/salud-sonora-recomienda-protegerse-ante-la-presencia-de-bajas-temperatura-en-la-entidad\/#primaryimage\"},\"thumbnailUrl\":\"https:\/\/www.sonoraenequipo.com.mx\/storage\/2024\/03\/temprada-invernal-min-1.jpg\",\"datePublished\":\"2024-03-06T00:15:46+00:00\",\"dateModified\":\"2024-03-07T03:04:23+00:00\",\"description\":\"HERMOSILLO, SONORA. MX. \u2014 Por la presencia de las bajas temperaturas que dejar\u00e1 un nuevo frente fr\u00edo en la entidad, la Secretar\u00eda de Salud (SSA), hizo un En Sonora en Equipo publicamos toda la informaci\u00f3n de Sonora, M\u00e9xico y el Mundo de manera oportuna y busca que la libertad de expresi\u00f3n sea real. Visita nuestro medio informativo publicado desde Hermosillo, Sonora. %\",\"breadcrumb\":{\"@id\":\"https:\/\/www.sonoraenequipo.com.mx\/salud-sonora-recomienda-protegerse-ante-la-presencia-de-bajas-temperatura-en-la-entidad\/#breadcrumb\"},\"inLanguage\":\"es\",\"potentialAction\":[{\"@type\":\"ReadAction\",\"target\":[\"https:\/\/www.sonoraenequipo.com.mx\/salud-sonora-recomienda-protegerse-ante-la-presencia-de-bajas-temperatura-en-la-entidad\/\"]}]},{\"@type\":\"ImageObject\",\"inLanguage\":\"es\",\"@id\":\"https:\/\/www.sonoraenequipo.com.mx\/salud-sonora-recomienda-protegerse-ante-la-presencia-de-bajas-temperatura-en-la-entidad\/#primaryimage\",\"url\":\"https:\/\/www.sonoraenequipo.com.mx\/storage\/2024\/03\/temprada-invernal-min-1.jpg\",\"contentUrl\":\"https:\/\/www.sonoraenequipo.com.mx\/storage\/2024\/03\/temprada-invernal-min-1.jpg\",\"width\":800,\"height\":800},{\"@type\":\"BreadcrumbList\",\"@id\":\"https:\/\/www.sonoraenequipo.com.mx\/salud-sonora-recomienda-protegerse-ante-la-presencia-de-bajas-temperatura-en-la-entidad\/#breadcrumb\",\"itemListElement\":[{\"@type\":\"ListItem\",\"position\":1,\"name\":\"Portada\",\"item\":\"https:\/\/www.sonoraenequipo.com.mx\/\"},{\"@type\":\"ListItem\",\"position\":2,\"name\":\"Salud Sonora recomienda protegerse ante la presencia de bajas temperatura en la entidad\"}]},{\"@type\":\"WebSite\",\"@id\":\"https:\/\/www.sonoraenequipo.com.mx\/#website\",\"url\":\"https:\/\/www.sonoraenequipo.com.mx\/\",\"name\":\"Sonora en Equipo.\",\"description\":\"Diario en l\u00ednea con Noticias desde Hermosillo, Sonora\",\"publisher\":{\"@id\":\"https:\/\/www.sonoraenequipo.com.mx\/#organization\"},\"potentialAction\":[{\"@type\":\"SearchAction\",\"target\":{\"@type\":\"EntryPoint\",\"urlTemplate\":\"https:\/\/www.sonoraenequipo.com.mx\/?s={search_term_string}\"},\"query-input\":{\"@type\":\"PropertyValueSpecification\",\"valueRequired\":true,\"valueName\":\"search_term_string\"}}],\"inLanguage\":\"es\"},{\"@type\":\"Organization\",\"@id\":\"https:\/\/www.sonoraenequipo.com.mx\/#organization\",\"name\":\"Sonoraenequipo.com.mx\",\"url\":\"https:\/\/www.sonoraenequipo.com.mx\/\",\"logo\":{\"@type\":\"ImageObject\",\"inLanguage\":\"es\",\"@id\":\"https:\/\/www.sonoraenequipo.com.mx\/#\/schema\/logo\/image\/\",\"url\":\"https:\/\/www.sonoraenequipo.com.mx\/storage\/2019\/01\/sonoraenequipo_opt.png\",\"contentUrl\":\"https:\/\/www.sonoraenequipo.com.mx\/storage\/2019\/01\/sonoraenequipo_opt.png\",\"width\":375,\"height\":125,\"caption\":\"Sonoraenequipo.com.mx\"},\"image\":{\"@id\":\"https:\/\/www.sonoraenequipo.com.mx\/#\/schema\/logo\/image\/\"},\"sameAs\":[\"https:\/\/www.facebook.com\/SonoraEE\/\",\"https:\/\/x.com\/sonoraenequipo\",\"https:\/\/www.youtube.com\/channel\/UC338nW-lPEYmJQs4ZABQ1SQ\"]},{\"@type\":\"Person\",\"@id\":\"https:\/\/www.sonoraenequipo.com.mx\/#\/schema\/person\/50102df0fb23a8fa9e8effad8fa81386\",\"name\":\"enequipo\",\"image\":{\"@type\":\"ImageObject\",\"inLanguage\":\"es\",\"@id\":\"https:\/\/www.sonoraenequipo.com.mx\/#\/schema\/person\/image\/\",\"url\":\"https:\/\/secure.gravatar.com\/avatar\/049821681b589dabc0bc20695993ccebb09f5b5d4d790cd9251b97faac7c652b?s=96&d=blank&r=g\",\"contentUrl\":\"https:\/\/secure.gravatar.com\/avatar\/049821681b589dabc0bc20695993ccebb09f5b5d4d790cd9251b97faac7c652b?s=96&d=blank&r=g\",\"caption\":\"enequipo\"},\"sameAs\":[\"https:\/\/www.facebook.com\/SonoraEE\"]}]}<\/script>\n ","yoast_head_json":{"title":"Sonora en Equipo. Salud Sonora recomienda protegerse ante la presencia de bajas temperatura en la entidad Sonora","description":"HERMOSILLO, SONORA. MX. \u2014 Por la presencia de las bajas temperaturas que dejar\u00e1 un nuevo frente fr\u00edo en la entidad, la Secretar\u00eda de Salud (SSA), hizo un En Sonora en Equipo publicamos toda la informaci\u00f3n de Sonora, M\u00e9xico y el Mundo de manera oportuna y busca que la libertad de expresi\u00f3n sea real. Visita nuestro medio informativo publicado desde Hermosillo, Sonora. %","robots":{"index":"index","follow":"follow","max-snippet":"max-snippet:-1","max-image-preview":"max-image-preview:large","max-video-preview":"max-video-preview:-1"},"canonical":"https:\/\/www.sonoraenequipo.com.mx\/salud-sonora-recomienda-protegerse-ante-la-presencia-de-bajas-temperatura-en-la-entidad\/","og_locale":"es_ES","og_type":"article","og_title":"Sonora en Equipo. Salud Sonora recomienda protegerse ante la presencia de bajas temperatura en la entidad Sonora","og_description":"HERMOSILLO, SONORA. MX. \u2014 Por la presencia de las bajas temperaturas que dejar\u00e1 un nuevo frente fr\u00edo en la entidad, la Secretar\u00eda de Salud (SSA), hizo un En Sonora en Equipo publicamos toda la informaci\u00f3n de Sonora, M\u00e9xico y el Mundo de manera oportuna y busca que la libertad de expresi\u00f3n sea real. Visita nuestro medio informativo publicado desde Hermosillo, Sonora. %","og_url":"https:\/\/www.sonoraenequipo.com.mx\/salud-sonora-recomienda-protegerse-ante-la-presencia-de-bajas-temperatura-en-la-entidad\/","og_site_name":"Sonora en Equipo.","article_publisher":"https:\/\/www.facebook.com\/SonoraEE\/","article_author":"https:\/\/www.facebook.com\/SonoraEE","article_published_time":"2024-03-06T00:15:46+00:00","article_modified_time":"2024-03-07T03:04:23+00:00","og_image":[{"width":800,"height":800,"url":"https:\/\/www.sonoraenequipo.com.mx\/storage\/2024\/03\/temprada-invernal-min-1.jpg","type":"image\/jpeg"}],"author":"enequipo","twitter_card":"summary_large_image","twitter_creator":"@sonoraenequipo","twitter_site":"@sonoraenequipo","twitter_misc":{"Escrito por":"enequipo","Tiempo de lectura":"1 minuto"},"schema":{"@context":"https:\/\/schema.org","@graph":[{"@type":"Article","@id":"https:\/\/www.sonoraenequipo.com.mx\/salud-sonora-recomienda-protegerse-ante-la-presencia-de-bajas-temperatura-en-la-entidad\/#article","isPartOf":{"@id":"https:\/\/www.sonoraenequipo.com.mx\/salud-sonora-recomienda-protegerse-ante-la-presencia-de-bajas-temperatura-en-la-entidad\/"},"author":{"name":"enequipo","@id":"https:\/\/www.sonoraenequipo.com.mx\/#\/schema\/person\/50102df0fb23a8fa9e8effad8fa81386"},"headline":"Salud Sonora recomienda protegerse ante la presencia de bajas temperatura en la entidad","datePublished":"2024-03-06T00:15:46+00:00","dateModified":"2024-03-07T03:04:23+00:00","mainEntityOfPage":{"@id":"https:\/\/www.sonoraenequipo.com.mx\/salud-sonora-recomienda-protegerse-ante-la-presencia-de-bajas-temperatura-en-la-entidad\/"},"wordCount":229,"commentCount":0,"publisher":{"@id":"https:\/\/www.sonoraenequipo.com.mx\/#organization"},"image":{"@id":"https:\/\/www.sonoraenequipo.com.mx\/salud-sonora-recomienda-protegerse-ante-la-presencia-de-bajas-temperatura-en-la-entidad\/#primaryimage"},"thumbnailUrl":"https:\/\/www.sonoraenequipo.com.mx\/storage\/2024\/03\/temprada-invernal-min-1.jpg","articleSection":["Sonora"],"inLanguage":"es","potentialAction":[{"@type":"CommentAction","name":"Comment","target":["https:\/\/www.sonoraenequipo.com.mx\/salud-sonora-recomienda-protegerse-ante-la-presencia-de-bajas-temperatura-en-la-entidad\/#respond"]}]},{"@type":"WebPage","@id":"https:\/\/www.sonoraenequipo.com.mx\/salud-sonora-recomienda-protegerse-ante-la-presencia-de-bajas-temperatura-en-la-entidad\/","url":"https:\/\/www.sonoraenequipo.com.mx\/salud-sonora-recomienda-protegerse-ante-la-presencia-de-bajas-temperatura-en-la-entidad\/","name":"Sonora en Equipo. Salud Sonora recomienda protegerse ante la presencia de bajas temperatura en la entidad Sonora","isPartOf":{"@id":"https:\/\/www.sonoraenequipo.com.mx\/#website"},"primaryImageOfPage":{"@id":"https:\/\/www.sonoraenequipo.com.mx\/salud-sonora-recomienda-protegerse-ante-la-presencia-de-bajas-temperatura-en-la-entidad\/#primaryimage"},"image":{"@id":"https:\/\/www.sonoraenequipo.com.mx\/salud-sonora-recomienda-protegerse-ante-la-presencia-de-bajas-temperatura-en-la-entidad\/#primaryimage"},"thumbnailUrl":"https:\/\/www.sonoraenequipo.com.mx\/storage\/2024\/03\/temprada-invernal-min-1.jpg","datePublished":"2024-03-06T00:15:46+00:00","dateModified":"2024-03-07T03:04:23+00:00","description":"HERMOSILLO, SONORA. MX. \u2014 Por la presencia de las bajas temperaturas que dejar\u00e1 un nuevo frente fr\u00edo en la entidad, la Secretar\u00eda de Salud (SSA), hizo un En Sonora en Equipo publicamos toda la informaci\u00f3n de Sonora, M\u00e9xico y el Mundo de manera oportuna y busca que la libertad de expresi\u00f3n sea real. Visita nuestro medio informativo publicado desde Hermosillo, Sonora. %","breadcrumb":{"@id":"https:\/\/www.sonoraenequipo.com.mx\/salud-sonora-recomienda-protegerse-ante-la-presencia-de-bajas-temperatura-en-la-entidad\/#breadcrumb"},"inLanguage":"es","potentialAction":[{"@type":"ReadAction","target":["https:\/\/www.sonoraenequipo.com.mx\/salud-sonora-recomienda-protegerse-ante-la-presencia-de-bajas-temperatura-en-la-entidad\/"]}]},{"@type":"ImageObject","inLanguage":"es","@id":"https:\/\/www.sonoraenequipo.com.mx\/salud-sonora-recomienda-protegerse-ante-la-presencia-de-bajas-temperatura-en-la-entidad\/#primaryimage","url":"https:\/\/www.sonoraenequipo.com.mx\/storage\/2024\/03\/temprada-invernal-min-1.jpg","contentUrl":"https:\/\/www.sonoraenequipo.com.mx\/storage\/2024\/03\/temprada-invernal-min-1.jpg","width":800,"height":800},{"@type":"BreadcrumbList","@id":"https:\/\/www.sonoraenequipo.com.mx\/salud-sonora-recomienda-protegerse-ante-la-presencia-de-bajas-temperatura-en-la-entidad\/#breadcrumb","itemListElement":[{"@type":"ListItem","position":1,"name":"Portada","item":"https:\/\/www.sonoraenequipo.com.mx\/"},{"@type":"ListItem","position":2,"name":"Salud Sonora recomienda protegerse ante la presencia de bajas temperatura en la entidad"}]},{"@type":"WebSite","@id":"https:\/\/www.sonoraenequipo.com.mx\/#website","url":"https:\/\/www.sonoraenequipo.com.mx\/","name":"Sonora en Equipo.","description":"Diario en l\u00ednea con Noticias desde Hermosillo, Sonora","publisher":{"@id":"https:\/\/www.sonoraenequipo.com.mx\/#organization"},"potentialAction":[{"@type":"SearchAction","target":{"@type":"EntryPoint","urlTemplate":"https:\/\/www.sonoraenequipo.com.mx\/?s={search_term_string}"},"query-input":{"@type":"PropertyValueSpecification","valueRequired":true,"valueName":"search_term_string"}}],"inLanguage":"es"},{"@type":"Organization","@id":"https:\/\/www.sonoraenequipo.com.mx\/#organization","name":"Sonoraenequipo.com.mx","url":"https:\/\/www.sonoraenequipo.com.mx\/","logo":{"@type":"ImageObject","inLanguage":"es","@id":"https:\/\/www.sonoraenequipo.com.mx\/#\/schema\/logo\/image\/","url":"https:\/\/www.sonoraenequipo.com.mx\/storage\/2019\/01\/sonoraenequipo_opt.png","contentUrl":"https:\/\/www.sonoraenequipo.com.mx\/storage\/2019\/01\/sonoraenequipo_opt.png","width":375,"height":125,"caption":"Sonoraenequipo.com.mx"},"image":{"@id":"https:\/\/www.sonoraenequipo.com.mx\/#\/schema\/logo\/image\/"},"sameAs":["https:\/\/www.facebook.com\/SonoraEE\/","https:\/\/x.com\/sonoraenequipo","https:\/\/www.youtube.com\/channel\/UC338nW-lPEYmJQs4ZABQ1SQ"]},{"@type":"Person","@id":"https:\/\/www.sonoraenequipo.com.mx\/#\/schema\/person\/50102df0fb23a8fa9e8effad8fa81386","name":"enequipo","image":{"@type":"ImageObject","inLanguage":"es","@id":"https:\/\/www.sonoraenequipo.com.mx\/#\/schema\/person\/image\/","url":"https:\/\/secure.gravatar.com\/avatar\/049821681b589dabc0bc20695993ccebb09f5b5d4d790cd9251b97faac7c652b?s=96&d=blank&r=g","contentUrl":"https:\/\/secure.gravatar.com\/avatar\/049821681b589dabc0bc20695993ccebb09f5b5d4d790cd9251b97faac7c652b?s=96&d=blank&r=g","caption":"enequipo"},"sameAs":["https:\/\/www.facebook.com\/SonoraEE"]}]}},"jetpack_featured_media_url":"https:\/\/www.sonoraenequipo.com.mx\/storage\/2024\/03\/temprada-invernal-min-1.jpg","_links":{"self":[{"href":"https:\/\/www.sonoraenequipo.com.mx\/api\/wp\/v2\/posts\/184888","targetHints":{"allow":["GET"]}}],"collection":[{"href":"https:\/\/www.sonoraenequipo.com.mx\/api\/wp\/v2\/posts"}],"about":[{"href":"https:\/\/www.sonoraenequipo.com.mx\/api\/wp\/v2\/types\/post"}],"author":[{"embeddable":true,"href":"https:\/\/www.sonoraenequipo.com.mx\/api\/wp\/v2\/users\/1"}],"replies":[{"embeddable":true,"href":"https:\/\/www.sonoraenequipo.com.mx\/api\/wp\/v2\/comments?post=184888"}],"version-history":[{"count":3,"href":"https:\/\/www.sonoraenequipo.com.mx\/api\/wp\/v2\/posts\/184888\/revisions"}],"predecessor-version":[{"id":184891,"href":"https:\/\/www.sonoraenequipo.com.mx\/api\/wp\/v2\/posts\/184888\/revisions\/184891"}],"wp:featuredmedia":[{"embeddable":true,"href":"https:\/\/www.sonoraenequipo.com.mx\/api\/wp\/v2\/media\/184877"}],"wp:attachment":[{"href":"https:\/\/www.sonoraenequipo.com.mx\/api\/wp\/v2\/media?parent=184888"}],"wp:term":[{"taxonomy":"category","embeddable":true,"href":"https:\/\/www.sonoraenequipo.com.mx\/api\/wp\/v2\/categories?post=184888"},{"taxonomy":"post_tag","embeddable":true,"href":"https:\/\/www.sonoraenequipo.com.mx\/api\/wp\/v2\/tags?post=184888"}],"curies":[{"name":"wp","href":"https:\/\/api.w.org\/{rel}","templated":true}]}}