{"id":185532,"date":"2024-03-15T16:00:17","date_gmt":"2024-03-15T23:00:17","guid":{"rendered":"https:\/\/www.sonoraenequipo.com.mx\/?p=185532"},"modified":"2024-03-15T16:00:17","modified_gmt":"2024-03-15T23:00:17","slug":"estudiantes-y-docentes-presentan-proyectos-en-festival-de-la-lectura-del-creson","status":"publish","type":"post","link":"https:\/\/www.sonoraenequipo.com.mx\/estudiantes-y-docentes-presentan-proyectos-en-festival-de-la-lectura-del-creson\/","title":{"rendered":"Estudiantes y docentes presentan proyectos en festival de la lectura del Creson"},"content":{"rendered":"<p><strong>HERMOSILLO, SONORA,MX.\u02d7\u02d7\u02d7 <\/strong>G\u00e9nero y su relaci\u00f3n con la lectura, cuentacuentos y un c\u00edrculo de estudios sobre lengua Yaqui, fueron algunos de los proyectos presentados en el segundo Festival de la Lectura y la Escritura Educativa.<\/p>\n<p>&nbsp;<\/p>\n<p>&nbsp;<\/p>\n<p>&nbsp;<\/p>\n<p>El evento realizado por el Centro Regional de Formaci\u00f3n Profesional Docente de Sonora (Creson), cont\u00f3 con 25 actividades encaminadas a la promoci\u00f3n de la lectura acad\u00e9mica y recreativa para el alumnado y personal de Escuelas Normales y la Universidad Pedag\u00f3gica Nacional (UPN) en Sonora.<\/p>\n<p>&nbsp;<\/p>\n<p>&nbsp;<\/p>\n<p>&nbsp;<\/p>\n<p>Como parte del programa, alumnas de la UPN Hermosillo compartieron su experiencia en el proyecto de alfabetizaci\u00f3n para menores de la casa hogar Villas del Papa Francisco, mientras que estudiantes de la Benem\u00e9rita y Centenaria Escuela Normal del Estado de Sonora \u201cProf. Jes\u00fas Manuel Bustamante Mungarro\u201d, realizaron una lectura dramatizada.<\/p>\n<p>&nbsp;<\/p>\n<p>&nbsp;<\/p>\n<p>&nbsp;<\/p>\n<p>Adem\u00e1s, cuatro alumnas de la Escuela Normal Superior, de los planteles Obreg\u00f3n y Hermosillo, fueron reconocidas por obtener los primeros lugares en el concurso de cuento convocado por Creson, con textos sobre infancias, adolescencias y juventudes.<\/p>\n<p>&nbsp;<\/p>\n<p>&nbsp;<\/p>\n<p>&nbsp;<\/p>\n<p>La segunda edici\u00f3n del festival tambi\u00e9n cont\u00f3 con talleres sobre autobiograf\u00eda, revistas acad\u00e9micas y an\u00e1lisis acad\u00e9mico de corridos tumbados, as\u00ed como conferencias magistrales sobre acceso abierto, promoci\u00f3n de lectura en ambientes interculturales e introducci\u00f3n a la literacidad cr\u00edtica.<\/p>\n<p>Estudiantes y docentes presentan proyectos en festival de la lectura del Creson.<\/p>\n<p><strong><em><u>Fecha de publicaci\u00f3n<\/u><\/em><\/strong><strong><em><u> viernes 15 de marzo de 2024<\/u><\/em><\/strong><\/p>\n","protected":false},"excerpt":{"rendered":"<p>HERMOSILLO, SONORA,MX.\u02d7\u02d7\u02d7 G\u00e9nero y su relaci\u00f3n con la lectura, cuentacuentos y un c\u00edrculo de estudios&#8230;<\/p>\n","protected":false},"author":1,"featured_media":185533,"comment_status":"open","ping_status":"open","sticky":false,"template":"","format":"standard","meta":{"_monsterinsights_skip_tracking":false,"_monsterinsights_sitenote_active":false,"_monsterinsights_sitenote_note":"","_monsterinsights_sitenote_category":0,"footnotes":""},"categories":[22],"tags":[6510],"class_list":["post"],"yoast_head":" \n<title>Sonora en Equipo. Estudiantes y docentes presentan proyectos en festival de la lectura del Creson Sonora<\/title>\n<meta name=\"description\" content=\"HERMOSILLO, SONORA,MX.\u02d7\u02d7\u02d7 G\u00e9nero y su relaci\u00f3n con la lectura, cuentacuentos y un c\u00edrculo de estudios sobre lengua Yaqui, fueron algunos de los proyectos En Sonora en Equipo publicamos toda la informaci\u00f3n de Sonora, M\u00e9xico y el Mundo de manera oportuna y busca que la libertad de expresi\u00f3n sea real. Visita nuestro medio informativo publicado desde Hermosillo, Sonora. %\" \/>\n<meta name=\"robots\" content=\"index, follow, max-snippet:-1, max-image-preview:large, max-video-preview:-1\" \/>\n<link rel=\"canonical\" href=\"https:\/\/www.sonoraenequipo.com.mx\/estudiantes-y-docentes-presentan-proyectos-en-festival-de-la-lectura-del-creson\/\" \/>\n<meta property=\"og:locale\" content=\"es_ES\" \/>\n<meta property=\"og:type\" content=\"article\" \/>\n<meta property=\"og:title\" content=\"Sonora en Equipo. Estudiantes y docentes presentan proyectos en festival de la lectura del Creson Sonora\" \/>\n<meta property=\"og:description\" content=\"HERMOSILLO, SONORA,MX.\u02d7\u02d7\u02d7 G\u00e9nero y su relaci\u00f3n con la lectura, cuentacuentos y un c\u00edrculo de estudios sobre lengua Yaqui, fueron algunos de los proyectos En Sonora en Equipo publicamos toda la informaci\u00f3n de Sonora, M\u00e9xico y el Mundo de manera oportuna y busca que la libertad de expresi\u00f3n sea real. Visita nuestro medio informativo publicado desde Hermosillo, Sonora. %\" \/>\n<meta property=\"og:url\" content=\"https:\/\/www.sonoraenequipo.com.mx\/estudiantes-y-docentes-presentan-proyectos-en-festival-de-la-lectura-del-creson\/\" \/>\n<meta property=\"og:site_name\" content=\"Sonora en Equipo.\" \/>\n<meta property=\"article:publisher\" content=\"https:\/\/www.facebook.com\/SonoraEE\/\" \/>\n<meta property=\"article:author\" content=\"https:\/\/www.facebook.com\/SonoraEE\" \/>\n<meta property=\"article:published_time\" content=\"2024-03-15T23:00:17+00:00\" \/>\n<meta property=\"og:image\" content=\"https:\/\/www.sonoraenequipo.com.mx\/storage\/2024\/03\/lectura.jpg\" \/>\n\t<meta property=\"og:image:width\" content=\"600\" \/>\n\t<meta property=\"og:image:height\" content=\"450\" \/>\n\t<meta property=\"og:image:type\" content=\"image\/jpeg\" \/>\n<meta name=\"author\" content=\"enequipo\" \/>\n<meta name=\"twitter:card\" content=\"summary_large_image\" \/>\n<meta name=\"twitter:creator\" content=\"@sonoraenequipo\" \/>\n<meta name=\"twitter:site\" content=\"@sonoraenequipo\" \/>\n<meta name=\"twitter:label1\" content=\"Escrito por\" \/>\n\t<meta name=\"twitter:data1\" content=\"enequipo\" \/>\n\t<meta name=\"twitter:label2\" content=\"Tiempo de lectura\" \/>\n\t<meta name=\"twitter:data2\" content=\"1 minuto\" \/>\n<script type=\"application\/ld+json\" class=\"yoast-schema-graph\">{\"@context\":\"https:\/\/schema.org\",\"@graph\":[{\"@type\":\"Article\",\"@id\":\"https:\/\/www.sonoraenequipo.com.mx\/estudiantes-y-docentes-presentan-proyectos-en-festival-de-la-lectura-del-creson\/#article\",\"isPartOf\":{\"@id\":\"https:\/\/www.sonoraenequipo.com.mx\/estudiantes-y-docentes-presentan-proyectos-en-festival-de-la-lectura-del-creson\/\"},\"author\":{\"name\":\"enequipo\",\"@id\":\"https:\/\/www.sonoraenequipo.com.mx\/#\/schema\/person\/50102df0fb23a8fa9e8effad8fa81386\"},\"headline\":\"Estudiantes y docentes presentan proyectos en festival de la lectura del Creson\",\"datePublished\":\"2024-03-15T23:00:17+00:00\",\"mainEntityOfPage\":{\"@id\":\"https:\/\/www.sonoraenequipo.com.mx\/estudiantes-y-docentes-presentan-proyectos-en-festival-de-la-lectura-del-creson\/\"},\"wordCount\":268,\"commentCount\":0,\"publisher\":{\"@id\":\"https:\/\/www.sonoraenequipo.com.mx\/#organization\"},\"image\":{\"@id\":\"https:\/\/www.sonoraenequipo.com.mx\/estudiantes-y-docentes-presentan-proyectos-en-festival-de-la-lectura-del-creson\/#primaryimage\"},\"thumbnailUrl\":\"https:\/\/www.sonoraenequipo.com.mx\/storage\/2024\/03\/lectura.jpg\",\"keywords\":[\"lectura\"],\"articleSection\":[\"Sonora\"],\"inLanguage\":\"es\",\"potentialAction\":[{\"@type\":\"CommentAction\",\"name\":\"Comment\",\"target\":[\"https:\/\/www.sonoraenequipo.com.mx\/estudiantes-y-docentes-presentan-proyectos-en-festival-de-la-lectura-del-creson\/#respond\"]}]},{\"@type\":\"WebPage\",\"@id\":\"https:\/\/www.sonoraenequipo.com.mx\/estudiantes-y-docentes-presentan-proyectos-en-festival-de-la-lectura-del-creson\/\",\"url\":\"https:\/\/www.sonoraenequipo.com.mx\/estudiantes-y-docentes-presentan-proyectos-en-festival-de-la-lectura-del-creson\/\",\"name\":\"Sonora en Equipo. Estudiantes y docentes presentan proyectos en festival de la lectura del Creson Sonora\",\"isPartOf\":{\"@id\":\"https:\/\/www.sonoraenequipo.com.mx\/#website\"},\"primaryImageOfPage\":{\"@id\":\"https:\/\/www.sonoraenequipo.com.mx\/estudiantes-y-docentes-presentan-proyectos-en-festival-de-la-lectura-del-creson\/#primaryimage\"},\"image\":{\"@id\":\"https:\/\/www.sonoraenequipo.com.mx\/estudiantes-y-docentes-presentan-proyectos-en-festival-de-la-lectura-del-creson\/#primaryimage\"},\"thumbnailUrl\":\"https:\/\/www.sonoraenequipo.com.mx\/storage\/2024\/03\/lectura.jpg\",\"datePublished\":\"2024-03-15T23:00:17+00:00\",\"description\":\"HERMOSILLO, SONORA,MX.\u02d7\u02d7\u02d7 G\u00e9nero y su relaci\u00f3n con la lectura, cuentacuentos y un c\u00edrculo de estudios sobre lengua Yaqui, fueron algunos de los proyectos En Sonora en Equipo publicamos toda la informaci\u00f3n de Sonora, M\u00e9xico y el Mundo de manera oportuna y busca que la libertad de expresi\u00f3n sea real. Visita nuestro medio informativo publicado desde Hermosillo, Sonora. %\",\"breadcrumb\":{\"@id\":\"https:\/\/www.sonoraenequipo.com.mx\/estudiantes-y-docentes-presentan-proyectos-en-festival-de-la-lectura-del-creson\/#breadcrumb\"},\"inLanguage\":\"es\",\"potentialAction\":[{\"@type\":\"ReadAction\",\"target\":[\"https:\/\/www.sonoraenequipo.com.mx\/estudiantes-y-docentes-presentan-proyectos-en-festival-de-la-lectura-del-creson\/\"]}]},{\"@type\":\"ImageObject\",\"inLanguage\":\"es\",\"@id\":\"https:\/\/www.sonoraenequipo.com.mx\/estudiantes-y-docentes-presentan-proyectos-en-festival-de-la-lectura-del-creson\/#primaryimage\",\"url\":\"https:\/\/www.sonoraenequipo.com.mx\/storage\/2024\/03\/lectura.jpg\",\"contentUrl\":\"https:\/\/www.sonoraenequipo.com.mx\/storage\/2024\/03\/lectura.jpg\",\"width\":600,\"height\":450},{\"@type\":\"BreadcrumbList\",\"@id\":\"https:\/\/www.sonoraenequipo.com.mx\/estudiantes-y-docentes-presentan-proyectos-en-festival-de-la-lectura-del-creson\/#breadcrumb\",\"itemListElement\":[{\"@type\":\"ListItem\",\"position\":1,\"name\":\"Portada\",\"item\":\"https:\/\/www.sonoraenequipo.com.mx\/\"},{\"@type\":\"ListItem\",\"position\":2,\"name\":\"Estudiantes y docentes presentan proyectos en festival de la lectura del Creson\"}]},{\"@type\":\"WebSite\",\"@id\":\"https:\/\/www.sonoraenequipo.com.mx\/#website\",\"url\":\"https:\/\/www.sonoraenequipo.com.mx\/\",\"name\":\"Sonora en Equipo.\",\"description\":\"Diario en l\u00ednea con Noticias desde Hermosillo, Sonora\",\"publisher\":{\"@id\":\"https:\/\/www.sonoraenequipo.com.mx\/#organization\"},\"potentialAction\":[{\"@type\":\"SearchAction\",\"target\":{\"@type\":\"EntryPoint\",\"urlTemplate\":\"https:\/\/www.sonoraenequipo.com.mx\/?s={search_term_string}\"},\"query-input\":{\"@type\":\"PropertyValueSpecification\",\"valueRequired\":true,\"valueName\":\"search_term_string\"}}],\"inLanguage\":\"es\"},{\"@type\":\"Organization\",\"@id\":\"https:\/\/www.sonoraenequipo.com.mx\/#organization\",\"name\":\"Sonoraenequipo.com.mx\",\"url\":\"https:\/\/www.sonoraenequipo.com.mx\/\",\"logo\":{\"@type\":\"ImageObject\",\"inLanguage\":\"es\",\"@id\":\"https:\/\/www.sonoraenequipo.com.mx\/#\/schema\/logo\/image\/\",\"url\":\"https:\/\/www.sonoraenequipo.com.mx\/storage\/2019\/01\/sonoraenequipo_opt.png\",\"contentUrl\":\"https:\/\/www.sonoraenequipo.com.mx\/storage\/2019\/01\/sonoraenequipo_opt.png\",\"width\":375,\"height\":125,\"caption\":\"Sonoraenequipo.com.mx\"},\"image\":{\"@id\":\"https:\/\/www.sonoraenequipo.com.mx\/#\/schema\/logo\/image\/\"},\"sameAs\":[\"https:\/\/www.facebook.com\/SonoraEE\/\",\"https:\/\/x.com\/sonoraenequipo\",\"https:\/\/www.youtube.com\/channel\/UC338nW-lPEYmJQs4ZABQ1SQ\"]},{\"@type\":\"Person\",\"@id\":\"https:\/\/www.sonoraenequipo.com.mx\/#\/schema\/person\/50102df0fb23a8fa9e8effad8fa81386\",\"name\":\"enequipo\",\"image\":{\"@type\":\"ImageObject\",\"inLanguage\":\"es\",\"@id\":\"https:\/\/www.sonoraenequipo.com.mx\/#\/schema\/person\/image\/\",\"url\":\"https:\/\/secure.gravatar.com\/avatar\/049821681b589dabc0bc20695993ccebb09f5b5d4d790cd9251b97faac7c652b?s=96&d=blank&r=g\",\"contentUrl\":\"https:\/\/secure.gravatar.com\/avatar\/049821681b589dabc0bc20695993ccebb09f5b5d4d790cd9251b97faac7c652b?s=96&d=blank&r=g\",\"caption\":\"enequipo\"},\"sameAs\":[\"https:\/\/www.facebook.com\/SonoraEE\"]}]}<\/script>\n ","yoast_head_json":{"title":"Sonora en Equipo. Estudiantes y docentes presentan proyectos en festival de la lectura del Creson Sonora","description":"HERMOSILLO, SONORA,MX.\u02d7\u02d7\u02d7 G\u00e9nero y su relaci\u00f3n con la lectura, cuentacuentos y un c\u00edrculo de estudios sobre lengua Yaqui, fueron algunos de los proyectos En Sonora en Equipo publicamos toda la informaci\u00f3n de Sonora, M\u00e9xico y el Mundo de manera oportuna y busca que la libertad de expresi\u00f3n sea real. Visita nuestro medio informativo publicado desde Hermosillo, Sonora. %","robots":{"index":"index","follow":"follow","max-snippet":"max-snippet:-1","max-image-preview":"max-image-preview:large","max-video-preview":"max-video-preview:-1"},"canonical":"https:\/\/www.sonoraenequipo.com.mx\/estudiantes-y-docentes-presentan-proyectos-en-festival-de-la-lectura-del-creson\/","og_locale":"es_ES","og_type":"article","og_title":"Sonora en Equipo. Estudiantes y docentes presentan proyectos en festival de la lectura del Creson Sonora","og_description":"HERMOSILLO, SONORA,MX.\u02d7\u02d7\u02d7 G\u00e9nero y su relaci\u00f3n con la lectura, cuentacuentos y un c\u00edrculo de estudios sobre lengua Yaqui, fueron algunos de los proyectos En Sonora en Equipo publicamos toda la informaci\u00f3n de Sonora, M\u00e9xico y el Mundo de manera oportuna y busca que la libertad de expresi\u00f3n sea real. Visita nuestro medio informativo publicado desde Hermosillo, Sonora. %","og_url":"https:\/\/www.sonoraenequipo.com.mx\/estudiantes-y-docentes-presentan-proyectos-en-festival-de-la-lectura-del-creson\/","og_site_name":"Sonora en Equipo.","article_publisher":"https:\/\/www.facebook.com\/SonoraEE\/","article_author":"https:\/\/www.facebook.com\/SonoraEE","article_published_time":"2024-03-15T23:00:17+00:00","og_image":[{"width":600,"height":450,"url":"https:\/\/www.sonoraenequipo.com.mx\/storage\/2024\/03\/lectura.jpg","type":"image\/jpeg"}],"author":"enequipo","twitter_card":"summary_large_image","twitter_creator":"@sonoraenequipo","twitter_site":"@sonoraenequipo","twitter_misc":{"Escrito por":"enequipo","Tiempo de lectura":"1 minuto"},"schema":{"@context":"https:\/\/schema.org","@graph":[{"@type":"Article","@id":"https:\/\/www.sonoraenequipo.com.mx\/estudiantes-y-docentes-presentan-proyectos-en-festival-de-la-lectura-del-creson\/#article","isPartOf":{"@id":"https:\/\/www.sonoraenequipo.com.mx\/estudiantes-y-docentes-presentan-proyectos-en-festival-de-la-lectura-del-creson\/"},"author":{"name":"enequipo","@id":"https:\/\/www.sonoraenequipo.com.mx\/#\/schema\/person\/50102df0fb23a8fa9e8effad8fa81386"},"headline":"Estudiantes y docentes presentan proyectos en festival de la lectura del Creson","datePublished":"2024-03-15T23:00:17+00:00","mainEntityOfPage":{"@id":"https:\/\/www.sonoraenequipo.com.mx\/estudiantes-y-docentes-presentan-proyectos-en-festival-de-la-lectura-del-creson\/"},"wordCount":268,"commentCount":0,"publisher":{"@id":"https:\/\/www.sonoraenequipo.com.mx\/#organization"},"image":{"@id":"https:\/\/www.sonoraenequipo.com.mx\/estudiantes-y-docentes-presentan-proyectos-en-festival-de-la-lectura-del-creson\/#primaryimage"},"thumbnailUrl":"https:\/\/www.sonoraenequipo.com.mx\/storage\/2024\/03\/lectura.jpg","keywords":["lectura"],"articleSection":["Sonora"],"inLanguage":"es","potentialAction":[{"@type":"CommentAction","name":"Comment","target":["https:\/\/www.sonoraenequipo.com.mx\/estudiantes-y-docentes-presentan-proyectos-en-festival-de-la-lectura-del-creson\/#respond"]}]},{"@type":"WebPage","@id":"https:\/\/www.sonoraenequipo.com.mx\/estudiantes-y-docentes-presentan-proyectos-en-festival-de-la-lectura-del-creson\/","url":"https:\/\/www.sonoraenequipo.com.mx\/estudiantes-y-docentes-presentan-proyectos-en-festival-de-la-lectura-del-creson\/","name":"Sonora en Equipo. Estudiantes y docentes presentan proyectos en festival de la lectura del Creson Sonora","isPartOf":{"@id":"https:\/\/www.sonoraenequipo.com.mx\/#website"},"primaryImageOfPage":{"@id":"https:\/\/www.sonoraenequipo.com.mx\/estudiantes-y-docentes-presentan-proyectos-en-festival-de-la-lectura-del-creson\/#primaryimage"},"image":{"@id":"https:\/\/www.sonoraenequipo.com.mx\/estudiantes-y-docentes-presentan-proyectos-en-festival-de-la-lectura-del-creson\/#primaryimage"},"thumbnailUrl":"https:\/\/www.sonoraenequipo.com.mx\/storage\/2024\/03\/lectura.jpg","datePublished":"2024-03-15T23:00:17+00:00","description":"HERMOSILLO, SONORA,MX.\u02d7\u02d7\u02d7 G\u00e9nero y su relaci\u00f3n con la lectura, cuentacuentos y un c\u00edrculo de estudios sobre lengua Yaqui, fueron algunos de los proyectos En Sonora en Equipo publicamos toda la informaci\u00f3n de Sonora, M\u00e9xico y el Mundo de manera oportuna y busca que la libertad de expresi\u00f3n sea real. Visita nuestro medio informativo publicado desde Hermosillo, Sonora. %","breadcrumb":{"@id":"https:\/\/www.sonoraenequipo.com.mx\/estudiantes-y-docentes-presentan-proyectos-en-festival-de-la-lectura-del-creson\/#breadcrumb"},"inLanguage":"es","potentialAction":[{"@type":"ReadAction","target":["https:\/\/www.sonoraenequipo.com.mx\/estudiantes-y-docentes-presentan-proyectos-en-festival-de-la-lectura-del-creson\/"]}]},{"@type":"ImageObject","inLanguage":"es","@id":"https:\/\/www.sonoraenequipo.com.mx\/estudiantes-y-docentes-presentan-proyectos-en-festival-de-la-lectura-del-creson\/#primaryimage","url":"https:\/\/www.sonoraenequipo.com.mx\/storage\/2024\/03\/lectura.jpg","contentUrl":"https:\/\/www.sonoraenequipo.com.mx\/storage\/2024\/03\/lectura.jpg","width":600,"height":450},{"@type":"BreadcrumbList","@id":"https:\/\/www.sonoraenequipo.com.mx\/estudiantes-y-docentes-presentan-proyectos-en-festival-de-la-lectura-del-creson\/#breadcrumb","itemListElement":[{"@type":"ListItem","position":1,"name":"Portada","item":"https:\/\/www.sonoraenequipo.com.mx\/"},{"@type":"ListItem","position":2,"name":"Estudiantes y docentes presentan proyectos en festival de la lectura del Creson"}]},{"@type":"WebSite","@id":"https:\/\/www.sonoraenequipo.com.mx\/#website","url":"https:\/\/www.sonoraenequipo.com.mx\/","name":"Sonora en Equipo.","description":"Diario en l\u00ednea con Noticias desde Hermosillo, Sonora","publisher":{"@id":"https:\/\/www.sonoraenequipo.com.mx\/#organization"},"potentialAction":[{"@type":"SearchAction","target":{"@type":"EntryPoint","urlTemplate":"https:\/\/www.sonoraenequipo.com.mx\/?s={search_term_string}"},"query-input":{"@type":"PropertyValueSpecification","valueRequired":true,"valueName":"search_term_string"}}],"inLanguage":"es"},{"@type":"Organization","@id":"https:\/\/www.sonoraenequipo.com.mx\/#organization","name":"Sonoraenequipo.com.mx","url":"https:\/\/www.sonoraenequipo.com.mx\/","logo":{"@type":"ImageObject","inLanguage":"es","@id":"https:\/\/www.sonoraenequipo.com.mx\/#\/schema\/logo\/image\/","url":"https:\/\/www.sonoraenequipo.com.mx\/storage\/2019\/01\/sonoraenequipo_opt.png","contentUrl":"https:\/\/www.sonoraenequipo.com.mx\/storage\/2019\/01\/sonoraenequipo_opt.png","width":375,"height":125,"caption":"Sonoraenequipo.com.mx"},"image":{"@id":"https:\/\/www.sonoraenequipo.com.mx\/#\/schema\/logo\/image\/"},"sameAs":["https:\/\/www.facebook.com\/SonoraEE\/","https:\/\/x.com\/sonoraenequipo","https:\/\/www.youtube.com\/channel\/UC338nW-lPEYmJQs4ZABQ1SQ"]},{"@type":"Person","@id":"https:\/\/www.sonoraenequipo.com.mx\/#\/schema\/person\/50102df0fb23a8fa9e8effad8fa81386","name":"enequipo","image":{"@type":"ImageObject","inLanguage":"es","@id":"https:\/\/www.sonoraenequipo.com.mx\/#\/schema\/person\/image\/","url":"https:\/\/secure.gravatar.com\/avatar\/049821681b589dabc0bc20695993ccebb09f5b5d4d790cd9251b97faac7c652b?s=96&d=blank&r=g","contentUrl":"https:\/\/secure.gravatar.com\/avatar\/049821681b589dabc0bc20695993ccebb09f5b5d4d790cd9251b97faac7c652b?s=96&d=blank&r=g","caption":"enequipo"},"sameAs":["https:\/\/www.facebook.com\/SonoraEE"]}]}},"jetpack_featured_media_url":"https:\/\/www.sonoraenequipo.com.mx\/storage\/2024\/03\/lectura.jpg","_links":{"self":[{"href":"https:\/\/www.sonoraenequipo.com.mx\/api\/wp\/v2\/posts\/185532","targetHints":{"allow":["GET"]}}],"collection":[{"href":"https:\/\/www.sonoraenequipo.com.mx\/api\/wp\/v2\/posts"}],"about":[{"href":"https:\/\/www.sonoraenequipo.com.mx\/api\/wp\/v2\/types\/post"}],"author":[{"embeddable":true,"href":"https:\/\/www.sonoraenequipo.com.mx\/api\/wp\/v2\/users\/1"}],"replies":[{"embeddable":true,"href":"https:\/\/www.sonoraenequipo.com.mx\/api\/wp\/v2\/comments?post=185532"}],"version-history":[{"count":1,"href":"https:\/\/www.sonoraenequipo.com.mx\/api\/wp\/v2\/posts\/185532\/revisions"}],"predecessor-version":[{"id":185534,"href":"https:\/\/www.sonoraenequipo.com.mx\/api\/wp\/v2\/posts\/185532\/revisions\/185534"}],"wp:featuredmedia":[{"embeddable":true,"href":"https:\/\/www.sonoraenequipo.com.mx\/api\/wp\/v2\/media\/185533"}],"wp:attachment":[{"href":"https:\/\/www.sonoraenequipo.com.mx\/api\/wp\/v2\/media?parent=185532"}],"wp:term":[{"taxonomy":"category","embeddable":true,"href":"https:\/\/www.sonoraenequipo.com.mx\/api\/wp\/v2\/categories?post=185532"},{"taxonomy":"post_tag","embeddable":true,"href":"https:\/\/www.sonoraenequipo.com.mx\/api\/wp\/v2\/tags?post=185532"}],"curies":[{"name":"wp","href":"https:\/\/api.w.org\/{rel}","templated":true}]}}