{"id":185535,"date":"2024-03-15T16:37:05","date_gmt":"2024-03-15T23:37:05","guid":{"rendered":"https:\/\/www.sonoraenequipo.com.mx\/?p=185535"},"modified":"2024-03-15T16:37:05","modified_gmt":"2024-03-15T23:37:05","slug":"investigadores-de-la-onu-acusan-a-rusia-de-trato-horrible-a-prisioneros-de-guerra-y-civiles-ucranianos","status":"publish","type":"post","link":"https:\/\/www.sonoraenequipo.com.mx\/investigadores-de-la-onu-acusan-a-rusia-de-trato-horrible-a-prisioneros-de-guerra-y-civiles-ucranianos\/","title":{"rendered":"Investigadores de la ONU acusan a Rusia de \u00abtrato horrible\u00bb a prisioneros de guerra y civiles ucranianos"},"content":{"rendered":"<p>Un prisionero de guerra ucraniano llora mientras llama a sus familiares despu\u00e9s de un intercambio de presos en la frontera entre Ucrania y Rusia, el 31 de enero de 2024.<\/p>\n<p>Por Lisa Schlein<\/p>\n<p>Un prisionero de guerra ucraniano llora mientras llama a sus familiares despu\u00e9s de un intercambio de presos en la frontera entre Ucrania y Rusia, el 31 de enero de 2024.<\/p>\n<p>Un prisionero de guerra ucraniano llora mientras llama a sus familiares despu\u00e9s de un intercambio de presos en la frontera entre Ucrania y Rusia, el 31 de enero de 2024.<\/p>\n<p>&nbsp;<\/p>\n<p>&nbsp;<\/p>\n<p>Una comisi\u00f3n avalada por la ONU concluy\u00f3 que las \u00abtorturas\u00bb sufridas por prisioneros de guerra y civiles ucranianos a manos de sus captores rusos son simplemente \u00abhorribles\u00bb. Las autoridades rusas no han contestado nunca a los requerimientos, dijeron los investigadores.<\/p>\n<p>&nbsp;<\/p>\n<p><strong>GINEBRA \u2014 <\/strong>Los investigadores de la ONU han acusado a las autoridades rusas de ignorar los principios b\u00e1sicos de derechos humanos y de causar un sufrimiento indecible a los prisioneros de guerra y civiles ucranianos al someterlos a un trato atroz.<\/p>\n<p>&nbsp;<\/p>\n<p>La Comisi\u00f3n Internacional Independiente de Investigaci\u00f3n sobre Ucrania present\u00f3 esta semana su \u00faltimo informe al Consejo de Derechos Humanos de la ONU. Los investigadores presentaron un relato desgarrador de \u201cviolaciones de los derechos humanos internacionales y del derecho internacional humanitario, y los correspondientes cr\u00edmenes de guerra\u201d, cometidos por Rusia en \u00e1reas ucranianas bajo su control.<\/p>\n<p>&nbsp;<\/p>\n<p>En una conferencia de prensa este viernes en Ginebra, el presidente de la Comisi\u00f3n, Erik Mose, dijo que el informe se centra en la tortura contra prisioneros de guerra ucranianos y describe el \u201ctrato horrible\u201d a esos prisioneros en varios centros de detenci\u00f3n en la Federaci\u00f3n Rusa.<\/p>\n<p>&nbsp;<\/p>\n<p>Mose dijo que las nuevas pruebas \u201cfortalecen las conclusiones anteriores de la comisi\u00f3n de que la tortura utilizada por las autoridades rusas en Ucrania y la Federaci\u00f3n Rusa ha sido generalizada y sistem\u00e1tica.<\/p>\n<p>&nbsp;<\/p>\n<p>El canciller ucraniano, Dmytro Kuleba, habla ante la Asamlea General de la ONU durante una sesi\u00f3n antes del segundo aniversario de la invasi\u00f3n de Rusia a Ucrania, el 23 de febrero de 2024.<\/p>\n<p>Los relatos de las v\u00edctimas revelan un trato brutal e implacable que les inflige dolor y sufrimiento intensos durante una detenci\u00f3n prolongada con un flagrante desprecio por la dignidad humana. Esto ha provocado un trauma f\u00edsico y mental duradero\u201d.<\/p>\n<p>&nbsp;<\/p>\n<p>El presidente de la Comisi\u00f3n tambi\u00e9n explic\u00f3 a los periodistas que las autoridades rusas recibieron el informe y tuvieron la oportunidad de comentar sobre el borrador.<\/p>\n<p>&nbsp;<\/p>\n<p>\u00abHemos observado con pesar que los rusos no han respondido a ninguno de los borradores que les hemos enviado durante este per\u00edodo de informe, ni lo han hecho esta vez\u00bb, dijo Mose.<\/p>\n<p>&nbsp;<\/p>\n<p>La comisi\u00f3n presentar\u00e1 oficialmente el informe el lunes en una reuni\u00f3n del Consejo de Derechos Humanos de la ONU. Rusia tiene derecho a responder, pero a menudo ha boicoteado este tipo de m\u00edtines en el pasado.<\/p>\n<p>&nbsp;<\/p>\n<p>El informe cubre el per\u00edodo comprendido entre abril de 2023 y marzo de 2024. Durante ese tiempo, la comisi\u00f3n viaj\u00f3 a Ucrania 16 veces, visit\u00f3 34 asentamientos en nueve provincias y entrevist\u00f3 a 816 personas.<\/p>\n<p>&nbsp;<\/p>\n<p>Denuncias de tortura<\/p>\n<p>Mose dijo que la comisi\u00f3n examin\u00f3 informes cre\u00edbles sobre torturas en 11 centros de detenci\u00f3n, 7 en \u00e1reas bajo control ruso en Ucrania y 4 en la Federaci\u00f3n Rusa.<\/p>\n<p>&nbsp;<\/p>\n<p>Denunci\u00f3 que los prisioneros de guerra en los centros fueron sometidos \u201ca golpizas, abuso verbal y dispositivos electr\u00f3nicos utilizados para algunas partes del cuerpo\u201d, y a\u00f1adi\u00f3 que la imagen que surge de la forma en que fueron tratados durante largos per\u00edodos de tiempo \u201cnos permite utilizar la palabra horrible\u201d.<\/p>\n<p>&nbsp;<\/p>\n<p>El informe documenta incidentes de violaci\u00f3n y otros tipos de violencia sexual cometidos contra mujeres \u201cen circunstancias que tambi\u00e9n constituyen tortura\u201d. Tambi\u00e9n detalla incidentes de tortura con \u201cuna dimensi\u00f3n sexualizada\u201d y amenazas de violaci\u00f3n contra prisioneros de guerra varones, bajo el control de guardias penitenciarios.<\/p>\n<p>&nbsp;<\/p>\n<p>Vrinda Grover, miembro de la comisi\u00f3n, dijo que \u00abtambi\u00e9n hubo incidentes en los que se tocaron ciertas partes del cuerpo de prisioneros varones, lo que se consider\u00f3 muy humillante\u00bb.<\/p>\n<p>&nbsp;<\/p>\n<p>La comisi\u00f3n encontr\u00f3 que los soldados rusos violaron y agredieron sexualmente a ni\u00f1as y a mujeres, todas comprendidas entre 15 y 83 a\u00f1os de edad, generalmente durante registros domiciliarios \u00aben presencia de familiares\u00bb.<\/p>\n<p>&nbsp;<\/p>\n<p>\u00abEstas son violaciones de los derechos humanos internacionales, as\u00ed como el crimen de guerra de la violaci\u00f3n y la violencia sexual\u00bb, afirm\u00f3.<\/p>\n<p>&nbsp;<\/p>\n<p>Mari\u00fapol<\/p>\n<p>El informe tambi\u00e9n eval\u00faa el grave impacto sobre los civiles de los combates en el asedio de tres meses de Mari\u00fapol, que comenz\u00f3 el d\u00eda que Rusia invadi\u00f3 Ucrania, el 24 de febrero de 2022.<\/p>\n<p>&nbsp;<\/p>\n<p>\u201cLos residentes describen un sufrimiento insoportable durante los incesantes bombardeos a\u00e9reos y de artiller\u00eda, que causaron muertes, heridos y destrucci\u00f3n a gran escala\u201d, dijo Mose.<\/p>\n<p>&nbsp;<\/p>\n<p>Las personas entrevistadas, afirm\u00f3 el investigador, recordaban haber visto grandes cantidades de cad\u00e1veres en las calles.<\/p>\n<p>&nbsp;<\/p>\n<p>\u00abUna mujer que huy\u00f3 a pie a un pueblo vecino lo llam\u00f3 el camino de la muerte, expresando el sentimiento generalizado de miedo\u00bb, dijo.<\/p>\n<p>&nbsp;<\/p>\n<p>Por primera vez, la comisi\u00f3n ha documentado ataques de las autoridades rusas que afectan a bienes culturales y la incautaci\u00f3n de objetos de esta procedencia. En un caso, dice que las autoridades rusas transfirieron objetos del Museo de Arte Regional de Jers\u00f3n a la Rep\u00fablica Aut\u00f3noma de Crimea.<\/p>\n<p>&nbsp;<\/p>\n<p>\u00abLa comisi\u00f3n ha llegado a la conclusi\u00f3n de que las autoridades rusas violaron el derecho internacional humanitario relacionado con los bienes culturales y cometieron el crimen de guerra de apoderarse de los bienes del enemigo\u00bb, se\u00f1al\u00f3 Grover.<\/p>\n<p>&nbsp;<\/p>\n<p>Una de las cuestiones m\u00e1s emotivas que enfrenta el pueblo ucraniano es el traslado forzoso de ni\u00f1os ucranianos por parte de Rusia a zonas bajo su control. El gobierno ucraniano estima que unos 20.000 ni\u00f1os han sido llevados de Ucrania a Rusia, concedi\u00e9ndoles la ciudadan\u00eda rusa y puestos en adopci\u00f3n por familias rusas.<\/p>\n<p>&nbsp;<\/p>\n<p>La comisi\u00f3n dice que sus investigaciones encontraron \u00abpruebas adicionales sobre el traslado ilegal de ni\u00f1os a \u00e1reas bajo control ruso\u00bb. En su informe actual, la comisi\u00f3n se centra en el caso de un grupo de 46 ni\u00f1os ucranianos del Hogar Infantil Regional de Jers\u00f3n en Crimea, \u201cpor orden de las autoridades rusas, el 21 de octubre de 2022\u201d.<\/p>\n<p>&nbsp;<\/p>\n<p>La comisi\u00f3n concluy\u00f3 que el traslado a Crimea \u201cno fue temporal y por lo tanto equivale al crimen de guerra de traslado ilegal\u201d, sentenci\u00f3 Grover.<\/p>\n<p><strong><em><u>Fecha de publicaci\u00f3n<\/u><\/em><\/strong><strong><em><u> viernes 15 de marzo de 2024 VOA<\/u><\/em><\/strong><\/p>\n<p>&nbsp;<\/p>\n<p>&nbsp;<\/p>\n<p>&nbsp;<\/p>\n<p>&nbsp;<\/p>\n","protected":false},"excerpt":{"rendered":"<p>Un prisionero de guerra ucraniano llora mientras llama a sus familiares despu\u00e9s de un intercambio&#8230;<\/p>\n","protected":false},"author":1,"featured_media":185536,"comment_status":"open","ping_status":"open","sticky":false,"template":"","format":"standard","meta":{"_monsterinsights_skip_tracking":false,"_monsterinsights_sitenote_active":false,"_monsterinsights_sitenote_note":"","_monsterinsights_sitenote_category":0,"footnotes":""},"categories":[3],"tags":[6843],"class_list":["post"],"yoast_head":" \n<title>Sonora en Equipo. Investigadores de la ONU acusan a Rusia de &quot;trato horrible&quot; a prisioneros de guerra y civiles ucranianos MUNDO<\/title>\n<meta name=\"description\" content=\"Un prisionero de guerra ucraniano llora mientras llama a sus familiares despu\u00e9s de un intercambio de presos en la frontera entre Ucrania y Rusia, el 31 de En Sonora en Equipo publicamos toda la informaci\u00f3n de Sonora, M\u00e9xico y el Mundo de manera oportuna y busca que la libertad de expresi\u00f3n sea real. Visita nuestro medio informativo publicado desde Hermosillo, Sonora. %\" \/>\n<meta name=\"robots\" content=\"index, follow, max-snippet:-1, max-image-preview:large, max-video-preview:-1\" \/>\n<link rel=\"canonical\" href=\"https:\/\/www.sonoraenequipo.com.mx\/investigadores-de-la-onu-acusan-a-rusia-de-trato-horrible-a-prisioneros-de-guerra-y-civiles-ucranianos\/\" \/>\n<meta property=\"og:locale\" content=\"es_ES\" \/>\n<meta property=\"og:type\" content=\"article\" \/>\n<meta property=\"og:title\" content=\"Sonora en Equipo. Investigadores de la ONU acusan a Rusia de &quot;trato horrible&quot; a prisioneros de guerra y civiles ucranianos MUNDO\" \/>\n<meta property=\"og:description\" content=\"Un prisionero de guerra ucraniano llora mientras llama a sus familiares despu\u00e9s de un intercambio de presos en la frontera entre Ucrania y Rusia, el 31 de En Sonora en Equipo publicamos toda la informaci\u00f3n de Sonora, M\u00e9xico y el Mundo de manera oportuna y busca que la libertad de expresi\u00f3n sea real. Visita nuestro medio informativo publicado desde Hermosillo, Sonora. %\" \/>\n<meta property=\"og:url\" content=\"https:\/\/www.sonoraenequipo.com.mx\/investigadores-de-la-onu-acusan-a-rusia-de-trato-horrible-a-prisioneros-de-guerra-y-civiles-ucranianos\/\" \/>\n<meta property=\"og:site_name\" content=\"Sonora en Equipo.\" \/>\n<meta property=\"article:publisher\" content=\"https:\/\/www.facebook.com\/SonoraEE\/\" \/>\n<meta property=\"article:author\" content=\"https:\/\/www.facebook.com\/SonoraEE\" \/>\n<meta property=\"article:published_time\" content=\"2024-03-15T23:37:05+00:00\" \/>\n<meta property=\"og:image\" content=\"https:\/\/www.sonoraenequipo.com.mx\/storage\/2024\/03\/prisionero.jpg\" \/>\n\t<meta property=\"og:image:width\" content=\"600\" \/>\n\t<meta property=\"og:image:height\" content=\"400\" \/>\n\t<meta property=\"og:image:type\" content=\"image\/jpeg\" \/>\n<meta name=\"author\" content=\"enequipo\" \/>\n<meta name=\"twitter:card\" content=\"summary_large_image\" \/>\n<meta name=\"twitter:creator\" content=\"@sonoraenequipo\" \/>\n<meta name=\"twitter:site\" content=\"@sonoraenequipo\" \/>\n<meta name=\"twitter:label1\" content=\"Escrito por\" \/>\n\t<meta name=\"twitter:data1\" content=\"enequipo\" \/>\n\t<meta name=\"twitter:label2\" content=\"Tiempo de lectura\" \/>\n\t<meta name=\"twitter:data2\" content=\"6 minutos\" \/>\n<script type=\"application\/ld+json\" class=\"yoast-schema-graph\">{\"@context\":\"https:\/\/schema.org\",\"@graph\":[{\"@type\":\"Article\",\"@id\":\"https:\/\/www.sonoraenequipo.com.mx\/investigadores-de-la-onu-acusan-a-rusia-de-trato-horrible-a-prisioneros-de-guerra-y-civiles-ucranianos\/#article\",\"isPartOf\":{\"@id\":\"https:\/\/www.sonoraenequipo.com.mx\/investigadores-de-la-onu-acusan-a-rusia-de-trato-horrible-a-prisioneros-de-guerra-y-civiles-ucranianos\/\"},\"author\":{\"name\":\"enequipo\",\"@id\":\"https:\/\/www.sonoraenequipo.com.mx\/#\/schema\/person\/50102df0fb23a8fa9e8effad8fa81386\"},\"headline\":\"Investigadores de la ONU acusan a Rusia de \u00abtrato horrible\u00bb a prisioneros de guerra y civiles ucranianos\",\"datePublished\":\"2024-03-15T23:37:05+00:00\",\"mainEntityOfPage\":{\"@id\":\"https:\/\/www.sonoraenequipo.com.mx\/investigadores-de-la-onu-acusan-a-rusia-de-trato-horrible-a-prisioneros-de-guerra-y-civiles-ucranianos\/\"},\"wordCount\":1147,\"commentCount\":0,\"publisher\":{\"@id\":\"https:\/\/www.sonoraenequipo.com.mx\/#organization\"},\"image\":{\"@id\":\"https:\/\/www.sonoraenequipo.com.mx\/investigadores-de-la-onu-acusan-a-rusia-de-trato-horrible-a-prisioneros-de-guerra-y-civiles-ucranianos\/#primaryimage\"},\"thumbnailUrl\":\"https:\/\/www.sonoraenequipo.com.mx\/storage\/2024\/03\/prisionero.jpg\",\"keywords\":[\"guerra rusia ucrania\"],\"articleSection\":[\"MUNDO\"],\"inLanguage\":\"es\",\"potentialAction\":[{\"@type\":\"CommentAction\",\"name\":\"Comment\",\"target\":[\"https:\/\/www.sonoraenequipo.com.mx\/investigadores-de-la-onu-acusan-a-rusia-de-trato-horrible-a-prisioneros-de-guerra-y-civiles-ucranianos\/#respond\"]}]},{\"@type\":\"WebPage\",\"@id\":\"https:\/\/www.sonoraenequipo.com.mx\/investigadores-de-la-onu-acusan-a-rusia-de-trato-horrible-a-prisioneros-de-guerra-y-civiles-ucranianos\/\",\"url\":\"https:\/\/www.sonoraenequipo.com.mx\/investigadores-de-la-onu-acusan-a-rusia-de-trato-horrible-a-prisioneros-de-guerra-y-civiles-ucranianos\/\",\"name\":\"Sonora en Equipo. Investigadores de la ONU acusan a Rusia de \\\"trato horrible\\\" a prisioneros de guerra y civiles ucranianos MUNDO\",\"isPartOf\":{\"@id\":\"https:\/\/www.sonoraenequipo.com.mx\/#website\"},\"primaryImageOfPage\":{\"@id\":\"https:\/\/www.sonoraenequipo.com.mx\/investigadores-de-la-onu-acusan-a-rusia-de-trato-horrible-a-prisioneros-de-guerra-y-civiles-ucranianos\/#primaryimage\"},\"image\":{\"@id\":\"https:\/\/www.sonoraenequipo.com.mx\/investigadores-de-la-onu-acusan-a-rusia-de-trato-horrible-a-prisioneros-de-guerra-y-civiles-ucranianos\/#primaryimage\"},\"thumbnailUrl\":\"https:\/\/www.sonoraenequipo.com.mx\/storage\/2024\/03\/prisionero.jpg\",\"datePublished\":\"2024-03-15T23:37:05+00:00\",\"description\":\"Un prisionero de guerra ucraniano llora mientras llama a sus familiares despu\u00e9s de un intercambio de presos en la frontera entre Ucrania y Rusia, el 31 de En Sonora en Equipo publicamos toda la informaci\u00f3n de Sonora, M\u00e9xico y el Mundo de manera oportuna y busca que la libertad de expresi\u00f3n sea real. Visita nuestro medio informativo publicado desde Hermosillo, Sonora. %\",\"breadcrumb\":{\"@id\":\"https:\/\/www.sonoraenequipo.com.mx\/investigadores-de-la-onu-acusan-a-rusia-de-trato-horrible-a-prisioneros-de-guerra-y-civiles-ucranianos\/#breadcrumb\"},\"inLanguage\":\"es\",\"potentialAction\":[{\"@type\":\"ReadAction\",\"target\":[\"https:\/\/www.sonoraenequipo.com.mx\/investigadores-de-la-onu-acusan-a-rusia-de-trato-horrible-a-prisioneros-de-guerra-y-civiles-ucranianos\/\"]}]},{\"@type\":\"ImageObject\",\"inLanguage\":\"es\",\"@id\":\"https:\/\/www.sonoraenequipo.com.mx\/investigadores-de-la-onu-acusan-a-rusia-de-trato-horrible-a-prisioneros-de-guerra-y-civiles-ucranianos\/#primaryimage\",\"url\":\"https:\/\/www.sonoraenequipo.com.mx\/storage\/2024\/03\/prisionero.jpg\",\"contentUrl\":\"https:\/\/www.sonoraenequipo.com.mx\/storage\/2024\/03\/prisionero.jpg\",\"width\":600,\"height\":400,\"caption\":\"Un prisionero de guerra ucraniano llora mientras llama a sus familiares despu\u00e9s de un intercambio de presos en la frontera entre Ucrania y Rusia, el 31 de enero de 2024. Foto: AP\"},{\"@type\":\"BreadcrumbList\",\"@id\":\"https:\/\/www.sonoraenequipo.com.mx\/investigadores-de-la-onu-acusan-a-rusia-de-trato-horrible-a-prisioneros-de-guerra-y-civiles-ucranianos\/#breadcrumb\",\"itemListElement\":[{\"@type\":\"ListItem\",\"position\":1,\"name\":\"Portada\",\"item\":\"https:\/\/www.sonoraenequipo.com.mx\/\"},{\"@type\":\"ListItem\",\"position\":2,\"name\":\"Investigadores de la ONU acusan a Rusia de \u00abtrato horrible\u00bb a prisioneros de guerra y civiles ucranianos\"}]},{\"@type\":\"WebSite\",\"@id\":\"https:\/\/www.sonoraenequipo.com.mx\/#website\",\"url\":\"https:\/\/www.sonoraenequipo.com.mx\/\",\"name\":\"Sonora en Equipo.\",\"description\":\"Diario en l\u00ednea con Noticias desde Hermosillo, Sonora\",\"publisher\":{\"@id\":\"https:\/\/www.sonoraenequipo.com.mx\/#organization\"},\"potentialAction\":[{\"@type\":\"SearchAction\",\"target\":{\"@type\":\"EntryPoint\",\"urlTemplate\":\"https:\/\/www.sonoraenequipo.com.mx\/?s={search_term_string}\"},\"query-input\":{\"@type\":\"PropertyValueSpecification\",\"valueRequired\":true,\"valueName\":\"search_term_string\"}}],\"inLanguage\":\"es\"},{\"@type\":\"Organization\",\"@id\":\"https:\/\/www.sonoraenequipo.com.mx\/#organization\",\"name\":\"Sonoraenequipo.com.mx\",\"url\":\"https:\/\/www.sonoraenequipo.com.mx\/\",\"logo\":{\"@type\":\"ImageObject\",\"inLanguage\":\"es\",\"@id\":\"https:\/\/www.sonoraenequipo.com.mx\/#\/schema\/logo\/image\/\",\"url\":\"https:\/\/www.sonoraenequipo.com.mx\/storage\/2019\/01\/sonoraenequipo_opt.png\",\"contentUrl\":\"https:\/\/www.sonoraenequipo.com.mx\/storage\/2019\/01\/sonoraenequipo_opt.png\",\"width\":375,\"height\":125,\"caption\":\"Sonoraenequipo.com.mx\"},\"image\":{\"@id\":\"https:\/\/www.sonoraenequipo.com.mx\/#\/schema\/logo\/image\/\"},\"sameAs\":[\"https:\/\/www.facebook.com\/SonoraEE\/\",\"https:\/\/x.com\/sonoraenequipo\",\"https:\/\/www.youtube.com\/channel\/UC338nW-lPEYmJQs4ZABQ1SQ\"]},{\"@type\":\"Person\",\"@id\":\"https:\/\/www.sonoraenequipo.com.mx\/#\/schema\/person\/50102df0fb23a8fa9e8effad8fa81386\",\"name\":\"enequipo\",\"image\":{\"@type\":\"ImageObject\",\"inLanguage\":\"es\",\"@id\":\"https:\/\/www.sonoraenequipo.com.mx\/#\/schema\/person\/image\/\",\"url\":\"https:\/\/secure.gravatar.com\/avatar\/049821681b589dabc0bc20695993ccebb09f5b5d4d790cd9251b97faac7c652b?s=96&d=blank&r=g\",\"contentUrl\":\"https:\/\/secure.gravatar.com\/avatar\/049821681b589dabc0bc20695993ccebb09f5b5d4d790cd9251b97faac7c652b?s=96&d=blank&r=g\",\"caption\":\"enequipo\"},\"sameAs\":[\"https:\/\/www.facebook.com\/SonoraEE\"]}]}<\/script>\n ","yoast_head_json":{"title":"Sonora en Equipo. Investigadores de la ONU acusan a Rusia de \"trato horrible\" a prisioneros de guerra y civiles ucranianos MUNDO","description":"Un prisionero de guerra ucraniano llora mientras llama a sus familiares despu\u00e9s de un intercambio de presos en la frontera entre Ucrania y Rusia, el 31 de En Sonora en Equipo publicamos toda la informaci\u00f3n de Sonora, M\u00e9xico y el Mundo de manera oportuna y busca que la libertad de expresi\u00f3n sea real. Visita nuestro medio informativo publicado desde Hermosillo, Sonora. %","robots":{"index":"index","follow":"follow","max-snippet":"max-snippet:-1","max-image-preview":"max-image-preview:large","max-video-preview":"max-video-preview:-1"},"canonical":"https:\/\/www.sonoraenequipo.com.mx\/investigadores-de-la-onu-acusan-a-rusia-de-trato-horrible-a-prisioneros-de-guerra-y-civiles-ucranianos\/","og_locale":"es_ES","og_type":"article","og_title":"Sonora en Equipo. Investigadores de la ONU acusan a Rusia de \"trato horrible\" a prisioneros de guerra y civiles ucranianos MUNDO","og_description":"Un prisionero de guerra ucraniano llora mientras llama a sus familiares despu\u00e9s de un intercambio de presos en la frontera entre Ucrania y Rusia, el 31 de En Sonora en Equipo publicamos toda la informaci\u00f3n de Sonora, M\u00e9xico y el Mundo de manera oportuna y busca que la libertad de expresi\u00f3n sea real. Visita nuestro medio informativo publicado desde Hermosillo, Sonora. %","og_url":"https:\/\/www.sonoraenequipo.com.mx\/investigadores-de-la-onu-acusan-a-rusia-de-trato-horrible-a-prisioneros-de-guerra-y-civiles-ucranianos\/","og_site_name":"Sonora en Equipo.","article_publisher":"https:\/\/www.facebook.com\/SonoraEE\/","article_author":"https:\/\/www.facebook.com\/SonoraEE","article_published_time":"2024-03-15T23:37:05+00:00","og_image":[{"width":600,"height":400,"url":"https:\/\/www.sonoraenequipo.com.mx\/storage\/2024\/03\/prisionero.jpg","type":"image\/jpeg"}],"author":"enequipo","twitter_card":"summary_large_image","twitter_creator":"@sonoraenequipo","twitter_site":"@sonoraenequipo","twitter_misc":{"Escrito por":"enequipo","Tiempo de lectura":"6 minutos"},"schema":{"@context":"https:\/\/schema.org","@graph":[{"@type":"Article","@id":"https:\/\/www.sonoraenequipo.com.mx\/investigadores-de-la-onu-acusan-a-rusia-de-trato-horrible-a-prisioneros-de-guerra-y-civiles-ucranianos\/#article","isPartOf":{"@id":"https:\/\/www.sonoraenequipo.com.mx\/investigadores-de-la-onu-acusan-a-rusia-de-trato-horrible-a-prisioneros-de-guerra-y-civiles-ucranianos\/"},"author":{"name":"enequipo","@id":"https:\/\/www.sonoraenequipo.com.mx\/#\/schema\/person\/50102df0fb23a8fa9e8effad8fa81386"},"headline":"Investigadores de la ONU acusan a Rusia de \u00abtrato horrible\u00bb a prisioneros de guerra y civiles ucranianos","datePublished":"2024-03-15T23:37:05+00:00","mainEntityOfPage":{"@id":"https:\/\/www.sonoraenequipo.com.mx\/investigadores-de-la-onu-acusan-a-rusia-de-trato-horrible-a-prisioneros-de-guerra-y-civiles-ucranianos\/"},"wordCount":1147,"commentCount":0,"publisher":{"@id":"https:\/\/www.sonoraenequipo.com.mx\/#organization"},"image":{"@id":"https:\/\/www.sonoraenequipo.com.mx\/investigadores-de-la-onu-acusan-a-rusia-de-trato-horrible-a-prisioneros-de-guerra-y-civiles-ucranianos\/#primaryimage"},"thumbnailUrl":"https:\/\/www.sonoraenequipo.com.mx\/storage\/2024\/03\/prisionero.jpg","keywords":["guerra rusia ucrania"],"articleSection":["MUNDO"],"inLanguage":"es","potentialAction":[{"@type":"CommentAction","name":"Comment","target":["https:\/\/www.sonoraenequipo.com.mx\/investigadores-de-la-onu-acusan-a-rusia-de-trato-horrible-a-prisioneros-de-guerra-y-civiles-ucranianos\/#respond"]}]},{"@type":"WebPage","@id":"https:\/\/www.sonoraenequipo.com.mx\/investigadores-de-la-onu-acusan-a-rusia-de-trato-horrible-a-prisioneros-de-guerra-y-civiles-ucranianos\/","url":"https:\/\/www.sonoraenequipo.com.mx\/investigadores-de-la-onu-acusan-a-rusia-de-trato-horrible-a-prisioneros-de-guerra-y-civiles-ucranianos\/","name":"Sonora en Equipo. Investigadores de la ONU acusan a Rusia de \"trato horrible\" a prisioneros de guerra y civiles ucranianos MUNDO","isPartOf":{"@id":"https:\/\/www.sonoraenequipo.com.mx\/#website"},"primaryImageOfPage":{"@id":"https:\/\/www.sonoraenequipo.com.mx\/investigadores-de-la-onu-acusan-a-rusia-de-trato-horrible-a-prisioneros-de-guerra-y-civiles-ucranianos\/#primaryimage"},"image":{"@id":"https:\/\/www.sonoraenequipo.com.mx\/investigadores-de-la-onu-acusan-a-rusia-de-trato-horrible-a-prisioneros-de-guerra-y-civiles-ucranianos\/#primaryimage"},"thumbnailUrl":"https:\/\/www.sonoraenequipo.com.mx\/storage\/2024\/03\/prisionero.jpg","datePublished":"2024-03-15T23:37:05+00:00","description":"Un prisionero de guerra ucraniano llora mientras llama a sus familiares despu\u00e9s de un intercambio de presos en la frontera entre Ucrania y Rusia, el 31 de En Sonora en Equipo publicamos toda la informaci\u00f3n de Sonora, M\u00e9xico y el Mundo de manera oportuna y busca que la libertad de expresi\u00f3n sea real. Visita nuestro medio informativo publicado desde Hermosillo, Sonora. %","breadcrumb":{"@id":"https:\/\/www.sonoraenequipo.com.mx\/investigadores-de-la-onu-acusan-a-rusia-de-trato-horrible-a-prisioneros-de-guerra-y-civiles-ucranianos\/#breadcrumb"},"inLanguage":"es","potentialAction":[{"@type":"ReadAction","target":["https:\/\/www.sonoraenequipo.com.mx\/investigadores-de-la-onu-acusan-a-rusia-de-trato-horrible-a-prisioneros-de-guerra-y-civiles-ucranianos\/"]}]},{"@type":"ImageObject","inLanguage":"es","@id":"https:\/\/www.sonoraenequipo.com.mx\/investigadores-de-la-onu-acusan-a-rusia-de-trato-horrible-a-prisioneros-de-guerra-y-civiles-ucranianos\/#primaryimage","url":"https:\/\/www.sonoraenequipo.com.mx\/storage\/2024\/03\/prisionero.jpg","contentUrl":"https:\/\/www.sonoraenequipo.com.mx\/storage\/2024\/03\/prisionero.jpg","width":600,"height":400,"caption":"Un prisionero de guerra ucraniano llora mientras llama a sus familiares despu\u00e9s de un intercambio de presos en la frontera entre Ucrania y Rusia, el 31 de enero de 2024. Foto: AP"},{"@type":"BreadcrumbList","@id":"https:\/\/www.sonoraenequipo.com.mx\/investigadores-de-la-onu-acusan-a-rusia-de-trato-horrible-a-prisioneros-de-guerra-y-civiles-ucranianos\/#breadcrumb","itemListElement":[{"@type":"ListItem","position":1,"name":"Portada","item":"https:\/\/www.sonoraenequipo.com.mx\/"},{"@type":"ListItem","position":2,"name":"Investigadores de la ONU acusan a Rusia de \u00abtrato horrible\u00bb a prisioneros de guerra y civiles ucranianos"}]},{"@type":"WebSite","@id":"https:\/\/www.sonoraenequipo.com.mx\/#website","url":"https:\/\/www.sonoraenequipo.com.mx\/","name":"Sonora en Equipo.","description":"Diario en l\u00ednea con Noticias desde Hermosillo, Sonora","publisher":{"@id":"https:\/\/www.sonoraenequipo.com.mx\/#organization"},"potentialAction":[{"@type":"SearchAction","target":{"@type":"EntryPoint","urlTemplate":"https:\/\/www.sonoraenequipo.com.mx\/?s={search_term_string}"},"query-input":{"@type":"PropertyValueSpecification","valueRequired":true,"valueName":"search_term_string"}}],"inLanguage":"es"},{"@type":"Organization","@id":"https:\/\/www.sonoraenequipo.com.mx\/#organization","name":"Sonoraenequipo.com.mx","url":"https:\/\/www.sonoraenequipo.com.mx\/","logo":{"@type":"ImageObject","inLanguage":"es","@id":"https:\/\/www.sonoraenequipo.com.mx\/#\/schema\/logo\/image\/","url":"https:\/\/www.sonoraenequipo.com.mx\/storage\/2019\/01\/sonoraenequipo_opt.png","contentUrl":"https:\/\/www.sonoraenequipo.com.mx\/storage\/2019\/01\/sonoraenequipo_opt.png","width":375,"height":125,"caption":"Sonoraenequipo.com.mx"},"image":{"@id":"https:\/\/www.sonoraenequipo.com.mx\/#\/schema\/logo\/image\/"},"sameAs":["https:\/\/www.facebook.com\/SonoraEE\/","https:\/\/x.com\/sonoraenequipo","https:\/\/www.youtube.com\/channel\/UC338nW-lPEYmJQs4ZABQ1SQ"]},{"@type":"Person","@id":"https:\/\/www.sonoraenequipo.com.mx\/#\/schema\/person\/50102df0fb23a8fa9e8effad8fa81386","name":"enequipo","image":{"@type":"ImageObject","inLanguage":"es","@id":"https:\/\/www.sonoraenequipo.com.mx\/#\/schema\/person\/image\/","url":"https:\/\/secure.gravatar.com\/avatar\/049821681b589dabc0bc20695993ccebb09f5b5d4d790cd9251b97faac7c652b?s=96&d=blank&r=g","contentUrl":"https:\/\/secure.gravatar.com\/avatar\/049821681b589dabc0bc20695993ccebb09f5b5d4d790cd9251b97faac7c652b?s=96&d=blank&r=g","caption":"enequipo"},"sameAs":["https:\/\/www.facebook.com\/SonoraEE"]}]}},"jetpack_featured_media_url":"https:\/\/www.sonoraenequipo.com.mx\/storage\/2024\/03\/prisionero.jpg","_links":{"self":[{"href":"https:\/\/www.sonoraenequipo.com.mx\/api\/wp\/v2\/posts\/185535","targetHints":{"allow":["GET"]}}],"collection":[{"href":"https:\/\/www.sonoraenequipo.com.mx\/api\/wp\/v2\/posts"}],"about":[{"href":"https:\/\/www.sonoraenequipo.com.mx\/api\/wp\/v2\/types\/post"}],"author":[{"embeddable":true,"href":"https:\/\/www.sonoraenequipo.com.mx\/api\/wp\/v2\/users\/1"}],"replies":[{"embeddable":true,"href":"https:\/\/www.sonoraenequipo.com.mx\/api\/wp\/v2\/comments?post=185535"}],"version-history":[{"count":1,"href":"https:\/\/www.sonoraenequipo.com.mx\/api\/wp\/v2\/posts\/185535\/revisions"}],"predecessor-version":[{"id":185537,"href":"https:\/\/www.sonoraenequipo.com.mx\/api\/wp\/v2\/posts\/185535\/revisions\/185537"}],"wp:featuredmedia":[{"embeddable":true,"href":"https:\/\/www.sonoraenequipo.com.mx\/api\/wp\/v2\/media\/185536"}],"wp:attachment":[{"href":"https:\/\/www.sonoraenequipo.com.mx\/api\/wp\/v2\/media?parent=185535"}],"wp:term":[{"taxonomy":"category","embeddable":true,"href":"https:\/\/www.sonoraenequipo.com.mx\/api\/wp\/v2\/categories?post=185535"},{"taxonomy":"post_tag","embeddable":true,"href":"https:\/\/www.sonoraenequipo.com.mx\/api\/wp\/v2\/tags?post=185535"}],"curies":[{"name":"wp","href":"https:\/\/api.w.org\/{rel}","templated":true}]}}