{"id":185561,"date":"2024-03-15T20:31:40","date_gmt":"2024-03-16T03:31:40","guid":{"rendered":"https:\/\/www.sonoraenequipo.com.mx\/?p=185561"},"modified":"2024-03-15T20:31:43","modified_gmt":"2024-03-16T03:31:43","slug":"rechaza-fiscal-de-guerrero-abandonar-su-cargo","status":"publish","type":"post","link":"https:\/\/www.sonoraenequipo.com.mx\/rechaza-fiscal-de-guerrero-abandonar-su-cargo\/","title":{"rendered":"Rechaza fiscal de Guerrero abandonar su cargo"},"content":{"rendered":"<p><strong>CHILPANCINGO, GUERRERO.MX. \u2014<\/strong> Sandra Luz Valdovinos Salmer\u00f3n, fiscal general del Estado de Guerrero, rechaz\u00f3 la petici\u00f3n de la gobernadora Evelyn Salgado Pineda para removerla del cargo \u201cpara m\u00ed remoci\u00f3n del cargo, se deber\u00e1n agotar los procedimientos constitucionales y legales que para tal efecto se han establecido, los cuales me permiten ejercer la garant\u00eda de audiencia y debida defensa\u201d.<\/p>\n<p>&nbsp;<\/p>\n<p> <\/p>\n<p>Esta tarde la fiscal\u00eda de Guerrero, difundi\u00f3 un comunicado de prensa en el que se\u00f1al\u00f3 que \u201c<em><strong>en atenci\u00f3n a la comunicaci\u00f3n realizada este d\u00eda por la gobernadora Evelyn Cecia Salgado Pineda, la suscrita fiscal general del Estado es respetuosa de lo dicho por la mandataria estatal\u201d.<\/strong><\/em><\/p>\n<p>&nbsp;<\/p>\n<p>&nbsp;<\/p>\n<p>Y aclar\u00f3<em><strong>: \u201csin embargo, no debe pasar desapercibido que para m\u00ed remoci\u00f3n del cargo, se deber\u00e1n agotar los procedimientos constitucionales y legales que para tal efecto se han establecido, los cuales me permiten ejercer la garant\u00eda de audiencia y debida defensa\u201d.<\/strong><\/em><\/p>\n<p>&nbsp;<\/p>\n<p>&nbsp;<\/p>\n<p>Anunci\u00f3 que har\u00e1 valer su derecho de audiencia ante el Congreso del Estado <strong><em>\u201cpara transparentar las acciones que esta fiscal\u00eda general realiz\u00f3 por los lamentables hechos que derivaron en la muerte de Yanqui \u00abN\u00bb, il\u00edcito que se investig\u00f3 dentro de la carpeta iniciada de oficio el d\u00eda 8 de marzo de 2024, por el delito de homicidio calificado\u201d.<\/em><\/strong><\/p>\n<p>&nbsp;<\/p>\n<p>&nbsp;<\/p>\n<p>No omito se\u00f1alar, \u201c<em><strong>Que la fiscal\u00eda general del Estado que encabez\u00f3 continuar\u00e1 desempe\u00f1ando la funci\u00f3n constitucional de investigaci\u00f3n y esclarecimiento de los hechos, promoviendo la defensa de los intereses de la sociedad en beneficio de la ciudadan\u00eda guerrerense\u201d.<\/strong><\/em><\/p>\n<p>&nbsp;<\/p>\n<p>PUBLICADO EL 15 DE MARZO DE 2024\/\/ Con informaci\u00f3n medios locales)<\/p>\n","protected":false},"excerpt":{"rendered":"<p>CHILPANCINGO, GUERRERO.MX. \u2014 Sandra Luz Valdovinos Salmer\u00f3n, fiscal general del Estado de Guerrero, rechaz\u00f3 la&#8230;<\/p>\n","protected":false},"author":1,"featured_media":185562,"comment_status":"open","ping_status":"open","sticky":false,"template":"","format":"standard","meta":{"_monsterinsights_skip_tracking":false,"_monsterinsights_sitenote_active":false,"_monsterinsights_sitenote_note":"","_monsterinsights_sitenote_category":0,"footnotes":""},"categories":[5],"tags":[],"class_list":["post"],"yoast_head":" \n<title>Sonora en Equipo. Rechaza fiscal de Guerrero abandonar su cargo Rep\u00fablica<\/title>\n<meta name=\"description\" content=\"CHILPANCINGO, GUERRERO.MX. \u2014 Sandra Luz Valdovinos Salmer\u00f3n, fiscal general del Estado de Guerrero, rechaz\u00f3 la petici\u00f3n de la gobernadora Evelyn Salgado En Sonora en Equipo publicamos toda la informaci\u00f3n de Sonora, M\u00e9xico y el Mundo de manera oportuna y busca que la libertad de expresi\u00f3n sea real. Visita nuestro medio informativo publicado desde Hermosillo, Sonora. %\" \/>\n<meta name=\"robots\" content=\"index, follow, max-snippet:-1, max-image-preview:large, max-video-preview:-1\" \/>\n<link rel=\"canonical\" href=\"https:\/\/www.sonoraenequipo.com.mx\/rechaza-fiscal-de-guerrero-abandonar-su-cargo\/\" \/>\n<meta property=\"og:locale\" content=\"es_ES\" \/>\n<meta property=\"og:type\" content=\"article\" \/>\n<meta property=\"og:title\" content=\"Sonora en Equipo. Rechaza fiscal de Guerrero abandonar su cargo Rep\u00fablica\" \/>\n<meta property=\"og:description\" content=\"CHILPANCINGO, GUERRERO.MX. \u2014 Sandra Luz Valdovinos Salmer\u00f3n, fiscal general del Estado de Guerrero, rechaz\u00f3 la petici\u00f3n de la gobernadora Evelyn Salgado En Sonora en Equipo publicamos toda la informaci\u00f3n de Sonora, M\u00e9xico y el Mundo de manera oportuna y busca que la libertad de expresi\u00f3n sea real. Visita nuestro medio informativo publicado desde Hermosillo, Sonora. %\" \/>\n<meta property=\"og:url\" content=\"https:\/\/www.sonoraenequipo.com.mx\/rechaza-fiscal-de-guerrero-abandonar-su-cargo\/\" \/>\n<meta property=\"og:site_name\" content=\"Sonora en Equipo.\" \/>\n<meta property=\"article:publisher\" content=\"https:\/\/www.facebook.com\/SonoraEE\/\" \/>\n<meta property=\"article:author\" content=\"https:\/\/www.facebook.com\/SonoraEE\" \/>\n<meta property=\"article:published_time\" content=\"2024-03-16T03:31:40+00:00\" \/>\n<meta property=\"article:modified_time\" content=\"2024-03-16T03:31:43+00:00\" \/>\n<meta property=\"og:image\" content=\"https:\/\/www.sonoraenequipo.com.mx\/storage\/2024\/03\/fiscalia-de-guerrero-min-1.jpg\" \/>\n\t<meta property=\"og:image:width\" content=\"1148\" \/>\n\t<meta property=\"og:image:height\" content=\"672\" \/>\n\t<meta property=\"og:image:type\" content=\"image\/jpeg\" \/>\n<meta name=\"author\" content=\"enequipo\" \/>\n<meta name=\"twitter:card\" content=\"summary_large_image\" \/>\n<meta name=\"twitter:creator\" content=\"@sonoraenequipo\" \/>\n<meta name=\"twitter:site\" content=\"@sonoraenequipo\" \/>\n<meta name=\"twitter:label1\" content=\"Escrito por\" \/>\n\t<meta name=\"twitter:data1\" content=\"enequipo\" \/>\n\t<meta name=\"twitter:label2\" content=\"Tiempo de lectura\" \/>\n\t<meta name=\"twitter:data2\" content=\"1 minuto\" \/>\n<script type=\"application\/ld+json\" class=\"yoast-schema-graph\">{\"@context\":\"https:\/\/schema.org\",\"@graph\":[{\"@type\":\"Article\",\"@id\":\"https:\/\/www.sonoraenequipo.com.mx\/rechaza-fiscal-de-guerrero-abandonar-su-cargo\/#article\",\"isPartOf\":{\"@id\":\"https:\/\/www.sonoraenequipo.com.mx\/rechaza-fiscal-de-guerrero-abandonar-su-cargo\/\"},\"author\":{\"name\":\"enequipo\",\"@id\":\"https:\/\/www.sonoraenequipo.com.mx\/#\/schema\/person\/50102df0fb23a8fa9e8effad8fa81386\"},\"headline\":\"Rechaza fiscal de Guerrero abandonar su cargo\",\"datePublished\":\"2024-03-16T03:31:40+00:00\",\"dateModified\":\"2024-03-16T03:31:43+00:00\",\"mainEntityOfPage\":{\"@id\":\"https:\/\/www.sonoraenequipo.com.mx\/rechaza-fiscal-de-guerrero-abandonar-su-cargo\/\"},\"wordCount\":286,\"commentCount\":0,\"publisher\":{\"@id\":\"https:\/\/www.sonoraenequipo.com.mx\/#organization\"},\"image\":{\"@id\":\"https:\/\/www.sonoraenequipo.com.mx\/rechaza-fiscal-de-guerrero-abandonar-su-cargo\/#primaryimage\"},\"thumbnailUrl\":\"https:\/\/www.sonoraenequipo.com.mx\/storage\/2024\/03\/fiscalia-de-guerrero-min-1.jpg\",\"articleSection\":[\"Rep\u00fablica\"],\"inLanguage\":\"es\",\"potentialAction\":[{\"@type\":\"CommentAction\",\"name\":\"Comment\",\"target\":[\"https:\/\/www.sonoraenequipo.com.mx\/rechaza-fiscal-de-guerrero-abandonar-su-cargo\/#respond\"]}]},{\"@type\":\"WebPage\",\"@id\":\"https:\/\/www.sonoraenequipo.com.mx\/rechaza-fiscal-de-guerrero-abandonar-su-cargo\/\",\"url\":\"https:\/\/www.sonoraenequipo.com.mx\/rechaza-fiscal-de-guerrero-abandonar-su-cargo\/\",\"name\":\"Sonora en Equipo. Rechaza fiscal de Guerrero abandonar su cargo Rep\u00fablica\",\"isPartOf\":{\"@id\":\"https:\/\/www.sonoraenequipo.com.mx\/#website\"},\"primaryImageOfPage\":{\"@id\":\"https:\/\/www.sonoraenequipo.com.mx\/rechaza-fiscal-de-guerrero-abandonar-su-cargo\/#primaryimage\"},\"image\":{\"@id\":\"https:\/\/www.sonoraenequipo.com.mx\/rechaza-fiscal-de-guerrero-abandonar-su-cargo\/#primaryimage\"},\"thumbnailUrl\":\"https:\/\/www.sonoraenequipo.com.mx\/storage\/2024\/03\/fiscalia-de-guerrero-min-1.jpg\",\"datePublished\":\"2024-03-16T03:31:40+00:00\",\"dateModified\":\"2024-03-16T03:31:43+00:00\",\"description\":\"CHILPANCINGO, GUERRERO.MX. \u2014 Sandra Luz Valdovinos Salmer\u00f3n, fiscal general del Estado de Guerrero, rechaz\u00f3 la petici\u00f3n de la gobernadora Evelyn Salgado En Sonora en Equipo publicamos toda la informaci\u00f3n de Sonora, M\u00e9xico y el Mundo de manera oportuna y busca que la libertad de expresi\u00f3n sea real. Visita nuestro medio informativo publicado desde Hermosillo, Sonora. %\",\"breadcrumb\":{\"@id\":\"https:\/\/www.sonoraenequipo.com.mx\/rechaza-fiscal-de-guerrero-abandonar-su-cargo\/#breadcrumb\"},\"inLanguage\":\"es\",\"potentialAction\":[{\"@type\":\"ReadAction\",\"target\":[\"https:\/\/www.sonoraenequipo.com.mx\/rechaza-fiscal-de-guerrero-abandonar-su-cargo\/\"]}]},{\"@type\":\"ImageObject\",\"inLanguage\":\"es\",\"@id\":\"https:\/\/www.sonoraenequipo.com.mx\/rechaza-fiscal-de-guerrero-abandonar-su-cargo\/#primaryimage\",\"url\":\"https:\/\/www.sonoraenequipo.com.mx\/storage\/2024\/03\/fiscalia-de-guerrero-min-1.jpg\",\"contentUrl\":\"https:\/\/www.sonoraenequipo.com.mx\/storage\/2024\/03\/fiscalia-de-guerrero-min-1.jpg\",\"width\":1148,\"height\":672},{\"@type\":\"BreadcrumbList\",\"@id\":\"https:\/\/www.sonoraenequipo.com.mx\/rechaza-fiscal-de-guerrero-abandonar-su-cargo\/#breadcrumb\",\"itemListElement\":[{\"@type\":\"ListItem\",\"position\":1,\"name\":\"Portada\",\"item\":\"https:\/\/www.sonoraenequipo.com.mx\/\"},{\"@type\":\"ListItem\",\"position\":2,\"name\":\"Rechaza fiscal de Guerrero abandonar su cargo\"}]},{\"@type\":\"WebSite\",\"@id\":\"https:\/\/www.sonoraenequipo.com.mx\/#website\",\"url\":\"https:\/\/www.sonoraenequipo.com.mx\/\",\"name\":\"Sonora en Equipo.\",\"description\":\"Diario en l\u00ednea con Noticias desde Hermosillo, Sonora\",\"publisher\":{\"@id\":\"https:\/\/www.sonoraenequipo.com.mx\/#organization\"},\"potentialAction\":[{\"@type\":\"SearchAction\",\"target\":{\"@type\":\"EntryPoint\",\"urlTemplate\":\"https:\/\/www.sonoraenequipo.com.mx\/?s={search_term_string}\"},\"query-input\":{\"@type\":\"PropertyValueSpecification\",\"valueRequired\":true,\"valueName\":\"search_term_string\"}}],\"inLanguage\":\"es\"},{\"@type\":\"Organization\",\"@id\":\"https:\/\/www.sonoraenequipo.com.mx\/#organization\",\"name\":\"Sonoraenequipo.com.mx\",\"url\":\"https:\/\/www.sonoraenequipo.com.mx\/\",\"logo\":{\"@type\":\"ImageObject\",\"inLanguage\":\"es\",\"@id\":\"https:\/\/www.sonoraenequipo.com.mx\/#\/schema\/logo\/image\/\",\"url\":\"https:\/\/www.sonoraenequipo.com.mx\/storage\/2019\/01\/sonoraenequipo_opt.png\",\"contentUrl\":\"https:\/\/www.sonoraenequipo.com.mx\/storage\/2019\/01\/sonoraenequipo_opt.png\",\"width\":375,\"height\":125,\"caption\":\"Sonoraenequipo.com.mx\"},\"image\":{\"@id\":\"https:\/\/www.sonoraenequipo.com.mx\/#\/schema\/logo\/image\/\"},\"sameAs\":[\"https:\/\/www.facebook.com\/SonoraEE\/\",\"https:\/\/x.com\/sonoraenequipo\",\"https:\/\/www.youtube.com\/channel\/UC338nW-lPEYmJQs4ZABQ1SQ\"]},{\"@type\":\"Person\",\"@id\":\"https:\/\/www.sonoraenequipo.com.mx\/#\/schema\/person\/50102df0fb23a8fa9e8effad8fa81386\",\"name\":\"enequipo\",\"image\":{\"@type\":\"ImageObject\",\"inLanguage\":\"es\",\"@id\":\"https:\/\/www.sonoraenequipo.com.mx\/#\/schema\/person\/image\/\",\"url\":\"https:\/\/secure.gravatar.com\/avatar\/049821681b589dabc0bc20695993ccebb09f5b5d4d790cd9251b97faac7c652b?s=96&d=blank&r=g\",\"contentUrl\":\"https:\/\/secure.gravatar.com\/avatar\/049821681b589dabc0bc20695993ccebb09f5b5d4d790cd9251b97faac7c652b?s=96&d=blank&r=g\",\"caption\":\"enequipo\"},\"sameAs\":[\"https:\/\/www.facebook.com\/SonoraEE\"]}]}<\/script>\n ","yoast_head_json":{"title":"Sonora en Equipo. Rechaza fiscal de Guerrero abandonar su cargo Rep\u00fablica","description":"CHILPANCINGO, GUERRERO.MX. \u2014 Sandra Luz Valdovinos Salmer\u00f3n, fiscal general del Estado de Guerrero, rechaz\u00f3 la petici\u00f3n de la gobernadora Evelyn Salgado En Sonora en Equipo publicamos toda la informaci\u00f3n de Sonora, M\u00e9xico y el Mundo de manera oportuna y busca que la libertad de expresi\u00f3n sea real. Visita nuestro medio informativo publicado desde Hermosillo, Sonora. %","robots":{"index":"index","follow":"follow","max-snippet":"max-snippet:-1","max-image-preview":"max-image-preview:large","max-video-preview":"max-video-preview:-1"},"canonical":"https:\/\/www.sonoraenequipo.com.mx\/rechaza-fiscal-de-guerrero-abandonar-su-cargo\/","og_locale":"es_ES","og_type":"article","og_title":"Sonora en Equipo. Rechaza fiscal de Guerrero abandonar su cargo Rep\u00fablica","og_description":"CHILPANCINGO, GUERRERO.MX. \u2014 Sandra Luz Valdovinos Salmer\u00f3n, fiscal general del Estado de Guerrero, rechaz\u00f3 la petici\u00f3n de la gobernadora Evelyn Salgado En Sonora en Equipo publicamos toda la informaci\u00f3n de Sonora, M\u00e9xico y el Mundo de manera oportuna y busca que la libertad de expresi\u00f3n sea real. Visita nuestro medio informativo publicado desde Hermosillo, Sonora. %","og_url":"https:\/\/www.sonoraenequipo.com.mx\/rechaza-fiscal-de-guerrero-abandonar-su-cargo\/","og_site_name":"Sonora en Equipo.","article_publisher":"https:\/\/www.facebook.com\/SonoraEE\/","article_author":"https:\/\/www.facebook.com\/SonoraEE","article_published_time":"2024-03-16T03:31:40+00:00","article_modified_time":"2024-03-16T03:31:43+00:00","og_image":[{"width":1148,"height":672,"url":"https:\/\/www.sonoraenequipo.com.mx\/storage\/2024\/03\/fiscalia-de-guerrero-min-1.jpg","type":"image\/jpeg"}],"author":"enequipo","twitter_card":"summary_large_image","twitter_creator":"@sonoraenequipo","twitter_site":"@sonoraenequipo","twitter_misc":{"Escrito por":"enequipo","Tiempo de lectura":"1 minuto"},"schema":{"@context":"https:\/\/schema.org","@graph":[{"@type":"Article","@id":"https:\/\/www.sonoraenequipo.com.mx\/rechaza-fiscal-de-guerrero-abandonar-su-cargo\/#article","isPartOf":{"@id":"https:\/\/www.sonoraenequipo.com.mx\/rechaza-fiscal-de-guerrero-abandonar-su-cargo\/"},"author":{"name":"enequipo","@id":"https:\/\/www.sonoraenequipo.com.mx\/#\/schema\/person\/50102df0fb23a8fa9e8effad8fa81386"},"headline":"Rechaza fiscal de Guerrero abandonar su cargo","datePublished":"2024-03-16T03:31:40+00:00","dateModified":"2024-03-16T03:31:43+00:00","mainEntityOfPage":{"@id":"https:\/\/www.sonoraenequipo.com.mx\/rechaza-fiscal-de-guerrero-abandonar-su-cargo\/"},"wordCount":286,"commentCount":0,"publisher":{"@id":"https:\/\/www.sonoraenequipo.com.mx\/#organization"},"image":{"@id":"https:\/\/www.sonoraenequipo.com.mx\/rechaza-fiscal-de-guerrero-abandonar-su-cargo\/#primaryimage"},"thumbnailUrl":"https:\/\/www.sonoraenequipo.com.mx\/storage\/2024\/03\/fiscalia-de-guerrero-min-1.jpg","articleSection":["Rep\u00fablica"],"inLanguage":"es","potentialAction":[{"@type":"CommentAction","name":"Comment","target":["https:\/\/www.sonoraenequipo.com.mx\/rechaza-fiscal-de-guerrero-abandonar-su-cargo\/#respond"]}]},{"@type":"WebPage","@id":"https:\/\/www.sonoraenequipo.com.mx\/rechaza-fiscal-de-guerrero-abandonar-su-cargo\/","url":"https:\/\/www.sonoraenequipo.com.mx\/rechaza-fiscal-de-guerrero-abandonar-su-cargo\/","name":"Sonora en Equipo. Rechaza fiscal de Guerrero abandonar su cargo Rep\u00fablica","isPartOf":{"@id":"https:\/\/www.sonoraenequipo.com.mx\/#website"},"primaryImageOfPage":{"@id":"https:\/\/www.sonoraenequipo.com.mx\/rechaza-fiscal-de-guerrero-abandonar-su-cargo\/#primaryimage"},"image":{"@id":"https:\/\/www.sonoraenequipo.com.mx\/rechaza-fiscal-de-guerrero-abandonar-su-cargo\/#primaryimage"},"thumbnailUrl":"https:\/\/www.sonoraenequipo.com.mx\/storage\/2024\/03\/fiscalia-de-guerrero-min-1.jpg","datePublished":"2024-03-16T03:31:40+00:00","dateModified":"2024-03-16T03:31:43+00:00","description":"CHILPANCINGO, GUERRERO.MX. \u2014 Sandra Luz Valdovinos Salmer\u00f3n, fiscal general del Estado de Guerrero, rechaz\u00f3 la petici\u00f3n de la gobernadora Evelyn Salgado En Sonora en Equipo publicamos toda la informaci\u00f3n de Sonora, M\u00e9xico y el Mundo de manera oportuna y busca que la libertad de expresi\u00f3n sea real. Visita nuestro medio informativo publicado desde Hermosillo, Sonora. %","breadcrumb":{"@id":"https:\/\/www.sonoraenequipo.com.mx\/rechaza-fiscal-de-guerrero-abandonar-su-cargo\/#breadcrumb"},"inLanguage":"es","potentialAction":[{"@type":"ReadAction","target":["https:\/\/www.sonoraenequipo.com.mx\/rechaza-fiscal-de-guerrero-abandonar-su-cargo\/"]}]},{"@type":"ImageObject","inLanguage":"es","@id":"https:\/\/www.sonoraenequipo.com.mx\/rechaza-fiscal-de-guerrero-abandonar-su-cargo\/#primaryimage","url":"https:\/\/www.sonoraenequipo.com.mx\/storage\/2024\/03\/fiscalia-de-guerrero-min-1.jpg","contentUrl":"https:\/\/www.sonoraenequipo.com.mx\/storage\/2024\/03\/fiscalia-de-guerrero-min-1.jpg","width":1148,"height":672},{"@type":"BreadcrumbList","@id":"https:\/\/www.sonoraenequipo.com.mx\/rechaza-fiscal-de-guerrero-abandonar-su-cargo\/#breadcrumb","itemListElement":[{"@type":"ListItem","position":1,"name":"Portada","item":"https:\/\/www.sonoraenequipo.com.mx\/"},{"@type":"ListItem","position":2,"name":"Rechaza fiscal de Guerrero abandonar su cargo"}]},{"@type":"WebSite","@id":"https:\/\/www.sonoraenequipo.com.mx\/#website","url":"https:\/\/www.sonoraenequipo.com.mx\/","name":"Sonora en Equipo.","description":"Diario en l\u00ednea con Noticias desde Hermosillo, Sonora","publisher":{"@id":"https:\/\/www.sonoraenequipo.com.mx\/#organization"},"potentialAction":[{"@type":"SearchAction","target":{"@type":"EntryPoint","urlTemplate":"https:\/\/www.sonoraenequipo.com.mx\/?s={search_term_string}"},"query-input":{"@type":"PropertyValueSpecification","valueRequired":true,"valueName":"search_term_string"}}],"inLanguage":"es"},{"@type":"Organization","@id":"https:\/\/www.sonoraenequipo.com.mx\/#organization","name":"Sonoraenequipo.com.mx","url":"https:\/\/www.sonoraenequipo.com.mx\/","logo":{"@type":"ImageObject","inLanguage":"es","@id":"https:\/\/www.sonoraenequipo.com.mx\/#\/schema\/logo\/image\/","url":"https:\/\/www.sonoraenequipo.com.mx\/storage\/2019\/01\/sonoraenequipo_opt.png","contentUrl":"https:\/\/www.sonoraenequipo.com.mx\/storage\/2019\/01\/sonoraenequipo_opt.png","width":375,"height":125,"caption":"Sonoraenequipo.com.mx"},"image":{"@id":"https:\/\/www.sonoraenequipo.com.mx\/#\/schema\/logo\/image\/"},"sameAs":["https:\/\/www.facebook.com\/SonoraEE\/","https:\/\/x.com\/sonoraenequipo","https:\/\/www.youtube.com\/channel\/UC338nW-lPEYmJQs4ZABQ1SQ"]},{"@type":"Person","@id":"https:\/\/www.sonoraenequipo.com.mx\/#\/schema\/person\/50102df0fb23a8fa9e8effad8fa81386","name":"enequipo","image":{"@type":"ImageObject","inLanguage":"es","@id":"https:\/\/www.sonoraenequipo.com.mx\/#\/schema\/person\/image\/","url":"https:\/\/secure.gravatar.com\/avatar\/049821681b589dabc0bc20695993ccebb09f5b5d4d790cd9251b97faac7c652b?s=96&d=blank&r=g","contentUrl":"https:\/\/secure.gravatar.com\/avatar\/049821681b589dabc0bc20695993ccebb09f5b5d4d790cd9251b97faac7c652b?s=96&d=blank&r=g","caption":"enequipo"},"sameAs":["https:\/\/www.facebook.com\/SonoraEE"]}]}},"jetpack_featured_media_url":"https:\/\/www.sonoraenequipo.com.mx\/storage\/2024\/03\/fiscalia-de-guerrero-min-1.jpg","_links":{"self":[{"href":"https:\/\/www.sonoraenequipo.com.mx\/api\/wp\/v2\/posts\/185561","targetHints":{"allow":["GET"]}}],"collection":[{"href":"https:\/\/www.sonoraenequipo.com.mx\/api\/wp\/v2\/posts"}],"about":[{"href":"https:\/\/www.sonoraenequipo.com.mx\/api\/wp\/v2\/types\/post"}],"author":[{"embeddable":true,"href":"https:\/\/www.sonoraenequipo.com.mx\/api\/wp\/v2\/users\/1"}],"replies":[{"embeddable":true,"href":"https:\/\/www.sonoraenequipo.com.mx\/api\/wp\/v2\/comments?post=185561"}],"version-history":[{"count":1,"href":"https:\/\/www.sonoraenequipo.com.mx\/api\/wp\/v2\/posts\/185561\/revisions"}],"predecessor-version":[{"id":185564,"href":"https:\/\/www.sonoraenequipo.com.mx\/api\/wp\/v2\/posts\/185561\/revisions\/185564"}],"wp:featuredmedia":[{"embeddable":true,"href":"https:\/\/www.sonoraenequipo.com.mx\/api\/wp\/v2\/media\/185562"}],"wp:attachment":[{"href":"https:\/\/www.sonoraenequipo.com.mx\/api\/wp\/v2\/media?parent=185561"}],"wp:term":[{"taxonomy":"category","embeddable":true,"href":"https:\/\/www.sonoraenequipo.com.mx\/api\/wp\/v2\/categories?post=185561"},{"taxonomy":"post_tag","embeddable":true,"href":"https:\/\/www.sonoraenequipo.com.mx\/api\/wp\/v2\/tags?post=185561"}],"curies":[{"name":"wp","href":"https:\/\/api.w.org\/{rel}","templated":true}]}}