{"id":185569,"date":"2024-03-16T12:48:55","date_gmt":"2024-03-16T19:48:55","guid":{"rendered":"https:\/\/www.sonoraenequipo.com.mx\/?p=185569"},"modified":"2024-03-16T12:48:55","modified_gmt":"2024-03-16T19:48:55","slug":"sindicato-de-vw-logra-acuerdo-para-levantar-paro-productivo-en-el-sector-tiguan","status":"publish","type":"post","link":"https:\/\/www.sonoraenequipo.com.mx\/sindicato-de-vw-logra-acuerdo-para-levantar-paro-productivo-en-el-sector-tiguan\/","title":{"rendered":"Sindicato de VW logra acuerdo para levantar paro productivo en el sector Tiguan"},"content":{"rendered":"<p>En un comunicado el sindicato de Sindicato Independiente de Trabajadores de la Industria Automotriz, Similares y Conexos \u00abVolkswagen de M\u00e9xico\u00bb, inform\u00f3 que el d\u00eda mi\u00e9rcoles 13 de marzo del presente a\u00f1o en la Ciudad de M\u00e9xico, ante el Centro Federal de Conciliaci\u00f3n y Registro Laboral iniciamos las pl\u00e1ticas con la Empresa, para clarificar el tema del PARO PRODUCTIVO aplicado al GRUPO \u201cC\u201d del SEGMENTO 2 TIGUAN,<\/p>\n<p>Llegando al siguiente Acuerdo:<\/p>\n<ol>\n<li>La Empresa otorgar\u00e1 al personal t\u00e9cnico del Grupo \u201cC\u201d del Segmento 2, UN PAGO \u00daNICO NETO, libre de Impuesto, equivalente a m\u00e1s de dos pagos \u00fanicos, a m\u00e1s tardar el d\u00eda 27 de Marzo del 2024.<\/li>\n<li>La Empresa cubrir\u00e1 el 100% (cien por ciento) de los salarios a todo el personal t\u00e9cnico del Grupo \u201cC\u201d del Segmento 2, que se encuentra en PARO PRODUCTIVO durante la semana 11.<\/li>\n<li>El Grupo \u201cC\u201d del Segmento 2 (TIGUAN) se asignar\u00e1 al Segundo Turno del SEGMENTO 1, iniciando el d\u00eda 19 de marzo del 2024 y permanecer\u00e1 en dicho turno por 5 semanas (hasta la semana 16 inclusive) y posteriormente rotar\u00e1 en el ESQUEMA NORMAL DE TURNOS del Segmento 1, hasta el fin<\/li>\n<\/ol>\n<p><strong><em><u>Fecha de publicaci\u00f3n<\/u><\/em><\/strong><strong><em><u> s\u00e1bado 16 de marzo de 2024<\/u><\/em><\/strong><\/p>\n","protected":false},"excerpt":{"rendered":"<p>En un comunicado el sindicato de Sindicato Independiente de Trabajadores de la Industria Automotriz, Similares&#8230;<\/p>\n","protected":false},"author":1,"featured_media":185570,"comment_status":"open","ping_status":"open","sticky":false,"template":"","format":"standard","meta":{"_monsterinsights_skip_tracking":false,"_monsterinsights_sitenote_active":false,"_monsterinsights_sitenote_note":"","_monsterinsights_sitenote_category":0,"footnotes":""},"categories":[6493],"tags":[9430,9429],"class_list":["post"],"yoast_head":" \n<title>Sonora en Equipo. Sindicato de VW logra acuerdo para levantar paro productivo en el sector Tiguan PALABRAS Y N\u00daMEROS<\/title>\n<meta name=\"description\" content=\"En un comunicado el sindicato de Sindicato Independiente de Trabajadores de la Industria Automotriz, Similares y Conexos &quot;Volkswagen de M\u00e9xico&quot;, inform\u00f3 En Sonora en Equipo publicamos toda la informaci\u00f3n de Sonora, M\u00e9xico y el Mundo de manera oportuna y busca que la libertad de expresi\u00f3n sea real. Visita nuestro medio informativo publicado desde Hermosillo, Sonora. %\" \/>\n<meta name=\"robots\" content=\"index, follow, max-snippet:-1, max-image-preview:large, max-video-preview:-1\" \/>\n<link rel=\"canonical\" href=\"https:\/\/www.sonoraenequipo.com.mx\/sindicato-de-vw-logra-acuerdo-para-levantar-paro-productivo-en-el-sector-tiguan\/\" \/>\n<meta property=\"og:locale\" content=\"es_ES\" \/>\n<meta property=\"og:type\" content=\"article\" \/>\n<meta property=\"og:title\" content=\"Sonora en Equipo. Sindicato de VW logra acuerdo para levantar paro productivo en el sector Tiguan PALABRAS Y N\u00daMEROS\" \/>\n<meta property=\"og:description\" content=\"En un comunicado el sindicato de Sindicato Independiente de Trabajadores de la Industria Automotriz, Similares y Conexos &quot;Volkswagen de M\u00e9xico&quot;, inform\u00f3 En Sonora en Equipo publicamos toda la informaci\u00f3n de Sonora, M\u00e9xico y el Mundo de manera oportuna y busca que la libertad de expresi\u00f3n sea real. Visita nuestro medio informativo publicado desde Hermosillo, Sonora. %\" \/>\n<meta property=\"og:url\" content=\"https:\/\/www.sonoraenequipo.com.mx\/sindicato-de-vw-logra-acuerdo-para-levantar-paro-productivo-en-el-sector-tiguan\/\" \/>\n<meta property=\"og:site_name\" content=\"Sonora en Equipo.\" \/>\n<meta property=\"article:publisher\" content=\"https:\/\/www.facebook.com\/SonoraEE\/\" \/>\n<meta property=\"article:author\" content=\"https:\/\/www.facebook.com\/SonoraEE\" \/>\n<meta property=\"article:published_time\" content=\"2024-03-16T19:48:55+00:00\" \/>\n<meta property=\"og:image\" content=\"https:\/\/www.sonoraenequipo.com.mx\/storage\/2024\/03\/VW.jpg\" \/>\n\t<meta property=\"og:image:width\" content=\"600\" \/>\n\t<meta property=\"og:image:height\" content=\"400\" \/>\n\t<meta property=\"og:image:type\" content=\"image\/jpeg\" \/>\n<meta name=\"author\" content=\"enequipo\" \/>\n<meta name=\"twitter:card\" content=\"summary_large_image\" \/>\n<meta name=\"twitter:creator\" content=\"@sonoraenequipo\" \/>\n<meta name=\"twitter:site\" content=\"@sonoraenequipo\" \/>\n<meta name=\"twitter:label1\" content=\"Escrito por\" \/>\n\t<meta name=\"twitter:data1\" content=\"enequipo\" \/>\n\t<meta name=\"twitter:label2\" content=\"Tiempo de lectura\" \/>\n\t<meta name=\"twitter:data2\" content=\"1 minuto\" \/>\n<script type=\"application\/ld+json\" class=\"yoast-schema-graph\">{\"@context\":\"https:\/\/schema.org\",\"@graph\":[{\"@type\":\"Article\",\"@id\":\"https:\/\/www.sonoraenequipo.com.mx\/sindicato-de-vw-logra-acuerdo-para-levantar-paro-productivo-en-el-sector-tiguan\/#article\",\"isPartOf\":{\"@id\":\"https:\/\/www.sonoraenequipo.com.mx\/sindicato-de-vw-logra-acuerdo-para-levantar-paro-productivo-en-el-sector-tiguan\/\"},\"author\":{\"name\":\"enequipo\",\"@id\":\"https:\/\/www.sonoraenequipo.com.mx\/#\/schema\/person\/50102df0fb23a8fa9e8effad8fa81386\"},\"headline\":\"Sindicato de VW logra acuerdo para levantar paro productivo en el sector Tiguan\",\"datePublished\":\"2024-03-16T19:48:55+00:00\",\"mainEntityOfPage\":{\"@id\":\"https:\/\/www.sonoraenequipo.com.mx\/sindicato-de-vw-logra-acuerdo-para-levantar-paro-productivo-en-el-sector-tiguan\/\"},\"wordCount\":209,\"commentCount\":0,\"publisher\":{\"@id\":\"https:\/\/www.sonoraenequipo.com.mx\/#organization\"},\"image\":{\"@id\":\"https:\/\/www.sonoraenequipo.com.mx\/sindicato-de-vw-logra-acuerdo-para-levantar-paro-productivo-en-el-sector-tiguan\/#primaryimage\"},\"thumbnailUrl\":\"https:\/\/www.sonoraenequipo.com.mx\/storage\/2024\/03\/VW.jpg\",\"keywords\":[\"Tiguan\",\"VW\"],\"articleSection\":[\"PALABRAS Y N\u00daMEROS\"],\"inLanguage\":\"es\",\"potentialAction\":[{\"@type\":\"CommentAction\",\"name\":\"Comment\",\"target\":[\"https:\/\/www.sonoraenequipo.com.mx\/sindicato-de-vw-logra-acuerdo-para-levantar-paro-productivo-en-el-sector-tiguan\/#respond\"]}]},{\"@type\":\"WebPage\",\"@id\":\"https:\/\/www.sonoraenequipo.com.mx\/sindicato-de-vw-logra-acuerdo-para-levantar-paro-productivo-en-el-sector-tiguan\/\",\"url\":\"https:\/\/www.sonoraenequipo.com.mx\/sindicato-de-vw-logra-acuerdo-para-levantar-paro-productivo-en-el-sector-tiguan\/\",\"name\":\"Sonora en Equipo. Sindicato de VW logra acuerdo para levantar paro productivo en el sector Tiguan PALABRAS Y N\u00daMEROS\",\"isPartOf\":{\"@id\":\"https:\/\/www.sonoraenequipo.com.mx\/#website\"},\"primaryImageOfPage\":{\"@id\":\"https:\/\/www.sonoraenequipo.com.mx\/sindicato-de-vw-logra-acuerdo-para-levantar-paro-productivo-en-el-sector-tiguan\/#primaryimage\"},\"image\":{\"@id\":\"https:\/\/www.sonoraenequipo.com.mx\/sindicato-de-vw-logra-acuerdo-para-levantar-paro-productivo-en-el-sector-tiguan\/#primaryimage\"},\"thumbnailUrl\":\"https:\/\/www.sonoraenequipo.com.mx\/storage\/2024\/03\/VW.jpg\",\"datePublished\":\"2024-03-16T19:48:55+00:00\",\"description\":\"En un comunicado el sindicato de Sindicato Independiente de Trabajadores de la Industria Automotriz, Similares y Conexos \\\"Volkswagen de M\u00e9xico\\\", inform\u00f3 En Sonora en Equipo publicamos toda la informaci\u00f3n de Sonora, M\u00e9xico y el Mundo de manera oportuna y busca que la libertad de expresi\u00f3n sea real. Visita nuestro medio informativo publicado desde Hermosillo, Sonora. %\",\"breadcrumb\":{\"@id\":\"https:\/\/www.sonoraenequipo.com.mx\/sindicato-de-vw-logra-acuerdo-para-levantar-paro-productivo-en-el-sector-tiguan\/#breadcrumb\"},\"inLanguage\":\"es\",\"potentialAction\":[{\"@type\":\"ReadAction\",\"target\":[\"https:\/\/www.sonoraenequipo.com.mx\/sindicato-de-vw-logra-acuerdo-para-levantar-paro-productivo-en-el-sector-tiguan\/\"]}]},{\"@type\":\"ImageObject\",\"inLanguage\":\"es\",\"@id\":\"https:\/\/www.sonoraenequipo.com.mx\/sindicato-de-vw-logra-acuerdo-para-levantar-paro-productivo-en-el-sector-tiguan\/#primaryimage\",\"url\":\"https:\/\/www.sonoraenequipo.com.mx\/storage\/2024\/03\/VW.jpg\",\"contentUrl\":\"https:\/\/www.sonoraenequipo.com.mx\/storage\/2024\/03\/VW.jpg\",\"width\":600,\"height\":400},{\"@type\":\"BreadcrumbList\",\"@id\":\"https:\/\/www.sonoraenequipo.com.mx\/sindicato-de-vw-logra-acuerdo-para-levantar-paro-productivo-en-el-sector-tiguan\/#breadcrumb\",\"itemListElement\":[{\"@type\":\"ListItem\",\"position\":1,\"name\":\"Portada\",\"item\":\"https:\/\/www.sonoraenequipo.com.mx\/\"},{\"@type\":\"ListItem\",\"position\":2,\"name\":\"Sindicato de VW logra acuerdo para levantar paro productivo en el sector Tiguan\"}]},{\"@type\":\"WebSite\",\"@id\":\"https:\/\/www.sonoraenequipo.com.mx\/#website\",\"url\":\"https:\/\/www.sonoraenequipo.com.mx\/\",\"name\":\"Sonora en Equipo.\",\"description\":\"Diario en l\u00ednea con Noticias desde Hermosillo, Sonora\",\"publisher\":{\"@id\":\"https:\/\/www.sonoraenequipo.com.mx\/#organization\"},\"potentialAction\":[{\"@type\":\"SearchAction\",\"target\":{\"@type\":\"EntryPoint\",\"urlTemplate\":\"https:\/\/www.sonoraenequipo.com.mx\/?s={search_term_string}\"},\"query-input\":{\"@type\":\"PropertyValueSpecification\",\"valueRequired\":true,\"valueName\":\"search_term_string\"}}],\"inLanguage\":\"es\"},{\"@type\":\"Organization\",\"@id\":\"https:\/\/www.sonoraenequipo.com.mx\/#organization\",\"name\":\"Sonoraenequipo.com.mx\",\"url\":\"https:\/\/www.sonoraenequipo.com.mx\/\",\"logo\":{\"@type\":\"ImageObject\",\"inLanguage\":\"es\",\"@id\":\"https:\/\/www.sonoraenequipo.com.mx\/#\/schema\/logo\/image\/\",\"url\":\"https:\/\/www.sonoraenequipo.com.mx\/storage\/2019\/01\/sonoraenequipo_opt.png\",\"contentUrl\":\"https:\/\/www.sonoraenequipo.com.mx\/storage\/2019\/01\/sonoraenequipo_opt.png\",\"width\":375,\"height\":125,\"caption\":\"Sonoraenequipo.com.mx\"},\"image\":{\"@id\":\"https:\/\/www.sonoraenequipo.com.mx\/#\/schema\/logo\/image\/\"},\"sameAs\":[\"https:\/\/www.facebook.com\/SonoraEE\/\",\"https:\/\/x.com\/sonoraenequipo\",\"https:\/\/www.youtube.com\/channel\/UC338nW-lPEYmJQs4ZABQ1SQ\"]},{\"@type\":\"Person\",\"@id\":\"https:\/\/www.sonoraenequipo.com.mx\/#\/schema\/person\/50102df0fb23a8fa9e8effad8fa81386\",\"name\":\"enequipo\",\"image\":{\"@type\":\"ImageObject\",\"inLanguage\":\"es\",\"@id\":\"https:\/\/www.sonoraenequipo.com.mx\/#\/schema\/person\/image\/\",\"url\":\"https:\/\/secure.gravatar.com\/avatar\/049821681b589dabc0bc20695993ccebb09f5b5d4d790cd9251b97faac7c652b?s=96&d=blank&r=g\",\"contentUrl\":\"https:\/\/secure.gravatar.com\/avatar\/049821681b589dabc0bc20695993ccebb09f5b5d4d790cd9251b97faac7c652b?s=96&d=blank&r=g\",\"caption\":\"enequipo\"},\"sameAs\":[\"https:\/\/www.facebook.com\/SonoraEE\"]}]}<\/script>\n ","yoast_head_json":{"title":"Sonora en Equipo. Sindicato de VW logra acuerdo para levantar paro productivo en el sector Tiguan PALABRAS Y N\u00daMEROS","description":"En un comunicado el sindicato de Sindicato Independiente de Trabajadores de la Industria Automotriz, Similares y Conexos \"Volkswagen de M\u00e9xico\", inform\u00f3 En Sonora en Equipo publicamos toda la informaci\u00f3n de Sonora, M\u00e9xico y el Mundo de manera oportuna y busca que la libertad de expresi\u00f3n sea real. Visita nuestro medio informativo publicado desde Hermosillo, Sonora. %","robots":{"index":"index","follow":"follow","max-snippet":"max-snippet:-1","max-image-preview":"max-image-preview:large","max-video-preview":"max-video-preview:-1"},"canonical":"https:\/\/www.sonoraenequipo.com.mx\/sindicato-de-vw-logra-acuerdo-para-levantar-paro-productivo-en-el-sector-tiguan\/","og_locale":"es_ES","og_type":"article","og_title":"Sonora en Equipo. Sindicato de VW logra acuerdo para levantar paro productivo en el sector Tiguan PALABRAS Y N\u00daMEROS","og_description":"En un comunicado el sindicato de Sindicato Independiente de Trabajadores de la Industria Automotriz, Similares y Conexos \"Volkswagen de M\u00e9xico\", inform\u00f3 En Sonora en Equipo publicamos toda la informaci\u00f3n de Sonora, M\u00e9xico y el Mundo de manera oportuna y busca que la libertad de expresi\u00f3n sea real. Visita nuestro medio informativo publicado desde Hermosillo, Sonora. %","og_url":"https:\/\/www.sonoraenequipo.com.mx\/sindicato-de-vw-logra-acuerdo-para-levantar-paro-productivo-en-el-sector-tiguan\/","og_site_name":"Sonora en Equipo.","article_publisher":"https:\/\/www.facebook.com\/SonoraEE\/","article_author":"https:\/\/www.facebook.com\/SonoraEE","article_published_time":"2024-03-16T19:48:55+00:00","og_image":[{"width":600,"height":400,"url":"https:\/\/www.sonoraenequipo.com.mx\/storage\/2024\/03\/VW.jpg","type":"image\/jpeg"}],"author":"enequipo","twitter_card":"summary_large_image","twitter_creator":"@sonoraenequipo","twitter_site":"@sonoraenequipo","twitter_misc":{"Escrito por":"enequipo","Tiempo de lectura":"1 minuto"},"schema":{"@context":"https:\/\/schema.org","@graph":[{"@type":"Article","@id":"https:\/\/www.sonoraenequipo.com.mx\/sindicato-de-vw-logra-acuerdo-para-levantar-paro-productivo-en-el-sector-tiguan\/#article","isPartOf":{"@id":"https:\/\/www.sonoraenequipo.com.mx\/sindicato-de-vw-logra-acuerdo-para-levantar-paro-productivo-en-el-sector-tiguan\/"},"author":{"name":"enequipo","@id":"https:\/\/www.sonoraenequipo.com.mx\/#\/schema\/person\/50102df0fb23a8fa9e8effad8fa81386"},"headline":"Sindicato de VW logra acuerdo para levantar paro productivo en el sector Tiguan","datePublished":"2024-03-16T19:48:55+00:00","mainEntityOfPage":{"@id":"https:\/\/www.sonoraenequipo.com.mx\/sindicato-de-vw-logra-acuerdo-para-levantar-paro-productivo-en-el-sector-tiguan\/"},"wordCount":209,"commentCount":0,"publisher":{"@id":"https:\/\/www.sonoraenequipo.com.mx\/#organization"},"image":{"@id":"https:\/\/www.sonoraenequipo.com.mx\/sindicato-de-vw-logra-acuerdo-para-levantar-paro-productivo-en-el-sector-tiguan\/#primaryimage"},"thumbnailUrl":"https:\/\/www.sonoraenequipo.com.mx\/storage\/2024\/03\/VW.jpg","keywords":["Tiguan","VW"],"articleSection":["PALABRAS Y N\u00daMEROS"],"inLanguage":"es","potentialAction":[{"@type":"CommentAction","name":"Comment","target":["https:\/\/www.sonoraenequipo.com.mx\/sindicato-de-vw-logra-acuerdo-para-levantar-paro-productivo-en-el-sector-tiguan\/#respond"]}]},{"@type":"WebPage","@id":"https:\/\/www.sonoraenequipo.com.mx\/sindicato-de-vw-logra-acuerdo-para-levantar-paro-productivo-en-el-sector-tiguan\/","url":"https:\/\/www.sonoraenequipo.com.mx\/sindicato-de-vw-logra-acuerdo-para-levantar-paro-productivo-en-el-sector-tiguan\/","name":"Sonora en Equipo. Sindicato de VW logra acuerdo para levantar paro productivo en el sector Tiguan PALABRAS Y N\u00daMEROS","isPartOf":{"@id":"https:\/\/www.sonoraenequipo.com.mx\/#website"},"primaryImageOfPage":{"@id":"https:\/\/www.sonoraenequipo.com.mx\/sindicato-de-vw-logra-acuerdo-para-levantar-paro-productivo-en-el-sector-tiguan\/#primaryimage"},"image":{"@id":"https:\/\/www.sonoraenequipo.com.mx\/sindicato-de-vw-logra-acuerdo-para-levantar-paro-productivo-en-el-sector-tiguan\/#primaryimage"},"thumbnailUrl":"https:\/\/www.sonoraenequipo.com.mx\/storage\/2024\/03\/VW.jpg","datePublished":"2024-03-16T19:48:55+00:00","description":"En un comunicado el sindicato de Sindicato Independiente de Trabajadores de la Industria Automotriz, Similares y Conexos \"Volkswagen de M\u00e9xico\", inform\u00f3 En Sonora en Equipo publicamos toda la informaci\u00f3n de Sonora, M\u00e9xico y el Mundo de manera oportuna y busca que la libertad de expresi\u00f3n sea real. Visita nuestro medio informativo publicado desde Hermosillo, Sonora. %","breadcrumb":{"@id":"https:\/\/www.sonoraenequipo.com.mx\/sindicato-de-vw-logra-acuerdo-para-levantar-paro-productivo-en-el-sector-tiguan\/#breadcrumb"},"inLanguage":"es","potentialAction":[{"@type":"ReadAction","target":["https:\/\/www.sonoraenequipo.com.mx\/sindicato-de-vw-logra-acuerdo-para-levantar-paro-productivo-en-el-sector-tiguan\/"]}]},{"@type":"ImageObject","inLanguage":"es","@id":"https:\/\/www.sonoraenequipo.com.mx\/sindicato-de-vw-logra-acuerdo-para-levantar-paro-productivo-en-el-sector-tiguan\/#primaryimage","url":"https:\/\/www.sonoraenequipo.com.mx\/storage\/2024\/03\/VW.jpg","contentUrl":"https:\/\/www.sonoraenequipo.com.mx\/storage\/2024\/03\/VW.jpg","width":600,"height":400},{"@type":"BreadcrumbList","@id":"https:\/\/www.sonoraenequipo.com.mx\/sindicato-de-vw-logra-acuerdo-para-levantar-paro-productivo-en-el-sector-tiguan\/#breadcrumb","itemListElement":[{"@type":"ListItem","position":1,"name":"Portada","item":"https:\/\/www.sonoraenequipo.com.mx\/"},{"@type":"ListItem","position":2,"name":"Sindicato de VW logra acuerdo para levantar paro productivo en el sector Tiguan"}]},{"@type":"WebSite","@id":"https:\/\/www.sonoraenequipo.com.mx\/#website","url":"https:\/\/www.sonoraenequipo.com.mx\/","name":"Sonora en Equipo.","description":"Diario en l\u00ednea con Noticias desde Hermosillo, Sonora","publisher":{"@id":"https:\/\/www.sonoraenequipo.com.mx\/#organization"},"potentialAction":[{"@type":"SearchAction","target":{"@type":"EntryPoint","urlTemplate":"https:\/\/www.sonoraenequipo.com.mx\/?s={search_term_string}"},"query-input":{"@type":"PropertyValueSpecification","valueRequired":true,"valueName":"search_term_string"}}],"inLanguage":"es"},{"@type":"Organization","@id":"https:\/\/www.sonoraenequipo.com.mx\/#organization","name":"Sonoraenequipo.com.mx","url":"https:\/\/www.sonoraenequipo.com.mx\/","logo":{"@type":"ImageObject","inLanguage":"es","@id":"https:\/\/www.sonoraenequipo.com.mx\/#\/schema\/logo\/image\/","url":"https:\/\/www.sonoraenequipo.com.mx\/storage\/2019\/01\/sonoraenequipo_opt.png","contentUrl":"https:\/\/www.sonoraenequipo.com.mx\/storage\/2019\/01\/sonoraenequipo_opt.png","width":375,"height":125,"caption":"Sonoraenequipo.com.mx"},"image":{"@id":"https:\/\/www.sonoraenequipo.com.mx\/#\/schema\/logo\/image\/"},"sameAs":["https:\/\/www.facebook.com\/SonoraEE\/","https:\/\/x.com\/sonoraenequipo","https:\/\/www.youtube.com\/channel\/UC338nW-lPEYmJQs4ZABQ1SQ"]},{"@type":"Person","@id":"https:\/\/www.sonoraenequipo.com.mx\/#\/schema\/person\/50102df0fb23a8fa9e8effad8fa81386","name":"enequipo","image":{"@type":"ImageObject","inLanguage":"es","@id":"https:\/\/www.sonoraenequipo.com.mx\/#\/schema\/person\/image\/","url":"https:\/\/secure.gravatar.com\/avatar\/049821681b589dabc0bc20695993ccebb09f5b5d4d790cd9251b97faac7c652b?s=96&d=blank&r=g","contentUrl":"https:\/\/secure.gravatar.com\/avatar\/049821681b589dabc0bc20695993ccebb09f5b5d4d790cd9251b97faac7c652b?s=96&d=blank&r=g","caption":"enequipo"},"sameAs":["https:\/\/www.facebook.com\/SonoraEE"]}]}},"jetpack_featured_media_url":"https:\/\/www.sonoraenequipo.com.mx\/storage\/2024\/03\/VW.jpg","_links":{"self":[{"href":"https:\/\/www.sonoraenequipo.com.mx\/api\/wp\/v2\/posts\/185569","targetHints":{"allow":["GET"]}}],"collection":[{"href":"https:\/\/www.sonoraenequipo.com.mx\/api\/wp\/v2\/posts"}],"about":[{"href":"https:\/\/www.sonoraenequipo.com.mx\/api\/wp\/v2\/types\/post"}],"author":[{"embeddable":true,"href":"https:\/\/www.sonoraenequipo.com.mx\/api\/wp\/v2\/users\/1"}],"replies":[{"embeddable":true,"href":"https:\/\/www.sonoraenequipo.com.mx\/api\/wp\/v2\/comments?post=185569"}],"version-history":[{"count":1,"href":"https:\/\/www.sonoraenequipo.com.mx\/api\/wp\/v2\/posts\/185569\/revisions"}],"predecessor-version":[{"id":185571,"href":"https:\/\/www.sonoraenequipo.com.mx\/api\/wp\/v2\/posts\/185569\/revisions\/185571"}],"wp:featuredmedia":[{"embeddable":true,"href":"https:\/\/www.sonoraenequipo.com.mx\/api\/wp\/v2\/media\/185570"}],"wp:attachment":[{"href":"https:\/\/www.sonoraenequipo.com.mx\/api\/wp\/v2\/media?parent=185569"}],"wp:term":[{"taxonomy":"category","embeddable":true,"href":"https:\/\/www.sonoraenequipo.com.mx\/api\/wp\/v2\/categories?post=185569"},{"taxonomy":"post_tag","embeddable":true,"href":"https:\/\/www.sonoraenequipo.com.mx\/api\/wp\/v2\/tags?post=185569"}],"curies":[{"name":"wp","href":"https:\/\/api.w.org\/{rel}","templated":true}]}}